{"id":9991,"date":"2025-02-07T09:47:59","date_gmt":"2025-02-07T09:47:59","guid":{"rendered":"https:\/\/semanasantaferrol.com\/?p=9991"},"modified":"2025-02-07T09:51:45","modified_gmt":"2025-02-07T09:51:45","slug":"concurso-debuxo","status":"publish","type":"post","link":"https:\/\/semanasantaferrol.com\/gl\/concurso-debuxo\/","title":{"rendered":"O Grupo Novo das Angustias convoca o Concurso de Debuxo de Coresma"},"content":{"rendered":"<p>O Grupo Novo da <a href=\"https:\/\/www.cofradiadelasangustias.com\/\">Confrar\u00eda das Angustias<\/a> pon en marcha o seu &#8220;III Concurso de Debuxo de Coresma&#8221;, coas seguintes bases.<\/p>\n<p>-O debuxo deber\u00e1 estar relacionado coa Confrar\u00eda ou ben coa Semana Santa das Angustias. A data l\u00edmite de env\u00edo \u00e9 o domingo 6 de marzo.<\/p>\n<p>-Requisitos: Ter entre 4 e 16 anos e enviar os debuxos ao correo: juventudangustias@gmail.com.<\/p>\n<p>Os debuxos ga\u00f1adores ter\u00e1n premio asegurado.<\/p>\n<p>1\u00ba premio: Formar parte da felicitaci\u00f3n de Pascua deste ano. Premio sorpresa outorgado por parte do Grupo Novo. Diploma de ga\u00f1ador do concurso deste ano.<br \/>\n2\u00ba premio: Premio sorpresa outorgado por parte do Grupo Novo. Diploma clasificatorio.<br \/>\n3\u00ba premio: Premio sorpresa outorgado por parte do Grupo Novo. Diploma clasificatorio.<\/p>\n<p>Ademais, todos os debuxos enviados ser\u00e1n publicados no Instagram do Grupo Novo e recibir\u00e1n un diploma de participaci\u00f3n.<\/p>\n<p><img fetchpriority=\"high\" decoding=\"async\" class=\"size-large wp-image-9997 aligncenter\" src=\"https:\/\/semanasantaferrol.com\/wp-content\/uploads\/2025\/02\/Imagen-de-WhatsApp-2025-02-06-a-las-20.19.56_d3d2c805-576x1024.jpg\" alt=\"\" width=\"576\" height=\"1024\" srcset=\"https:\/\/semanasantaferrol.com\/wp-content\/uploads\/2025\/02\/Imagen-de-WhatsApp-2025-02-06-a-las-20.19.56_d3d2c805-576x1024.jpg 576w, https:\/\/semanasantaferrol.com\/wp-content\/uploads\/2025\/02\/Imagen-de-WhatsApp-2025-02-06-a-las-20.19.56_d3d2c805-127x225.jpg 127w, https:\/\/semanasantaferrol.com\/wp-content\/uploads\/2025\/02\/Imagen-de-WhatsApp-2025-02-06-a-las-20.19.56_d3d2c805-768x1365.jpg 768w, https:\/\/semanasantaferrol.com\/wp-content\/uploads\/2025\/02\/Imagen-de-WhatsApp-2025-02-06-a-las-20.19.56_d3d2c805-864x1536.jpg 864w, https:\/\/semanasantaferrol.com\/wp-content\/uploads\/2025\/02\/Imagen-de-WhatsApp-2025-02-06-a-las-20.19.56_d3d2c805.jpg 1080w\" sizes=\"(max-width: 576px) 100vw, 576px\" \/><\/p>\n","protected":false},"excerpt":{"rendered":"<p>O Grupo Novo da Confrar\u00eda das Angustias pon en marcha o seu &#8220;III Concurso de Debuxo de Coresma&#8221;, coas seguintes bases. -O debuxo deber\u00e1 estar relacionado coa Confrar\u00eda ou ben coa Semana Santa das Angustias. A data l\u00edmite de env\u00edo \u00e9 o domingo 6 de marzo. -Requisitos: Ter entre 4 e 16 anos e enviar [&hellip;]<\/p>\n","protected":false},"author":3,"featured_media":9992,"comment_status":"open","ping_status":"open","sticky":false,"template":"","format":"standard","meta":{"footnotes":""},"categories":[32],"tags":[],"class_list":["post-9991","post","type-post","status-publish","format-standard","has-post-thumbnail","hentry","category-angustias-gl"],"yoast_head":"<!-- This site is optimized with the Yoast SEO plugin v27.5 - https:\/\/yoast.com\/product\/yoast-seo-wordpress\/ -->\n<title>O Grupo Novo das Angustias convoca o Concurso de Debuxo de Coresma<\/title>\n<meta name=\"description\" content=\"O Grupo Novo da Confrar\u00eda das Angustias convoca a terceira edici\u00f3n do seu Concurso de Debuxo de Coresma. Prazo aberto ata o d\u00eda 6 de marzo.\" \/>\n<meta name=\"robots\" content=\"index, follow, max-snippet:-1, max-image-preview:large, max-video-preview:-1\" \/>\n<link rel=\"canonical\" href=\"https:\/\/semanasantaferrol.com\/gl\/concurso-debuxo\/\" \/>\n<meta property=\"og:locale\" content=\"gl_ES\" \/>\n<meta property=\"og:type\" content=\"article\" \/>\n<meta property=\"og:title\" content=\"O Grupo Novo das Angustias convoca o Concurso de Debuxo de Coresma\" \/>\n<meta property=\"og:description\" content=\"O Grupo Novo da Confrar\u00eda das Angustias convoca a terceira edici\u00f3n do seu Concurso de Debuxo de Coresma. Prazo aberto ata o d\u00eda 6 de marzo.\" \/>\n<meta property=\"og:url\" content=\"https:\/\/semanasantaferrol.com\/gl\/concurso-debuxo\/\" \/>\n<meta property=\"og:site_name\" content=\"Junta General de Cofrad\u00edas y Hermandades\" \/>\n<meta property=\"article:publisher\" content=\"https:\/\/www.facebook.com\/Juntageneraldecofradias\/\" \/>\n<meta property=\"article:published_time\" content=\"2025-02-07T09:47:59+00:00\" \/>\n<meta property=\"article:modified_time\" content=\"2025-02-07T09:51:45+00:00\" \/>\n<meta property=\"og:image\" content=\"https:\/\/semanasantaferrol.com\/wp-content\/uploads\/2025\/02\/El-texto-del-parrafo-3000-x-2250-px-1-1024x768.png\" \/>\n\t<meta property=\"og:image:width\" content=\"1024\" \/>\n\t<meta property=\"og:image:height\" content=\"768\" \/>\n\t<meta property=\"og:image:type\" content=\"image\/png\" \/>\n<meta name=\"author\" content=\"pingota\" \/>\n<meta name=\"twitter:card\" content=\"summary_large_image\" \/>\n<meta name=\"twitter:label1\" content=\"Escrito por\" \/>\n\t<meta name=\"twitter:data1\" content=\"pingota\" \/>\n\t<meta name=\"twitter:label2\" content=\"Tempo de lectura\" \/>\n\t<meta name=\"twitter:data2\" content=\"1 minuto\" \/>\n<script type=\"application\/ld+json\" class=\"yoast-schema-graph\">{\"@context\":\"https:\\\/\\\/schema.org\",\"@graph\":[{\"@type\":\"Article\",\"@id\":\"https:\\\/\\\/semanasantaferrol.com\\\/gl\\\/concurso-debuxo\\\/#article\",\"isPartOf\":{\"@id\":\"https:\\\/\\\/semanasantaferrol.com\\\/gl\\\/concurso-debuxo\\\/\"},\"author\":{\"name\":\"pingota\",\"@id\":\"https:\\\/\\\/semanasantaferrol.com\\\/gl\\\/#\\\/schema\\\/person\\\/cdd132690f08f75a35f05e2423e6307c\"},\"headline\":\"O Grupo Novo das Angustias convoca o Concurso de Debuxo de Coresma\",\"datePublished\":\"2025-02-07T09:47:59+00:00\",\"dateModified\":\"2025-02-07T09:51:45+00:00\",\"mainEntityOfPage\":{\"@id\":\"https:\\\/\\\/semanasantaferrol.com\\\/gl\\\/concurso-debuxo\\\/\"},\"wordCount\":151,\"commentCount\":0,\"publisher\":{\"@id\":\"https:\\\/\\\/semanasantaferrol.com\\\/gl\\\/#organization\"},\"image\":{\"@id\":\"https:\\\/\\\/semanasantaferrol.com\\\/gl\\\/concurso-debuxo\\\/#primaryimage\"},\"thumbnailUrl\":\"https:\\\/\\\/semanasantaferrol.com\\\/wp-content\\\/uploads\\\/2025\\\/02\\\/El-texto-del-parrafo-3000-x-2250-px-1.png\",\"articleSection\":[\"Angustias\"],\"inLanguage\":\"gl-ES\",\"potentialAction\":[{\"@type\":\"CommentAction\",\"name\":\"Comment\",\"target\":[\"https:\\\/\\\/semanasantaferrol.com\\\/gl\\\/concurso-debuxo\\\/#respond\"]}]},{\"@type\":\"WebPage\",\"@id\":\"https:\\\/\\\/semanasantaferrol.com\\\/gl\\\/concurso-debuxo\\\/\",\"url\":\"https:\\\/\\\/semanasantaferrol.com\\\/gl\\\/concurso-debuxo\\\/\",\"name\":\"O Grupo Novo das Angustias convoca o Concurso de Debuxo de Coresma\",\"isPartOf\":{\"@id\":\"https:\\\/\\\/semanasantaferrol.com\\\/gl\\\/#website\"},\"primaryImageOfPage\":{\"@id\":\"https:\\\/\\\/semanasantaferrol.com\\\/gl\\\/concurso-debuxo\\\/#primaryimage\"},\"image\":{\"@id\":\"https:\\\/\\\/semanasantaferrol.com\\\/gl\\\/concurso-debuxo\\\/#primaryimage\"},\"thumbnailUrl\":\"https:\\\/\\\/semanasantaferrol.com\\\/wp-content\\\/uploads\\\/2025\\\/02\\\/El-texto-del-parrafo-3000-x-2250-px-1.png\",\"datePublished\":\"2025-02-07T09:47:59+00:00\",\"dateModified\":\"2025-02-07T09:51:45+00:00\",\"description\":\"O Grupo Novo da Confrar\u00eda das Angustias convoca a terceira edici\u00f3n do seu Concurso de Debuxo de Coresma. Prazo aberto ata o d\u00eda 6 de marzo.\",\"breadcrumb\":{\"@id\":\"https:\\\/\\\/semanasantaferrol.com\\\/gl\\\/concurso-debuxo\\\/#breadcrumb\"},\"inLanguage\":\"gl-ES\",\"potentialAction\":[{\"@type\":\"ReadAction\",\"target\":[\"https:\\\/\\\/semanasantaferrol.com\\\/gl\\\/concurso-debuxo\\\/\"]}]},{\"@type\":\"ImageObject\",\"inLanguage\":\"gl-ES\",\"@id\":\"https:\\\/\\\/semanasantaferrol.com\\\/gl\\\/concurso-debuxo\\\/#primaryimage\",\"url\":\"https:\\\/\\\/semanasantaferrol.com\\\/wp-content\\\/uploads\\\/2025\\\/02\\\/El-texto-del-parrafo-3000-x-2250-px-1.png\",\"contentUrl\":\"https:\\\/\\\/semanasantaferrol.com\\\/wp-content\\\/uploads\\\/2025\\\/02\\\/El-texto-del-parrafo-3000-x-2250-px-1.png\",\"width\":3000,\"height\":2250},{\"@type\":\"BreadcrumbList\",\"@id\":\"https:\\\/\\\/semanasantaferrol.com\\\/gl\\\/concurso-debuxo\\\/#breadcrumb\",\"itemListElement\":[{\"@type\":\"ListItem\",\"position\":1,\"name\":\"Portada\",\"item\":\"https:\\\/\\\/semanasantaferrol.com\\\/gl\\\/\"},{\"@type\":\"ListItem\",\"position\":2,\"name\":\"O Grupo Novo das Angustias convoca o Concurso de Debuxo de Coresma\"}]},{\"@type\":\"WebSite\",\"@id\":\"https:\\\/\\\/semanasantaferrol.com\\\/gl\\\/#website\",\"url\":\"https:\\\/\\\/semanasantaferrol.com\\\/gl\\\/\",\"name\":\"Junta General de Cofrad\u00edas y Hermandades\",\"description\":\"Semana Santa de Ferrol\",\"publisher\":{\"@id\":\"https:\\\/\\\/semanasantaferrol.com\\\/gl\\\/#organization\"},\"alternateName\":\"Semana Santa de Ferrol\",\"potentialAction\":[{\"@type\":\"SearchAction\",\"target\":{\"@type\":\"EntryPoint\",\"urlTemplate\":\"https:\\\/\\\/semanasantaferrol.com\\\/gl\\\/?s={search_term_string}\"},\"query-input\":{\"@type\":\"PropertyValueSpecification\",\"valueRequired\":true,\"valueName\":\"search_term_string\"}}],\"inLanguage\":\"gl-ES\"},{\"@type\":\"Organization\",\"@id\":\"https:\\\/\\\/semanasantaferrol.com\\\/gl\\\/#organization\",\"name\":\"Junta General de Cofrad\u00edas y Hermandades de la Semana Santa de Ferrol\",\"alternateName\":\"Junta de Cofrad\u00edas de la Semana Santa de Ferrol\",\"url\":\"https:\\\/\\\/semanasantaferrol.com\\\/gl\\\/\",\"logo\":{\"@type\":\"ImageObject\",\"inLanguage\":\"gl-ES\",\"@id\":\"https:\\\/\\\/semanasantaferrol.com\\\/gl\\\/#\\\/schema\\\/logo\\\/image\\\/\",\"url\":\"https:\\\/\\\/semanasantaferrol.com\\\/wp-content\\\/uploads\\\/2022\\\/10\\\/junta_general_logo.svg\",\"contentUrl\":\"https:\\\/\\\/semanasantaferrol.com\\\/wp-content\\\/uploads\\\/2022\\\/10\\\/junta_general_logo.svg\",\"width\":600,\"height\":790,\"caption\":\"Junta General de Cofrad\u00edas y Hermandades de la Semana Santa de Ferrol\"},\"image\":{\"@id\":\"https:\\\/\\\/semanasantaferrol.com\\\/gl\\\/#\\\/schema\\\/logo\\\/image\\\/\"},\"sameAs\":[\"https:\\\/\\\/www.facebook.com\\\/Juntageneraldecofradias\\\/\",\"https:\\\/\\\/www.instagram.com\\\/juntageneralcofradiasferrol\\\/\",\"https:\\\/\\\/www.youtube.com\\\/@semanasantadeferrol1616\",\"https:\\\/\\\/www.tiktok.com\\\/@semanasantadeferrol\"]},{\"@type\":\"Person\",\"@id\":\"https:\\\/\\\/semanasantaferrol.com\\\/gl\\\/#\\\/schema\\\/person\\\/cdd132690f08f75a35f05e2423e6307c\",\"name\":\"pingota\",\"image\":{\"@type\":\"ImageObject\",\"inLanguage\":\"gl-ES\",\"@id\":\"https:\\\/\\\/secure.gravatar.com\\\/avatar\\\/b1bb79ecdfb8d6f4c44a82262f8b422faeb290304fc5c6f8b9b4305bfaa2853c?s=96&d=mm&r=g\",\"url\":\"https:\\\/\\\/secure.gravatar.com\\\/avatar\\\/b1bb79ecdfb8d6f4c44a82262f8b422faeb290304fc5c6f8b9b4305bfaa2853c?s=96&d=mm&r=g\",\"contentUrl\":\"https:\\\/\\\/secure.gravatar.com\\\/avatar\\\/b1bb79ecdfb8d6f4c44a82262f8b422faeb290304fc5c6f8b9b4305bfaa2853c?s=96&d=mm&r=g\",\"caption\":\"pingota\"},\"url\":\"https:\\\/\\\/semanasantaferrol.com\\\/gl\"}]}<\/script>\n<!-- \/ Yoast SEO plugin. -->","yoast_head_json":{"title":"O Grupo Novo das Angustias convoca o Concurso de Debuxo de Coresma","description":"O Grupo Novo da Confrar\u00eda das Angustias convoca a terceira edici\u00f3n do seu Concurso de Debuxo de Coresma. Prazo aberto ata o d\u00eda 6 de marzo.","robots":{"index":"index","follow":"follow","max-snippet":"max-snippet:-1","max-image-preview":"max-image-preview:large","max-video-preview":"max-video-preview:-1"},"canonical":"https:\/\/semanasantaferrol.com\/gl\/concurso-debuxo\/","og_locale":"gl_ES","og_type":"article","og_title":"O Grupo Novo das Angustias convoca o Concurso de Debuxo de Coresma","og_description":"O Grupo Novo da Confrar\u00eda das Angustias convoca a terceira edici\u00f3n do seu Concurso de Debuxo de Coresma. Prazo aberto ata o d\u00eda 6 de marzo.","og_url":"https:\/\/semanasantaferrol.com\/gl\/concurso-debuxo\/","og_site_name":"Junta General de Cofrad\u00edas y Hermandades","article_publisher":"https:\/\/www.facebook.com\/Juntageneraldecofradias\/","article_published_time":"2025-02-07T09:47:59+00:00","article_modified_time":"2025-02-07T09:51:45+00:00","og_image":[{"width":1024,"height":768,"url":"https:\/\/semanasantaferrol.com\/wp-content\/uploads\/2025\/02\/El-texto-del-parrafo-3000-x-2250-px-1-1024x768.png","type":"image\/png"}],"author":"pingota","twitter_card":"summary_large_image","twitter_misc":{"Escrito por":"pingota","Tempo de lectura":"1 minuto"},"schema":{"@context":"https:\/\/schema.org","@graph":[{"@type":"Article","@id":"https:\/\/semanasantaferrol.com\/gl\/concurso-debuxo\/#article","isPartOf":{"@id":"https:\/\/semanasantaferrol.com\/gl\/concurso-debuxo\/"},"author":{"name":"pingota","@id":"https:\/\/semanasantaferrol.com\/gl\/#\/schema\/person\/cdd132690f08f75a35f05e2423e6307c"},"headline":"O Grupo Novo das Angustias convoca o Concurso de Debuxo de Coresma","datePublished":"2025-02-07T09:47:59+00:00","dateModified":"2025-02-07T09:51:45+00:00","mainEntityOfPage":{"@id":"https:\/\/semanasantaferrol.com\/gl\/concurso-debuxo\/"},"wordCount":151,"commentCount":0,"publisher":{"@id":"https:\/\/semanasantaferrol.com\/gl\/#organization"},"image":{"@id":"https:\/\/semanasantaferrol.com\/gl\/concurso-debuxo\/#primaryimage"},"thumbnailUrl":"https:\/\/semanasantaferrol.com\/wp-content\/uploads\/2025\/02\/El-texto-del-parrafo-3000-x-2250-px-1.png","articleSection":["Angustias"],"inLanguage":"gl-ES","potentialAction":[{"@type":"CommentAction","name":"Comment","target":["https:\/\/semanasantaferrol.com\/gl\/concurso-debuxo\/#respond"]}]},{"@type":"WebPage","@id":"https:\/\/semanasantaferrol.com\/gl\/concurso-debuxo\/","url":"https:\/\/semanasantaferrol.com\/gl\/concurso-debuxo\/","name":"O Grupo Novo das Angustias convoca o Concurso de Debuxo de Coresma","isPartOf":{"@id":"https:\/\/semanasantaferrol.com\/gl\/#website"},"primaryImageOfPage":{"@id":"https:\/\/semanasantaferrol.com\/gl\/concurso-debuxo\/#primaryimage"},"image":{"@id":"https:\/\/semanasantaferrol.com\/gl\/concurso-debuxo\/#primaryimage"},"thumbnailUrl":"https:\/\/semanasantaferrol.com\/wp-content\/uploads\/2025\/02\/El-texto-del-parrafo-3000-x-2250-px-1.png","datePublished":"2025-02-07T09:47:59+00:00","dateModified":"2025-02-07T09:51:45+00:00","description":"O Grupo Novo da Confrar\u00eda das Angustias convoca a terceira edici\u00f3n do seu Concurso de Debuxo de Coresma. Prazo aberto ata o d\u00eda 6 de marzo.","breadcrumb":{"@id":"https:\/\/semanasantaferrol.com\/gl\/concurso-debuxo\/#breadcrumb"},"inLanguage":"gl-ES","potentialAction":[{"@type":"ReadAction","target":["https:\/\/semanasantaferrol.com\/gl\/concurso-debuxo\/"]}]},{"@type":"ImageObject","inLanguage":"gl-ES","@id":"https:\/\/semanasantaferrol.com\/gl\/concurso-debuxo\/#primaryimage","url":"https:\/\/semanasantaferrol.com\/wp-content\/uploads\/2025\/02\/El-texto-del-parrafo-3000-x-2250-px-1.png","contentUrl":"https:\/\/semanasantaferrol.com\/wp-content\/uploads\/2025\/02\/El-texto-del-parrafo-3000-x-2250-px-1.png","width":3000,"height":2250},{"@type":"BreadcrumbList","@id":"https:\/\/semanasantaferrol.com\/gl\/concurso-debuxo\/#breadcrumb","itemListElement":[{"@type":"ListItem","position":1,"name":"Portada","item":"https:\/\/semanasantaferrol.com\/gl\/"},{"@type":"ListItem","position":2,"name":"O Grupo Novo das Angustias convoca o Concurso de Debuxo de Coresma"}]},{"@type":"WebSite","@id":"https:\/\/semanasantaferrol.com\/gl\/#website","url":"https:\/\/semanasantaferrol.com\/gl\/","name":"Junta General de Cofrad\u00edas y Hermandades","description":"Semana Santa de Ferrol","publisher":{"@id":"https:\/\/semanasantaferrol.com\/gl\/#organization"},"alternateName":"Semana Santa de Ferrol","potentialAction":[{"@type":"SearchAction","target":{"@type":"EntryPoint","urlTemplate":"https:\/\/semanasantaferrol.com\/gl\/?s={search_term_string}"},"query-input":{"@type":"PropertyValueSpecification","valueRequired":true,"valueName":"search_term_string"}}],"inLanguage":"gl-ES"},{"@type":"Organization","@id":"https:\/\/semanasantaferrol.com\/gl\/#organization","name":"Junta General de Cofrad\u00edas y Hermandades de la Semana Santa de Ferrol","alternateName":"Junta de Cofrad\u00edas de la Semana Santa de Ferrol","url":"https:\/\/semanasantaferrol.com\/gl\/","logo":{"@type":"ImageObject","inLanguage":"gl-ES","@id":"https:\/\/semanasantaferrol.com\/gl\/#\/schema\/logo\/image\/","url":"https:\/\/semanasantaferrol.com\/wp-content\/uploads\/2022\/10\/junta_general_logo.svg","contentUrl":"https:\/\/semanasantaferrol.com\/wp-content\/uploads\/2022\/10\/junta_general_logo.svg","width":600,"height":790,"caption":"Junta General de Cofrad\u00edas y Hermandades de la Semana Santa de Ferrol"},"image":{"@id":"https:\/\/semanasantaferrol.com\/gl\/#\/schema\/logo\/image\/"},"sameAs":["https:\/\/www.facebook.com\/Juntageneraldecofradias\/","https:\/\/www.instagram.com\/juntageneralcofradiasferrol\/","https:\/\/www.youtube.com\/@semanasantadeferrol1616","https:\/\/www.tiktok.com\/@semanasantadeferrol"]},{"@type":"Person","@id":"https:\/\/semanasantaferrol.com\/gl\/#\/schema\/person\/cdd132690f08f75a35f05e2423e6307c","name":"pingota","image":{"@type":"ImageObject","inLanguage":"gl-ES","@id":"https:\/\/secure.gravatar.com\/avatar\/b1bb79ecdfb8d6f4c44a82262f8b422faeb290304fc5c6f8b9b4305bfaa2853c?s=96&d=mm&r=g","url":"https:\/\/secure.gravatar.com\/avatar\/b1bb79ecdfb8d6f4c44a82262f8b422faeb290304fc5c6f8b9b4305bfaa2853c?s=96&d=mm&r=g","contentUrl":"https:\/\/secure.gravatar.com\/avatar\/b1bb79ecdfb8d6f4c44a82262f8b422faeb290304fc5c6f8b9b4305bfaa2853c?s=96&d=mm&r=g","caption":"pingota"},"url":"https:\/\/semanasantaferrol.com\/gl"}]}},"_links":{"self":[{"href":"https:\/\/semanasantaferrol.com\/gl\/wp-json\/wp\/v2\/posts\/9991","targetHints":{"allow":["GET"]}}],"collection":[{"href":"https:\/\/semanasantaferrol.com\/gl\/wp-json\/wp\/v2\/posts"}],"about":[{"href":"https:\/\/semanasantaferrol.com\/gl\/wp-json\/wp\/v2\/types\/post"}],"author":[{"embeddable":true,"href":"https:\/\/semanasantaferrol.com\/gl\/wp-json\/wp\/v2\/users\/3"}],"replies":[{"embeddable":true,"href":"https:\/\/semanasantaferrol.com\/gl\/wp-json\/wp\/v2\/comments?post=9991"}],"version-history":[{"count":2,"href":"https:\/\/semanasantaferrol.com\/gl\/wp-json\/wp\/v2\/posts\/9991\/revisions"}],"predecessor-version":[{"id":9999,"href":"https:\/\/semanasantaferrol.com\/gl\/wp-json\/wp\/v2\/posts\/9991\/revisions\/9999"}],"wp:featuredmedia":[{"embeddable":true,"href":"https:\/\/semanasantaferrol.com\/gl\/wp-json\/wp\/v2\/media\/9992"}],"wp:attachment":[{"href":"https:\/\/semanasantaferrol.com\/gl\/wp-json\/wp\/v2\/media?parent=9991"}],"wp:term":[{"taxonomy":"category","embeddable":true,"href":"https:\/\/semanasantaferrol.com\/gl\/wp-json\/wp\/v2\/categories?post=9991"},{"taxonomy":"post_tag","embeddable":true,"href":"https:\/\/semanasantaferrol.com\/gl\/wp-json\/wp\/v2\/tags?post=9991"}],"curies":[{"name":"wp","href":"https:\/\/api.w.org\/{rel}","templated":true}]}}