{"id":9436,"date":"2024-11-13T11:44:06","date_gmt":"2024-11-13T11:44:06","guid":{"rendered":"https:\/\/semanasantaferrol.com\/?p=9436"},"modified":"2024-11-13T11:47:37","modified_gmt":"2024-11-13T11:47:37","slug":"a-merce-abre-o-seu-escaparate-solidario-que-estara-a-partir-do-29-no-seu-belen","status":"publish","type":"post","link":"https:\/\/semanasantaferrol.com\/gl\/a-merce-abre-o-seu-escaparate-solidario-que-estara-a-partir-do-29-no-seu-belen\/","title":{"rendered":"A Merc\u00e9 abre o seu escaparate solidario, que estar\u00e1 a partir do 29 no seu Bel\u00e9n"},"content":{"rendered":"<p>A Confrar\u00eda da Merc\u00e9 anuncia a inauguraci\u00f3n da s\u00faa Bel\u00e9n para o pr\u00f3ximo d\u00eda 29 de novembro, venres. A montaxe estar\u00e1 un ano m\u00e1is no baixo do n\u00famero 42 da r\u00faa Dolores e de novo o coro infantil Mosaico acompa\u00f1araos no acto de apertura. A partir das 18.00h o coro cantar\u00e1 panxoli\u00f1as e tam\u00e9n se servir\u00e1 un chocolate solidaria, a 1\u20ac, co que se recadar\u00e1n fondos para a bolsa de caridade da irmandade.<\/p>\n<p>Na campa\u00f1a do Nadal, a Confrar\u00eda anunciou tam\u00e9n que pon xa en marcha o seu escaparate solidario, no que recolle alimentos non perecedoiros con destino a Balrial. Desde o pasado d\u00eda 4 de novembro p\u00f3dense depositar doaz\u00f3ns na Casa da Fumador -r\u00faa Real 160- e a partir do d\u00eda 29 no propio Bel\u00e9n da r\u00faa Dolores.<\/p>\n<p><img fetchpriority=\"high\" decoding=\"async\" class=\"alignnone  wp-image-9430\" src=\"https:\/\/semanasantaferrol.com\/wp-content\/uploads\/2024\/11\/466380286_943507227802261_2697264249936455581_n-863x1024.jpg\" alt=\"\" width=\"679\" height=\"805\" srcset=\"https:\/\/semanasantaferrol.com\/wp-content\/uploads\/2024\/11\/466380286_943507227802261_2697264249936455581_n-863x1024.jpg 863w, https:\/\/semanasantaferrol.com\/wp-content\/uploads\/2024\/11\/466380286_943507227802261_2697264249936455581_n-190x225.jpg 190w, https:\/\/semanasantaferrol.com\/wp-content\/uploads\/2024\/11\/466380286_943507227802261_2697264249936455581_n-768x911.jpg 768w, https:\/\/semanasantaferrol.com\/wp-content\/uploads\/2024\/11\/466380286_943507227802261_2697264249936455581_n.jpg 1214w\" sizes=\"(max-width: 679px) 100vw, 679px\" \/><img decoding=\"async\" class=\"alignnone  wp-image-9432\" src=\"https:\/\/semanasantaferrol.com\/wp-content\/uploads\/2024\/11\/466784230_944754861010831_3579255573820362788_n-819x1024.jpg\" alt=\"\" width=\"659\" height=\"824\" srcset=\"https:\/\/semanasantaferrol.com\/wp-content\/uploads\/2024\/11\/466784230_944754861010831_3579255573820362788_n-819x1024.jpg 819w, https:\/\/semanasantaferrol.com\/wp-content\/uploads\/2024\/11\/466784230_944754861010831_3579255573820362788_n-180x225.jpg 180w, https:\/\/semanasantaferrol.com\/wp-content\/uploads\/2024\/11\/466784230_944754861010831_3579255573820362788_n-768x960.jpg 768w, https:\/\/semanasantaferrol.com\/wp-content\/uploads\/2024\/11\/466784230_944754861010831_3579255573820362788_n-1229x1536.jpg 1229w, https:\/\/semanasantaferrol.com\/wp-content\/uploads\/2024\/11\/466784230_944754861010831_3579255573820362788_n.jpg 1440w\" sizes=\"(max-width: 659px) 100vw, 659px\" \/><\/p>\n","protected":false},"excerpt":{"rendered":"<p>A Confrar\u00eda da Merc\u00e9 anuncia a inauguraci\u00f3n da s\u00faa Bel\u00e9n para o pr\u00f3ximo d\u00eda 29 de novembro, venres. A montaxe estar\u00e1 un ano m\u00e1is no baixo do n\u00famero 42 da r\u00faa Dolores e de novo o coro infantil Mosaico acompa\u00f1araos no acto de apertura. A partir das 18.00h o coro cantar\u00e1 panxoli\u00f1as e tam\u00e9n se [&hellip;]<\/p>\n","protected":false},"author":3,"featured_media":9434,"comment_status":"open","ping_status":"open","sticky":false,"template":"","format":"standard","meta":{"footnotes":""},"categories":[40],"tags":[],"class_list":["post-9436","post","type-post","status-publish","format-standard","has-post-thumbnail","hentry","category-merce"],"yoast_head":"<!-- This site is optimized with the Yoast SEO plugin v27.5 - https:\/\/yoast.com\/product\/yoast-seo-wordpress\/ -->\n<title>A Merc\u00e9 abre o seu escaparate solidario, que estar\u00e1 a partir do 29 no seu Bel\u00e9n - Junta General de Cofrad\u00edas y Hermandades<\/title>\n<meta name=\"robots\" content=\"index, follow, max-snippet:-1, max-image-preview:large, max-video-preview:-1\" \/>\n<link rel=\"canonical\" href=\"https:\/\/semanasantaferrol.com\/gl\/a-merce-abre-o-seu-escaparate-solidario-que-estara-a-partir-do-29-no-seu-belen\/\" \/>\n<meta property=\"og:locale\" content=\"gl_ES\" \/>\n<meta property=\"og:type\" content=\"article\" \/>\n<meta property=\"og:title\" content=\"A Merc\u00e9 abre o seu escaparate solidario, que estar\u00e1 a partir do 29 no seu Bel\u00e9n - Junta General de Cofrad\u00edas y Hermandades\" \/>\n<meta property=\"og:description\" content=\"A Confrar\u00eda da Merc\u00e9 anuncia a inauguraci\u00f3n da s\u00faa Bel\u00e9n para o pr\u00f3ximo d\u00eda 29 de novembro, venres. A montaxe estar\u00e1 un ano m\u00e1is no baixo do n\u00famero 42 da r\u00faa Dolores e de novo o coro infantil Mosaico acompa\u00f1araos no acto de apertura. A partir das 18.00h o coro cantar\u00e1 panxoli\u00f1as e tam\u00e9n se [&hellip;]\" \/>\n<meta property=\"og:url\" content=\"https:\/\/semanasantaferrol.com\/gl\/a-merce-abre-o-seu-escaparate-solidario-que-estara-a-partir-do-29-no-seu-belen\/\" \/>\n<meta property=\"og:site_name\" content=\"Junta General de Cofrad\u00edas y Hermandades\" \/>\n<meta property=\"article:publisher\" content=\"https:\/\/www.facebook.com\/Juntageneraldecofradias\/\" \/>\n<meta property=\"article:published_time\" content=\"2024-11-13T11:44:06+00:00\" \/>\n<meta property=\"article:modified_time\" content=\"2024-11-13T11:47:37+00:00\" \/>\n<meta property=\"og:image\" content=\"https:\/\/semanasantaferrol.com\/wp-content\/uploads\/2024\/11\/SEPTIEMBRE-2024-3000-x-2250-px-1-1024x768.png\" \/>\n\t<meta property=\"og:image:width\" content=\"1024\" \/>\n\t<meta property=\"og:image:height\" content=\"768\" \/>\n\t<meta property=\"og:image:type\" content=\"image\/png\" \/>\n<meta name=\"author\" content=\"pingota\" \/>\n<meta name=\"twitter:card\" content=\"summary_large_image\" \/>\n<meta name=\"twitter:label1\" content=\"Escrito por\" \/>\n\t<meta name=\"twitter:data1\" content=\"pingota\" \/>\n\t<meta name=\"twitter:label2\" content=\"Tempo de lectura\" \/>\n\t<meta name=\"twitter:data2\" content=\"2 minutos\" \/>\n<script type=\"application\/ld+json\" class=\"yoast-schema-graph\">{\"@context\":\"https:\\\/\\\/schema.org\",\"@graph\":[{\"@type\":\"Article\",\"@id\":\"https:\\\/\\\/semanasantaferrol.com\\\/gl\\\/a-merce-abre-o-seu-escaparate-solidario-que-estara-a-partir-do-29-no-seu-belen\\\/#article\",\"isPartOf\":{\"@id\":\"https:\\\/\\\/semanasantaferrol.com\\\/gl\\\/a-merce-abre-o-seu-escaparate-solidario-que-estara-a-partir-do-29-no-seu-belen\\\/\"},\"author\":{\"name\":\"pingota\",\"@id\":\"https:\\\/\\\/semanasantaferrol.com\\\/gl\\\/#\\\/schema\\\/person\\\/cdd132690f08f75a35f05e2423e6307c\"},\"headline\":\"A Merc\u00e9 abre o seu escaparate solidario, que estar\u00e1 a partir do 29 no seu Bel\u00e9n\",\"datePublished\":\"2024-11-13T11:44:06+00:00\",\"dateModified\":\"2024-11-13T11:47:37+00:00\",\"mainEntityOfPage\":{\"@id\":\"https:\\\/\\\/semanasantaferrol.com\\\/gl\\\/a-merce-abre-o-seu-escaparate-solidario-que-estara-a-partir-do-29-no-seu-belen\\\/\"},\"wordCount\":163,\"commentCount\":0,\"publisher\":{\"@id\":\"https:\\\/\\\/semanasantaferrol.com\\\/gl\\\/#organization\"},\"image\":{\"@id\":\"https:\\\/\\\/semanasantaferrol.com\\\/gl\\\/a-merce-abre-o-seu-escaparate-solidario-que-estara-a-partir-do-29-no-seu-belen\\\/#primaryimage\"},\"thumbnailUrl\":\"https:\\\/\\\/semanasantaferrol.com\\\/wp-content\\\/uploads\\\/2024\\\/11\\\/SEPTIEMBRE-2024-3000-x-2250-px-1.png\",\"articleSection\":[\"Merc\u00e9\"],\"inLanguage\":\"gl-ES\",\"potentialAction\":[{\"@type\":\"CommentAction\",\"name\":\"Comment\",\"target\":[\"https:\\\/\\\/semanasantaferrol.com\\\/gl\\\/a-merce-abre-o-seu-escaparate-solidario-que-estara-a-partir-do-29-no-seu-belen\\\/#respond\"]}]},{\"@type\":\"WebPage\",\"@id\":\"https:\\\/\\\/semanasantaferrol.com\\\/gl\\\/a-merce-abre-o-seu-escaparate-solidario-que-estara-a-partir-do-29-no-seu-belen\\\/\",\"url\":\"https:\\\/\\\/semanasantaferrol.com\\\/gl\\\/a-merce-abre-o-seu-escaparate-solidario-que-estara-a-partir-do-29-no-seu-belen\\\/\",\"name\":\"A Merc\u00e9 abre o seu escaparate solidario, que estar\u00e1 a partir do 29 no seu Bel\u00e9n - Junta General de Cofrad\u00edas y Hermandades\",\"isPartOf\":{\"@id\":\"https:\\\/\\\/semanasantaferrol.com\\\/gl\\\/#website\"},\"primaryImageOfPage\":{\"@id\":\"https:\\\/\\\/semanasantaferrol.com\\\/gl\\\/a-merce-abre-o-seu-escaparate-solidario-que-estara-a-partir-do-29-no-seu-belen\\\/#primaryimage\"},\"image\":{\"@id\":\"https:\\\/\\\/semanasantaferrol.com\\\/gl\\\/a-merce-abre-o-seu-escaparate-solidario-que-estara-a-partir-do-29-no-seu-belen\\\/#primaryimage\"},\"thumbnailUrl\":\"https:\\\/\\\/semanasantaferrol.com\\\/wp-content\\\/uploads\\\/2024\\\/11\\\/SEPTIEMBRE-2024-3000-x-2250-px-1.png\",\"datePublished\":\"2024-11-13T11:44:06+00:00\",\"dateModified\":\"2024-11-13T11:47:37+00:00\",\"breadcrumb\":{\"@id\":\"https:\\\/\\\/semanasantaferrol.com\\\/gl\\\/a-merce-abre-o-seu-escaparate-solidario-que-estara-a-partir-do-29-no-seu-belen\\\/#breadcrumb\"},\"inLanguage\":\"gl-ES\",\"potentialAction\":[{\"@type\":\"ReadAction\",\"target\":[\"https:\\\/\\\/semanasantaferrol.com\\\/gl\\\/a-merce-abre-o-seu-escaparate-solidario-que-estara-a-partir-do-29-no-seu-belen\\\/\"]}]},{\"@type\":\"ImageObject\",\"inLanguage\":\"gl-ES\",\"@id\":\"https:\\\/\\\/semanasantaferrol.com\\\/gl\\\/a-merce-abre-o-seu-escaparate-solidario-que-estara-a-partir-do-29-no-seu-belen\\\/#primaryimage\",\"url\":\"https:\\\/\\\/semanasantaferrol.com\\\/wp-content\\\/uploads\\\/2024\\\/11\\\/SEPTIEMBRE-2024-3000-x-2250-px-1.png\",\"contentUrl\":\"https:\\\/\\\/semanasantaferrol.com\\\/wp-content\\\/uploads\\\/2024\\\/11\\\/SEPTIEMBRE-2024-3000-x-2250-px-1.png\",\"width\":3000,\"height\":2250},{\"@type\":\"BreadcrumbList\",\"@id\":\"https:\\\/\\\/semanasantaferrol.com\\\/gl\\\/a-merce-abre-o-seu-escaparate-solidario-que-estara-a-partir-do-29-no-seu-belen\\\/#breadcrumb\",\"itemListElement\":[{\"@type\":\"ListItem\",\"position\":1,\"name\":\"Portada\",\"item\":\"https:\\\/\\\/semanasantaferrol.com\\\/gl\\\/\"},{\"@type\":\"ListItem\",\"position\":2,\"name\":\"A Merc\u00e9 abre o seu escaparate solidario, que estar\u00e1 a partir do 29 no seu Bel\u00e9n\"}]},{\"@type\":\"WebSite\",\"@id\":\"https:\\\/\\\/semanasantaferrol.com\\\/gl\\\/#website\",\"url\":\"https:\\\/\\\/semanasantaferrol.com\\\/gl\\\/\",\"name\":\"Junta General de Cofrad\u00edas y Hermandades\",\"description\":\"Semana Santa de Ferrol\",\"publisher\":{\"@id\":\"https:\\\/\\\/semanasantaferrol.com\\\/gl\\\/#organization\"},\"alternateName\":\"Semana Santa de Ferrol\",\"potentialAction\":[{\"@type\":\"SearchAction\",\"target\":{\"@type\":\"EntryPoint\",\"urlTemplate\":\"https:\\\/\\\/semanasantaferrol.com\\\/gl\\\/?s={search_term_string}\"},\"query-input\":{\"@type\":\"PropertyValueSpecification\",\"valueRequired\":true,\"valueName\":\"search_term_string\"}}],\"inLanguage\":\"gl-ES\"},{\"@type\":\"Organization\",\"@id\":\"https:\\\/\\\/semanasantaferrol.com\\\/gl\\\/#organization\",\"name\":\"Junta General de Cofrad\u00edas y Hermandades de la Semana Santa de Ferrol\",\"alternateName\":\"Junta de Cofrad\u00edas de la Semana Santa de Ferrol\",\"url\":\"https:\\\/\\\/semanasantaferrol.com\\\/gl\\\/\",\"logo\":{\"@type\":\"ImageObject\",\"inLanguage\":\"gl-ES\",\"@id\":\"https:\\\/\\\/semanasantaferrol.com\\\/gl\\\/#\\\/schema\\\/logo\\\/image\\\/\",\"url\":\"https:\\\/\\\/semanasantaferrol.com\\\/wp-content\\\/uploads\\\/2022\\\/10\\\/junta_general_logo.svg\",\"contentUrl\":\"https:\\\/\\\/semanasantaferrol.com\\\/wp-content\\\/uploads\\\/2022\\\/10\\\/junta_general_logo.svg\",\"width\":600,\"height\":790,\"caption\":\"Junta General de Cofrad\u00edas y Hermandades de la Semana Santa de Ferrol\"},\"image\":{\"@id\":\"https:\\\/\\\/semanasantaferrol.com\\\/gl\\\/#\\\/schema\\\/logo\\\/image\\\/\"},\"sameAs\":[\"https:\\\/\\\/www.facebook.com\\\/Juntageneraldecofradias\\\/\",\"https:\\\/\\\/www.instagram.com\\\/juntageneralcofradiasferrol\\\/\",\"https:\\\/\\\/www.youtube.com\\\/@semanasantadeferrol1616\",\"https:\\\/\\\/www.tiktok.com\\\/@semanasantadeferrol\"]},{\"@type\":\"Person\",\"@id\":\"https:\\\/\\\/semanasantaferrol.com\\\/gl\\\/#\\\/schema\\\/person\\\/cdd132690f08f75a35f05e2423e6307c\",\"name\":\"pingota\",\"image\":{\"@type\":\"ImageObject\",\"inLanguage\":\"gl-ES\",\"@id\":\"https:\\\/\\\/secure.gravatar.com\\\/avatar\\\/b1bb79ecdfb8d6f4c44a82262f8b422faeb290304fc5c6f8b9b4305bfaa2853c?s=96&d=mm&r=g\",\"url\":\"https:\\\/\\\/secure.gravatar.com\\\/avatar\\\/b1bb79ecdfb8d6f4c44a82262f8b422faeb290304fc5c6f8b9b4305bfaa2853c?s=96&d=mm&r=g\",\"contentUrl\":\"https:\\\/\\\/secure.gravatar.com\\\/avatar\\\/b1bb79ecdfb8d6f4c44a82262f8b422faeb290304fc5c6f8b9b4305bfaa2853c?s=96&d=mm&r=g\",\"caption\":\"pingota\"},\"url\":\"https:\\\/\\\/semanasantaferrol.com\\\/gl\"}]}<\/script>\n<!-- \/ Yoast SEO plugin. -->","yoast_head_json":{"title":"A Merc\u00e9 abre o seu escaparate solidario, que estar\u00e1 a partir do 29 no seu Bel\u00e9n - Junta General de Cofrad\u00edas y Hermandades","robots":{"index":"index","follow":"follow","max-snippet":"max-snippet:-1","max-image-preview":"max-image-preview:large","max-video-preview":"max-video-preview:-1"},"canonical":"https:\/\/semanasantaferrol.com\/gl\/a-merce-abre-o-seu-escaparate-solidario-que-estara-a-partir-do-29-no-seu-belen\/","og_locale":"gl_ES","og_type":"article","og_title":"A Merc\u00e9 abre o seu escaparate solidario, que estar\u00e1 a partir do 29 no seu Bel\u00e9n - Junta General de Cofrad\u00edas y Hermandades","og_description":"A Confrar\u00eda da Merc\u00e9 anuncia a inauguraci\u00f3n da s\u00faa Bel\u00e9n para o pr\u00f3ximo d\u00eda 29 de novembro, venres. A montaxe estar\u00e1 un ano m\u00e1is no baixo do n\u00famero 42 da r\u00faa Dolores e de novo o coro infantil Mosaico acompa\u00f1araos no acto de apertura. A partir das 18.00h o coro cantar\u00e1 panxoli\u00f1as e tam\u00e9n se [&hellip;]","og_url":"https:\/\/semanasantaferrol.com\/gl\/a-merce-abre-o-seu-escaparate-solidario-que-estara-a-partir-do-29-no-seu-belen\/","og_site_name":"Junta General de Cofrad\u00edas y Hermandades","article_publisher":"https:\/\/www.facebook.com\/Juntageneraldecofradias\/","article_published_time":"2024-11-13T11:44:06+00:00","article_modified_time":"2024-11-13T11:47:37+00:00","og_image":[{"width":1024,"height":768,"url":"https:\/\/semanasantaferrol.com\/wp-content\/uploads\/2024\/11\/SEPTIEMBRE-2024-3000-x-2250-px-1-1024x768.png","type":"image\/png"}],"author":"pingota","twitter_card":"summary_large_image","twitter_misc":{"Escrito por":"pingota","Tempo de lectura":"2 minutos"},"schema":{"@context":"https:\/\/schema.org","@graph":[{"@type":"Article","@id":"https:\/\/semanasantaferrol.com\/gl\/a-merce-abre-o-seu-escaparate-solidario-que-estara-a-partir-do-29-no-seu-belen\/#article","isPartOf":{"@id":"https:\/\/semanasantaferrol.com\/gl\/a-merce-abre-o-seu-escaparate-solidario-que-estara-a-partir-do-29-no-seu-belen\/"},"author":{"name":"pingota","@id":"https:\/\/semanasantaferrol.com\/gl\/#\/schema\/person\/cdd132690f08f75a35f05e2423e6307c"},"headline":"A Merc\u00e9 abre o seu escaparate solidario, que estar\u00e1 a partir do 29 no seu Bel\u00e9n","datePublished":"2024-11-13T11:44:06+00:00","dateModified":"2024-11-13T11:47:37+00:00","mainEntityOfPage":{"@id":"https:\/\/semanasantaferrol.com\/gl\/a-merce-abre-o-seu-escaparate-solidario-que-estara-a-partir-do-29-no-seu-belen\/"},"wordCount":163,"commentCount":0,"publisher":{"@id":"https:\/\/semanasantaferrol.com\/gl\/#organization"},"image":{"@id":"https:\/\/semanasantaferrol.com\/gl\/a-merce-abre-o-seu-escaparate-solidario-que-estara-a-partir-do-29-no-seu-belen\/#primaryimage"},"thumbnailUrl":"https:\/\/semanasantaferrol.com\/wp-content\/uploads\/2024\/11\/SEPTIEMBRE-2024-3000-x-2250-px-1.png","articleSection":["Merc\u00e9"],"inLanguage":"gl-ES","potentialAction":[{"@type":"CommentAction","name":"Comment","target":["https:\/\/semanasantaferrol.com\/gl\/a-merce-abre-o-seu-escaparate-solidario-que-estara-a-partir-do-29-no-seu-belen\/#respond"]}]},{"@type":"WebPage","@id":"https:\/\/semanasantaferrol.com\/gl\/a-merce-abre-o-seu-escaparate-solidario-que-estara-a-partir-do-29-no-seu-belen\/","url":"https:\/\/semanasantaferrol.com\/gl\/a-merce-abre-o-seu-escaparate-solidario-que-estara-a-partir-do-29-no-seu-belen\/","name":"A Merc\u00e9 abre o seu escaparate solidario, que estar\u00e1 a partir do 29 no seu Bel\u00e9n - Junta General de Cofrad\u00edas y Hermandades","isPartOf":{"@id":"https:\/\/semanasantaferrol.com\/gl\/#website"},"primaryImageOfPage":{"@id":"https:\/\/semanasantaferrol.com\/gl\/a-merce-abre-o-seu-escaparate-solidario-que-estara-a-partir-do-29-no-seu-belen\/#primaryimage"},"image":{"@id":"https:\/\/semanasantaferrol.com\/gl\/a-merce-abre-o-seu-escaparate-solidario-que-estara-a-partir-do-29-no-seu-belen\/#primaryimage"},"thumbnailUrl":"https:\/\/semanasantaferrol.com\/wp-content\/uploads\/2024\/11\/SEPTIEMBRE-2024-3000-x-2250-px-1.png","datePublished":"2024-11-13T11:44:06+00:00","dateModified":"2024-11-13T11:47:37+00:00","breadcrumb":{"@id":"https:\/\/semanasantaferrol.com\/gl\/a-merce-abre-o-seu-escaparate-solidario-que-estara-a-partir-do-29-no-seu-belen\/#breadcrumb"},"inLanguage":"gl-ES","potentialAction":[{"@type":"ReadAction","target":["https:\/\/semanasantaferrol.com\/gl\/a-merce-abre-o-seu-escaparate-solidario-que-estara-a-partir-do-29-no-seu-belen\/"]}]},{"@type":"ImageObject","inLanguage":"gl-ES","@id":"https:\/\/semanasantaferrol.com\/gl\/a-merce-abre-o-seu-escaparate-solidario-que-estara-a-partir-do-29-no-seu-belen\/#primaryimage","url":"https:\/\/semanasantaferrol.com\/wp-content\/uploads\/2024\/11\/SEPTIEMBRE-2024-3000-x-2250-px-1.png","contentUrl":"https:\/\/semanasantaferrol.com\/wp-content\/uploads\/2024\/11\/SEPTIEMBRE-2024-3000-x-2250-px-1.png","width":3000,"height":2250},{"@type":"BreadcrumbList","@id":"https:\/\/semanasantaferrol.com\/gl\/a-merce-abre-o-seu-escaparate-solidario-que-estara-a-partir-do-29-no-seu-belen\/#breadcrumb","itemListElement":[{"@type":"ListItem","position":1,"name":"Portada","item":"https:\/\/semanasantaferrol.com\/gl\/"},{"@type":"ListItem","position":2,"name":"A Merc\u00e9 abre o seu escaparate solidario, que estar\u00e1 a partir do 29 no seu Bel\u00e9n"}]},{"@type":"WebSite","@id":"https:\/\/semanasantaferrol.com\/gl\/#website","url":"https:\/\/semanasantaferrol.com\/gl\/","name":"Junta General de Cofrad\u00edas y Hermandades","description":"Semana Santa de Ferrol","publisher":{"@id":"https:\/\/semanasantaferrol.com\/gl\/#organization"},"alternateName":"Semana Santa de Ferrol","potentialAction":[{"@type":"SearchAction","target":{"@type":"EntryPoint","urlTemplate":"https:\/\/semanasantaferrol.com\/gl\/?s={search_term_string}"},"query-input":{"@type":"PropertyValueSpecification","valueRequired":true,"valueName":"search_term_string"}}],"inLanguage":"gl-ES"},{"@type":"Organization","@id":"https:\/\/semanasantaferrol.com\/gl\/#organization","name":"Junta General de Cofrad\u00edas y Hermandades de la Semana Santa de Ferrol","alternateName":"Junta de Cofrad\u00edas de la Semana Santa de Ferrol","url":"https:\/\/semanasantaferrol.com\/gl\/","logo":{"@type":"ImageObject","inLanguage":"gl-ES","@id":"https:\/\/semanasantaferrol.com\/gl\/#\/schema\/logo\/image\/","url":"https:\/\/semanasantaferrol.com\/wp-content\/uploads\/2022\/10\/junta_general_logo.svg","contentUrl":"https:\/\/semanasantaferrol.com\/wp-content\/uploads\/2022\/10\/junta_general_logo.svg","width":600,"height":790,"caption":"Junta General de Cofrad\u00edas y Hermandades de la Semana Santa de Ferrol"},"image":{"@id":"https:\/\/semanasantaferrol.com\/gl\/#\/schema\/logo\/image\/"},"sameAs":["https:\/\/www.facebook.com\/Juntageneraldecofradias\/","https:\/\/www.instagram.com\/juntageneralcofradiasferrol\/","https:\/\/www.youtube.com\/@semanasantadeferrol1616","https:\/\/www.tiktok.com\/@semanasantadeferrol"]},{"@type":"Person","@id":"https:\/\/semanasantaferrol.com\/gl\/#\/schema\/person\/cdd132690f08f75a35f05e2423e6307c","name":"pingota","image":{"@type":"ImageObject","inLanguage":"gl-ES","@id":"https:\/\/secure.gravatar.com\/avatar\/b1bb79ecdfb8d6f4c44a82262f8b422faeb290304fc5c6f8b9b4305bfaa2853c?s=96&d=mm&r=g","url":"https:\/\/secure.gravatar.com\/avatar\/b1bb79ecdfb8d6f4c44a82262f8b422faeb290304fc5c6f8b9b4305bfaa2853c?s=96&d=mm&r=g","contentUrl":"https:\/\/secure.gravatar.com\/avatar\/b1bb79ecdfb8d6f4c44a82262f8b422faeb290304fc5c6f8b9b4305bfaa2853c?s=96&d=mm&r=g","caption":"pingota"},"url":"https:\/\/semanasantaferrol.com\/gl"}]}},"_links":{"self":[{"href":"https:\/\/semanasantaferrol.com\/gl\/wp-json\/wp\/v2\/posts\/9436","targetHints":{"allow":["GET"]}}],"collection":[{"href":"https:\/\/semanasantaferrol.com\/gl\/wp-json\/wp\/v2\/posts"}],"about":[{"href":"https:\/\/semanasantaferrol.com\/gl\/wp-json\/wp\/v2\/types\/post"}],"author":[{"embeddable":true,"href":"https:\/\/semanasantaferrol.com\/gl\/wp-json\/wp\/v2\/users\/3"}],"replies":[{"embeddable":true,"href":"https:\/\/semanasantaferrol.com\/gl\/wp-json\/wp\/v2\/comments?post=9436"}],"version-history":[{"count":2,"href":"https:\/\/semanasantaferrol.com\/gl\/wp-json\/wp\/v2\/posts\/9436\/revisions"}],"predecessor-version":[{"id":9438,"href":"https:\/\/semanasantaferrol.com\/gl\/wp-json\/wp\/v2\/posts\/9436\/revisions\/9438"}],"wp:featuredmedia":[{"embeddable":true,"href":"https:\/\/semanasantaferrol.com\/gl\/wp-json\/wp\/v2\/media\/9434"}],"wp:attachment":[{"href":"https:\/\/semanasantaferrol.com\/gl\/wp-json\/wp\/v2\/media?parent=9436"}],"wp:term":[{"taxonomy":"category","embeddable":true,"href":"https:\/\/semanasantaferrol.com\/gl\/wp-json\/wp\/v2\/categories?post=9436"},{"taxonomy":"post_tag","embeddable":true,"href":"https:\/\/semanasantaferrol.com\/gl\/wp-json\/wp\/v2\/tags?post=9436"}],"curies":[{"name":"wp","href":"https:\/\/api.w.org\/{rel}","templated":true}]}}