{"id":9276,"date":"2024-10-16T14:50:51","date_gmt":"2024-10-16T14:50:51","guid":{"rendered":"https:\/\/semanasantaferrol.com\/?p=9276"},"modified":"2024-10-16T14:51:14","modified_gmt":"2024-10-16T14:51:14","slug":"pregoeiro","status":"publish","type":"post","link":"https:\/\/semanasantaferrol.com\/gl\/pregoeiro\/","title":{"rendered":"O xesu\u00edta e sacerdote Daniel Cuesta ser\u00e1 o pregoeiro da Semana Santa 2025"},"content":{"rendered":"<p>O xove xesu\u00edta e sacerdote Daniel Cuesta G\u00f3mez aceptou a invitaci\u00f3n da Xunta de Confrar\u00edas e Irmandades e ser\u00e1 o pregoeiro da Semana Santa de Ferrol en 2025. O teatro Jofre acoller\u00e1 o d\u00eda 5 de abril, \u00e1s 19.30 horas, este evento que se converter\u00e1 un ano m\u00e1is en antesala das procesi\u00f3ns que se desenvolver\u00e1n entre o 13 e o 20 de abril, do Domingo de Ramos ao de Resurrecci\u00f3n.<\/p>\n<p>Daniel Cuesta G\u00f3mez (Segovia, 1987) \u00e9 xesu\u00edta desde 2007 e ordenouse sacerdote en 2021. A s\u00faa experiencia confrade comezou de neno -con seis anos sa\u00edu por primeira vez de procesi\u00f3n na s\u00faa cidade- e converteuse co tempo nun motivo de estudo, ao que dedicou numerosos artigos e libros. A s\u00faa actividade como conferenciante tr\u00f3uxolle a Ferrol en outubro de 2022, por iniciativa da asociaci\u00f3n confrade Bajo tu Banzo, para pronunciar unha charla co mesmo t\u00edtulo que un dos seus libros \u201cA procesi\u00f3n vai por dentro\u201d. Vive actualmente entre Santiago de Compostela e Vigo, dedicado fundamentalmente \u00e1 pastoral xuvenil e universitaria.<\/p>\n<p>O pregoeiro da Semana Santa de Ferrol 2025 \u00e9 graduado en Historia da arte pola Universidade de Salamanca, con Premio Extraordinario; graduado en Humanidades pola Pontificia de Salamanca e M\u00e1ster de Formaci\u00f3n do Profesorado. Realizou tam\u00e9n o Bacharelato en Teolox\u00eda na Universidade Pontificia Comillas de Madrid (obtendo o Premio Extraordinario de Baccalaureatus in Theologia) e a licenciatura en Teolox\u00eda Fundamental na Pontificia Universidade Gregoriana de Roma.<\/p>\n<p>Durante a s\u00faa formaci\u00f3n traballou principalmente en pastoral xuvenil e universitaria, a\u00ednda que tam\u00e9n colaborou coas obras sociais da Compa\u00f1\u00eda de Jes\u00fas. Publicou diversos artigos relacionados co mundo da arte, a Historia e a Espiritualidade, a\u00ednda que a s\u00faa gran li\u00f1a de traballo foi sempre a Semana Santa.<\/p>\n<p>Ao redor do tema da Semana Santa e a vida confrade destacan os seus libros Passionis Imago. Contribuci\u00f3n da Compa\u00f1\u00eda de Xes\u00fas \u00e1 configuraci\u00f3n da iconograf\u00eda procesional valisoletana (Universidade Pontificia de Salamanca, 2016); Os Evanxeos Ap\u00f3crifos na Semana Santa de Sevilla (Edici\u00f3ns Oler\u00eda, 2019); A \u201cEsencia\u201d, o castel\u00e1n e o andaluz na nosa Semana Santa: Valladolid, Sevilla e Segovia (Deputaci\u00f3n Provincial de Segovia, 2019); A procesi\u00f3n vai por dentro. En busca dunha espiritualidade confrade (Mensaxeiro, 2019), Luces e sombras da relixiosidade popular (Mensaxeiro, 2021) e A relixiosidade popular Lugar teol\u00f3xico para a nova evangelizaci\u00f3n (Mensaxeiro, 2024).<\/p>\n","protected":false},"excerpt":{"rendered":"<p>O xove xesu\u00edta e sacerdote Daniel Cuesta G\u00f3mez aceptou a invitaci\u00f3n da Xunta de Confrar\u00edas e Irmandades e ser\u00e1 o pregoeiro da Semana Santa de Ferrol en 2025. O teatro Jofre acoller\u00e1 o d\u00eda 5 de abril, \u00e1s 19.30 horas, este evento que se converter\u00e1 un ano m\u00e1is en antesala das procesi\u00f3ns que se desenvolver\u00e1n [&hellip;]<\/p>\n","protected":false},"author":3,"featured_media":9281,"comment_status":"open","ping_status":"open","sticky":false,"template":"","format":"standard","meta":{"footnotes":""},"categories":[39],"tags":[],"class_list":["post-9276","post","type-post","status-publish","format-standard","has-post-thumbnail","hentry","category-xunta"],"yoast_head":"<!-- This site is optimized with the Yoast SEO plugin v27.5 - https:\/\/yoast.com\/product\/yoast-seo-wordpress\/ -->\n<title>O xesu\u00edta e sacerdote Daniel Cuesta ser\u00e1 o pregoeiro da Semana Santa 2025 - Junta General de Cofrad\u00edas y Hermandades<\/title>\n<meta name=\"description\" content=\"O pregoeiro da Semana Santa de Ferrol 2025 ser\u00e1 Daniel Custa, xesu\u00edta e sacerdote, autor de diversos traballos sobre relixiosidade popular\" \/>\n<meta name=\"robots\" content=\"index, follow, max-snippet:-1, max-image-preview:large, max-video-preview:-1\" \/>\n<link rel=\"canonical\" href=\"https:\/\/semanasantaferrol.com\/gl\/pregoeiro\/\" \/>\n<meta property=\"og:locale\" content=\"gl_ES\" \/>\n<meta property=\"og:type\" content=\"article\" \/>\n<meta property=\"og:title\" content=\"O xesu\u00edta e sacerdote Daniel Cuesta ser\u00e1 o pregoeiro da Semana Santa 2025 - Junta General de Cofrad\u00edas y Hermandades\" \/>\n<meta property=\"og:description\" content=\"O pregoeiro da Semana Santa de Ferrol 2025 ser\u00e1 Daniel Custa, xesu\u00edta e sacerdote, autor de diversos traballos sobre relixiosidade popular\" \/>\n<meta property=\"og:url\" content=\"https:\/\/semanasantaferrol.com\/gl\/pregoeiro\/\" \/>\n<meta property=\"og:site_name\" content=\"Junta General de Cofrad\u00edas y Hermandades\" \/>\n<meta property=\"article:publisher\" content=\"https:\/\/www.facebook.com\/Juntageneraldecofradias\/\" \/>\n<meta property=\"article:published_time\" content=\"2024-10-16T14:50:51+00:00\" \/>\n<meta property=\"article:modified_time\" content=\"2024-10-16T14:51:14+00:00\" \/>\n<meta property=\"og:image\" content=\"https:\/\/semanasantaferrol.com\/wp-content\/uploads\/2024\/10\/DaniCuesta2-scaled-e1729090195883.jpg\" \/>\n\t<meta property=\"og:image:width\" content=\"2560\" \/>\n\t<meta property=\"og:image:height\" content=\"1706\" \/>\n\t<meta property=\"og:image:type\" content=\"image\/jpeg\" \/>\n<meta name=\"author\" content=\"pingota\" \/>\n<meta name=\"twitter:card\" content=\"summary_large_image\" \/>\n<meta name=\"twitter:label1\" content=\"Escrito por\" \/>\n\t<meta name=\"twitter:data1\" content=\"pingota\" \/>\n\t<meta name=\"twitter:label2\" content=\"Tempo de lectura\" \/>\n\t<meta name=\"twitter:data2\" content=\"2 minutos\" \/>\n<script type=\"application\/ld+json\" class=\"yoast-schema-graph\">{\"@context\":\"https:\\\/\\\/schema.org\",\"@graph\":[{\"@type\":\"Article\",\"@id\":\"https:\\\/\\\/semanasantaferrol.com\\\/gl\\\/pregoeiro\\\/#article\",\"isPartOf\":{\"@id\":\"https:\\\/\\\/semanasantaferrol.com\\\/gl\\\/pregoeiro\\\/\"},\"author\":{\"name\":\"pingota\",\"@id\":\"https:\\\/\\\/semanasantaferrol.com\\\/gl\\\/#\\\/schema\\\/person\\\/cdd132690f08f75a35f05e2423e6307c\"},\"headline\":\"O xesu\u00edta e sacerdote Daniel Cuesta ser\u00e1 o pregoeiro da Semana Santa 2025\",\"datePublished\":\"2024-10-16T14:50:51+00:00\",\"dateModified\":\"2024-10-16T14:51:14+00:00\",\"mainEntityOfPage\":{\"@id\":\"https:\\\/\\\/semanasantaferrol.com\\\/gl\\\/pregoeiro\\\/\"},\"wordCount\":420,\"commentCount\":0,\"publisher\":{\"@id\":\"https:\\\/\\\/semanasantaferrol.com\\\/gl\\\/#organization\"},\"image\":{\"@id\":\"https:\\\/\\\/semanasantaferrol.com\\\/gl\\\/pregoeiro\\\/#primaryimage\"},\"thumbnailUrl\":\"https:\\\/\\\/semanasantaferrol.com\\\/wp-content\\\/uploads\\\/2024\\\/10\\\/DaniCuesta2-scaled-e1729090195883.jpg\",\"articleSection\":[\"Xunta\"],\"inLanguage\":\"gl-ES\",\"potentialAction\":[{\"@type\":\"CommentAction\",\"name\":\"Comment\",\"target\":[\"https:\\\/\\\/semanasantaferrol.com\\\/gl\\\/pregoeiro\\\/#respond\"]}]},{\"@type\":\"WebPage\",\"@id\":\"https:\\\/\\\/semanasantaferrol.com\\\/gl\\\/pregoeiro\\\/\",\"url\":\"https:\\\/\\\/semanasantaferrol.com\\\/gl\\\/pregoeiro\\\/\",\"name\":\"O xesu\u00edta e sacerdote Daniel Cuesta ser\u00e1 o pregoeiro da Semana Santa 2025 - Junta General de Cofrad\u00edas y Hermandades\",\"isPartOf\":{\"@id\":\"https:\\\/\\\/semanasantaferrol.com\\\/gl\\\/#website\"},\"primaryImageOfPage\":{\"@id\":\"https:\\\/\\\/semanasantaferrol.com\\\/gl\\\/pregoeiro\\\/#primaryimage\"},\"image\":{\"@id\":\"https:\\\/\\\/semanasantaferrol.com\\\/gl\\\/pregoeiro\\\/#primaryimage\"},\"thumbnailUrl\":\"https:\\\/\\\/semanasantaferrol.com\\\/wp-content\\\/uploads\\\/2024\\\/10\\\/DaniCuesta2-scaled-e1729090195883.jpg\",\"datePublished\":\"2024-10-16T14:50:51+00:00\",\"dateModified\":\"2024-10-16T14:51:14+00:00\",\"description\":\"O pregoeiro da Semana Santa de Ferrol 2025 ser\u00e1 Daniel Custa, xesu\u00edta e sacerdote, autor de diversos traballos sobre relixiosidade popular\",\"breadcrumb\":{\"@id\":\"https:\\\/\\\/semanasantaferrol.com\\\/gl\\\/pregoeiro\\\/#breadcrumb\"},\"inLanguage\":\"gl-ES\",\"potentialAction\":[{\"@type\":\"ReadAction\",\"target\":[\"https:\\\/\\\/semanasantaferrol.com\\\/gl\\\/pregoeiro\\\/\"]}]},{\"@type\":\"ImageObject\",\"inLanguage\":\"gl-ES\",\"@id\":\"https:\\\/\\\/semanasantaferrol.com\\\/gl\\\/pregoeiro\\\/#primaryimage\",\"url\":\"https:\\\/\\\/semanasantaferrol.com\\\/wp-content\\\/uploads\\\/2024\\\/10\\\/DaniCuesta2-scaled-e1729090195883.jpg\",\"contentUrl\":\"https:\\\/\\\/semanasantaferrol.com\\\/wp-content\\\/uploads\\\/2024\\\/10\\\/DaniCuesta2-scaled-e1729090195883.jpg\",\"width\":2560,\"height\":1706,\"caption\":\"pregonero\"},{\"@type\":\"BreadcrumbList\",\"@id\":\"https:\\\/\\\/semanasantaferrol.com\\\/gl\\\/pregoeiro\\\/#breadcrumb\",\"itemListElement\":[{\"@type\":\"ListItem\",\"position\":1,\"name\":\"Portada\",\"item\":\"https:\\\/\\\/semanasantaferrol.com\\\/gl\\\/\"},{\"@type\":\"ListItem\",\"position\":2,\"name\":\"O xesu\u00edta e sacerdote Daniel Cuesta ser\u00e1 o pregoeiro da Semana Santa 2025\"}]},{\"@type\":\"WebSite\",\"@id\":\"https:\\\/\\\/semanasantaferrol.com\\\/gl\\\/#website\",\"url\":\"https:\\\/\\\/semanasantaferrol.com\\\/gl\\\/\",\"name\":\"Junta General de Cofrad\u00edas y Hermandades\",\"description\":\"Semana Santa de Ferrol\",\"publisher\":{\"@id\":\"https:\\\/\\\/semanasantaferrol.com\\\/gl\\\/#organization\"},\"alternateName\":\"Semana Santa de Ferrol\",\"potentialAction\":[{\"@type\":\"SearchAction\",\"target\":{\"@type\":\"EntryPoint\",\"urlTemplate\":\"https:\\\/\\\/semanasantaferrol.com\\\/gl\\\/?s={search_term_string}\"},\"query-input\":{\"@type\":\"PropertyValueSpecification\",\"valueRequired\":true,\"valueName\":\"search_term_string\"}}],\"inLanguage\":\"gl-ES\"},{\"@type\":\"Organization\",\"@id\":\"https:\\\/\\\/semanasantaferrol.com\\\/gl\\\/#organization\",\"name\":\"Junta General de Cofrad\u00edas y Hermandades de la Semana Santa de Ferrol\",\"alternateName\":\"Junta de Cofrad\u00edas de la Semana Santa de Ferrol\",\"url\":\"https:\\\/\\\/semanasantaferrol.com\\\/gl\\\/\",\"logo\":{\"@type\":\"ImageObject\",\"inLanguage\":\"gl-ES\",\"@id\":\"https:\\\/\\\/semanasantaferrol.com\\\/gl\\\/#\\\/schema\\\/logo\\\/image\\\/\",\"url\":\"https:\\\/\\\/semanasantaferrol.com\\\/wp-content\\\/uploads\\\/2022\\\/10\\\/junta_general_logo.svg\",\"contentUrl\":\"https:\\\/\\\/semanasantaferrol.com\\\/wp-content\\\/uploads\\\/2022\\\/10\\\/junta_general_logo.svg\",\"width\":600,\"height\":790,\"caption\":\"Junta General de Cofrad\u00edas y Hermandades de la Semana Santa de Ferrol\"},\"image\":{\"@id\":\"https:\\\/\\\/semanasantaferrol.com\\\/gl\\\/#\\\/schema\\\/logo\\\/image\\\/\"},\"sameAs\":[\"https:\\\/\\\/www.facebook.com\\\/Juntageneraldecofradias\\\/\",\"https:\\\/\\\/www.instagram.com\\\/juntageneralcofradiasferrol\\\/\",\"https:\\\/\\\/www.youtube.com\\\/@semanasantadeferrol1616\",\"https:\\\/\\\/www.tiktok.com\\\/@semanasantadeferrol\"]},{\"@type\":\"Person\",\"@id\":\"https:\\\/\\\/semanasantaferrol.com\\\/gl\\\/#\\\/schema\\\/person\\\/cdd132690f08f75a35f05e2423e6307c\",\"name\":\"pingota\",\"image\":{\"@type\":\"ImageObject\",\"inLanguage\":\"gl-ES\",\"@id\":\"https:\\\/\\\/secure.gravatar.com\\\/avatar\\\/b1bb79ecdfb8d6f4c44a82262f8b422faeb290304fc5c6f8b9b4305bfaa2853c?s=96&d=mm&r=g\",\"url\":\"https:\\\/\\\/secure.gravatar.com\\\/avatar\\\/b1bb79ecdfb8d6f4c44a82262f8b422faeb290304fc5c6f8b9b4305bfaa2853c?s=96&d=mm&r=g\",\"contentUrl\":\"https:\\\/\\\/secure.gravatar.com\\\/avatar\\\/b1bb79ecdfb8d6f4c44a82262f8b422faeb290304fc5c6f8b9b4305bfaa2853c?s=96&d=mm&r=g\",\"caption\":\"pingota\"},\"url\":\"https:\\\/\\\/semanasantaferrol.com\\\/gl\"}]}<\/script>\n<!-- \/ Yoast SEO plugin. -->","yoast_head_json":{"title":"O xesu\u00edta e sacerdote Daniel Cuesta ser\u00e1 o pregoeiro da Semana Santa 2025 - Junta General de Cofrad\u00edas y Hermandades","description":"O pregoeiro da Semana Santa de Ferrol 2025 ser\u00e1 Daniel Custa, xesu\u00edta e sacerdote, autor de diversos traballos sobre relixiosidade popular","robots":{"index":"index","follow":"follow","max-snippet":"max-snippet:-1","max-image-preview":"max-image-preview:large","max-video-preview":"max-video-preview:-1"},"canonical":"https:\/\/semanasantaferrol.com\/gl\/pregoeiro\/","og_locale":"gl_ES","og_type":"article","og_title":"O xesu\u00edta e sacerdote Daniel Cuesta ser\u00e1 o pregoeiro da Semana Santa 2025 - Junta General de Cofrad\u00edas y Hermandades","og_description":"O pregoeiro da Semana Santa de Ferrol 2025 ser\u00e1 Daniel Custa, xesu\u00edta e sacerdote, autor de diversos traballos sobre relixiosidade popular","og_url":"https:\/\/semanasantaferrol.com\/gl\/pregoeiro\/","og_site_name":"Junta General de Cofrad\u00edas y Hermandades","article_publisher":"https:\/\/www.facebook.com\/Juntageneraldecofradias\/","article_published_time":"2024-10-16T14:50:51+00:00","article_modified_time":"2024-10-16T14:51:14+00:00","og_image":[{"width":2560,"height":1706,"url":"https:\/\/semanasantaferrol.com\/wp-content\/uploads\/2024\/10\/DaniCuesta2-scaled-e1729090195883.jpg","type":"image\/jpeg"}],"author":"pingota","twitter_card":"summary_large_image","twitter_misc":{"Escrito por":"pingota","Tempo de lectura":"2 minutos"},"schema":{"@context":"https:\/\/schema.org","@graph":[{"@type":"Article","@id":"https:\/\/semanasantaferrol.com\/gl\/pregoeiro\/#article","isPartOf":{"@id":"https:\/\/semanasantaferrol.com\/gl\/pregoeiro\/"},"author":{"name":"pingota","@id":"https:\/\/semanasantaferrol.com\/gl\/#\/schema\/person\/cdd132690f08f75a35f05e2423e6307c"},"headline":"O xesu\u00edta e sacerdote Daniel Cuesta ser\u00e1 o pregoeiro da Semana Santa 2025","datePublished":"2024-10-16T14:50:51+00:00","dateModified":"2024-10-16T14:51:14+00:00","mainEntityOfPage":{"@id":"https:\/\/semanasantaferrol.com\/gl\/pregoeiro\/"},"wordCount":420,"commentCount":0,"publisher":{"@id":"https:\/\/semanasantaferrol.com\/gl\/#organization"},"image":{"@id":"https:\/\/semanasantaferrol.com\/gl\/pregoeiro\/#primaryimage"},"thumbnailUrl":"https:\/\/semanasantaferrol.com\/wp-content\/uploads\/2024\/10\/DaniCuesta2-scaled-e1729090195883.jpg","articleSection":["Xunta"],"inLanguage":"gl-ES","potentialAction":[{"@type":"CommentAction","name":"Comment","target":["https:\/\/semanasantaferrol.com\/gl\/pregoeiro\/#respond"]}]},{"@type":"WebPage","@id":"https:\/\/semanasantaferrol.com\/gl\/pregoeiro\/","url":"https:\/\/semanasantaferrol.com\/gl\/pregoeiro\/","name":"O xesu\u00edta e sacerdote Daniel Cuesta ser\u00e1 o pregoeiro da Semana Santa 2025 - Junta General de Cofrad\u00edas y Hermandades","isPartOf":{"@id":"https:\/\/semanasantaferrol.com\/gl\/#website"},"primaryImageOfPage":{"@id":"https:\/\/semanasantaferrol.com\/gl\/pregoeiro\/#primaryimage"},"image":{"@id":"https:\/\/semanasantaferrol.com\/gl\/pregoeiro\/#primaryimage"},"thumbnailUrl":"https:\/\/semanasantaferrol.com\/wp-content\/uploads\/2024\/10\/DaniCuesta2-scaled-e1729090195883.jpg","datePublished":"2024-10-16T14:50:51+00:00","dateModified":"2024-10-16T14:51:14+00:00","description":"O pregoeiro da Semana Santa de Ferrol 2025 ser\u00e1 Daniel Custa, xesu\u00edta e sacerdote, autor de diversos traballos sobre relixiosidade popular","breadcrumb":{"@id":"https:\/\/semanasantaferrol.com\/gl\/pregoeiro\/#breadcrumb"},"inLanguage":"gl-ES","potentialAction":[{"@type":"ReadAction","target":["https:\/\/semanasantaferrol.com\/gl\/pregoeiro\/"]}]},{"@type":"ImageObject","inLanguage":"gl-ES","@id":"https:\/\/semanasantaferrol.com\/gl\/pregoeiro\/#primaryimage","url":"https:\/\/semanasantaferrol.com\/wp-content\/uploads\/2024\/10\/DaniCuesta2-scaled-e1729090195883.jpg","contentUrl":"https:\/\/semanasantaferrol.com\/wp-content\/uploads\/2024\/10\/DaniCuesta2-scaled-e1729090195883.jpg","width":2560,"height":1706,"caption":"pregonero"},{"@type":"BreadcrumbList","@id":"https:\/\/semanasantaferrol.com\/gl\/pregoeiro\/#breadcrumb","itemListElement":[{"@type":"ListItem","position":1,"name":"Portada","item":"https:\/\/semanasantaferrol.com\/gl\/"},{"@type":"ListItem","position":2,"name":"O xesu\u00edta e sacerdote Daniel Cuesta ser\u00e1 o pregoeiro da Semana Santa 2025"}]},{"@type":"WebSite","@id":"https:\/\/semanasantaferrol.com\/gl\/#website","url":"https:\/\/semanasantaferrol.com\/gl\/","name":"Junta General de Cofrad\u00edas y Hermandades","description":"Semana Santa de Ferrol","publisher":{"@id":"https:\/\/semanasantaferrol.com\/gl\/#organization"},"alternateName":"Semana Santa de Ferrol","potentialAction":[{"@type":"SearchAction","target":{"@type":"EntryPoint","urlTemplate":"https:\/\/semanasantaferrol.com\/gl\/?s={search_term_string}"},"query-input":{"@type":"PropertyValueSpecification","valueRequired":true,"valueName":"search_term_string"}}],"inLanguage":"gl-ES"},{"@type":"Organization","@id":"https:\/\/semanasantaferrol.com\/gl\/#organization","name":"Junta General de Cofrad\u00edas y Hermandades de la Semana Santa de Ferrol","alternateName":"Junta de Cofrad\u00edas de la Semana Santa de Ferrol","url":"https:\/\/semanasantaferrol.com\/gl\/","logo":{"@type":"ImageObject","inLanguage":"gl-ES","@id":"https:\/\/semanasantaferrol.com\/gl\/#\/schema\/logo\/image\/","url":"https:\/\/semanasantaferrol.com\/wp-content\/uploads\/2022\/10\/junta_general_logo.svg","contentUrl":"https:\/\/semanasantaferrol.com\/wp-content\/uploads\/2022\/10\/junta_general_logo.svg","width":600,"height":790,"caption":"Junta General de Cofrad\u00edas y Hermandades de la Semana Santa de Ferrol"},"image":{"@id":"https:\/\/semanasantaferrol.com\/gl\/#\/schema\/logo\/image\/"},"sameAs":["https:\/\/www.facebook.com\/Juntageneraldecofradias\/","https:\/\/www.instagram.com\/juntageneralcofradiasferrol\/","https:\/\/www.youtube.com\/@semanasantadeferrol1616","https:\/\/www.tiktok.com\/@semanasantadeferrol"]},{"@type":"Person","@id":"https:\/\/semanasantaferrol.com\/gl\/#\/schema\/person\/cdd132690f08f75a35f05e2423e6307c","name":"pingota","image":{"@type":"ImageObject","inLanguage":"gl-ES","@id":"https:\/\/secure.gravatar.com\/avatar\/b1bb79ecdfb8d6f4c44a82262f8b422faeb290304fc5c6f8b9b4305bfaa2853c?s=96&d=mm&r=g","url":"https:\/\/secure.gravatar.com\/avatar\/b1bb79ecdfb8d6f4c44a82262f8b422faeb290304fc5c6f8b9b4305bfaa2853c?s=96&d=mm&r=g","contentUrl":"https:\/\/secure.gravatar.com\/avatar\/b1bb79ecdfb8d6f4c44a82262f8b422faeb290304fc5c6f8b9b4305bfaa2853c?s=96&d=mm&r=g","caption":"pingota"},"url":"https:\/\/semanasantaferrol.com\/gl"}]}},"_links":{"self":[{"href":"https:\/\/semanasantaferrol.com\/gl\/wp-json\/wp\/v2\/posts\/9276","targetHints":{"allow":["GET"]}}],"collection":[{"href":"https:\/\/semanasantaferrol.com\/gl\/wp-json\/wp\/v2\/posts"}],"about":[{"href":"https:\/\/semanasantaferrol.com\/gl\/wp-json\/wp\/v2\/types\/post"}],"author":[{"embeddable":true,"href":"https:\/\/semanasantaferrol.com\/gl\/wp-json\/wp\/v2\/users\/3"}],"replies":[{"embeddable":true,"href":"https:\/\/semanasantaferrol.com\/gl\/wp-json\/wp\/v2\/comments?post=9276"}],"version-history":[{"count":2,"href":"https:\/\/semanasantaferrol.com\/gl\/wp-json\/wp\/v2\/posts\/9276\/revisions"}],"predecessor-version":[{"id":9282,"href":"https:\/\/semanasantaferrol.com\/gl\/wp-json\/wp\/v2\/posts\/9276\/revisions\/9282"}],"wp:featuredmedia":[{"embeddable":true,"href":"https:\/\/semanasantaferrol.com\/gl\/wp-json\/wp\/v2\/media\/9281"}],"wp:attachment":[{"href":"https:\/\/semanasantaferrol.com\/gl\/wp-json\/wp\/v2\/media?parent=9276"}],"wp:term":[{"taxonomy":"category","embeddable":true,"href":"https:\/\/semanasantaferrol.com\/gl\/wp-json\/wp\/v2\/categories?post=9276"},{"taxonomy":"post_tag","embeddable":true,"href":"https:\/\/semanasantaferrol.com\/gl\/wp-json\/wp\/v2\/tags?post=9276"}],"curies":[{"name":"wp","href":"https:\/\/api.w.org\/{rel}","templated":true}]}}