{"id":9132,"date":"2024-09-12T10:02:36","date_gmt":"2024-09-12T10:02:36","guid":{"rendered":"https:\/\/semanasantaferrol.com\/?p=9132"},"modified":"2025-02-05T10:31:14","modified_gmt":"2025-02-05T10:31:14","slug":"a-xunta-de-confrarias-acorda-as-datas-dos-actos-preliminares-da-semana-santa-2025","status":"publish","type":"post","link":"https:\/\/semanasantaferrol.com\/gl\/a-xunta-de-confrarias-acorda-as-datas-dos-actos-preliminares-da-semana-santa-2025\/","title":{"rendered":"A Xunta de Confrar\u00edas acorda as datas dos actos preliminares da Semana Santa 2025"},"content":{"rendered":"<p>A Xunta Xeral de Confrar\u00edas e Irmandades de Ferrol acordou as datas dos actos m\u00e1is importantes nos preliminares da celebraci\u00f3n da Semana Santa 2025, que ter\u00e1 lugar do 13 ao 20 de abril. Ofreceranse m\u00e1is adiante os detalles de localizaci\u00f3n e horario que a\u00ednda non se incl\u00faan nesta informaci\u00f3n.<\/p>\n<p><strong>Presentaci\u00f3n do cartel<\/strong>, que nesta ocasi\u00f3n estar\u00e1 protagonizado pola Irmandade do Santo Enterro: 17 de xaneiro \u00e1s 19.00h.<\/p>\n<p><strong>V\u00eda Crucis<\/strong>: 21 de marzo, a partir das 20.00h, presidido pola imaxe do Nazareno da Confrar\u00eda das Angustias.<\/p>\n<p><strong>Presentaci\u00f3n da revista Ecce Homo e o procesionario<\/strong>: venres 28 de marzo, \u00e1s 19.00h no antigo hospicio.<\/p>\n<p><strong>Lectura do preg\u00f3n<\/strong>: s\u00e1bado 5 de abril \u00e1s 19.30h.<\/p>\n<p>Na mesma reuni\u00f3n na que se fixaron estes eventos, acordouse que a celebraci\u00f3n da<strong> Luz de Bel\u00e9n<\/strong> ser\u00e1 o 20 de decembro, \u00e1s 20.00h na igrexa do Socorro. Tr\u00e1tase dun acto organizado desde hai dous anos pola Delegaci\u00f3n Episcopal de Confrar\u00edas da Diocese de Mondonedo-Ferrol, na que se comparte a chama tra\u00edda desde Bel\u00e9n, simbolizando o desexo de paz.<\/p>\n","protected":false},"excerpt":{"rendered":"<p>A Xunta Xeral de Confrar\u00edas e Irmandades de Ferrol acordou as datas dos actos m\u00e1is importantes nos preliminares da celebraci\u00f3n da Semana Santa 2025, que ter\u00e1 lugar do 13 ao 20 de abril. Ofreceranse m\u00e1is adiante os detalles de localizaci\u00f3n e horario que a\u00ednda non se incl\u00faan nesta informaci\u00f3n. Presentaci\u00f3n do cartel, que nesta ocasi\u00f3n [&hellip;]<\/p>\n","protected":false},"author":3,"featured_media":9130,"comment_status":"open","ping_status":"open","sticky":false,"template":"","format":"standard","meta":{"footnotes":""},"categories":[39],"tags":[],"class_list":["post-9132","post","type-post","status-publish","format-standard","has-post-thumbnail","hentry","category-xunta"],"yoast_head":"<!-- This site is optimized with the Yoast SEO plugin v27.5 - https:\/\/yoast.com\/product\/yoast-seo-wordpress\/ -->\n<title>A Xunta de Confrar\u00edas acorda as datas dos actos preliminares da Semana Santa 2025 - Junta General de Cofrad\u00edas y Hermandades<\/title>\n<meta name=\"robots\" content=\"index, follow, max-snippet:-1, max-image-preview:large, max-video-preview:-1\" \/>\n<link rel=\"canonical\" href=\"https:\/\/semanasantaferrol.com\/gl\/a-xunta-de-confrarias-acorda-as-datas-dos-actos-preliminares-da-semana-santa-2025\/\" \/>\n<meta property=\"og:locale\" content=\"gl_ES\" \/>\n<meta property=\"og:type\" content=\"article\" \/>\n<meta property=\"og:title\" content=\"A Xunta de Confrar\u00edas acorda as datas dos actos preliminares da Semana Santa 2025 - Junta General de Cofrad\u00edas y Hermandades\" \/>\n<meta property=\"og:description\" content=\"A Xunta Xeral de Confrar\u00edas e Irmandades de Ferrol acordou as datas dos actos m\u00e1is importantes nos preliminares da celebraci\u00f3n da Semana Santa 2025, que ter\u00e1 lugar do 13 ao 20 de abril. Ofreceranse m\u00e1is adiante os detalles de localizaci\u00f3n e horario que a\u00ednda non se incl\u00faan nesta informaci\u00f3n. Presentaci\u00f3n do cartel, que nesta ocasi\u00f3n [&hellip;]\" \/>\n<meta property=\"og:url\" content=\"https:\/\/semanasantaferrol.com\/gl\/a-xunta-de-confrarias-acorda-as-datas-dos-actos-preliminares-da-semana-santa-2025\/\" \/>\n<meta property=\"og:site_name\" content=\"Junta General de Cofrad\u00edas y Hermandades\" \/>\n<meta property=\"article:publisher\" content=\"https:\/\/www.facebook.com\/Juntageneraldecofradias\/\" \/>\n<meta property=\"article:published_time\" content=\"2024-09-12T10:02:36+00:00\" \/>\n<meta property=\"article:modified_time\" content=\"2025-02-05T10:31:14+00:00\" \/>\n<meta property=\"og:image\" content=\"https:\/\/semanasantaferrol.com\/wp-content\/uploads\/2024\/09\/AGENDA-JUNTA-GENERAL-DE-COFRADIAS-Y-HERMANDADES-DE-LA-SEMANA-SANTA-DE-FERROL-3000-x-2250-px-1024x768.png\" \/>\n\t<meta property=\"og:image:width\" content=\"1024\" \/>\n\t<meta property=\"og:image:height\" content=\"768\" \/>\n\t<meta property=\"og:image:type\" content=\"image\/png\" \/>\n<meta name=\"author\" content=\"pingota\" \/>\n<meta name=\"twitter:card\" content=\"summary_large_image\" \/>\n<meta name=\"twitter:label1\" content=\"Escrito por\" \/>\n\t<meta name=\"twitter:data1\" content=\"pingota\" \/>\n\t<meta name=\"twitter:label2\" content=\"Tempo de lectura\" \/>\n\t<meta name=\"twitter:data2\" content=\"1 minuto\" \/>\n<script type=\"application\/ld+json\" class=\"yoast-schema-graph\">{\"@context\":\"https:\\\/\\\/schema.org\",\"@graph\":[{\"@type\":\"Article\",\"@id\":\"https:\\\/\\\/semanasantaferrol.com\\\/gl\\\/a-xunta-de-confrarias-acorda-as-datas-dos-actos-preliminares-da-semana-santa-2025\\\/#article\",\"isPartOf\":{\"@id\":\"https:\\\/\\\/semanasantaferrol.com\\\/gl\\\/a-xunta-de-confrarias-acorda-as-datas-dos-actos-preliminares-da-semana-santa-2025\\\/\"},\"author\":{\"name\":\"pingota\",\"@id\":\"https:\\\/\\\/semanasantaferrol.com\\\/gl\\\/#\\\/schema\\\/person\\\/cdd132690f08f75a35f05e2423e6307c\"},\"headline\":\"A Xunta de Confrar\u00edas acorda as datas dos actos preliminares da Semana Santa 2025\",\"datePublished\":\"2024-09-12T10:02:36+00:00\",\"dateModified\":\"2025-02-05T10:31:14+00:00\",\"mainEntityOfPage\":{\"@id\":\"https:\\\/\\\/semanasantaferrol.com\\\/gl\\\/a-xunta-de-confrarias-acorda-as-datas-dos-actos-preliminares-da-semana-santa-2025\\\/\"},\"wordCount\":199,\"commentCount\":0,\"publisher\":{\"@id\":\"https:\\\/\\\/semanasantaferrol.com\\\/gl\\\/#organization\"},\"image\":{\"@id\":\"https:\\\/\\\/semanasantaferrol.com\\\/gl\\\/a-xunta-de-confrarias-acorda-as-datas-dos-actos-preliminares-da-semana-santa-2025\\\/#primaryimage\"},\"thumbnailUrl\":\"https:\\\/\\\/semanasantaferrol.com\\\/wp-content\\\/uploads\\\/2024\\\/09\\\/AGENDA-JUNTA-GENERAL-DE-COFRADIAS-Y-HERMANDADES-DE-LA-SEMANA-SANTA-DE-FERROL-3000-x-2250-px.png\",\"articleSection\":[\"Xunta\"],\"inLanguage\":\"gl-ES\",\"potentialAction\":[{\"@type\":\"CommentAction\",\"name\":\"Comment\",\"target\":[\"https:\\\/\\\/semanasantaferrol.com\\\/gl\\\/a-xunta-de-confrarias-acorda-as-datas-dos-actos-preliminares-da-semana-santa-2025\\\/#respond\"]}]},{\"@type\":\"WebPage\",\"@id\":\"https:\\\/\\\/semanasantaferrol.com\\\/gl\\\/a-xunta-de-confrarias-acorda-as-datas-dos-actos-preliminares-da-semana-santa-2025\\\/\",\"url\":\"https:\\\/\\\/semanasantaferrol.com\\\/gl\\\/a-xunta-de-confrarias-acorda-as-datas-dos-actos-preliminares-da-semana-santa-2025\\\/\",\"name\":\"A Xunta de Confrar\u00edas acorda as datas dos actos preliminares da Semana Santa 2025 - Junta General de Cofrad\u00edas y Hermandades\",\"isPartOf\":{\"@id\":\"https:\\\/\\\/semanasantaferrol.com\\\/gl\\\/#website\"},\"primaryImageOfPage\":{\"@id\":\"https:\\\/\\\/semanasantaferrol.com\\\/gl\\\/a-xunta-de-confrarias-acorda-as-datas-dos-actos-preliminares-da-semana-santa-2025\\\/#primaryimage\"},\"image\":{\"@id\":\"https:\\\/\\\/semanasantaferrol.com\\\/gl\\\/a-xunta-de-confrarias-acorda-as-datas-dos-actos-preliminares-da-semana-santa-2025\\\/#primaryimage\"},\"thumbnailUrl\":\"https:\\\/\\\/semanasantaferrol.com\\\/wp-content\\\/uploads\\\/2024\\\/09\\\/AGENDA-JUNTA-GENERAL-DE-COFRADIAS-Y-HERMANDADES-DE-LA-SEMANA-SANTA-DE-FERROL-3000-x-2250-px.png\",\"datePublished\":\"2024-09-12T10:02:36+00:00\",\"dateModified\":\"2025-02-05T10:31:14+00:00\",\"breadcrumb\":{\"@id\":\"https:\\\/\\\/semanasantaferrol.com\\\/gl\\\/a-xunta-de-confrarias-acorda-as-datas-dos-actos-preliminares-da-semana-santa-2025\\\/#breadcrumb\"},\"inLanguage\":\"gl-ES\",\"potentialAction\":[{\"@type\":\"ReadAction\",\"target\":[\"https:\\\/\\\/semanasantaferrol.com\\\/gl\\\/a-xunta-de-confrarias-acorda-as-datas-dos-actos-preliminares-da-semana-santa-2025\\\/\"]}]},{\"@type\":\"ImageObject\",\"inLanguage\":\"gl-ES\",\"@id\":\"https:\\\/\\\/semanasantaferrol.com\\\/gl\\\/a-xunta-de-confrarias-acorda-as-datas-dos-actos-preliminares-da-semana-santa-2025\\\/#primaryimage\",\"url\":\"https:\\\/\\\/semanasantaferrol.com\\\/wp-content\\\/uploads\\\/2024\\\/09\\\/AGENDA-JUNTA-GENERAL-DE-COFRADIAS-Y-HERMANDADES-DE-LA-SEMANA-SANTA-DE-FERROL-3000-x-2250-px.png\",\"contentUrl\":\"https:\\\/\\\/semanasantaferrol.com\\\/wp-content\\\/uploads\\\/2024\\\/09\\\/AGENDA-JUNTA-GENERAL-DE-COFRADIAS-Y-HERMANDADES-DE-LA-SEMANA-SANTA-DE-FERROL-3000-x-2250-px.png\",\"width\":3000,\"height\":2250},{\"@type\":\"BreadcrumbList\",\"@id\":\"https:\\\/\\\/semanasantaferrol.com\\\/gl\\\/a-xunta-de-confrarias-acorda-as-datas-dos-actos-preliminares-da-semana-santa-2025\\\/#breadcrumb\",\"itemListElement\":[{\"@type\":\"ListItem\",\"position\":1,\"name\":\"Portada\",\"item\":\"https:\\\/\\\/semanasantaferrol.com\\\/gl\\\/\"},{\"@type\":\"ListItem\",\"position\":2,\"name\":\"A Xunta de Confrar\u00edas acorda as datas dos actos preliminares da Semana Santa 2025\"}]},{\"@type\":\"WebSite\",\"@id\":\"https:\\\/\\\/semanasantaferrol.com\\\/gl\\\/#website\",\"url\":\"https:\\\/\\\/semanasantaferrol.com\\\/gl\\\/\",\"name\":\"Junta General de Cofrad\u00edas y Hermandades\",\"description\":\"Semana Santa de Ferrol\",\"publisher\":{\"@id\":\"https:\\\/\\\/semanasantaferrol.com\\\/gl\\\/#organization\"},\"alternateName\":\"Semana Santa de Ferrol\",\"potentialAction\":[{\"@type\":\"SearchAction\",\"target\":{\"@type\":\"EntryPoint\",\"urlTemplate\":\"https:\\\/\\\/semanasantaferrol.com\\\/gl\\\/?s={search_term_string}\"},\"query-input\":{\"@type\":\"PropertyValueSpecification\",\"valueRequired\":true,\"valueName\":\"search_term_string\"}}],\"inLanguage\":\"gl-ES\"},{\"@type\":\"Organization\",\"@id\":\"https:\\\/\\\/semanasantaferrol.com\\\/gl\\\/#organization\",\"name\":\"Junta General de Cofrad\u00edas y Hermandades de la Semana Santa de Ferrol\",\"alternateName\":\"Junta de Cofrad\u00edas de la Semana Santa de Ferrol\",\"url\":\"https:\\\/\\\/semanasantaferrol.com\\\/gl\\\/\",\"logo\":{\"@type\":\"ImageObject\",\"inLanguage\":\"gl-ES\",\"@id\":\"https:\\\/\\\/semanasantaferrol.com\\\/gl\\\/#\\\/schema\\\/logo\\\/image\\\/\",\"url\":\"https:\\\/\\\/semanasantaferrol.com\\\/wp-content\\\/uploads\\\/2022\\\/10\\\/junta_general_logo.svg\",\"contentUrl\":\"https:\\\/\\\/semanasantaferrol.com\\\/wp-content\\\/uploads\\\/2022\\\/10\\\/junta_general_logo.svg\",\"width\":600,\"height\":790,\"caption\":\"Junta General de Cofrad\u00edas y Hermandades de la Semana Santa de Ferrol\"},\"image\":{\"@id\":\"https:\\\/\\\/semanasantaferrol.com\\\/gl\\\/#\\\/schema\\\/logo\\\/image\\\/\"},\"sameAs\":[\"https:\\\/\\\/www.facebook.com\\\/Juntageneraldecofradias\\\/\",\"https:\\\/\\\/www.instagram.com\\\/juntageneralcofradiasferrol\\\/\",\"https:\\\/\\\/www.youtube.com\\\/@semanasantadeferrol1616\",\"https:\\\/\\\/www.tiktok.com\\\/@semanasantadeferrol\"]},{\"@type\":\"Person\",\"@id\":\"https:\\\/\\\/semanasantaferrol.com\\\/gl\\\/#\\\/schema\\\/person\\\/cdd132690f08f75a35f05e2423e6307c\",\"name\":\"pingota\",\"image\":{\"@type\":\"ImageObject\",\"inLanguage\":\"gl-ES\",\"@id\":\"https:\\\/\\\/secure.gravatar.com\\\/avatar\\\/b1bb79ecdfb8d6f4c44a82262f8b422faeb290304fc5c6f8b9b4305bfaa2853c?s=96&d=mm&r=g\",\"url\":\"https:\\\/\\\/secure.gravatar.com\\\/avatar\\\/b1bb79ecdfb8d6f4c44a82262f8b422faeb290304fc5c6f8b9b4305bfaa2853c?s=96&d=mm&r=g\",\"contentUrl\":\"https:\\\/\\\/secure.gravatar.com\\\/avatar\\\/b1bb79ecdfb8d6f4c44a82262f8b422faeb290304fc5c6f8b9b4305bfaa2853c?s=96&d=mm&r=g\",\"caption\":\"pingota\"},\"url\":\"https:\\\/\\\/semanasantaferrol.com\\\/gl\"}]}<\/script>\n<!-- \/ Yoast SEO plugin. -->","yoast_head_json":{"title":"A Xunta de Confrar\u00edas acorda as datas dos actos preliminares da Semana Santa 2025 - Junta General de Cofrad\u00edas y Hermandades","robots":{"index":"index","follow":"follow","max-snippet":"max-snippet:-1","max-image-preview":"max-image-preview:large","max-video-preview":"max-video-preview:-1"},"canonical":"https:\/\/semanasantaferrol.com\/gl\/a-xunta-de-confrarias-acorda-as-datas-dos-actos-preliminares-da-semana-santa-2025\/","og_locale":"gl_ES","og_type":"article","og_title":"A Xunta de Confrar\u00edas acorda as datas dos actos preliminares da Semana Santa 2025 - Junta General de Cofrad\u00edas y Hermandades","og_description":"A Xunta Xeral de Confrar\u00edas e Irmandades de Ferrol acordou as datas dos actos m\u00e1is importantes nos preliminares da celebraci\u00f3n da Semana Santa 2025, que ter\u00e1 lugar do 13 ao 20 de abril. Ofreceranse m\u00e1is adiante os detalles de localizaci\u00f3n e horario que a\u00ednda non se incl\u00faan nesta informaci\u00f3n. Presentaci\u00f3n do cartel, que nesta ocasi\u00f3n [&hellip;]","og_url":"https:\/\/semanasantaferrol.com\/gl\/a-xunta-de-confrarias-acorda-as-datas-dos-actos-preliminares-da-semana-santa-2025\/","og_site_name":"Junta General de Cofrad\u00edas y Hermandades","article_publisher":"https:\/\/www.facebook.com\/Juntageneraldecofradias\/","article_published_time":"2024-09-12T10:02:36+00:00","article_modified_time":"2025-02-05T10:31:14+00:00","og_image":[{"width":1024,"height":768,"url":"https:\/\/semanasantaferrol.com\/wp-content\/uploads\/2024\/09\/AGENDA-JUNTA-GENERAL-DE-COFRADIAS-Y-HERMANDADES-DE-LA-SEMANA-SANTA-DE-FERROL-3000-x-2250-px-1024x768.png","type":"image\/png"}],"author":"pingota","twitter_card":"summary_large_image","twitter_misc":{"Escrito por":"pingota","Tempo de lectura":"1 minuto"},"schema":{"@context":"https:\/\/schema.org","@graph":[{"@type":"Article","@id":"https:\/\/semanasantaferrol.com\/gl\/a-xunta-de-confrarias-acorda-as-datas-dos-actos-preliminares-da-semana-santa-2025\/#article","isPartOf":{"@id":"https:\/\/semanasantaferrol.com\/gl\/a-xunta-de-confrarias-acorda-as-datas-dos-actos-preliminares-da-semana-santa-2025\/"},"author":{"name":"pingota","@id":"https:\/\/semanasantaferrol.com\/gl\/#\/schema\/person\/cdd132690f08f75a35f05e2423e6307c"},"headline":"A Xunta de Confrar\u00edas acorda as datas dos actos preliminares da Semana Santa 2025","datePublished":"2024-09-12T10:02:36+00:00","dateModified":"2025-02-05T10:31:14+00:00","mainEntityOfPage":{"@id":"https:\/\/semanasantaferrol.com\/gl\/a-xunta-de-confrarias-acorda-as-datas-dos-actos-preliminares-da-semana-santa-2025\/"},"wordCount":199,"commentCount":0,"publisher":{"@id":"https:\/\/semanasantaferrol.com\/gl\/#organization"},"image":{"@id":"https:\/\/semanasantaferrol.com\/gl\/a-xunta-de-confrarias-acorda-as-datas-dos-actos-preliminares-da-semana-santa-2025\/#primaryimage"},"thumbnailUrl":"https:\/\/semanasantaferrol.com\/wp-content\/uploads\/2024\/09\/AGENDA-JUNTA-GENERAL-DE-COFRADIAS-Y-HERMANDADES-DE-LA-SEMANA-SANTA-DE-FERROL-3000-x-2250-px.png","articleSection":["Xunta"],"inLanguage":"gl-ES","potentialAction":[{"@type":"CommentAction","name":"Comment","target":["https:\/\/semanasantaferrol.com\/gl\/a-xunta-de-confrarias-acorda-as-datas-dos-actos-preliminares-da-semana-santa-2025\/#respond"]}]},{"@type":"WebPage","@id":"https:\/\/semanasantaferrol.com\/gl\/a-xunta-de-confrarias-acorda-as-datas-dos-actos-preliminares-da-semana-santa-2025\/","url":"https:\/\/semanasantaferrol.com\/gl\/a-xunta-de-confrarias-acorda-as-datas-dos-actos-preliminares-da-semana-santa-2025\/","name":"A Xunta de Confrar\u00edas acorda as datas dos actos preliminares da Semana Santa 2025 - Junta General de Cofrad\u00edas y Hermandades","isPartOf":{"@id":"https:\/\/semanasantaferrol.com\/gl\/#website"},"primaryImageOfPage":{"@id":"https:\/\/semanasantaferrol.com\/gl\/a-xunta-de-confrarias-acorda-as-datas-dos-actos-preliminares-da-semana-santa-2025\/#primaryimage"},"image":{"@id":"https:\/\/semanasantaferrol.com\/gl\/a-xunta-de-confrarias-acorda-as-datas-dos-actos-preliminares-da-semana-santa-2025\/#primaryimage"},"thumbnailUrl":"https:\/\/semanasantaferrol.com\/wp-content\/uploads\/2024\/09\/AGENDA-JUNTA-GENERAL-DE-COFRADIAS-Y-HERMANDADES-DE-LA-SEMANA-SANTA-DE-FERROL-3000-x-2250-px.png","datePublished":"2024-09-12T10:02:36+00:00","dateModified":"2025-02-05T10:31:14+00:00","breadcrumb":{"@id":"https:\/\/semanasantaferrol.com\/gl\/a-xunta-de-confrarias-acorda-as-datas-dos-actos-preliminares-da-semana-santa-2025\/#breadcrumb"},"inLanguage":"gl-ES","potentialAction":[{"@type":"ReadAction","target":["https:\/\/semanasantaferrol.com\/gl\/a-xunta-de-confrarias-acorda-as-datas-dos-actos-preliminares-da-semana-santa-2025\/"]}]},{"@type":"ImageObject","inLanguage":"gl-ES","@id":"https:\/\/semanasantaferrol.com\/gl\/a-xunta-de-confrarias-acorda-as-datas-dos-actos-preliminares-da-semana-santa-2025\/#primaryimage","url":"https:\/\/semanasantaferrol.com\/wp-content\/uploads\/2024\/09\/AGENDA-JUNTA-GENERAL-DE-COFRADIAS-Y-HERMANDADES-DE-LA-SEMANA-SANTA-DE-FERROL-3000-x-2250-px.png","contentUrl":"https:\/\/semanasantaferrol.com\/wp-content\/uploads\/2024\/09\/AGENDA-JUNTA-GENERAL-DE-COFRADIAS-Y-HERMANDADES-DE-LA-SEMANA-SANTA-DE-FERROL-3000-x-2250-px.png","width":3000,"height":2250},{"@type":"BreadcrumbList","@id":"https:\/\/semanasantaferrol.com\/gl\/a-xunta-de-confrarias-acorda-as-datas-dos-actos-preliminares-da-semana-santa-2025\/#breadcrumb","itemListElement":[{"@type":"ListItem","position":1,"name":"Portada","item":"https:\/\/semanasantaferrol.com\/gl\/"},{"@type":"ListItem","position":2,"name":"A Xunta de Confrar\u00edas acorda as datas dos actos preliminares da Semana Santa 2025"}]},{"@type":"WebSite","@id":"https:\/\/semanasantaferrol.com\/gl\/#website","url":"https:\/\/semanasantaferrol.com\/gl\/","name":"Junta General de Cofrad\u00edas y Hermandades","description":"Semana Santa de Ferrol","publisher":{"@id":"https:\/\/semanasantaferrol.com\/gl\/#organization"},"alternateName":"Semana Santa de Ferrol","potentialAction":[{"@type":"SearchAction","target":{"@type":"EntryPoint","urlTemplate":"https:\/\/semanasantaferrol.com\/gl\/?s={search_term_string}"},"query-input":{"@type":"PropertyValueSpecification","valueRequired":true,"valueName":"search_term_string"}}],"inLanguage":"gl-ES"},{"@type":"Organization","@id":"https:\/\/semanasantaferrol.com\/gl\/#organization","name":"Junta General de Cofrad\u00edas y Hermandades de la Semana Santa de Ferrol","alternateName":"Junta de Cofrad\u00edas de la Semana Santa de Ferrol","url":"https:\/\/semanasantaferrol.com\/gl\/","logo":{"@type":"ImageObject","inLanguage":"gl-ES","@id":"https:\/\/semanasantaferrol.com\/gl\/#\/schema\/logo\/image\/","url":"https:\/\/semanasantaferrol.com\/wp-content\/uploads\/2022\/10\/junta_general_logo.svg","contentUrl":"https:\/\/semanasantaferrol.com\/wp-content\/uploads\/2022\/10\/junta_general_logo.svg","width":600,"height":790,"caption":"Junta General de Cofrad\u00edas y Hermandades de la Semana Santa de Ferrol"},"image":{"@id":"https:\/\/semanasantaferrol.com\/gl\/#\/schema\/logo\/image\/"},"sameAs":["https:\/\/www.facebook.com\/Juntageneraldecofradias\/","https:\/\/www.instagram.com\/juntageneralcofradiasferrol\/","https:\/\/www.youtube.com\/@semanasantadeferrol1616","https:\/\/www.tiktok.com\/@semanasantadeferrol"]},{"@type":"Person","@id":"https:\/\/semanasantaferrol.com\/gl\/#\/schema\/person\/cdd132690f08f75a35f05e2423e6307c","name":"pingota","image":{"@type":"ImageObject","inLanguage":"gl-ES","@id":"https:\/\/secure.gravatar.com\/avatar\/b1bb79ecdfb8d6f4c44a82262f8b422faeb290304fc5c6f8b9b4305bfaa2853c?s=96&d=mm&r=g","url":"https:\/\/secure.gravatar.com\/avatar\/b1bb79ecdfb8d6f4c44a82262f8b422faeb290304fc5c6f8b9b4305bfaa2853c?s=96&d=mm&r=g","contentUrl":"https:\/\/secure.gravatar.com\/avatar\/b1bb79ecdfb8d6f4c44a82262f8b422faeb290304fc5c6f8b9b4305bfaa2853c?s=96&d=mm&r=g","caption":"pingota"},"url":"https:\/\/semanasantaferrol.com\/gl"}]}},"_links":{"self":[{"href":"https:\/\/semanasantaferrol.com\/gl\/wp-json\/wp\/v2\/posts\/9132","targetHints":{"allow":["GET"]}}],"collection":[{"href":"https:\/\/semanasantaferrol.com\/gl\/wp-json\/wp\/v2\/posts"}],"about":[{"href":"https:\/\/semanasantaferrol.com\/gl\/wp-json\/wp\/v2\/types\/post"}],"author":[{"embeddable":true,"href":"https:\/\/semanasantaferrol.com\/gl\/wp-json\/wp\/v2\/users\/3"}],"replies":[{"embeddable":true,"href":"https:\/\/semanasantaferrol.com\/gl\/wp-json\/wp\/v2\/comments?post=9132"}],"version-history":[{"count":3,"href":"https:\/\/semanasantaferrol.com\/gl\/wp-json\/wp\/v2\/posts\/9132\/revisions"}],"predecessor-version":[{"id":9986,"href":"https:\/\/semanasantaferrol.com\/gl\/wp-json\/wp\/v2\/posts\/9132\/revisions\/9986"}],"wp:featuredmedia":[{"embeddable":true,"href":"https:\/\/semanasantaferrol.com\/gl\/wp-json\/wp\/v2\/media\/9130"}],"wp:attachment":[{"href":"https:\/\/semanasantaferrol.com\/gl\/wp-json\/wp\/v2\/media?parent=9132"}],"wp:term":[{"taxonomy":"category","embeddable":true,"href":"https:\/\/semanasantaferrol.com\/gl\/wp-json\/wp\/v2\/categories?post=9132"},{"taxonomy":"post_tag","embeddable":true,"href":"https:\/\/semanasantaferrol.com\/gl\/wp-json\/wp\/v2\/tags?post=9132"}],"curies":[{"name":"wp","href":"https:\/\/api.w.org\/{rel}","templated":true}]}}