{"id":7851,"date":"2024-03-15T10:33:15","date_gmt":"2024-03-15T10:33:15","guid":{"rendered":"https:\/\/semanasantaferrol.com\/?p=7851"},"modified":"2024-03-15T10:49:22","modified_gmt":"2024-03-15T10:49:22","slug":"arranca-con-grande-exito-o-primeiro-album-de-cromos-da-semana-santa-de-ferrol","status":"publish","type":"post","link":"https:\/\/semanasantaferrol.com\/gl\/arranca-con-grande-exito-o-primeiro-album-de-cromos-da-semana-santa-de-ferrol\/","title":{"rendered":"Arranca con grande \u00e9xito o primeiro \u00e1lbum de cromos da Semana Santa de Ferrol"},"content":{"rendered":"<p>En pouco m\u00e1is dunha semana xa est\u00e1n case esgotadas as 2.000 copias do \u00e1lbum de cromos da Semana Santa de Ferrol. O ferrol\u00e1n Chisco Ayguavives Caldevilla, profesional cunha longa traxectoria no mundo audiovisual e home con esp\u00edrito emprendedor, \u00e9 a persoa que puxo en marcha esta aventura co patrocinio do Centro Comercial Aberto e o Concello de Ferrol, e co apoio de a Xunta de Confrar\u00edas e Confrar\u00edas, que lle cedeu imaxes do seu arquivo fotogr\u00e1fico asinadas por Roberto Mar\u00edn para tal fin.<\/p>\n<p>O Centro Comercial Aberto repartiu o \u00e1lbum entre os seus establecementos asociados, m\u00e1is dun centenar de establecementos comerciais e de hostaler\u00eda do barrio da Magdalena, onde se entregan aos clientes. Nalg\u00fans deles tam\u00e9n est\u00e1n \u00e1 venda os cromos, as\u00ed como en quioscos e estancos tanto do centro como de Ultramar e Porto, en sobres de cinco por 1\u20ac. Chisco Ayguavives explica que se lanzaron medio mill\u00f3n de cromos-100.000 sobres- pero que de seguir as\u00ed o ritmo \u00e9 posible que antes de que chegue o Domingo de Ramos decida reeditar tanto os \u00e1lbumes como os cromos.<\/p>\n<p>O \u00e1lbum est\u00e1 estruturado por procesi\u00f3ns e cada unha delas ten 9 cromos. Son todos fotograf\u00edas de Roberto Mar\u00edn ag\u00e1s as da procesi\u00f3n do Cristo dos Navegantes, na que se empregaron imaxes de Jes\u00fas Romero, o autor da imaxe que ilustra o cartel da Semana Santa de Ferrol deste ano. Completar o \u00e1lbum sup\u00f3n reunir 180 cromos e pegalos no seu espazo correspondente, a\u00ednda que hai un apartado m\u00e1is, titulado \u201cOs meus recordos\u201d, que se pode completar con cromos personalizables. Os que o desexen poden enviar 9 fotos da s\u00faa Semana Santa a info@cromossemanasantaferrol.es, que ser\u00e1n remitidas por correo ordinario convertidas en cromos adhesivos e cun custo de 4,95 \u20ac.<\/p>\n<p>A intenci\u00f3n de Chisco Ayguavives \u00e9 organizar durante a Semana Santa algunha \u201cxuntanza\u201d para intercambiar cromos e que as persoas, nenos ou adultos, que estean a facer a colecci\u00f3n poidan desfacerse dos &#8220;repes\u201d e levar os que a\u00ednda non te\u00f1en.<\/p>\n","protected":false},"excerpt":{"rendered":"<p>En pouco m\u00e1is dunha semana xa est\u00e1n case esgotadas as 2.000 copias do \u00e1lbum de cromos da Semana Santa de Ferrol. O ferrol\u00e1n Chisco Ayguavives Caldevilla, profesional cunha longa traxectoria no mundo audiovisual e home con esp\u00edrito emprendedor, \u00e9 a persoa que puxo en marcha esta aventura co patrocinio do Centro Comercial Aberto e o [&hellip;]<\/p>\n","protected":false},"author":3,"featured_media":7849,"comment_status":"open","ping_status":"open","sticky":false,"template":"","format":"standard","meta":{"footnotes":""},"categories":[39],"tags":[],"class_list":["post-7851","post","type-post","status-publish","format-standard","has-post-thumbnail","hentry","category-xunta"],"yoast_head":"<!-- This site is optimized with the Yoast SEO plugin v27.5 - https:\/\/yoast.com\/product\/yoast-seo-wordpress\/ -->\n<title>Arranca con grande \u00e9xito o primeiro \u00e1lbum de cromos da Semana Santa de Ferrol - Junta General de Cofrad\u00edas y Hermandades<\/title>\n<meta name=\"robots\" content=\"index, follow, max-snippet:-1, max-image-preview:large, max-video-preview:-1\" \/>\n<link rel=\"canonical\" href=\"https:\/\/semanasantaferrol.com\/gl\/arranca-con-grande-exito-o-primeiro-album-de-cromos-da-semana-santa-de-ferrol\/\" \/>\n<meta property=\"og:locale\" content=\"gl_ES\" \/>\n<meta property=\"og:type\" content=\"article\" \/>\n<meta property=\"og:title\" content=\"Arranca con grande \u00e9xito o primeiro \u00e1lbum de cromos da Semana Santa de Ferrol - Junta General de Cofrad\u00edas y Hermandades\" \/>\n<meta property=\"og:description\" content=\"En pouco m\u00e1is dunha semana xa est\u00e1n case esgotadas as 2.000 copias do \u00e1lbum de cromos da Semana Santa de Ferrol. O ferrol\u00e1n Chisco Ayguavives Caldevilla, profesional cunha longa traxectoria no mundo audiovisual e home con esp\u00edrito emprendedor, \u00e9 a persoa que puxo en marcha esta aventura co patrocinio do Centro Comercial Aberto e o [&hellip;]\" \/>\n<meta property=\"og:url\" content=\"https:\/\/semanasantaferrol.com\/gl\/arranca-con-grande-exito-o-primeiro-album-de-cromos-da-semana-santa-de-ferrol\/\" \/>\n<meta property=\"og:site_name\" content=\"Junta General de Cofrad\u00edas y Hermandades\" \/>\n<meta property=\"article:publisher\" content=\"https:\/\/www.facebook.com\/Juntageneraldecofradias\/\" \/>\n<meta property=\"article:published_time\" content=\"2024-03-15T10:33:15+00:00\" \/>\n<meta property=\"article:modified_time\" content=\"2024-03-15T10:49:22+00:00\" \/>\n<meta property=\"og:image\" content=\"https:\/\/semanasantaferrol.com\/wp-content\/uploads\/2024\/03\/horario-3000-x-2250-px-1-1024x768.png\" \/>\n\t<meta property=\"og:image:width\" content=\"1024\" \/>\n\t<meta property=\"og:image:height\" content=\"768\" \/>\n\t<meta property=\"og:image:type\" content=\"image\/png\" \/>\n<meta name=\"author\" content=\"pingota\" \/>\n<meta name=\"twitter:card\" content=\"summary_large_image\" \/>\n<meta name=\"twitter:label1\" content=\"Escrito por\" \/>\n\t<meta name=\"twitter:data1\" content=\"pingota\" \/>\n\t<meta name=\"twitter:label2\" content=\"Tempo de lectura\" \/>\n\t<meta name=\"twitter:data2\" content=\"2 minutos\" \/>\n<script type=\"application\/ld+json\" class=\"yoast-schema-graph\">{\"@context\":\"https:\\\/\\\/schema.org\",\"@graph\":[{\"@type\":\"Article\",\"@id\":\"https:\\\/\\\/semanasantaferrol.com\\\/gl\\\/arranca-con-grande-exito-o-primeiro-album-de-cromos-da-semana-santa-de-ferrol\\\/#article\",\"isPartOf\":{\"@id\":\"https:\\\/\\\/semanasantaferrol.com\\\/gl\\\/arranca-con-grande-exito-o-primeiro-album-de-cromos-da-semana-santa-de-ferrol\\\/\"},\"author\":{\"name\":\"pingota\",\"@id\":\"https:\\\/\\\/semanasantaferrol.com\\\/gl\\\/#\\\/schema\\\/person\\\/cdd132690f08f75a35f05e2423e6307c\"},\"headline\":\"Arranca con grande \u00e9xito o primeiro \u00e1lbum de cromos da Semana Santa de Ferrol\",\"datePublished\":\"2024-03-15T10:33:15+00:00\",\"dateModified\":\"2024-03-15T10:49:22+00:00\",\"mainEntityOfPage\":{\"@id\":\"https:\\\/\\\/semanasantaferrol.com\\\/gl\\\/arranca-con-grande-exito-o-primeiro-album-de-cromos-da-semana-santa-de-ferrol\\\/\"},\"wordCount\":362,\"commentCount\":0,\"publisher\":{\"@id\":\"https:\\\/\\\/semanasantaferrol.com\\\/gl\\\/#organization\"},\"image\":{\"@id\":\"https:\\\/\\\/semanasantaferrol.com\\\/gl\\\/arranca-con-grande-exito-o-primeiro-album-de-cromos-da-semana-santa-de-ferrol\\\/#primaryimage\"},\"thumbnailUrl\":\"https:\\\/\\\/semanasantaferrol.com\\\/wp-content\\\/uploads\\\/2024\\\/03\\\/horario-3000-x-2250-px-1.png\",\"articleSection\":[\"Xunta\"],\"inLanguage\":\"gl-ES\",\"potentialAction\":[{\"@type\":\"CommentAction\",\"name\":\"Comment\",\"target\":[\"https:\\\/\\\/semanasantaferrol.com\\\/gl\\\/arranca-con-grande-exito-o-primeiro-album-de-cromos-da-semana-santa-de-ferrol\\\/#respond\"]}]},{\"@type\":\"WebPage\",\"@id\":\"https:\\\/\\\/semanasantaferrol.com\\\/gl\\\/arranca-con-grande-exito-o-primeiro-album-de-cromos-da-semana-santa-de-ferrol\\\/\",\"url\":\"https:\\\/\\\/semanasantaferrol.com\\\/gl\\\/arranca-con-grande-exito-o-primeiro-album-de-cromos-da-semana-santa-de-ferrol\\\/\",\"name\":\"Arranca con grande \u00e9xito o primeiro \u00e1lbum de cromos da Semana Santa de Ferrol - Junta General de Cofrad\u00edas y Hermandades\",\"isPartOf\":{\"@id\":\"https:\\\/\\\/semanasantaferrol.com\\\/gl\\\/#website\"},\"primaryImageOfPage\":{\"@id\":\"https:\\\/\\\/semanasantaferrol.com\\\/gl\\\/arranca-con-grande-exito-o-primeiro-album-de-cromos-da-semana-santa-de-ferrol\\\/#primaryimage\"},\"image\":{\"@id\":\"https:\\\/\\\/semanasantaferrol.com\\\/gl\\\/arranca-con-grande-exito-o-primeiro-album-de-cromos-da-semana-santa-de-ferrol\\\/#primaryimage\"},\"thumbnailUrl\":\"https:\\\/\\\/semanasantaferrol.com\\\/wp-content\\\/uploads\\\/2024\\\/03\\\/horario-3000-x-2250-px-1.png\",\"datePublished\":\"2024-03-15T10:33:15+00:00\",\"dateModified\":\"2024-03-15T10:49:22+00:00\",\"breadcrumb\":{\"@id\":\"https:\\\/\\\/semanasantaferrol.com\\\/gl\\\/arranca-con-grande-exito-o-primeiro-album-de-cromos-da-semana-santa-de-ferrol\\\/#breadcrumb\"},\"inLanguage\":\"gl-ES\",\"potentialAction\":[{\"@type\":\"ReadAction\",\"target\":[\"https:\\\/\\\/semanasantaferrol.com\\\/gl\\\/arranca-con-grande-exito-o-primeiro-album-de-cromos-da-semana-santa-de-ferrol\\\/\"]}]},{\"@type\":\"ImageObject\",\"inLanguage\":\"gl-ES\",\"@id\":\"https:\\\/\\\/semanasantaferrol.com\\\/gl\\\/arranca-con-grande-exito-o-primeiro-album-de-cromos-da-semana-santa-de-ferrol\\\/#primaryimage\",\"url\":\"https:\\\/\\\/semanasantaferrol.com\\\/wp-content\\\/uploads\\\/2024\\\/03\\\/horario-3000-x-2250-px-1.png\",\"contentUrl\":\"https:\\\/\\\/semanasantaferrol.com\\\/wp-content\\\/uploads\\\/2024\\\/03\\\/horario-3000-x-2250-px-1.png\",\"width\":3000,\"height\":2250},{\"@type\":\"BreadcrumbList\",\"@id\":\"https:\\\/\\\/semanasantaferrol.com\\\/gl\\\/arranca-con-grande-exito-o-primeiro-album-de-cromos-da-semana-santa-de-ferrol\\\/#breadcrumb\",\"itemListElement\":[{\"@type\":\"ListItem\",\"position\":1,\"name\":\"Portada\",\"item\":\"https:\\\/\\\/semanasantaferrol.com\\\/gl\\\/\"},{\"@type\":\"ListItem\",\"position\":2,\"name\":\"Arranca con grande \u00e9xito o primeiro \u00e1lbum de cromos da Semana Santa de Ferrol\"}]},{\"@type\":\"WebSite\",\"@id\":\"https:\\\/\\\/semanasantaferrol.com\\\/gl\\\/#website\",\"url\":\"https:\\\/\\\/semanasantaferrol.com\\\/gl\\\/\",\"name\":\"Junta General de Cofrad\u00edas y Hermandades\",\"description\":\"Semana Santa de Ferrol\",\"publisher\":{\"@id\":\"https:\\\/\\\/semanasantaferrol.com\\\/gl\\\/#organization\"},\"alternateName\":\"Semana Santa de Ferrol\",\"potentialAction\":[{\"@type\":\"SearchAction\",\"target\":{\"@type\":\"EntryPoint\",\"urlTemplate\":\"https:\\\/\\\/semanasantaferrol.com\\\/gl\\\/?s={search_term_string}\"},\"query-input\":{\"@type\":\"PropertyValueSpecification\",\"valueRequired\":true,\"valueName\":\"search_term_string\"}}],\"inLanguage\":\"gl-ES\"},{\"@type\":\"Organization\",\"@id\":\"https:\\\/\\\/semanasantaferrol.com\\\/gl\\\/#organization\",\"name\":\"Junta General de Cofrad\u00edas y Hermandades de la Semana Santa de Ferrol\",\"alternateName\":\"Junta de Cofrad\u00edas de la Semana Santa de Ferrol\",\"url\":\"https:\\\/\\\/semanasantaferrol.com\\\/gl\\\/\",\"logo\":{\"@type\":\"ImageObject\",\"inLanguage\":\"gl-ES\",\"@id\":\"https:\\\/\\\/semanasantaferrol.com\\\/gl\\\/#\\\/schema\\\/logo\\\/image\\\/\",\"url\":\"https:\\\/\\\/semanasantaferrol.com\\\/wp-content\\\/uploads\\\/2022\\\/10\\\/junta_general_logo.svg\",\"contentUrl\":\"https:\\\/\\\/semanasantaferrol.com\\\/wp-content\\\/uploads\\\/2022\\\/10\\\/junta_general_logo.svg\",\"width\":600,\"height\":790,\"caption\":\"Junta General de Cofrad\u00edas y Hermandades de la Semana Santa de Ferrol\"},\"image\":{\"@id\":\"https:\\\/\\\/semanasantaferrol.com\\\/gl\\\/#\\\/schema\\\/logo\\\/image\\\/\"},\"sameAs\":[\"https:\\\/\\\/www.facebook.com\\\/Juntageneraldecofradias\\\/\",\"https:\\\/\\\/www.instagram.com\\\/juntageneralcofradiasferrol\\\/\",\"https:\\\/\\\/www.youtube.com\\\/@semanasantadeferrol1616\",\"https:\\\/\\\/www.tiktok.com\\\/@semanasantadeferrol\"]},{\"@type\":\"Person\",\"@id\":\"https:\\\/\\\/semanasantaferrol.com\\\/gl\\\/#\\\/schema\\\/person\\\/cdd132690f08f75a35f05e2423e6307c\",\"name\":\"pingota\",\"image\":{\"@type\":\"ImageObject\",\"inLanguage\":\"gl-ES\",\"@id\":\"https:\\\/\\\/secure.gravatar.com\\\/avatar\\\/b1bb79ecdfb8d6f4c44a82262f8b422faeb290304fc5c6f8b9b4305bfaa2853c?s=96&d=mm&r=g\",\"url\":\"https:\\\/\\\/secure.gravatar.com\\\/avatar\\\/b1bb79ecdfb8d6f4c44a82262f8b422faeb290304fc5c6f8b9b4305bfaa2853c?s=96&d=mm&r=g\",\"contentUrl\":\"https:\\\/\\\/secure.gravatar.com\\\/avatar\\\/b1bb79ecdfb8d6f4c44a82262f8b422faeb290304fc5c6f8b9b4305bfaa2853c?s=96&d=mm&r=g\",\"caption\":\"pingota\"},\"url\":\"https:\\\/\\\/semanasantaferrol.com\\\/gl\"}]}<\/script>\n<!-- \/ Yoast SEO plugin. -->","yoast_head_json":{"title":"Arranca con grande \u00e9xito o primeiro \u00e1lbum de cromos da Semana Santa de Ferrol - Junta General de Cofrad\u00edas y Hermandades","robots":{"index":"index","follow":"follow","max-snippet":"max-snippet:-1","max-image-preview":"max-image-preview:large","max-video-preview":"max-video-preview:-1"},"canonical":"https:\/\/semanasantaferrol.com\/gl\/arranca-con-grande-exito-o-primeiro-album-de-cromos-da-semana-santa-de-ferrol\/","og_locale":"gl_ES","og_type":"article","og_title":"Arranca con grande \u00e9xito o primeiro \u00e1lbum de cromos da Semana Santa de Ferrol - Junta General de Cofrad\u00edas y Hermandades","og_description":"En pouco m\u00e1is dunha semana xa est\u00e1n case esgotadas as 2.000 copias do \u00e1lbum de cromos da Semana Santa de Ferrol. O ferrol\u00e1n Chisco Ayguavives Caldevilla, profesional cunha longa traxectoria no mundo audiovisual e home con esp\u00edrito emprendedor, \u00e9 a persoa que puxo en marcha esta aventura co patrocinio do Centro Comercial Aberto e o [&hellip;]","og_url":"https:\/\/semanasantaferrol.com\/gl\/arranca-con-grande-exito-o-primeiro-album-de-cromos-da-semana-santa-de-ferrol\/","og_site_name":"Junta General de Cofrad\u00edas y Hermandades","article_publisher":"https:\/\/www.facebook.com\/Juntageneraldecofradias\/","article_published_time":"2024-03-15T10:33:15+00:00","article_modified_time":"2024-03-15T10:49:22+00:00","og_image":[{"width":1024,"height":768,"url":"https:\/\/semanasantaferrol.com\/wp-content\/uploads\/2024\/03\/horario-3000-x-2250-px-1-1024x768.png","type":"image\/png"}],"author":"pingota","twitter_card":"summary_large_image","twitter_misc":{"Escrito por":"pingota","Tempo de lectura":"2 minutos"},"schema":{"@context":"https:\/\/schema.org","@graph":[{"@type":"Article","@id":"https:\/\/semanasantaferrol.com\/gl\/arranca-con-grande-exito-o-primeiro-album-de-cromos-da-semana-santa-de-ferrol\/#article","isPartOf":{"@id":"https:\/\/semanasantaferrol.com\/gl\/arranca-con-grande-exito-o-primeiro-album-de-cromos-da-semana-santa-de-ferrol\/"},"author":{"name":"pingota","@id":"https:\/\/semanasantaferrol.com\/gl\/#\/schema\/person\/cdd132690f08f75a35f05e2423e6307c"},"headline":"Arranca con grande \u00e9xito o primeiro \u00e1lbum de cromos da Semana Santa de Ferrol","datePublished":"2024-03-15T10:33:15+00:00","dateModified":"2024-03-15T10:49:22+00:00","mainEntityOfPage":{"@id":"https:\/\/semanasantaferrol.com\/gl\/arranca-con-grande-exito-o-primeiro-album-de-cromos-da-semana-santa-de-ferrol\/"},"wordCount":362,"commentCount":0,"publisher":{"@id":"https:\/\/semanasantaferrol.com\/gl\/#organization"},"image":{"@id":"https:\/\/semanasantaferrol.com\/gl\/arranca-con-grande-exito-o-primeiro-album-de-cromos-da-semana-santa-de-ferrol\/#primaryimage"},"thumbnailUrl":"https:\/\/semanasantaferrol.com\/wp-content\/uploads\/2024\/03\/horario-3000-x-2250-px-1.png","articleSection":["Xunta"],"inLanguage":"gl-ES","potentialAction":[{"@type":"CommentAction","name":"Comment","target":["https:\/\/semanasantaferrol.com\/gl\/arranca-con-grande-exito-o-primeiro-album-de-cromos-da-semana-santa-de-ferrol\/#respond"]}]},{"@type":"WebPage","@id":"https:\/\/semanasantaferrol.com\/gl\/arranca-con-grande-exito-o-primeiro-album-de-cromos-da-semana-santa-de-ferrol\/","url":"https:\/\/semanasantaferrol.com\/gl\/arranca-con-grande-exito-o-primeiro-album-de-cromos-da-semana-santa-de-ferrol\/","name":"Arranca con grande \u00e9xito o primeiro \u00e1lbum de cromos da Semana Santa de Ferrol - Junta General de Cofrad\u00edas y Hermandades","isPartOf":{"@id":"https:\/\/semanasantaferrol.com\/gl\/#website"},"primaryImageOfPage":{"@id":"https:\/\/semanasantaferrol.com\/gl\/arranca-con-grande-exito-o-primeiro-album-de-cromos-da-semana-santa-de-ferrol\/#primaryimage"},"image":{"@id":"https:\/\/semanasantaferrol.com\/gl\/arranca-con-grande-exito-o-primeiro-album-de-cromos-da-semana-santa-de-ferrol\/#primaryimage"},"thumbnailUrl":"https:\/\/semanasantaferrol.com\/wp-content\/uploads\/2024\/03\/horario-3000-x-2250-px-1.png","datePublished":"2024-03-15T10:33:15+00:00","dateModified":"2024-03-15T10:49:22+00:00","breadcrumb":{"@id":"https:\/\/semanasantaferrol.com\/gl\/arranca-con-grande-exito-o-primeiro-album-de-cromos-da-semana-santa-de-ferrol\/#breadcrumb"},"inLanguage":"gl-ES","potentialAction":[{"@type":"ReadAction","target":["https:\/\/semanasantaferrol.com\/gl\/arranca-con-grande-exito-o-primeiro-album-de-cromos-da-semana-santa-de-ferrol\/"]}]},{"@type":"ImageObject","inLanguage":"gl-ES","@id":"https:\/\/semanasantaferrol.com\/gl\/arranca-con-grande-exito-o-primeiro-album-de-cromos-da-semana-santa-de-ferrol\/#primaryimage","url":"https:\/\/semanasantaferrol.com\/wp-content\/uploads\/2024\/03\/horario-3000-x-2250-px-1.png","contentUrl":"https:\/\/semanasantaferrol.com\/wp-content\/uploads\/2024\/03\/horario-3000-x-2250-px-1.png","width":3000,"height":2250},{"@type":"BreadcrumbList","@id":"https:\/\/semanasantaferrol.com\/gl\/arranca-con-grande-exito-o-primeiro-album-de-cromos-da-semana-santa-de-ferrol\/#breadcrumb","itemListElement":[{"@type":"ListItem","position":1,"name":"Portada","item":"https:\/\/semanasantaferrol.com\/gl\/"},{"@type":"ListItem","position":2,"name":"Arranca con grande \u00e9xito o primeiro \u00e1lbum de cromos da Semana Santa de Ferrol"}]},{"@type":"WebSite","@id":"https:\/\/semanasantaferrol.com\/gl\/#website","url":"https:\/\/semanasantaferrol.com\/gl\/","name":"Junta General de Cofrad\u00edas y Hermandades","description":"Semana Santa de Ferrol","publisher":{"@id":"https:\/\/semanasantaferrol.com\/gl\/#organization"},"alternateName":"Semana Santa de Ferrol","potentialAction":[{"@type":"SearchAction","target":{"@type":"EntryPoint","urlTemplate":"https:\/\/semanasantaferrol.com\/gl\/?s={search_term_string}"},"query-input":{"@type":"PropertyValueSpecification","valueRequired":true,"valueName":"search_term_string"}}],"inLanguage":"gl-ES"},{"@type":"Organization","@id":"https:\/\/semanasantaferrol.com\/gl\/#organization","name":"Junta General de Cofrad\u00edas y Hermandades de la Semana Santa de Ferrol","alternateName":"Junta de Cofrad\u00edas de la Semana Santa de Ferrol","url":"https:\/\/semanasantaferrol.com\/gl\/","logo":{"@type":"ImageObject","inLanguage":"gl-ES","@id":"https:\/\/semanasantaferrol.com\/gl\/#\/schema\/logo\/image\/","url":"https:\/\/semanasantaferrol.com\/wp-content\/uploads\/2022\/10\/junta_general_logo.svg","contentUrl":"https:\/\/semanasantaferrol.com\/wp-content\/uploads\/2022\/10\/junta_general_logo.svg","width":600,"height":790,"caption":"Junta General de Cofrad\u00edas y Hermandades de la Semana Santa de Ferrol"},"image":{"@id":"https:\/\/semanasantaferrol.com\/gl\/#\/schema\/logo\/image\/"},"sameAs":["https:\/\/www.facebook.com\/Juntageneraldecofradias\/","https:\/\/www.instagram.com\/juntageneralcofradiasferrol\/","https:\/\/www.youtube.com\/@semanasantadeferrol1616","https:\/\/www.tiktok.com\/@semanasantadeferrol"]},{"@type":"Person","@id":"https:\/\/semanasantaferrol.com\/gl\/#\/schema\/person\/cdd132690f08f75a35f05e2423e6307c","name":"pingota","image":{"@type":"ImageObject","inLanguage":"gl-ES","@id":"https:\/\/secure.gravatar.com\/avatar\/b1bb79ecdfb8d6f4c44a82262f8b422faeb290304fc5c6f8b9b4305bfaa2853c?s=96&d=mm&r=g","url":"https:\/\/secure.gravatar.com\/avatar\/b1bb79ecdfb8d6f4c44a82262f8b422faeb290304fc5c6f8b9b4305bfaa2853c?s=96&d=mm&r=g","contentUrl":"https:\/\/secure.gravatar.com\/avatar\/b1bb79ecdfb8d6f4c44a82262f8b422faeb290304fc5c6f8b9b4305bfaa2853c?s=96&d=mm&r=g","caption":"pingota"},"url":"https:\/\/semanasantaferrol.com\/gl"}]}},"_links":{"self":[{"href":"https:\/\/semanasantaferrol.com\/gl\/wp-json\/wp\/v2\/posts\/7851","targetHints":{"allow":["GET"]}}],"collection":[{"href":"https:\/\/semanasantaferrol.com\/gl\/wp-json\/wp\/v2\/posts"}],"about":[{"href":"https:\/\/semanasantaferrol.com\/gl\/wp-json\/wp\/v2\/types\/post"}],"author":[{"embeddable":true,"href":"https:\/\/semanasantaferrol.com\/gl\/wp-json\/wp\/v2\/users\/3"}],"replies":[{"embeddable":true,"href":"https:\/\/semanasantaferrol.com\/gl\/wp-json\/wp\/v2\/comments?post=7851"}],"version-history":[{"count":1,"href":"https:\/\/semanasantaferrol.com\/gl\/wp-json\/wp\/v2\/posts\/7851\/revisions"}],"predecessor-version":[{"id":7852,"href":"https:\/\/semanasantaferrol.com\/gl\/wp-json\/wp\/v2\/posts\/7851\/revisions\/7852"}],"wp:featuredmedia":[{"embeddable":true,"href":"https:\/\/semanasantaferrol.com\/gl\/wp-json\/wp\/v2\/media\/7849"}],"wp:attachment":[{"href":"https:\/\/semanasantaferrol.com\/gl\/wp-json\/wp\/v2\/media?parent=7851"}],"wp:term":[{"taxonomy":"category","embeddable":true,"href":"https:\/\/semanasantaferrol.com\/gl\/wp-json\/wp\/v2\/categories?post=7851"},{"taxonomy":"post_tag","embeddable":true,"href":"https:\/\/semanasantaferrol.com\/gl\/wp-json\/wp\/v2\/tags?post=7851"}],"curies":[{"name":"wp","href":"https:\/\/api.w.org\/{rel}","templated":true}]}}