{"id":7802,"date":"2024-03-13T10:45:12","date_gmt":"2024-03-13T10:45:12","guid":{"rendered":"https:\/\/semanasantaferrol.com\/?p=7802"},"modified":"2024-03-13T10:58:30","modified_gmt":"2024-03-13T10:58:30","slug":"7802","status":"publish","type":"post","link":"https:\/\/semanasantaferrol.com\/gl\/7802\/","title":{"rendered":"O teatro Jofre acolle este s\u00e1bado o preg\u00f3n da Semana Santa de Ferrol 2024"},"content":{"rendered":"<p>O teatro Jofre acoller\u00e1 este s\u00e1bado, 16 de marzo, a lectura do preg\u00f3n da Semana Santa de Ferrol 2024, a cargo da xornalista Marta Fern\u00e1ndez Corral. No mesmo acto a Xunta de Confrar\u00edas e Irmandades entregar\u00e1 a s\u00faa Medalla de Ouro ao vicealmirante Ignacio Frutos Ruiz. O evento finalizar\u00e1 cun pequeno concerto a cargo da Banda de Nosa Se\u00f1ora da Misericordia de Viveiro.<br \/>\nO preg\u00f3n comezar\u00e1 \u00e1s 20.00h e ser\u00e1 retransmitido por streaming a trav\u00e9s da canle en Youtube da Xunta de Confrar\u00edas.<\/p>\n<p>Antes, \u00e1s 19.15h, est\u00e1 previsto que se celebre no mesmo teatro Jofre un breve acto para que tanto a pregoeira como o vicealmirante Ignacio Frutos asinen no Libro de Ouro da Xunta de Confrar\u00edas.<\/p>\n<p>Nosa Se\u00f1ora da Misericordia ten previsto interpretar cinco marchas: A Esperanza de Mar\u00eda (Alejandro Blanco), O Milagre (Jos\u00e9 Manuel Leituga e Agust\u00edn Moya), A Dor (Sergio Larrinaga), C\u00e1liz de Vida (Alejandro G\u00f3mez) e Eternidade (Sergio Larrinaga e Jes\u00fas Manuel Guerrero).<\/p>\n<p>Tal como se ten anunciado, na mesma xornada do preg\u00f3n celebrarase en Ferrol unha xornada de m\u00fasica confrade, na que as bandas e agrupaci\u00f3ns da Semana Santa tocar\u00e1n polas prazas da cidade. \u00c1s 16.15h, na praza de Armas, actuar\u00e1 a Agrupaci\u00f3n Musical Nosa Se\u00f1ora do Carme; \u00e1s 16.40h no adrio do Santuario das Angustias tocar\u00e1 a A.M. Nosa Se\u00f1ora das Angustias; \u00e1s 17.30h na praza da Constituci\u00f3n dar\u00e1 o seu concerto a A.M. Nosa Se\u00f1ora do Nord\u00e9s (OJE Ferrol), \u00e1s 18.30h na praza de Amboage tocar\u00e1 a AM do Sant\u00edsimo Cristo da Boa Morte e \u00e1s 19.30h, nas escalinatas do teatro Jofre tocar\u00e1 a banda Acotaga.<\/p>\n","protected":false},"excerpt":{"rendered":"<p>O teatro Jofre acoller\u00e1 este s\u00e1bado, 16 de marzo, a lectura do preg\u00f3n da Semana Santa de Ferrol 2024, a cargo da xornalista Marta Fern\u00e1ndez Corral. No mesmo acto a Xunta de Confrar\u00edas e Irmandades entregar\u00e1 a s\u00faa Medalla de Ouro ao vicealmirante Ignacio Frutos Ruiz. O evento finalizar\u00e1 cun pequeno concerto a cargo da [&hellip;]<\/p>\n","protected":false},"author":3,"featured_media":5775,"comment_status":"open","ping_status":"open","sticky":false,"template":"","format":"standard","meta":{"footnotes":""},"categories":[39],"tags":[],"class_list":["post-7802","post","type-post","status-publish","format-standard","has-post-thumbnail","hentry","category-xunta"],"yoast_head":"<!-- This site is optimized with the Yoast SEO plugin v27.5 - https:\/\/yoast.com\/product\/yoast-seo-wordpress\/ -->\n<title>O teatro Jofre acolle este s\u00e1bado o preg\u00f3n da Semana Santa de Ferrol 2024 - Junta General de Cofrad\u00edas y Hermandades<\/title>\n<meta name=\"robots\" content=\"index, follow, max-snippet:-1, max-image-preview:large, max-video-preview:-1\" \/>\n<link rel=\"canonical\" href=\"https:\/\/semanasantaferrol.com\/gl\/7802\/\" \/>\n<meta property=\"og:locale\" content=\"gl_ES\" \/>\n<meta property=\"og:type\" content=\"article\" \/>\n<meta property=\"og:title\" content=\"O teatro Jofre acolle este s\u00e1bado o preg\u00f3n da Semana Santa de Ferrol 2024 - Junta General de Cofrad\u00edas y Hermandades\" \/>\n<meta property=\"og:description\" content=\"O teatro Jofre acoller\u00e1 este s\u00e1bado, 16 de marzo, a lectura do preg\u00f3n da Semana Santa de Ferrol 2024, a cargo da xornalista Marta Fern\u00e1ndez Corral. No mesmo acto a Xunta de Confrar\u00edas e Irmandades entregar\u00e1 a s\u00faa Medalla de Ouro ao vicealmirante Ignacio Frutos Ruiz. O evento finalizar\u00e1 cun pequeno concerto a cargo da [&hellip;]\" \/>\n<meta property=\"og:url\" content=\"https:\/\/semanasantaferrol.com\/gl\/7802\/\" \/>\n<meta property=\"og:site_name\" content=\"Junta General de Cofrad\u00edas y Hermandades\" \/>\n<meta property=\"article:publisher\" content=\"https:\/\/www.facebook.com\/Juntageneraldecofradias\/\" \/>\n<meta property=\"article:published_time\" content=\"2024-03-13T10:45:12+00:00\" \/>\n<meta property=\"article:modified_time\" content=\"2024-03-13T10:58:30+00:00\" \/>\n<meta property=\"og:image\" content=\"https:\/\/semanasantaferrol.com\/wp-content\/uploads\/2023\/03\/Diseno-sin-titulo-3.jpg\" \/>\n\t<meta property=\"og:image:width\" content=\"1024\" \/>\n\t<meta property=\"og:image:height\" content=\"768\" \/>\n\t<meta property=\"og:image:type\" content=\"image\/jpeg\" \/>\n<meta name=\"author\" content=\"pingota\" \/>\n<meta name=\"twitter:card\" content=\"summary_large_image\" \/>\n<meta name=\"twitter:label1\" content=\"Escrito por\" \/>\n\t<meta name=\"twitter:data1\" content=\"pingota\" \/>\n\t<meta name=\"twitter:label2\" content=\"Tempo de lectura\" \/>\n\t<meta name=\"twitter:data2\" content=\"2 minutos\" \/>\n<script type=\"application\/ld+json\" class=\"yoast-schema-graph\">{\"@context\":\"https:\\\/\\\/schema.org\",\"@graph\":[{\"@type\":\"Article\",\"@id\":\"https:\\\/\\\/semanasantaferrol.com\\\/gl\\\/7802\\\/#article\",\"isPartOf\":{\"@id\":\"https:\\\/\\\/semanasantaferrol.com\\\/gl\\\/7802\\\/\"},\"author\":{\"name\":\"pingota\",\"@id\":\"https:\\\/\\\/semanasantaferrol.com\\\/gl\\\/#\\\/schema\\\/person\\\/cdd132690f08f75a35f05e2423e6307c\"},\"headline\":\"O teatro Jofre acolle este s\u00e1bado o preg\u00f3n da Semana Santa de Ferrol 2024\",\"datePublished\":\"2024-03-13T10:45:12+00:00\",\"dateModified\":\"2024-03-13T10:58:30+00:00\",\"mainEntityOfPage\":{\"@id\":\"https:\\\/\\\/semanasantaferrol.com\\\/gl\\\/7802\\\/\"},\"wordCount\":305,\"commentCount\":0,\"publisher\":{\"@id\":\"https:\\\/\\\/semanasantaferrol.com\\\/gl\\\/#organization\"},\"image\":{\"@id\":\"https:\\\/\\\/semanasantaferrol.com\\\/gl\\\/7802\\\/#primaryimage\"},\"thumbnailUrl\":\"https:\\\/\\\/semanasantaferrol.com\\\/wp-content\\\/uploads\\\/2023\\\/03\\\/Diseno-sin-titulo-3.jpg\",\"articleSection\":[\"Xunta\"],\"inLanguage\":\"gl-ES\",\"potentialAction\":[{\"@type\":\"CommentAction\",\"name\":\"Comment\",\"target\":[\"https:\\\/\\\/semanasantaferrol.com\\\/gl\\\/7802\\\/#respond\"]}]},{\"@type\":\"WebPage\",\"@id\":\"https:\\\/\\\/semanasantaferrol.com\\\/gl\\\/7802\\\/\",\"url\":\"https:\\\/\\\/semanasantaferrol.com\\\/gl\\\/7802\\\/\",\"name\":\"O teatro Jofre acolle este s\u00e1bado o preg\u00f3n da Semana Santa de Ferrol 2024 - Junta General de Cofrad\u00edas y Hermandades\",\"isPartOf\":{\"@id\":\"https:\\\/\\\/semanasantaferrol.com\\\/gl\\\/#website\"},\"primaryImageOfPage\":{\"@id\":\"https:\\\/\\\/semanasantaferrol.com\\\/gl\\\/7802\\\/#primaryimage\"},\"image\":{\"@id\":\"https:\\\/\\\/semanasantaferrol.com\\\/gl\\\/7802\\\/#primaryimage\"},\"thumbnailUrl\":\"https:\\\/\\\/semanasantaferrol.com\\\/wp-content\\\/uploads\\\/2023\\\/03\\\/Diseno-sin-titulo-3.jpg\",\"datePublished\":\"2024-03-13T10:45:12+00:00\",\"dateModified\":\"2024-03-13T10:58:30+00:00\",\"breadcrumb\":{\"@id\":\"https:\\\/\\\/semanasantaferrol.com\\\/gl\\\/7802\\\/#breadcrumb\"},\"inLanguage\":\"gl-ES\",\"potentialAction\":[{\"@type\":\"ReadAction\",\"target\":[\"https:\\\/\\\/semanasantaferrol.com\\\/gl\\\/7802\\\/\"]}]},{\"@type\":\"ImageObject\",\"inLanguage\":\"gl-ES\",\"@id\":\"https:\\\/\\\/semanasantaferrol.com\\\/gl\\\/7802\\\/#primaryimage\",\"url\":\"https:\\\/\\\/semanasantaferrol.com\\\/wp-content\\\/uploads\\\/2023\\\/03\\\/Diseno-sin-titulo-3.jpg\",\"contentUrl\":\"https:\\\/\\\/semanasantaferrol.com\\\/wp-content\\\/uploads\\\/2023\\\/03\\\/Diseno-sin-titulo-3.jpg\",\"width\":1024,\"height\":768},{\"@type\":\"BreadcrumbList\",\"@id\":\"https:\\\/\\\/semanasantaferrol.com\\\/gl\\\/7802\\\/#breadcrumb\",\"itemListElement\":[{\"@type\":\"ListItem\",\"position\":1,\"name\":\"Portada\",\"item\":\"https:\\\/\\\/semanasantaferrol.com\\\/gl\\\/\"},{\"@type\":\"ListItem\",\"position\":2,\"name\":\"O teatro Jofre acolle este s\u00e1bado o preg\u00f3n da Semana Santa de Ferrol 2024\"}]},{\"@type\":\"WebSite\",\"@id\":\"https:\\\/\\\/semanasantaferrol.com\\\/gl\\\/#website\",\"url\":\"https:\\\/\\\/semanasantaferrol.com\\\/gl\\\/\",\"name\":\"Junta General de Cofrad\u00edas y Hermandades\",\"description\":\"Semana Santa de Ferrol\",\"publisher\":{\"@id\":\"https:\\\/\\\/semanasantaferrol.com\\\/gl\\\/#organization\"},\"alternateName\":\"Semana Santa de Ferrol\",\"potentialAction\":[{\"@type\":\"SearchAction\",\"target\":{\"@type\":\"EntryPoint\",\"urlTemplate\":\"https:\\\/\\\/semanasantaferrol.com\\\/gl\\\/?s={search_term_string}\"},\"query-input\":{\"@type\":\"PropertyValueSpecification\",\"valueRequired\":true,\"valueName\":\"search_term_string\"}}],\"inLanguage\":\"gl-ES\"},{\"@type\":\"Organization\",\"@id\":\"https:\\\/\\\/semanasantaferrol.com\\\/gl\\\/#organization\",\"name\":\"Junta General de Cofrad\u00edas y Hermandades de la Semana Santa de Ferrol\",\"alternateName\":\"Junta de Cofrad\u00edas de la Semana Santa de Ferrol\",\"url\":\"https:\\\/\\\/semanasantaferrol.com\\\/gl\\\/\",\"logo\":{\"@type\":\"ImageObject\",\"inLanguage\":\"gl-ES\",\"@id\":\"https:\\\/\\\/semanasantaferrol.com\\\/gl\\\/#\\\/schema\\\/logo\\\/image\\\/\",\"url\":\"https:\\\/\\\/semanasantaferrol.com\\\/wp-content\\\/uploads\\\/2022\\\/10\\\/junta_general_logo.svg\",\"contentUrl\":\"https:\\\/\\\/semanasantaferrol.com\\\/wp-content\\\/uploads\\\/2022\\\/10\\\/junta_general_logo.svg\",\"width\":600,\"height\":790,\"caption\":\"Junta General de Cofrad\u00edas y Hermandades de la Semana Santa de Ferrol\"},\"image\":{\"@id\":\"https:\\\/\\\/semanasantaferrol.com\\\/gl\\\/#\\\/schema\\\/logo\\\/image\\\/\"},\"sameAs\":[\"https:\\\/\\\/www.facebook.com\\\/Juntageneraldecofradias\\\/\",\"https:\\\/\\\/www.instagram.com\\\/juntageneralcofradiasferrol\\\/\",\"https:\\\/\\\/www.youtube.com\\\/@semanasantadeferrol1616\",\"https:\\\/\\\/www.tiktok.com\\\/@semanasantadeferrol\"]},{\"@type\":\"Person\",\"@id\":\"https:\\\/\\\/semanasantaferrol.com\\\/gl\\\/#\\\/schema\\\/person\\\/cdd132690f08f75a35f05e2423e6307c\",\"name\":\"pingota\",\"image\":{\"@type\":\"ImageObject\",\"inLanguage\":\"gl-ES\",\"@id\":\"https:\\\/\\\/secure.gravatar.com\\\/avatar\\\/b1bb79ecdfb8d6f4c44a82262f8b422faeb290304fc5c6f8b9b4305bfaa2853c?s=96&d=mm&r=g\",\"url\":\"https:\\\/\\\/secure.gravatar.com\\\/avatar\\\/b1bb79ecdfb8d6f4c44a82262f8b422faeb290304fc5c6f8b9b4305bfaa2853c?s=96&d=mm&r=g\",\"contentUrl\":\"https:\\\/\\\/secure.gravatar.com\\\/avatar\\\/b1bb79ecdfb8d6f4c44a82262f8b422faeb290304fc5c6f8b9b4305bfaa2853c?s=96&d=mm&r=g\",\"caption\":\"pingota\"},\"url\":\"https:\\\/\\\/semanasantaferrol.com\\\/gl\"}]}<\/script>\n<!-- \/ Yoast SEO plugin. -->","yoast_head_json":{"title":"O teatro Jofre acolle este s\u00e1bado o preg\u00f3n da Semana Santa de Ferrol 2024 - Junta General de Cofrad\u00edas y Hermandades","robots":{"index":"index","follow":"follow","max-snippet":"max-snippet:-1","max-image-preview":"max-image-preview:large","max-video-preview":"max-video-preview:-1"},"canonical":"https:\/\/semanasantaferrol.com\/gl\/7802\/","og_locale":"gl_ES","og_type":"article","og_title":"O teatro Jofre acolle este s\u00e1bado o preg\u00f3n da Semana Santa de Ferrol 2024 - Junta General de Cofrad\u00edas y Hermandades","og_description":"O teatro Jofre acoller\u00e1 este s\u00e1bado, 16 de marzo, a lectura do preg\u00f3n da Semana Santa de Ferrol 2024, a cargo da xornalista Marta Fern\u00e1ndez Corral. No mesmo acto a Xunta de Confrar\u00edas e Irmandades entregar\u00e1 a s\u00faa Medalla de Ouro ao vicealmirante Ignacio Frutos Ruiz. O evento finalizar\u00e1 cun pequeno concerto a cargo da [&hellip;]","og_url":"https:\/\/semanasantaferrol.com\/gl\/7802\/","og_site_name":"Junta General de Cofrad\u00edas y Hermandades","article_publisher":"https:\/\/www.facebook.com\/Juntageneraldecofradias\/","article_published_time":"2024-03-13T10:45:12+00:00","article_modified_time":"2024-03-13T10:58:30+00:00","og_image":[{"width":1024,"height":768,"url":"https:\/\/semanasantaferrol.com\/wp-content\/uploads\/2023\/03\/Diseno-sin-titulo-3.jpg","type":"image\/jpeg"}],"author":"pingota","twitter_card":"summary_large_image","twitter_misc":{"Escrito por":"pingota","Tempo de lectura":"2 minutos"},"schema":{"@context":"https:\/\/schema.org","@graph":[{"@type":"Article","@id":"https:\/\/semanasantaferrol.com\/gl\/7802\/#article","isPartOf":{"@id":"https:\/\/semanasantaferrol.com\/gl\/7802\/"},"author":{"name":"pingota","@id":"https:\/\/semanasantaferrol.com\/gl\/#\/schema\/person\/cdd132690f08f75a35f05e2423e6307c"},"headline":"O teatro Jofre acolle este s\u00e1bado o preg\u00f3n da Semana Santa de Ferrol 2024","datePublished":"2024-03-13T10:45:12+00:00","dateModified":"2024-03-13T10:58:30+00:00","mainEntityOfPage":{"@id":"https:\/\/semanasantaferrol.com\/gl\/7802\/"},"wordCount":305,"commentCount":0,"publisher":{"@id":"https:\/\/semanasantaferrol.com\/gl\/#organization"},"image":{"@id":"https:\/\/semanasantaferrol.com\/gl\/7802\/#primaryimage"},"thumbnailUrl":"https:\/\/semanasantaferrol.com\/wp-content\/uploads\/2023\/03\/Diseno-sin-titulo-3.jpg","articleSection":["Xunta"],"inLanguage":"gl-ES","potentialAction":[{"@type":"CommentAction","name":"Comment","target":["https:\/\/semanasantaferrol.com\/gl\/7802\/#respond"]}]},{"@type":"WebPage","@id":"https:\/\/semanasantaferrol.com\/gl\/7802\/","url":"https:\/\/semanasantaferrol.com\/gl\/7802\/","name":"O teatro Jofre acolle este s\u00e1bado o preg\u00f3n da Semana Santa de Ferrol 2024 - Junta General de Cofrad\u00edas y Hermandades","isPartOf":{"@id":"https:\/\/semanasantaferrol.com\/gl\/#website"},"primaryImageOfPage":{"@id":"https:\/\/semanasantaferrol.com\/gl\/7802\/#primaryimage"},"image":{"@id":"https:\/\/semanasantaferrol.com\/gl\/7802\/#primaryimage"},"thumbnailUrl":"https:\/\/semanasantaferrol.com\/wp-content\/uploads\/2023\/03\/Diseno-sin-titulo-3.jpg","datePublished":"2024-03-13T10:45:12+00:00","dateModified":"2024-03-13T10:58:30+00:00","breadcrumb":{"@id":"https:\/\/semanasantaferrol.com\/gl\/7802\/#breadcrumb"},"inLanguage":"gl-ES","potentialAction":[{"@type":"ReadAction","target":["https:\/\/semanasantaferrol.com\/gl\/7802\/"]}]},{"@type":"ImageObject","inLanguage":"gl-ES","@id":"https:\/\/semanasantaferrol.com\/gl\/7802\/#primaryimage","url":"https:\/\/semanasantaferrol.com\/wp-content\/uploads\/2023\/03\/Diseno-sin-titulo-3.jpg","contentUrl":"https:\/\/semanasantaferrol.com\/wp-content\/uploads\/2023\/03\/Diseno-sin-titulo-3.jpg","width":1024,"height":768},{"@type":"BreadcrumbList","@id":"https:\/\/semanasantaferrol.com\/gl\/7802\/#breadcrumb","itemListElement":[{"@type":"ListItem","position":1,"name":"Portada","item":"https:\/\/semanasantaferrol.com\/gl\/"},{"@type":"ListItem","position":2,"name":"O teatro Jofre acolle este s\u00e1bado o preg\u00f3n da Semana Santa de Ferrol 2024"}]},{"@type":"WebSite","@id":"https:\/\/semanasantaferrol.com\/gl\/#website","url":"https:\/\/semanasantaferrol.com\/gl\/","name":"Junta General de Cofrad\u00edas y Hermandades","description":"Semana Santa de Ferrol","publisher":{"@id":"https:\/\/semanasantaferrol.com\/gl\/#organization"},"alternateName":"Semana Santa de Ferrol","potentialAction":[{"@type":"SearchAction","target":{"@type":"EntryPoint","urlTemplate":"https:\/\/semanasantaferrol.com\/gl\/?s={search_term_string}"},"query-input":{"@type":"PropertyValueSpecification","valueRequired":true,"valueName":"search_term_string"}}],"inLanguage":"gl-ES"},{"@type":"Organization","@id":"https:\/\/semanasantaferrol.com\/gl\/#organization","name":"Junta General de Cofrad\u00edas y Hermandades de la Semana Santa de Ferrol","alternateName":"Junta de Cofrad\u00edas de la Semana Santa de Ferrol","url":"https:\/\/semanasantaferrol.com\/gl\/","logo":{"@type":"ImageObject","inLanguage":"gl-ES","@id":"https:\/\/semanasantaferrol.com\/gl\/#\/schema\/logo\/image\/","url":"https:\/\/semanasantaferrol.com\/wp-content\/uploads\/2022\/10\/junta_general_logo.svg","contentUrl":"https:\/\/semanasantaferrol.com\/wp-content\/uploads\/2022\/10\/junta_general_logo.svg","width":600,"height":790,"caption":"Junta General de Cofrad\u00edas y Hermandades de la Semana Santa de Ferrol"},"image":{"@id":"https:\/\/semanasantaferrol.com\/gl\/#\/schema\/logo\/image\/"},"sameAs":["https:\/\/www.facebook.com\/Juntageneraldecofradias\/","https:\/\/www.instagram.com\/juntageneralcofradiasferrol\/","https:\/\/www.youtube.com\/@semanasantadeferrol1616","https:\/\/www.tiktok.com\/@semanasantadeferrol"]},{"@type":"Person","@id":"https:\/\/semanasantaferrol.com\/gl\/#\/schema\/person\/cdd132690f08f75a35f05e2423e6307c","name":"pingota","image":{"@type":"ImageObject","inLanguage":"gl-ES","@id":"https:\/\/secure.gravatar.com\/avatar\/b1bb79ecdfb8d6f4c44a82262f8b422faeb290304fc5c6f8b9b4305bfaa2853c?s=96&d=mm&r=g","url":"https:\/\/secure.gravatar.com\/avatar\/b1bb79ecdfb8d6f4c44a82262f8b422faeb290304fc5c6f8b9b4305bfaa2853c?s=96&d=mm&r=g","contentUrl":"https:\/\/secure.gravatar.com\/avatar\/b1bb79ecdfb8d6f4c44a82262f8b422faeb290304fc5c6f8b9b4305bfaa2853c?s=96&d=mm&r=g","caption":"pingota"},"url":"https:\/\/semanasantaferrol.com\/gl"}]}},"_links":{"self":[{"href":"https:\/\/semanasantaferrol.com\/gl\/wp-json\/wp\/v2\/posts\/7802","targetHints":{"allow":["GET"]}}],"collection":[{"href":"https:\/\/semanasantaferrol.com\/gl\/wp-json\/wp\/v2\/posts"}],"about":[{"href":"https:\/\/semanasantaferrol.com\/gl\/wp-json\/wp\/v2\/types\/post"}],"author":[{"embeddable":true,"href":"https:\/\/semanasantaferrol.com\/gl\/wp-json\/wp\/v2\/users\/3"}],"replies":[{"embeddable":true,"href":"https:\/\/semanasantaferrol.com\/gl\/wp-json\/wp\/v2\/comments?post=7802"}],"version-history":[{"count":2,"href":"https:\/\/semanasantaferrol.com\/gl\/wp-json\/wp\/v2\/posts\/7802\/revisions"}],"predecessor-version":[{"id":7804,"href":"https:\/\/semanasantaferrol.com\/gl\/wp-json\/wp\/v2\/posts\/7802\/revisions\/7804"}],"wp:featuredmedia":[{"embeddable":true,"href":"https:\/\/semanasantaferrol.com\/gl\/wp-json\/wp\/v2\/media\/5775"}],"wp:attachment":[{"href":"https:\/\/semanasantaferrol.com\/gl\/wp-json\/wp\/v2\/media?parent=7802"}],"wp:term":[{"taxonomy":"category","embeddable":true,"href":"https:\/\/semanasantaferrol.com\/gl\/wp-json\/wp\/v2\/categories?post=7802"},{"taxonomy":"post_tag","embeddable":true,"href":"https:\/\/semanasantaferrol.com\/gl\/wp-json\/wp\/v2\/tags?post=7802"}],"curies":[{"name":"wp","href":"https:\/\/api.w.org\/{rel}","templated":true}]}}