{"id":7795,"date":"2024-03-13T10:23:42","date_gmt":"2024-03-13T10:23:42","guid":{"rendered":"https:\/\/semanasantaferrol.com\/la-merced-realizara-este-sabado-a-las-12-30h-su-ensayo-solidario\/"},"modified":"2024-03-13T10:25:56","modified_gmt":"2024-03-13T10:25:56","slug":"la-merced-realizara-este-sabado-a-las-12-30h-su-ensayo-solidario","status":"publish","type":"post","link":"https:\/\/semanasantaferrol.com\/gl\/la-merced-realizara-este-sabado-a-las-12-30h-su-ensayo-solidario\/","title":{"rendered":"A Merc\u00e9 realizar\u00e1 este s\u00e1bado, \u00e1s 12.30h, o seu Ensaio Solidario"},"content":{"rendered":"<p>A Confrar\u00eda da Merc\u00e9 celebrar\u00e1 este s\u00e1bado o seu tradicional Ensaio Solidario, co que reunir\u00e1n moitos quilos de alimentos non perecedoiros con destino ao Bando de Alimentos R\u00edas Altas. Os portadores da irmandade sair\u00e1n da praza de Amboage cun trono baleiro e far\u00e1n un percorrido que ir\u00e1 polas r\u00faas M\u00e9ndez N\u00fa\u00f1ez, Real, Concepci\u00f3n Arenal, Dolores e praza de Amboage, ao longo do cal ir\u00e1n cargando doaz\u00f3ns.<\/p>\n<p>Haber\u00e1 puntos de recollida fixos na propia capela da Merc\u00e9 e en Supercor, onde as persoas que o desexen poder\u00e1n depositar as s\u00faas doaz\u00f3ns. Tam\u00e9n ao longo do percorrido poder\u00e1n entregarllas \u00e1s persoas que ir\u00e1n acompa\u00f1ando o paso que se ocupar\u00e1n de cargalas.<\/p>\n<p>A Confrar\u00eda contar\u00e1 coa colaboraci\u00f3n da banda Acotaga.<\/p>\n<p><img fetchpriority=\"high\" decoding=\"async\" class=\"aligncenter wp-image-7792 size-full\" src=\"https:\/\/semanasantaferrol.com\/wp-content\/uploads\/2024\/03\/WhatsApp-Image-2024-03-13-at-09.37.48-1.jpeg\" alt=\"\" width=\"946\" height=\"1338\" srcset=\"https:\/\/semanasantaferrol.com\/wp-content\/uploads\/2024\/03\/WhatsApp-Image-2024-03-13-at-09.37.48-1.jpeg 946w, https:\/\/semanasantaferrol.com\/wp-content\/uploads\/2024\/03\/WhatsApp-Image-2024-03-13-at-09.37.48-1-159x225.jpeg 159w, https:\/\/semanasantaferrol.com\/wp-content\/uploads\/2024\/03\/WhatsApp-Image-2024-03-13-at-09.37.48-1-724x1024.jpeg 724w, https:\/\/semanasantaferrol.com\/wp-content\/uploads\/2024\/03\/WhatsApp-Image-2024-03-13-at-09.37.48-1-768x1086.jpeg 768w\" sizes=\"(max-width: 946px) 100vw, 946px\" \/><\/p>\n<p>&nbsp;<\/p>\n","protected":false},"excerpt":{"rendered":"<p>A Confrar\u00eda da Merc\u00e9 celebrar\u00e1 este s\u00e1bado o seu tradicional Ensaio Solidario, co que reunir\u00e1n moitos quilos de alimentos non perecedoiros con destino ao Bando de Alimentos R\u00edas Altas. Os portadores da irmandade sair\u00e1n da praza de Amboage cun trono baleiro e far\u00e1n un percorrido que ir\u00e1 polas r\u00faas M\u00e9ndez N\u00fa\u00f1ez, Real, Concepci\u00f3n Arenal, Dolores [&hellip;]<\/p>\n","protected":false},"author":3,"featured_media":7791,"comment_status":"open","ping_status":"open","sticky":false,"template":"","format":"standard","meta":{"footnotes":""},"categories":[40],"tags":[],"class_list":["post-7795","post","type-post","status-publish","format-standard","has-post-thumbnail","hentry","category-merce"],"yoast_head":"<!-- This site is optimized with the Yoast SEO plugin v27.5 - https:\/\/yoast.com\/product\/yoast-seo-wordpress\/ -->\n<title>A Merc\u00e9 realizar\u00e1 este s\u00e1bado, \u00e1s 12.30h, o seu Ensaio Solidario - Junta General de Cofrad\u00edas y Hermandades<\/title>\n<meta name=\"robots\" content=\"index, follow, max-snippet:-1, max-image-preview:large, max-video-preview:-1\" \/>\n<link rel=\"canonical\" href=\"https:\/\/semanasantaferrol.com\/gl\/la-merced-realizara-este-sabado-a-las-12-30h-su-ensayo-solidario\/\" \/>\n<meta property=\"og:locale\" content=\"gl_ES\" \/>\n<meta property=\"og:type\" content=\"article\" \/>\n<meta property=\"og:title\" content=\"A Merc\u00e9 realizar\u00e1 este s\u00e1bado, \u00e1s 12.30h, o seu Ensaio Solidario - Junta General de Cofrad\u00edas y Hermandades\" \/>\n<meta property=\"og:description\" content=\"A Confrar\u00eda da Merc\u00e9 celebrar\u00e1 este s\u00e1bado o seu tradicional Ensaio Solidario, co que reunir\u00e1n moitos quilos de alimentos non perecedoiros con destino ao Bando de Alimentos R\u00edas Altas. Os portadores da irmandade sair\u00e1n da praza de Amboage cun trono baleiro e far\u00e1n un percorrido que ir\u00e1 polas r\u00faas M\u00e9ndez N\u00fa\u00f1ez, Real, Concepci\u00f3n Arenal, Dolores [&hellip;]\" \/>\n<meta property=\"og:url\" content=\"https:\/\/semanasantaferrol.com\/gl\/la-merced-realizara-este-sabado-a-las-12-30h-su-ensayo-solidario\/\" \/>\n<meta property=\"og:site_name\" content=\"Junta General de Cofrad\u00edas y Hermandades\" \/>\n<meta property=\"article:publisher\" content=\"https:\/\/www.facebook.com\/Juntageneraldecofradias\/\" \/>\n<meta property=\"article:published_time\" content=\"2024-03-13T10:23:42+00:00\" \/>\n<meta property=\"article:modified_time\" content=\"2024-03-13T10:25:56+00:00\" \/>\n<meta property=\"og:image\" content=\"https:\/\/semanasantaferrol.com\/wp-content\/uploads\/2024\/03\/ensayosolidario-scaled-e1710325338708.jpg\" \/>\n\t<meta property=\"og:image:width\" content=\"2560\" \/>\n\t<meta property=\"og:image:height\" content=\"1707\" \/>\n\t<meta property=\"og:image:type\" content=\"image\/jpeg\" \/>\n<meta name=\"author\" content=\"pingota\" \/>\n<meta name=\"twitter:card\" content=\"summary_large_image\" \/>\n<meta name=\"twitter:label1\" content=\"Escrito por\" \/>\n\t<meta name=\"twitter:data1\" content=\"pingota\" \/>\n\t<meta name=\"twitter:label2\" content=\"Tempo de lectura\" \/>\n\t<meta name=\"twitter:data2\" content=\"1 minuto\" \/>\n<script type=\"application\/ld+json\" class=\"yoast-schema-graph\">{\"@context\":\"https:\\\/\\\/schema.org\",\"@graph\":[{\"@type\":\"Article\",\"@id\":\"https:\\\/\\\/semanasantaferrol.com\\\/gl\\\/la-merced-realizara-este-sabado-a-las-12-30h-su-ensayo-solidario\\\/#article\",\"isPartOf\":{\"@id\":\"https:\\\/\\\/semanasantaferrol.com\\\/gl\\\/la-merced-realizara-este-sabado-a-las-12-30h-su-ensayo-solidario\\\/\"},\"author\":{\"name\":\"pingota\",\"@id\":\"https:\\\/\\\/semanasantaferrol.com\\\/gl\\\/#\\\/schema\\\/person\\\/cdd132690f08f75a35f05e2423e6307c\"},\"headline\":\"A Merc\u00e9 realizar\u00e1 este s\u00e1bado, \u00e1s 12.30h, o seu Ensaio Solidario\",\"datePublished\":\"2024-03-13T10:23:42+00:00\",\"dateModified\":\"2024-03-13T10:25:56+00:00\",\"mainEntityOfPage\":{\"@id\":\"https:\\\/\\\/semanasantaferrol.com\\\/gl\\\/la-merced-realizara-este-sabado-a-las-12-30h-su-ensayo-solidario\\\/\"},\"wordCount\":152,\"commentCount\":0,\"publisher\":{\"@id\":\"https:\\\/\\\/semanasantaferrol.com\\\/gl\\\/#organization\"},\"image\":{\"@id\":\"https:\\\/\\\/semanasantaferrol.com\\\/gl\\\/la-merced-realizara-este-sabado-a-las-12-30h-su-ensayo-solidario\\\/#primaryimage\"},\"thumbnailUrl\":\"https:\\\/\\\/semanasantaferrol.com\\\/wp-content\\\/uploads\\\/2024\\\/03\\\/ensayosolidario-scaled-e1710325338708.jpg\",\"articleSection\":[\"Merc\u00e9\"],\"inLanguage\":\"gl-ES\",\"potentialAction\":[{\"@type\":\"CommentAction\",\"name\":\"Comment\",\"target\":[\"https:\\\/\\\/semanasantaferrol.com\\\/gl\\\/la-merced-realizara-este-sabado-a-las-12-30h-su-ensayo-solidario\\\/#respond\"]}]},{\"@type\":\"WebPage\",\"@id\":\"https:\\\/\\\/semanasantaferrol.com\\\/gl\\\/la-merced-realizara-este-sabado-a-las-12-30h-su-ensayo-solidario\\\/\",\"url\":\"https:\\\/\\\/semanasantaferrol.com\\\/gl\\\/la-merced-realizara-este-sabado-a-las-12-30h-su-ensayo-solidario\\\/\",\"name\":\"A Merc\u00e9 realizar\u00e1 este s\u00e1bado, \u00e1s 12.30h, o seu Ensaio Solidario - Junta General de Cofrad\u00edas y Hermandades\",\"isPartOf\":{\"@id\":\"https:\\\/\\\/semanasantaferrol.com\\\/gl\\\/#website\"},\"primaryImageOfPage\":{\"@id\":\"https:\\\/\\\/semanasantaferrol.com\\\/gl\\\/la-merced-realizara-este-sabado-a-las-12-30h-su-ensayo-solidario\\\/#primaryimage\"},\"image\":{\"@id\":\"https:\\\/\\\/semanasantaferrol.com\\\/gl\\\/la-merced-realizara-este-sabado-a-las-12-30h-su-ensayo-solidario\\\/#primaryimage\"},\"thumbnailUrl\":\"https:\\\/\\\/semanasantaferrol.com\\\/wp-content\\\/uploads\\\/2024\\\/03\\\/ensayosolidario-scaled-e1710325338708.jpg\",\"datePublished\":\"2024-03-13T10:23:42+00:00\",\"dateModified\":\"2024-03-13T10:25:56+00:00\",\"breadcrumb\":{\"@id\":\"https:\\\/\\\/semanasantaferrol.com\\\/gl\\\/la-merced-realizara-este-sabado-a-las-12-30h-su-ensayo-solidario\\\/#breadcrumb\"},\"inLanguage\":\"gl-ES\",\"potentialAction\":[{\"@type\":\"ReadAction\",\"target\":[\"https:\\\/\\\/semanasantaferrol.com\\\/gl\\\/la-merced-realizara-este-sabado-a-las-12-30h-su-ensayo-solidario\\\/\"]}]},{\"@type\":\"ImageObject\",\"inLanguage\":\"gl-ES\",\"@id\":\"https:\\\/\\\/semanasantaferrol.com\\\/gl\\\/la-merced-realizara-este-sabado-a-las-12-30h-su-ensayo-solidario\\\/#primaryimage\",\"url\":\"https:\\\/\\\/semanasantaferrol.com\\\/wp-content\\\/uploads\\\/2024\\\/03\\\/ensayosolidario-scaled-e1710325338708.jpg\",\"contentUrl\":\"https:\\\/\\\/semanasantaferrol.com\\\/wp-content\\\/uploads\\\/2024\\\/03\\\/ensayosolidario-scaled-e1710325338708.jpg\",\"width\":2560,\"height\":1707},{\"@type\":\"BreadcrumbList\",\"@id\":\"https:\\\/\\\/semanasantaferrol.com\\\/gl\\\/la-merced-realizara-este-sabado-a-las-12-30h-su-ensayo-solidario\\\/#breadcrumb\",\"itemListElement\":[{\"@type\":\"ListItem\",\"position\":1,\"name\":\"Portada\",\"item\":\"https:\\\/\\\/semanasantaferrol.com\\\/gl\\\/\"},{\"@type\":\"ListItem\",\"position\":2,\"name\":\"A Merc\u00e9 realizar\u00e1 este s\u00e1bado, \u00e1s 12.30h, o seu Ensaio Solidario\"}]},{\"@type\":\"WebSite\",\"@id\":\"https:\\\/\\\/semanasantaferrol.com\\\/gl\\\/#website\",\"url\":\"https:\\\/\\\/semanasantaferrol.com\\\/gl\\\/\",\"name\":\"Junta General de Cofrad\u00edas y Hermandades\",\"description\":\"Semana Santa de Ferrol\",\"publisher\":{\"@id\":\"https:\\\/\\\/semanasantaferrol.com\\\/gl\\\/#organization\"},\"alternateName\":\"Semana Santa de Ferrol\",\"potentialAction\":[{\"@type\":\"SearchAction\",\"target\":{\"@type\":\"EntryPoint\",\"urlTemplate\":\"https:\\\/\\\/semanasantaferrol.com\\\/gl\\\/?s={search_term_string}\"},\"query-input\":{\"@type\":\"PropertyValueSpecification\",\"valueRequired\":true,\"valueName\":\"search_term_string\"}}],\"inLanguage\":\"gl-ES\"},{\"@type\":\"Organization\",\"@id\":\"https:\\\/\\\/semanasantaferrol.com\\\/gl\\\/#organization\",\"name\":\"Junta General de Cofrad\u00edas y Hermandades de la Semana Santa de Ferrol\",\"alternateName\":\"Junta de Cofrad\u00edas de la Semana Santa de Ferrol\",\"url\":\"https:\\\/\\\/semanasantaferrol.com\\\/gl\\\/\",\"logo\":{\"@type\":\"ImageObject\",\"inLanguage\":\"gl-ES\",\"@id\":\"https:\\\/\\\/semanasantaferrol.com\\\/gl\\\/#\\\/schema\\\/logo\\\/image\\\/\",\"url\":\"https:\\\/\\\/semanasantaferrol.com\\\/wp-content\\\/uploads\\\/2022\\\/10\\\/junta_general_logo.svg\",\"contentUrl\":\"https:\\\/\\\/semanasantaferrol.com\\\/wp-content\\\/uploads\\\/2022\\\/10\\\/junta_general_logo.svg\",\"width\":600,\"height\":790,\"caption\":\"Junta General de Cofrad\u00edas y Hermandades de la Semana Santa de Ferrol\"},\"image\":{\"@id\":\"https:\\\/\\\/semanasantaferrol.com\\\/gl\\\/#\\\/schema\\\/logo\\\/image\\\/\"},\"sameAs\":[\"https:\\\/\\\/www.facebook.com\\\/Juntageneraldecofradias\\\/\",\"https:\\\/\\\/www.instagram.com\\\/juntageneralcofradiasferrol\\\/\",\"https:\\\/\\\/www.youtube.com\\\/@semanasantadeferrol1616\",\"https:\\\/\\\/www.tiktok.com\\\/@semanasantadeferrol\"]},{\"@type\":\"Person\",\"@id\":\"https:\\\/\\\/semanasantaferrol.com\\\/gl\\\/#\\\/schema\\\/person\\\/cdd132690f08f75a35f05e2423e6307c\",\"name\":\"pingota\",\"image\":{\"@type\":\"ImageObject\",\"inLanguage\":\"gl-ES\",\"@id\":\"https:\\\/\\\/secure.gravatar.com\\\/avatar\\\/b1bb79ecdfb8d6f4c44a82262f8b422faeb290304fc5c6f8b9b4305bfaa2853c?s=96&d=mm&r=g\",\"url\":\"https:\\\/\\\/secure.gravatar.com\\\/avatar\\\/b1bb79ecdfb8d6f4c44a82262f8b422faeb290304fc5c6f8b9b4305bfaa2853c?s=96&d=mm&r=g\",\"contentUrl\":\"https:\\\/\\\/secure.gravatar.com\\\/avatar\\\/b1bb79ecdfb8d6f4c44a82262f8b422faeb290304fc5c6f8b9b4305bfaa2853c?s=96&d=mm&r=g\",\"caption\":\"pingota\"},\"url\":\"https:\\\/\\\/semanasantaferrol.com\\\/gl\"}]}<\/script>\n<!-- \/ Yoast SEO plugin. -->","yoast_head_json":{"title":"A Merc\u00e9 realizar\u00e1 este s\u00e1bado, \u00e1s 12.30h, o seu Ensaio Solidario - Junta General de Cofrad\u00edas y Hermandades","robots":{"index":"index","follow":"follow","max-snippet":"max-snippet:-1","max-image-preview":"max-image-preview:large","max-video-preview":"max-video-preview:-1"},"canonical":"https:\/\/semanasantaferrol.com\/gl\/la-merced-realizara-este-sabado-a-las-12-30h-su-ensayo-solidario\/","og_locale":"gl_ES","og_type":"article","og_title":"A Merc\u00e9 realizar\u00e1 este s\u00e1bado, \u00e1s 12.30h, o seu Ensaio Solidario - Junta General de Cofrad\u00edas y Hermandades","og_description":"A Confrar\u00eda da Merc\u00e9 celebrar\u00e1 este s\u00e1bado o seu tradicional Ensaio Solidario, co que reunir\u00e1n moitos quilos de alimentos non perecedoiros con destino ao Bando de Alimentos R\u00edas Altas. Os portadores da irmandade sair\u00e1n da praza de Amboage cun trono baleiro e far\u00e1n un percorrido que ir\u00e1 polas r\u00faas M\u00e9ndez N\u00fa\u00f1ez, Real, Concepci\u00f3n Arenal, Dolores [&hellip;]","og_url":"https:\/\/semanasantaferrol.com\/gl\/la-merced-realizara-este-sabado-a-las-12-30h-su-ensayo-solidario\/","og_site_name":"Junta General de Cofrad\u00edas y Hermandades","article_publisher":"https:\/\/www.facebook.com\/Juntageneraldecofradias\/","article_published_time":"2024-03-13T10:23:42+00:00","article_modified_time":"2024-03-13T10:25:56+00:00","og_image":[{"width":2560,"height":1707,"url":"https:\/\/semanasantaferrol.com\/wp-content\/uploads\/2024\/03\/ensayosolidario-scaled-e1710325338708.jpg","type":"image\/jpeg"}],"author":"pingota","twitter_card":"summary_large_image","twitter_misc":{"Escrito por":"pingota","Tempo de lectura":"1 minuto"},"schema":{"@context":"https:\/\/schema.org","@graph":[{"@type":"Article","@id":"https:\/\/semanasantaferrol.com\/gl\/la-merced-realizara-este-sabado-a-las-12-30h-su-ensayo-solidario\/#article","isPartOf":{"@id":"https:\/\/semanasantaferrol.com\/gl\/la-merced-realizara-este-sabado-a-las-12-30h-su-ensayo-solidario\/"},"author":{"name":"pingota","@id":"https:\/\/semanasantaferrol.com\/gl\/#\/schema\/person\/cdd132690f08f75a35f05e2423e6307c"},"headline":"A Merc\u00e9 realizar\u00e1 este s\u00e1bado, \u00e1s 12.30h, o seu Ensaio Solidario","datePublished":"2024-03-13T10:23:42+00:00","dateModified":"2024-03-13T10:25:56+00:00","mainEntityOfPage":{"@id":"https:\/\/semanasantaferrol.com\/gl\/la-merced-realizara-este-sabado-a-las-12-30h-su-ensayo-solidario\/"},"wordCount":152,"commentCount":0,"publisher":{"@id":"https:\/\/semanasantaferrol.com\/gl\/#organization"},"image":{"@id":"https:\/\/semanasantaferrol.com\/gl\/la-merced-realizara-este-sabado-a-las-12-30h-su-ensayo-solidario\/#primaryimage"},"thumbnailUrl":"https:\/\/semanasantaferrol.com\/wp-content\/uploads\/2024\/03\/ensayosolidario-scaled-e1710325338708.jpg","articleSection":["Merc\u00e9"],"inLanguage":"gl-ES","potentialAction":[{"@type":"CommentAction","name":"Comment","target":["https:\/\/semanasantaferrol.com\/gl\/la-merced-realizara-este-sabado-a-las-12-30h-su-ensayo-solidario\/#respond"]}]},{"@type":"WebPage","@id":"https:\/\/semanasantaferrol.com\/gl\/la-merced-realizara-este-sabado-a-las-12-30h-su-ensayo-solidario\/","url":"https:\/\/semanasantaferrol.com\/gl\/la-merced-realizara-este-sabado-a-las-12-30h-su-ensayo-solidario\/","name":"A Merc\u00e9 realizar\u00e1 este s\u00e1bado, \u00e1s 12.30h, o seu Ensaio Solidario - Junta General de Cofrad\u00edas y Hermandades","isPartOf":{"@id":"https:\/\/semanasantaferrol.com\/gl\/#website"},"primaryImageOfPage":{"@id":"https:\/\/semanasantaferrol.com\/gl\/la-merced-realizara-este-sabado-a-las-12-30h-su-ensayo-solidario\/#primaryimage"},"image":{"@id":"https:\/\/semanasantaferrol.com\/gl\/la-merced-realizara-este-sabado-a-las-12-30h-su-ensayo-solidario\/#primaryimage"},"thumbnailUrl":"https:\/\/semanasantaferrol.com\/wp-content\/uploads\/2024\/03\/ensayosolidario-scaled-e1710325338708.jpg","datePublished":"2024-03-13T10:23:42+00:00","dateModified":"2024-03-13T10:25:56+00:00","breadcrumb":{"@id":"https:\/\/semanasantaferrol.com\/gl\/la-merced-realizara-este-sabado-a-las-12-30h-su-ensayo-solidario\/#breadcrumb"},"inLanguage":"gl-ES","potentialAction":[{"@type":"ReadAction","target":["https:\/\/semanasantaferrol.com\/gl\/la-merced-realizara-este-sabado-a-las-12-30h-su-ensayo-solidario\/"]}]},{"@type":"ImageObject","inLanguage":"gl-ES","@id":"https:\/\/semanasantaferrol.com\/gl\/la-merced-realizara-este-sabado-a-las-12-30h-su-ensayo-solidario\/#primaryimage","url":"https:\/\/semanasantaferrol.com\/wp-content\/uploads\/2024\/03\/ensayosolidario-scaled-e1710325338708.jpg","contentUrl":"https:\/\/semanasantaferrol.com\/wp-content\/uploads\/2024\/03\/ensayosolidario-scaled-e1710325338708.jpg","width":2560,"height":1707},{"@type":"BreadcrumbList","@id":"https:\/\/semanasantaferrol.com\/gl\/la-merced-realizara-este-sabado-a-las-12-30h-su-ensayo-solidario\/#breadcrumb","itemListElement":[{"@type":"ListItem","position":1,"name":"Portada","item":"https:\/\/semanasantaferrol.com\/gl\/"},{"@type":"ListItem","position":2,"name":"A Merc\u00e9 realizar\u00e1 este s\u00e1bado, \u00e1s 12.30h, o seu Ensaio Solidario"}]},{"@type":"WebSite","@id":"https:\/\/semanasantaferrol.com\/gl\/#website","url":"https:\/\/semanasantaferrol.com\/gl\/","name":"Junta General de Cofrad\u00edas y Hermandades","description":"Semana Santa de Ferrol","publisher":{"@id":"https:\/\/semanasantaferrol.com\/gl\/#organization"},"alternateName":"Semana Santa de Ferrol","potentialAction":[{"@type":"SearchAction","target":{"@type":"EntryPoint","urlTemplate":"https:\/\/semanasantaferrol.com\/gl\/?s={search_term_string}"},"query-input":{"@type":"PropertyValueSpecification","valueRequired":true,"valueName":"search_term_string"}}],"inLanguage":"gl-ES"},{"@type":"Organization","@id":"https:\/\/semanasantaferrol.com\/gl\/#organization","name":"Junta General de Cofrad\u00edas y Hermandades de la Semana Santa de Ferrol","alternateName":"Junta de Cofrad\u00edas de la Semana Santa de Ferrol","url":"https:\/\/semanasantaferrol.com\/gl\/","logo":{"@type":"ImageObject","inLanguage":"gl-ES","@id":"https:\/\/semanasantaferrol.com\/gl\/#\/schema\/logo\/image\/","url":"https:\/\/semanasantaferrol.com\/wp-content\/uploads\/2022\/10\/junta_general_logo.svg","contentUrl":"https:\/\/semanasantaferrol.com\/wp-content\/uploads\/2022\/10\/junta_general_logo.svg","width":600,"height":790,"caption":"Junta General de Cofrad\u00edas y Hermandades de la Semana Santa de Ferrol"},"image":{"@id":"https:\/\/semanasantaferrol.com\/gl\/#\/schema\/logo\/image\/"},"sameAs":["https:\/\/www.facebook.com\/Juntageneraldecofradias\/","https:\/\/www.instagram.com\/juntageneralcofradiasferrol\/","https:\/\/www.youtube.com\/@semanasantadeferrol1616","https:\/\/www.tiktok.com\/@semanasantadeferrol"]},{"@type":"Person","@id":"https:\/\/semanasantaferrol.com\/gl\/#\/schema\/person\/cdd132690f08f75a35f05e2423e6307c","name":"pingota","image":{"@type":"ImageObject","inLanguage":"gl-ES","@id":"https:\/\/secure.gravatar.com\/avatar\/b1bb79ecdfb8d6f4c44a82262f8b422faeb290304fc5c6f8b9b4305bfaa2853c?s=96&d=mm&r=g","url":"https:\/\/secure.gravatar.com\/avatar\/b1bb79ecdfb8d6f4c44a82262f8b422faeb290304fc5c6f8b9b4305bfaa2853c?s=96&d=mm&r=g","contentUrl":"https:\/\/secure.gravatar.com\/avatar\/b1bb79ecdfb8d6f4c44a82262f8b422faeb290304fc5c6f8b9b4305bfaa2853c?s=96&d=mm&r=g","caption":"pingota"},"url":"https:\/\/semanasantaferrol.com\/gl"}]}},"_links":{"self":[{"href":"https:\/\/semanasantaferrol.com\/gl\/wp-json\/wp\/v2\/posts\/7795","targetHints":{"allow":["GET"]}}],"collection":[{"href":"https:\/\/semanasantaferrol.com\/gl\/wp-json\/wp\/v2\/posts"}],"about":[{"href":"https:\/\/semanasantaferrol.com\/gl\/wp-json\/wp\/v2\/types\/post"}],"author":[{"embeddable":true,"href":"https:\/\/semanasantaferrol.com\/gl\/wp-json\/wp\/v2\/users\/3"}],"replies":[{"embeddable":true,"href":"https:\/\/semanasantaferrol.com\/gl\/wp-json\/wp\/v2\/comments?post=7795"}],"version-history":[{"count":2,"href":"https:\/\/semanasantaferrol.com\/gl\/wp-json\/wp\/v2\/posts\/7795\/revisions"}],"predecessor-version":[{"id":7797,"href":"https:\/\/semanasantaferrol.com\/gl\/wp-json\/wp\/v2\/posts\/7795\/revisions\/7797"}],"wp:featuredmedia":[{"embeddable":true,"href":"https:\/\/semanasantaferrol.com\/gl\/wp-json\/wp\/v2\/media\/7791"}],"wp:attachment":[{"href":"https:\/\/semanasantaferrol.com\/gl\/wp-json\/wp\/v2\/media?parent=7795"}],"wp:term":[{"taxonomy":"category","embeddable":true,"href":"https:\/\/semanasantaferrol.com\/gl\/wp-json\/wp\/v2\/categories?post=7795"},{"taxonomy":"post_tag","embeddable":true,"href":"https:\/\/semanasantaferrol.com\/gl\/wp-json\/wp\/v2\/tags?post=7795"}],"curies":[{"name":"wp","href":"https:\/\/api.w.org\/{rel}","templated":true}]}}