{"id":7684,"date":"2024-03-09T12:17:13","date_gmt":"2024-03-09T12:17:13","guid":{"rendered":"https:\/\/semanasantaferrol.com\/?p=7684"},"modified":"2024-03-09T12:18:38","modified_gmt":"2024-03-09T12:18:38","slug":"cheo-na-presentacion-da-revista-ecce-homo-e-o-procesionario-da-semana-santa-de-ferrol-2024","status":"publish","type":"post","link":"https:\/\/semanasantaferrol.com\/gl\/cheo-na-presentacion-da-revista-ecce-homo-e-o-procesionario-da-semana-santa-de-ferrol-2024\/","title":{"rendered":"Cheo na presentaci\u00f3n da revista Ecce Homo e o procesionario da Semana Santa de Ferrol 2024"},"content":{"rendered":"<p>A Xunta Xeral de Confrar\u00edas e Irmandades presentou esta ma\u00f1\u00e1, nun sal\u00f3n do Casino cheo de p\u00fablico e coa presenza do alcalde, Jos\u00e9 Manuel Rey Varela, unha nova edici\u00f3n da revista Ecce Homo e o procesionario da Semana Santa de Ferrol 2024. Sa\u00edron este ano da Imprenta Provincial, unha vez m\u00e1is grazas ao apoio da Deputaci\u00f3n, 7.000 exemplares da revista, 1.000 carteis e 15.000 procesionarios, que tal e como explicou esta ma\u00f1\u00e1 C\u00e9sar Carre\u00f1o, chega \u00e1 r\u00faa cando se sabe que alg\u00fans dos percorridos planificados na publicaci\u00f3n non se cumprir\u00e1n.<\/p>\n<p>\u00c9 o caso de varias procesi\u00f3ns da Confrar\u00eda de Dolores, que se variar\u00e1n por mor da presenza dunha estada. \u201cNon pasa nada, se non imos por unha r\u00faa imos por outra, pero imos\u201d, subli\u00f1ou Carre\u00f1o, que convidou a todos os seguidores da Semana Santa de Ferrol a manterse informados a trav\u00e9s das canles de comunicaci\u00f3n da Xunta de Confrar\u00edas: canle de Whatsapp, p\u00e1xina de Facebook, Twitter, Instagram , TikTok e Youtube \u2013a trav\u00e9s da cal f\u00edxose a retransmisi\u00f3n en directo do evento-. Informarase puntualmente da axenda de cada d\u00eda e de toda a informaci\u00f3n, que estar\u00e1 tam\u00e9n colgada na web <a href=\"http:\/\/www.semanasantaferrol.com\"><em>www.semanasantaferrol.com<\/em><\/a>, e un ano m\u00e1is retransmitiranse por streaming as procesi\u00f3ns.<\/p>\n<p>O presidente da Xunta de Confrar\u00edas, C\u00e9sar Carre\u00f1o, falou dos dez anos transcorridos desde a declaraci\u00f3n de evento de Interese Tur\u00edstico Internacional, subli\u00f1ando que se trata dun t\u00edtulo que \u201csignifica o orgullo de cidade e o orgullo da nosa Semana Santa\u201d e que implica tam\u00e9n \u201ca responsabilidade de manter vivo o evento e de coidar a s\u00faa esencia\u201d. A revista Ecce Homo \u00e1brese este ano cun artigo sobre este reco\u00f1ecemento e outras seis colaboraci\u00f3ns, xunto co preg\u00f3n pronunciado o pasado ano polo xornalista Ram\u00f3n Loureiro, e unha colecci\u00f3n de fotograf\u00edas s\u00faas, realizadas nos 90, sobre a Semana Santa de Ferrol.<\/p>\n<p>A especialista en Patrimonio Rosa M\u00e9ndez asina un artigo sobre Mauro Valladares, p\u00e1rroco da desaparecida igrexa de San Xiao, figura controvertida e decisiva na construci\u00f3n da actual concatedral. Alberto Lens, presidente do Padroado e Irm\u00e1n Maior da Fundaci\u00f3n do Santo Hospital de Caridad, escribe sobre a historia de colaboraci\u00f3n que une \u00e1 devandita instituci\u00f3n coa Confrar\u00eda das Angustias. Antonio Sixto, desde hai pouco irm\u00e1n maior do Santo Enterro e tam\u00e9n confrade de Dolores, colabora tam\u00e9n cun repaso da traxectoria da Venerable Orde Terceira de Servitas, desde a s\u00faa constituci\u00f3n en 1750. O arquitecto Jos\u00e9 Ram\u00f3n Soraluce Blond, catedr\u00e1tico de Historia da arte, escribe sobre as igrexas de Ferrol, entre elas as sedes can\u00f3nicas das confrar\u00edas. Mari\u00f1a Loureiro, confrade e licenciada en Historia da arte, achega un artigo no que analiza a gran probabilidade de que a imaxe da Sant\u00edsima Virxe da Soidade se inpirase na talla que realizou en 1565 Gaspar Becerra para o convento da Vitoria en Madrid. Na publicaci\u00f3n, ademais, incl\u00faese informaci\u00f3n sobre a imaxineira Ana Rey e fotograf\u00edas do proceso de realizaci\u00f3n do novo paso que estrea este ano a Confrar\u00eda da Merc\u00e9, o do noso Pai Xes\u00fas da Humildade no Bico de Xudas.<\/p>\n<p>No acto de presentaci\u00f3n participou o alcalde de Ferrol, Jos\u00e9 Manuel Rey Varela, quen destacou que \u201ca Semana Santa \u00e9 un deses momentos no que nos ferrolanos demostramos m\u00e1is que nunca o amor pola nosa cidade, o orgullo e o que conseguimos cando traballamos unidos\u201d. Expresou o rexedor a aposta do Concello por este evento, que \u00e9 sen d\u00fabida \u201ca nosa semana grande\u201d e prometeu traballar \u201cpara que ve\u00f1a moita xente e presentar un Ferrol feliz e cheo de oportunidades\u201d.<\/p>\n<p>Entre as persoas que acudiron \u00e1 presentaci\u00f3n repart\u00edronse xa os primeiros exemplares da revista Ecce Homo e o procesionario, a\u00ednda que a partir do luns distribuiranse gratuitamente a trav\u00e9s das oficinas de turismo da cidade, o Concello, hoteis e establecementos colaboradores da Semana Santa. Tam\u00e9n poder\u00e1n recollerse na sede da Xunta de Confrar\u00edas \u2013na r\u00faa Magdalena n\u00famero 224- de martes a s\u00e1bado, entre as 11.30 e as 14.00 horas.<\/p>\n<p>&nbsp;<\/p>\n<p>&nbsp;<\/p>\n<p>A retransmisi\u00f3n en directo est\u00e1 colgada en Youtube: <a href=\"https:\/\/www.youtube.com\/live\/dTpftmuJ1GU?si=t-pwl3nq0if9Rmrm\">https:\/\/www.youtube.com\/live\/dTpftmuJ1GU?si=t-pwl3nq0if9Rmrm<\/a><\/p>\n<p>&nbsp;<\/p>\n<p>A revista pode descargarse aqu\u00ed: <a href=\"https:\/\/semanasantaferrol.com\/revista-ecce-homo\/\">https:\/\/semanasantaferrol.com\/revista-ecce-homo\/<\/a><\/p>\n","protected":false},"excerpt":{"rendered":"<p>A Xunta Xeral de Confrar\u00edas e Irmandades presentou esta ma\u00f1\u00e1, nun sal\u00f3n do Casino cheo de p\u00fablico e coa presenza do alcalde, Jos\u00e9 Manuel Rey Varela, unha nova edici\u00f3n da revista Ecce Homo e o procesionario da Semana Santa de Ferrol 2024. Sa\u00edron este ano da Imprenta Provincial, unha vez m\u00e1is grazas ao apoio da [&hellip;]<\/p>\n","protected":false},"author":3,"featured_media":7682,"comment_status":"open","ping_status":"open","sticky":false,"template":"","format":"standard","meta":{"footnotes":""},"categories":[39],"tags":[],"class_list":["post-7684","post","type-post","status-publish","format-standard","has-post-thumbnail","hentry","category-xunta"],"yoast_head":"<!-- This site is optimized with the Yoast SEO plugin v27.5 - https:\/\/yoast.com\/product\/yoast-seo-wordpress\/ -->\n<title>Cheo na presentaci\u00f3n da revista Ecce Homo e o procesionario da Semana Santa de Ferrol 2024 - Junta General de Cofrad\u00edas y Hermandades<\/title>\n<meta name=\"robots\" content=\"index, follow, max-snippet:-1, max-image-preview:large, max-video-preview:-1\" \/>\n<link rel=\"canonical\" href=\"https:\/\/semanasantaferrol.com\/gl\/cheo-na-presentacion-da-revista-ecce-homo-e-o-procesionario-da-semana-santa-de-ferrol-2024\/\" \/>\n<meta property=\"og:locale\" content=\"gl_ES\" \/>\n<meta property=\"og:type\" content=\"article\" \/>\n<meta property=\"og:title\" content=\"Cheo na presentaci\u00f3n da revista Ecce Homo e o procesionario da Semana Santa de Ferrol 2024 - Junta General de Cofrad\u00edas y Hermandades\" \/>\n<meta property=\"og:description\" content=\"A Xunta Xeral de Confrar\u00edas e Irmandades presentou esta ma\u00f1\u00e1, nun sal\u00f3n do Casino cheo de p\u00fablico e coa presenza do alcalde, Jos\u00e9 Manuel Rey Varela, unha nova edici\u00f3n da revista Ecce Homo e o procesionario da Semana Santa de Ferrol 2024. Sa\u00edron este ano da Imprenta Provincial, unha vez m\u00e1is grazas ao apoio da [&hellip;]\" \/>\n<meta property=\"og:url\" content=\"https:\/\/semanasantaferrol.com\/gl\/cheo-na-presentacion-da-revista-ecce-homo-e-o-procesionario-da-semana-santa-de-ferrol-2024\/\" \/>\n<meta property=\"og:site_name\" content=\"Junta General de Cofrad\u00edas y Hermandades\" \/>\n<meta property=\"article:publisher\" content=\"https:\/\/www.facebook.com\/Juntageneraldecofradias\/\" \/>\n<meta property=\"article:published_time\" content=\"2024-03-09T12:17:13+00:00\" \/>\n<meta property=\"article:modified_time\" content=\"2024-03-09T12:18:38+00:00\" \/>\n<meta property=\"og:image\" content=\"https:\/\/semanasantaferrol.com\/wp-content\/uploads\/2024\/03\/IMG_20240309_120829-scaled-e1709986624751.jpg\" \/>\n\t<meta property=\"og:image:width\" content=\"2560\" \/>\n\t<meta property=\"og:image:height\" content=\"1928\" \/>\n\t<meta property=\"og:image:type\" content=\"image\/jpeg\" \/>\n<meta name=\"author\" content=\"pingota\" \/>\n<meta name=\"twitter:card\" content=\"summary_large_image\" \/>\n<meta name=\"twitter:label1\" content=\"Escrito por\" \/>\n\t<meta name=\"twitter:data1\" content=\"pingota\" \/>\n\t<meta name=\"twitter:label2\" content=\"Tempo de lectura\" \/>\n\t<meta name=\"twitter:data2\" content=\"4 minutos\" \/>\n<script type=\"application\/ld+json\" class=\"yoast-schema-graph\">{\"@context\":\"https:\\\/\\\/schema.org\",\"@graph\":[{\"@type\":\"Article\",\"@id\":\"https:\\\/\\\/semanasantaferrol.com\\\/gl\\\/cheo-na-presentacion-da-revista-ecce-homo-e-o-procesionario-da-semana-santa-de-ferrol-2024\\\/#article\",\"isPartOf\":{\"@id\":\"https:\\\/\\\/semanasantaferrol.com\\\/gl\\\/cheo-na-presentacion-da-revista-ecce-homo-e-o-procesionario-da-semana-santa-de-ferrol-2024\\\/\"},\"author\":{\"name\":\"pingota\",\"@id\":\"https:\\\/\\\/semanasantaferrol.com\\\/gl\\\/#\\\/schema\\\/person\\\/cdd132690f08f75a35f05e2423e6307c\"},\"headline\":\"Cheo na presentaci\u00f3n da revista Ecce Homo e o procesionario da Semana Santa de Ferrol 2024\",\"datePublished\":\"2024-03-09T12:17:13+00:00\",\"dateModified\":\"2024-03-09T12:18:38+00:00\",\"mainEntityOfPage\":{\"@id\":\"https:\\\/\\\/semanasantaferrol.com\\\/gl\\\/cheo-na-presentacion-da-revista-ecce-homo-e-o-procesionario-da-semana-santa-de-ferrol-2024\\\/\"},\"wordCount\":768,\"commentCount\":0,\"publisher\":{\"@id\":\"https:\\\/\\\/semanasantaferrol.com\\\/gl\\\/#organization\"},\"image\":{\"@id\":\"https:\\\/\\\/semanasantaferrol.com\\\/gl\\\/cheo-na-presentacion-da-revista-ecce-homo-e-o-procesionario-da-semana-santa-de-ferrol-2024\\\/#primaryimage\"},\"thumbnailUrl\":\"https:\\\/\\\/semanasantaferrol.com\\\/wp-content\\\/uploads\\\/2024\\\/03\\\/IMG_20240309_120829-scaled-e1709986624751.jpg\",\"articleSection\":[\"Xunta\"],\"inLanguage\":\"gl-ES\",\"potentialAction\":[{\"@type\":\"CommentAction\",\"name\":\"Comment\",\"target\":[\"https:\\\/\\\/semanasantaferrol.com\\\/gl\\\/cheo-na-presentacion-da-revista-ecce-homo-e-o-procesionario-da-semana-santa-de-ferrol-2024\\\/#respond\"]}]},{\"@type\":\"WebPage\",\"@id\":\"https:\\\/\\\/semanasantaferrol.com\\\/gl\\\/cheo-na-presentacion-da-revista-ecce-homo-e-o-procesionario-da-semana-santa-de-ferrol-2024\\\/\",\"url\":\"https:\\\/\\\/semanasantaferrol.com\\\/gl\\\/cheo-na-presentacion-da-revista-ecce-homo-e-o-procesionario-da-semana-santa-de-ferrol-2024\\\/\",\"name\":\"Cheo na presentaci\u00f3n da revista Ecce Homo e o procesionario da Semana Santa de Ferrol 2024 - Junta General de Cofrad\u00edas y Hermandades\",\"isPartOf\":{\"@id\":\"https:\\\/\\\/semanasantaferrol.com\\\/gl\\\/#website\"},\"primaryImageOfPage\":{\"@id\":\"https:\\\/\\\/semanasantaferrol.com\\\/gl\\\/cheo-na-presentacion-da-revista-ecce-homo-e-o-procesionario-da-semana-santa-de-ferrol-2024\\\/#primaryimage\"},\"image\":{\"@id\":\"https:\\\/\\\/semanasantaferrol.com\\\/gl\\\/cheo-na-presentacion-da-revista-ecce-homo-e-o-procesionario-da-semana-santa-de-ferrol-2024\\\/#primaryimage\"},\"thumbnailUrl\":\"https:\\\/\\\/semanasantaferrol.com\\\/wp-content\\\/uploads\\\/2024\\\/03\\\/IMG_20240309_120829-scaled-e1709986624751.jpg\",\"datePublished\":\"2024-03-09T12:17:13+00:00\",\"dateModified\":\"2024-03-09T12:18:38+00:00\",\"breadcrumb\":{\"@id\":\"https:\\\/\\\/semanasantaferrol.com\\\/gl\\\/cheo-na-presentacion-da-revista-ecce-homo-e-o-procesionario-da-semana-santa-de-ferrol-2024\\\/#breadcrumb\"},\"inLanguage\":\"gl-ES\",\"potentialAction\":[{\"@type\":\"ReadAction\",\"target\":[\"https:\\\/\\\/semanasantaferrol.com\\\/gl\\\/cheo-na-presentacion-da-revista-ecce-homo-e-o-procesionario-da-semana-santa-de-ferrol-2024\\\/\"]}]},{\"@type\":\"ImageObject\",\"inLanguage\":\"gl-ES\",\"@id\":\"https:\\\/\\\/semanasantaferrol.com\\\/gl\\\/cheo-na-presentacion-da-revista-ecce-homo-e-o-procesionario-da-semana-santa-de-ferrol-2024\\\/#primaryimage\",\"url\":\"https:\\\/\\\/semanasantaferrol.com\\\/wp-content\\\/uploads\\\/2024\\\/03\\\/IMG_20240309_120829-scaled-e1709986624751.jpg\",\"contentUrl\":\"https:\\\/\\\/semanasantaferrol.com\\\/wp-content\\\/uploads\\\/2024\\\/03\\\/IMG_20240309_120829-scaled-e1709986624751.jpg\",\"width\":2560,\"height\":1928},{\"@type\":\"BreadcrumbList\",\"@id\":\"https:\\\/\\\/semanasantaferrol.com\\\/gl\\\/cheo-na-presentacion-da-revista-ecce-homo-e-o-procesionario-da-semana-santa-de-ferrol-2024\\\/#breadcrumb\",\"itemListElement\":[{\"@type\":\"ListItem\",\"position\":1,\"name\":\"Portada\",\"item\":\"https:\\\/\\\/semanasantaferrol.com\\\/gl\\\/\"},{\"@type\":\"ListItem\",\"position\":2,\"name\":\"Cheo na presentaci\u00f3n da revista Ecce Homo e o procesionario da Semana Santa de Ferrol 2024\"}]},{\"@type\":\"WebSite\",\"@id\":\"https:\\\/\\\/semanasantaferrol.com\\\/gl\\\/#website\",\"url\":\"https:\\\/\\\/semanasantaferrol.com\\\/gl\\\/\",\"name\":\"Junta General de Cofrad\u00edas y Hermandades\",\"description\":\"Semana Santa de Ferrol\",\"publisher\":{\"@id\":\"https:\\\/\\\/semanasantaferrol.com\\\/gl\\\/#organization\"},\"alternateName\":\"Semana Santa de Ferrol\",\"potentialAction\":[{\"@type\":\"SearchAction\",\"target\":{\"@type\":\"EntryPoint\",\"urlTemplate\":\"https:\\\/\\\/semanasantaferrol.com\\\/gl\\\/?s={search_term_string}\"},\"query-input\":{\"@type\":\"PropertyValueSpecification\",\"valueRequired\":true,\"valueName\":\"search_term_string\"}}],\"inLanguage\":\"gl-ES\"},{\"@type\":\"Organization\",\"@id\":\"https:\\\/\\\/semanasantaferrol.com\\\/gl\\\/#organization\",\"name\":\"Junta General de Cofrad\u00edas y Hermandades de la Semana Santa de Ferrol\",\"alternateName\":\"Junta de Cofrad\u00edas de la Semana Santa de Ferrol\",\"url\":\"https:\\\/\\\/semanasantaferrol.com\\\/gl\\\/\",\"logo\":{\"@type\":\"ImageObject\",\"inLanguage\":\"gl-ES\",\"@id\":\"https:\\\/\\\/semanasantaferrol.com\\\/gl\\\/#\\\/schema\\\/logo\\\/image\\\/\",\"url\":\"https:\\\/\\\/semanasantaferrol.com\\\/wp-content\\\/uploads\\\/2022\\\/10\\\/junta_general_logo.svg\",\"contentUrl\":\"https:\\\/\\\/semanasantaferrol.com\\\/wp-content\\\/uploads\\\/2022\\\/10\\\/junta_general_logo.svg\",\"width\":600,\"height\":790,\"caption\":\"Junta General de Cofrad\u00edas y Hermandades de la Semana Santa de Ferrol\"},\"image\":{\"@id\":\"https:\\\/\\\/semanasantaferrol.com\\\/gl\\\/#\\\/schema\\\/logo\\\/image\\\/\"},\"sameAs\":[\"https:\\\/\\\/www.facebook.com\\\/Juntageneraldecofradias\\\/\",\"https:\\\/\\\/www.instagram.com\\\/juntageneralcofradiasferrol\\\/\",\"https:\\\/\\\/www.youtube.com\\\/@semanasantadeferrol1616\",\"https:\\\/\\\/www.tiktok.com\\\/@semanasantadeferrol\"]},{\"@type\":\"Person\",\"@id\":\"https:\\\/\\\/semanasantaferrol.com\\\/gl\\\/#\\\/schema\\\/person\\\/cdd132690f08f75a35f05e2423e6307c\",\"name\":\"pingota\",\"image\":{\"@type\":\"ImageObject\",\"inLanguage\":\"gl-ES\",\"@id\":\"https:\\\/\\\/secure.gravatar.com\\\/avatar\\\/b1bb79ecdfb8d6f4c44a82262f8b422faeb290304fc5c6f8b9b4305bfaa2853c?s=96&d=mm&r=g\",\"url\":\"https:\\\/\\\/secure.gravatar.com\\\/avatar\\\/b1bb79ecdfb8d6f4c44a82262f8b422faeb290304fc5c6f8b9b4305bfaa2853c?s=96&d=mm&r=g\",\"contentUrl\":\"https:\\\/\\\/secure.gravatar.com\\\/avatar\\\/b1bb79ecdfb8d6f4c44a82262f8b422faeb290304fc5c6f8b9b4305bfaa2853c?s=96&d=mm&r=g\",\"caption\":\"pingota\"},\"url\":\"https:\\\/\\\/semanasantaferrol.com\\\/gl\"}]}<\/script>\n<!-- \/ Yoast SEO plugin. -->","yoast_head_json":{"title":"Cheo na presentaci\u00f3n da revista Ecce Homo e o procesionario da Semana Santa de Ferrol 2024 - Junta General de Cofrad\u00edas y Hermandades","robots":{"index":"index","follow":"follow","max-snippet":"max-snippet:-1","max-image-preview":"max-image-preview:large","max-video-preview":"max-video-preview:-1"},"canonical":"https:\/\/semanasantaferrol.com\/gl\/cheo-na-presentacion-da-revista-ecce-homo-e-o-procesionario-da-semana-santa-de-ferrol-2024\/","og_locale":"gl_ES","og_type":"article","og_title":"Cheo na presentaci\u00f3n da revista Ecce Homo e o procesionario da Semana Santa de Ferrol 2024 - Junta General de Cofrad\u00edas y Hermandades","og_description":"A Xunta Xeral de Confrar\u00edas e Irmandades presentou esta ma\u00f1\u00e1, nun sal\u00f3n do Casino cheo de p\u00fablico e coa presenza do alcalde, Jos\u00e9 Manuel Rey Varela, unha nova edici\u00f3n da revista Ecce Homo e o procesionario da Semana Santa de Ferrol 2024. Sa\u00edron este ano da Imprenta Provincial, unha vez m\u00e1is grazas ao apoio da [&hellip;]","og_url":"https:\/\/semanasantaferrol.com\/gl\/cheo-na-presentacion-da-revista-ecce-homo-e-o-procesionario-da-semana-santa-de-ferrol-2024\/","og_site_name":"Junta General de Cofrad\u00edas y Hermandades","article_publisher":"https:\/\/www.facebook.com\/Juntageneraldecofradias\/","article_published_time":"2024-03-09T12:17:13+00:00","article_modified_time":"2024-03-09T12:18:38+00:00","og_image":[{"width":2560,"height":1928,"url":"https:\/\/semanasantaferrol.com\/wp-content\/uploads\/2024\/03\/IMG_20240309_120829-scaled-e1709986624751.jpg","type":"image\/jpeg"}],"author":"pingota","twitter_card":"summary_large_image","twitter_misc":{"Escrito por":"pingota","Tempo de lectura":"4 minutos"},"schema":{"@context":"https:\/\/schema.org","@graph":[{"@type":"Article","@id":"https:\/\/semanasantaferrol.com\/gl\/cheo-na-presentacion-da-revista-ecce-homo-e-o-procesionario-da-semana-santa-de-ferrol-2024\/#article","isPartOf":{"@id":"https:\/\/semanasantaferrol.com\/gl\/cheo-na-presentacion-da-revista-ecce-homo-e-o-procesionario-da-semana-santa-de-ferrol-2024\/"},"author":{"name":"pingota","@id":"https:\/\/semanasantaferrol.com\/gl\/#\/schema\/person\/cdd132690f08f75a35f05e2423e6307c"},"headline":"Cheo na presentaci\u00f3n da revista Ecce Homo e o procesionario da Semana Santa de Ferrol 2024","datePublished":"2024-03-09T12:17:13+00:00","dateModified":"2024-03-09T12:18:38+00:00","mainEntityOfPage":{"@id":"https:\/\/semanasantaferrol.com\/gl\/cheo-na-presentacion-da-revista-ecce-homo-e-o-procesionario-da-semana-santa-de-ferrol-2024\/"},"wordCount":768,"commentCount":0,"publisher":{"@id":"https:\/\/semanasantaferrol.com\/gl\/#organization"},"image":{"@id":"https:\/\/semanasantaferrol.com\/gl\/cheo-na-presentacion-da-revista-ecce-homo-e-o-procesionario-da-semana-santa-de-ferrol-2024\/#primaryimage"},"thumbnailUrl":"https:\/\/semanasantaferrol.com\/wp-content\/uploads\/2024\/03\/IMG_20240309_120829-scaled-e1709986624751.jpg","articleSection":["Xunta"],"inLanguage":"gl-ES","potentialAction":[{"@type":"CommentAction","name":"Comment","target":["https:\/\/semanasantaferrol.com\/gl\/cheo-na-presentacion-da-revista-ecce-homo-e-o-procesionario-da-semana-santa-de-ferrol-2024\/#respond"]}]},{"@type":"WebPage","@id":"https:\/\/semanasantaferrol.com\/gl\/cheo-na-presentacion-da-revista-ecce-homo-e-o-procesionario-da-semana-santa-de-ferrol-2024\/","url":"https:\/\/semanasantaferrol.com\/gl\/cheo-na-presentacion-da-revista-ecce-homo-e-o-procesionario-da-semana-santa-de-ferrol-2024\/","name":"Cheo na presentaci\u00f3n da revista Ecce Homo e o procesionario da Semana Santa de Ferrol 2024 - Junta General de Cofrad\u00edas y Hermandades","isPartOf":{"@id":"https:\/\/semanasantaferrol.com\/gl\/#website"},"primaryImageOfPage":{"@id":"https:\/\/semanasantaferrol.com\/gl\/cheo-na-presentacion-da-revista-ecce-homo-e-o-procesionario-da-semana-santa-de-ferrol-2024\/#primaryimage"},"image":{"@id":"https:\/\/semanasantaferrol.com\/gl\/cheo-na-presentacion-da-revista-ecce-homo-e-o-procesionario-da-semana-santa-de-ferrol-2024\/#primaryimage"},"thumbnailUrl":"https:\/\/semanasantaferrol.com\/wp-content\/uploads\/2024\/03\/IMG_20240309_120829-scaled-e1709986624751.jpg","datePublished":"2024-03-09T12:17:13+00:00","dateModified":"2024-03-09T12:18:38+00:00","breadcrumb":{"@id":"https:\/\/semanasantaferrol.com\/gl\/cheo-na-presentacion-da-revista-ecce-homo-e-o-procesionario-da-semana-santa-de-ferrol-2024\/#breadcrumb"},"inLanguage":"gl-ES","potentialAction":[{"@type":"ReadAction","target":["https:\/\/semanasantaferrol.com\/gl\/cheo-na-presentacion-da-revista-ecce-homo-e-o-procesionario-da-semana-santa-de-ferrol-2024\/"]}]},{"@type":"ImageObject","inLanguage":"gl-ES","@id":"https:\/\/semanasantaferrol.com\/gl\/cheo-na-presentacion-da-revista-ecce-homo-e-o-procesionario-da-semana-santa-de-ferrol-2024\/#primaryimage","url":"https:\/\/semanasantaferrol.com\/wp-content\/uploads\/2024\/03\/IMG_20240309_120829-scaled-e1709986624751.jpg","contentUrl":"https:\/\/semanasantaferrol.com\/wp-content\/uploads\/2024\/03\/IMG_20240309_120829-scaled-e1709986624751.jpg","width":2560,"height":1928},{"@type":"BreadcrumbList","@id":"https:\/\/semanasantaferrol.com\/gl\/cheo-na-presentacion-da-revista-ecce-homo-e-o-procesionario-da-semana-santa-de-ferrol-2024\/#breadcrumb","itemListElement":[{"@type":"ListItem","position":1,"name":"Portada","item":"https:\/\/semanasantaferrol.com\/gl\/"},{"@type":"ListItem","position":2,"name":"Cheo na presentaci\u00f3n da revista Ecce Homo e o procesionario da Semana Santa de Ferrol 2024"}]},{"@type":"WebSite","@id":"https:\/\/semanasantaferrol.com\/gl\/#website","url":"https:\/\/semanasantaferrol.com\/gl\/","name":"Junta General de Cofrad\u00edas y Hermandades","description":"Semana Santa de Ferrol","publisher":{"@id":"https:\/\/semanasantaferrol.com\/gl\/#organization"},"alternateName":"Semana Santa de Ferrol","potentialAction":[{"@type":"SearchAction","target":{"@type":"EntryPoint","urlTemplate":"https:\/\/semanasantaferrol.com\/gl\/?s={search_term_string}"},"query-input":{"@type":"PropertyValueSpecification","valueRequired":true,"valueName":"search_term_string"}}],"inLanguage":"gl-ES"},{"@type":"Organization","@id":"https:\/\/semanasantaferrol.com\/gl\/#organization","name":"Junta General de Cofrad\u00edas y Hermandades de la Semana Santa de Ferrol","alternateName":"Junta de Cofrad\u00edas de la Semana Santa de Ferrol","url":"https:\/\/semanasantaferrol.com\/gl\/","logo":{"@type":"ImageObject","inLanguage":"gl-ES","@id":"https:\/\/semanasantaferrol.com\/gl\/#\/schema\/logo\/image\/","url":"https:\/\/semanasantaferrol.com\/wp-content\/uploads\/2022\/10\/junta_general_logo.svg","contentUrl":"https:\/\/semanasantaferrol.com\/wp-content\/uploads\/2022\/10\/junta_general_logo.svg","width":600,"height":790,"caption":"Junta General de Cofrad\u00edas y Hermandades de la Semana Santa de Ferrol"},"image":{"@id":"https:\/\/semanasantaferrol.com\/gl\/#\/schema\/logo\/image\/"},"sameAs":["https:\/\/www.facebook.com\/Juntageneraldecofradias\/","https:\/\/www.instagram.com\/juntageneralcofradiasferrol\/","https:\/\/www.youtube.com\/@semanasantadeferrol1616","https:\/\/www.tiktok.com\/@semanasantadeferrol"]},{"@type":"Person","@id":"https:\/\/semanasantaferrol.com\/gl\/#\/schema\/person\/cdd132690f08f75a35f05e2423e6307c","name":"pingota","image":{"@type":"ImageObject","inLanguage":"gl-ES","@id":"https:\/\/secure.gravatar.com\/avatar\/b1bb79ecdfb8d6f4c44a82262f8b422faeb290304fc5c6f8b9b4305bfaa2853c?s=96&d=mm&r=g","url":"https:\/\/secure.gravatar.com\/avatar\/b1bb79ecdfb8d6f4c44a82262f8b422faeb290304fc5c6f8b9b4305bfaa2853c?s=96&d=mm&r=g","contentUrl":"https:\/\/secure.gravatar.com\/avatar\/b1bb79ecdfb8d6f4c44a82262f8b422faeb290304fc5c6f8b9b4305bfaa2853c?s=96&d=mm&r=g","caption":"pingota"},"url":"https:\/\/semanasantaferrol.com\/gl"}]}},"_links":{"self":[{"href":"https:\/\/semanasantaferrol.com\/gl\/wp-json\/wp\/v2\/posts\/7684","targetHints":{"allow":["GET"]}}],"collection":[{"href":"https:\/\/semanasantaferrol.com\/gl\/wp-json\/wp\/v2\/posts"}],"about":[{"href":"https:\/\/semanasantaferrol.com\/gl\/wp-json\/wp\/v2\/types\/post"}],"author":[{"embeddable":true,"href":"https:\/\/semanasantaferrol.com\/gl\/wp-json\/wp\/v2\/users\/3"}],"replies":[{"embeddable":true,"href":"https:\/\/semanasantaferrol.com\/gl\/wp-json\/wp\/v2\/comments?post=7684"}],"version-history":[{"count":1,"href":"https:\/\/semanasantaferrol.com\/gl\/wp-json\/wp\/v2\/posts\/7684\/revisions"}],"predecessor-version":[{"id":7685,"href":"https:\/\/semanasantaferrol.com\/gl\/wp-json\/wp\/v2\/posts\/7684\/revisions\/7685"}],"wp:featuredmedia":[{"embeddable":true,"href":"https:\/\/semanasantaferrol.com\/gl\/wp-json\/wp\/v2\/media\/7682"}],"wp:attachment":[{"href":"https:\/\/semanasantaferrol.com\/gl\/wp-json\/wp\/v2\/media?parent=7684"}],"wp:term":[{"taxonomy":"category","embeddable":true,"href":"https:\/\/semanasantaferrol.com\/gl\/wp-json\/wp\/v2\/categories?post=7684"},{"taxonomy":"post_tag","embeddable":true,"href":"https:\/\/semanasantaferrol.com\/gl\/wp-json\/wp\/v2\/tags?post=7684"}],"curies":[{"name":"wp","href":"https:\/\/api.w.org\/{rel}","templated":true}]}}