{"id":7635,"date":"2024-03-05T11:41:09","date_gmt":"2024-03-05T11:41:09","guid":{"rendered":"https:\/\/semanasantaferrol.com\/?p=7635"},"modified":"2024-03-12T10:31:06","modified_gmt":"2024-03-12T10:31:06","slug":"a-confraria-da-merce-presentara-a-sua-nova-imaxe-de-xesus-da-humildade-o-dia-15","status":"publish","type":"post","link":"https:\/\/semanasantaferrol.com\/gl\/a-confraria-da-merce-presentara-a-sua-nova-imaxe-de-xesus-da-humildade-o-dia-15\/","title":{"rendered":"A Confrar\u00eda da Merc\u00e9 presentar\u00e1 a s\u00faa nova imaxe de Xes\u00fas da Humildade o d\u00eda 15"},"content":{"rendered":"<p>A Confrar\u00eda da Merc\u00e9 anuncia de que o d\u00eda 15 de marzo, \u00e1s 20.30h, celebrarase na s\u00faa capela a presentaci\u00f3n e bendici\u00f3n da nova talla do noso Pai Jes\u00fas da Humildade no Bico de Judas. Tr\u00e1tase dunha imaxe realizada pola escultora gaditana Ana Rey, que asistir\u00e1 ao evento.<\/p>\n<p>Como se sabe, a imaxe estrearase na tarde do Xoves Santo nunha nova procesi\u00f3n da Confrar\u00eda da Merc\u00e9.<\/p>\n<p>A capela da Merc\u00e9 acoller\u00e1 o s\u00e1bado e o domingo unha veneraci\u00f3n a esta nova imaxe de Noso Pai Xes\u00fas da Humildade no Bico de Xudas. O s\u00e1bado de 11.00 a 13.30 e de 17.00 a 19.00 e o domingo, de 16.00 a 20.00h.<\/p>\n","protected":false},"excerpt":{"rendered":"<p>A Confrar\u00eda da Merc\u00e9 anuncia de que o d\u00eda 15 de marzo, \u00e1s 20.30h, celebrarase na s\u00faa capela a presentaci\u00f3n e bendici\u00f3n da nova talla do noso Pai Jes\u00fas da Humildade no Bico de Judas. Tr\u00e1tase dunha imaxe realizada pola escultora gaditana Ana Rey, que asistir\u00e1 ao evento. Como se sabe, a imaxe estrearase na [&hellip;]<\/p>\n","protected":false},"author":3,"featured_media":7633,"comment_status":"open","ping_status":"open","sticky":false,"template":"","format":"standard","meta":{"footnotes":""},"categories":[40],"tags":[],"class_list":["post-7635","post","type-post","status-publish","format-standard","has-post-thumbnail","hentry","category-merce"],"yoast_head":"<!-- This site is optimized with the Yoast SEO plugin v27.5 - https:\/\/yoast.com\/product\/yoast-seo-wordpress\/ -->\n<title>A Confrar\u00eda da Merc\u00e9 presentar\u00e1 a s\u00faa nova imaxe de Xes\u00fas da Humildade o d\u00eda 15 - Junta General de Cofrad\u00edas y Hermandades<\/title>\n<meta name=\"robots\" content=\"index, follow, max-snippet:-1, max-image-preview:large, max-video-preview:-1\" \/>\n<link rel=\"canonical\" href=\"https:\/\/semanasantaferrol.com\/gl\/a-confraria-da-merce-presentara-a-sua-nova-imaxe-de-xesus-da-humildade-o-dia-15\/\" \/>\n<meta property=\"og:locale\" content=\"gl_ES\" \/>\n<meta property=\"og:type\" content=\"article\" \/>\n<meta property=\"og:title\" content=\"A Confrar\u00eda da Merc\u00e9 presentar\u00e1 a s\u00faa nova imaxe de Xes\u00fas da Humildade o d\u00eda 15 - Junta General de Cofrad\u00edas y Hermandades\" \/>\n<meta property=\"og:description\" content=\"A Confrar\u00eda da Merc\u00e9 anuncia de que o d\u00eda 15 de marzo, \u00e1s 20.30h, celebrarase na s\u00faa capela a presentaci\u00f3n e bendici\u00f3n da nova talla do noso Pai Jes\u00fas da Humildade no Bico de Judas. Tr\u00e1tase dunha imaxe realizada pola escultora gaditana Ana Rey, que asistir\u00e1 ao evento. Como se sabe, a imaxe estrearase na [&hellip;]\" \/>\n<meta property=\"og:url\" content=\"https:\/\/semanasantaferrol.com\/gl\/a-confraria-da-merce-presentara-a-sua-nova-imaxe-de-xesus-da-humildade-o-dia-15\/\" \/>\n<meta property=\"og:site_name\" content=\"Junta General de Cofrad\u00edas y Hermandades\" \/>\n<meta property=\"article:publisher\" content=\"https:\/\/www.facebook.com\/Juntageneraldecofradias\/\" \/>\n<meta property=\"article:published_time\" content=\"2024-03-05T11:41:09+00:00\" \/>\n<meta property=\"article:modified_time\" content=\"2024-03-12T10:31:06+00:00\" \/>\n<meta property=\"og:image\" content=\"https:\/\/semanasantaferrol.com\/wp-content\/uploads\/2024\/03\/nuevo-canal-de-whatsapp-de-la-semana-santa-de-ferrol-300-x-225-px-3000-x-2250-px-6-1024x768.png\" \/>\n\t<meta property=\"og:image:width\" content=\"1024\" \/>\n\t<meta property=\"og:image:height\" content=\"768\" \/>\n\t<meta property=\"og:image:type\" content=\"image\/png\" \/>\n<meta name=\"author\" content=\"pingota\" \/>\n<meta name=\"twitter:card\" content=\"summary_large_image\" \/>\n<meta name=\"twitter:label1\" content=\"Escrito por\" \/>\n\t<meta name=\"twitter:data1\" content=\"pingota\" \/>\n\t<meta name=\"twitter:label2\" content=\"Tempo de lectura\" \/>\n\t<meta name=\"twitter:data2\" content=\"1 minuto\" \/>\n<script type=\"application\/ld+json\" class=\"yoast-schema-graph\">{\"@context\":\"https:\\\/\\\/schema.org\",\"@graph\":[{\"@type\":\"Article\",\"@id\":\"https:\\\/\\\/semanasantaferrol.com\\\/gl\\\/a-confraria-da-merce-presentara-a-sua-nova-imaxe-de-xesus-da-humildade-o-dia-15\\\/#article\",\"isPartOf\":{\"@id\":\"https:\\\/\\\/semanasantaferrol.com\\\/gl\\\/a-confraria-da-merce-presentara-a-sua-nova-imaxe-de-xesus-da-humildade-o-dia-15\\\/\"},\"author\":{\"name\":\"pingota\",\"@id\":\"https:\\\/\\\/semanasantaferrol.com\\\/gl\\\/#\\\/schema\\\/person\\\/cdd132690f08f75a35f05e2423e6307c\"},\"headline\":\"A Confrar\u00eda da Merc\u00e9 presentar\u00e1 a s\u00faa nova imaxe de Xes\u00fas da Humildade o d\u00eda 15\",\"datePublished\":\"2024-03-05T11:41:09+00:00\",\"dateModified\":\"2024-03-12T10:31:06+00:00\",\"mainEntityOfPage\":{\"@id\":\"https:\\\/\\\/semanasantaferrol.com\\\/gl\\\/a-confraria-da-merce-presentara-a-sua-nova-imaxe-de-xesus-da-humildade-o-dia-15\\\/\"},\"wordCount\":136,\"commentCount\":0,\"publisher\":{\"@id\":\"https:\\\/\\\/semanasantaferrol.com\\\/gl\\\/#organization\"},\"image\":{\"@id\":\"https:\\\/\\\/semanasantaferrol.com\\\/gl\\\/a-confraria-da-merce-presentara-a-sua-nova-imaxe-de-xesus-da-humildade-o-dia-15\\\/#primaryimage\"},\"thumbnailUrl\":\"https:\\\/\\\/semanasantaferrol.com\\\/wp-content\\\/uploads\\\/2024\\\/03\\\/nuevo-canal-de-whatsapp-de-la-semana-santa-de-ferrol-300-x-225-px-3000-x-2250-px-6.png\",\"articleSection\":[\"Merc\u00e9\"],\"inLanguage\":\"gl-ES\",\"potentialAction\":[{\"@type\":\"CommentAction\",\"name\":\"Comment\",\"target\":[\"https:\\\/\\\/semanasantaferrol.com\\\/gl\\\/a-confraria-da-merce-presentara-a-sua-nova-imaxe-de-xesus-da-humildade-o-dia-15\\\/#respond\"]}]},{\"@type\":\"WebPage\",\"@id\":\"https:\\\/\\\/semanasantaferrol.com\\\/gl\\\/a-confraria-da-merce-presentara-a-sua-nova-imaxe-de-xesus-da-humildade-o-dia-15\\\/\",\"url\":\"https:\\\/\\\/semanasantaferrol.com\\\/gl\\\/a-confraria-da-merce-presentara-a-sua-nova-imaxe-de-xesus-da-humildade-o-dia-15\\\/\",\"name\":\"A Confrar\u00eda da Merc\u00e9 presentar\u00e1 a s\u00faa nova imaxe de Xes\u00fas da Humildade o d\u00eda 15 - Junta General de Cofrad\u00edas y Hermandades\",\"isPartOf\":{\"@id\":\"https:\\\/\\\/semanasantaferrol.com\\\/gl\\\/#website\"},\"primaryImageOfPage\":{\"@id\":\"https:\\\/\\\/semanasantaferrol.com\\\/gl\\\/a-confraria-da-merce-presentara-a-sua-nova-imaxe-de-xesus-da-humildade-o-dia-15\\\/#primaryimage\"},\"image\":{\"@id\":\"https:\\\/\\\/semanasantaferrol.com\\\/gl\\\/a-confraria-da-merce-presentara-a-sua-nova-imaxe-de-xesus-da-humildade-o-dia-15\\\/#primaryimage\"},\"thumbnailUrl\":\"https:\\\/\\\/semanasantaferrol.com\\\/wp-content\\\/uploads\\\/2024\\\/03\\\/nuevo-canal-de-whatsapp-de-la-semana-santa-de-ferrol-300-x-225-px-3000-x-2250-px-6.png\",\"datePublished\":\"2024-03-05T11:41:09+00:00\",\"dateModified\":\"2024-03-12T10:31:06+00:00\",\"breadcrumb\":{\"@id\":\"https:\\\/\\\/semanasantaferrol.com\\\/gl\\\/a-confraria-da-merce-presentara-a-sua-nova-imaxe-de-xesus-da-humildade-o-dia-15\\\/#breadcrumb\"},\"inLanguage\":\"gl-ES\",\"potentialAction\":[{\"@type\":\"ReadAction\",\"target\":[\"https:\\\/\\\/semanasantaferrol.com\\\/gl\\\/a-confraria-da-merce-presentara-a-sua-nova-imaxe-de-xesus-da-humildade-o-dia-15\\\/\"]}]},{\"@type\":\"ImageObject\",\"inLanguage\":\"gl-ES\",\"@id\":\"https:\\\/\\\/semanasantaferrol.com\\\/gl\\\/a-confraria-da-merce-presentara-a-sua-nova-imaxe-de-xesus-da-humildade-o-dia-15\\\/#primaryimage\",\"url\":\"https:\\\/\\\/semanasantaferrol.com\\\/wp-content\\\/uploads\\\/2024\\\/03\\\/nuevo-canal-de-whatsapp-de-la-semana-santa-de-ferrol-300-x-225-px-3000-x-2250-px-6.png\",\"contentUrl\":\"https:\\\/\\\/semanasantaferrol.com\\\/wp-content\\\/uploads\\\/2024\\\/03\\\/nuevo-canal-de-whatsapp-de-la-semana-santa-de-ferrol-300-x-225-px-3000-x-2250-px-6.png\",\"width\":3000,\"height\":2250},{\"@type\":\"BreadcrumbList\",\"@id\":\"https:\\\/\\\/semanasantaferrol.com\\\/gl\\\/a-confraria-da-merce-presentara-a-sua-nova-imaxe-de-xesus-da-humildade-o-dia-15\\\/#breadcrumb\",\"itemListElement\":[{\"@type\":\"ListItem\",\"position\":1,\"name\":\"Portada\",\"item\":\"https:\\\/\\\/semanasantaferrol.com\\\/gl\\\/\"},{\"@type\":\"ListItem\",\"position\":2,\"name\":\"A Confrar\u00eda da Merc\u00e9 presentar\u00e1 a s\u00faa nova imaxe de Xes\u00fas da Humildade o d\u00eda 15\"}]},{\"@type\":\"WebSite\",\"@id\":\"https:\\\/\\\/semanasantaferrol.com\\\/gl\\\/#website\",\"url\":\"https:\\\/\\\/semanasantaferrol.com\\\/gl\\\/\",\"name\":\"Junta General de Cofrad\u00edas y Hermandades\",\"description\":\"Semana Santa de Ferrol\",\"publisher\":{\"@id\":\"https:\\\/\\\/semanasantaferrol.com\\\/gl\\\/#organization\"},\"alternateName\":\"Semana Santa de Ferrol\",\"potentialAction\":[{\"@type\":\"SearchAction\",\"target\":{\"@type\":\"EntryPoint\",\"urlTemplate\":\"https:\\\/\\\/semanasantaferrol.com\\\/gl\\\/?s={search_term_string}\"},\"query-input\":{\"@type\":\"PropertyValueSpecification\",\"valueRequired\":true,\"valueName\":\"search_term_string\"}}],\"inLanguage\":\"gl-ES\"},{\"@type\":\"Organization\",\"@id\":\"https:\\\/\\\/semanasantaferrol.com\\\/gl\\\/#organization\",\"name\":\"Junta General de Cofrad\u00edas y Hermandades de la Semana Santa de Ferrol\",\"alternateName\":\"Junta de Cofrad\u00edas de la Semana Santa de Ferrol\",\"url\":\"https:\\\/\\\/semanasantaferrol.com\\\/gl\\\/\",\"logo\":{\"@type\":\"ImageObject\",\"inLanguage\":\"gl-ES\",\"@id\":\"https:\\\/\\\/semanasantaferrol.com\\\/gl\\\/#\\\/schema\\\/logo\\\/image\\\/\",\"url\":\"https:\\\/\\\/semanasantaferrol.com\\\/wp-content\\\/uploads\\\/2022\\\/10\\\/junta_general_logo.svg\",\"contentUrl\":\"https:\\\/\\\/semanasantaferrol.com\\\/wp-content\\\/uploads\\\/2022\\\/10\\\/junta_general_logo.svg\",\"width\":600,\"height\":790,\"caption\":\"Junta General de Cofrad\u00edas y Hermandades de la Semana Santa de Ferrol\"},\"image\":{\"@id\":\"https:\\\/\\\/semanasantaferrol.com\\\/gl\\\/#\\\/schema\\\/logo\\\/image\\\/\"},\"sameAs\":[\"https:\\\/\\\/www.facebook.com\\\/Juntageneraldecofradias\\\/\",\"https:\\\/\\\/www.instagram.com\\\/juntageneralcofradiasferrol\\\/\",\"https:\\\/\\\/www.youtube.com\\\/@semanasantadeferrol1616\",\"https:\\\/\\\/www.tiktok.com\\\/@semanasantadeferrol\"]},{\"@type\":\"Person\",\"@id\":\"https:\\\/\\\/semanasantaferrol.com\\\/gl\\\/#\\\/schema\\\/person\\\/cdd132690f08f75a35f05e2423e6307c\",\"name\":\"pingota\",\"image\":{\"@type\":\"ImageObject\",\"inLanguage\":\"gl-ES\",\"@id\":\"https:\\\/\\\/secure.gravatar.com\\\/avatar\\\/b1bb79ecdfb8d6f4c44a82262f8b422faeb290304fc5c6f8b9b4305bfaa2853c?s=96&d=mm&r=g\",\"url\":\"https:\\\/\\\/secure.gravatar.com\\\/avatar\\\/b1bb79ecdfb8d6f4c44a82262f8b422faeb290304fc5c6f8b9b4305bfaa2853c?s=96&d=mm&r=g\",\"contentUrl\":\"https:\\\/\\\/secure.gravatar.com\\\/avatar\\\/b1bb79ecdfb8d6f4c44a82262f8b422faeb290304fc5c6f8b9b4305bfaa2853c?s=96&d=mm&r=g\",\"caption\":\"pingota\"},\"url\":\"https:\\\/\\\/semanasantaferrol.com\\\/gl\"}]}<\/script>\n<!-- \/ Yoast SEO plugin. -->","yoast_head_json":{"title":"A Confrar\u00eda da Merc\u00e9 presentar\u00e1 a s\u00faa nova imaxe de Xes\u00fas da Humildade o d\u00eda 15 - Junta General de Cofrad\u00edas y Hermandades","robots":{"index":"index","follow":"follow","max-snippet":"max-snippet:-1","max-image-preview":"max-image-preview:large","max-video-preview":"max-video-preview:-1"},"canonical":"https:\/\/semanasantaferrol.com\/gl\/a-confraria-da-merce-presentara-a-sua-nova-imaxe-de-xesus-da-humildade-o-dia-15\/","og_locale":"gl_ES","og_type":"article","og_title":"A Confrar\u00eda da Merc\u00e9 presentar\u00e1 a s\u00faa nova imaxe de Xes\u00fas da Humildade o d\u00eda 15 - Junta General de Cofrad\u00edas y Hermandades","og_description":"A Confrar\u00eda da Merc\u00e9 anuncia de que o d\u00eda 15 de marzo, \u00e1s 20.30h, celebrarase na s\u00faa capela a presentaci\u00f3n e bendici\u00f3n da nova talla do noso Pai Jes\u00fas da Humildade no Bico de Judas. Tr\u00e1tase dunha imaxe realizada pola escultora gaditana Ana Rey, que asistir\u00e1 ao evento. Como se sabe, a imaxe estrearase na [&hellip;]","og_url":"https:\/\/semanasantaferrol.com\/gl\/a-confraria-da-merce-presentara-a-sua-nova-imaxe-de-xesus-da-humildade-o-dia-15\/","og_site_name":"Junta General de Cofrad\u00edas y Hermandades","article_publisher":"https:\/\/www.facebook.com\/Juntageneraldecofradias\/","article_published_time":"2024-03-05T11:41:09+00:00","article_modified_time":"2024-03-12T10:31:06+00:00","og_image":[{"width":1024,"height":768,"url":"https:\/\/semanasantaferrol.com\/wp-content\/uploads\/2024\/03\/nuevo-canal-de-whatsapp-de-la-semana-santa-de-ferrol-300-x-225-px-3000-x-2250-px-6-1024x768.png","type":"image\/png"}],"author":"pingota","twitter_card":"summary_large_image","twitter_misc":{"Escrito por":"pingota","Tempo de lectura":"1 minuto"},"schema":{"@context":"https:\/\/schema.org","@graph":[{"@type":"Article","@id":"https:\/\/semanasantaferrol.com\/gl\/a-confraria-da-merce-presentara-a-sua-nova-imaxe-de-xesus-da-humildade-o-dia-15\/#article","isPartOf":{"@id":"https:\/\/semanasantaferrol.com\/gl\/a-confraria-da-merce-presentara-a-sua-nova-imaxe-de-xesus-da-humildade-o-dia-15\/"},"author":{"name":"pingota","@id":"https:\/\/semanasantaferrol.com\/gl\/#\/schema\/person\/cdd132690f08f75a35f05e2423e6307c"},"headline":"A Confrar\u00eda da Merc\u00e9 presentar\u00e1 a s\u00faa nova imaxe de Xes\u00fas da Humildade o d\u00eda 15","datePublished":"2024-03-05T11:41:09+00:00","dateModified":"2024-03-12T10:31:06+00:00","mainEntityOfPage":{"@id":"https:\/\/semanasantaferrol.com\/gl\/a-confraria-da-merce-presentara-a-sua-nova-imaxe-de-xesus-da-humildade-o-dia-15\/"},"wordCount":136,"commentCount":0,"publisher":{"@id":"https:\/\/semanasantaferrol.com\/gl\/#organization"},"image":{"@id":"https:\/\/semanasantaferrol.com\/gl\/a-confraria-da-merce-presentara-a-sua-nova-imaxe-de-xesus-da-humildade-o-dia-15\/#primaryimage"},"thumbnailUrl":"https:\/\/semanasantaferrol.com\/wp-content\/uploads\/2024\/03\/nuevo-canal-de-whatsapp-de-la-semana-santa-de-ferrol-300-x-225-px-3000-x-2250-px-6.png","articleSection":["Merc\u00e9"],"inLanguage":"gl-ES","potentialAction":[{"@type":"CommentAction","name":"Comment","target":["https:\/\/semanasantaferrol.com\/gl\/a-confraria-da-merce-presentara-a-sua-nova-imaxe-de-xesus-da-humildade-o-dia-15\/#respond"]}]},{"@type":"WebPage","@id":"https:\/\/semanasantaferrol.com\/gl\/a-confraria-da-merce-presentara-a-sua-nova-imaxe-de-xesus-da-humildade-o-dia-15\/","url":"https:\/\/semanasantaferrol.com\/gl\/a-confraria-da-merce-presentara-a-sua-nova-imaxe-de-xesus-da-humildade-o-dia-15\/","name":"A Confrar\u00eda da Merc\u00e9 presentar\u00e1 a s\u00faa nova imaxe de Xes\u00fas da Humildade o d\u00eda 15 - Junta General de Cofrad\u00edas y Hermandades","isPartOf":{"@id":"https:\/\/semanasantaferrol.com\/gl\/#website"},"primaryImageOfPage":{"@id":"https:\/\/semanasantaferrol.com\/gl\/a-confraria-da-merce-presentara-a-sua-nova-imaxe-de-xesus-da-humildade-o-dia-15\/#primaryimage"},"image":{"@id":"https:\/\/semanasantaferrol.com\/gl\/a-confraria-da-merce-presentara-a-sua-nova-imaxe-de-xesus-da-humildade-o-dia-15\/#primaryimage"},"thumbnailUrl":"https:\/\/semanasantaferrol.com\/wp-content\/uploads\/2024\/03\/nuevo-canal-de-whatsapp-de-la-semana-santa-de-ferrol-300-x-225-px-3000-x-2250-px-6.png","datePublished":"2024-03-05T11:41:09+00:00","dateModified":"2024-03-12T10:31:06+00:00","breadcrumb":{"@id":"https:\/\/semanasantaferrol.com\/gl\/a-confraria-da-merce-presentara-a-sua-nova-imaxe-de-xesus-da-humildade-o-dia-15\/#breadcrumb"},"inLanguage":"gl-ES","potentialAction":[{"@type":"ReadAction","target":["https:\/\/semanasantaferrol.com\/gl\/a-confraria-da-merce-presentara-a-sua-nova-imaxe-de-xesus-da-humildade-o-dia-15\/"]}]},{"@type":"ImageObject","inLanguage":"gl-ES","@id":"https:\/\/semanasantaferrol.com\/gl\/a-confraria-da-merce-presentara-a-sua-nova-imaxe-de-xesus-da-humildade-o-dia-15\/#primaryimage","url":"https:\/\/semanasantaferrol.com\/wp-content\/uploads\/2024\/03\/nuevo-canal-de-whatsapp-de-la-semana-santa-de-ferrol-300-x-225-px-3000-x-2250-px-6.png","contentUrl":"https:\/\/semanasantaferrol.com\/wp-content\/uploads\/2024\/03\/nuevo-canal-de-whatsapp-de-la-semana-santa-de-ferrol-300-x-225-px-3000-x-2250-px-6.png","width":3000,"height":2250},{"@type":"BreadcrumbList","@id":"https:\/\/semanasantaferrol.com\/gl\/a-confraria-da-merce-presentara-a-sua-nova-imaxe-de-xesus-da-humildade-o-dia-15\/#breadcrumb","itemListElement":[{"@type":"ListItem","position":1,"name":"Portada","item":"https:\/\/semanasantaferrol.com\/gl\/"},{"@type":"ListItem","position":2,"name":"A Confrar\u00eda da Merc\u00e9 presentar\u00e1 a s\u00faa nova imaxe de Xes\u00fas da Humildade o d\u00eda 15"}]},{"@type":"WebSite","@id":"https:\/\/semanasantaferrol.com\/gl\/#website","url":"https:\/\/semanasantaferrol.com\/gl\/","name":"Junta General de Cofrad\u00edas y Hermandades","description":"Semana Santa de Ferrol","publisher":{"@id":"https:\/\/semanasantaferrol.com\/gl\/#organization"},"alternateName":"Semana Santa de Ferrol","potentialAction":[{"@type":"SearchAction","target":{"@type":"EntryPoint","urlTemplate":"https:\/\/semanasantaferrol.com\/gl\/?s={search_term_string}"},"query-input":{"@type":"PropertyValueSpecification","valueRequired":true,"valueName":"search_term_string"}}],"inLanguage":"gl-ES"},{"@type":"Organization","@id":"https:\/\/semanasantaferrol.com\/gl\/#organization","name":"Junta General de Cofrad\u00edas y Hermandades de la Semana Santa de Ferrol","alternateName":"Junta de Cofrad\u00edas de la Semana Santa de Ferrol","url":"https:\/\/semanasantaferrol.com\/gl\/","logo":{"@type":"ImageObject","inLanguage":"gl-ES","@id":"https:\/\/semanasantaferrol.com\/gl\/#\/schema\/logo\/image\/","url":"https:\/\/semanasantaferrol.com\/wp-content\/uploads\/2022\/10\/junta_general_logo.svg","contentUrl":"https:\/\/semanasantaferrol.com\/wp-content\/uploads\/2022\/10\/junta_general_logo.svg","width":600,"height":790,"caption":"Junta General de Cofrad\u00edas y Hermandades de la Semana Santa de Ferrol"},"image":{"@id":"https:\/\/semanasantaferrol.com\/gl\/#\/schema\/logo\/image\/"},"sameAs":["https:\/\/www.facebook.com\/Juntageneraldecofradias\/","https:\/\/www.instagram.com\/juntageneralcofradiasferrol\/","https:\/\/www.youtube.com\/@semanasantadeferrol1616","https:\/\/www.tiktok.com\/@semanasantadeferrol"]},{"@type":"Person","@id":"https:\/\/semanasantaferrol.com\/gl\/#\/schema\/person\/cdd132690f08f75a35f05e2423e6307c","name":"pingota","image":{"@type":"ImageObject","inLanguage":"gl-ES","@id":"https:\/\/secure.gravatar.com\/avatar\/b1bb79ecdfb8d6f4c44a82262f8b422faeb290304fc5c6f8b9b4305bfaa2853c?s=96&d=mm&r=g","url":"https:\/\/secure.gravatar.com\/avatar\/b1bb79ecdfb8d6f4c44a82262f8b422faeb290304fc5c6f8b9b4305bfaa2853c?s=96&d=mm&r=g","contentUrl":"https:\/\/secure.gravatar.com\/avatar\/b1bb79ecdfb8d6f4c44a82262f8b422faeb290304fc5c6f8b9b4305bfaa2853c?s=96&d=mm&r=g","caption":"pingota"},"url":"https:\/\/semanasantaferrol.com\/gl"}]}},"_links":{"self":[{"href":"https:\/\/semanasantaferrol.com\/gl\/wp-json\/wp\/v2\/posts\/7635","targetHints":{"allow":["GET"]}}],"collection":[{"href":"https:\/\/semanasantaferrol.com\/gl\/wp-json\/wp\/v2\/posts"}],"about":[{"href":"https:\/\/semanasantaferrol.com\/gl\/wp-json\/wp\/v2\/types\/post"}],"author":[{"embeddable":true,"href":"https:\/\/semanasantaferrol.com\/gl\/wp-json\/wp\/v2\/users\/3"}],"replies":[{"embeddable":true,"href":"https:\/\/semanasantaferrol.com\/gl\/wp-json\/wp\/v2\/comments?post=7635"}],"version-history":[{"count":3,"href":"https:\/\/semanasantaferrol.com\/gl\/wp-json\/wp\/v2\/posts\/7635\/revisions"}],"predecessor-version":[{"id":7762,"href":"https:\/\/semanasantaferrol.com\/gl\/wp-json\/wp\/v2\/posts\/7635\/revisions\/7762"}],"wp:featuredmedia":[{"embeddable":true,"href":"https:\/\/semanasantaferrol.com\/gl\/wp-json\/wp\/v2\/media\/7633"}],"wp:attachment":[{"href":"https:\/\/semanasantaferrol.com\/gl\/wp-json\/wp\/v2\/media?parent=7635"}],"wp:term":[{"taxonomy":"category","embeddable":true,"href":"https:\/\/semanasantaferrol.com\/gl\/wp-json\/wp\/v2\/categories?post=7635"},{"taxonomy":"post_tag","embeddable":true,"href":"https:\/\/semanasantaferrol.com\/gl\/wp-json\/wp\/v2\/tags?post=7635"}],"curies":[{"name":"wp","href":"https:\/\/api.w.org\/{rel}","templated":true}]}}