{"id":7533,"date":"2024-02-27T09:17:03","date_gmt":"2024-02-27T09:17:03","guid":{"rendered":"https:\/\/semanasantaferrol.com\/segunda-edicion-del-memorial-patxi-y-tenreiro-de-la-agrupacion-del-santisimo-cristo-de-la-buena-muerte\/"},"modified":"2024-02-27T09:19:40","modified_gmt":"2024-02-27T09:19:40","slug":"segunda-edicion-del-memorial-patxi-y-tenreiro-de-la-agrupacion-del-santisimo-cristo-de-la-buena-muerte","status":"publish","type":"post","link":"https:\/\/semanasantaferrol.com\/gl\/segunda-edicion-del-memorial-patxi-y-tenreiro-de-la-agrupacion-del-santisimo-cristo-de-la-buena-muerte\/","title":{"rendered":"Segunda edici\u00f3n do &#8220;Memorial Patxi e Tenreiro&#8221; da agrupaci\u00f3n do Sant\u00edsimo Cristo da Boa Morte"},"content":{"rendered":"<p>A<a href=\"https:\/\/www.facebook.com\/p\/AM-S%C2%BA-Cristo-de-la-Buena-Muerte-Ferrol-100052890314185\/?paipv=0&amp;eav=Afan1gcoYfFhhbNPooPfSOJo-rDZNt7LeMZhwJIP867XqSxOYc7WXsunob5vdDnEXQY&amp;_rdr\"> Agrupaci\u00f3n Musical do Sant\u00edsimo Cristo da Boa Morte<\/a> celebrar\u00e1 este s\u00e1bado, 2 de marzo, a segunda edici\u00f3n do &#8220;Memorial Patxi e Tenreiro&#8221; en recordo dos seus dous compa\u00f1eiros \u00d3scar Javier Santiago Mosquera (m\u00e1is co\u00f1ecido como Patxi) e Alejandro Tenreiro. A cita ser\u00e1 \u00e1s 17.30h na igrexa do Socorro.<\/p>\n<p>No concerto participar\u00e1 tam\u00e9n a Banda de Cornetas e Tambores do noso Pai Jes\u00fas Nazareno.<\/p>\n<p>&nbsp;<\/p>\n<p><img fetchpriority=\"high\" decoding=\"async\" class=\"aligncenter wp-image-7530 size-full\" src=\"https:\/\/semanasantaferrol.com\/wp-content\/uploads\/2024\/02\/aa6100fa-a66c-4eaf-ae08-a3dc70066487.jpg\" alt=\"\" width=\"1137\" height=\"1600\" srcset=\"https:\/\/semanasantaferrol.com\/wp-content\/uploads\/2024\/02\/aa6100fa-a66c-4eaf-ae08-a3dc70066487.jpg 1137w, https:\/\/semanasantaferrol.com\/wp-content\/uploads\/2024\/02\/aa6100fa-a66c-4eaf-ae08-a3dc70066487-160x225.jpg 160w, https:\/\/semanasantaferrol.com\/wp-content\/uploads\/2024\/02\/aa6100fa-a66c-4eaf-ae08-a3dc70066487-728x1024.jpg 728w, https:\/\/semanasantaferrol.com\/wp-content\/uploads\/2024\/02\/aa6100fa-a66c-4eaf-ae08-a3dc70066487-768x1081.jpg 768w, https:\/\/semanasantaferrol.com\/wp-content\/uploads\/2024\/02\/aa6100fa-a66c-4eaf-ae08-a3dc70066487-1092x1536.jpg 1092w\" sizes=\"(max-width: 1137px) 100vw, 1137px\" \/><\/p>\n","protected":false},"excerpt":{"rendered":"<p>A Agrupaci\u00f3n Musical do Sant\u00edsimo Cristo da Boa Morte celebrar\u00e1 este s\u00e1bado, 2 de marzo, a segunda edici\u00f3n do &#8220;Memorial Patxi e Tenreiro&#8221; en recordo dos seus dous compa\u00f1eiros \u00d3scar Javier Santiago Mosquera (m\u00e1is co\u00f1ecido como Patxi) e Alejandro Tenreiro. A cita ser\u00e1 \u00e1s 17.30h na igrexa do Socorro. No concerto participar\u00e1 tam\u00e9n a Banda [&hellip;]<\/p>\n","protected":false},"author":3,"featured_media":7529,"comment_status":"open","ping_status":"open","sticky":false,"template":"","format":"standard","meta":{"footnotes":""},"categories":[33],"tags":[],"class_list":["post-7533","post","type-post","status-publish","format-standard","has-post-thumbnail","hentry","category-bandas-e-agrupacions"],"yoast_head":"<!-- This site is optimized with the Yoast SEO plugin v27.5 - https:\/\/yoast.com\/product\/yoast-seo-wordpress\/ -->\n<title>Segunda edici\u00f3n do &quot;Memorial Patxi e Tenreiro&quot; da agrupaci\u00f3n do Sant\u00edsimo Cristo da Boa Morte - Junta General de Cofrad\u00edas y Hermandades<\/title>\n<meta name=\"robots\" content=\"index, follow, max-snippet:-1, max-image-preview:large, max-video-preview:-1\" \/>\n<link rel=\"canonical\" href=\"https:\/\/semanasantaferrol.com\/gl\/segunda-edicion-del-memorial-patxi-y-tenreiro-de-la-agrupacion-del-santisimo-cristo-de-la-buena-muerte\/\" \/>\n<meta property=\"og:locale\" content=\"gl_ES\" \/>\n<meta property=\"og:type\" content=\"article\" \/>\n<meta property=\"og:title\" content=\"Segunda edici\u00f3n do &quot;Memorial Patxi e Tenreiro&quot; da agrupaci\u00f3n do Sant\u00edsimo Cristo da Boa Morte - Junta General de Cofrad\u00edas y Hermandades\" \/>\n<meta property=\"og:description\" content=\"A Agrupaci\u00f3n Musical do Sant\u00edsimo Cristo da Boa Morte celebrar\u00e1 este s\u00e1bado, 2 de marzo, a segunda edici\u00f3n do &#8220;Memorial Patxi e Tenreiro&#8221; en recordo dos seus dous compa\u00f1eiros \u00d3scar Javier Santiago Mosquera (m\u00e1is co\u00f1ecido como Patxi) e Alejandro Tenreiro. A cita ser\u00e1 \u00e1s 17.30h na igrexa do Socorro. No concerto participar\u00e1 tam\u00e9n a Banda [&hellip;]\" \/>\n<meta property=\"og:url\" content=\"https:\/\/semanasantaferrol.com\/gl\/segunda-edicion-del-memorial-patxi-y-tenreiro-de-la-agrupacion-del-santisimo-cristo-de-la-buena-muerte\/\" \/>\n<meta property=\"og:site_name\" content=\"Junta General de Cofrad\u00edas y Hermandades\" \/>\n<meta property=\"article:publisher\" content=\"https:\/\/www.facebook.com\/Juntageneraldecofradias\/\" \/>\n<meta property=\"article:published_time\" content=\"2024-02-27T09:17:03+00:00\" \/>\n<meta property=\"article:modified_time\" content=\"2024-02-27T09:19:40+00:00\" \/>\n<meta property=\"og:image\" content=\"https:\/\/semanasantaferrol.com\/wp-content\/uploads\/2024\/02\/MG_2434-2-scaled-e1709025082192.jpg\" \/>\n\t<meta property=\"og:image:width\" content=\"2560\" \/>\n\t<meta property=\"og:image:height\" content=\"1707\" \/>\n\t<meta property=\"og:image:type\" content=\"image\/jpeg\" \/>\n<meta name=\"author\" content=\"pingota\" \/>\n<meta name=\"twitter:card\" content=\"summary_large_image\" \/>\n<meta name=\"twitter:label1\" content=\"Escrito por\" \/>\n\t<meta name=\"twitter:data1\" content=\"pingota\" \/>\n\t<meta name=\"twitter:label2\" content=\"Tempo de lectura\" \/>\n\t<meta name=\"twitter:data2\" content=\"1 minuto\" \/>\n<script type=\"application\/ld+json\" class=\"yoast-schema-graph\">{\"@context\":\"https:\\\/\\\/schema.org\",\"@graph\":[{\"@type\":\"Article\",\"@id\":\"https:\\\/\\\/semanasantaferrol.com\\\/gl\\\/segunda-edicion-del-memorial-patxi-y-tenreiro-de-la-agrupacion-del-santisimo-cristo-de-la-buena-muerte\\\/#article\",\"isPartOf\":{\"@id\":\"https:\\\/\\\/semanasantaferrol.com\\\/gl\\\/segunda-edicion-del-memorial-patxi-y-tenreiro-de-la-agrupacion-del-santisimo-cristo-de-la-buena-muerte\\\/\"},\"author\":{\"name\":\"pingota\",\"@id\":\"https:\\\/\\\/semanasantaferrol.com\\\/gl\\\/#\\\/schema\\\/person\\\/cdd132690f08f75a35f05e2423e6307c\"},\"headline\":\"Segunda edici\u00f3n do &#8220;Memorial Patxi e Tenreiro&#8221; da agrupaci\u00f3n do Sant\u00edsimo Cristo da Boa Morte\",\"datePublished\":\"2024-02-27T09:17:03+00:00\",\"dateModified\":\"2024-02-27T09:19:40+00:00\",\"mainEntityOfPage\":{\"@id\":\"https:\\\/\\\/semanasantaferrol.com\\\/gl\\\/segunda-edicion-del-memorial-patxi-y-tenreiro-de-la-agrupacion-del-santisimo-cristo-de-la-buena-muerte\\\/\"},\"wordCount\":91,\"commentCount\":0,\"publisher\":{\"@id\":\"https:\\\/\\\/semanasantaferrol.com\\\/gl\\\/#organization\"},\"image\":{\"@id\":\"https:\\\/\\\/semanasantaferrol.com\\\/gl\\\/segunda-edicion-del-memorial-patxi-y-tenreiro-de-la-agrupacion-del-santisimo-cristo-de-la-buena-muerte\\\/#primaryimage\"},\"thumbnailUrl\":\"https:\\\/\\\/semanasantaferrol.com\\\/wp-content\\\/uploads\\\/2024\\\/02\\\/MG_2434-2-scaled-e1709025082192.jpg\",\"articleSection\":[\"Bandas e Agrupaci\u00f3ns\"],\"inLanguage\":\"gl-ES\",\"potentialAction\":[{\"@type\":\"CommentAction\",\"name\":\"Comment\",\"target\":[\"https:\\\/\\\/semanasantaferrol.com\\\/gl\\\/segunda-edicion-del-memorial-patxi-y-tenreiro-de-la-agrupacion-del-santisimo-cristo-de-la-buena-muerte\\\/#respond\"]}]},{\"@type\":\"WebPage\",\"@id\":\"https:\\\/\\\/semanasantaferrol.com\\\/gl\\\/segunda-edicion-del-memorial-patxi-y-tenreiro-de-la-agrupacion-del-santisimo-cristo-de-la-buena-muerte\\\/\",\"url\":\"https:\\\/\\\/semanasantaferrol.com\\\/gl\\\/segunda-edicion-del-memorial-patxi-y-tenreiro-de-la-agrupacion-del-santisimo-cristo-de-la-buena-muerte\\\/\",\"name\":\"Segunda edici\u00f3n do \\\"Memorial Patxi e Tenreiro\\\" da agrupaci\u00f3n do Sant\u00edsimo Cristo da Boa Morte - Junta General de Cofrad\u00edas y Hermandades\",\"isPartOf\":{\"@id\":\"https:\\\/\\\/semanasantaferrol.com\\\/gl\\\/#website\"},\"primaryImageOfPage\":{\"@id\":\"https:\\\/\\\/semanasantaferrol.com\\\/gl\\\/segunda-edicion-del-memorial-patxi-y-tenreiro-de-la-agrupacion-del-santisimo-cristo-de-la-buena-muerte\\\/#primaryimage\"},\"image\":{\"@id\":\"https:\\\/\\\/semanasantaferrol.com\\\/gl\\\/segunda-edicion-del-memorial-patxi-y-tenreiro-de-la-agrupacion-del-santisimo-cristo-de-la-buena-muerte\\\/#primaryimage\"},\"thumbnailUrl\":\"https:\\\/\\\/semanasantaferrol.com\\\/wp-content\\\/uploads\\\/2024\\\/02\\\/MG_2434-2-scaled-e1709025082192.jpg\",\"datePublished\":\"2024-02-27T09:17:03+00:00\",\"dateModified\":\"2024-02-27T09:19:40+00:00\",\"breadcrumb\":{\"@id\":\"https:\\\/\\\/semanasantaferrol.com\\\/gl\\\/segunda-edicion-del-memorial-patxi-y-tenreiro-de-la-agrupacion-del-santisimo-cristo-de-la-buena-muerte\\\/#breadcrumb\"},\"inLanguage\":\"gl-ES\",\"potentialAction\":[{\"@type\":\"ReadAction\",\"target\":[\"https:\\\/\\\/semanasantaferrol.com\\\/gl\\\/segunda-edicion-del-memorial-patxi-y-tenreiro-de-la-agrupacion-del-santisimo-cristo-de-la-buena-muerte\\\/\"]}]},{\"@type\":\"ImageObject\",\"inLanguage\":\"gl-ES\",\"@id\":\"https:\\\/\\\/semanasantaferrol.com\\\/gl\\\/segunda-edicion-del-memorial-patxi-y-tenreiro-de-la-agrupacion-del-santisimo-cristo-de-la-buena-muerte\\\/#primaryimage\",\"url\":\"https:\\\/\\\/semanasantaferrol.com\\\/wp-content\\\/uploads\\\/2024\\\/02\\\/MG_2434-2-scaled-e1709025082192.jpg\",\"contentUrl\":\"https:\\\/\\\/semanasantaferrol.com\\\/wp-content\\\/uploads\\\/2024\\\/02\\\/MG_2434-2-scaled-e1709025082192.jpg\",\"width\":2560,\"height\":1707},{\"@type\":\"BreadcrumbList\",\"@id\":\"https:\\\/\\\/semanasantaferrol.com\\\/gl\\\/segunda-edicion-del-memorial-patxi-y-tenreiro-de-la-agrupacion-del-santisimo-cristo-de-la-buena-muerte\\\/#breadcrumb\",\"itemListElement\":[{\"@type\":\"ListItem\",\"position\":1,\"name\":\"Portada\",\"item\":\"https:\\\/\\\/semanasantaferrol.com\\\/gl\\\/\"},{\"@type\":\"ListItem\",\"position\":2,\"name\":\"Segunda edici\u00f3n do &#8220;Memorial Patxi e Tenreiro&#8221; da agrupaci\u00f3n do Sant\u00edsimo Cristo da Boa Morte\"}]},{\"@type\":\"WebSite\",\"@id\":\"https:\\\/\\\/semanasantaferrol.com\\\/gl\\\/#website\",\"url\":\"https:\\\/\\\/semanasantaferrol.com\\\/gl\\\/\",\"name\":\"Junta General de Cofrad\u00edas y Hermandades\",\"description\":\"Semana Santa de Ferrol\",\"publisher\":{\"@id\":\"https:\\\/\\\/semanasantaferrol.com\\\/gl\\\/#organization\"},\"alternateName\":\"Semana Santa de Ferrol\",\"potentialAction\":[{\"@type\":\"SearchAction\",\"target\":{\"@type\":\"EntryPoint\",\"urlTemplate\":\"https:\\\/\\\/semanasantaferrol.com\\\/gl\\\/?s={search_term_string}\"},\"query-input\":{\"@type\":\"PropertyValueSpecification\",\"valueRequired\":true,\"valueName\":\"search_term_string\"}}],\"inLanguage\":\"gl-ES\"},{\"@type\":\"Organization\",\"@id\":\"https:\\\/\\\/semanasantaferrol.com\\\/gl\\\/#organization\",\"name\":\"Junta General de Cofrad\u00edas y Hermandades de la Semana Santa de Ferrol\",\"alternateName\":\"Junta de Cofrad\u00edas de la Semana Santa de Ferrol\",\"url\":\"https:\\\/\\\/semanasantaferrol.com\\\/gl\\\/\",\"logo\":{\"@type\":\"ImageObject\",\"inLanguage\":\"gl-ES\",\"@id\":\"https:\\\/\\\/semanasantaferrol.com\\\/gl\\\/#\\\/schema\\\/logo\\\/image\\\/\",\"url\":\"https:\\\/\\\/semanasantaferrol.com\\\/wp-content\\\/uploads\\\/2022\\\/10\\\/junta_general_logo.svg\",\"contentUrl\":\"https:\\\/\\\/semanasantaferrol.com\\\/wp-content\\\/uploads\\\/2022\\\/10\\\/junta_general_logo.svg\",\"width\":600,\"height\":790,\"caption\":\"Junta General de Cofrad\u00edas y Hermandades de la Semana Santa de Ferrol\"},\"image\":{\"@id\":\"https:\\\/\\\/semanasantaferrol.com\\\/gl\\\/#\\\/schema\\\/logo\\\/image\\\/\"},\"sameAs\":[\"https:\\\/\\\/www.facebook.com\\\/Juntageneraldecofradias\\\/\",\"https:\\\/\\\/www.instagram.com\\\/juntageneralcofradiasferrol\\\/\",\"https:\\\/\\\/www.youtube.com\\\/@semanasantadeferrol1616\",\"https:\\\/\\\/www.tiktok.com\\\/@semanasantadeferrol\"]},{\"@type\":\"Person\",\"@id\":\"https:\\\/\\\/semanasantaferrol.com\\\/gl\\\/#\\\/schema\\\/person\\\/cdd132690f08f75a35f05e2423e6307c\",\"name\":\"pingota\",\"image\":{\"@type\":\"ImageObject\",\"inLanguage\":\"gl-ES\",\"@id\":\"https:\\\/\\\/secure.gravatar.com\\\/avatar\\\/b1bb79ecdfb8d6f4c44a82262f8b422faeb290304fc5c6f8b9b4305bfaa2853c?s=96&d=mm&r=g\",\"url\":\"https:\\\/\\\/secure.gravatar.com\\\/avatar\\\/b1bb79ecdfb8d6f4c44a82262f8b422faeb290304fc5c6f8b9b4305bfaa2853c?s=96&d=mm&r=g\",\"contentUrl\":\"https:\\\/\\\/secure.gravatar.com\\\/avatar\\\/b1bb79ecdfb8d6f4c44a82262f8b422faeb290304fc5c6f8b9b4305bfaa2853c?s=96&d=mm&r=g\",\"caption\":\"pingota\"},\"url\":\"https:\\\/\\\/semanasantaferrol.com\\\/gl\"}]}<\/script>\n<!-- \/ Yoast SEO plugin. -->","yoast_head_json":{"title":"Segunda edici\u00f3n do \"Memorial Patxi e Tenreiro\" da agrupaci\u00f3n do Sant\u00edsimo Cristo da Boa Morte - Junta General de Cofrad\u00edas y Hermandades","robots":{"index":"index","follow":"follow","max-snippet":"max-snippet:-1","max-image-preview":"max-image-preview:large","max-video-preview":"max-video-preview:-1"},"canonical":"https:\/\/semanasantaferrol.com\/gl\/segunda-edicion-del-memorial-patxi-y-tenreiro-de-la-agrupacion-del-santisimo-cristo-de-la-buena-muerte\/","og_locale":"gl_ES","og_type":"article","og_title":"Segunda edici\u00f3n do \"Memorial Patxi e Tenreiro\" da agrupaci\u00f3n do Sant\u00edsimo Cristo da Boa Morte - Junta General de Cofrad\u00edas y Hermandades","og_description":"A Agrupaci\u00f3n Musical do Sant\u00edsimo Cristo da Boa Morte celebrar\u00e1 este s\u00e1bado, 2 de marzo, a segunda edici\u00f3n do &#8220;Memorial Patxi e Tenreiro&#8221; en recordo dos seus dous compa\u00f1eiros \u00d3scar Javier Santiago Mosquera (m\u00e1is co\u00f1ecido como Patxi) e Alejandro Tenreiro. A cita ser\u00e1 \u00e1s 17.30h na igrexa do Socorro. No concerto participar\u00e1 tam\u00e9n a Banda [&hellip;]","og_url":"https:\/\/semanasantaferrol.com\/gl\/segunda-edicion-del-memorial-patxi-y-tenreiro-de-la-agrupacion-del-santisimo-cristo-de-la-buena-muerte\/","og_site_name":"Junta General de Cofrad\u00edas y Hermandades","article_publisher":"https:\/\/www.facebook.com\/Juntageneraldecofradias\/","article_published_time":"2024-02-27T09:17:03+00:00","article_modified_time":"2024-02-27T09:19:40+00:00","og_image":[{"width":2560,"height":1707,"url":"https:\/\/semanasantaferrol.com\/wp-content\/uploads\/2024\/02\/MG_2434-2-scaled-e1709025082192.jpg","type":"image\/jpeg"}],"author":"pingota","twitter_card":"summary_large_image","twitter_misc":{"Escrito por":"pingota","Tempo de lectura":"1 minuto"},"schema":{"@context":"https:\/\/schema.org","@graph":[{"@type":"Article","@id":"https:\/\/semanasantaferrol.com\/gl\/segunda-edicion-del-memorial-patxi-y-tenreiro-de-la-agrupacion-del-santisimo-cristo-de-la-buena-muerte\/#article","isPartOf":{"@id":"https:\/\/semanasantaferrol.com\/gl\/segunda-edicion-del-memorial-patxi-y-tenreiro-de-la-agrupacion-del-santisimo-cristo-de-la-buena-muerte\/"},"author":{"name":"pingota","@id":"https:\/\/semanasantaferrol.com\/gl\/#\/schema\/person\/cdd132690f08f75a35f05e2423e6307c"},"headline":"Segunda edici\u00f3n do &#8220;Memorial Patxi e Tenreiro&#8221; da agrupaci\u00f3n do Sant\u00edsimo Cristo da Boa Morte","datePublished":"2024-02-27T09:17:03+00:00","dateModified":"2024-02-27T09:19:40+00:00","mainEntityOfPage":{"@id":"https:\/\/semanasantaferrol.com\/gl\/segunda-edicion-del-memorial-patxi-y-tenreiro-de-la-agrupacion-del-santisimo-cristo-de-la-buena-muerte\/"},"wordCount":91,"commentCount":0,"publisher":{"@id":"https:\/\/semanasantaferrol.com\/gl\/#organization"},"image":{"@id":"https:\/\/semanasantaferrol.com\/gl\/segunda-edicion-del-memorial-patxi-y-tenreiro-de-la-agrupacion-del-santisimo-cristo-de-la-buena-muerte\/#primaryimage"},"thumbnailUrl":"https:\/\/semanasantaferrol.com\/wp-content\/uploads\/2024\/02\/MG_2434-2-scaled-e1709025082192.jpg","articleSection":["Bandas e Agrupaci\u00f3ns"],"inLanguage":"gl-ES","potentialAction":[{"@type":"CommentAction","name":"Comment","target":["https:\/\/semanasantaferrol.com\/gl\/segunda-edicion-del-memorial-patxi-y-tenreiro-de-la-agrupacion-del-santisimo-cristo-de-la-buena-muerte\/#respond"]}]},{"@type":"WebPage","@id":"https:\/\/semanasantaferrol.com\/gl\/segunda-edicion-del-memorial-patxi-y-tenreiro-de-la-agrupacion-del-santisimo-cristo-de-la-buena-muerte\/","url":"https:\/\/semanasantaferrol.com\/gl\/segunda-edicion-del-memorial-patxi-y-tenreiro-de-la-agrupacion-del-santisimo-cristo-de-la-buena-muerte\/","name":"Segunda edici\u00f3n do \"Memorial Patxi e Tenreiro\" da agrupaci\u00f3n do Sant\u00edsimo Cristo da Boa Morte - Junta General de Cofrad\u00edas y Hermandades","isPartOf":{"@id":"https:\/\/semanasantaferrol.com\/gl\/#website"},"primaryImageOfPage":{"@id":"https:\/\/semanasantaferrol.com\/gl\/segunda-edicion-del-memorial-patxi-y-tenreiro-de-la-agrupacion-del-santisimo-cristo-de-la-buena-muerte\/#primaryimage"},"image":{"@id":"https:\/\/semanasantaferrol.com\/gl\/segunda-edicion-del-memorial-patxi-y-tenreiro-de-la-agrupacion-del-santisimo-cristo-de-la-buena-muerte\/#primaryimage"},"thumbnailUrl":"https:\/\/semanasantaferrol.com\/wp-content\/uploads\/2024\/02\/MG_2434-2-scaled-e1709025082192.jpg","datePublished":"2024-02-27T09:17:03+00:00","dateModified":"2024-02-27T09:19:40+00:00","breadcrumb":{"@id":"https:\/\/semanasantaferrol.com\/gl\/segunda-edicion-del-memorial-patxi-y-tenreiro-de-la-agrupacion-del-santisimo-cristo-de-la-buena-muerte\/#breadcrumb"},"inLanguage":"gl-ES","potentialAction":[{"@type":"ReadAction","target":["https:\/\/semanasantaferrol.com\/gl\/segunda-edicion-del-memorial-patxi-y-tenreiro-de-la-agrupacion-del-santisimo-cristo-de-la-buena-muerte\/"]}]},{"@type":"ImageObject","inLanguage":"gl-ES","@id":"https:\/\/semanasantaferrol.com\/gl\/segunda-edicion-del-memorial-patxi-y-tenreiro-de-la-agrupacion-del-santisimo-cristo-de-la-buena-muerte\/#primaryimage","url":"https:\/\/semanasantaferrol.com\/wp-content\/uploads\/2024\/02\/MG_2434-2-scaled-e1709025082192.jpg","contentUrl":"https:\/\/semanasantaferrol.com\/wp-content\/uploads\/2024\/02\/MG_2434-2-scaled-e1709025082192.jpg","width":2560,"height":1707},{"@type":"BreadcrumbList","@id":"https:\/\/semanasantaferrol.com\/gl\/segunda-edicion-del-memorial-patxi-y-tenreiro-de-la-agrupacion-del-santisimo-cristo-de-la-buena-muerte\/#breadcrumb","itemListElement":[{"@type":"ListItem","position":1,"name":"Portada","item":"https:\/\/semanasantaferrol.com\/gl\/"},{"@type":"ListItem","position":2,"name":"Segunda edici\u00f3n do &#8220;Memorial Patxi e Tenreiro&#8221; da agrupaci\u00f3n do Sant\u00edsimo Cristo da Boa Morte"}]},{"@type":"WebSite","@id":"https:\/\/semanasantaferrol.com\/gl\/#website","url":"https:\/\/semanasantaferrol.com\/gl\/","name":"Junta General de Cofrad\u00edas y Hermandades","description":"Semana Santa de Ferrol","publisher":{"@id":"https:\/\/semanasantaferrol.com\/gl\/#organization"},"alternateName":"Semana Santa de Ferrol","potentialAction":[{"@type":"SearchAction","target":{"@type":"EntryPoint","urlTemplate":"https:\/\/semanasantaferrol.com\/gl\/?s={search_term_string}"},"query-input":{"@type":"PropertyValueSpecification","valueRequired":true,"valueName":"search_term_string"}}],"inLanguage":"gl-ES"},{"@type":"Organization","@id":"https:\/\/semanasantaferrol.com\/gl\/#organization","name":"Junta General de Cofrad\u00edas y Hermandades de la Semana Santa de Ferrol","alternateName":"Junta de Cofrad\u00edas de la Semana Santa de Ferrol","url":"https:\/\/semanasantaferrol.com\/gl\/","logo":{"@type":"ImageObject","inLanguage":"gl-ES","@id":"https:\/\/semanasantaferrol.com\/gl\/#\/schema\/logo\/image\/","url":"https:\/\/semanasantaferrol.com\/wp-content\/uploads\/2022\/10\/junta_general_logo.svg","contentUrl":"https:\/\/semanasantaferrol.com\/wp-content\/uploads\/2022\/10\/junta_general_logo.svg","width":600,"height":790,"caption":"Junta General de Cofrad\u00edas y Hermandades de la Semana Santa de Ferrol"},"image":{"@id":"https:\/\/semanasantaferrol.com\/gl\/#\/schema\/logo\/image\/"},"sameAs":["https:\/\/www.facebook.com\/Juntageneraldecofradias\/","https:\/\/www.instagram.com\/juntageneralcofradiasferrol\/","https:\/\/www.youtube.com\/@semanasantadeferrol1616","https:\/\/www.tiktok.com\/@semanasantadeferrol"]},{"@type":"Person","@id":"https:\/\/semanasantaferrol.com\/gl\/#\/schema\/person\/cdd132690f08f75a35f05e2423e6307c","name":"pingota","image":{"@type":"ImageObject","inLanguage":"gl-ES","@id":"https:\/\/secure.gravatar.com\/avatar\/b1bb79ecdfb8d6f4c44a82262f8b422faeb290304fc5c6f8b9b4305bfaa2853c?s=96&d=mm&r=g","url":"https:\/\/secure.gravatar.com\/avatar\/b1bb79ecdfb8d6f4c44a82262f8b422faeb290304fc5c6f8b9b4305bfaa2853c?s=96&d=mm&r=g","contentUrl":"https:\/\/secure.gravatar.com\/avatar\/b1bb79ecdfb8d6f4c44a82262f8b422faeb290304fc5c6f8b9b4305bfaa2853c?s=96&d=mm&r=g","caption":"pingota"},"url":"https:\/\/semanasantaferrol.com\/gl"}]}},"_links":{"self":[{"href":"https:\/\/semanasantaferrol.com\/gl\/wp-json\/wp\/v2\/posts\/7533","targetHints":{"allow":["GET"]}}],"collection":[{"href":"https:\/\/semanasantaferrol.com\/gl\/wp-json\/wp\/v2\/posts"}],"about":[{"href":"https:\/\/semanasantaferrol.com\/gl\/wp-json\/wp\/v2\/types\/post"}],"author":[{"embeddable":true,"href":"https:\/\/semanasantaferrol.com\/gl\/wp-json\/wp\/v2\/users\/3"}],"replies":[{"embeddable":true,"href":"https:\/\/semanasantaferrol.com\/gl\/wp-json\/wp\/v2\/comments?post=7533"}],"version-history":[{"count":2,"href":"https:\/\/semanasantaferrol.com\/gl\/wp-json\/wp\/v2\/posts\/7533\/revisions"}],"predecessor-version":[{"id":7535,"href":"https:\/\/semanasantaferrol.com\/gl\/wp-json\/wp\/v2\/posts\/7533\/revisions\/7535"}],"wp:featuredmedia":[{"embeddable":true,"href":"https:\/\/semanasantaferrol.com\/gl\/wp-json\/wp\/v2\/media\/7529"}],"wp:attachment":[{"href":"https:\/\/semanasantaferrol.com\/gl\/wp-json\/wp\/v2\/media?parent=7533"}],"wp:term":[{"taxonomy":"category","embeddable":true,"href":"https:\/\/semanasantaferrol.com\/gl\/wp-json\/wp\/v2\/categories?post=7533"},{"taxonomy":"post_tag","embeddable":true,"href":"https:\/\/semanasantaferrol.com\/gl\/wp-json\/wp\/v2\/tags?post=7533"}],"curies":[{"name":"wp","href":"https:\/\/api.w.org\/{rel}","templated":true}]}}