{"id":7221,"date":"2024-01-23T11:55:25","date_gmt":"2024-01-23T11:55:25","guid":{"rendered":"https:\/\/semanasantaferrol.com\/ponemos-en-marcha-el-nuevo-canal-oficial-de-la-semana-santa-de-ferrol-en-whatsapp\/"},"modified":"2024-01-23T11:58:19","modified_gmt":"2024-01-23T11:58:19","slug":"ponemos-en-marcha-el-nuevo-canal-oficial-de-la-semana-santa-de-ferrol-en-whatsapp","status":"publish","type":"post","link":"https:\/\/semanasantaferrol.com\/gl\/ponemos-en-marcha-el-nuevo-canal-oficial-de-la-semana-santa-de-ferrol-en-whatsapp\/","title":{"rendered":"Ponemos en marcha el nuevo canal oficial de la Semana Santa de Ferrol en whatsapp"},"content":{"rendered":"<p>A Xunta de Confrar\u00edas e Irmandades da Semana Santa de Ferrol pon en marcha a s\u00faa canle oficial en Whatsapp, aproveitando a nova funcionalidade que puxo en marcha recentemente a popular aplicaci\u00f3n de mensaxer\u00eda instant\u00e1nea. As listas de distribuci\u00f3n de Whatsapp, que funcionaron con grande \u00e9xito desde fai un par de anos, seguir\u00e1n en marcha de momento para garantir que todas as persoas interesadas seguen recibindo as nosas notificaci\u00f3ns.<\/p>\n<p>Que cambia? Nas anteriores listas de distribuci\u00f3n era necesario gardar entre os contactos un n\u00famero de tel\u00e9fono e enviar a palabra &#8220;alta&#8221;, para que a Xunta de Confrar\u00edas inclu\u00edse ese n\u00famero nunha lista de distribuci\u00f3n. Coas novas canles simplif\u00edcase a conexi\u00f3n: s\u00f3 \u00e9 necesario picar nunha ligaz\u00f3n e a continuaci\u00f3n picar o bot\u00f3n de &#8220;seguir&#8221; a canle.<\/p>\n<p>A continuaci\u00f3n, como sucede con calquera grupo ou contacto, p\u00f3dense activar as notificaci\u00f3ns para que nos salte na aplicaci\u00f3n o aviso de cada nova actualizaci\u00f3n.<\/p>\n<p>Aqu\u00ed est\u00e1 a ligaz\u00f3n da canle. Recomend\u00e1mosvos entrar desde o tel\u00e9fono: <a href=\"https:\/\/whatsapp.com\/channel\/0029VaIa5w0HwXb8UUh2IA2g\">https:\/\/whatsapp.com\/channel\/0029VaIa5w0HwXb8UUh2IA2g<\/a><\/p>\n","protected":false},"excerpt":{"rendered":"<p>A Xunta de Confrar\u00edas e Irmandades da Semana Santa de Ferrol pon en marcha a s\u00faa canle oficial en Whatsapp, aproveitando a nova funcionalidade que puxo en marcha recentemente a popular aplicaci\u00f3n de mensaxer\u00eda instant\u00e1nea. As listas de distribuci\u00f3n de Whatsapp, que funcionaron con grande \u00e9xito desde fai un par de anos, seguir\u00e1n en marcha [&hellip;]<\/p>\n","protected":false},"author":3,"featured_media":7216,"comment_status":"open","ping_status":"open","sticky":false,"template":"","format":"standard","meta":{"footnotes":""},"categories":[39],"tags":[],"class_list":["post-7221","post","type-post","status-publish","format-standard","has-post-thumbnail","hentry","category-xunta"],"yoast_head":"<!-- This site is optimized with the Yoast SEO plugin v27.5 - https:\/\/yoast.com\/product\/yoast-seo-wordpress\/ -->\n<title>Ponemos en marcha el nuevo canal oficial de la Semana Santa de Ferrol en whatsapp - Junta General de Cofrad\u00edas y Hermandades<\/title>\n<meta name=\"robots\" content=\"index, follow, max-snippet:-1, max-image-preview:large, max-video-preview:-1\" \/>\n<link rel=\"canonical\" href=\"https:\/\/semanasantaferrol.com\/gl\/ponemos-en-marcha-el-nuevo-canal-oficial-de-la-semana-santa-de-ferrol-en-whatsapp\/\" \/>\n<meta property=\"og:locale\" content=\"gl_ES\" \/>\n<meta property=\"og:type\" content=\"article\" \/>\n<meta property=\"og:title\" content=\"Ponemos en marcha el nuevo canal oficial de la Semana Santa de Ferrol en whatsapp - Junta General de Cofrad\u00edas y Hermandades\" \/>\n<meta property=\"og:description\" content=\"A Xunta de Confrar\u00edas e Irmandades da Semana Santa de Ferrol pon en marcha a s\u00faa canle oficial en Whatsapp, aproveitando a nova funcionalidade que puxo en marcha recentemente a popular aplicaci\u00f3n de mensaxer\u00eda instant\u00e1nea. As listas de distribuci\u00f3n de Whatsapp, que funcionaron con grande \u00e9xito desde fai un par de anos, seguir\u00e1n en marcha [&hellip;]\" \/>\n<meta property=\"og:url\" content=\"https:\/\/semanasantaferrol.com\/gl\/ponemos-en-marcha-el-nuevo-canal-oficial-de-la-semana-santa-de-ferrol-en-whatsapp\/\" \/>\n<meta property=\"og:site_name\" content=\"Junta General de Cofrad\u00edas y Hermandades\" \/>\n<meta property=\"article:publisher\" content=\"https:\/\/www.facebook.com\/Juntageneraldecofradias\/\" \/>\n<meta property=\"article:published_time\" content=\"2024-01-23T11:55:25+00:00\" \/>\n<meta property=\"article:modified_time\" content=\"2024-01-23T11:58:19+00:00\" \/>\n<meta property=\"og:image\" content=\"https:\/\/semanasantaferrol.com\/wp-content\/uploads\/2024\/01\/nuevo-canal-de-whatsapp-de-la-semana-santa-de-ferrol-300-x-225-px.png\" \/>\n\t<meta property=\"og:image:width\" content=\"300\" \/>\n\t<meta property=\"og:image:height\" content=\"225\" \/>\n\t<meta property=\"og:image:type\" content=\"image\/png\" \/>\n<meta name=\"author\" content=\"pingota\" \/>\n<meta name=\"twitter:card\" content=\"summary_large_image\" \/>\n<meta name=\"twitter:label1\" content=\"Escrito por\" \/>\n\t<meta name=\"twitter:data1\" content=\"pingota\" \/>\n\t<meta name=\"twitter:label2\" content=\"Tempo de lectura\" \/>\n\t<meta name=\"twitter:data2\" content=\"1 minuto\" \/>\n<script type=\"application\/ld+json\" class=\"yoast-schema-graph\">{\"@context\":\"https:\\\/\\\/schema.org\",\"@graph\":[{\"@type\":\"Article\",\"@id\":\"https:\\\/\\\/semanasantaferrol.com\\\/gl\\\/ponemos-en-marcha-el-nuevo-canal-oficial-de-la-semana-santa-de-ferrol-en-whatsapp\\\/#article\",\"isPartOf\":{\"@id\":\"https:\\\/\\\/semanasantaferrol.com\\\/gl\\\/ponemos-en-marcha-el-nuevo-canal-oficial-de-la-semana-santa-de-ferrol-en-whatsapp\\\/\"},\"author\":{\"name\":\"pingota\",\"@id\":\"https:\\\/\\\/semanasantaferrol.com\\\/gl\\\/#\\\/schema\\\/person\\\/cdd132690f08f75a35f05e2423e6307c\"},\"headline\":\"Ponemos en marcha el nuevo canal oficial de la Semana Santa de Ferrol en whatsapp\",\"datePublished\":\"2024-01-23T11:55:25+00:00\",\"dateModified\":\"2024-01-23T11:58:19+00:00\",\"mainEntityOfPage\":{\"@id\":\"https:\\\/\\\/semanasantaferrol.com\\\/gl\\\/ponemos-en-marcha-el-nuevo-canal-oficial-de-la-semana-santa-de-ferrol-en-whatsapp\\\/\"},\"wordCount\":214,\"commentCount\":0,\"publisher\":{\"@id\":\"https:\\\/\\\/semanasantaferrol.com\\\/gl\\\/#organization\"},\"image\":{\"@id\":\"https:\\\/\\\/semanasantaferrol.com\\\/gl\\\/ponemos-en-marcha-el-nuevo-canal-oficial-de-la-semana-santa-de-ferrol-en-whatsapp\\\/#primaryimage\"},\"thumbnailUrl\":\"https:\\\/\\\/semanasantaferrol.com\\\/wp-content\\\/uploads\\\/2024\\\/01\\\/nuevo-canal-de-whatsapp-de-la-semana-santa-de-ferrol-300-x-225-px.png\",\"articleSection\":[\"Xunta\"],\"inLanguage\":\"gl-ES\",\"potentialAction\":[{\"@type\":\"CommentAction\",\"name\":\"Comment\",\"target\":[\"https:\\\/\\\/semanasantaferrol.com\\\/gl\\\/ponemos-en-marcha-el-nuevo-canal-oficial-de-la-semana-santa-de-ferrol-en-whatsapp\\\/#respond\"]}]},{\"@type\":\"WebPage\",\"@id\":\"https:\\\/\\\/semanasantaferrol.com\\\/gl\\\/ponemos-en-marcha-el-nuevo-canal-oficial-de-la-semana-santa-de-ferrol-en-whatsapp\\\/\",\"url\":\"https:\\\/\\\/semanasantaferrol.com\\\/gl\\\/ponemos-en-marcha-el-nuevo-canal-oficial-de-la-semana-santa-de-ferrol-en-whatsapp\\\/\",\"name\":\"Ponemos en marcha el nuevo canal oficial de la Semana Santa de Ferrol en whatsapp - Junta General de Cofrad\u00edas y Hermandades\",\"isPartOf\":{\"@id\":\"https:\\\/\\\/semanasantaferrol.com\\\/gl\\\/#website\"},\"primaryImageOfPage\":{\"@id\":\"https:\\\/\\\/semanasantaferrol.com\\\/gl\\\/ponemos-en-marcha-el-nuevo-canal-oficial-de-la-semana-santa-de-ferrol-en-whatsapp\\\/#primaryimage\"},\"image\":{\"@id\":\"https:\\\/\\\/semanasantaferrol.com\\\/gl\\\/ponemos-en-marcha-el-nuevo-canal-oficial-de-la-semana-santa-de-ferrol-en-whatsapp\\\/#primaryimage\"},\"thumbnailUrl\":\"https:\\\/\\\/semanasantaferrol.com\\\/wp-content\\\/uploads\\\/2024\\\/01\\\/nuevo-canal-de-whatsapp-de-la-semana-santa-de-ferrol-300-x-225-px.png\",\"datePublished\":\"2024-01-23T11:55:25+00:00\",\"dateModified\":\"2024-01-23T11:58:19+00:00\",\"breadcrumb\":{\"@id\":\"https:\\\/\\\/semanasantaferrol.com\\\/gl\\\/ponemos-en-marcha-el-nuevo-canal-oficial-de-la-semana-santa-de-ferrol-en-whatsapp\\\/#breadcrumb\"},\"inLanguage\":\"gl-ES\",\"potentialAction\":[{\"@type\":\"ReadAction\",\"target\":[\"https:\\\/\\\/semanasantaferrol.com\\\/gl\\\/ponemos-en-marcha-el-nuevo-canal-oficial-de-la-semana-santa-de-ferrol-en-whatsapp\\\/\"]}]},{\"@type\":\"ImageObject\",\"inLanguage\":\"gl-ES\",\"@id\":\"https:\\\/\\\/semanasantaferrol.com\\\/gl\\\/ponemos-en-marcha-el-nuevo-canal-oficial-de-la-semana-santa-de-ferrol-en-whatsapp\\\/#primaryimage\",\"url\":\"https:\\\/\\\/semanasantaferrol.com\\\/wp-content\\\/uploads\\\/2024\\\/01\\\/nuevo-canal-de-whatsapp-de-la-semana-santa-de-ferrol-300-x-225-px.png\",\"contentUrl\":\"https:\\\/\\\/semanasantaferrol.com\\\/wp-content\\\/uploads\\\/2024\\\/01\\\/nuevo-canal-de-whatsapp-de-la-semana-santa-de-ferrol-300-x-225-px.png\",\"width\":300,\"height\":225},{\"@type\":\"BreadcrumbList\",\"@id\":\"https:\\\/\\\/semanasantaferrol.com\\\/gl\\\/ponemos-en-marcha-el-nuevo-canal-oficial-de-la-semana-santa-de-ferrol-en-whatsapp\\\/#breadcrumb\",\"itemListElement\":[{\"@type\":\"ListItem\",\"position\":1,\"name\":\"Portada\",\"item\":\"https:\\\/\\\/semanasantaferrol.com\\\/gl\\\/\"},{\"@type\":\"ListItem\",\"position\":2,\"name\":\"Ponemos en marcha el nuevo canal oficial de la Semana Santa de Ferrol en whatsapp\"}]},{\"@type\":\"WebSite\",\"@id\":\"https:\\\/\\\/semanasantaferrol.com\\\/gl\\\/#website\",\"url\":\"https:\\\/\\\/semanasantaferrol.com\\\/gl\\\/\",\"name\":\"Junta General de Cofrad\u00edas y Hermandades\",\"description\":\"Semana Santa de Ferrol\",\"publisher\":{\"@id\":\"https:\\\/\\\/semanasantaferrol.com\\\/gl\\\/#organization\"},\"alternateName\":\"Semana Santa de Ferrol\",\"potentialAction\":[{\"@type\":\"SearchAction\",\"target\":{\"@type\":\"EntryPoint\",\"urlTemplate\":\"https:\\\/\\\/semanasantaferrol.com\\\/gl\\\/?s={search_term_string}\"},\"query-input\":{\"@type\":\"PropertyValueSpecification\",\"valueRequired\":true,\"valueName\":\"search_term_string\"}}],\"inLanguage\":\"gl-ES\"},{\"@type\":\"Organization\",\"@id\":\"https:\\\/\\\/semanasantaferrol.com\\\/gl\\\/#organization\",\"name\":\"Junta General de Cofrad\u00edas y Hermandades de la Semana Santa de Ferrol\",\"alternateName\":\"Junta de Cofrad\u00edas de la Semana Santa de Ferrol\",\"url\":\"https:\\\/\\\/semanasantaferrol.com\\\/gl\\\/\",\"logo\":{\"@type\":\"ImageObject\",\"inLanguage\":\"gl-ES\",\"@id\":\"https:\\\/\\\/semanasantaferrol.com\\\/gl\\\/#\\\/schema\\\/logo\\\/image\\\/\",\"url\":\"https:\\\/\\\/semanasantaferrol.com\\\/wp-content\\\/uploads\\\/2022\\\/10\\\/junta_general_logo.svg\",\"contentUrl\":\"https:\\\/\\\/semanasantaferrol.com\\\/wp-content\\\/uploads\\\/2022\\\/10\\\/junta_general_logo.svg\",\"width\":600,\"height\":790,\"caption\":\"Junta General de Cofrad\u00edas y Hermandades de la Semana Santa de Ferrol\"},\"image\":{\"@id\":\"https:\\\/\\\/semanasantaferrol.com\\\/gl\\\/#\\\/schema\\\/logo\\\/image\\\/\"},\"sameAs\":[\"https:\\\/\\\/www.facebook.com\\\/Juntageneraldecofradias\\\/\",\"https:\\\/\\\/www.instagram.com\\\/juntageneralcofradiasferrol\\\/\",\"https:\\\/\\\/www.youtube.com\\\/@semanasantadeferrol1616\",\"https:\\\/\\\/www.tiktok.com\\\/@semanasantadeferrol\"]},{\"@type\":\"Person\",\"@id\":\"https:\\\/\\\/semanasantaferrol.com\\\/gl\\\/#\\\/schema\\\/person\\\/cdd132690f08f75a35f05e2423e6307c\",\"name\":\"pingota\",\"image\":{\"@type\":\"ImageObject\",\"inLanguage\":\"gl-ES\",\"@id\":\"https:\\\/\\\/secure.gravatar.com\\\/avatar\\\/b1bb79ecdfb8d6f4c44a82262f8b422faeb290304fc5c6f8b9b4305bfaa2853c?s=96&d=mm&r=g\",\"url\":\"https:\\\/\\\/secure.gravatar.com\\\/avatar\\\/b1bb79ecdfb8d6f4c44a82262f8b422faeb290304fc5c6f8b9b4305bfaa2853c?s=96&d=mm&r=g\",\"contentUrl\":\"https:\\\/\\\/secure.gravatar.com\\\/avatar\\\/b1bb79ecdfb8d6f4c44a82262f8b422faeb290304fc5c6f8b9b4305bfaa2853c?s=96&d=mm&r=g\",\"caption\":\"pingota\"},\"url\":\"https:\\\/\\\/semanasantaferrol.com\\\/gl\"}]}<\/script>\n<!-- \/ Yoast SEO plugin. -->","yoast_head_json":{"title":"Ponemos en marcha el nuevo canal oficial de la Semana Santa de Ferrol en whatsapp - Junta General de Cofrad\u00edas y Hermandades","robots":{"index":"index","follow":"follow","max-snippet":"max-snippet:-1","max-image-preview":"max-image-preview:large","max-video-preview":"max-video-preview:-1"},"canonical":"https:\/\/semanasantaferrol.com\/gl\/ponemos-en-marcha-el-nuevo-canal-oficial-de-la-semana-santa-de-ferrol-en-whatsapp\/","og_locale":"gl_ES","og_type":"article","og_title":"Ponemos en marcha el nuevo canal oficial de la Semana Santa de Ferrol en whatsapp - Junta General de Cofrad\u00edas y Hermandades","og_description":"A Xunta de Confrar\u00edas e Irmandades da Semana Santa de Ferrol pon en marcha a s\u00faa canle oficial en Whatsapp, aproveitando a nova funcionalidade que puxo en marcha recentemente a popular aplicaci\u00f3n de mensaxer\u00eda instant\u00e1nea. As listas de distribuci\u00f3n de Whatsapp, que funcionaron con grande \u00e9xito desde fai un par de anos, seguir\u00e1n en marcha [&hellip;]","og_url":"https:\/\/semanasantaferrol.com\/gl\/ponemos-en-marcha-el-nuevo-canal-oficial-de-la-semana-santa-de-ferrol-en-whatsapp\/","og_site_name":"Junta General de Cofrad\u00edas y Hermandades","article_publisher":"https:\/\/www.facebook.com\/Juntageneraldecofradias\/","article_published_time":"2024-01-23T11:55:25+00:00","article_modified_time":"2024-01-23T11:58:19+00:00","og_image":[{"width":300,"height":225,"url":"https:\/\/semanasantaferrol.com\/wp-content\/uploads\/2024\/01\/nuevo-canal-de-whatsapp-de-la-semana-santa-de-ferrol-300-x-225-px.png","type":"image\/png"}],"author":"pingota","twitter_card":"summary_large_image","twitter_misc":{"Escrito por":"pingota","Tempo de lectura":"1 minuto"},"schema":{"@context":"https:\/\/schema.org","@graph":[{"@type":"Article","@id":"https:\/\/semanasantaferrol.com\/gl\/ponemos-en-marcha-el-nuevo-canal-oficial-de-la-semana-santa-de-ferrol-en-whatsapp\/#article","isPartOf":{"@id":"https:\/\/semanasantaferrol.com\/gl\/ponemos-en-marcha-el-nuevo-canal-oficial-de-la-semana-santa-de-ferrol-en-whatsapp\/"},"author":{"name":"pingota","@id":"https:\/\/semanasantaferrol.com\/gl\/#\/schema\/person\/cdd132690f08f75a35f05e2423e6307c"},"headline":"Ponemos en marcha el nuevo canal oficial de la Semana Santa de Ferrol en whatsapp","datePublished":"2024-01-23T11:55:25+00:00","dateModified":"2024-01-23T11:58:19+00:00","mainEntityOfPage":{"@id":"https:\/\/semanasantaferrol.com\/gl\/ponemos-en-marcha-el-nuevo-canal-oficial-de-la-semana-santa-de-ferrol-en-whatsapp\/"},"wordCount":214,"commentCount":0,"publisher":{"@id":"https:\/\/semanasantaferrol.com\/gl\/#organization"},"image":{"@id":"https:\/\/semanasantaferrol.com\/gl\/ponemos-en-marcha-el-nuevo-canal-oficial-de-la-semana-santa-de-ferrol-en-whatsapp\/#primaryimage"},"thumbnailUrl":"https:\/\/semanasantaferrol.com\/wp-content\/uploads\/2024\/01\/nuevo-canal-de-whatsapp-de-la-semana-santa-de-ferrol-300-x-225-px.png","articleSection":["Xunta"],"inLanguage":"gl-ES","potentialAction":[{"@type":"CommentAction","name":"Comment","target":["https:\/\/semanasantaferrol.com\/gl\/ponemos-en-marcha-el-nuevo-canal-oficial-de-la-semana-santa-de-ferrol-en-whatsapp\/#respond"]}]},{"@type":"WebPage","@id":"https:\/\/semanasantaferrol.com\/gl\/ponemos-en-marcha-el-nuevo-canal-oficial-de-la-semana-santa-de-ferrol-en-whatsapp\/","url":"https:\/\/semanasantaferrol.com\/gl\/ponemos-en-marcha-el-nuevo-canal-oficial-de-la-semana-santa-de-ferrol-en-whatsapp\/","name":"Ponemos en marcha el nuevo canal oficial de la Semana Santa de Ferrol en whatsapp - Junta General de Cofrad\u00edas y Hermandades","isPartOf":{"@id":"https:\/\/semanasantaferrol.com\/gl\/#website"},"primaryImageOfPage":{"@id":"https:\/\/semanasantaferrol.com\/gl\/ponemos-en-marcha-el-nuevo-canal-oficial-de-la-semana-santa-de-ferrol-en-whatsapp\/#primaryimage"},"image":{"@id":"https:\/\/semanasantaferrol.com\/gl\/ponemos-en-marcha-el-nuevo-canal-oficial-de-la-semana-santa-de-ferrol-en-whatsapp\/#primaryimage"},"thumbnailUrl":"https:\/\/semanasantaferrol.com\/wp-content\/uploads\/2024\/01\/nuevo-canal-de-whatsapp-de-la-semana-santa-de-ferrol-300-x-225-px.png","datePublished":"2024-01-23T11:55:25+00:00","dateModified":"2024-01-23T11:58:19+00:00","breadcrumb":{"@id":"https:\/\/semanasantaferrol.com\/gl\/ponemos-en-marcha-el-nuevo-canal-oficial-de-la-semana-santa-de-ferrol-en-whatsapp\/#breadcrumb"},"inLanguage":"gl-ES","potentialAction":[{"@type":"ReadAction","target":["https:\/\/semanasantaferrol.com\/gl\/ponemos-en-marcha-el-nuevo-canal-oficial-de-la-semana-santa-de-ferrol-en-whatsapp\/"]}]},{"@type":"ImageObject","inLanguage":"gl-ES","@id":"https:\/\/semanasantaferrol.com\/gl\/ponemos-en-marcha-el-nuevo-canal-oficial-de-la-semana-santa-de-ferrol-en-whatsapp\/#primaryimage","url":"https:\/\/semanasantaferrol.com\/wp-content\/uploads\/2024\/01\/nuevo-canal-de-whatsapp-de-la-semana-santa-de-ferrol-300-x-225-px.png","contentUrl":"https:\/\/semanasantaferrol.com\/wp-content\/uploads\/2024\/01\/nuevo-canal-de-whatsapp-de-la-semana-santa-de-ferrol-300-x-225-px.png","width":300,"height":225},{"@type":"BreadcrumbList","@id":"https:\/\/semanasantaferrol.com\/gl\/ponemos-en-marcha-el-nuevo-canal-oficial-de-la-semana-santa-de-ferrol-en-whatsapp\/#breadcrumb","itemListElement":[{"@type":"ListItem","position":1,"name":"Portada","item":"https:\/\/semanasantaferrol.com\/gl\/"},{"@type":"ListItem","position":2,"name":"Ponemos en marcha el nuevo canal oficial de la Semana Santa de Ferrol en whatsapp"}]},{"@type":"WebSite","@id":"https:\/\/semanasantaferrol.com\/gl\/#website","url":"https:\/\/semanasantaferrol.com\/gl\/","name":"Junta General de Cofrad\u00edas y Hermandades","description":"Semana Santa de Ferrol","publisher":{"@id":"https:\/\/semanasantaferrol.com\/gl\/#organization"},"alternateName":"Semana Santa de Ferrol","potentialAction":[{"@type":"SearchAction","target":{"@type":"EntryPoint","urlTemplate":"https:\/\/semanasantaferrol.com\/gl\/?s={search_term_string}"},"query-input":{"@type":"PropertyValueSpecification","valueRequired":true,"valueName":"search_term_string"}}],"inLanguage":"gl-ES"},{"@type":"Organization","@id":"https:\/\/semanasantaferrol.com\/gl\/#organization","name":"Junta General de Cofrad\u00edas y Hermandades de la Semana Santa de Ferrol","alternateName":"Junta de Cofrad\u00edas de la Semana Santa de Ferrol","url":"https:\/\/semanasantaferrol.com\/gl\/","logo":{"@type":"ImageObject","inLanguage":"gl-ES","@id":"https:\/\/semanasantaferrol.com\/gl\/#\/schema\/logo\/image\/","url":"https:\/\/semanasantaferrol.com\/wp-content\/uploads\/2022\/10\/junta_general_logo.svg","contentUrl":"https:\/\/semanasantaferrol.com\/wp-content\/uploads\/2022\/10\/junta_general_logo.svg","width":600,"height":790,"caption":"Junta General de Cofrad\u00edas y Hermandades de la Semana Santa de Ferrol"},"image":{"@id":"https:\/\/semanasantaferrol.com\/gl\/#\/schema\/logo\/image\/"},"sameAs":["https:\/\/www.facebook.com\/Juntageneraldecofradias\/","https:\/\/www.instagram.com\/juntageneralcofradiasferrol\/","https:\/\/www.youtube.com\/@semanasantadeferrol1616","https:\/\/www.tiktok.com\/@semanasantadeferrol"]},{"@type":"Person","@id":"https:\/\/semanasantaferrol.com\/gl\/#\/schema\/person\/cdd132690f08f75a35f05e2423e6307c","name":"pingota","image":{"@type":"ImageObject","inLanguage":"gl-ES","@id":"https:\/\/secure.gravatar.com\/avatar\/b1bb79ecdfb8d6f4c44a82262f8b422faeb290304fc5c6f8b9b4305bfaa2853c?s=96&d=mm&r=g","url":"https:\/\/secure.gravatar.com\/avatar\/b1bb79ecdfb8d6f4c44a82262f8b422faeb290304fc5c6f8b9b4305bfaa2853c?s=96&d=mm&r=g","contentUrl":"https:\/\/secure.gravatar.com\/avatar\/b1bb79ecdfb8d6f4c44a82262f8b422faeb290304fc5c6f8b9b4305bfaa2853c?s=96&d=mm&r=g","caption":"pingota"},"url":"https:\/\/semanasantaferrol.com\/gl"}]}},"_links":{"self":[{"href":"https:\/\/semanasantaferrol.com\/gl\/wp-json\/wp\/v2\/posts\/7221","targetHints":{"allow":["GET"]}}],"collection":[{"href":"https:\/\/semanasantaferrol.com\/gl\/wp-json\/wp\/v2\/posts"}],"about":[{"href":"https:\/\/semanasantaferrol.com\/gl\/wp-json\/wp\/v2\/types\/post"}],"author":[{"embeddable":true,"href":"https:\/\/semanasantaferrol.com\/gl\/wp-json\/wp\/v2\/users\/3"}],"replies":[{"embeddable":true,"href":"https:\/\/semanasantaferrol.com\/gl\/wp-json\/wp\/v2\/comments?post=7221"}],"version-history":[{"count":2,"href":"https:\/\/semanasantaferrol.com\/gl\/wp-json\/wp\/v2\/posts\/7221\/revisions"}],"predecessor-version":[{"id":7223,"href":"https:\/\/semanasantaferrol.com\/gl\/wp-json\/wp\/v2\/posts\/7221\/revisions\/7223"}],"wp:featuredmedia":[{"embeddable":true,"href":"https:\/\/semanasantaferrol.com\/gl\/wp-json\/wp\/v2\/media\/7216"}],"wp:attachment":[{"href":"https:\/\/semanasantaferrol.com\/gl\/wp-json\/wp\/v2\/media?parent=7221"}],"wp:term":[{"taxonomy":"category","embeddable":true,"href":"https:\/\/semanasantaferrol.com\/gl\/wp-json\/wp\/v2\/categories?post=7221"},{"taxonomy":"post_tag","embeddable":true,"href":"https:\/\/semanasantaferrol.com\/gl\/wp-json\/wp\/v2\/tags?post=7221"}],"curies":[{"name":"wp","href":"https:\/\/api.w.org\/{rel}","templated":true}]}}