{"id":7185,"date":"2024-01-13T12:35:35","date_gmt":"2024-01-13T12:35:35","guid":{"rendered":"https:\/\/semanasantaferrol.com\/tradicion-y-modernidad-se-unen-en-el-cartel-de-la-semana-santa-de-ferrol-2024\/"},"modified":"2024-01-13T12:37:44","modified_gmt":"2024-01-13T12:37:44","slug":"tradicion-y-modernidad-se-unen-en-el-cartel-de-la-semana-santa-de-ferrol-2024","status":"publish","type":"post","link":"https:\/\/semanasantaferrol.com\/gl\/tradicion-y-modernidad-se-unen-en-el-cartel-de-la-semana-santa-de-ferrol-2024\/","title":{"rendered":"Tradici\u00f3n e modernidade \u00fanense no cartel da Semana Santa de Ferrol 2024"},"content":{"rendered":"<p class=\"texto\"><span lang=\"ES-TRAD\">Tradici\u00f3n e modernidade \u00fanense, a trav\u00e9s dunha fotograf\u00eda de Jes\u00fas Romero Castro, no cartel promocional da Semana Santa de Ferrol 2024, que se desenvolver\u00e1 do 24 ao 31 de marzo. A instant\u00e1nea capta un momento da sa\u00edda da procesi\u00f3n da Caridade e o Silencio da capela das Angustias, na tarde do S\u00e1bado Santo, cun penitente en primeiro plano do que chama a atenci\u00f3n a tatuaxe do seu brazo e a venerada imaxe mariana ao fondo, como \u00e9 habitual neste desfile vestida de negro e sen o seu Fillo.<\/span><\/p>\n<p class=\"texto\"><span lang=\"ES-TRAD\">O Casino Ferrol\u00e1n acolleu esta ma\u00f1\u00e1 a presentaci\u00f3n do cartel, un acto que contou coa presenza dos irm\u00e1ns maiores e presidentes das cinco confrar\u00edas; coa concelleira de Turismo, Maica Garc\u00eda, en representaci\u00f3n do alcalde, e coa intervenci\u00f3n do presidente da Xunta Xeral de Irmandades, C\u00e9sar Carre\u00f1o. Tocoulle abrir a quenda de intervenci\u00f3ns a Jos\u00e9 Ram\u00f3n Cancelo, presidente da Pontificia, Real e Ilustre Confrar\u00eda das Angustias, que este ano protagoniza o cartel. Destacou que ao concurso convocado para elixir a imaxe se presentaron 92 traballos e felicitou ao ga\u00f1ador, Jes\u00fas Romero, por unha foto que a\u00fana elementos esenciais para a s\u00faa irmandade como son os penitentes, a Virxe das Angustias, a procesi\u00f3n que se realiza tras unha xornada de recollida de esmola e o santuario.<\/span><\/p>\n<p class=\"texto\"><span lang=\"ES-TRAD\">Jes\u00fas Romero asegurou a continuaci\u00f3n que \u00e9 unha honra ilustrar este ano o cartel da Semana Santa de Ferrol, \u00e1 vez que agradeceu a elecci\u00f3n da s\u00faa fotograf\u00eda \u00e1 Confrar\u00eda das Angustias e en xeral a todas as persoas que participan na Semana Santa de Ferrol. Destacou que o penitente que aparece na s\u00faa foto transm\u00edtelle unha \u201cconexi\u00f3n \u00fanica entre a crenza convencional e a identidade individual, ese contraste entre o tradicional e o actual\u201d. <\/span><\/p>\n<p class=\"texto\"><span lang=\"ES-TRAD\">C\u00e9sar Carre\u00f1o agradeceu o apoio da Xunta, a Deputaci\u00f3n, o Concello, a Armada e a Diocese \u00e1 Semana Santa Santa de Ferrol e felicitou a Jes\u00fas Romero destacando tam\u00e9n a uni\u00f3n entre a tradici\u00f3n e a devoci\u00f3n que representa a Virxe das Angustias, coa actualidade representada nese brazo tatuado do penitente. O presidente da Xunta de Confrar\u00edas aproveitou un ano m\u00e1is este acto para subli\u00f1ar a historia das procesi\u00f3ns ferrol\u00e1s a trav\u00e9s dunha serie de efem\u00e9rides, desde os 265 anos que se cumpren desde o encargo do peto de \u00e1nimas para o antigo templo de San Xiao, que se conserva na actual concatedral, ata os dez que se conmemoran neste 2024 desde o reco\u00f1ecemento de Interese Tur\u00edstico Internacional.<\/span><\/p>\n<p class=\"texto\"><span lang=\"ES-TRAD\">Carre\u00f1o presentou na s\u00faa intervenci\u00f3n o novo logo da Semana Santa de Ferrol, unha imaxe que a sintetiza nuns capuchones representados sobre a l\u00faa chea de Venres Santo e uns guindastres dos estaleiros. \u201cAs nosas procesi\u00f3ns est\u00e1n moi ligadas \u00e1 Armada e aos estaleiros, e as xentes que chegaron para traballar neles procedentes de diferentes puntos de Espa\u00f1a. Persoas que se involucraron e fixeron desta Paix\u00f3n unha am\u00e1lgama de acentos e estilos diferentes. Nesa construci\u00f3n colectiva est\u00e1 a nosa identidade e a nosa singularidade\u201d.<\/span><\/p>\n<p class=\"texto\"><span lang=\"ES-TRAD\">Por \u00faltimo, tomou a palabra Maica Garc\u00eda, a concelleira de Turismo do Concello de Ferrol, que incidiu en que a Semana Santa de Ferrol reviste cada vez m\u00e1is espectacularidade e que, ademais de ser un evento relixioso e cultural multitudinario, xera un gran movemento de nacionais e cada vez m\u00e1is turistas internacionais pola cidade. \u201cDesde o Concello s\u00f3 podemos estar agradecidos -dixo-: contar\u00e1n sempre con todo o noso apoio\u201d, sinalou, para terminar apuntando que nuns d\u00edas viaxar\u00e1n xuntos, representantes do Concello e da Xunta de Confrar\u00edas, para presentar o Fitur o evento e Ferrol como un destino tur\u00edstico de primeira orde.<\/span><\/p>\n<p class=\"texto\"><span lang=\"ES-TRAD\">\u00a0<\/span><\/p>\n<p class=\"texto\"><span lang=\"ES-TRAD\">O evento retransmitiuse en directo. Podedes volver ver a retransmisi\u00f3n a trav\u00e9s deste link: <a href=\"https:\/\/www.youtube.com\/watch?v=qDGeQO0d1Cc\">https:\/\/www.youtube.com\/watch?v=qDGeQO0d1Cc<\/a><u><\/u><\/span><\/p>\n","protected":false},"excerpt":{"rendered":"<p>Tradici\u00f3n e modernidade \u00fanense, a trav\u00e9s dunha fotograf\u00eda de Jes\u00fas Romero Castro, no cartel promocional da Semana Santa de Ferrol 2024, que se desenvolver\u00e1 do 24 ao 31 de marzo. A instant\u00e1nea capta un momento da sa\u00edda da procesi\u00f3n da Caridade e o Silencio da capela das Angustias, na tarde do S\u00e1bado Santo, cun penitente [&hellip;]<\/p>\n","protected":false},"author":3,"featured_media":7183,"comment_status":"open","ping_status":"open","sticky":false,"template":"","format":"standard","meta":{"footnotes":""},"categories":[39],"tags":[],"class_list":["post-7185","post","type-post","status-publish","format-standard","has-post-thumbnail","hentry","category-xunta"],"yoast_head":"<!-- This site is optimized with the Yoast SEO plugin v27.5 - https:\/\/yoast.com\/product\/yoast-seo-wordpress\/ -->\n<title>Tradici\u00f3n e modernidade \u00fanense no cartel da Semana Santa de Ferrol 2024 - Junta General de Cofrad\u00edas y Hermandades<\/title>\n<meta name=\"robots\" content=\"index, follow, max-snippet:-1, max-image-preview:large, max-video-preview:-1\" \/>\n<link rel=\"canonical\" href=\"https:\/\/semanasantaferrol.com\/gl\/tradicion-y-modernidad-se-unen-en-el-cartel-de-la-semana-santa-de-ferrol-2024\/\" \/>\n<meta property=\"og:locale\" content=\"gl_ES\" \/>\n<meta property=\"og:type\" content=\"article\" \/>\n<meta property=\"og:title\" content=\"Tradici\u00f3n e modernidade \u00fanense no cartel da Semana Santa de Ferrol 2024 - Junta General de Cofrad\u00edas y Hermandades\" \/>\n<meta property=\"og:description\" content=\"Tradici\u00f3n e modernidade \u00fanense, a trav\u00e9s dunha fotograf\u00eda de Jes\u00fas Romero Castro, no cartel promocional da Semana Santa de Ferrol 2024, que se desenvolver\u00e1 do 24 ao 31 de marzo. A instant\u00e1nea capta un momento da sa\u00edda da procesi\u00f3n da Caridade e o Silencio da capela das Angustias, na tarde do S\u00e1bado Santo, cun penitente [&hellip;]\" \/>\n<meta property=\"og:url\" content=\"https:\/\/semanasantaferrol.com\/gl\/tradicion-y-modernidad-se-unen-en-el-cartel-de-la-semana-santa-de-ferrol-2024\/\" \/>\n<meta property=\"og:site_name\" content=\"Junta General de Cofrad\u00edas y Hermandades\" \/>\n<meta property=\"article:publisher\" content=\"https:\/\/www.facebook.com\/Juntageneraldecofradias\/\" \/>\n<meta property=\"article:published_time\" content=\"2024-01-13T12:35:35+00:00\" \/>\n<meta property=\"article:modified_time\" content=\"2024-01-13T12:37:44+00:00\" \/>\n<meta property=\"og:image\" content=\"https:\/\/semanasantaferrol.com\/wp-content\/uploads\/2024\/01\/IMG_20240113_122856-1-scaled.jpg\" \/>\n\t<meta property=\"og:image:width\" content=\"2560\" \/>\n\t<meta property=\"og:image:height\" content=\"1928\" \/>\n\t<meta property=\"og:image:type\" content=\"image\/jpeg\" \/>\n<meta name=\"author\" content=\"pingota\" \/>\n<meta name=\"twitter:card\" content=\"summary_large_image\" \/>\n<meta name=\"twitter:label1\" content=\"Escrito por\" \/>\n\t<meta name=\"twitter:data1\" content=\"pingota\" \/>\n\t<meta name=\"twitter:label2\" content=\"Tempo de lectura\" \/>\n\t<meta name=\"twitter:data2\" content=\"3 minutos\" \/>\n<script type=\"application\/ld+json\" class=\"yoast-schema-graph\">{\"@context\":\"https:\\\/\\\/schema.org\",\"@graph\":[{\"@type\":\"Article\",\"@id\":\"https:\\\/\\\/semanasantaferrol.com\\\/gl\\\/tradicion-y-modernidad-se-unen-en-el-cartel-de-la-semana-santa-de-ferrol-2024\\\/#article\",\"isPartOf\":{\"@id\":\"https:\\\/\\\/semanasantaferrol.com\\\/gl\\\/tradicion-y-modernidad-se-unen-en-el-cartel-de-la-semana-santa-de-ferrol-2024\\\/\"},\"author\":{\"name\":\"pingota\",\"@id\":\"https:\\\/\\\/semanasantaferrol.com\\\/gl\\\/#\\\/schema\\\/person\\\/cdd132690f08f75a35f05e2423e6307c\"},\"headline\":\"Tradici\u00f3n e modernidade \u00fanense no cartel da Semana Santa de Ferrol 2024\",\"datePublished\":\"2024-01-13T12:35:35+00:00\",\"dateModified\":\"2024-01-13T12:37:44+00:00\",\"mainEntityOfPage\":{\"@id\":\"https:\\\/\\\/semanasantaferrol.com\\\/gl\\\/tradicion-y-modernidad-se-unen-en-el-cartel-de-la-semana-santa-de-ferrol-2024\\\/\"},\"wordCount\":685,\"commentCount\":0,\"publisher\":{\"@id\":\"https:\\\/\\\/semanasantaferrol.com\\\/gl\\\/#organization\"},\"image\":{\"@id\":\"https:\\\/\\\/semanasantaferrol.com\\\/gl\\\/tradicion-y-modernidad-se-unen-en-el-cartel-de-la-semana-santa-de-ferrol-2024\\\/#primaryimage\"},\"thumbnailUrl\":\"https:\\\/\\\/semanasantaferrol.com\\\/wp-content\\\/uploads\\\/2024\\\/01\\\/IMG_20240113_122856-1-scaled.jpg\",\"articleSection\":[\"Xunta\"],\"inLanguage\":\"gl-ES\",\"potentialAction\":[{\"@type\":\"CommentAction\",\"name\":\"Comment\",\"target\":[\"https:\\\/\\\/semanasantaferrol.com\\\/gl\\\/tradicion-y-modernidad-se-unen-en-el-cartel-de-la-semana-santa-de-ferrol-2024\\\/#respond\"]}]},{\"@type\":\"WebPage\",\"@id\":\"https:\\\/\\\/semanasantaferrol.com\\\/gl\\\/tradicion-y-modernidad-se-unen-en-el-cartel-de-la-semana-santa-de-ferrol-2024\\\/\",\"url\":\"https:\\\/\\\/semanasantaferrol.com\\\/gl\\\/tradicion-y-modernidad-se-unen-en-el-cartel-de-la-semana-santa-de-ferrol-2024\\\/\",\"name\":\"Tradici\u00f3n e modernidade \u00fanense no cartel da Semana Santa de Ferrol 2024 - Junta General de Cofrad\u00edas y Hermandades\",\"isPartOf\":{\"@id\":\"https:\\\/\\\/semanasantaferrol.com\\\/gl\\\/#website\"},\"primaryImageOfPage\":{\"@id\":\"https:\\\/\\\/semanasantaferrol.com\\\/gl\\\/tradicion-y-modernidad-se-unen-en-el-cartel-de-la-semana-santa-de-ferrol-2024\\\/#primaryimage\"},\"image\":{\"@id\":\"https:\\\/\\\/semanasantaferrol.com\\\/gl\\\/tradicion-y-modernidad-se-unen-en-el-cartel-de-la-semana-santa-de-ferrol-2024\\\/#primaryimage\"},\"thumbnailUrl\":\"https:\\\/\\\/semanasantaferrol.com\\\/wp-content\\\/uploads\\\/2024\\\/01\\\/IMG_20240113_122856-1-scaled.jpg\",\"datePublished\":\"2024-01-13T12:35:35+00:00\",\"dateModified\":\"2024-01-13T12:37:44+00:00\",\"breadcrumb\":{\"@id\":\"https:\\\/\\\/semanasantaferrol.com\\\/gl\\\/tradicion-y-modernidad-se-unen-en-el-cartel-de-la-semana-santa-de-ferrol-2024\\\/#breadcrumb\"},\"inLanguage\":\"gl-ES\",\"potentialAction\":[{\"@type\":\"ReadAction\",\"target\":[\"https:\\\/\\\/semanasantaferrol.com\\\/gl\\\/tradicion-y-modernidad-se-unen-en-el-cartel-de-la-semana-santa-de-ferrol-2024\\\/\"]}]},{\"@type\":\"ImageObject\",\"inLanguage\":\"gl-ES\",\"@id\":\"https:\\\/\\\/semanasantaferrol.com\\\/gl\\\/tradicion-y-modernidad-se-unen-en-el-cartel-de-la-semana-santa-de-ferrol-2024\\\/#primaryimage\",\"url\":\"https:\\\/\\\/semanasantaferrol.com\\\/wp-content\\\/uploads\\\/2024\\\/01\\\/IMG_20240113_122856-1-scaled.jpg\",\"contentUrl\":\"https:\\\/\\\/semanasantaferrol.com\\\/wp-content\\\/uploads\\\/2024\\\/01\\\/IMG_20240113_122856-1-scaled.jpg\",\"width\":2560,\"height\":1928},{\"@type\":\"BreadcrumbList\",\"@id\":\"https:\\\/\\\/semanasantaferrol.com\\\/gl\\\/tradicion-y-modernidad-se-unen-en-el-cartel-de-la-semana-santa-de-ferrol-2024\\\/#breadcrumb\",\"itemListElement\":[{\"@type\":\"ListItem\",\"position\":1,\"name\":\"Portada\",\"item\":\"https:\\\/\\\/semanasantaferrol.com\\\/gl\\\/\"},{\"@type\":\"ListItem\",\"position\":2,\"name\":\"Tradici\u00f3n e modernidade \u00fanense no cartel da Semana Santa de Ferrol 2024\"}]},{\"@type\":\"WebSite\",\"@id\":\"https:\\\/\\\/semanasantaferrol.com\\\/gl\\\/#website\",\"url\":\"https:\\\/\\\/semanasantaferrol.com\\\/gl\\\/\",\"name\":\"Junta General de Cofrad\u00edas y Hermandades\",\"description\":\"Semana Santa de Ferrol\",\"publisher\":{\"@id\":\"https:\\\/\\\/semanasantaferrol.com\\\/gl\\\/#organization\"},\"alternateName\":\"Semana Santa de Ferrol\",\"potentialAction\":[{\"@type\":\"SearchAction\",\"target\":{\"@type\":\"EntryPoint\",\"urlTemplate\":\"https:\\\/\\\/semanasantaferrol.com\\\/gl\\\/?s={search_term_string}\"},\"query-input\":{\"@type\":\"PropertyValueSpecification\",\"valueRequired\":true,\"valueName\":\"search_term_string\"}}],\"inLanguage\":\"gl-ES\"},{\"@type\":\"Organization\",\"@id\":\"https:\\\/\\\/semanasantaferrol.com\\\/gl\\\/#organization\",\"name\":\"Junta General de Cofrad\u00edas y Hermandades de la Semana Santa de Ferrol\",\"alternateName\":\"Junta de Cofrad\u00edas de la Semana Santa de Ferrol\",\"url\":\"https:\\\/\\\/semanasantaferrol.com\\\/gl\\\/\",\"logo\":{\"@type\":\"ImageObject\",\"inLanguage\":\"gl-ES\",\"@id\":\"https:\\\/\\\/semanasantaferrol.com\\\/gl\\\/#\\\/schema\\\/logo\\\/image\\\/\",\"url\":\"https:\\\/\\\/semanasantaferrol.com\\\/wp-content\\\/uploads\\\/2022\\\/10\\\/junta_general_logo.svg\",\"contentUrl\":\"https:\\\/\\\/semanasantaferrol.com\\\/wp-content\\\/uploads\\\/2022\\\/10\\\/junta_general_logo.svg\",\"width\":600,\"height\":790,\"caption\":\"Junta General de Cofrad\u00edas y Hermandades de la Semana Santa de Ferrol\"},\"image\":{\"@id\":\"https:\\\/\\\/semanasantaferrol.com\\\/gl\\\/#\\\/schema\\\/logo\\\/image\\\/\"},\"sameAs\":[\"https:\\\/\\\/www.facebook.com\\\/Juntageneraldecofradias\\\/\",\"https:\\\/\\\/www.instagram.com\\\/juntageneralcofradiasferrol\\\/\",\"https:\\\/\\\/www.youtube.com\\\/@semanasantadeferrol1616\",\"https:\\\/\\\/www.tiktok.com\\\/@semanasantadeferrol\"]},{\"@type\":\"Person\",\"@id\":\"https:\\\/\\\/semanasantaferrol.com\\\/gl\\\/#\\\/schema\\\/person\\\/cdd132690f08f75a35f05e2423e6307c\",\"name\":\"pingota\",\"image\":{\"@type\":\"ImageObject\",\"inLanguage\":\"gl-ES\",\"@id\":\"https:\\\/\\\/secure.gravatar.com\\\/avatar\\\/b1bb79ecdfb8d6f4c44a82262f8b422faeb290304fc5c6f8b9b4305bfaa2853c?s=96&d=mm&r=g\",\"url\":\"https:\\\/\\\/secure.gravatar.com\\\/avatar\\\/b1bb79ecdfb8d6f4c44a82262f8b422faeb290304fc5c6f8b9b4305bfaa2853c?s=96&d=mm&r=g\",\"contentUrl\":\"https:\\\/\\\/secure.gravatar.com\\\/avatar\\\/b1bb79ecdfb8d6f4c44a82262f8b422faeb290304fc5c6f8b9b4305bfaa2853c?s=96&d=mm&r=g\",\"caption\":\"pingota\"},\"url\":\"https:\\\/\\\/semanasantaferrol.com\\\/gl\"}]}<\/script>\n<!-- \/ Yoast SEO plugin. -->","yoast_head_json":{"title":"Tradici\u00f3n e modernidade \u00fanense no cartel da Semana Santa de Ferrol 2024 - Junta General de Cofrad\u00edas y Hermandades","robots":{"index":"index","follow":"follow","max-snippet":"max-snippet:-1","max-image-preview":"max-image-preview:large","max-video-preview":"max-video-preview:-1"},"canonical":"https:\/\/semanasantaferrol.com\/gl\/tradicion-y-modernidad-se-unen-en-el-cartel-de-la-semana-santa-de-ferrol-2024\/","og_locale":"gl_ES","og_type":"article","og_title":"Tradici\u00f3n e modernidade \u00fanense no cartel da Semana Santa de Ferrol 2024 - Junta General de Cofrad\u00edas y Hermandades","og_description":"Tradici\u00f3n e modernidade \u00fanense, a trav\u00e9s dunha fotograf\u00eda de Jes\u00fas Romero Castro, no cartel promocional da Semana Santa de Ferrol 2024, que se desenvolver\u00e1 do 24 ao 31 de marzo. A instant\u00e1nea capta un momento da sa\u00edda da procesi\u00f3n da Caridade e o Silencio da capela das Angustias, na tarde do S\u00e1bado Santo, cun penitente [&hellip;]","og_url":"https:\/\/semanasantaferrol.com\/gl\/tradicion-y-modernidad-se-unen-en-el-cartel-de-la-semana-santa-de-ferrol-2024\/","og_site_name":"Junta General de Cofrad\u00edas y Hermandades","article_publisher":"https:\/\/www.facebook.com\/Juntageneraldecofradias\/","article_published_time":"2024-01-13T12:35:35+00:00","article_modified_time":"2024-01-13T12:37:44+00:00","og_image":[{"width":2560,"height":1928,"url":"https:\/\/semanasantaferrol.com\/wp-content\/uploads\/2024\/01\/IMG_20240113_122856-1-scaled.jpg","type":"image\/jpeg"}],"author":"pingota","twitter_card":"summary_large_image","twitter_misc":{"Escrito por":"pingota","Tempo de lectura":"3 minutos"},"schema":{"@context":"https:\/\/schema.org","@graph":[{"@type":"Article","@id":"https:\/\/semanasantaferrol.com\/gl\/tradicion-y-modernidad-se-unen-en-el-cartel-de-la-semana-santa-de-ferrol-2024\/#article","isPartOf":{"@id":"https:\/\/semanasantaferrol.com\/gl\/tradicion-y-modernidad-se-unen-en-el-cartel-de-la-semana-santa-de-ferrol-2024\/"},"author":{"name":"pingota","@id":"https:\/\/semanasantaferrol.com\/gl\/#\/schema\/person\/cdd132690f08f75a35f05e2423e6307c"},"headline":"Tradici\u00f3n e modernidade \u00fanense no cartel da Semana Santa de Ferrol 2024","datePublished":"2024-01-13T12:35:35+00:00","dateModified":"2024-01-13T12:37:44+00:00","mainEntityOfPage":{"@id":"https:\/\/semanasantaferrol.com\/gl\/tradicion-y-modernidad-se-unen-en-el-cartel-de-la-semana-santa-de-ferrol-2024\/"},"wordCount":685,"commentCount":0,"publisher":{"@id":"https:\/\/semanasantaferrol.com\/gl\/#organization"},"image":{"@id":"https:\/\/semanasantaferrol.com\/gl\/tradicion-y-modernidad-se-unen-en-el-cartel-de-la-semana-santa-de-ferrol-2024\/#primaryimage"},"thumbnailUrl":"https:\/\/semanasantaferrol.com\/wp-content\/uploads\/2024\/01\/IMG_20240113_122856-1-scaled.jpg","articleSection":["Xunta"],"inLanguage":"gl-ES","potentialAction":[{"@type":"CommentAction","name":"Comment","target":["https:\/\/semanasantaferrol.com\/gl\/tradicion-y-modernidad-se-unen-en-el-cartel-de-la-semana-santa-de-ferrol-2024\/#respond"]}]},{"@type":"WebPage","@id":"https:\/\/semanasantaferrol.com\/gl\/tradicion-y-modernidad-se-unen-en-el-cartel-de-la-semana-santa-de-ferrol-2024\/","url":"https:\/\/semanasantaferrol.com\/gl\/tradicion-y-modernidad-se-unen-en-el-cartel-de-la-semana-santa-de-ferrol-2024\/","name":"Tradici\u00f3n e modernidade \u00fanense no cartel da Semana Santa de Ferrol 2024 - Junta General de Cofrad\u00edas y Hermandades","isPartOf":{"@id":"https:\/\/semanasantaferrol.com\/gl\/#website"},"primaryImageOfPage":{"@id":"https:\/\/semanasantaferrol.com\/gl\/tradicion-y-modernidad-se-unen-en-el-cartel-de-la-semana-santa-de-ferrol-2024\/#primaryimage"},"image":{"@id":"https:\/\/semanasantaferrol.com\/gl\/tradicion-y-modernidad-se-unen-en-el-cartel-de-la-semana-santa-de-ferrol-2024\/#primaryimage"},"thumbnailUrl":"https:\/\/semanasantaferrol.com\/wp-content\/uploads\/2024\/01\/IMG_20240113_122856-1-scaled.jpg","datePublished":"2024-01-13T12:35:35+00:00","dateModified":"2024-01-13T12:37:44+00:00","breadcrumb":{"@id":"https:\/\/semanasantaferrol.com\/gl\/tradicion-y-modernidad-se-unen-en-el-cartel-de-la-semana-santa-de-ferrol-2024\/#breadcrumb"},"inLanguage":"gl-ES","potentialAction":[{"@type":"ReadAction","target":["https:\/\/semanasantaferrol.com\/gl\/tradicion-y-modernidad-se-unen-en-el-cartel-de-la-semana-santa-de-ferrol-2024\/"]}]},{"@type":"ImageObject","inLanguage":"gl-ES","@id":"https:\/\/semanasantaferrol.com\/gl\/tradicion-y-modernidad-se-unen-en-el-cartel-de-la-semana-santa-de-ferrol-2024\/#primaryimage","url":"https:\/\/semanasantaferrol.com\/wp-content\/uploads\/2024\/01\/IMG_20240113_122856-1-scaled.jpg","contentUrl":"https:\/\/semanasantaferrol.com\/wp-content\/uploads\/2024\/01\/IMG_20240113_122856-1-scaled.jpg","width":2560,"height":1928},{"@type":"BreadcrumbList","@id":"https:\/\/semanasantaferrol.com\/gl\/tradicion-y-modernidad-se-unen-en-el-cartel-de-la-semana-santa-de-ferrol-2024\/#breadcrumb","itemListElement":[{"@type":"ListItem","position":1,"name":"Portada","item":"https:\/\/semanasantaferrol.com\/gl\/"},{"@type":"ListItem","position":2,"name":"Tradici\u00f3n e modernidade \u00fanense no cartel da Semana Santa de Ferrol 2024"}]},{"@type":"WebSite","@id":"https:\/\/semanasantaferrol.com\/gl\/#website","url":"https:\/\/semanasantaferrol.com\/gl\/","name":"Junta General de Cofrad\u00edas y Hermandades","description":"Semana Santa de Ferrol","publisher":{"@id":"https:\/\/semanasantaferrol.com\/gl\/#organization"},"alternateName":"Semana Santa de Ferrol","potentialAction":[{"@type":"SearchAction","target":{"@type":"EntryPoint","urlTemplate":"https:\/\/semanasantaferrol.com\/gl\/?s={search_term_string}"},"query-input":{"@type":"PropertyValueSpecification","valueRequired":true,"valueName":"search_term_string"}}],"inLanguage":"gl-ES"},{"@type":"Organization","@id":"https:\/\/semanasantaferrol.com\/gl\/#organization","name":"Junta General de Cofrad\u00edas y Hermandades de la Semana Santa de Ferrol","alternateName":"Junta de Cofrad\u00edas de la Semana Santa de Ferrol","url":"https:\/\/semanasantaferrol.com\/gl\/","logo":{"@type":"ImageObject","inLanguage":"gl-ES","@id":"https:\/\/semanasantaferrol.com\/gl\/#\/schema\/logo\/image\/","url":"https:\/\/semanasantaferrol.com\/wp-content\/uploads\/2022\/10\/junta_general_logo.svg","contentUrl":"https:\/\/semanasantaferrol.com\/wp-content\/uploads\/2022\/10\/junta_general_logo.svg","width":600,"height":790,"caption":"Junta General de Cofrad\u00edas y Hermandades de la Semana Santa de Ferrol"},"image":{"@id":"https:\/\/semanasantaferrol.com\/gl\/#\/schema\/logo\/image\/"},"sameAs":["https:\/\/www.facebook.com\/Juntageneraldecofradias\/","https:\/\/www.instagram.com\/juntageneralcofradiasferrol\/","https:\/\/www.youtube.com\/@semanasantadeferrol1616","https:\/\/www.tiktok.com\/@semanasantadeferrol"]},{"@type":"Person","@id":"https:\/\/semanasantaferrol.com\/gl\/#\/schema\/person\/cdd132690f08f75a35f05e2423e6307c","name":"pingota","image":{"@type":"ImageObject","inLanguage":"gl-ES","@id":"https:\/\/secure.gravatar.com\/avatar\/b1bb79ecdfb8d6f4c44a82262f8b422faeb290304fc5c6f8b9b4305bfaa2853c?s=96&d=mm&r=g","url":"https:\/\/secure.gravatar.com\/avatar\/b1bb79ecdfb8d6f4c44a82262f8b422faeb290304fc5c6f8b9b4305bfaa2853c?s=96&d=mm&r=g","contentUrl":"https:\/\/secure.gravatar.com\/avatar\/b1bb79ecdfb8d6f4c44a82262f8b422faeb290304fc5c6f8b9b4305bfaa2853c?s=96&d=mm&r=g","caption":"pingota"},"url":"https:\/\/semanasantaferrol.com\/gl"}]}},"_links":{"self":[{"href":"https:\/\/semanasantaferrol.com\/gl\/wp-json\/wp\/v2\/posts\/7185","targetHints":{"allow":["GET"]}}],"collection":[{"href":"https:\/\/semanasantaferrol.com\/gl\/wp-json\/wp\/v2\/posts"}],"about":[{"href":"https:\/\/semanasantaferrol.com\/gl\/wp-json\/wp\/v2\/types\/post"}],"author":[{"embeddable":true,"href":"https:\/\/semanasantaferrol.com\/gl\/wp-json\/wp\/v2\/users\/3"}],"replies":[{"embeddable":true,"href":"https:\/\/semanasantaferrol.com\/gl\/wp-json\/wp\/v2\/comments?post=7185"}],"version-history":[{"count":1,"href":"https:\/\/semanasantaferrol.com\/gl\/wp-json\/wp\/v2\/posts\/7185\/revisions"}],"predecessor-version":[{"id":7186,"href":"https:\/\/semanasantaferrol.com\/gl\/wp-json\/wp\/v2\/posts\/7185\/revisions\/7186"}],"wp:featuredmedia":[{"embeddable":true,"href":"https:\/\/semanasantaferrol.com\/gl\/wp-json\/wp\/v2\/media\/7183"}],"wp:attachment":[{"href":"https:\/\/semanasantaferrol.com\/gl\/wp-json\/wp\/v2\/media?parent=7185"}],"wp:term":[{"taxonomy":"category","embeddable":true,"href":"https:\/\/semanasantaferrol.com\/gl\/wp-json\/wp\/v2\/categories?post=7185"},{"taxonomy":"post_tag","embeddable":true,"href":"https:\/\/semanasantaferrol.com\/gl\/wp-json\/wp\/v2\/tags?post=7185"}],"curies":[{"name":"wp","href":"https:\/\/api.w.org\/{rel}","templated":true}]}}