{"id":7148,"date":"2024-01-10T10:05:51","date_gmt":"2024-01-10T10:05:51","guid":{"rendered":"https:\/\/semanasantaferrol.com\/?p=7148"},"modified":"2024-01-10T10:07:37","modified_gmt":"2024-01-10T10:07:37","slug":"presentacion-do-cartel-da-semana-santa-de-ferrol-2024","status":"publish","type":"post","link":"https:\/\/semanasantaferrol.com\/gl\/presentacion-do-cartel-da-semana-santa-de-ferrol-2024\/","title":{"rendered":"Presentaci\u00f3n do cartel da Semana Santa de Ferrol 2024"},"content":{"rendered":"<p>A Xunta Xeral de Confrar\u00edas e Irmandades da Semana Santa de Ferrol presentar\u00e1 o cartel de 2024 este s\u00e1bado, 13 de xaneiro, nun acto que ter\u00e1 lugar no Casino Ferrol\u00e1n. Nesta ocasi\u00f3n, a Confrar\u00eda das Angustias \u00e9 a protagonista a trav\u00e9s dunha fotograf\u00eda de Jes\u00fas Romero que capta un momento da sa\u00edda da procesi\u00f3n da Caridade e o Silencio, o S\u00e1bado Santo, desde o santuario de Esteiro.<\/p>\n<p>Cumpre un ano m\u00e1is a Xunta de Confrar\u00edas o seu compromiso de presentar o cartel na cidade antes de levalo a Fitur, a feira internacional de turismo que se vai desenvolver do 24 ao 28 de xaneiro en Madrid. No mesmo acto darase a co\u00f1ecer o novo logo da Semana Santa Ferrol\u00e1.<\/p>\n<p>A presentaci\u00f3n contar\u00e1, como \u00e9 habitual nos actos da Xunta de Confrar\u00edas, con int\u00e9rprete de lingua de signos. Ademais, inauguraranse con este evento as retransmisi\u00f3ns en directo deste ano, que unha vez m\u00e1is cubrir\u00e1n a trav\u00e9s da canle de Youtube as citas previas m\u00e1is importantes e tam\u00e9n as procesi\u00f3ns, que se desenvolver\u00e1n do 24 ao 31 de marzo.<\/p>\n<p>O link para seguir a retransmisi\u00f3n \u00e9 o seguinte: <a href=\"https:\/\/www.youtube.com\/watch?v=qDGeQO0d1Cc\">https:\/\/www.youtube.com\/watch?v=qDGeQO0d1Cc<\/a><\/p>\n","protected":false},"excerpt":{"rendered":"<p>A Xunta Xeral de Confrar\u00edas e Irmandades da Semana Santa de Ferrol presentar\u00e1 o cartel de 2024 este s\u00e1bado, 13 de xaneiro, nun acto que ter\u00e1 lugar no Casino Ferrol\u00e1n. Nesta ocasi\u00f3n, a Confrar\u00eda das Angustias \u00e9 a protagonista a trav\u00e9s dunha fotograf\u00eda de Jes\u00fas Romero que capta un momento da sa\u00edda da procesi\u00f3n da [&hellip;]<\/p>\n","protected":false},"author":3,"featured_media":7145,"comment_status":"open","ping_status":"open","sticky":false,"template":"","format":"standard","meta":{"footnotes":""},"categories":[39],"tags":[],"class_list":["post-7148","post","type-post","status-publish","format-standard","has-post-thumbnail","hentry","category-xunta"],"yoast_head":"<!-- This site is optimized with the Yoast SEO plugin v27.5 - https:\/\/yoast.com\/product\/yoast-seo-wordpress\/ -->\n<title>Presentaci\u00f3n do cartel da Semana Santa de Ferrol 2024 - Junta General de Cofrad\u00edas y Hermandades<\/title>\n<meta name=\"robots\" content=\"index, follow, max-snippet:-1, max-image-preview:large, max-video-preview:-1\" \/>\n<link rel=\"canonical\" href=\"https:\/\/semanasantaferrol.com\/gl\/presentacion-do-cartel-da-semana-santa-de-ferrol-2024\/\" \/>\n<meta property=\"og:locale\" content=\"gl_ES\" \/>\n<meta property=\"og:type\" content=\"article\" \/>\n<meta property=\"og:title\" content=\"Presentaci\u00f3n do cartel da Semana Santa de Ferrol 2024 - Junta General de Cofrad\u00edas y Hermandades\" \/>\n<meta property=\"og:description\" content=\"A Xunta Xeral de Confrar\u00edas e Irmandades da Semana Santa de Ferrol presentar\u00e1 o cartel de 2024 este s\u00e1bado, 13 de xaneiro, nun acto que ter\u00e1 lugar no Casino Ferrol\u00e1n. Nesta ocasi\u00f3n, a Confrar\u00eda das Angustias \u00e9 a protagonista a trav\u00e9s dunha fotograf\u00eda de Jes\u00fas Romero que capta un momento da sa\u00edda da procesi\u00f3n da [&hellip;]\" \/>\n<meta property=\"og:url\" content=\"https:\/\/semanasantaferrol.com\/gl\/presentacion-do-cartel-da-semana-santa-de-ferrol-2024\/\" \/>\n<meta property=\"og:site_name\" content=\"Junta General de Cofrad\u00edas y Hermandades\" \/>\n<meta property=\"article:publisher\" content=\"https:\/\/www.facebook.com\/Juntageneraldecofradias\/\" \/>\n<meta property=\"article:published_time\" content=\"2024-01-10T10:05:51+00:00\" \/>\n<meta property=\"article:modified_time\" content=\"2024-01-10T10:07:37+00:00\" \/>\n<meta property=\"og:image\" content=\"https:\/\/semanasantaferrol.com\/wp-content\/uploads\/2024\/01\/cartel2024-scaled-e1704881137617.jpg\" \/>\n\t<meta property=\"og:image:width\" content=\"2560\" \/>\n\t<meta property=\"og:image:height\" content=\"1707\" \/>\n\t<meta property=\"og:image:type\" content=\"image\/jpeg\" \/>\n<meta name=\"author\" content=\"pingota\" \/>\n<meta name=\"twitter:card\" content=\"summary_large_image\" \/>\n<meta name=\"twitter:label1\" content=\"Escrito por\" \/>\n\t<meta name=\"twitter:data1\" content=\"pingota\" \/>\n\t<meta name=\"twitter:label2\" content=\"Tempo de lectura\" \/>\n\t<meta name=\"twitter:data2\" content=\"1 minuto\" \/>\n<script type=\"application\/ld+json\" class=\"yoast-schema-graph\">{\"@context\":\"https:\\\/\\\/schema.org\",\"@graph\":[{\"@type\":\"Article\",\"@id\":\"https:\\\/\\\/semanasantaferrol.com\\\/gl\\\/presentacion-do-cartel-da-semana-santa-de-ferrol-2024\\\/#article\",\"isPartOf\":{\"@id\":\"https:\\\/\\\/semanasantaferrol.com\\\/gl\\\/presentacion-do-cartel-da-semana-santa-de-ferrol-2024\\\/\"},\"author\":{\"name\":\"pingota\",\"@id\":\"https:\\\/\\\/semanasantaferrol.com\\\/gl\\\/#\\\/schema\\\/person\\\/cdd132690f08f75a35f05e2423e6307c\"},\"headline\":\"Presentaci\u00f3n do cartel da Semana Santa de Ferrol 2024\",\"datePublished\":\"2024-01-10T10:05:51+00:00\",\"dateModified\":\"2024-01-10T10:07:37+00:00\",\"mainEntityOfPage\":{\"@id\":\"https:\\\/\\\/semanasantaferrol.com\\\/gl\\\/presentacion-do-cartel-da-semana-santa-de-ferrol-2024\\\/\"},\"wordCount\":221,\"commentCount\":0,\"publisher\":{\"@id\":\"https:\\\/\\\/semanasantaferrol.com\\\/gl\\\/#organization\"},\"image\":{\"@id\":\"https:\\\/\\\/semanasantaferrol.com\\\/gl\\\/presentacion-do-cartel-da-semana-santa-de-ferrol-2024\\\/#primaryimage\"},\"thumbnailUrl\":\"https:\\\/\\\/semanasantaferrol.com\\\/wp-content\\\/uploads\\\/2024\\\/01\\\/cartel2024-scaled-e1704881137617.jpg\",\"articleSection\":[\"Xunta\"],\"inLanguage\":\"gl-ES\",\"potentialAction\":[{\"@type\":\"CommentAction\",\"name\":\"Comment\",\"target\":[\"https:\\\/\\\/semanasantaferrol.com\\\/gl\\\/presentacion-do-cartel-da-semana-santa-de-ferrol-2024\\\/#respond\"]}]},{\"@type\":\"WebPage\",\"@id\":\"https:\\\/\\\/semanasantaferrol.com\\\/gl\\\/presentacion-do-cartel-da-semana-santa-de-ferrol-2024\\\/\",\"url\":\"https:\\\/\\\/semanasantaferrol.com\\\/gl\\\/presentacion-do-cartel-da-semana-santa-de-ferrol-2024\\\/\",\"name\":\"Presentaci\u00f3n do cartel da Semana Santa de Ferrol 2024 - Junta General de Cofrad\u00edas y Hermandades\",\"isPartOf\":{\"@id\":\"https:\\\/\\\/semanasantaferrol.com\\\/gl\\\/#website\"},\"primaryImageOfPage\":{\"@id\":\"https:\\\/\\\/semanasantaferrol.com\\\/gl\\\/presentacion-do-cartel-da-semana-santa-de-ferrol-2024\\\/#primaryimage\"},\"image\":{\"@id\":\"https:\\\/\\\/semanasantaferrol.com\\\/gl\\\/presentacion-do-cartel-da-semana-santa-de-ferrol-2024\\\/#primaryimage\"},\"thumbnailUrl\":\"https:\\\/\\\/semanasantaferrol.com\\\/wp-content\\\/uploads\\\/2024\\\/01\\\/cartel2024-scaled-e1704881137617.jpg\",\"datePublished\":\"2024-01-10T10:05:51+00:00\",\"dateModified\":\"2024-01-10T10:07:37+00:00\",\"breadcrumb\":{\"@id\":\"https:\\\/\\\/semanasantaferrol.com\\\/gl\\\/presentacion-do-cartel-da-semana-santa-de-ferrol-2024\\\/#breadcrumb\"},\"inLanguage\":\"gl-ES\",\"potentialAction\":[{\"@type\":\"ReadAction\",\"target\":[\"https:\\\/\\\/semanasantaferrol.com\\\/gl\\\/presentacion-do-cartel-da-semana-santa-de-ferrol-2024\\\/\"]}]},{\"@type\":\"ImageObject\",\"inLanguage\":\"gl-ES\",\"@id\":\"https:\\\/\\\/semanasantaferrol.com\\\/gl\\\/presentacion-do-cartel-da-semana-santa-de-ferrol-2024\\\/#primaryimage\",\"url\":\"https:\\\/\\\/semanasantaferrol.com\\\/wp-content\\\/uploads\\\/2024\\\/01\\\/cartel2024-scaled-e1704881137617.jpg\",\"contentUrl\":\"https:\\\/\\\/semanasantaferrol.com\\\/wp-content\\\/uploads\\\/2024\\\/01\\\/cartel2024-scaled-e1704881137617.jpg\",\"width\":2560,\"height\":1707,\"caption\":\"presentaci\u00f3n cartel\"},{\"@type\":\"BreadcrumbList\",\"@id\":\"https:\\\/\\\/semanasantaferrol.com\\\/gl\\\/presentacion-do-cartel-da-semana-santa-de-ferrol-2024\\\/#breadcrumb\",\"itemListElement\":[{\"@type\":\"ListItem\",\"position\":1,\"name\":\"Portada\",\"item\":\"https:\\\/\\\/semanasantaferrol.com\\\/gl\\\/\"},{\"@type\":\"ListItem\",\"position\":2,\"name\":\"Presentaci\u00f3n do cartel da Semana Santa de Ferrol 2024\"}]},{\"@type\":\"WebSite\",\"@id\":\"https:\\\/\\\/semanasantaferrol.com\\\/gl\\\/#website\",\"url\":\"https:\\\/\\\/semanasantaferrol.com\\\/gl\\\/\",\"name\":\"Junta General de Cofrad\u00edas y Hermandades\",\"description\":\"Semana Santa de Ferrol\",\"publisher\":{\"@id\":\"https:\\\/\\\/semanasantaferrol.com\\\/gl\\\/#organization\"},\"alternateName\":\"Semana Santa de Ferrol\",\"potentialAction\":[{\"@type\":\"SearchAction\",\"target\":{\"@type\":\"EntryPoint\",\"urlTemplate\":\"https:\\\/\\\/semanasantaferrol.com\\\/gl\\\/?s={search_term_string}\"},\"query-input\":{\"@type\":\"PropertyValueSpecification\",\"valueRequired\":true,\"valueName\":\"search_term_string\"}}],\"inLanguage\":\"gl-ES\"},{\"@type\":\"Organization\",\"@id\":\"https:\\\/\\\/semanasantaferrol.com\\\/gl\\\/#organization\",\"name\":\"Junta General de Cofrad\u00edas y Hermandades de la Semana Santa de Ferrol\",\"alternateName\":\"Junta de Cofrad\u00edas de la Semana Santa de Ferrol\",\"url\":\"https:\\\/\\\/semanasantaferrol.com\\\/gl\\\/\",\"logo\":{\"@type\":\"ImageObject\",\"inLanguage\":\"gl-ES\",\"@id\":\"https:\\\/\\\/semanasantaferrol.com\\\/gl\\\/#\\\/schema\\\/logo\\\/image\\\/\",\"url\":\"https:\\\/\\\/semanasantaferrol.com\\\/wp-content\\\/uploads\\\/2022\\\/10\\\/junta_general_logo.svg\",\"contentUrl\":\"https:\\\/\\\/semanasantaferrol.com\\\/wp-content\\\/uploads\\\/2022\\\/10\\\/junta_general_logo.svg\",\"width\":600,\"height\":790,\"caption\":\"Junta General de Cofrad\u00edas y Hermandades de la Semana Santa de Ferrol\"},\"image\":{\"@id\":\"https:\\\/\\\/semanasantaferrol.com\\\/gl\\\/#\\\/schema\\\/logo\\\/image\\\/\"},\"sameAs\":[\"https:\\\/\\\/www.facebook.com\\\/Juntageneraldecofradias\\\/\",\"https:\\\/\\\/www.instagram.com\\\/juntageneralcofradiasferrol\\\/\",\"https:\\\/\\\/www.youtube.com\\\/@semanasantadeferrol1616\",\"https:\\\/\\\/www.tiktok.com\\\/@semanasantadeferrol\"]},{\"@type\":\"Person\",\"@id\":\"https:\\\/\\\/semanasantaferrol.com\\\/gl\\\/#\\\/schema\\\/person\\\/cdd132690f08f75a35f05e2423e6307c\",\"name\":\"pingota\",\"image\":{\"@type\":\"ImageObject\",\"inLanguage\":\"gl-ES\",\"@id\":\"https:\\\/\\\/secure.gravatar.com\\\/avatar\\\/b1bb79ecdfb8d6f4c44a82262f8b422faeb290304fc5c6f8b9b4305bfaa2853c?s=96&d=mm&r=g\",\"url\":\"https:\\\/\\\/secure.gravatar.com\\\/avatar\\\/b1bb79ecdfb8d6f4c44a82262f8b422faeb290304fc5c6f8b9b4305bfaa2853c?s=96&d=mm&r=g\",\"contentUrl\":\"https:\\\/\\\/secure.gravatar.com\\\/avatar\\\/b1bb79ecdfb8d6f4c44a82262f8b422faeb290304fc5c6f8b9b4305bfaa2853c?s=96&d=mm&r=g\",\"caption\":\"pingota\"},\"url\":\"https:\\\/\\\/semanasantaferrol.com\\\/gl\"}]}<\/script>\n<!-- \/ Yoast SEO plugin. -->","yoast_head_json":{"title":"Presentaci\u00f3n do cartel da Semana Santa de Ferrol 2024 - Junta General de Cofrad\u00edas y Hermandades","robots":{"index":"index","follow":"follow","max-snippet":"max-snippet:-1","max-image-preview":"max-image-preview:large","max-video-preview":"max-video-preview:-1"},"canonical":"https:\/\/semanasantaferrol.com\/gl\/presentacion-do-cartel-da-semana-santa-de-ferrol-2024\/","og_locale":"gl_ES","og_type":"article","og_title":"Presentaci\u00f3n do cartel da Semana Santa de Ferrol 2024 - Junta General de Cofrad\u00edas y Hermandades","og_description":"A Xunta Xeral de Confrar\u00edas e Irmandades da Semana Santa de Ferrol presentar\u00e1 o cartel de 2024 este s\u00e1bado, 13 de xaneiro, nun acto que ter\u00e1 lugar no Casino Ferrol\u00e1n. Nesta ocasi\u00f3n, a Confrar\u00eda das Angustias \u00e9 a protagonista a trav\u00e9s dunha fotograf\u00eda de Jes\u00fas Romero que capta un momento da sa\u00edda da procesi\u00f3n da [&hellip;]","og_url":"https:\/\/semanasantaferrol.com\/gl\/presentacion-do-cartel-da-semana-santa-de-ferrol-2024\/","og_site_name":"Junta General de Cofrad\u00edas y Hermandades","article_publisher":"https:\/\/www.facebook.com\/Juntageneraldecofradias\/","article_published_time":"2024-01-10T10:05:51+00:00","article_modified_time":"2024-01-10T10:07:37+00:00","og_image":[{"width":2560,"height":1707,"url":"https:\/\/semanasantaferrol.com\/wp-content\/uploads\/2024\/01\/cartel2024-scaled-e1704881137617.jpg","type":"image\/jpeg"}],"author":"pingota","twitter_card":"summary_large_image","twitter_misc":{"Escrito por":"pingota","Tempo de lectura":"1 minuto"},"schema":{"@context":"https:\/\/schema.org","@graph":[{"@type":"Article","@id":"https:\/\/semanasantaferrol.com\/gl\/presentacion-do-cartel-da-semana-santa-de-ferrol-2024\/#article","isPartOf":{"@id":"https:\/\/semanasantaferrol.com\/gl\/presentacion-do-cartel-da-semana-santa-de-ferrol-2024\/"},"author":{"name":"pingota","@id":"https:\/\/semanasantaferrol.com\/gl\/#\/schema\/person\/cdd132690f08f75a35f05e2423e6307c"},"headline":"Presentaci\u00f3n do cartel da Semana Santa de Ferrol 2024","datePublished":"2024-01-10T10:05:51+00:00","dateModified":"2024-01-10T10:07:37+00:00","mainEntityOfPage":{"@id":"https:\/\/semanasantaferrol.com\/gl\/presentacion-do-cartel-da-semana-santa-de-ferrol-2024\/"},"wordCount":221,"commentCount":0,"publisher":{"@id":"https:\/\/semanasantaferrol.com\/gl\/#organization"},"image":{"@id":"https:\/\/semanasantaferrol.com\/gl\/presentacion-do-cartel-da-semana-santa-de-ferrol-2024\/#primaryimage"},"thumbnailUrl":"https:\/\/semanasantaferrol.com\/wp-content\/uploads\/2024\/01\/cartel2024-scaled-e1704881137617.jpg","articleSection":["Xunta"],"inLanguage":"gl-ES","potentialAction":[{"@type":"CommentAction","name":"Comment","target":["https:\/\/semanasantaferrol.com\/gl\/presentacion-do-cartel-da-semana-santa-de-ferrol-2024\/#respond"]}]},{"@type":"WebPage","@id":"https:\/\/semanasantaferrol.com\/gl\/presentacion-do-cartel-da-semana-santa-de-ferrol-2024\/","url":"https:\/\/semanasantaferrol.com\/gl\/presentacion-do-cartel-da-semana-santa-de-ferrol-2024\/","name":"Presentaci\u00f3n do cartel da Semana Santa de Ferrol 2024 - Junta General de Cofrad\u00edas y Hermandades","isPartOf":{"@id":"https:\/\/semanasantaferrol.com\/gl\/#website"},"primaryImageOfPage":{"@id":"https:\/\/semanasantaferrol.com\/gl\/presentacion-do-cartel-da-semana-santa-de-ferrol-2024\/#primaryimage"},"image":{"@id":"https:\/\/semanasantaferrol.com\/gl\/presentacion-do-cartel-da-semana-santa-de-ferrol-2024\/#primaryimage"},"thumbnailUrl":"https:\/\/semanasantaferrol.com\/wp-content\/uploads\/2024\/01\/cartel2024-scaled-e1704881137617.jpg","datePublished":"2024-01-10T10:05:51+00:00","dateModified":"2024-01-10T10:07:37+00:00","breadcrumb":{"@id":"https:\/\/semanasantaferrol.com\/gl\/presentacion-do-cartel-da-semana-santa-de-ferrol-2024\/#breadcrumb"},"inLanguage":"gl-ES","potentialAction":[{"@type":"ReadAction","target":["https:\/\/semanasantaferrol.com\/gl\/presentacion-do-cartel-da-semana-santa-de-ferrol-2024\/"]}]},{"@type":"ImageObject","inLanguage":"gl-ES","@id":"https:\/\/semanasantaferrol.com\/gl\/presentacion-do-cartel-da-semana-santa-de-ferrol-2024\/#primaryimage","url":"https:\/\/semanasantaferrol.com\/wp-content\/uploads\/2024\/01\/cartel2024-scaled-e1704881137617.jpg","contentUrl":"https:\/\/semanasantaferrol.com\/wp-content\/uploads\/2024\/01\/cartel2024-scaled-e1704881137617.jpg","width":2560,"height":1707,"caption":"presentaci\u00f3n cartel"},{"@type":"BreadcrumbList","@id":"https:\/\/semanasantaferrol.com\/gl\/presentacion-do-cartel-da-semana-santa-de-ferrol-2024\/#breadcrumb","itemListElement":[{"@type":"ListItem","position":1,"name":"Portada","item":"https:\/\/semanasantaferrol.com\/gl\/"},{"@type":"ListItem","position":2,"name":"Presentaci\u00f3n do cartel da Semana Santa de Ferrol 2024"}]},{"@type":"WebSite","@id":"https:\/\/semanasantaferrol.com\/gl\/#website","url":"https:\/\/semanasantaferrol.com\/gl\/","name":"Junta General de Cofrad\u00edas y Hermandades","description":"Semana Santa de Ferrol","publisher":{"@id":"https:\/\/semanasantaferrol.com\/gl\/#organization"},"alternateName":"Semana Santa de Ferrol","potentialAction":[{"@type":"SearchAction","target":{"@type":"EntryPoint","urlTemplate":"https:\/\/semanasantaferrol.com\/gl\/?s={search_term_string}"},"query-input":{"@type":"PropertyValueSpecification","valueRequired":true,"valueName":"search_term_string"}}],"inLanguage":"gl-ES"},{"@type":"Organization","@id":"https:\/\/semanasantaferrol.com\/gl\/#organization","name":"Junta General de Cofrad\u00edas y Hermandades de la Semana Santa de Ferrol","alternateName":"Junta de Cofrad\u00edas de la Semana Santa de Ferrol","url":"https:\/\/semanasantaferrol.com\/gl\/","logo":{"@type":"ImageObject","inLanguage":"gl-ES","@id":"https:\/\/semanasantaferrol.com\/gl\/#\/schema\/logo\/image\/","url":"https:\/\/semanasantaferrol.com\/wp-content\/uploads\/2022\/10\/junta_general_logo.svg","contentUrl":"https:\/\/semanasantaferrol.com\/wp-content\/uploads\/2022\/10\/junta_general_logo.svg","width":600,"height":790,"caption":"Junta General de Cofrad\u00edas y Hermandades de la Semana Santa de Ferrol"},"image":{"@id":"https:\/\/semanasantaferrol.com\/gl\/#\/schema\/logo\/image\/"},"sameAs":["https:\/\/www.facebook.com\/Juntageneraldecofradias\/","https:\/\/www.instagram.com\/juntageneralcofradiasferrol\/","https:\/\/www.youtube.com\/@semanasantadeferrol1616","https:\/\/www.tiktok.com\/@semanasantadeferrol"]},{"@type":"Person","@id":"https:\/\/semanasantaferrol.com\/gl\/#\/schema\/person\/cdd132690f08f75a35f05e2423e6307c","name":"pingota","image":{"@type":"ImageObject","inLanguage":"gl-ES","@id":"https:\/\/secure.gravatar.com\/avatar\/b1bb79ecdfb8d6f4c44a82262f8b422faeb290304fc5c6f8b9b4305bfaa2853c?s=96&d=mm&r=g","url":"https:\/\/secure.gravatar.com\/avatar\/b1bb79ecdfb8d6f4c44a82262f8b422faeb290304fc5c6f8b9b4305bfaa2853c?s=96&d=mm&r=g","contentUrl":"https:\/\/secure.gravatar.com\/avatar\/b1bb79ecdfb8d6f4c44a82262f8b422faeb290304fc5c6f8b9b4305bfaa2853c?s=96&d=mm&r=g","caption":"pingota"},"url":"https:\/\/semanasantaferrol.com\/gl"}]}},"_links":{"self":[{"href":"https:\/\/semanasantaferrol.com\/gl\/wp-json\/wp\/v2\/posts\/7148","targetHints":{"allow":["GET"]}}],"collection":[{"href":"https:\/\/semanasantaferrol.com\/gl\/wp-json\/wp\/v2\/posts"}],"about":[{"href":"https:\/\/semanasantaferrol.com\/gl\/wp-json\/wp\/v2\/types\/post"}],"author":[{"embeddable":true,"href":"https:\/\/semanasantaferrol.com\/gl\/wp-json\/wp\/v2\/users\/3"}],"replies":[{"embeddable":true,"href":"https:\/\/semanasantaferrol.com\/gl\/wp-json\/wp\/v2\/comments?post=7148"}],"version-history":[{"count":1,"href":"https:\/\/semanasantaferrol.com\/gl\/wp-json\/wp\/v2\/posts\/7148\/revisions"}],"predecessor-version":[{"id":7149,"href":"https:\/\/semanasantaferrol.com\/gl\/wp-json\/wp\/v2\/posts\/7148\/revisions\/7149"}],"wp:featuredmedia":[{"embeddable":true,"href":"https:\/\/semanasantaferrol.com\/gl\/wp-json\/wp\/v2\/media\/7145"}],"wp:attachment":[{"href":"https:\/\/semanasantaferrol.com\/gl\/wp-json\/wp\/v2\/media?parent=7148"}],"wp:term":[{"taxonomy":"category","embeddable":true,"href":"https:\/\/semanasantaferrol.com\/gl\/wp-json\/wp\/v2\/categories?post=7148"},{"taxonomy":"post_tag","embeddable":true,"href":"https:\/\/semanasantaferrol.com\/gl\/wp-json\/wp\/v2\/tags?post=7148"}],"curies":[{"name":"wp","href":"https:\/\/api.w.org\/{rel}","templated":true}]}}