{"id":6696,"date":"2023-11-30T08:36:20","date_gmt":"2023-11-30T08:36:20","guid":{"rendered":"https:\/\/semanasantaferrol.com\/la-agrupacion-virgen-del-carmen-actuara-con-anoranzas-este-sabado-en-el-concierto-de-santa-cecilia\/"},"modified":"2023-11-30T08:50:01","modified_gmt":"2023-11-30T08:50:01","slug":"la-agrupacion-virgen-del-carmen-actuara-con-anoranzas-este-sabado-en-el-concierto-de-santa-cecilia","status":"publish","type":"post","link":"https:\/\/semanasantaferrol.com\/gl\/la-agrupacion-virgen-del-carmen-actuara-con-anoranzas-este-sabado-en-el-concierto-de-santa-cecilia\/","title":{"rendered":"A agrupaci\u00f3n Virxe do Carme actuar\u00e1 con A\u00f1oranzas este s\u00e1bado, no seu concerto de Santa Ic\u00eda"},"content":{"rendered":"<p>A Agrupaci\u00f3n Musical Virxe do Carmen de Ferrol organiza un concerto este s\u00e1bado, 2 de decembro, un concerto en honra da patroa da m\u00fasica Santa Cecilia. Ser\u00e1 na igrexa do Carmen, \u00e1s 17,30h, e ademais da formaci\u00f3n promotora do evento actuar\u00e1 a rondalla A\u00f1oranzas. <\/p>\n<p>A formaci\u00f3n estar\u00e1 dirixida por Eusebio L\u00f3pez, militar m\u00fasico de carreira que se encarga da direcci\u00f3n musical desde o pasado mes de outubro. No acto est\u00e1 previsto que tome a palabra uno dos compo\u00f1entes da AM Virxe do Carmen, Rub\u00e9n Sanmart\u00edn L\u00f3pez. <\/p>\n<p>O repertorio que interpretar\u00e1n os &#8220;mari\u00f1eiros da fe&#8221; \u00e9 o seguinte:<\/p>\n<p>-A Salve<br \/>\n-Virxe das Angustias<br \/>\n-Coraz\u00f3n de San Xo\u00e1n<br \/>\n-Cinco chagas<br \/>\n-Presentado a Sevilla<br \/>\n-A Saeta<\/p>\n<p>&nbsp;<\/p>\n<p>A Rondalla A\u00f1oranzas interpretar\u00e1:<\/p>\n<p>-Entre laranxeiras floridas<br \/>\n-Vento do Norte<br \/>\n-Ata onde te quero<br \/>\n-Ferrol da Alma<br \/>\nE ambas as d\u00faas formaci\u00f3ns interpretar\u00e1n conxuntamente:<br \/>\n-A Salve Mari\u00f1eira<\/p>\n<p>&nbsp;<\/p>\n<p>&nbsp;<\/p>\n<p>&nbsp;<\/p>\n","protected":false},"excerpt":{"rendered":"<p>A Agrupaci\u00f3n Musical Virxe do Carmen de Ferrol organiza un concerto este s\u00e1bado, 2 de decembro, un concerto en honra da patroa da m\u00fasica Santa Cecilia. Ser\u00e1 na igrexa do Carmen, \u00e1s 17,30h, e ademais da formaci\u00f3n promotora do evento actuar\u00e1 a rondalla A\u00f1oranzas. A formaci\u00f3n estar\u00e1 dirixida por Eusebio L\u00f3pez, militar m\u00fasico de carreira [&hellip;]<\/p>\n","protected":false},"author":3,"featured_media":6695,"comment_status":"open","ping_status":"open","sticky":false,"template":"","format":"standard","meta":{"footnotes":""},"categories":[33],"tags":[],"class_list":["post-6696","post","type-post","status-publish","format-standard","has-post-thumbnail","hentry","category-bandas-e-agrupacions"],"yoast_head":"<!-- This site is optimized with the Yoast SEO plugin v27.5 - https:\/\/yoast.com\/product\/yoast-seo-wordpress\/ -->\n<title>A agrupaci\u00f3n Virxe do Carme actuar\u00e1 con A\u00f1oranzas este s\u00e1bado, no seu concerto de Santa Ic\u00eda - Junta General de Cofrad\u00edas y Hermandades<\/title>\n<meta name=\"robots\" content=\"index, follow, max-snippet:-1, max-image-preview:large, max-video-preview:-1\" \/>\n<link rel=\"canonical\" href=\"https:\/\/semanasantaferrol.com\/gl\/la-agrupacion-virgen-del-carmen-actuara-con-anoranzas-este-sabado-en-el-concierto-de-santa-cecilia\/\" \/>\n<meta property=\"og:locale\" content=\"gl_ES\" \/>\n<meta property=\"og:type\" content=\"article\" \/>\n<meta property=\"og:title\" content=\"A agrupaci\u00f3n Virxe do Carme actuar\u00e1 con A\u00f1oranzas este s\u00e1bado, no seu concerto de Santa Ic\u00eda - Junta General de Cofrad\u00edas y Hermandades\" \/>\n<meta property=\"og:description\" content=\"A Agrupaci\u00f3n Musical Virxe do Carmen de Ferrol organiza un concerto este s\u00e1bado, 2 de decembro, un concerto en honra da patroa da m\u00fasica Santa Cecilia. Ser\u00e1 na igrexa do Carmen, \u00e1s 17,30h, e ademais da formaci\u00f3n promotora do evento actuar\u00e1 a rondalla A\u00f1oranzas. A formaci\u00f3n estar\u00e1 dirixida por Eusebio L\u00f3pez, militar m\u00fasico de carreira [&hellip;]\" \/>\n<meta property=\"og:url\" content=\"https:\/\/semanasantaferrol.com\/gl\/la-agrupacion-virgen-del-carmen-actuara-con-anoranzas-este-sabado-en-el-concierto-de-santa-cecilia\/\" \/>\n<meta property=\"og:site_name\" content=\"Junta General de Cofrad\u00edas y Hermandades\" \/>\n<meta property=\"article:publisher\" content=\"https:\/\/www.facebook.com\/Juntageneraldecofradias\/\" \/>\n<meta property=\"article:published_time\" content=\"2023-11-30T08:36:20+00:00\" \/>\n<meta property=\"article:modified_time\" content=\"2023-11-30T08:50:01+00:00\" \/>\n<meta property=\"og:image\" content=\"https:\/\/semanasantaferrol.com\/wp-content\/uploads\/2023\/11\/Sin-titulo-300-x-225-px-3000-x-2250-px-1024x768.png\" \/>\n\t<meta property=\"og:image:width\" content=\"1024\" \/>\n\t<meta property=\"og:image:height\" content=\"768\" \/>\n\t<meta property=\"og:image:type\" content=\"image\/png\" \/>\n<meta name=\"author\" content=\"pingota\" \/>\n<meta name=\"twitter:card\" content=\"summary_large_image\" \/>\n<meta name=\"twitter:label1\" content=\"Escrito por\" \/>\n\t<meta name=\"twitter:data1\" content=\"pingota\" \/>\n\t<meta name=\"twitter:label2\" content=\"Tempo de lectura\" \/>\n\t<meta name=\"twitter:data2\" content=\"1 minuto\" \/>\n<script type=\"application\/ld+json\" class=\"yoast-schema-graph\">{\"@context\":\"https:\\\/\\\/schema.org\",\"@graph\":[{\"@type\":\"Article\",\"@id\":\"https:\\\/\\\/semanasantaferrol.com\\\/gl\\\/la-agrupacion-virgen-del-carmen-actuara-con-anoranzas-este-sabado-en-el-concierto-de-santa-cecilia\\\/#article\",\"isPartOf\":{\"@id\":\"https:\\\/\\\/semanasantaferrol.com\\\/gl\\\/la-agrupacion-virgen-del-carmen-actuara-con-anoranzas-este-sabado-en-el-concierto-de-santa-cecilia\\\/\"},\"author\":{\"name\":\"pingota\",\"@id\":\"https:\\\/\\\/semanasantaferrol.com\\\/gl\\\/#\\\/schema\\\/person\\\/cdd132690f08f75a35f05e2423e6307c\"},\"headline\":\"A agrupaci\u00f3n Virxe do Carme actuar\u00e1 con A\u00f1oranzas este s\u00e1bado, no seu concerto de Santa Ic\u00eda\",\"datePublished\":\"2023-11-30T08:36:20+00:00\",\"dateModified\":\"2023-11-30T08:50:01+00:00\",\"mainEntityOfPage\":{\"@id\":\"https:\\\/\\\/semanasantaferrol.com\\\/gl\\\/la-agrupacion-virgen-del-carmen-actuara-con-anoranzas-este-sabado-en-el-concierto-de-santa-cecilia\\\/\"},\"wordCount\":184,\"commentCount\":0,\"publisher\":{\"@id\":\"https:\\\/\\\/semanasantaferrol.com\\\/gl\\\/#organization\"},\"image\":{\"@id\":\"https:\\\/\\\/semanasantaferrol.com\\\/gl\\\/la-agrupacion-virgen-del-carmen-actuara-con-anoranzas-este-sabado-en-el-concierto-de-santa-cecilia\\\/#primaryimage\"},\"thumbnailUrl\":\"https:\\\/\\\/semanasantaferrol.com\\\/wp-content\\\/uploads\\\/2023\\\/11\\\/Sin-titulo-300-x-225-px-3000-x-2250-px.png\",\"articleSection\":[\"Bandas e Agrupaci\u00f3ns\"],\"inLanguage\":\"gl-ES\",\"potentialAction\":[{\"@type\":\"CommentAction\",\"name\":\"Comment\",\"target\":[\"https:\\\/\\\/semanasantaferrol.com\\\/gl\\\/la-agrupacion-virgen-del-carmen-actuara-con-anoranzas-este-sabado-en-el-concierto-de-santa-cecilia\\\/#respond\"]}]},{\"@type\":\"WebPage\",\"@id\":\"https:\\\/\\\/semanasantaferrol.com\\\/gl\\\/la-agrupacion-virgen-del-carmen-actuara-con-anoranzas-este-sabado-en-el-concierto-de-santa-cecilia\\\/\",\"url\":\"https:\\\/\\\/semanasantaferrol.com\\\/gl\\\/la-agrupacion-virgen-del-carmen-actuara-con-anoranzas-este-sabado-en-el-concierto-de-santa-cecilia\\\/\",\"name\":\"A agrupaci\u00f3n Virxe do Carme actuar\u00e1 con A\u00f1oranzas este s\u00e1bado, no seu concerto de Santa Ic\u00eda - Junta General de Cofrad\u00edas y Hermandades\",\"isPartOf\":{\"@id\":\"https:\\\/\\\/semanasantaferrol.com\\\/gl\\\/#website\"},\"primaryImageOfPage\":{\"@id\":\"https:\\\/\\\/semanasantaferrol.com\\\/gl\\\/la-agrupacion-virgen-del-carmen-actuara-con-anoranzas-este-sabado-en-el-concierto-de-santa-cecilia\\\/#primaryimage\"},\"image\":{\"@id\":\"https:\\\/\\\/semanasantaferrol.com\\\/gl\\\/la-agrupacion-virgen-del-carmen-actuara-con-anoranzas-este-sabado-en-el-concierto-de-santa-cecilia\\\/#primaryimage\"},\"thumbnailUrl\":\"https:\\\/\\\/semanasantaferrol.com\\\/wp-content\\\/uploads\\\/2023\\\/11\\\/Sin-titulo-300-x-225-px-3000-x-2250-px.png\",\"datePublished\":\"2023-11-30T08:36:20+00:00\",\"dateModified\":\"2023-11-30T08:50:01+00:00\",\"breadcrumb\":{\"@id\":\"https:\\\/\\\/semanasantaferrol.com\\\/gl\\\/la-agrupacion-virgen-del-carmen-actuara-con-anoranzas-este-sabado-en-el-concierto-de-santa-cecilia\\\/#breadcrumb\"},\"inLanguage\":\"gl-ES\",\"potentialAction\":[{\"@type\":\"ReadAction\",\"target\":[\"https:\\\/\\\/semanasantaferrol.com\\\/gl\\\/la-agrupacion-virgen-del-carmen-actuara-con-anoranzas-este-sabado-en-el-concierto-de-santa-cecilia\\\/\"]}]},{\"@type\":\"ImageObject\",\"inLanguage\":\"gl-ES\",\"@id\":\"https:\\\/\\\/semanasantaferrol.com\\\/gl\\\/la-agrupacion-virgen-del-carmen-actuara-con-anoranzas-este-sabado-en-el-concierto-de-santa-cecilia\\\/#primaryimage\",\"url\":\"https:\\\/\\\/semanasantaferrol.com\\\/wp-content\\\/uploads\\\/2023\\\/11\\\/Sin-titulo-300-x-225-px-3000-x-2250-px.png\",\"contentUrl\":\"https:\\\/\\\/semanasantaferrol.com\\\/wp-content\\\/uploads\\\/2023\\\/11\\\/Sin-titulo-300-x-225-px-3000-x-2250-px.png\",\"width\":3000,\"height\":2250},{\"@type\":\"BreadcrumbList\",\"@id\":\"https:\\\/\\\/semanasantaferrol.com\\\/gl\\\/la-agrupacion-virgen-del-carmen-actuara-con-anoranzas-este-sabado-en-el-concierto-de-santa-cecilia\\\/#breadcrumb\",\"itemListElement\":[{\"@type\":\"ListItem\",\"position\":1,\"name\":\"Portada\",\"item\":\"https:\\\/\\\/semanasantaferrol.com\\\/gl\\\/\"},{\"@type\":\"ListItem\",\"position\":2,\"name\":\"A agrupaci\u00f3n Virxe do Carme actuar\u00e1 con A\u00f1oranzas este s\u00e1bado, no seu concerto de Santa Ic\u00eda\"}]},{\"@type\":\"WebSite\",\"@id\":\"https:\\\/\\\/semanasantaferrol.com\\\/gl\\\/#website\",\"url\":\"https:\\\/\\\/semanasantaferrol.com\\\/gl\\\/\",\"name\":\"Junta General de Cofrad\u00edas y Hermandades\",\"description\":\"Semana Santa de Ferrol\",\"publisher\":{\"@id\":\"https:\\\/\\\/semanasantaferrol.com\\\/gl\\\/#organization\"},\"alternateName\":\"Semana Santa de Ferrol\",\"potentialAction\":[{\"@type\":\"SearchAction\",\"target\":{\"@type\":\"EntryPoint\",\"urlTemplate\":\"https:\\\/\\\/semanasantaferrol.com\\\/gl\\\/?s={search_term_string}\"},\"query-input\":{\"@type\":\"PropertyValueSpecification\",\"valueRequired\":true,\"valueName\":\"search_term_string\"}}],\"inLanguage\":\"gl-ES\"},{\"@type\":\"Organization\",\"@id\":\"https:\\\/\\\/semanasantaferrol.com\\\/gl\\\/#organization\",\"name\":\"Junta General de Cofrad\u00edas y Hermandades de la Semana Santa de Ferrol\",\"alternateName\":\"Junta de Cofrad\u00edas de la Semana Santa de Ferrol\",\"url\":\"https:\\\/\\\/semanasantaferrol.com\\\/gl\\\/\",\"logo\":{\"@type\":\"ImageObject\",\"inLanguage\":\"gl-ES\",\"@id\":\"https:\\\/\\\/semanasantaferrol.com\\\/gl\\\/#\\\/schema\\\/logo\\\/image\\\/\",\"url\":\"https:\\\/\\\/semanasantaferrol.com\\\/wp-content\\\/uploads\\\/2022\\\/10\\\/junta_general_logo.svg\",\"contentUrl\":\"https:\\\/\\\/semanasantaferrol.com\\\/wp-content\\\/uploads\\\/2022\\\/10\\\/junta_general_logo.svg\",\"width\":600,\"height\":790,\"caption\":\"Junta General de Cofrad\u00edas y Hermandades de la Semana Santa de Ferrol\"},\"image\":{\"@id\":\"https:\\\/\\\/semanasantaferrol.com\\\/gl\\\/#\\\/schema\\\/logo\\\/image\\\/\"},\"sameAs\":[\"https:\\\/\\\/www.facebook.com\\\/Juntageneraldecofradias\\\/\",\"https:\\\/\\\/www.instagram.com\\\/juntageneralcofradiasferrol\\\/\",\"https:\\\/\\\/www.youtube.com\\\/@semanasantadeferrol1616\",\"https:\\\/\\\/www.tiktok.com\\\/@semanasantadeferrol\"]},{\"@type\":\"Person\",\"@id\":\"https:\\\/\\\/semanasantaferrol.com\\\/gl\\\/#\\\/schema\\\/person\\\/cdd132690f08f75a35f05e2423e6307c\",\"name\":\"pingota\",\"image\":{\"@type\":\"ImageObject\",\"inLanguage\":\"gl-ES\",\"@id\":\"https:\\\/\\\/secure.gravatar.com\\\/avatar\\\/b1bb79ecdfb8d6f4c44a82262f8b422faeb290304fc5c6f8b9b4305bfaa2853c?s=96&d=mm&r=g\",\"url\":\"https:\\\/\\\/secure.gravatar.com\\\/avatar\\\/b1bb79ecdfb8d6f4c44a82262f8b422faeb290304fc5c6f8b9b4305bfaa2853c?s=96&d=mm&r=g\",\"contentUrl\":\"https:\\\/\\\/secure.gravatar.com\\\/avatar\\\/b1bb79ecdfb8d6f4c44a82262f8b422faeb290304fc5c6f8b9b4305bfaa2853c?s=96&d=mm&r=g\",\"caption\":\"pingota\"},\"url\":\"https:\\\/\\\/semanasantaferrol.com\\\/gl\"}]}<\/script>\n<!-- \/ Yoast SEO plugin. -->","yoast_head_json":{"title":"A agrupaci\u00f3n Virxe do Carme actuar\u00e1 con A\u00f1oranzas este s\u00e1bado, no seu concerto de Santa Ic\u00eda - Junta General de Cofrad\u00edas y Hermandades","robots":{"index":"index","follow":"follow","max-snippet":"max-snippet:-1","max-image-preview":"max-image-preview:large","max-video-preview":"max-video-preview:-1"},"canonical":"https:\/\/semanasantaferrol.com\/gl\/la-agrupacion-virgen-del-carmen-actuara-con-anoranzas-este-sabado-en-el-concierto-de-santa-cecilia\/","og_locale":"gl_ES","og_type":"article","og_title":"A agrupaci\u00f3n Virxe do Carme actuar\u00e1 con A\u00f1oranzas este s\u00e1bado, no seu concerto de Santa Ic\u00eda - Junta General de Cofrad\u00edas y Hermandades","og_description":"A Agrupaci\u00f3n Musical Virxe do Carmen de Ferrol organiza un concerto este s\u00e1bado, 2 de decembro, un concerto en honra da patroa da m\u00fasica Santa Cecilia. Ser\u00e1 na igrexa do Carmen, \u00e1s 17,30h, e ademais da formaci\u00f3n promotora do evento actuar\u00e1 a rondalla A\u00f1oranzas. A formaci\u00f3n estar\u00e1 dirixida por Eusebio L\u00f3pez, militar m\u00fasico de carreira [&hellip;]","og_url":"https:\/\/semanasantaferrol.com\/gl\/la-agrupacion-virgen-del-carmen-actuara-con-anoranzas-este-sabado-en-el-concierto-de-santa-cecilia\/","og_site_name":"Junta General de Cofrad\u00edas y Hermandades","article_publisher":"https:\/\/www.facebook.com\/Juntageneraldecofradias\/","article_published_time":"2023-11-30T08:36:20+00:00","article_modified_time":"2023-11-30T08:50:01+00:00","og_image":[{"width":1024,"height":768,"url":"https:\/\/semanasantaferrol.com\/wp-content\/uploads\/2023\/11\/Sin-titulo-300-x-225-px-3000-x-2250-px-1024x768.png","type":"image\/png"}],"author":"pingota","twitter_card":"summary_large_image","twitter_misc":{"Escrito por":"pingota","Tempo de lectura":"1 minuto"},"schema":{"@context":"https:\/\/schema.org","@graph":[{"@type":"Article","@id":"https:\/\/semanasantaferrol.com\/gl\/la-agrupacion-virgen-del-carmen-actuara-con-anoranzas-este-sabado-en-el-concierto-de-santa-cecilia\/#article","isPartOf":{"@id":"https:\/\/semanasantaferrol.com\/gl\/la-agrupacion-virgen-del-carmen-actuara-con-anoranzas-este-sabado-en-el-concierto-de-santa-cecilia\/"},"author":{"name":"pingota","@id":"https:\/\/semanasantaferrol.com\/gl\/#\/schema\/person\/cdd132690f08f75a35f05e2423e6307c"},"headline":"A agrupaci\u00f3n Virxe do Carme actuar\u00e1 con A\u00f1oranzas este s\u00e1bado, no seu concerto de Santa Ic\u00eda","datePublished":"2023-11-30T08:36:20+00:00","dateModified":"2023-11-30T08:50:01+00:00","mainEntityOfPage":{"@id":"https:\/\/semanasantaferrol.com\/gl\/la-agrupacion-virgen-del-carmen-actuara-con-anoranzas-este-sabado-en-el-concierto-de-santa-cecilia\/"},"wordCount":184,"commentCount":0,"publisher":{"@id":"https:\/\/semanasantaferrol.com\/gl\/#organization"},"image":{"@id":"https:\/\/semanasantaferrol.com\/gl\/la-agrupacion-virgen-del-carmen-actuara-con-anoranzas-este-sabado-en-el-concierto-de-santa-cecilia\/#primaryimage"},"thumbnailUrl":"https:\/\/semanasantaferrol.com\/wp-content\/uploads\/2023\/11\/Sin-titulo-300-x-225-px-3000-x-2250-px.png","articleSection":["Bandas e Agrupaci\u00f3ns"],"inLanguage":"gl-ES","potentialAction":[{"@type":"CommentAction","name":"Comment","target":["https:\/\/semanasantaferrol.com\/gl\/la-agrupacion-virgen-del-carmen-actuara-con-anoranzas-este-sabado-en-el-concierto-de-santa-cecilia\/#respond"]}]},{"@type":"WebPage","@id":"https:\/\/semanasantaferrol.com\/gl\/la-agrupacion-virgen-del-carmen-actuara-con-anoranzas-este-sabado-en-el-concierto-de-santa-cecilia\/","url":"https:\/\/semanasantaferrol.com\/gl\/la-agrupacion-virgen-del-carmen-actuara-con-anoranzas-este-sabado-en-el-concierto-de-santa-cecilia\/","name":"A agrupaci\u00f3n Virxe do Carme actuar\u00e1 con A\u00f1oranzas este s\u00e1bado, no seu concerto de Santa Ic\u00eda - Junta General de Cofrad\u00edas y Hermandades","isPartOf":{"@id":"https:\/\/semanasantaferrol.com\/gl\/#website"},"primaryImageOfPage":{"@id":"https:\/\/semanasantaferrol.com\/gl\/la-agrupacion-virgen-del-carmen-actuara-con-anoranzas-este-sabado-en-el-concierto-de-santa-cecilia\/#primaryimage"},"image":{"@id":"https:\/\/semanasantaferrol.com\/gl\/la-agrupacion-virgen-del-carmen-actuara-con-anoranzas-este-sabado-en-el-concierto-de-santa-cecilia\/#primaryimage"},"thumbnailUrl":"https:\/\/semanasantaferrol.com\/wp-content\/uploads\/2023\/11\/Sin-titulo-300-x-225-px-3000-x-2250-px.png","datePublished":"2023-11-30T08:36:20+00:00","dateModified":"2023-11-30T08:50:01+00:00","breadcrumb":{"@id":"https:\/\/semanasantaferrol.com\/gl\/la-agrupacion-virgen-del-carmen-actuara-con-anoranzas-este-sabado-en-el-concierto-de-santa-cecilia\/#breadcrumb"},"inLanguage":"gl-ES","potentialAction":[{"@type":"ReadAction","target":["https:\/\/semanasantaferrol.com\/gl\/la-agrupacion-virgen-del-carmen-actuara-con-anoranzas-este-sabado-en-el-concierto-de-santa-cecilia\/"]}]},{"@type":"ImageObject","inLanguage":"gl-ES","@id":"https:\/\/semanasantaferrol.com\/gl\/la-agrupacion-virgen-del-carmen-actuara-con-anoranzas-este-sabado-en-el-concierto-de-santa-cecilia\/#primaryimage","url":"https:\/\/semanasantaferrol.com\/wp-content\/uploads\/2023\/11\/Sin-titulo-300-x-225-px-3000-x-2250-px.png","contentUrl":"https:\/\/semanasantaferrol.com\/wp-content\/uploads\/2023\/11\/Sin-titulo-300-x-225-px-3000-x-2250-px.png","width":3000,"height":2250},{"@type":"BreadcrumbList","@id":"https:\/\/semanasantaferrol.com\/gl\/la-agrupacion-virgen-del-carmen-actuara-con-anoranzas-este-sabado-en-el-concierto-de-santa-cecilia\/#breadcrumb","itemListElement":[{"@type":"ListItem","position":1,"name":"Portada","item":"https:\/\/semanasantaferrol.com\/gl\/"},{"@type":"ListItem","position":2,"name":"A agrupaci\u00f3n Virxe do Carme actuar\u00e1 con A\u00f1oranzas este s\u00e1bado, no seu concerto de Santa Ic\u00eda"}]},{"@type":"WebSite","@id":"https:\/\/semanasantaferrol.com\/gl\/#website","url":"https:\/\/semanasantaferrol.com\/gl\/","name":"Junta General de Cofrad\u00edas y Hermandades","description":"Semana Santa de Ferrol","publisher":{"@id":"https:\/\/semanasantaferrol.com\/gl\/#organization"},"alternateName":"Semana Santa de Ferrol","potentialAction":[{"@type":"SearchAction","target":{"@type":"EntryPoint","urlTemplate":"https:\/\/semanasantaferrol.com\/gl\/?s={search_term_string}"},"query-input":{"@type":"PropertyValueSpecification","valueRequired":true,"valueName":"search_term_string"}}],"inLanguage":"gl-ES"},{"@type":"Organization","@id":"https:\/\/semanasantaferrol.com\/gl\/#organization","name":"Junta General de Cofrad\u00edas y Hermandades de la Semana Santa de Ferrol","alternateName":"Junta de Cofrad\u00edas de la Semana Santa de Ferrol","url":"https:\/\/semanasantaferrol.com\/gl\/","logo":{"@type":"ImageObject","inLanguage":"gl-ES","@id":"https:\/\/semanasantaferrol.com\/gl\/#\/schema\/logo\/image\/","url":"https:\/\/semanasantaferrol.com\/wp-content\/uploads\/2022\/10\/junta_general_logo.svg","contentUrl":"https:\/\/semanasantaferrol.com\/wp-content\/uploads\/2022\/10\/junta_general_logo.svg","width":600,"height":790,"caption":"Junta General de Cofrad\u00edas y Hermandades de la Semana Santa de Ferrol"},"image":{"@id":"https:\/\/semanasantaferrol.com\/gl\/#\/schema\/logo\/image\/"},"sameAs":["https:\/\/www.facebook.com\/Juntageneraldecofradias\/","https:\/\/www.instagram.com\/juntageneralcofradiasferrol\/","https:\/\/www.youtube.com\/@semanasantadeferrol1616","https:\/\/www.tiktok.com\/@semanasantadeferrol"]},{"@type":"Person","@id":"https:\/\/semanasantaferrol.com\/gl\/#\/schema\/person\/cdd132690f08f75a35f05e2423e6307c","name":"pingota","image":{"@type":"ImageObject","inLanguage":"gl-ES","@id":"https:\/\/secure.gravatar.com\/avatar\/b1bb79ecdfb8d6f4c44a82262f8b422faeb290304fc5c6f8b9b4305bfaa2853c?s=96&d=mm&r=g","url":"https:\/\/secure.gravatar.com\/avatar\/b1bb79ecdfb8d6f4c44a82262f8b422faeb290304fc5c6f8b9b4305bfaa2853c?s=96&d=mm&r=g","contentUrl":"https:\/\/secure.gravatar.com\/avatar\/b1bb79ecdfb8d6f4c44a82262f8b422faeb290304fc5c6f8b9b4305bfaa2853c?s=96&d=mm&r=g","caption":"pingota"},"url":"https:\/\/semanasantaferrol.com\/gl"}]}},"_links":{"self":[{"href":"https:\/\/semanasantaferrol.com\/gl\/wp-json\/wp\/v2\/posts\/6696","targetHints":{"allow":["GET"]}}],"collection":[{"href":"https:\/\/semanasantaferrol.com\/gl\/wp-json\/wp\/v2\/posts"}],"about":[{"href":"https:\/\/semanasantaferrol.com\/gl\/wp-json\/wp\/v2\/types\/post"}],"author":[{"embeddable":true,"href":"https:\/\/semanasantaferrol.com\/gl\/wp-json\/wp\/v2\/users\/3"}],"replies":[{"embeddable":true,"href":"https:\/\/semanasantaferrol.com\/gl\/wp-json\/wp\/v2\/comments?post=6696"}],"version-history":[{"count":1,"href":"https:\/\/semanasantaferrol.com\/gl\/wp-json\/wp\/v2\/posts\/6696\/revisions"}],"predecessor-version":[{"id":6697,"href":"https:\/\/semanasantaferrol.com\/gl\/wp-json\/wp\/v2\/posts\/6696\/revisions\/6697"}],"wp:featuredmedia":[{"embeddable":true,"href":"https:\/\/semanasantaferrol.com\/gl\/wp-json\/wp\/v2\/media\/6695"}],"wp:attachment":[{"href":"https:\/\/semanasantaferrol.com\/gl\/wp-json\/wp\/v2\/media?parent=6696"}],"wp:term":[{"taxonomy":"category","embeddable":true,"href":"https:\/\/semanasantaferrol.com\/gl\/wp-json\/wp\/v2\/categories?post=6696"},{"taxonomy":"post_tag","embeddable":true,"href":"https:\/\/semanasantaferrol.com\/gl\/wp-json\/wp\/v2\/tags?post=6696"}],"curies":[{"name":"wp","href":"https:\/\/api.w.org\/{rel}","templated":true}]}}