{"id":6676,"date":"2023-11-29T08:59:06","date_gmt":"2023-11-29T08:59:06","guid":{"rendered":"https:\/\/semanasantaferrol.com\/la-cofradia-de-las-angustias-abrira-al-publico-su-belen-el-dia-5-en-la-calle-del-carmen\/"},"modified":"2023-12-01T10:20:45","modified_gmt":"2023-12-01T10:20:45","slug":"la-cofradia-de-las-angustias-abrira-al-publico-su-belen-el-dia-5-en-la-calle-del-carmen","status":"publish","type":"post","link":"https:\/\/semanasantaferrol.com\/gl\/la-cofradia-de-las-angustias-abrira-al-publico-su-belen-el-dia-5-en-la-calle-del-carmen\/","title":{"rendered":"A Confrar\u00eda das Angustias abrir\u00e1 ao p\u00fablico o seu Bel\u00e9n o d\u00eda 5 na r\u00faa do Carme"},"content":{"rendered":"<p>A Confrar\u00eda das Angustias abrir\u00e1 este ano ao p\u00fablico o seu Bel\u00e9n no n\u00famero 21 da r\u00faa do Carmen, na maz\u00e1 situada entre as r\u00faas Iglesia e Magdalena. A montaxe inaugurarase o vindeiro martes 5 de decembro, \u00e1s 18.00 horas, e permanecer\u00e1 exposto ata o d\u00eda 5 de xaneiro.  O horario de visita ser\u00e1 polas tardes, de 18.00 a 20.30 horas, de martes a domingos. Os luns permanecer\u00e1 pechado, do mesmo xeito que os domingos 24 e 31.<\/p>\n<p>Un ano m\u00e1is, o Bel\u00e9n ter\u00e1 un car\u00e1cter ben\u00e9fico. As\u00ed, no local abrirase un &#8220;Escaparate Solidario&#8221; ao que as persoas que o desexen poder\u00e1n levar alimentos non perecedoiros. Ademais de entregalos no local da r\u00faa do Carmen, no horario de visita do Bel\u00e9n, quen o desexe tam\u00e9n poder\u00e1n deixar as s\u00faas achegas nas oficinas da irmandade, na traseira da capela de Esteiro, os martes e xoves de 18.30 a 20.30h. As doaz\u00f3ns ter\u00e1n como destino a Coci\u00f1a Econ\u00f3mica. Tal como se anunciou con anterioridade, o d\u00eda 14 de decembro celebrarase na capela das Angustias un concerto do Nadal que tam\u00e9n ter\u00e1 car\u00e1cter ben\u00e9fico a favor da Coci\u00f1a Econ\u00f3mica. Actuar\u00e1n os coros A\u00f1oranzas e Dicindo Cantares. <\/p>\n","protected":false},"excerpt":{"rendered":"<p>A Confrar\u00eda das Angustias abrir\u00e1 este ano ao p\u00fablico o seu Bel\u00e9n no n\u00famero 21 da r\u00faa do Carmen, na maz\u00e1 situada entre as r\u00faas Iglesia e Magdalena. A montaxe inaugurarase o vindeiro martes 5 de decembro, \u00e1s 18.00 horas, e permanecer\u00e1 exposto ata o d\u00eda 5 de xaneiro. O horario de visita ser\u00e1 polas [&hellip;]<\/p>\n","protected":false},"author":3,"featured_media":6674,"comment_status":"open","ping_status":"open","sticky":false,"template":"","format":"standard","meta":{"footnotes":""},"categories":[32],"tags":[],"class_list":["post-6676","post","type-post","status-publish","format-standard","has-post-thumbnail","hentry","category-angustias-gl"],"yoast_head":"<!-- This site is optimized with the Yoast SEO plugin v27.5 - https:\/\/yoast.com\/product\/yoast-seo-wordpress\/ -->\n<title>A Confrar\u00eda das Angustias abrir\u00e1 ao p\u00fablico o seu Bel\u00e9n o d\u00eda 5 na r\u00faa do Carme - Junta General de Cofrad\u00edas y Hermandades<\/title>\n<meta name=\"description\" content=\"A Confrar\u00eda das Angustias abrir\u00e1 o seu Bel\u00e9n o vindeiro d\u00eda 5 no n\u00famero 21 da r\u00faa do Carme. Recolleranse alimentos non perecedoiros.\" \/>\n<meta name=\"robots\" content=\"index, follow, max-snippet:-1, max-image-preview:large, max-video-preview:-1\" \/>\n<link rel=\"canonical\" href=\"https:\/\/semanasantaferrol.com\/gl\/la-cofradia-de-las-angustias-abrira-al-publico-su-belen-el-dia-5-en-la-calle-del-carmen\/\" \/>\n<meta property=\"og:locale\" content=\"gl_ES\" \/>\n<meta property=\"og:type\" content=\"article\" \/>\n<meta property=\"og:title\" content=\"A Confrar\u00eda das Angustias abrir\u00e1 ao p\u00fablico o seu Bel\u00e9n o d\u00eda 5 na r\u00faa do Carme - Junta General de Cofrad\u00edas y Hermandades\" \/>\n<meta property=\"og:description\" content=\"A Confrar\u00eda das Angustias abrir\u00e1 o seu Bel\u00e9n o vindeiro d\u00eda 5 no n\u00famero 21 da r\u00faa do Carme. Recolleranse alimentos non perecedoiros.\" \/>\n<meta property=\"og:url\" content=\"https:\/\/semanasantaferrol.com\/gl\/la-cofradia-de-las-angustias-abrira-al-publico-su-belen-el-dia-5-en-la-calle-del-carmen\/\" \/>\n<meta property=\"og:site_name\" content=\"Junta General de Cofrad\u00edas y Hermandades\" \/>\n<meta property=\"article:publisher\" content=\"https:\/\/www.facebook.com\/Juntageneraldecofradias\/\" \/>\n<meta property=\"article:published_time\" content=\"2023-11-29T08:59:06+00:00\" \/>\n<meta property=\"article:modified_time\" content=\"2023-12-01T10:20:45+00:00\" \/>\n<meta property=\"og:image\" content=\"https:\/\/semanasantaferrol.com\/wp-content\/uploads\/2023\/11\/belenAngustias-e1701248296908.jpg\" \/>\n\t<meta property=\"og:image:width\" content=\"2048\" \/>\n\t<meta property=\"og:image:height\" content=\"1365\" \/>\n\t<meta property=\"og:image:type\" content=\"image\/jpeg\" \/>\n<meta name=\"author\" content=\"pingota\" \/>\n<meta name=\"twitter:card\" content=\"summary_large_image\" \/>\n<meta name=\"twitter:label1\" content=\"Escrito por\" \/>\n\t<meta name=\"twitter:data1\" content=\"pingota\" \/>\n\t<meta name=\"twitter:label2\" content=\"Tempo de lectura\" \/>\n\t<meta name=\"twitter:data2\" content=\"1 minuto\" \/>\n<script type=\"application\/ld+json\" class=\"yoast-schema-graph\">{\"@context\":\"https:\\\/\\\/schema.org\",\"@graph\":[{\"@type\":\"Article\",\"@id\":\"https:\\\/\\\/semanasantaferrol.com\\\/gl\\\/la-cofradia-de-las-angustias-abrira-al-publico-su-belen-el-dia-5-en-la-calle-del-carmen\\\/#article\",\"isPartOf\":{\"@id\":\"https:\\\/\\\/semanasantaferrol.com\\\/gl\\\/la-cofradia-de-las-angustias-abrira-al-publico-su-belen-el-dia-5-en-la-calle-del-carmen\\\/\"},\"author\":{\"name\":\"pingota\",\"@id\":\"https:\\\/\\\/semanasantaferrol.com\\\/gl\\\/#\\\/schema\\\/person\\\/cdd132690f08f75a35f05e2423e6307c\"},\"headline\":\"A Confrar\u00eda das Angustias abrir\u00e1 ao p\u00fablico o seu Bel\u00e9n o d\u00eda 5 na r\u00faa do Carme\",\"datePublished\":\"2023-11-29T08:59:06+00:00\",\"dateModified\":\"2023-12-01T10:20:45+00:00\",\"mainEntityOfPage\":{\"@id\":\"https:\\\/\\\/semanasantaferrol.com\\\/gl\\\/la-cofradia-de-las-angustias-abrira-al-publico-su-belen-el-dia-5-en-la-calle-del-carmen\\\/\"},\"wordCount\":233,\"commentCount\":0,\"publisher\":{\"@id\":\"https:\\\/\\\/semanasantaferrol.com\\\/gl\\\/#organization\"},\"image\":{\"@id\":\"https:\\\/\\\/semanasantaferrol.com\\\/gl\\\/la-cofradia-de-las-angustias-abrira-al-publico-su-belen-el-dia-5-en-la-calle-del-carmen\\\/#primaryimage\"},\"thumbnailUrl\":\"https:\\\/\\\/semanasantaferrol.com\\\/wp-content\\\/uploads\\\/2023\\\/11\\\/belenAngustias-e1701248296908.jpg\",\"articleSection\":[\"Angustias\"],\"inLanguage\":\"gl-ES\",\"potentialAction\":[{\"@type\":\"CommentAction\",\"name\":\"Comment\",\"target\":[\"https:\\\/\\\/semanasantaferrol.com\\\/gl\\\/la-cofradia-de-las-angustias-abrira-al-publico-su-belen-el-dia-5-en-la-calle-del-carmen\\\/#respond\"]}]},{\"@type\":\"WebPage\",\"@id\":\"https:\\\/\\\/semanasantaferrol.com\\\/gl\\\/la-cofradia-de-las-angustias-abrira-al-publico-su-belen-el-dia-5-en-la-calle-del-carmen\\\/\",\"url\":\"https:\\\/\\\/semanasantaferrol.com\\\/gl\\\/la-cofradia-de-las-angustias-abrira-al-publico-su-belen-el-dia-5-en-la-calle-del-carmen\\\/\",\"name\":\"A Confrar\u00eda das Angustias abrir\u00e1 ao p\u00fablico o seu Bel\u00e9n o d\u00eda 5 na r\u00faa do Carme - Junta General de Cofrad\u00edas y Hermandades\",\"isPartOf\":{\"@id\":\"https:\\\/\\\/semanasantaferrol.com\\\/gl\\\/#website\"},\"primaryImageOfPage\":{\"@id\":\"https:\\\/\\\/semanasantaferrol.com\\\/gl\\\/la-cofradia-de-las-angustias-abrira-al-publico-su-belen-el-dia-5-en-la-calle-del-carmen\\\/#primaryimage\"},\"image\":{\"@id\":\"https:\\\/\\\/semanasantaferrol.com\\\/gl\\\/la-cofradia-de-las-angustias-abrira-al-publico-su-belen-el-dia-5-en-la-calle-del-carmen\\\/#primaryimage\"},\"thumbnailUrl\":\"https:\\\/\\\/semanasantaferrol.com\\\/wp-content\\\/uploads\\\/2023\\\/11\\\/belenAngustias-e1701248296908.jpg\",\"datePublished\":\"2023-11-29T08:59:06+00:00\",\"dateModified\":\"2023-12-01T10:20:45+00:00\",\"description\":\"A Confrar\u00eda das Angustias abrir\u00e1 o seu Bel\u00e9n o vindeiro d\u00eda 5 no n\u00famero 21 da r\u00faa do Carme. Recolleranse alimentos non perecedoiros.\",\"breadcrumb\":{\"@id\":\"https:\\\/\\\/semanasantaferrol.com\\\/gl\\\/la-cofradia-de-las-angustias-abrira-al-publico-su-belen-el-dia-5-en-la-calle-del-carmen\\\/#breadcrumb\"},\"inLanguage\":\"gl-ES\",\"potentialAction\":[{\"@type\":\"ReadAction\",\"target\":[\"https:\\\/\\\/semanasantaferrol.com\\\/gl\\\/la-cofradia-de-las-angustias-abrira-al-publico-su-belen-el-dia-5-en-la-calle-del-carmen\\\/\"]}]},{\"@type\":\"ImageObject\",\"inLanguage\":\"gl-ES\",\"@id\":\"https:\\\/\\\/semanasantaferrol.com\\\/gl\\\/la-cofradia-de-las-angustias-abrira-al-publico-su-belen-el-dia-5-en-la-calle-del-carmen\\\/#primaryimage\",\"url\":\"https:\\\/\\\/semanasantaferrol.com\\\/wp-content\\\/uploads\\\/2023\\\/11\\\/belenAngustias-e1701248296908.jpg\",\"contentUrl\":\"https:\\\/\\\/semanasantaferrol.com\\\/wp-content\\\/uploads\\\/2023\\\/11\\\/belenAngustias-e1701248296908.jpg\",\"width\":2048,\"height\":1365},{\"@type\":\"BreadcrumbList\",\"@id\":\"https:\\\/\\\/semanasantaferrol.com\\\/gl\\\/la-cofradia-de-las-angustias-abrira-al-publico-su-belen-el-dia-5-en-la-calle-del-carmen\\\/#breadcrumb\",\"itemListElement\":[{\"@type\":\"ListItem\",\"position\":1,\"name\":\"Portada\",\"item\":\"https:\\\/\\\/semanasantaferrol.com\\\/gl\\\/\"},{\"@type\":\"ListItem\",\"position\":2,\"name\":\"A Confrar\u00eda das Angustias abrir\u00e1 ao p\u00fablico o seu Bel\u00e9n o d\u00eda 5 na r\u00faa do Carme\"}]},{\"@type\":\"WebSite\",\"@id\":\"https:\\\/\\\/semanasantaferrol.com\\\/gl\\\/#website\",\"url\":\"https:\\\/\\\/semanasantaferrol.com\\\/gl\\\/\",\"name\":\"Junta General de Cofrad\u00edas y Hermandades\",\"description\":\"Semana Santa de Ferrol\",\"publisher\":{\"@id\":\"https:\\\/\\\/semanasantaferrol.com\\\/gl\\\/#organization\"},\"alternateName\":\"Semana Santa de Ferrol\",\"potentialAction\":[{\"@type\":\"SearchAction\",\"target\":{\"@type\":\"EntryPoint\",\"urlTemplate\":\"https:\\\/\\\/semanasantaferrol.com\\\/gl\\\/?s={search_term_string}\"},\"query-input\":{\"@type\":\"PropertyValueSpecification\",\"valueRequired\":true,\"valueName\":\"search_term_string\"}}],\"inLanguage\":\"gl-ES\"},{\"@type\":\"Organization\",\"@id\":\"https:\\\/\\\/semanasantaferrol.com\\\/gl\\\/#organization\",\"name\":\"Junta General de Cofrad\u00edas y Hermandades de la Semana Santa de Ferrol\",\"alternateName\":\"Junta de Cofrad\u00edas de la Semana Santa de Ferrol\",\"url\":\"https:\\\/\\\/semanasantaferrol.com\\\/gl\\\/\",\"logo\":{\"@type\":\"ImageObject\",\"inLanguage\":\"gl-ES\",\"@id\":\"https:\\\/\\\/semanasantaferrol.com\\\/gl\\\/#\\\/schema\\\/logo\\\/image\\\/\",\"url\":\"https:\\\/\\\/semanasantaferrol.com\\\/wp-content\\\/uploads\\\/2022\\\/10\\\/junta_general_logo.svg\",\"contentUrl\":\"https:\\\/\\\/semanasantaferrol.com\\\/wp-content\\\/uploads\\\/2022\\\/10\\\/junta_general_logo.svg\",\"width\":600,\"height\":790,\"caption\":\"Junta General de Cofrad\u00edas y Hermandades de la Semana Santa de Ferrol\"},\"image\":{\"@id\":\"https:\\\/\\\/semanasantaferrol.com\\\/gl\\\/#\\\/schema\\\/logo\\\/image\\\/\"},\"sameAs\":[\"https:\\\/\\\/www.facebook.com\\\/Juntageneraldecofradias\\\/\",\"https:\\\/\\\/www.instagram.com\\\/juntageneralcofradiasferrol\\\/\",\"https:\\\/\\\/www.youtube.com\\\/@semanasantadeferrol1616\",\"https:\\\/\\\/www.tiktok.com\\\/@semanasantadeferrol\"]},{\"@type\":\"Person\",\"@id\":\"https:\\\/\\\/semanasantaferrol.com\\\/gl\\\/#\\\/schema\\\/person\\\/cdd132690f08f75a35f05e2423e6307c\",\"name\":\"pingota\",\"image\":{\"@type\":\"ImageObject\",\"inLanguage\":\"gl-ES\",\"@id\":\"https:\\\/\\\/secure.gravatar.com\\\/avatar\\\/b1bb79ecdfb8d6f4c44a82262f8b422faeb290304fc5c6f8b9b4305bfaa2853c?s=96&d=mm&r=g\",\"url\":\"https:\\\/\\\/secure.gravatar.com\\\/avatar\\\/b1bb79ecdfb8d6f4c44a82262f8b422faeb290304fc5c6f8b9b4305bfaa2853c?s=96&d=mm&r=g\",\"contentUrl\":\"https:\\\/\\\/secure.gravatar.com\\\/avatar\\\/b1bb79ecdfb8d6f4c44a82262f8b422faeb290304fc5c6f8b9b4305bfaa2853c?s=96&d=mm&r=g\",\"caption\":\"pingota\"},\"url\":\"https:\\\/\\\/semanasantaferrol.com\\\/gl\"}]}<\/script>\n<!-- \/ Yoast SEO plugin. -->","yoast_head_json":{"title":"A Confrar\u00eda das Angustias abrir\u00e1 ao p\u00fablico o seu Bel\u00e9n o d\u00eda 5 na r\u00faa do Carme - Junta General de Cofrad\u00edas y Hermandades","description":"A Confrar\u00eda das Angustias abrir\u00e1 o seu Bel\u00e9n o vindeiro d\u00eda 5 no n\u00famero 21 da r\u00faa do Carme. Recolleranse alimentos non perecedoiros.","robots":{"index":"index","follow":"follow","max-snippet":"max-snippet:-1","max-image-preview":"max-image-preview:large","max-video-preview":"max-video-preview:-1"},"canonical":"https:\/\/semanasantaferrol.com\/gl\/la-cofradia-de-las-angustias-abrira-al-publico-su-belen-el-dia-5-en-la-calle-del-carmen\/","og_locale":"gl_ES","og_type":"article","og_title":"A Confrar\u00eda das Angustias abrir\u00e1 ao p\u00fablico o seu Bel\u00e9n o d\u00eda 5 na r\u00faa do Carme - Junta General de Cofrad\u00edas y Hermandades","og_description":"A Confrar\u00eda das Angustias abrir\u00e1 o seu Bel\u00e9n o vindeiro d\u00eda 5 no n\u00famero 21 da r\u00faa do Carme. Recolleranse alimentos non perecedoiros.","og_url":"https:\/\/semanasantaferrol.com\/gl\/la-cofradia-de-las-angustias-abrira-al-publico-su-belen-el-dia-5-en-la-calle-del-carmen\/","og_site_name":"Junta General de Cofrad\u00edas y Hermandades","article_publisher":"https:\/\/www.facebook.com\/Juntageneraldecofradias\/","article_published_time":"2023-11-29T08:59:06+00:00","article_modified_time":"2023-12-01T10:20:45+00:00","og_image":[{"width":2048,"height":1365,"url":"https:\/\/semanasantaferrol.com\/wp-content\/uploads\/2023\/11\/belenAngustias-e1701248296908.jpg","type":"image\/jpeg"}],"author":"pingota","twitter_card":"summary_large_image","twitter_misc":{"Escrito por":"pingota","Tempo de lectura":"1 minuto"},"schema":{"@context":"https:\/\/schema.org","@graph":[{"@type":"Article","@id":"https:\/\/semanasantaferrol.com\/gl\/la-cofradia-de-las-angustias-abrira-al-publico-su-belen-el-dia-5-en-la-calle-del-carmen\/#article","isPartOf":{"@id":"https:\/\/semanasantaferrol.com\/gl\/la-cofradia-de-las-angustias-abrira-al-publico-su-belen-el-dia-5-en-la-calle-del-carmen\/"},"author":{"name":"pingota","@id":"https:\/\/semanasantaferrol.com\/gl\/#\/schema\/person\/cdd132690f08f75a35f05e2423e6307c"},"headline":"A Confrar\u00eda das Angustias abrir\u00e1 ao p\u00fablico o seu Bel\u00e9n o d\u00eda 5 na r\u00faa do Carme","datePublished":"2023-11-29T08:59:06+00:00","dateModified":"2023-12-01T10:20:45+00:00","mainEntityOfPage":{"@id":"https:\/\/semanasantaferrol.com\/gl\/la-cofradia-de-las-angustias-abrira-al-publico-su-belen-el-dia-5-en-la-calle-del-carmen\/"},"wordCount":233,"commentCount":0,"publisher":{"@id":"https:\/\/semanasantaferrol.com\/gl\/#organization"},"image":{"@id":"https:\/\/semanasantaferrol.com\/gl\/la-cofradia-de-las-angustias-abrira-al-publico-su-belen-el-dia-5-en-la-calle-del-carmen\/#primaryimage"},"thumbnailUrl":"https:\/\/semanasantaferrol.com\/wp-content\/uploads\/2023\/11\/belenAngustias-e1701248296908.jpg","articleSection":["Angustias"],"inLanguage":"gl-ES","potentialAction":[{"@type":"CommentAction","name":"Comment","target":["https:\/\/semanasantaferrol.com\/gl\/la-cofradia-de-las-angustias-abrira-al-publico-su-belen-el-dia-5-en-la-calle-del-carmen\/#respond"]}]},{"@type":"WebPage","@id":"https:\/\/semanasantaferrol.com\/gl\/la-cofradia-de-las-angustias-abrira-al-publico-su-belen-el-dia-5-en-la-calle-del-carmen\/","url":"https:\/\/semanasantaferrol.com\/gl\/la-cofradia-de-las-angustias-abrira-al-publico-su-belen-el-dia-5-en-la-calle-del-carmen\/","name":"A Confrar\u00eda das Angustias abrir\u00e1 ao p\u00fablico o seu Bel\u00e9n o d\u00eda 5 na r\u00faa do Carme - Junta General de Cofrad\u00edas y Hermandades","isPartOf":{"@id":"https:\/\/semanasantaferrol.com\/gl\/#website"},"primaryImageOfPage":{"@id":"https:\/\/semanasantaferrol.com\/gl\/la-cofradia-de-las-angustias-abrira-al-publico-su-belen-el-dia-5-en-la-calle-del-carmen\/#primaryimage"},"image":{"@id":"https:\/\/semanasantaferrol.com\/gl\/la-cofradia-de-las-angustias-abrira-al-publico-su-belen-el-dia-5-en-la-calle-del-carmen\/#primaryimage"},"thumbnailUrl":"https:\/\/semanasantaferrol.com\/wp-content\/uploads\/2023\/11\/belenAngustias-e1701248296908.jpg","datePublished":"2023-11-29T08:59:06+00:00","dateModified":"2023-12-01T10:20:45+00:00","description":"A Confrar\u00eda das Angustias abrir\u00e1 o seu Bel\u00e9n o vindeiro d\u00eda 5 no n\u00famero 21 da r\u00faa do Carme. Recolleranse alimentos non perecedoiros.","breadcrumb":{"@id":"https:\/\/semanasantaferrol.com\/gl\/la-cofradia-de-las-angustias-abrira-al-publico-su-belen-el-dia-5-en-la-calle-del-carmen\/#breadcrumb"},"inLanguage":"gl-ES","potentialAction":[{"@type":"ReadAction","target":["https:\/\/semanasantaferrol.com\/gl\/la-cofradia-de-las-angustias-abrira-al-publico-su-belen-el-dia-5-en-la-calle-del-carmen\/"]}]},{"@type":"ImageObject","inLanguage":"gl-ES","@id":"https:\/\/semanasantaferrol.com\/gl\/la-cofradia-de-las-angustias-abrira-al-publico-su-belen-el-dia-5-en-la-calle-del-carmen\/#primaryimage","url":"https:\/\/semanasantaferrol.com\/wp-content\/uploads\/2023\/11\/belenAngustias-e1701248296908.jpg","contentUrl":"https:\/\/semanasantaferrol.com\/wp-content\/uploads\/2023\/11\/belenAngustias-e1701248296908.jpg","width":2048,"height":1365},{"@type":"BreadcrumbList","@id":"https:\/\/semanasantaferrol.com\/gl\/la-cofradia-de-las-angustias-abrira-al-publico-su-belen-el-dia-5-en-la-calle-del-carmen\/#breadcrumb","itemListElement":[{"@type":"ListItem","position":1,"name":"Portada","item":"https:\/\/semanasantaferrol.com\/gl\/"},{"@type":"ListItem","position":2,"name":"A Confrar\u00eda das Angustias abrir\u00e1 ao p\u00fablico o seu Bel\u00e9n o d\u00eda 5 na r\u00faa do Carme"}]},{"@type":"WebSite","@id":"https:\/\/semanasantaferrol.com\/gl\/#website","url":"https:\/\/semanasantaferrol.com\/gl\/","name":"Junta General de Cofrad\u00edas y Hermandades","description":"Semana Santa de Ferrol","publisher":{"@id":"https:\/\/semanasantaferrol.com\/gl\/#organization"},"alternateName":"Semana Santa de Ferrol","potentialAction":[{"@type":"SearchAction","target":{"@type":"EntryPoint","urlTemplate":"https:\/\/semanasantaferrol.com\/gl\/?s={search_term_string}"},"query-input":{"@type":"PropertyValueSpecification","valueRequired":true,"valueName":"search_term_string"}}],"inLanguage":"gl-ES"},{"@type":"Organization","@id":"https:\/\/semanasantaferrol.com\/gl\/#organization","name":"Junta General de Cofrad\u00edas y Hermandades de la Semana Santa de Ferrol","alternateName":"Junta de Cofrad\u00edas de la Semana Santa de Ferrol","url":"https:\/\/semanasantaferrol.com\/gl\/","logo":{"@type":"ImageObject","inLanguage":"gl-ES","@id":"https:\/\/semanasantaferrol.com\/gl\/#\/schema\/logo\/image\/","url":"https:\/\/semanasantaferrol.com\/wp-content\/uploads\/2022\/10\/junta_general_logo.svg","contentUrl":"https:\/\/semanasantaferrol.com\/wp-content\/uploads\/2022\/10\/junta_general_logo.svg","width":600,"height":790,"caption":"Junta General de Cofrad\u00edas y Hermandades de la Semana Santa de Ferrol"},"image":{"@id":"https:\/\/semanasantaferrol.com\/gl\/#\/schema\/logo\/image\/"},"sameAs":["https:\/\/www.facebook.com\/Juntageneraldecofradias\/","https:\/\/www.instagram.com\/juntageneralcofradiasferrol\/","https:\/\/www.youtube.com\/@semanasantadeferrol1616","https:\/\/www.tiktok.com\/@semanasantadeferrol"]},{"@type":"Person","@id":"https:\/\/semanasantaferrol.com\/gl\/#\/schema\/person\/cdd132690f08f75a35f05e2423e6307c","name":"pingota","image":{"@type":"ImageObject","inLanguage":"gl-ES","@id":"https:\/\/secure.gravatar.com\/avatar\/b1bb79ecdfb8d6f4c44a82262f8b422faeb290304fc5c6f8b9b4305bfaa2853c?s=96&d=mm&r=g","url":"https:\/\/secure.gravatar.com\/avatar\/b1bb79ecdfb8d6f4c44a82262f8b422faeb290304fc5c6f8b9b4305bfaa2853c?s=96&d=mm&r=g","contentUrl":"https:\/\/secure.gravatar.com\/avatar\/b1bb79ecdfb8d6f4c44a82262f8b422faeb290304fc5c6f8b9b4305bfaa2853c?s=96&d=mm&r=g","caption":"pingota"},"url":"https:\/\/semanasantaferrol.com\/gl"}]}},"_links":{"self":[{"href":"https:\/\/semanasantaferrol.com\/gl\/wp-json\/wp\/v2\/posts\/6676","targetHints":{"allow":["GET"]}}],"collection":[{"href":"https:\/\/semanasantaferrol.com\/gl\/wp-json\/wp\/v2\/posts"}],"about":[{"href":"https:\/\/semanasantaferrol.com\/gl\/wp-json\/wp\/v2\/types\/post"}],"author":[{"embeddable":true,"href":"https:\/\/semanasantaferrol.com\/gl\/wp-json\/wp\/v2\/users\/3"}],"replies":[{"embeddable":true,"href":"https:\/\/semanasantaferrol.com\/gl\/wp-json\/wp\/v2\/comments?post=6676"}],"version-history":[{"count":2,"href":"https:\/\/semanasantaferrol.com\/gl\/wp-json\/wp\/v2\/posts\/6676\/revisions"}],"predecessor-version":[{"id":6711,"href":"https:\/\/semanasantaferrol.com\/gl\/wp-json\/wp\/v2\/posts\/6676\/revisions\/6711"}],"wp:featuredmedia":[{"embeddable":true,"href":"https:\/\/semanasantaferrol.com\/gl\/wp-json\/wp\/v2\/media\/6674"}],"wp:attachment":[{"href":"https:\/\/semanasantaferrol.com\/gl\/wp-json\/wp\/v2\/media?parent=6676"}],"wp:term":[{"taxonomy":"category","embeddable":true,"href":"https:\/\/semanasantaferrol.com\/gl\/wp-json\/wp\/v2\/categories?post=6676"},{"taxonomy":"post_tag","embeddable":true,"href":"https:\/\/semanasantaferrol.com\/gl\/wp-json\/wp\/v2\/tags?post=6676"}],"curies":[{"name":"wp","href":"https:\/\/api.w.org\/{rel}","templated":true}]}}