{"id":6304,"date":"2023-07-11T07:37:53","date_gmt":"2023-07-11T07:37:53","guid":{"rendered":"https:\/\/semanasantaferrol.com\/?p=6304"},"modified":"2023-07-11T07:45:49","modified_gmt":"2023-07-11T07:45:49","slug":"a-procesion-do-carme-saira-este-sabado-as-2000h-da-capela-da-merce","status":"publish","type":"post","link":"https:\/\/semanasantaferrol.com\/gl\/a-procesion-do-carme-saira-este-sabado-as-2000h-da-capela-da-merce\/","title":{"rendered":"A procesi\u00f3n do Carme sair\u00e1 este s\u00e1bado, \u00e1s 20:00h, da capela da Merc\u00e9"},"content":{"rendered":"<p>A Xunta Xeral de Confrar\u00edas e Irmandades da Semana Santa de Ferrol celebrar\u00e1 o vindeiro s\u00e1bado d\u00eda 15 a procesi\u00f3n en honor da Virxe do Carme. Tr\u00e1tase dun desfile que a entidade institu\u00edu o pasado ano e que encaixa plenamente co car\u00e1cter matinero da cidade. Na s\u00faa estrea en 2022 partiu da igrexa do Carme, pero nesta ocasi\u00f3n farao desde a capela da Merc\u00e9, despois de que no seo da Xunta se decidise seguir nisto a quenda que rexe tam\u00e9n entre as cinco irmandades ferrol\u00e1s para a elecci\u00f3n de cartel cada ano.<\/p>\n<p>As\u00ed, a procesi\u00f3n do Carme sair\u00e1 o s\u00e1bado \u00e1s 20:00horas da capela da Merc\u00e9. <span lang=\"ES-TRAD\">Bordear\u00e1 a praza de Amboage ata a r\u00faa Real, pola que seguir\u00e1 cara a Ferrol Vello por Espartero. Discorrer\u00e1 despois polas r\u00faas Merc\u00e9 e Socorro e a continuaci\u00f3n polo Paseo da Mari\u00f1a e Esp\u00edrito Santo para entrar no Arsenal pola Porta do Parque. O desfile, que estar\u00e1 acompa\u00f1ado por la m\u00fasica de Acotaga, terminar\u00e1 al\u00ed cunha ofrenda floral no peirao do Arsenal na memoria de todas as persoas falecidas no mar, cunha lembranza especial para os que morren nas pateras intentando alcanzar o so\u00f1o de ter unha vida mellor. <\/span><\/p>\n<p>A Virxe do Carme quedar\u00e1 esa noite na Sala de Armas do Arsenal e situarase na ma\u00f1\u00e1 do domingo xunto \u00e1 Cruz dos Ca\u00eddos, presidindo os actos da Armada.<\/p>\n<p>A Autoridade Portuaria organiza, coa colaboraci\u00f3n da Xunta, a procesi\u00f3n mar\u00edtima que ter\u00e1 lugar esa mesma tarde. As 19.00h sair\u00e1 o desfile pola Porta da Cortina e ir\u00e1 bordeando o peirao ata o lugar de embarque, onde haber\u00e1 espazo para que o p\u00fablico poida ver a procesi\u00f3n mar\u00edtima desde terra ou no seu caso embarcar. Ao seu regreso, a retirada ser\u00e1 na igrexa do Socorro.<\/p>\n<p>A procesi\u00f3n da Virxe do Carme \u00e9 unha tradici\u00f3n que quere consolidar a Xunta de Confrar\u00edas en Ferrol, despois de m\u00e1is de 70 anos desde que se celebrou por \u00faltima vez. Para iso, as irmandades encargaron ao imaxineiro Negr\u00ed Acevedo, autor tam\u00e9n doutras tallas da Semana Santa ferrol\u00e1, a realizaci\u00f3n dunha imaxe de candeleiro que representa \u00e1 Virxe do Carme co seu Neno en brazos. Estaba previsto que a estrea se producise antes, no ver\u00e1n de 2020, pero a pandemia trastornou os plans iniciais e atrasouse ata 2022.<\/p>\n","protected":false},"excerpt":{"rendered":"<p>A Xunta Xeral de Confrar\u00edas e Irmandades da Semana Santa de Ferrol celebrar\u00e1 o vindeiro s\u00e1bado d\u00eda 15 a procesi\u00f3n en honor da Virxe do Carme. Tr\u00e1tase dun desfile que a entidade institu\u00edu o pasado ano e que encaixa plenamente co car\u00e1cter matinero da cidade. Na s\u00faa estrea en 2022 partiu da igrexa do Carme, [&hellip;]<\/p>\n","protected":false},"author":3,"featured_media":6302,"comment_status":"open","ping_status":"open","sticky":false,"template":"","format":"standard","meta":{"footnotes":""},"categories":[39],"tags":[],"class_list":["post-6304","post","type-post","status-publish","format-standard","has-post-thumbnail","hentry","category-xunta"],"yoast_head":"<!-- This site is optimized with the Yoast SEO plugin v27.5 - https:\/\/yoast.com\/product\/yoast-seo-wordpress\/ -->\n<title>A procesi\u00f3n do Carme sair\u00e1 este s\u00e1bado, \u00e1s 20:00h, da capela da Merc\u00e9 - Junta General de Cofrad\u00edas y Hermandades<\/title>\n<meta name=\"robots\" content=\"index, follow, max-snippet:-1, max-image-preview:large, max-video-preview:-1\" \/>\n<link rel=\"canonical\" href=\"https:\/\/semanasantaferrol.com\/gl\/a-procesion-do-carme-saira-este-sabado-as-2000h-da-capela-da-merce\/\" \/>\n<meta property=\"og:locale\" content=\"gl_ES\" \/>\n<meta property=\"og:type\" content=\"article\" \/>\n<meta property=\"og:title\" content=\"A procesi\u00f3n do Carme sair\u00e1 este s\u00e1bado, \u00e1s 20:00h, da capela da Merc\u00e9 - Junta General de Cofrad\u00edas y Hermandades\" \/>\n<meta property=\"og:description\" content=\"A Xunta Xeral de Confrar\u00edas e Irmandades da Semana Santa de Ferrol celebrar\u00e1 o vindeiro s\u00e1bado d\u00eda 15 a procesi\u00f3n en honor da Virxe do Carme. Tr\u00e1tase dun desfile que a entidade institu\u00edu o pasado ano e que encaixa plenamente co car\u00e1cter matinero da cidade. Na s\u00faa estrea en 2022 partiu da igrexa do Carme, [&hellip;]\" \/>\n<meta property=\"og:url\" content=\"https:\/\/semanasantaferrol.com\/gl\/a-procesion-do-carme-saira-este-sabado-as-2000h-da-capela-da-merce\/\" \/>\n<meta property=\"og:site_name\" content=\"Junta General de Cofrad\u00edas y Hermandades\" \/>\n<meta property=\"article:publisher\" content=\"https:\/\/www.facebook.com\/Juntageneraldecofradias\/\" \/>\n<meta property=\"article:published_time\" content=\"2023-07-11T07:37:53+00:00\" \/>\n<meta property=\"article:modified_time\" content=\"2023-07-11T07:45:49+00:00\" \/>\n<meta property=\"og:image\" content=\"https:\/\/semanasantaferrol.com\/wp-content\/uploads\/2023\/06\/carmen-e1693927480244.jpg\" \/>\n\t<meta property=\"og:image:width\" content=\"1500\" \/>\n\t<meta property=\"og:image:height\" content=\"1000\" \/>\n\t<meta property=\"og:image:type\" content=\"image\/jpeg\" \/>\n<meta name=\"author\" content=\"pingota\" \/>\n<meta name=\"twitter:card\" content=\"summary_large_image\" \/>\n<meta name=\"twitter:label1\" content=\"Escrito por\" \/>\n\t<meta name=\"twitter:data1\" content=\"pingota\" \/>\n\t<meta name=\"twitter:label2\" content=\"Tempo de lectura\" \/>\n\t<meta name=\"twitter:data2\" content=\"2 minutos\" \/>\n<script type=\"application\/ld+json\" class=\"yoast-schema-graph\">{\"@context\":\"https:\\\/\\\/schema.org\",\"@graph\":[{\"@type\":\"Article\",\"@id\":\"https:\\\/\\\/semanasantaferrol.com\\\/gl\\\/a-procesion-do-carme-saira-este-sabado-as-2000h-da-capela-da-merce\\\/#article\",\"isPartOf\":{\"@id\":\"https:\\\/\\\/semanasantaferrol.com\\\/gl\\\/a-procesion-do-carme-saira-este-sabado-as-2000h-da-capela-da-merce\\\/\"},\"author\":{\"name\":\"pingota\",\"@id\":\"https:\\\/\\\/semanasantaferrol.com\\\/gl\\\/#\\\/schema\\\/person\\\/cdd132690f08f75a35f05e2423e6307c\"},\"headline\":\"A procesi\u00f3n do Carme sair\u00e1 este s\u00e1bado, \u00e1s 20:00h, da capela da Merc\u00e9\",\"datePublished\":\"2023-07-11T07:37:53+00:00\",\"dateModified\":\"2023-07-11T07:45:49+00:00\",\"mainEntityOfPage\":{\"@id\":\"https:\\\/\\\/semanasantaferrol.com\\\/gl\\\/a-procesion-do-carme-saira-este-sabado-as-2000h-da-capela-da-merce\\\/\"},\"wordCount\":420,\"commentCount\":0,\"publisher\":{\"@id\":\"https:\\\/\\\/semanasantaferrol.com\\\/gl\\\/#organization\"},\"image\":{\"@id\":\"https:\\\/\\\/semanasantaferrol.com\\\/gl\\\/a-procesion-do-carme-saira-este-sabado-as-2000h-da-capela-da-merce\\\/#primaryimage\"},\"thumbnailUrl\":\"https:\\\/\\\/semanasantaferrol.com\\\/wp-content\\\/uploads\\\/2023\\\/06\\\/carmen-e1693927480244.jpg\",\"articleSection\":[\"Xunta\"],\"inLanguage\":\"gl-ES\",\"potentialAction\":[{\"@type\":\"CommentAction\",\"name\":\"Comment\",\"target\":[\"https:\\\/\\\/semanasantaferrol.com\\\/gl\\\/a-procesion-do-carme-saira-este-sabado-as-2000h-da-capela-da-merce\\\/#respond\"]}]},{\"@type\":\"WebPage\",\"@id\":\"https:\\\/\\\/semanasantaferrol.com\\\/gl\\\/a-procesion-do-carme-saira-este-sabado-as-2000h-da-capela-da-merce\\\/\",\"url\":\"https:\\\/\\\/semanasantaferrol.com\\\/gl\\\/a-procesion-do-carme-saira-este-sabado-as-2000h-da-capela-da-merce\\\/\",\"name\":\"A procesi\u00f3n do Carme sair\u00e1 este s\u00e1bado, \u00e1s 20:00h, da capela da Merc\u00e9 - Junta General de Cofrad\u00edas y Hermandades\",\"isPartOf\":{\"@id\":\"https:\\\/\\\/semanasantaferrol.com\\\/gl\\\/#website\"},\"primaryImageOfPage\":{\"@id\":\"https:\\\/\\\/semanasantaferrol.com\\\/gl\\\/a-procesion-do-carme-saira-este-sabado-as-2000h-da-capela-da-merce\\\/#primaryimage\"},\"image\":{\"@id\":\"https:\\\/\\\/semanasantaferrol.com\\\/gl\\\/a-procesion-do-carme-saira-este-sabado-as-2000h-da-capela-da-merce\\\/#primaryimage\"},\"thumbnailUrl\":\"https:\\\/\\\/semanasantaferrol.com\\\/wp-content\\\/uploads\\\/2023\\\/06\\\/carmen-e1693927480244.jpg\",\"datePublished\":\"2023-07-11T07:37:53+00:00\",\"dateModified\":\"2023-07-11T07:45:49+00:00\",\"breadcrumb\":{\"@id\":\"https:\\\/\\\/semanasantaferrol.com\\\/gl\\\/a-procesion-do-carme-saira-este-sabado-as-2000h-da-capela-da-merce\\\/#breadcrumb\"},\"inLanguage\":\"gl-ES\",\"potentialAction\":[{\"@type\":\"ReadAction\",\"target\":[\"https:\\\/\\\/semanasantaferrol.com\\\/gl\\\/a-procesion-do-carme-saira-este-sabado-as-2000h-da-capela-da-merce\\\/\"]}]},{\"@type\":\"ImageObject\",\"inLanguage\":\"gl-ES\",\"@id\":\"https:\\\/\\\/semanasantaferrol.com\\\/gl\\\/a-procesion-do-carme-saira-este-sabado-as-2000h-da-capela-da-merce\\\/#primaryimage\",\"url\":\"https:\\\/\\\/semanasantaferrol.com\\\/wp-content\\\/uploads\\\/2023\\\/06\\\/carmen-e1693927480244.jpg\",\"contentUrl\":\"https:\\\/\\\/semanasantaferrol.com\\\/wp-content\\\/uploads\\\/2023\\\/06\\\/carmen-e1693927480244.jpg\",\"width\":1500,\"height\":1000},{\"@type\":\"BreadcrumbList\",\"@id\":\"https:\\\/\\\/semanasantaferrol.com\\\/gl\\\/a-procesion-do-carme-saira-este-sabado-as-2000h-da-capela-da-merce\\\/#breadcrumb\",\"itemListElement\":[{\"@type\":\"ListItem\",\"position\":1,\"name\":\"Portada\",\"item\":\"https:\\\/\\\/semanasantaferrol.com\\\/gl\\\/\"},{\"@type\":\"ListItem\",\"position\":2,\"name\":\"A procesi\u00f3n do Carme sair\u00e1 este s\u00e1bado, \u00e1s 20:00h, da capela da Merc\u00e9\"}]},{\"@type\":\"WebSite\",\"@id\":\"https:\\\/\\\/semanasantaferrol.com\\\/gl\\\/#website\",\"url\":\"https:\\\/\\\/semanasantaferrol.com\\\/gl\\\/\",\"name\":\"Junta General de Cofrad\u00edas y Hermandades\",\"description\":\"Semana Santa de Ferrol\",\"publisher\":{\"@id\":\"https:\\\/\\\/semanasantaferrol.com\\\/gl\\\/#organization\"},\"alternateName\":\"Semana Santa de Ferrol\",\"potentialAction\":[{\"@type\":\"SearchAction\",\"target\":{\"@type\":\"EntryPoint\",\"urlTemplate\":\"https:\\\/\\\/semanasantaferrol.com\\\/gl\\\/?s={search_term_string}\"},\"query-input\":{\"@type\":\"PropertyValueSpecification\",\"valueRequired\":true,\"valueName\":\"search_term_string\"}}],\"inLanguage\":\"gl-ES\"},{\"@type\":\"Organization\",\"@id\":\"https:\\\/\\\/semanasantaferrol.com\\\/gl\\\/#organization\",\"name\":\"Junta General de Cofrad\u00edas y Hermandades de la Semana Santa de Ferrol\",\"alternateName\":\"Junta de Cofrad\u00edas de la Semana Santa de Ferrol\",\"url\":\"https:\\\/\\\/semanasantaferrol.com\\\/gl\\\/\",\"logo\":{\"@type\":\"ImageObject\",\"inLanguage\":\"gl-ES\",\"@id\":\"https:\\\/\\\/semanasantaferrol.com\\\/gl\\\/#\\\/schema\\\/logo\\\/image\\\/\",\"url\":\"https:\\\/\\\/semanasantaferrol.com\\\/wp-content\\\/uploads\\\/2022\\\/10\\\/junta_general_logo.svg\",\"contentUrl\":\"https:\\\/\\\/semanasantaferrol.com\\\/wp-content\\\/uploads\\\/2022\\\/10\\\/junta_general_logo.svg\",\"width\":600,\"height\":790,\"caption\":\"Junta General de Cofrad\u00edas y Hermandades de la Semana Santa de Ferrol\"},\"image\":{\"@id\":\"https:\\\/\\\/semanasantaferrol.com\\\/gl\\\/#\\\/schema\\\/logo\\\/image\\\/\"},\"sameAs\":[\"https:\\\/\\\/www.facebook.com\\\/Juntageneraldecofradias\\\/\",\"https:\\\/\\\/www.instagram.com\\\/juntageneralcofradiasferrol\\\/\",\"https:\\\/\\\/www.youtube.com\\\/@semanasantadeferrol1616\",\"https:\\\/\\\/www.tiktok.com\\\/@semanasantadeferrol\"]},{\"@type\":\"Person\",\"@id\":\"https:\\\/\\\/semanasantaferrol.com\\\/gl\\\/#\\\/schema\\\/person\\\/cdd132690f08f75a35f05e2423e6307c\",\"name\":\"pingota\",\"image\":{\"@type\":\"ImageObject\",\"inLanguage\":\"gl-ES\",\"@id\":\"https:\\\/\\\/secure.gravatar.com\\\/avatar\\\/b1bb79ecdfb8d6f4c44a82262f8b422faeb290304fc5c6f8b9b4305bfaa2853c?s=96&d=mm&r=g\",\"url\":\"https:\\\/\\\/secure.gravatar.com\\\/avatar\\\/b1bb79ecdfb8d6f4c44a82262f8b422faeb290304fc5c6f8b9b4305bfaa2853c?s=96&d=mm&r=g\",\"contentUrl\":\"https:\\\/\\\/secure.gravatar.com\\\/avatar\\\/b1bb79ecdfb8d6f4c44a82262f8b422faeb290304fc5c6f8b9b4305bfaa2853c?s=96&d=mm&r=g\",\"caption\":\"pingota\"},\"url\":\"https:\\\/\\\/semanasantaferrol.com\\\/gl\"}]}<\/script>\n<!-- \/ Yoast SEO plugin. -->","yoast_head_json":{"title":"A procesi\u00f3n do Carme sair\u00e1 este s\u00e1bado, \u00e1s 20:00h, da capela da Merc\u00e9 - Junta General de Cofrad\u00edas y Hermandades","robots":{"index":"index","follow":"follow","max-snippet":"max-snippet:-1","max-image-preview":"max-image-preview:large","max-video-preview":"max-video-preview:-1"},"canonical":"https:\/\/semanasantaferrol.com\/gl\/a-procesion-do-carme-saira-este-sabado-as-2000h-da-capela-da-merce\/","og_locale":"gl_ES","og_type":"article","og_title":"A procesi\u00f3n do Carme sair\u00e1 este s\u00e1bado, \u00e1s 20:00h, da capela da Merc\u00e9 - Junta General de Cofrad\u00edas y Hermandades","og_description":"A Xunta Xeral de Confrar\u00edas e Irmandades da Semana Santa de Ferrol celebrar\u00e1 o vindeiro s\u00e1bado d\u00eda 15 a procesi\u00f3n en honor da Virxe do Carme. Tr\u00e1tase dun desfile que a entidade institu\u00edu o pasado ano e que encaixa plenamente co car\u00e1cter matinero da cidade. Na s\u00faa estrea en 2022 partiu da igrexa do Carme, [&hellip;]","og_url":"https:\/\/semanasantaferrol.com\/gl\/a-procesion-do-carme-saira-este-sabado-as-2000h-da-capela-da-merce\/","og_site_name":"Junta General de Cofrad\u00edas y Hermandades","article_publisher":"https:\/\/www.facebook.com\/Juntageneraldecofradias\/","article_published_time":"2023-07-11T07:37:53+00:00","article_modified_time":"2023-07-11T07:45:49+00:00","og_image":[{"width":1500,"height":1000,"url":"https:\/\/semanasantaferrol.com\/wp-content\/uploads\/2023\/06\/carmen-e1693927480244.jpg","type":"image\/jpeg"}],"author":"pingota","twitter_card":"summary_large_image","twitter_misc":{"Escrito por":"pingota","Tempo de lectura":"2 minutos"},"schema":{"@context":"https:\/\/schema.org","@graph":[{"@type":"Article","@id":"https:\/\/semanasantaferrol.com\/gl\/a-procesion-do-carme-saira-este-sabado-as-2000h-da-capela-da-merce\/#article","isPartOf":{"@id":"https:\/\/semanasantaferrol.com\/gl\/a-procesion-do-carme-saira-este-sabado-as-2000h-da-capela-da-merce\/"},"author":{"name":"pingota","@id":"https:\/\/semanasantaferrol.com\/gl\/#\/schema\/person\/cdd132690f08f75a35f05e2423e6307c"},"headline":"A procesi\u00f3n do Carme sair\u00e1 este s\u00e1bado, \u00e1s 20:00h, da capela da Merc\u00e9","datePublished":"2023-07-11T07:37:53+00:00","dateModified":"2023-07-11T07:45:49+00:00","mainEntityOfPage":{"@id":"https:\/\/semanasantaferrol.com\/gl\/a-procesion-do-carme-saira-este-sabado-as-2000h-da-capela-da-merce\/"},"wordCount":420,"commentCount":0,"publisher":{"@id":"https:\/\/semanasantaferrol.com\/gl\/#organization"},"image":{"@id":"https:\/\/semanasantaferrol.com\/gl\/a-procesion-do-carme-saira-este-sabado-as-2000h-da-capela-da-merce\/#primaryimage"},"thumbnailUrl":"https:\/\/semanasantaferrol.com\/wp-content\/uploads\/2023\/06\/carmen-e1693927480244.jpg","articleSection":["Xunta"],"inLanguage":"gl-ES","potentialAction":[{"@type":"CommentAction","name":"Comment","target":["https:\/\/semanasantaferrol.com\/gl\/a-procesion-do-carme-saira-este-sabado-as-2000h-da-capela-da-merce\/#respond"]}]},{"@type":"WebPage","@id":"https:\/\/semanasantaferrol.com\/gl\/a-procesion-do-carme-saira-este-sabado-as-2000h-da-capela-da-merce\/","url":"https:\/\/semanasantaferrol.com\/gl\/a-procesion-do-carme-saira-este-sabado-as-2000h-da-capela-da-merce\/","name":"A procesi\u00f3n do Carme sair\u00e1 este s\u00e1bado, \u00e1s 20:00h, da capela da Merc\u00e9 - Junta General de Cofrad\u00edas y Hermandades","isPartOf":{"@id":"https:\/\/semanasantaferrol.com\/gl\/#website"},"primaryImageOfPage":{"@id":"https:\/\/semanasantaferrol.com\/gl\/a-procesion-do-carme-saira-este-sabado-as-2000h-da-capela-da-merce\/#primaryimage"},"image":{"@id":"https:\/\/semanasantaferrol.com\/gl\/a-procesion-do-carme-saira-este-sabado-as-2000h-da-capela-da-merce\/#primaryimage"},"thumbnailUrl":"https:\/\/semanasantaferrol.com\/wp-content\/uploads\/2023\/06\/carmen-e1693927480244.jpg","datePublished":"2023-07-11T07:37:53+00:00","dateModified":"2023-07-11T07:45:49+00:00","breadcrumb":{"@id":"https:\/\/semanasantaferrol.com\/gl\/a-procesion-do-carme-saira-este-sabado-as-2000h-da-capela-da-merce\/#breadcrumb"},"inLanguage":"gl-ES","potentialAction":[{"@type":"ReadAction","target":["https:\/\/semanasantaferrol.com\/gl\/a-procesion-do-carme-saira-este-sabado-as-2000h-da-capela-da-merce\/"]}]},{"@type":"ImageObject","inLanguage":"gl-ES","@id":"https:\/\/semanasantaferrol.com\/gl\/a-procesion-do-carme-saira-este-sabado-as-2000h-da-capela-da-merce\/#primaryimage","url":"https:\/\/semanasantaferrol.com\/wp-content\/uploads\/2023\/06\/carmen-e1693927480244.jpg","contentUrl":"https:\/\/semanasantaferrol.com\/wp-content\/uploads\/2023\/06\/carmen-e1693927480244.jpg","width":1500,"height":1000},{"@type":"BreadcrumbList","@id":"https:\/\/semanasantaferrol.com\/gl\/a-procesion-do-carme-saira-este-sabado-as-2000h-da-capela-da-merce\/#breadcrumb","itemListElement":[{"@type":"ListItem","position":1,"name":"Portada","item":"https:\/\/semanasantaferrol.com\/gl\/"},{"@type":"ListItem","position":2,"name":"A procesi\u00f3n do Carme sair\u00e1 este s\u00e1bado, \u00e1s 20:00h, da capela da Merc\u00e9"}]},{"@type":"WebSite","@id":"https:\/\/semanasantaferrol.com\/gl\/#website","url":"https:\/\/semanasantaferrol.com\/gl\/","name":"Junta General de Cofrad\u00edas y Hermandades","description":"Semana Santa de Ferrol","publisher":{"@id":"https:\/\/semanasantaferrol.com\/gl\/#organization"},"alternateName":"Semana Santa de Ferrol","potentialAction":[{"@type":"SearchAction","target":{"@type":"EntryPoint","urlTemplate":"https:\/\/semanasantaferrol.com\/gl\/?s={search_term_string}"},"query-input":{"@type":"PropertyValueSpecification","valueRequired":true,"valueName":"search_term_string"}}],"inLanguage":"gl-ES"},{"@type":"Organization","@id":"https:\/\/semanasantaferrol.com\/gl\/#organization","name":"Junta General de Cofrad\u00edas y Hermandades de la Semana Santa de Ferrol","alternateName":"Junta de Cofrad\u00edas de la Semana Santa de Ferrol","url":"https:\/\/semanasantaferrol.com\/gl\/","logo":{"@type":"ImageObject","inLanguage":"gl-ES","@id":"https:\/\/semanasantaferrol.com\/gl\/#\/schema\/logo\/image\/","url":"https:\/\/semanasantaferrol.com\/wp-content\/uploads\/2022\/10\/junta_general_logo.svg","contentUrl":"https:\/\/semanasantaferrol.com\/wp-content\/uploads\/2022\/10\/junta_general_logo.svg","width":600,"height":790,"caption":"Junta General de Cofrad\u00edas y Hermandades de la Semana Santa de Ferrol"},"image":{"@id":"https:\/\/semanasantaferrol.com\/gl\/#\/schema\/logo\/image\/"},"sameAs":["https:\/\/www.facebook.com\/Juntageneraldecofradias\/","https:\/\/www.instagram.com\/juntageneralcofradiasferrol\/","https:\/\/www.youtube.com\/@semanasantadeferrol1616","https:\/\/www.tiktok.com\/@semanasantadeferrol"]},{"@type":"Person","@id":"https:\/\/semanasantaferrol.com\/gl\/#\/schema\/person\/cdd132690f08f75a35f05e2423e6307c","name":"pingota","image":{"@type":"ImageObject","inLanguage":"gl-ES","@id":"https:\/\/secure.gravatar.com\/avatar\/b1bb79ecdfb8d6f4c44a82262f8b422faeb290304fc5c6f8b9b4305bfaa2853c?s=96&d=mm&r=g","url":"https:\/\/secure.gravatar.com\/avatar\/b1bb79ecdfb8d6f4c44a82262f8b422faeb290304fc5c6f8b9b4305bfaa2853c?s=96&d=mm&r=g","contentUrl":"https:\/\/secure.gravatar.com\/avatar\/b1bb79ecdfb8d6f4c44a82262f8b422faeb290304fc5c6f8b9b4305bfaa2853c?s=96&d=mm&r=g","caption":"pingota"},"url":"https:\/\/semanasantaferrol.com\/gl"}]}},"_links":{"self":[{"href":"https:\/\/semanasantaferrol.com\/gl\/wp-json\/wp\/v2\/posts\/6304","targetHints":{"allow":["GET"]}}],"collection":[{"href":"https:\/\/semanasantaferrol.com\/gl\/wp-json\/wp\/v2\/posts"}],"about":[{"href":"https:\/\/semanasantaferrol.com\/gl\/wp-json\/wp\/v2\/types\/post"}],"author":[{"embeddable":true,"href":"https:\/\/semanasantaferrol.com\/gl\/wp-json\/wp\/v2\/users\/3"}],"replies":[{"embeddable":true,"href":"https:\/\/semanasantaferrol.com\/gl\/wp-json\/wp\/v2\/comments?post=6304"}],"version-history":[{"count":2,"href":"https:\/\/semanasantaferrol.com\/gl\/wp-json\/wp\/v2\/posts\/6304\/revisions"}],"predecessor-version":[{"id":6341,"href":"https:\/\/semanasantaferrol.com\/gl\/wp-json\/wp\/v2\/posts\/6304\/revisions\/6341"}],"wp:featuredmedia":[{"embeddable":true,"href":"https:\/\/semanasantaferrol.com\/gl\/wp-json\/wp\/v2\/media\/6302"}],"wp:attachment":[{"href":"https:\/\/semanasantaferrol.com\/gl\/wp-json\/wp\/v2\/media?parent=6304"}],"wp:term":[{"taxonomy":"category","embeddable":true,"href":"https:\/\/semanasantaferrol.com\/gl\/wp-json\/wp\/v2\/categories?post=6304"},{"taxonomy":"post_tag","embeddable":true,"href":"https:\/\/semanasantaferrol.com\/gl\/wp-json\/wp\/v2\/tags?post=6304"}],"curies":[{"name":"wp","href":"https:\/\/api.w.org\/{rel}","templated":true}]}}