{"id":6179,"date":"2023-05-22T08:29:51","date_gmt":"2023-05-22T08:29:51","guid":{"rendered":"https:\/\/semanasantaferrol.com\/a-confraria-das-angustias-celebra-a-partir-do-26-a-sua-novena-na-honra-da-patroa-de-esteiro\/"},"modified":"2023-05-22T08:29:51","modified_gmt":"2023-05-22T08:29:51","slug":"a-confraria-das-angustias-celebra-a-partir-do-26-a-sua-novena-na-honra-da-patroa-de-esteiro","status":"publish","type":"post","link":"https:\/\/semanasantaferrol.com\/gl\/a-confraria-das-angustias-celebra-a-partir-do-26-a-sua-novena-na-honra-da-patroa-de-esteiro\/","title":{"rendered":"A Confrar\u00eda das Angustias celebra a partir do 26 a s\u00faa novena na honra da patroa de Esteiro."},"content":{"rendered":"<p>A Confrar\u00eda das Angustias celebra a partir deste venres, d\u00eda 26 de maio, a Novena \u00e1 Virxe das Angustias, que preceder\u00e1 \u00e1 celebraci\u00f3n da s\u00faa festividade coa tradicional procesi\u00f3n. O santuario de Esteiro acoller\u00e1 os actos cos seguintes horarios:<\/p>\n<p><strong>De luns a s\u00e1bado:<\/strong><\/p>\n<p>09.00h: Eucarist\u00eda e novena<br \/>\n11.30h: Rosario.<br \/>\n12.00h: Novena e eucarist\u00eda<\/p>\n<p><strong>Domingo 28:<\/strong><\/p>\n<p>09.00h: Eucarist\u00eda e novena.<br \/>\n12.30h: Rosario<br \/>\n13.00h: Novena e eucarist\u00eda (acompa\u00f1ada pola Banda das Angustias).<\/p>\n<p>Ademais, os d\u00edas 2 e 3 de xu\u00f1o haber\u00e1 a <strong>solemne veneraci\u00f3n<\/strong> \u00e1 Virxen das Angustias, o venres de 17.30 a 20.30h e o s\u00e1bado das 09.00 \u00e1s 20.00 horas.<\/p>\n<p>O d\u00eda 4 de xu\u00f1o, festividade da Virxe das Angustias, est\u00e1 previsto que a banda ofreza un pasarr\u00faas \u00e1s 11.00h. \u00c1s 12.00h ser\u00e1 a misa solemne, acompa\u00f1ada polo coro Armon\u00eda. Ao finalizar sair\u00e1 a <strong>tradicional procesi\u00f3n<\/strong>, na que a imaxe realiza un percorrido polo barrio de Esteiro.<\/p>\n<p>&nbsp;<\/p>\n<p><img fetchpriority=\"high\" decoding=\"async\" class=\"wp-image-6173 aligncenter\" src=\"https:\/\/semanasantaferrol.com\/wp-content\/uploads\/2023\/05\/novena-patrona.jpeg\" alt=\"\" width=\"1000\" height=\"1415\" srcset=\"https:\/\/semanasantaferrol.com\/wp-content\/uploads\/2023\/05\/novena-patrona.jpeg 1131w, https:\/\/semanasantaferrol.com\/wp-content\/uploads\/2023\/05\/novena-patrona-159x225.jpeg 159w, https:\/\/semanasantaferrol.com\/wp-content\/uploads\/2023\/05\/novena-patrona-724x1024.jpeg 724w, https:\/\/semanasantaferrol.com\/wp-content\/uploads\/2023\/05\/novena-patrona-768x1086.jpeg 768w, https:\/\/semanasantaferrol.com\/wp-content\/uploads\/2023\/05\/novena-patrona-1086x1536.jpeg 1086w\" sizes=\"(max-width: 1000px) 100vw, 1000px\" \/><\/p>\n","protected":false},"excerpt":{"rendered":"<p>A Confrar\u00eda das Angustias celebra a partir deste venres, d\u00eda 26 de maio, a Novena \u00e1 Virxe das Angustias, que preceder\u00e1 \u00e1 celebraci\u00f3n da s\u00faa festividade coa tradicional procesi\u00f3n. O santuario de Esteiro acoller\u00e1 os actos cos seguintes horarios: De luns a s\u00e1bado: 09.00h: Eucarist\u00eda e novena 11.30h: Rosario. 12.00h: Novena e eucarist\u00eda Domingo 28: [&hellip;]<\/p>\n","protected":false},"author":3,"featured_media":6178,"comment_status":"open","ping_status":"open","sticky":false,"template":"","format":"standard","meta":{"footnotes":""},"categories":[32],"tags":[],"class_list":["post-6179","post","type-post","status-publish","format-standard","has-post-thumbnail","hentry","category-angustias-gl"],"yoast_head":"<!-- This site is optimized with the Yoast SEO plugin v27.5 - https:\/\/yoast.com\/product\/yoast-seo-wordpress\/ -->\n<title>A Confrar\u00eda das Angustias celebra a partir do 26 a s\u00faa novena na honra da patroa de Esteiro. - Junta General de Cofrad\u00edas y Hermandades<\/title>\n<meta name=\"description\" content=\"A Novena \u00e1 Virxe das Angustias celebrarase desde o 26 de maio ao 4 de xu\u00f1o, data da tradicional procesi\u00f3n.\" \/>\n<meta name=\"robots\" content=\"index, follow, max-snippet:-1, max-image-preview:large, max-video-preview:-1\" \/>\n<link rel=\"canonical\" href=\"https:\/\/semanasantaferrol.com\/gl\/a-confraria-das-angustias-celebra-a-partir-do-26-a-sua-novena-na-honra-da-patroa-de-esteiro\/\" \/>\n<meta property=\"og:locale\" content=\"gl_ES\" \/>\n<meta property=\"og:type\" content=\"article\" \/>\n<meta property=\"og:title\" content=\"A Confrar\u00eda das Angustias celebra a partir do 26 a s\u00faa novena na honra da patroa de Esteiro. - Junta General de Cofrad\u00edas y Hermandades\" \/>\n<meta property=\"og:description\" content=\"A Novena \u00e1 Virxe das Angustias celebrarase desde o 26 de maio ao 4 de xu\u00f1o, data da tradicional procesi\u00f3n.\" \/>\n<meta property=\"og:url\" content=\"https:\/\/semanasantaferrol.com\/gl\/a-confraria-das-angustias-celebra-a-partir-do-26-a-sua-novena-na-honra-da-patroa-de-esteiro\/\" \/>\n<meta property=\"og:site_name\" content=\"Junta General de Cofrad\u00edas y Hermandades\" \/>\n<meta property=\"article:publisher\" content=\"https:\/\/www.facebook.com\/Juntageneraldecofradias\/\" \/>\n<meta property=\"article:published_time\" content=\"2023-05-22T08:29:51+00:00\" \/>\n<meta property=\"og:image\" content=\"https:\/\/semanasantaferrol.com\/wp-content\/uploads\/2023\/05\/MG_3239-scaled.jpg\" \/>\n\t<meta property=\"og:image:width\" content=\"2560\" \/>\n\t<meta property=\"og:image:height\" content=\"1920\" \/>\n\t<meta property=\"og:image:type\" content=\"image\/jpeg\" \/>\n<meta name=\"author\" content=\"pingota\" \/>\n<meta name=\"twitter:card\" content=\"summary_large_image\" \/>\n<meta name=\"twitter:label1\" content=\"Escrito por\" \/>\n\t<meta name=\"twitter:data1\" content=\"pingota\" \/>\n\t<meta name=\"twitter:label2\" content=\"Tempo de lectura\" \/>\n\t<meta name=\"twitter:data2\" content=\"1 minuto\" \/>\n<script type=\"application\/ld+json\" class=\"yoast-schema-graph\">{\"@context\":\"https:\\\/\\\/schema.org\",\"@graph\":[{\"@type\":\"Article\",\"@id\":\"https:\\\/\\\/semanasantaferrol.com\\\/gl\\\/a-confraria-das-angustias-celebra-a-partir-do-26-a-sua-novena-na-honra-da-patroa-de-esteiro\\\/#article\",\"isPartOf\":{\"@id\":\"https:\\\/\\\/semanasantaferrol.com\\\/gl\\\/a-confraria-das-angustias-celebra-a-partir-do-26-a-sua-novena-na-honra-da-patroa-de-esteiro\\\/\"},\"author\":{\"name\":\"pingota\",\"@id\":\"https:\\\/\\\/semanasantaferrol.com\\\/gl\\\/#\\\/schema\\\/person\\\/cdd132690f08f75a35f05e2423e6307c\"},\"headline\":\"A Confrar\u00eda das Angustias celebra a partir do 26 a s\u00faa novena na honra da patroa de Esteiro.\",\"datePublished\":\"2023-05-22T08:29:51+00:00\",\"mainEntityOfPage\":{\"@id\":\"https:\\\/\\\/semanasantaferrol.com\\\/gl\\\/a-confraria-das-angustias-celebra-a-partir-do-26-a-sua-novena-na-honra-da-patroa-de-esteiro\\\/\"},\"wordCount\":177,\"commentCount\":0,\"publisher\":{\"@id\":\"https:\\\/\\\/semanasantaferrol.com\\\/gl\\\/#organization\"},\"image\":{\"@id\":\"https:\\\/\\\/semanasantaferrol.com\\\/gl\\\/a-confraria-das-angustias-celebra-a-partir-do-26-a-sua-novena-na-honra-da-patroa-de-esteiro\\\/#primaryimage\"},\"thumbnailUrl\":\"https:\\\/\\\/semanasantaferrol.com\\\/wp-content\\\/uploads\\\/2023\\\/05\\\/MG_3239-scaled.jpg\",\"articleSection\":[\"Angustias\"],\"inLanguage\":\"gl-ES\",\"potentialAction\":[{\"@type\":\"CommentAction\",\"name\":\"Comment\",\"target\":[\"https:\\\/\\\/semanasantaferrol.com\\\/gl\\\/a-confraria-das-angustias-celebra-a-partir-do-26-a-sua-novena-na-honra-da-patroa-de-esteiro\\\/#respond\"]}]},{\"@type\":\"WebPage\",\"@id\":\"https:\\\/\\\/semanasantaferrol.com\\\/gl\\\/a-confraria-das-angustias-celebra-a-partir-do-26-a-sua-novena-na-honra-da-patroa-de-esteiro\\\/\",\"url\":\"https:\\\/\\\/semanasantaferrol.com\\\/gl\\\/a-confraria-das-angustias-celebra-a-partir-do-26-a-sua-novena-na-honra-da-patroa-de-esteiro\\\/\",\"name\":\"A Confrar\u00eda das Angustias celebra a partir do 26 a s\u00faa novena na honra da patroa de Esteiro. - Junta General de Cofrad\u00edas y Hermandades\",\"isPartOf\":{\"@id\":\"https:\\\/\\\/semanasantaferrol.com\\\/gl\\\/#website\"},\"primaryImageOfPage\":{\"@id\":\"https:\\\/\\\/semanasantaferrol.com\\\/gl\\\/a-confraria-das-angustias-celebra-a-partir-do-26-a-sua-novena-na-honra-da-patroa-de-esteiro\\\/#primaryimage\"},\"image\":{\"@id\":\"https:\\\/\\\/semanasantaferrol.com\\\/gl\\\/a-confraria-das-angustias-celebra-a-partir-do-26-a-sua-novena-na-honra-da-patroa-de-esteiro\\\/#primaryimage\"},\"thumbnailUrl\":\"https:\\\/\\\/semanasantaferrol.com\\\/wp-content\\\/uploads\\\/2023\\\/05\\\/MG_3239-scaled.jpg\",\"datePublished\":\"2023-05-22T08:29:51+00:00\",\"description\":\"A Novena \u00e1 Virxe das Angustias celebrarase desde o 26 de maio ao 4 de xu\u00f1o, data da tradicional procesi\u00f3n.\",\"breadcrumb\":{\"@id\":\"https:\\\/\\\/semanasantaferrol.com\\\/gl\\\/a-confraria-das-angustias-celebra-a-partir-do-26-a-sua-novena-na-honra-da-patroa-de-esteiro\\\/#breadcrumb\"},\"inLanguage\":\"gl-ES\",\"potentialAction\":[{\"@type\":\"ReadAction\",\"target\":[\"https:\\\/\\\/semanasantaferrol.com\\\/gl\\\/a-confraria-das-angustias-celebra-a-partir-do-26-a-sua-novena-na-honra-da-patroa-de-esteiro\\\/\"]}]},{\"@type\":\"ImageObject\",\"inLanguage\":\"gl-ES\",\"@id\":\"https:\\\/\\\/semanasantaferrol.com\\\/gl\\\/a-confraria-das-angustias-celebra-a-partir-do-26-a-sua-novena-na-honra-da-patroa-de-esteiro\\\/#primaryimage\",\"url\":\"https:\\\/\\\/semanasantaferrol.com\\\/wp-content\\\/uploads\\\/2023\\\/05\\\/MG_3239-scaled.jpg\",\"contentUrl\":\"https:\\\/\\\/semanasantaferrol.com\\\/wp-content\\\/uploads\\\/2023\\\/05\\\/MG_3239-scaled.jpg\",\"width\":2560,\"height\":1920},{\"@type\":\"BreadcrumbList\",\"@id\":\"https:\\\/\\\/semanasantaferrol.com\\\/gl\\\/a-confraria-das-angustias-celebra-a-partir-do-26-a-sua-novena-na-honra-da-patroa-de-esteiro\\\/#breadcrumb\",\"itemListElement\":[{\"@type\":\"ListItem\",\"position\":1,\"name\":\"Portada\",\"item\":\"https:\\\/\\\/semanasantaferrol.com\\\/gl\\\/\"},{\"@type\":\"ListItem\",\"position\":2,\"name\":\"A Confrar\u00eda das Angustias celebra a partir do 26 a s\u00faa novena na honra da patroa de Esteiro.\"}]},{\"@type\":\"WebSite\",\"@id\":\"https:\\\/\\\/semanasantaferrol.com\\\/gl\\\/#website\",\"url\":\"https:\\\/\\\/semanasantaferrol.com\\\/gl\\\/\",\"name\":\"Junta General de Cofrad\u00edas y Hermandades\",\"description\":\"Semana Santa de Ferrol\",\"publisher\":{\"@id\":\"https:\\\/\\\/semanasantaferrol.com\\\/gl\\\/#organization\"},\"alternateName\":\"Semana Santa de Ferrol\",\"potentialAction\":[{\"@type\":\"SearchAction\",\"target\":{\"@type\":\"EntryPoint\",\"urlTemplate\":\"https:\\\/\\\/semanasantaferrol.com\\\/gl\\\/?s={search_term_string}\"},\"query-input\":{\"@type\":\"PropertyValueSpecification\",\"valueRequired\":true,\"valueName\":\"search_term_string\"}}],\"inLanguage\":\"gl-ES\"},{\"@type\":\"Organization\",\"@id\":\"https:\\\/\\\/semanasantaferrol.com\\\/gl\\\/#organization\",\"name\":\"Junta General de Cofrad\u00edas y Hermandades de la Semana Santa de Ferrol\",\"alternateName\":\"Junta de Cofrad\u00edas de la Semana Santa de Ferrol\",\"url\":\"https:\\\/\\\/semanasantaferrol.com\\\/gl\\\/\",\"logo\":{\"@type\":\"ImageObject\",\"inLanguage\":\"gl-ES\",\"@id\":\"https:\\\/\\\/semanasantaferrol.com\\\/gl\\\/#\\\/schema\\\/logo\\\/image\\\/\",\"url\":\"https:\\\/\\\/semanasantaferrol.com\\\/wp-content\\\/uploads\\\/2022\\\/10\\\/junta_general_logo.svg\",\"contentUrl\":\"https:\\\/\\\/semanasantaferrol.com\\\/wp-content\\\/uploads\\\/2022\\\/10\\\/junta_general_logo.svg\",\"width\":600,\"height\":790,\"caption\":\"Junta General de Cofrad\u00edas y Hermandades de la Semana Santa de Ferrol\"},\"image\":{\"@id\":\"https:\\\/\\\/semanasantaferrol.com\\\/gl\\\/#\\\/schema\\\/logo\\\/image\\\/\"},\"sameAs\":[\"https:\\\/\\\/www.facebook.com\\\/Juntageneraldecofradias\\\/\",\"https:\\\/\\\/www.instagram.com\\\/juntageneralcofradiasferrol\\\/\",\"https:\\\/\\\/www.youtube.com\\\/@semanasantadeferrol1616\",\"https:\\\/\\\/www.tiktok.com\\\/@semanasantadeferrol\"]},{\"@type\":\"Person\",\"@id\":\"https:\\\/\\\/semanasantaferrol.com\\\/gl\\\/#\\\/schema\\\/person\\\/cdd132690f08f75a35f05e2423e6307c\",\"name\":\"pingota\",\"image\":{\"@type\":\"ImageObject\",\"inLanguage\":\"gl-ES\",\"@id\":\"https:\\\/\\\/secure.gravatar.com\\\/avatar\\\/b1bb79ecdfb8d6f4c44a82262f8b422faeb290304fc5c6f8b9b4305bfaa2853c?s=96&d=mm&r=g\",\"url\":\"https:\\\/\\\/secure.gravatar.com\\\/avatar\\\/b1bb79ecdfb8d6f4c44a82262f8b422faeb290304fc5c6f8b9b4305bfaa2853c?s=96&d=mm&r=g\",\"contentUrl\":\"https:\\\/\\\/secure.gravatar.com\\\/avatar\\\/b1bb79ecdfb8d6f4c44a82262f8b422faeb290304fc5c6f8b9b4305bfaa2853c?s=96&d=mm&r=g\",\"caption\":\"pingota\"},\"url\":\"https:\\\/\\\/semanasantaferrol.com\\\/gl\"}]}<\/script>\n<!-- \/ Yoast SEO plugin. -->","yoast_head_json":{"title":"A Confrar\u00eda das Angustias celebra a partir do 26 a s\u00faa novena na honra da patroa de Esteiro. - Junta General de Cofrad\u00edas y Hermandades","description":"A Novena \u00e1 Virxe das Angustias celebrarase desde o 26 de maio ao 4 de xu\u00f1o, data da tradicional procesi\u00f3n.","robots":{"index":"index","follow":"follow","max-snippet":"max-snippet:-1","max-image-preview":"max-image-preview:large","max-video-preview":"max-video-preview:-1"},"canonical":"https:\/\/semanasantaferrol.com\/gl\/a-confraria-das-angustias-celebra-a-partir-do-26-a-sua-novena-na-honra-da-patroa-de-esteiro\/","og_locale":"gl_ES","og_type":"article","og_title":"A Confrar\u00eda das Angustias celebra a partir do 26 a s\u00faa novena na honra da patroa de Esteiro. - Junta General de Cofrad\u00edas y Hermandades","og_description":"A Novena \u00e1 Virxe das Angustias celebrarase desde o 26 de maio ao 4 de xu\u00f1o, data da tradicional procesi\u00f3n.","og_url":"https:\/\/semanasantaferrol.com\/gl\/a-confraria-das-angustias-celebra-a-partir-do-26-a-sua-novena-na-honra-da-patroa-de-esteiro\/","og_site_name":"Junta General de Cofrad\u00edas y Hermandades","article_publisher":"https:\/\/www.facebook.com\/Juntageneraldecofradias\/","article_published_time":"2023-05-22T08:29:51+00:00","og_image":[{"width":2560,"height":1920,"url":"https:\/\/semanasantaferrol.com\/wp-content\/uploads\/2023\/05\/MG_3239-scaled.jpg","type":"image\/jpeg"}],"author":"pingota","twitter_card":"summary_large_image","twitter_misc":{"Escrito por":"pingota","Tempo de lectura":"1 minuto"},"schema":{"@context":"https:\/\/schema.org","@graph":[{"@type":"Article","@id":"https:\/\/semanasantaferrol.com\/gl\/a-confraria-das-angustias-celebra-a-partir-do-26-a-sua-novena-na-honra-da-patroa-de-esteiro\/#article","isPartOf":{"@id":"https:\/\/semanasantaferrol.com\/gl\/a-confraria-das-angustias-celebra-a-partir-do-26-a-sua-novena-na-honra-da-patroa-de-esteiro\/"},"author":{"name":"pingota","@id":"https:\/\/semanasantaferrol.com\/gl\/#\/schema\/person\/cdd132690f08f75a35f05e2423e6307c"},"headline":"A Confrar\u00eda das Angustias celebra a partir do 26 a s\u00faa novena na honra da patroa de Esteiro.","datePublished":"2023-05-22T08:29:51+00:00","mainEntityOfPage":{"@id":"https:\/\/semanasantaferrol.com\/gl\/a-confraria-das-angustias-celebra-a-partir-do-26-a-sua-novena-na-honra-da-patroa-de-esteiro\/"},"wordCount":177,"commentCount":0,"publisher":{"@id":"https:\/\/semanasantaferrol.com\/gl\/#organization"},"image":{"@id":"https:\/\/semanasantaferrol.com\/gl\/a-confraria-das-angustias-celebra-a-partir-do-26-a-sua-novena-na-honra-da-patroa-de-esteiro\/#primaryimage"},"thumbnailUrl":"https:\/\/semanasantaferrol.com\/wp-content\/uploads\/2023\/05\/MG_3239-scaled.jpg","articleSection":["Angustias"],"inLanguage":"gl-ES","potentialAction":[{"@type":"CommentAction","name":"Comment","target":["https:\/\/semanasantaferrol.com\/gl\/a-confraria-das-angustias-celebra-a-partir-do-26-a-sua-novena-na-honra-da-patroa-de-esteiro\/#respond"]}]},{"@type":"WebPage","@id":"https:\/\/semanasantaferrol.com\/gl\/a-confraria-das-angustias-celebra-a-partir-do-26-a-sua-novena-na-honra-da-patroa-de-esteiro\/","url":"https:\/\/semanasantaferrol.com\/gl\/a-confraria-das-angustias-celebra-a-partir-do-26-a-sua-novena-na-honra-da-patroa-de-esteiro\/","name":"A Confrar\u00eda das Angustias celebra a partir do 26 a s\u00faa novena na honra da patroa de Esteiro. - Junta General de Cofrad\u00edas y Hermandades","isPartOf":{"@id":"https:\/\/semanasantaferrol.com\/gl\/#website"},"primaryImageOfPage":{"@id":"https:\/\/semanasantaferrol.com\/gl\/a-confraria-das-angustias-celebra-a-partir-do-26-a-sua-novena-na-honra-da-patroa-de-esteiro\/#primaryimage"},"image":{"@id":"https:\/\/semanasantaferrol.com\/gl\/a-confraria-das-angustias-celebra-a-partir-do-26-a-sua-novena-na-honra-da-patroa-de-esteiro\/#primaryimage"},"thumbnailUrl":"https:\/\/semanasantaferrol.com\/wp-content\/uploads\/2023\/05\/MG_3239-scaled.jpg","datePublished":"2023-05-22T08:29:51+00:00","description":"A Novena \u00e1 Virxe das Angustias celebrarase desde o 26 de maio ao 4 de xu\u00f1o, data da tradicional procesi\u00f3n.","breadcrumb":{"@id":"https:\/\/semanasantaferrol.com\/gl\/a-confraria-das-angustias-celebra-a-partir-do-26-a-sua-novena-na-honra-da-patroa-de-esteiro\/#breadcrumb"},"inLanguage":"gl-ES","potentialAction":[{"@type":"ReadAction","target":["https:\/\/semanasantaferrol.com\/gl\/a-confraria-das-angustias-celebra-a-partir-do-26-a-sua-novena-na-honra-da-patroa-de-esteiro\/"]}]},{"@type":"ImageObject","inLanguage":"gl-ES","@id":"https:\/\/semanasantaferrol.com\/gl\/a-confraria-das-angustias-celebra-a-partir-do-26-a-sua-novena-na-honra-da-patroa-de-esteiro\/#primaryimage","url":"https:\/\/semanasantaferrol.com\/wp-content\/uploads\/2023\/05\/MG_3239-scaled.jpg","contentUrl":"https:\/\/semanasantaferrol.com\/wp-content\/uploads\/2023\/05\/MG_3239-scaled.jpg","width":2560,"height":1920},{"@type":"BreadcrumbList","@id":"https:\/\/semanasantaferrol.com\/gl\/a-confraria-das-angustias-celebra-a-partir-do-26-a-sua-novena-na-honra-da-patroa-de-esteiro\/#breadcrumb","itemListElement":[{"@type":"ListItem","position":1,"name":"Portada","item":"https:\/\/semanasantaferrol.com\/gl\/"},{"@type":"ListItem","position":2,"name":"A Confrar\u00eda das Angustias celebra a partir do 26 a s\u00faa novena na honra da patroa de Esteiro."}]},{"@type":"WebSite","@id":"https:\/\/semanasantaferrol.com\/gl\/#website","url":"https:\/\/semanasantaferrol.com\/gl\/","name":"Junta General de Cofrad\u00edas y Hermandades","description":"Semana Santa de Ferrol","publisher":{"@id":"https:\/\/semanasantaferrol.com\/gl\/#organization"},"alternateName":"Semana Santa de Ferrol","potentialAction":[{"@type":"SearchAction","target":{"@type":"EntryPoint","urlTemplate":"https:\/\/semanasantaferrol.com\/gl\/?s={search_term_string}"},"query-input":{"@type":"PropertyValueSpecification","valueRequired":true,"valueName":"search_term_string"}}],"inLanguage":"gl-ES"},{"@type":"Organization","@id":"https:\/\/semanasantaferrol.com\/gl\/#organization","name":"Junta General de Cofrad\u00edas y Hermandades de la Semana Santa de Ferrol","alternateName":"Junta de Cofrad\u00edas de la Semana Santa de Ferrol","url":"https:\/\/semanasantaferrol.com\/gl\/","logo":{"@type":"ImageObject","inLanguage":"gl-ES","@id":"https:\/\/semanasantaferrol.com\/gl\/#\/schema\/logo\/image\/","url":"https:\/\/semanasantaferrol.com\/wp-content\/uploads\/2022\/10\/junta_general_logo.svg","contentUrl":"https:\/\/semanasantaferrol.com\/wp-content\/uploads\/2022\/10\/junta_general_logo.svg","width":600,"height":790,"caption":"Junta General de Cofrad\u00edas y Hermandades de la Semana Santa de Ferrol"},"image":{"@id":"https:\/\/semanasantaferrol.com\/gl\/#\/schema\/logo\/image\/"},"sameAs":["https:\/\/www.facebook.com\/Juntageneraldecofradias\/","https:\/\/www.instagram.com\/juntageneralcofradiasferrol\/","https:\/\/www.youtube.com\/@semanasantadeferrol1616","https:\/\/www.tiktok.com\/@semanasantadeferrol"]},{"@type":"Person","@id":"https:\/\/semanasantaferrol.com\/gl\/#\/schema\/person\/cdd132690f08f75a35f05e2423e6307c","name":"pingota","image":{"@type":"ImageObject","inLanguage":"gl-ES","@id":"https:\/\/secure.gravatar.com\/avatar\/b1bb79ecdfb8d6f4c44a82262f8b422faeb290304fc5c6f8b9b4305bfaa2853c?s=96&d=mm&r=g","url":"https:\/\/secure.gravatar.com\/avatar\/b1bb79ecdfb8d6f4c44a82262f8b422faeb290304fc5c6f8b9b4305bfaa2853c?s=96&d=mm&r=g","contentUrl":"https:\/\/secure.gravatar.com\/avatar\/b1bb79ecdfb8d6f4c44a82262f8b422faeb290304fc5c6f8b9b4305bfaa2853c?s=96&d=mm&r=g","caption":"pingota"},"url":"https:\/\/semanasantaferrol.com\/gl"}]}},"_links":{"self":[{"href":"https:\/\/semanasantaferrol.com\/gl\/wp-json\/wp\/v2\/posts\/6179","targetHints":{"allow":["GET"]}}],"collection":[{"href":"https:\/\/semanasantaferrol.com\/gl\/wp-json\/wp\/v2\/posts"}],"about":[{"href":"https:\/\/semanasantaferrol.com\/gl\/wp-json\/wp\/v2\/types\/post"}],"author":[{"embeddable":true,"href":"https:\/\/semanasantaferrol.com\/gl\/wp-json\/wp\/v2\/users\/3"}],"replies":[{"embeddable":true,"href":"https:\/\/semanasantaferrol.com\/gl\/wp-json\/wp\/v2\/comments?post=6179"}],"version-history":[{"count":0,"href":"https:\/\/semanasantaferrol.com\/gl\/wp-json\/wp\/v2\/posts\/6179\/revisions"}],"wp:featuredmedia":[{"embeddable":true,"href":"https:\/\/semanasantaferrol.com\/gl\/wp-json\/wp\/v2\/media\/6178"}],"wp:attachment":[{"href":"https:\/\/semanasantaferrol.com\/gl\/wp-json\/wp\/v2\/media?parent=6179"}],"wp:term":[{"taxonomy":"category","embeddable":true,"href":"https:\/\/semanasantaferrol.com\/gl\/wp-json\/wp\/v2\/categories?post=6179"},{"taxonomy":"post_tag","embeddable":true,"href":"https:\/\/semanasantaferrol.com\/gl\/wp-json\/wp\/v2\/tags?post=6179"}],"curies":[{"name":"wp","href":"https:\/\/api.w.org\/{rel}","templated":true}]}}