{"id":6036,"date":"2023-04-15T12:11:19","date_gmt":"2023-04-15T12:11:19","guid":{"rendered":"https:\/\/semanasantaferrol.com\/a-xunta-de-confrarias-valora-o-multitudinario-seguimento-da-semana-santa-de-ferrol\/"},"modified":"2023-04-15T12:11:19","modified_gmt":"2023-04-15T12:11:19","slug":"a-xunta-de-confrarias-valora-o-multitudinario-seguimento-da-semana-santa-de-ferrol","status":"publish","type":"post","link":"https:\/\/semanasantaferrol.com\/gl\/a-xunta-de-confrarias-valora-o-multitudinario-seguimento-da-semana-santa-de-ferrol\/","title":{"rendered":"A Xunta de Confrar\u00edas valora o multitudinario seguimento da Semana Santa de Ferrol"},"content":{"rendered":"<p>A Xunta de Confrar\u00edas e Irmandades ofreceu esta ma\u00f1\u00e1 unha rolda de prensa para valorar unha Semana Santa \u201cextraordinaria, cun seguimento multitudinario, que confirmou o enorme tir\u00f3n tur\u00edstico do evento e a s\u00faa transcendencia econ\u00f3mica para a cidade de Ferrol. O presidente da entidade, C\u00e9sar Carre\u00f1o, evitou aventurar unha cifra de visitantes pero subli\u00f1ou que todos os desfiles tiveron p\u00fablico desde o principio ata o final do seu percorrido, unha circunstancia excepcional. \u201cE en xeral temos que dicir que houbo unha actitude de respecto da xente, \u00e9 dicir, que o ambiente foi moi positivo\u201d, sinalou.<\/p>\n<p>Carre\u00f1o comentou que o Domingo de Ramos estaban case esgotados os procesionarios nas Oficinas de Turismo. Quedaron curtos os 17.000 exemplares de procesionarios e os 5.000 da revista Ecce Homo, que tam\u00e9n se repartiu gratuitamente a trav\u00e9s das Oficinas de Turismo.  O presidente da Xunta de Confrar\u00edas lembrou que \u201cpensamos que a pandemia \u00eda abrir unha crise dif\u00edcil de superar\u201d, pero se veu que \u201cxa o ano 2022 foi extraordinario e a impresi\u00f3n \u00e9 que este foi a\u00ednda mellor\u201d.<\/p>\n<p>Un ano m\u00e1is, a Xunta de Confrar\u00edas retransmitiu todas as procesi\u00f3ns e as recollidas m\u00e1is emblem\u00e1ticas do programa de actos Por primeira vez os streamings realiz\u00e1ronse a trav\u00e9s da canle de Youtube, que sumou preto de 600 subscritores no \u00faltimo mes. Realiz\u00e1ronse 35 v\u00eddeos, entre os directos das procesi\u00f3ns e as entrevistas con responsables das cinco confrar\u00edas, que xunto aos anteriores da presentaci\u00f3n do cartel, a revista e o procesionario, o certame de bandas e o preg\u00f3n suman un total de 40 retransmisi\u00f3ns nesta semana Santa de Ferrol 2023, con m\u00e1is de 73.200 visualizaci\u00f3ns. <\/p>\n<p>Funcionou tam\u00e9n con \u00e9xito a canle de difusi\u00f3n de Whatsapp, a trav\u00e9s do cal se informou d\u00eda a d\u00eda da axenda de actos e notificouse o comezo de cada retransmisi\u00f3n en directo. A Semana Santa comezou con 600 altas nesta canle e terminou con m\u00e1is de 1.100. Afortunadamente non foi necesario advertir de ningunha suspensi\u00f3n, do mesmo xeito que en 2022. As redes sociais, que a Xunta de Confrar\u00edas mant\u00e9n durante todo o ano coa publicaci\u00f3n de contidos a diario, tiveron tam\u00e9n un especial auxe durante a Semana Santa.  <\/p>\n<p> A p\u00e1xina de Facebook tivo un alcance de preto de 41.000 persoas nos \u00faltimos 28 d\u00edas, 62.228 interacci\u00f3ns e 270 novos seguidores. En Instagram o n\u00famero de seguidores aumentou un 13% nas mesmas datas ata chegar a 2.333 e foron 14.500 as contas alcanzadas.  En Twitter, a outra rede social na que ten presenza a Xunta de Confrar\u00edas, sumou no \u00faltimo mes 63.300 impresi\u00f3ns e os seguidores alcanzaron os 969.<\/p>\n<p>C\u00e9sar Carre\u00f1o agradeceu os comentarios que moitas persoas fixeron chegar \u00e1 Xunta, a trav\u00e9s das redes sociais ou a canle de Whatsapp, reco\u00f1ecendo o esforzo realizado e manifestando que grazas \u00e1s retransmisi\u00f3ns puideron seguir as procesi\u00f3ns a pesar de estar lonxe de Ferrol ou ter problemas de mobilidade.<\/p>\n<p>Na rolda de prensa participaron tam\u00e9n os irm\u00e1ns maiores das confrar\u00edas das Angustias, Soidade e Dolores, Jos\u00e9 Ram\u00f3n Cancelo, Jos\u00e9 Manuel Evia e Jos\u00e9 \u00c1ngel V\u00e1zquez Freire, as\u00ed como o secretario da Xunta de Confrar\u00edas, Fernando Iguacel. Todos destacaron que foi unha Semana Santa moi positiva, na que se cumpriu puntualmente con todos os actos. <\/p>\n<p>Jos\u00e9 Ram\u00f3n Cancelo informou de que a recadaci\u00f3n para o Refuxio Pardo de At\u00edn na recollida de esmola do S\u00e1bado Santo foi de 5.524\u20ac, superior a anos anteriores. En relaci\u00f3n \u00e1s procesi\u00f3ns das Angustias, sinalou que o cambio de itinerario realizado por uns recentes derrubes na r\u00faa Carlos III quiz\u00e1 quede xa definitivamente no desfile do Xoves Santo, posto que o paso por Fernando VI, unha r\u00faa m\u00e1is ancha, resultou m\u00e1is lucido.<\/p>\n<p>O irm\u00e1n maior da Confrar\u00eda da Soledad, Jos\u00e9 Manuel Evia, agradeceu o traballo de Protecci\u00f3n Civil e destacou que na ma\u00f1\u00e1 do Domingo de Resurrecci\u00f3n o seu persoal foi limpando os cristais do percorrido da procesi\u00f3n, antes do seu paso. Carre\u00f1o coincidiu en agradecer o despregamento de Protecci\u00f3n Civil e expresou tam\u00e9n o reco\u00f1ecemento da Xunta polo apoio da Xunta, a Deputaci\u00f3n, o Concello de Ferrol, a Polic\u00eda Local e forzas de seguridade do Estado, as\u00ed como persoal municipal de limpeza, xard\u00edns, obras&#8230; Agradeceu, para terminar, as mensaxes de felicitaci\u00f3n que lle enviaron o alcalde de Ferrol, \u00c1ngel Mato, e os representantes dos grupos municipais do PP e Ferrol en Com\u00fan. <\/p>\n<p>Na rolda de prensa destacouse que agora, tras a Semana Santa, \u00e1brese un per\u00edodo no que tradicionalmente se producen novas altas nas irmandades e nas bandas e agrupaci\u00f3ns musicais de m\u00fasica confrade. Lembrouse que a actividade das confrar\u00edas non se cingue \u00e1 organizaci\u00f3n das procesi\u00f3ns, sen\u00f3n que desenvolven ao longo do ano outras moitas acci\u00f3ns entre as que destacan as de corte solidario. No curto prazo est\u00e1n a organizaci\u00f3n da procesi\u00f3n das Angustias, o 4 de xu\u00f1o; a procesi\u00f3n do Corpus, o pr\u00f3ximo 11 de xu\u00f1o, e a do Carmen, o 15 de xullo. <\/p>\n<p>Ponse tam\u00e9n xa en marcha o traballo para a Semana Santa do ano que v\u00e9n. Ao f\u00edo disto, Fernando Iguacel suxeriu que o horario dos buses lanzadeira do Concello poder\u00edan axustarse mellor aos horarios das retiradas das procesi\u00f3ns.  Citou, como exemplo, que o luns e o martes funcionaron desde as oito da ma\u00f1\u00e1 ata as dez da noite e que ese horario poder\u00eda atrasarse para que a xente poida asistir \u00e1 recollida dos desfiles deses d\u00edas.<\/p>\n","protected":false},"excerpt":{"rendered":"<p>A Xunta de Confrar\u00edas e Irmandades ofreceu esta ma\u00f1\u00e1 unha rolda de prensa para valorar unha Semana Santa \u201cextraordinaria, cun seguimento multitudinario, que confirmou o enorme tir\u00f3n tur\u00edstico do evento e a s\u00faa transcendencia econ\u00f3mica para a cidade de Ferrol. O presidente da entidade, C\u00e9sar Carre\u00f1o, evitou aventurar unha cifra de visitantes pero subli\u00f1ou que [&hellip;]<\/p>\n","protected":false},"author":3,"featured_media":6034,"comment_status":"open","ping_status":"open","sticky":false,"template":"","format":"standard","meta":{"footnotes":""},"categories":[39],"tags":[],"class_list":["post-6036","post","type-post","status-publish","format-standard","has-post-thumbnail","hentry","category-xunta"],"yoast_head":"<!-- This site is optimized with the Yoast SEO plugin v27.5 - https:\/\/yoast.com\/product\/yoast-seo-wordpress\/ -->\n<title>A Xunta de Confrar\u00edas valora o multitudinario seguimento da Semana Santa de Ferrol - Junta General de Cofrad\u00edas y Hermandades<\/title>\n<meta name=\"description\" content=\"A Xunta de Confrar\u00edas valora o multitudinario seguimento da Semana Santa de Ferrol 2023, na que se cumpriu todo o procesionario\" \/>\n<meta name=\"robots\" content=\"index, follow, max-snippet:-1, max-image-preview:large, max-video-preview:-1\" \/>\n<link rel=\"canonical\" href=\"https:\/\/semanasantaferrol.com\/gl\/a-xunta-de-confrarias-valora-o-multitudinario-seguimento-da-semana-santa-de-ferrol\/\" \/>\n<meta property=\"og:locale\" content=\"gl_ES\" \/>\n<meta property=\"og:type\" content=\"article\" \/>\n<meta property=\"og:title\" content=\"A Xunta de Confrar\u00edas valora o multitudinario seguimento da Semana Santa de Ferrol - Junta General de Cofrad\u00edas y Hermandades\" \/>\n<meta property=\"og:description\" content=\"A Xunta de Confrar\u00edas valora o multitudinario seguimento da Semana Santa de Ferrol 2023, na que se cumpriu todo o procesionario\" \/>\n<meta property=\"og:url\" content=\"https:\/\/semanasantaferrol.com\/gl\/a-xunta-de-confrarias-valora-o-multitudinario-seguimento-da-semana-santa-de-ferrol\/\" \/>\n<meta property=\"og:site_name\" content=\"Junta General de Cofrad\u00edas y Hermandades\" \/>\n<meta property=\"article:publisher\" content=\"https:\/\/www.facebook.com\/Juntageneraldecofradias\/\" \/>\n<meta property=\"article:published_time\" content=\"2023-04-15T12:11:19+00:00\" \/>\n<meta property=\"og:image\" content=\"https:\/\/semanasantaferrol.com\/wp-content\/uploads\/2023\/04\/IMG_20230415_123236-scaled-e1681560673287.jpg\" \/>\n\t<meta property=\"og:image:width\" content=\"2560\" \/>\n\t<meta property=\"og:image:height\" content=\"1927\" \/>\n\t<meta property=\"og:image:type\" content=\"image\/jpeg\" \/>\n<meta name=\"author\" content=\"pingota\" \/>\n<meta name=\"twitter:card\" content=\"summary_large_image\" \/>\n<meta name=\"twitter:label1\" content=\"Escrito por\" \/>\n\t<meta name=\"twitter:data1\" content=\"pingota\" \/>\n\t<meta name=\"twitter:label2\" content=\"Tempo de lectura\" \/>\n\t<meta name=\"twitter:data2\" content=\"5 minutos\" \/>\n<script type=\"application\/ld+json\" class=\"yoast-schema-graph\">{\"@context\":\"https:\\\/\\\/schema.org\",\"@graph\":[{\"@type\":\"Article\",\"@id\":\"https:\\\/\\\/semanasantaferrol.com\\\/gl\\\/a-xunta-de-confrarias-valora-o-multitudinario-seguimento-da-semana-santa-de-ferrol\\\/#article\",\"isPartOf\":{\"@id\":\"https:\\\/\\\/semanasantaferrol.com\\\/gl\\\/a-xunta-de-confrarias-valora-o-multitudinario-seguimento-da-semana-santa-de-ferrol\\\/\"},\"author\":{\"name\":\"pingota\",\"@id\":\"https:\\\/\\\/semanasantaferrol.com\\\/gl\\\/#\\\/schema\\\/person\\\/cdd132690f08f75a35f05e2423e6307c\"},\"headline\":\"A Xunta de Confrar\u00edas valora o multitudinario seguimento da Semana Santa de Ferrol\",\"datePublished\":\"2023-04-15T12:11:19+00:00\",\"mainEntityOfPage\":{\"@id\":\"https:\\\/\\\/semanasantaferrol.com\\\/gl\\\/a-xunta-de-confrarias-valora-o-multitudinario-seguimento-da-semana-santa-de-ferrol\\\/\"},\"wordCount\":976,\"commentCount\":0,\"publisher\":{\"@id\":\"https:\\\/\\\/semanasantaferrol.com\\\/gl\\\/#organization\"},\"image\":{\"@id\":\"https:\\\/\\\/semanasantaferrol.com\\\/gl\\\/a-xunta-de-confrarias-valora-o-multitudinario-seguimento-da-semana-santa-de-ferrol\\\/#primaryimage\"},\"thumbnailUrl\":\"https:\\\/\\\/semanasantaferrol.com\\\/wp-content\\\/uploads\\\/2023\\\/04\\\/IMG_20230415_123236-scaled-e1681560673287.jpg\",\"articleSection\":[\"Xunta\"],\"inLanguage\":\"gl-ES\",\"potentialAction\":[{\"@type\":\"CommentAction\",\"name\":\"Comment\",\"target\":[\"https:\\\/\\\/semanasantaferrol.com\\\/gl\\\/a-xunta-de-confrarias-valora-o-multitudinario-seguimento-da-semana-santa-de-ferrol\\\/#respond\"]}]},{\"@type\":\"WebPage\",\"@id\":\"https:\\\/\\\/semanasantaferrol.com\\\/gl\\\/a-xunta-de-confrarias-valora-o-multitudinario-seguimento-da-semana-santa-de-ferrol\\\/\",\"url\":\"https:\\\/\\\/semanasantaferrol.com\\\/gl\\\/a-xunta-de-confrarias-valora-o-multitudinario-seguimento-da-semana-santa-de-ferrol\\\/\",\"name\":\"A Xunta de Confrar\u00edas valora o multitudinario seguimento da Semana Santa de Ferrol - Junta General de Cofrad\u00edas y Hermandades\",\"isPartOf\":{\"@id\":\"https:\\\/\\\/semanasantaferrol.com\\\/gl\\\/#website\"},\"primaryImageOfPage\":{\"@id\":\"https:\\\/\\\/semanasantaferrol.com\\\/gl\\\/a-xunta-de-confrarias-valora-o-multitudinario-seguimento-da-semana-santa-de-ferrol\\\/#primaryimage\"},\"image\":{\"@id\":\"https:\\\/\\\/semanasantaferrol.com\\\/gl\\\/a-xunta-de-confrarias-valora-o-multitudinario-seguimento-da-semana-santa-de-ferrol\\\/#primaryimage\"},\"thumbnailUrl\":\"https:\\\/\\\/semanasantaferrol.com\\\/wp-content\\\/uploads\\\/2023\\\/04\\\/IMG_20230415_123236-scaled-e1681560673287.jpg\",\"datePublished\":\"2023-04-15T12:11:19+00:00\",\"description\":\"A Xunta de Confrar\u00edas valora o multitudinario seguimento da Semana Santa de Ferrol 2023, na que se cumpriu todo o procesionario\",\"breadcrumb\":{\"@id\":\"https:\\\/\\\/semanasantaferrol.com\\\/gl\\\/a-xunta-de-confrarias-valora-o-multitudinario-seguimento-da-semana-santa-de-ferrol\\\/#breadcrumb\"},\"inLanguage\":\"gl-ES\",\"potentialAction\":[{\"@type\":\"ReadAction\",\"target\":[\"https:\\\/\\\/semanasantaferrol.com\\\/gl\\\/a-xunta-de-confrarias-valora-o-multitudinario-seguimento-da-semana-santa-de-ferrol\\\/\"]}]},{\"@type\":\"ImageObject\",\"inLanguage\":\"gl-ES\",\"@id\":\"https:\\\/\\\/semanasantaferrol.com\\\/gl\\\/a-xunta-de-confrarias-valora-o-multitudinario-seguimento-da-semana-santa-de-ferrol\\\/#primaryimage\",\"url\":\"https:\\\/\\\/semanasantaferrol.com\\\/wp-content\\\/uploads\\\/2023\\\/04\\\/IMG_20230415_123236-scaled-e1681560673287.jpg\",\"contentUrl\":\"https:\\\/\\\/semanasantaferrol.com\\\/wp-content\\\/uploads\\\/2023\\\/04\\\/IMG_20230415_123236-scaled-e1681560673287.jpg\",\"width\":2560,\"height\":1927},{\"@type\":\"BreadcrumbList\",\"@id\":\"https:\\\/\\\/semanasantaferrol.com\\\/gl\\\/a-xunta-de-confrarias-valora-o-multitudinario-seguimento-da-semana-santa-de-ferrol\\\/#breadcrumb\",\"itemListElement\":[{\"@type\":\"ListItem\",\"position\":1,\"name\":\"Portada\",\"item\":\"https:\\\/\\\/semanasantaferrol.com\\\/gl\\\/\"},{\"@type\":\"ListItem\",\"position\":2,\"name\":\"A Xunta de Confrar\u00edas valora o multitudinario seguimento da Semana Santa de Ferrol\"}]},{\"@type\":\"WebSite\",\"@id\":\"https:\\\/\\\/semanasantaferrol.com\\\/gl\\\/#website\",\"url\":\"https:\\\/\\\/semanasantaferrol.com\\\/gl\\\/\",\"name\":\"Junta General de Cofrad\u00edas y Hermandades\",\"description\":\"Semana Santa de Ferrol\",\"publisher\":{\"@id\":\"https:\\\/\\\/semanasantaferrol.com\\\/gl\\\/#organization\"},\"alternateName\":\"Semana Santa de Ferrol\",\"potentialAction\":[{\"@type\":\"SearchAction\",\"target\":{\"@type\":\"EntryPoint\",\"urlTemplate\":\"https:\\\/\\\/semanasantaferrol.com\\\/gl\\\/?s={search_term_string}\"},\"query-input\":{\"@type\":\"PropertyValueSpecification\",\"valueRequired\":true,\"valueName\":\"search_term_string\"}}],\"inLanguage\":\"gl-ES\"},{\"@type\":\"Organization\",\"@id\":\"https:\\\/\\\/semanasantaferrol.com\\\/gl\\\/#organization\",\"name\":\"Junta General de Cofrad\u00edas y Hermandades de la Semana Santa de Ferrol\",\"alternateName\":\"Junta de Cofrad\u00edas de la Semana Santa de Ferrol\",\"url\":\"https:\\\/\\\/semanasantaferrol.com\\\/gl\\\/\",\"logo\":{\"@type\":\"ImageObject\",\"inLanguage\":\"gl-ES\",\"@id\":\"https:\\\/\\\/semanasantaferrol.com\\\/gl\\\/#\\\/schema\\\/logo\\\/image\\\/\",\"url\":\"https:\\\/\\\/semanasantaferrol.com\\\/wp-content\\\/uploads\\\/2022\\\/10\\\/junta_general_logo.svg\",\"contentUrl\":\"https:\\\/\\\/semanasantaferrol.com\\\/wp-content\\\/uploads\\\/2022\\\/10\\\/junta_general_logo.svg\",\"width\":600,\"height\":790,\"caption\":\"Junta General de Cofrad\u00edas y Hermandades de la Semana Santa de Ferrol\"},\"image\":{\"@id\":\"https:\\\/\\\/semanasantaferrol.com\\\/gl\\\/#\\\/schema\\\/logo\\\/image\\\/\"},\"sameAs\":[\"https:\\\/\\\/www.facebook.com\\\/Juntageneraldecofradias\\\/\",\"https:\\\/\\\/www.instagram.com\\\/juntageneralcofradiasferrol\\\/\",\"https:\\\/\\\/www.youtube.com\\\/@semanasantadeferrol1616\",\"https:\\\/\\\/www.tiktok.com\\\/@semanasantadeferrol\"]},{\"@type\":\"Person\",\"@id\":\"https:\\\/\\\/semanasantaferrol.com\\\/gl\\\/#\\\/schema\\\/person\\\/cdd132690f08f75a35f05e2423e6307c\",\"name\":\"pingota\",\"image\":{\"@type\":\"ImageObject\",\"inLanguage\":\"gl-ES\",\"@id\":\"https:\\\/\\\/secure.gravatar.com\\\/avatar\\\/b1bb79ecdfb8d6f4c44a82262f8b422faeb290304fc5c6f8b9b4305bfaa2853c?s=96&d=mm&r=g\",\"url\":\"https:\\\/\\\/secure.gravatar.com\\\/avatar\\\/b1bb79ecdfb8d6f4c44a82262f8b422faeb290304fc5c6f8b9b4305bfaa2853c?s=96&d=mm&r=g\",\"contentUrl\":\"https:\\\/\\\/secure.gravatar.com\\\/avatar\\\/b1bb79ecdfb8d6f4c44a82262f8b422faeb290304fc5c6f8b9b4305bfaa2853c?s=96&d=mm&r=g\",\"caption\":\"pingota\"},\"url\":\"https:\\\/\\\/semanasantaferrol.com\\\/gl\"}]}<\/script>\n<!-- \/ Yoast SEO plugin. -->","yoast_head_json":{"title":"A Xunta de Confrar\u00edas valora o multitudinario seguimento da Semana Santa de Ferrol - Junta General de Cofrad\u00edas y Hermandades","description":"A Xunta de Confrar\u00edas valora o multitudinario seguimento da Semana Santa de Ferrol 2023, na que se cumpriu todo o procesionario","robots":{"index":"index","follow":"follow","max-snippet":"max-snippet:-1","max-image-preview":"max-image-preview:large","max-video-preview":"max-video-preview:-1"},"canonical":"https:\/\/semanasantaferrol.com\/gl\/a-xunta-de-confrarias-valora-o-multitudinario-seguimento-da-semana-santa-de-ferrol\/","og_locale":"gl_ES","og_type":"article","og_title":"A Xunta de Confrar\u00edas valora o multitudinario seguimento da Semana Santa de Ferrol - Junta General de Cofrad\u00edas y Hermandades","og_description":"A Xunta de Confrar\u00edas valora o multitudinario seguimento da Semana Santa de Ferrol 2023, na que se cumpriu todo o procesionario","og_url":"https:\/\/semanasantaferrol.com\/gl\/a-xunta-de-confrarias-valora-o-multitudinario-seguimento-da-semana-santa-de-ferrol\/","og_site_name":"Junta General de Cofrad\u00edas y Hermandades","article_publisher":"https:\/\/www.facebook.com\/Juntageneraldecofradias\/","article_published_time":"2023-04-15T12:11:19+00:00","og_image":[{"width":2560,"height":1927,"url":"https:\/\/semanasantaferrol.com\/wp-content\/uploads\/2023\/04\/IMG_20230415_123236-scaled-e1681560673287.jpg","type":"image\/jpeg"}],"author":"pingota","twitter_card":"summary_large_image","twitter_misc":{"Escrito por":"pingota","Tempo de lectura":"5 minutos"},"schema":{"@context":"https:\/\/schema.org","@graph":[{"@type":"Article","@id":"https:\/\/semanasantaferrol.com\/gl\/a-xunta-de-confrarias-valora-o-multitudinario-seguimento-da-semana-santa-de-ferrol\/#article","isPartOf":{"@id":"https:\/\/semanasantaferrol.com\/gl\/a-xunta-de-confrarias-valora-o-multitudinario-seguimento-da-semana-santa-de-ferrol\/"},"author":{"name":"pingota","@id":"https:\/\/semanasantaferrol.com\/gl\/#\/schema\/person\/cdd132690f08f75a35f05e2423e6307c"},"headline":"A Xunta de Confrar\u00edas valora o multitudinario seguimento da Semana Santa de Ferrol","datePublished":"2023-04-15T12:11:19+00:00","mainEntityOfPage":{"@id":"https:\/\/semanasantaferrol.com\/gl\/a-xunta-de-confrarias-valora-o-multitudinario-seguimento-da-semana-santa-de-ferrol\/"},"wordCount":976,"commentCount":0,"publisher":{"@id":"https:\/\/semanasantaferrol.com\/gl\/#organization"},"image":{"@id":"https:\/\/semanasantaferrol.com\/gl\/a-xunta-de-confrarias-valora-o-multitudinario-seguimento-da-semana-santa-de-ferrol\/#primaryimage"},"thumbnailUrl":"https:\/\/semanasantaferrol.com\/wp-content\/uploads\/2023\/04\/IMG_20230415_123236-scaled-e1681560673287.jpg","articleSection":["Xunta"],"inLanguage":"gl-ES","potentialAction":[{"@type":"CommentAction","name":"Comment","target":["https:\/\/semanasantaferrol.com\/gl\/a-xunta-de-confrarias-valora-o-multitudinario-seguimento-da-semana-santa-de-ferrol\/#respond"]}]},{"@type":"WebPage","@id":"https:\/\/semanasantaferrol.com\/gl\/a-xunta-de-confrarias-valora-o-multitudinario-seguimento-da-semana-santa-de-ferrol\/","url":"https:\/\/semanasantaferrol.com\/gl\/a-xunta-de-confrarias-valora-o-multitudinario-seguimento-da-semana-santa-de-ferrol\/","name":"A Xunta de Confrar\u00edas valora o multitudinario seguimento da Semana Santa de Ferrol - Junta General de Cofrad\u00edas y Hermandades","isPartOf":{"@id":"https:\/\/semanasantaferrol.com\/gl\/#website"},"primaryImageOfPage":{"@id":"https:\/\/semanasantaferrol.com\/gl\/a-xunta-de-confrarias-valora-o-multitudinario-seguimento-da-semana-santa-de-ferrol\/#primaryimage"},"image":{"@id":"https:\/\/semanasantaferrol.com\/gl\/a-xunta-de-confrarias-valora-o-multitudinario-seguimento-da-semana-santa-de-ferrol\/#primaryimage"},"thumbnailUrl":"https:\/\/semanasantaferrol.com\/wp-content\/uploads\/2023\/04\/IMG_20230415_123236-scaled-e1681560673287.jpg","datePublished":"2023-04-15T12:11:19+00:00","description":"A Xunta de Confrar\u00edas valora o multitudinario seguimento da Semana Santa de Ferrol 2023, na que se cumpriu todo o procesionario","breadcrumb":{"@id":"https:\/\/semanasantaferrol.com\/gl\/a-xunta-de-confrarias-valora-o-multitudinario-seguimento-da-semana-santa-de-ferrol\/#breadcrumb"},"inLanguage":"gl-ES","potentialAction":[{"@type":"ReadAction","target":["https:\/\/semanasantaferrol.com\/gl\/a-xunta-de-confrarias-valora-o-multitudinario-seguimento-da-semana-santa-de-ferrol\/"]}]},{"@type":"ImageObject","inLanguage":"gl-ES","@id":"https:\/\/semanasantaferrol.com\/gl\/a-xunta-de-confrarias-valora-o-multitudinario-seguimento-da-semana-santa-de-ferrol\/#primaryimage","url":"https:\/\/semanasantaferrol.com\/wp-content\/uploads\/2023\/04\/IMG_20230415_123236-scaled-e1681560673287.jpg","contentUrl":"https:\/\/semanasantaferrol.com\/wp-content\/uploads\/2023\/04\/IMG_20230415_123236-scaled-e1681560673287.jpg","width":2560,"height":1927},{"@type":"BreadcrumbList","@id":"https:\/\/semanasantaferrol.com\/gl\/a-xunta-de-confrarias-valora-o-multitudinario-seguimento-da-semana-santa-de-ferrol\/#breadcrumb","itemListElement":[{"@type":"ListItem","position":1,"name":"Portada","item":"https:\/\/semanasantaferrol.com\/gl\/"},{"@type":"ListItem","position":2,"name":"A Xunta de Confrar\u00edas valora o multitudinario seguimento da Semana Santa de Ferrol"}]},{"@type":"WebSite","@id":"https:\/\/semanasantaferrol.com\/gl\/#website","url":"https:\/\/semanasantaferrol.com\/gl\/","name":"Junta General de Cofrad\u00edas y Hermandades","description":"Semana Santa de Ferrol","publisher":{"@id":"https:\/\/semanasantaferrol.com\/gl\/#organization"},"alternateName":"Semana Santa de Ferrol","potentialAction":[{"@type":"SearchAction","target":{"@type":"EntryPoint","urlTemplate":"https:\/\/semanasantaferrol.com\/gl\/?s={search_term_string}"},"query-input":{"@type":"PropertyValueSpecification","valueRequired":true,"valueName":"search_term_string"}}],"inLanguage":"gl-ES"},{"@type":"Organization","@id":"https:\/\/semanasantaferrol.com\/gl\/#organization","name":"Junta General de Cofrad\u00edas y Hermandades de la Semana Santa de Ferrol","alternateName":"Junta de Cofrad\u00edas de la Semana Santa de Ferrol","url":"https:\/\/semanasantaferrol.com\/gl\/","logo":{"@type":"ImageObject","inLanguage":"gl-ES","@id":"https:\/\/semanasantaferrol.com\/gl\/#\/schema\/logo\/image\/","url":"https:\/\/semanasantaferrol.com\/wp-content\/uploads\/2022\/10\/junta_general_logo.svg","contentUrl":"https:\/\/semanasantaferrol.com\/wp-content\/uploads\/2022\/10\/junta_general_logo.svg","width":600,"height":790,"caption":"Junta General de Cofrad\u00edas y Hermandades de la Semana Santa de Ferrol"},"image":{"@id":"https:\/\/semanasantaferrol.com\/gl\/#\/schema\/logo\/image\/"},"sameAs":["https:\/\/www.facebook.com\/Juntageneraldecofradias\/","https:\/\/www.instagram.com\/juntageneralcofradiasferrol\/","https:\/\/www.youtube.com\/@semanasantadeferrol1616","https:\/\/www.tiktok.com\/@semanasantadeferrol"]},{"@type":"Person","@id":"https:\/\/semanasantaferrol.com\/gl\/#\/schema\/person\/cdd132690f08f75a35f05e2423e6307c","name":"pingota","image":{"@type":"ImageObject","inLanguage":"gl-ES","@id":"https:\/\/secure.gravatar.com\/avatar\/b1bb79ecdfb8d6f4c44a82262f8b422faeb290304fc5c6f8b9b4305bfaa2853c?s=96&d=mm&r=g","url":"https:\/\/secure.gravatar.com\/avatar\/b1bb79ecdfb8d6f4c44a82262f8b422faeb290304fc5c6f8b9b4305bfaa2853c?s=96&d=mm&r=g","contentUrl":"https:\/\/secure.gravatar.com\/avatar\/b1bb79ecdfb8d6f4c44a82262f8b422faeb290304fc5c6f8b9b4305bfaa2853c?s=96&d=mm&r=g","caption":"pingota"},"url":"https:\/\/semanasantaferrol.com\/gl"}]}},"_links":{"self":[{"href":"https:\/\/semanasantaferrol.com\/gl\/wp-json\/wp\/v2\/posts\/6036","targetHints":{"allow":["GET"]}}],"collection":[{"href":"https:\/\/semanasantaferrol.com\/gl\/wp-json\/wp\/v2\/posts"}],"about":[{"href":"https:\/\/semanasantaferrol.com\/gl\/wp-json\/wp\/v2\/types\/post"}],"author":[{"embeddable":true,"href":"https:\/\/semanasantaferrol.com\/gl\/wp-json\/wp\/v2\/users\/3"}],"replies":[{"embeddable":true,"href":"https:\/\/semanasantaferrol.com\/gl\/wp-json\/wp\/v2\/comments?post=6036"}],"version-history":[{"count":0,"href":"https:\/\/semanasantaferrol.com\/gl\/wp-json\/wp\/v2\/posts\/6036\/revisions"}],"wp:featuredmedia":[{"embeddable":true,"href":"https:\/\/semanasantaferrol.com\/gl\/wp-json\/wp\/v2\/media\/6034"}],"wp:attachment":[{"href":"https:\/\/semanasantaferrol.com\/gl\/wp-json\/wp\/v2\/media?parent=6036"}],"wp:term":[{"taxonomy":"category","embeddable":true,"href":"https:\/\/semanasantaferrol.com\/gl\/wp-json\/wp\/v2\/categories?post=6036"},{"taxonomy":"post_tag","embeddable":true,"href":"https:\/\/semanasantaferrol.com\/gl\/wp-json\/wp\/v2\/tags?post=6036"}],"curies":[{"name":"wp","href":"https:\/\/api.w.org\/{rel}","templated":true}]}}