{"id":6004,"date":"2023-04-09T08:26:00","date_gmt":"2023-04-09T08:26:00","guid":{"rendered":"https:\/\/semanasantaferrol.com\/domingo-de-resurreccion-as-confrarias-irmandadas-celebran-o-gozoso-encontro\/"},"modified":"2023-04-09T08:26:00","modified_gmt":"2023-04-09T08:26:00","slug":"domingo-de-resurreccion-as-confrarias-irmandadas-celebran-o-gozoso-encontro","status":"publish","type":"post","link":"https:\/\/semanasantaferrol.com\/gl\/domingo-de-resurreccion-as-confrarias-irmandadas-celebran-o-gozoso-encontro\/","title":{"rendered":"Domingo de Resurrecci\u00f3n: As confrar\u00edas irmandadas celebran o Gozoso Encontro"},"content":{"rendered":"<p>As tres confrar\u00edas irmandadas da Semana Santa de Ferrol, Merc\u00e9, Soidade e as Angustias, celebran conxuntamente desde o ano 2004 <strong>o Gozoso Encontro e a Procesi\u00f3n da Resurrecci\u00f3n<\/strong>, coa que culminan os actos da Semana Santa de Ferrol. Cada unha das irmandades pon en marcha un desfile, coas imaxes de Mar\u00eda Magdalena, Mar\u00eda Sant\u00edsima da Luz e Xes\u00fas Resucitado, que se atopan na praza da Constituci\u00f3n.<\/p>\n<p> Cel\u00e9brase al\u00ed o Gozoso Encontro, no que este ano por primeira vez tomar\u00e1 a palabra o bispo da Diocese de Mondo\u00f1edo Ferrol, Fernando Garc\u00eda Cadi\u00f1anos. \u00c9 habitual que ao terminar o acto, no que adoita soar o Himno da Alegr\u00eda, a maior\u00eda dos confrades se quiten o capuz en sinal de alegr\u00eda para empezar a Procesi\u00f3n da Resurrecci\u00f3n xa todos xuntos e coa cara descuberta. <strong>Procesi\u00f3n de Mar\u00eda Magdalena ao encontro con Xes\u00fas Resucitado<\/strong>: sae \u00e1s 11.15h da capela da Merc\u00e9, coa imaxe propiedade da Soidade e obra de Juan Jos\u00e9 Negr\u00ed. <\/p>\n<p><strong>Procesi\u00f3n de Jes\u00fas Resucitado ao encontro coa s\u00faa Nai<\/strong>: a Confrar\u00eda da Soidade inicia este desfile \u00e1s 11.45h, levando a imaxe de Xes\u00fas Resucitado. At\u00f3pase coa da Merc\u00e9 e xa fan xuntas o percorrido ata a praza da Constituci\u00f3n. <strong>Procesi\u00f3n da Virxe da Luz ao encontro co seu Fillo<\/strong>: a Confrar\u00eda das Angustias sae \u00e1s 12.00h. do seu santuario coa imaxe de Mar\u00eda Sant\u00edsima da Luz. <\/p>\n<p>Est\u00edmase que o Gozoso Encontro ser\u00e1 sobre as 12.30h. e que ao redor das 13.00h. comezar\u00e1 a <strong>Procesi\u00f3n da Resurrecci\u00f3n.<\/strong>   Este ano os confrades das Angustias non realizar\u00e1n todo o percorrido ata a capela da Orde Terceira, sen\u00f3n que se desviar\u00e1n pola r\u00faa Coru\u00f1a e regresar\u00e1n ao seu santuario pola r\u00faa Magdalena.<\/p>\n<p>&nbsp;<\/p>\n<p>12.30h: Directo do Gozoso Encontro e a procesi\u00f3n: <a href=\"https:\/\/www.youtube.com\/live\/NWp_RPDIQas?feature=share\">https:\/\/www.youtube.com\/live\/NWp_RPDIQas?feature=share<\/a><\/p>\n","protected":false},"excerpt":{"rendered":"<p>As tres confrar\u00edas irmandadas da Semana Santa de Ferrol, Merc\u00e9, Soidade e as Angustias, celebran conxuntamente desde o ano 2004 o Gozoso Encontro e a Procesi\u00f3n da Resurrecci\u00f3n, coa que culminan os actos da Semana Santa de Ferrol. Cada unha das irmandades pon en marcha un desfile, coas imaxes de Mar\u00eda Magdalena, Mar\u00eda Sant\u00edsima da [&hellip;]<\/p>\n","protected":false},"author":3,"featured_media":5987,"comment_status":"open","ping_status":"open","sticky":false,"template":"","format":"standard","meta":{"footnotes":""},"categories":[39],"tags":[],"class_list":["post-6004","post","type-post","status-publish","format-standard","has-post-thumbnail","hentry","category-xunta"],"yoast_head":"<!-- This site is optimized with the Yoast SEO plugin v27.5 - https:\/\/yoast.com\/product\/yoast-seo-wordpress\/ -->\n<title>Domingo de Resurrecci\u00f3n: As confrar\u00edas irmandadas celebran o Gozoso Encontro - Junta General de Cofrad\u00edas y Hermandades<\/title>\n<meta name=\"robots\" content=\"index, follow, max-snippet:-1, max-image-preview:large, max-video-preview:-1\" \/>\n<link rel=\"canonical\" href=\"https:\/\/semanasantaferrol.com\/gl\/domingo-de-resurreccion-as-confrarias-irmandadas-celebran-o-gozoso-encontro\/\" \/>\n<meta property=\"og:locale\" content=\"gl_ES\" \/>\n<meta property=\"og:type\" content=\"article\" \/>\n<meta property=\"og:title\" content=\"Domingo de Resurrecci\u00f3n: As confrar\u00edas irmandadas celebran o Gozoso Encontro - Junta General de Cofrad\u00edas y Hermandades\" \/>\n<meta property=\"og:description\" content=\"As tres confrar\u00edas irmandadas da Semana Santa de Ferrol, Merc\u00e9, Soidade e as Angustias, celebran conxuntamente desde o ano 2004 o Gozoso Encontro e a Procesi\u00f3n da Resurrecci\u00f3n, coa que culminan os actos da Semana Santa de Ferrol. Cada unha das irmandades pon en marcha un desfile, coas imaxes de Mar\u00eda Magdalena, Mar\u00eda Sant\u00edsima da [&hellip;]\" \/>\n<meta property=\"og:url\" content=\"https:\/\/semanasantaferrol.com\/gl\/domingo-de-resurreccion-as-confrarias-irmandadas-celebran-o-gozoso-encontro\/\" \/>\n<meta property=\"og:site_name\" content=\"Junta General de Cofrad\u00edas y Hermandades\" \/>\n<meta property=\"article:publisher\" content=\"https:\/\/www.facebook.com\/Juntageneraldecofradias\/\" \/>\n<meta property=\"article:published_time\" content=\"2023-04-09T08:26:00+00:00\" \/>\n<meta property=\"og:image\" content=\"https:\/\/semanasantaferrol.com\/wp-content\/uploads\/2023\/04\/gososoencuentro.jpg\" \/>\n\t<meta property=\"og:image:width\" content=\"834\" \/>\n\t<meta property=\"og:image:height\" content=\"626\" \/>\n\t<meta property=\"og:image:type\" content=\"image\/jpeg\" \/>\n<meta name=\"author\" content=\"pingota\" \/>\n<meta name=\"twitter:card\" content=\"summary_large_image\" \/>\n<meta name=\"twitter:label1\" content=\"Escrito por\" \/>\n\t<meta name=\"twitter:data1\" content=\"pingota\" \/>\n\t<meta name=\"twitter:label2\" content=\"Tempo de lectura\" \/>\n\t<meta name=\"twitter:data2\" content=\"2 minutos\" \/>\n<script type=\"application\/ld+json\" class=\"yoast-schema-graph\">{\"@context\":\"https:\\\/\\\/schema.org\",\"@graph\":[{\"@type\":\"Article\",\"@id\":\"https:\\\/\\\/semanasantaferrol.com\\\/gl\\\/domingo-de-resurreccion-as-confrarias-irmandadas-celebran-o-gozoso-encontro\\\/#article\",\"isPartOf\":{\"@id\":\"https:\\\/\\\/semanasantaferrol.com\\\/gl\\\/domingo-de-resurreccion-as-confrarias-irmandadas-celebran-o-gozoso-encontro\\\/\"},\"author\":{\"name\":\"pingota\",\"@id\":\"https:\\\/\\\/semanasantaferrol.com\\\/gl\\\/#\\\/schema\\\/person\\\/cdd132690f08f75a35f05e2423e6307c\"},\"headline\":\"Domingo de Resurrecci\u00f3n: As confrar\u00edas irmandadas celebran o Gozoso Encontro\",\"datePublished\":\"2023-04-09T08:26:00+00:00\",\"mainEntityOfPage\":{\"@id\":\"https:\\\/\\\/semanasantaferrol.com\\\/gl\\\/domingo-de-resurreccion-as-confrarias-irmandadas-celebran-o-gozoso-encontro\\\/\"},\"wordCount\":346,\"commentCount\":0,\"publisher\":{\"@id\":\"https:\\\/\\\/semanasantaferrol.com\\\/gl\\\/#organization\"},\"image\":{\"@id\":\"https:\\\/\\\/semanasantaferrol.com\\\/gl\\\/domingo-de-resurreccion-as-confrarias-irmandadas-celebran-o-gozoso-encontro\\\/#primaryimage\"},\"thumbnailUrl\":\"https:\\\/\\\/semanasantaferrol.com\\\/wp-content\\\/uploads\\\/2023\\\/04\\\/gososoencuentro.jpg\",\"articleSection\":[\"Xunta\"],\"inLanguage\":\"gl-ES\",\"potentialAction\":[{\"@type\":\"CommentAction\",\"name\":\"Comment\",\"target\":[\"https:\\\/\\\/semanasantaferrol.com\\\/gl\\\/domingo-de-resurreccion-as-confrarias-irmandadas-celebran-o-gozoso-encontro\\\/#respond\"]}]},{\"@type\":\"WebPage\",\"@id\":\"https:\\\/\\\/semanasantaferrol.com\\\/gl\\\/domingo-de-resurreccion-as-confrarias-irmandadas-celebran-o-gozoso-encontro\\\/\",\"url\":\"https:\\\/\\\/semanasantaferrol.com\\\/gl\\\/domingo-de-resurreccion-as-confrarias-irmandadas-celebran-o-gozoso-encontro\\\/\",\"name\":\"Domingo de Resurrecci\u00f3n: As confrar\u00edas irmandadas celebran o Gozoso Encontro - Junta General de Cofrad\u00edas y Hermandades\",\"isPartOf\":{\"@id\":\"https:\\\/\\\/semanasantaferrol.com\\\/gl\\\/#website\"},\"primaryImageOfPage\":{\"@id\":\"https:\\\/\\\/semanasantaferrol.com\\\/gl\\\/domingo-de-resurreccion-as-confrarias-irmandadas-celebran-o-gozoso-encontro\\\/#primaryimage\"},\"image\":{\"@id\":\"https:\\\/\\\/semanasantaferrol.com\\\/gl\\\/domingo-de-resurreccion-as-confrarias-irmandadas-celebran-o-gozoso-encontro\\\/#primaryimage\"},\"thumbnailUrl\":\"https:\\\/\\\/semanasantaferrol.com\\\/wp-content\\\/uploads\\\/2023\\\/04\\\/gososoencuentro.jpg\",\"datePublished\":\"2023-04-09T08:26:00+00:00\",\"breadcrumb\":{\"@id\":\"https:\\\/\\\/semanasantaferrol.com\\\/gl\\\/domingo-de-resurreccion-as-confrarias-irmandadas-celebran-o-gozoso-encontro\\\/#breadcrumb\"},\"inLanguage\":\"gl-ES\",\"potentialAction\":[{\"@type\":\"ReadAction\",\"target\":[\"https:\\\/\\\/semanasantaferrol.com\\\/gl\\\/domingo-de-resurreccion-as-confrarias-irmandadas-celebran-o-gozoso-encontro\\\/\"]}]},{\"@type\":\"ImageObject\",\"inLanguage\":\"gl-ES\",\"@id\":\"https:\\\/\\\/semanasantaferrol.com\\\/gl\\\/domingo-de-resurreccion-as-confrarias-irmandadas-celebran-o-gozoso-encontro\\\/#primaryimage\",\"url\":\"https:\\\/\\\/semanasantaferrol.com\\\/wp-content\\\/uploads\\\/2023\\\/04\\\/gososoencuentro.jpg\",\"contentUrl\":\"https:\\\/\\\/semanasantaferrol.com\\\/wp-content\\\/uploads\\\/2023\\\/04\\\/gososoencuentro.jpg\",\"width\":834,\"height\":626},{\"@type\":\"BreadcrumbList\",\"@id\":\"https:\\\/\\\/semanasantaferrol.com\\\/gl\\\/domingo-de-resurreccion-as-confrarias-irmandadas-celebran-o-gozoso-encontro\\\/#breadcrumb\",\"itemListElement\":[{\"@type\":\"ListItem\",\"position\":1,\"name\":\"Portada\",\"item\":\"https:\\\/\\\/semanasantaferrol.com\\\/gl\\\/\"},{\"@type\":\"ListItem\",\"position\":2,\"name\":\"Domingo de Resurrecci\u00f3n: As confrar\u00edas irmandadas celebran o Gozoso Encontro\"}]},{\"@type\":\"WebSite\",\"@id\":\"https:\\\/\\\/semanasantaferrol.com\\\/gl\\\/#website\",\"url\":\"https:\\\/\\\/semanasantaferrol.com\\\/gl\\\/\",\"name\":\"Junta General de Cofrad\u00edas y Hermandades\",\"description\":\"Semana Santa de Ferrol\",\"publisher\":{\"@id\":\"https:\\\/\\\/semanasantaferrol.com\\\/gl\\\/#organization\"},\"alternateName\":\"Semana Santa de Ferrol\",\"potentialAction\":[{\"@type\":\"SearchAction\",\"target\":{\"@type\":\"EntryPoint\",\"urlTemplate\":\"https:\\\/\\\/semanasantaferrol.com\\\/gl\\\/?s={search_term_string}\"},\"query-input\":{\"@type\":\"PropertyValueSpecification\",\"valueRequired\":true,\"valueName\":\"search_term_string\"}}],\"inLanguage\":\"gl-ES\"},{\"@type\":\"Organization\",\"@id\":\"https:\\\/\\\/semanasantaferrol.com\\\/gl\\\/#organization\",\"name\":\"Junta General de Cofrad\u00edas y Hermandades de la Semana Santa de Ferrol\",\"alternateName\":\"Junta de Cofrad\u00edas de la Semana Santa de Ferrol\",\"url\":\"https:\\\/\\\/semanasantaferrol.com\\\/gl\\\/\",\"logo\":{\"@type\":\"ImageObject\",\"inLanguage\":\"gl-ES\",\"@id\":\"https:\\\/\\\/semanasantaferrol.com\\\/gl\\\/#\\\/schema\\\/logo\\\/image\\\/\",\"url\":\"https:\\\/\\\/semanasantaferrol.com\\\/wp-content\\\/uploads\\\/2022\\\/10\\\/junta_general_logo.svg\",\"contentUrl\":\"https:\\\/\\\/semanasantaferrol.com\\\/wp-content\\\/uploads\\\/2022\\\/10\\\/junta_general_logo.svg\",\"width\":600,\"height\":790,\"caption\":\"Junta General de Cofrad\u00edas y Hermandades de la Semana Santa de Ferrol\"},\"image\":{\"@id\":\"https:\\\/\\\/semanasantaferrol.com\\\/gl\\\/#\\\/schema\\\/logo\\\/image\\\/\"},\"sameAs\":[\"https:\\\/\\\/www.facebook.com\\\/Juntageneraldecofradias\\\/\",\"https:\\\/\\\/www.instagram.com\\\/juntageneralcofradiasferrol\\\/\",\"https:\\\/\\\/www.youtube.com\\\/@semanasantadeferrol1616\",\"https:\\\/\\\/www.tiktok.com\\\/@semanasantadeferrol\"]},{\"@type\":\"Person\",\"@id\":\"https:\\\/\\\/semanasantaferrol.com\\\/gl\\\/#\\\/schema\\\/person\\\/cdd132690f08f75a35f05e2423e6307c\",\"name\":\"pingota\",\"image\":{\"@type\":\"ImageObject\",\"inLanguage\":\"gl-ES\",\"@id\":\"https:\\\/\\\/secure.gravatar.com\\\/avatar\\\/b1bb79ecdfb8d6f4c44a82262f8b422faeb290304fc5c6f8b9b4305bfaa2853c?s=96&d=mm&r=g\",\"url\":\"https:\\\/\\\/secure.gravatar.com\\\/avatar\\\/b1bb79ecdfb8d6f4c44a82262f8b422faeb290304fc5c6f8b9b4305bfaa2853c?s=96&d=mm&r=g\",\"contentUrl\":\"https:\\\/\\\/secure.gravatar.com\\\/avatar\\\/b1bb79ecdfb8d6f4c44a82262f8b422faeb290304fc5c6f8b9b4305bfaa2853c?s=96&d=mm&r=g\",\"caption\":\"pingota\"},\"url\":\"https:\\\/\\\/semanasantaferrol.com\\\/gl\"}]}<\/script>\n<!-- \/ Yoast SEO plugin. -->","yoast_head_json":{"title":"Domingo de Resurrecci\u00f3n: As confrar\u00edas irmandadas celebran o Gozoso Encontro - Junta General de Cofrad\u00edas y Hermandades","robots":{"index":"index","follow":"follow","max-snippet":"max-snippet:-1","max-image-preview":"max-image-preview:large","max-video-preview":"max-video-preview:-1"},"canonical":"https:\/\/semanasantaferrol.com\/gl\/domingo-de-resurreccion-as-confrarias-irmandadas-celebran-o-gozoso-encontro\/","og_locale":"gl_ES","og_type":"article","og_title":"Domingo de Resurrecci\u00f3n: As confrar\u00edas irmandadas celebran o Gozoso Encontro - Junta General de Cofrad\u00edas y Hermandades","og_description":"As tres confrar\u00edas irmandadas da Semana Santa de Ferrol, Merc\u00e9, Soidade e as Angustias, celebran conxuntamente desde o ano 2004 o Gozoso Encontro e a Procesi\u00f3n da Resurrecci\u00f3n, coa que culminan os actos da Semana Santa de Ferrol. Cada unha das irmandades pon en marcha un desfile, coas imaxes de Mar\u00eda Magdalena, Mar\u00eda Sant\u00edsima da [&hellip;]","og_url":"https:\/\/semanasantaferrol.com\/gl\/domingo-de-resurreccion-as-confrarias-irmandadas-celebran-o-gozoso-encontro\/","og_site_name":"Junta General de Cofrad\u00edas y Hermandades","article_publisher":"https:\/\/www.facebook.com\/Juntageneraldecofradias\/","article_published_time":"2023-04-09T08:26:00+00:00","og_image":[{"width":834,"height":626,"url":"https:\/\/semanasantaferrol.com\/wp-content\/uploads\/2023\/04\/gososoencuentro.jpg","type":"image\/jpeg"}],"author":"pingota","twitter_card":"summary_large_image","twitter_misc":{"Escrito por":"pingota","Tempo de lectura":"2 minutos"},"schema":{"@context":"https:\/\/schema.org","@graph":[{"@type":"Article","@id":"https:\/\/semanasantaferrol.com\/gl\/domingo-de-resurreccion-as-confrarias-irmandadas-celebran-o-gozoso-encontro\/#article","isPartOf":{"@id":"https:\/\/semanasantaferrol.com\/gl\/domingo-de-resurreccion-as-confrarias-irmandadas-celebran-o-gozoso-encontro\/"},"author":{"name":"pingota","@id":"https:\/\/semanasantaferrol.com\/gl\/#\/schema\/person\/cdd132690f08f75a35f05e2423e6307c"},"headline":"Domingo de Resurrecci\u00f3n: As confrar\u00edas irmandadas celebran o Gozoso Encontro","datePublished":"2023-04-09T08:26:00+00:00","mainEntityOfPage":{"@id":"https:\/\/semanasantaferrol.com\/gl\/domingo-de-resurreccion-as-confrarias-irmandadas-celebran-o-gozoso-encontro\/"},"wordCount":346,"commentCount":0,"publisher":{"@id":"https:\/\/semanasantaferrol.com\/gl\/#organization"},"image":{"@id":"https:\/\/semanasantaferrol.com\/gl\/domingo-de-resurreccion-as-confrarias-irmandadas-celebran-o-gozoso-encontro\/#primaryimage"},"thumbnailUrl":"https:\/\/semanasantaferrol.com\/wp-content\/uploads\/2023\/04\/gososoencuentro.jpg","articleSection":["Xunta"],"inLanguage":"gl-ES","potentialAction":[{"@type":"CommentAction","name":"Comment","target":["https:\/\/semanasantaferrol.com\/gl\/domingo-de-resurreccion-as-confrarias-irmandadas-celebran-o-gozoso-encontro\/#respond"]}]},{"@type":"WebPage","@id":"https:\/\/semanasantaferrol.com\/gl\/domingo-de-resurreccion-as-confrarias-irmandadas-celebran-o-gozoso-encontro\/","url":"https:\/\/semanasantaferrol.com\/gl\/domingo-de-resurreccion-as-confrarias-irmandadas-celebran-o-gozoso-encontro\/","name":"Domingo de Resurrecci\u00f3n: As confrar\u00edas irmandadas celebran o Gozoso Encontro - Junta General de Cofrad\u00edas y Hermandades","isPartOf":{"@id":"https:\/\/semanasantaferrol.com\/gl\/#website"},"primaryImageOfPage":{"@id":"https:\/\/semanasantaferrol.com\/gl\/domingo-de-resurreccion-as-confrarias-irmandadas-celebran-o-gozoso-encontro\/#primaryimage"},"image":{"@id":"https:\/\/semanasantaferrol.com\/gl\/domingo-de-resurreccion-as-confrarias-irmandadas-celebran-o-gozoso-encontro\/#primaryimage"},"thumbnailUrl":"https:\/\/semanasantaferrol.com\/wp-content\/uploads\/2023\/04\/gososoencuentro.jpg","datePublished":"2023-04-09T08:26:00+00:00","breadcrumb":{"@id":"https:\/\/semanasantaferrol.com\/gl\/domingo-de-resurreccion-as-confrarias-irmandadas-celebran-o-gozoso-encontro\/#breadcrumb"},"inLanguage":"gl-ES","potentialAction":[{"@type":"ReadAction","target":["https:\/\/semanasantaferrol.com\/gl\/domingo-de-resurreccion-as-confrarias-irmandadas-celebran-o-gozoso-encontro\/"]}]},{"@type":"ImageObject","inLanguage":"gl-ES","@id":"https:\/\/semanasantaferrol.com\/gl\/domingo-de-resurreccion-as-confrarias-irmandadas-celebran-o-gozoso-encontro\/#primaryimage","url":"https:\/\/semanasantaferrol.com\/wp-content\/uploads\/2023\/04\/gososoencuentro.jpg","contentUrl":"https:\/\/semanasantaferrol.com\/wp-content\/uploads\/2023\/04\/gososoencuentro.jpg","width":834,"height":626},{"@type":"BreadcrumbList","@id":"https:\/\/semanasantaferrol.com\/gl\/domingo-de-resurreccion-as-confrarias-irmandadas-celebran-o-gozoso-encontro\/#breadcrumb","itemListElement":[{"@type":"ListItem","position":1,"name":"Portada","item":"https:\/\/semanasantaferrol.com\/gl\/"},{"@type":"ListItem","position":2,"name":"Domingo de Resurrecci\u00f3n: As confrar\u00edas irmandadas celebran o Gozoso Encontro"}]},{"@type":"WebSite","@id":"https:\/\/semanasantaferrol.com\/gl\/#website","url":"https:\/\/semanasantaferrol.com\/gl\/","name":"Junta General de Cofrad\u00edas y Hermandades","description":"Semana Santa de Ferrol","publisher":{"@id":"https:\/\/semanasantaferrol.com\/gl\/#organization"},"alternateName":"Semana Santa de Ferrol","potentialAction":[{"@type":"SearchAction","target":{"@type":"EntryPoint","urlTemplate":"https:\/\/semanasantaferrol.com\/gl\/?s={search_term_string}"},"query-input":{"@type":"PropertyValueSpecification","valueRequired":true,"valueName":"search_term_string"}}],"inLanguage":"gl-ES"},{"@type":"Organization","@id":"https:\/\/semanasantaferrol.com\/gl\/#organization","name":"Junta General de Cofrad\u00edas y Hermandades de la Semana Santa de Ferrol","alternateName":"Junta de Cofrad\u00edas de la Semana Santa de Ferrol","url":"https:\/\/semanasantaferrol.com\/gl\/","logo":{"@type":"ImageObject","inLanguage":"gl-ES","@id":"https:\/\/semanasantaferrol.com\/gl\/#\/schema\/logo\/image\/","url":"https:\/\/semanasantaferrol.com\/wp-content\/uploads\/2022\/10\/junta_general_logo.svg","contentUrl":"https:\/\/semanasantaferrol.com\/wp-content\/uploads\/2022\/10\/junta_general_logo.svg","width":600,"height":790,"caption":"Junta General de Cofrad\u00edas y Hermandades de la Semana Santa de Ferrol"},"image":{"@id":"https:\/\/semanasantaferrol.com\/gl\/#\/schema\/logo\/image\/"},"sameAs":["https:\/\/www.facebook.com\/Juntageneraldecofradias\/","https:\/\/www.instagram.com\/juntageneralcofradiasferrol\/","https:\/\/www.youtube.com\/@semanasantadeferrol1616","https:\/\/www.tiktok.com\/@semanasantadeferrol"]},{"@type":"Person","@id":"https:\/\/semanasantaferrol.com\/gl\/#\/schema\/person\/cdd132690f08f75a35f05e2423e6307c","name":"pingota","image":{"@type":"ImageObject","inLanguage":"gl-ES","@id":"https:\/\/secure.gravatar.com\/avatar\/b1bb79ecdfb8d6f4c44a82262f8b422faeb290304fc5c6f8b9b4305bfaa2853c?s=96&d=mm&r=g","url":"https:\/\/secure.gravatar.com\/avatar\/b1bb79ecdfb8d6f4c44a82262f8b422faeb290304fc5c6f8b9b4305bfaa2853c?s=96&d=mm&r=g","contentUrl":"https:\/\/secure.gravatar.com\/avatar\/b1bb79ecdfb8d6f4c44a82262f8b422faeb290304fc5c6f8b9b4305bfaa2853c?s=96&d=mm&r=g","caption":"pingota"},"url":"https:\/\/semanasantaferrol.com\/gl"}]}},"_links":{"self":[{"href":"https:\/\/semanasantaferrol.com\/gl\/wp-json\/wp\/v2\/posts\/6004","targetHints":{"allow":["GET"]}}],"collection":[{"href":"https:\/\/semanasantaferrol.com\/gl\/wp-json\/wp\/v2\/posts"}],"about":[{"href":"https:\/\/semanasantaferrol.com\/gl\/wp-json\/wp\/v2\/types\/post"}],"author":[{"embeddable":true,"href":"https:\/\/semanasantaferrol.com\/gl\/wp-json\/wp\/v2\/users\/3"}],"replies":[{"embeddable":true,"href":"https:\/\/semanasantaferrol.com\/gl\/wp-json\/wp\/v2\/comments?post=6004"}],"version-history":[{"count":0,"href":"https:\/\/semanasantaferrol.com\/gl\/wp-json\/wp\/v2\/posts\/6004\/revisions"}],"wp:featuredmedia":[{"embeddable":true,"href":"https:\/\/semanasantaferrol.com\/gl\/wp-json\/wp\/v2\/media\/5987"}],"wp:attachment":[{"href":"https:\/\/semanasantaferrol.com\/gl\/wp-json\/wp\/v2\/media?parent=6004"}],"wp:term":[{"taxonomy":"category","embeddable":true,"href":"https:\/\/semanasantaferrol.com\/gl\/wp-json\/wp\/v2\/categories?post=6004"},{"taxonomy":"post_tag","embeddable":true,"href":"https:\/\/semanasantaferrol.com\/gl\/wp-json\/wp\/v2\/tags?post=6004"}],"curies":[{"name":"wp","href":"https:\/\/api.w.org\/{rel}","templated":true}]}}