{"id":5994,"date":"2023-04-08T07:39:09","date_gmt":"2023-04-08T07:39:09","guid":{"rendered":"https:\/\/semanasantaferrol.com\/sabado-santo-a-virxe-das-angustias-sera-portada-a-ombreiros-na-procesion-da-caridade-e-o-silencio\/"},"modified":"2023-04-08T07:46:36","modified_gmt":"2023-04-08T07:46:36","slug":"sabado-santo-a-virxe-das-angustias-sera-portada-a-ombreiros-na-procesion-da-caridade-e-o-silencio","status":"publish","type":"post","link":"https:\/\/semanasantaferrol.com\/gl\/sabado-santo-a-virxe-das-angustias-sera-portada-a-ombreiros-na-procesion-da-caridade-e-o-silencio\/","title":{"rendered":"S\u00e1bado Santo: A Virxe das Angustias ser\u00e1 portada a ombreiros na Procesi\u00f3n da Caridade e o Silencio"},"content":{"rendered":"<p>A Confrar\u00eda das Angustias \u00e9 a protagonista absoluta do S\u00e1bado Santo en Ferrol. A irmandade celebra a Procesi\u00f3n da Caridade e o Silencio, a \u00fanica desta xornada, este ano coa importante novidade de que a imaxe da Virxe ir\u00e1 portada aos ombreiros. Recup\u00e9rase con iso unha tradici\u00f3n que estivo vixente entre 1956 e 1992.   Os portadores e portadoras, un total de doce, levar\u00e1n a imaxe aos ombreiros e ir\u00e1n debaixo do trono, tapados co seu fald\u00f3n, de maneira que non se lles ver\u00e1n m\u00e1is que os p\u00e9s.<\/p>\n<p>Como sempre, Nosa Se\u00f1ora das Angustias ir\u00e1 neste desfile de loito e sen a imaxe do seu Fillo no colo \u2013como sae na procesi\u00f3n do Xoves Santo-. Nesta ocasi\u00f3n \u2013adoita suceder en anos alternos- ir\u00e1 vestida cun traxe de galega de veludo negro e con adornos de acibeche.  Na procesi\u00f3n, os confrades fan un xuramento de silencio e van vestivos de loito rigoroso, sen capa e con capuz negro, sen repartir estampitas nin caramelos.<\/p>\n<p>Desde as nove da ma\u00f1\u00e1 no santuario das Angustias, a Confrar\u00eda abrir\u00e1 as s\u00faas portas para <strong>recoller as esmolas<\/strong> que van depositar os fieis, Tr\u00e1tase dunha das tradici\u00f3ns m\u00e1is arraigadas da Semana Santa de Ferrol. A xente deposita os seus donativos na arqueta de madeira tallada que se sit\u00faa no altar, aos p\u00e9s da Virxe, e recibe a cambio unha flor recollida dos tronos que sa\u00edron nos d\u00edas anteriores. <\/p>\n<p>Son numerosos os fieis que van ao longo de toda a xornada para facer os seus donativos. Tam\u00e9n, para quen non poden achegarse persoalmente ao santuario de Esteiro, a irmandade anuncia que se poden realizar doaz\u00f3ns por transferencia bancaria \u00e1 conta ES80 0238 8107 1106 0000 9100, indicando no concepto &#8220;Donativo arqueta&#8221;. <\/p>\n<p>A procesi\u00f3n sae \u00e1s 20.00 horas e tras a s\u00faa retirada no interior do santuario un representante do Hospital de Caridade acode a golpear a porta para entrar e recoller o di\u00f1eiro dos fieis.<\/p>\n<p>Est\u00e1 previsto facer dous streamings:<\/p>\n<p>21.00h Retransmisi\u00f3n do paso pola r\u00faa Madalena: <a href=\"https:\/\/www.youtube.com\/live\/aFpP7kxpij0?feature=share\">https:\/\/www.youtube.com\/live\/aFpP7kxpij0?feature=share<\/a><\/p>\n<p>22.30h Retirada: <a href=\"https:\/\/www.youtube.com\/live\/f48IPqWw-d4?feature=share\">https:\/\/www.youtube.com\/live\/f48IPqWw-d4?feature=share<\/a><\/p>\n","protected":false},"excerpt":{"rendered":"<p>A Confrar\u00eda das Angustias \u00e9 a protagonista absoluta do S\u00e1bado Santo en Ferrol. A irmandade celebra a Procesi\u00f3n da Caridade e o Silencio, a \u00fanica desta xornada, este ano coa importante novidade de que a imaxe da Virxe ir\u00e1 portada aos ombreiros. Recup\u00e9rase con iso unha tradici\u00f3n que estivo vixente entre 1956 e 1992. Os [&hellip;]<\/p>\n","protected":false},"author":3,"featured_media":5983,"comment_status":"open","ping_status":"open","sticky":false,"template":"","format":"standard","meta":{"footnotes":""},"categories":[39],"tags":[],"class_list":["post-5994","post","type-post","status-publish","format-standard","has-post-thumbnail","hentry","category-xunta"],"yoast_head":"<!-- This site is optimized with the Yoast SEO plugin v27.5 - https:\/\/yoast.com\/product\/yoast-seo-wordpress\/ -->\n<title>S\u00e1bado Santo: A Virxe das Angustias ser\u00e1 portada a ombreiros na Procesi\u00f3n da Caridade e o Silencio - Junta General de Cofrad\u00edas y Hermandades<\/title>\n<meta name=\"robots\" content=\"index, follow, max-snippet:-1, max-image-preview:large, max-video-preview:-1\" \/>\n<link rel=\"canonical\" href=\"https:\/\/semanasantaferrol.com\/gl\/sabado-santo-a-virxe-das-angustias-sera-portada-a-ombreiros-na-procesion-da-caridade-e-o-silencio\/\" \/>\n<meta property=\"og:locale\" content=\"gl_ES\" \/>\n<meta property=\"og:type\" content=\"article\" \/>\n<meta property=\"og:title\" content=\"S\u00e1bado Santo: A Virxe das Angustias ser\u00e1 portada a ombreiros na Procesi\u00f3n da Caridade e o Silencio - Junta General de Cofrad\u00edas y Hermandades\" \/>\n<meta property=\"og:description\" content=\"A Confrar\u00eda das Angustias \u00e9 a protagonista absoluta do S\u00e1bado Santo en Ferrol. A irmandade celebra a Procesi\u00f3n da Caridade e o Silencio, a \u00fanica desta xornada, este ano coa importante novidade de que a imaxe da Virxe ir\u00e1 portada aos ombreiros. Recup\u00e9rase con iso unha tradici\u00f3n que estivo vixente entre 1956 e 1992. Os [&hellip;]\" \/>\n<meta property=\"og:url\" content=\"https:\/\/semanasantaferrol.com\/gl\/sabado-santo-a-virxe-das-angustias-sera-portada-a-ombreiros-na-procesion-da-caridade-e-o-silencio\/\" \/>\n<meta property=\"og:site_name\" content=\"Junta General de Cofrad\u00edas y Hermandades\" \/>\n<meta property=\"article:publisher\" content=\"https:\/\/www.facebook.com\/Juntageneraldecofradias\/\" \/>\n<meta property=\"article:published_time\" content=\"2023-04-08T07:39:09+00:00\" \/>\n<meta property=\"article:modified_time\" content=\"2023-04-08T07:46:36+00:00\" \/>\n<meta property=\"og:image\" content=\"https:\/\/semanasantaferrol.com\/wp-content\/uploads\/2023\/04\/caridad.jpg\" \/>\n\t<meta property=\"og:image:width\" content=\"527\" \/>\n\t<meta property=\"og:image:height\" content=\"395\" \/>\n\t<meta property=\"og:image:type\" content=\"image\/jpeg\" \/>\n<meta name=\"author\" content=\"pingota\" \/>\n<meta name=\"twitter:card\" content=\"summary_large_image\" \/>\n<meta name=\"twitter:label1\" content=\"Escrito por\" \/>\n\t<meta name=\"twitter:data1\" content=\"pingota\" \/>\n\t<meta name=\"twitter:label2\" content=\"Tempo de lectura\" \/>\n\t<meta name=\"twitter:data2\" content=\"2 minutos\" \/>\n<script type=\"application\/ld+json\" class=\"yoast-schema-graph\">{\"@context\":\"https:\\\/\\\/schema.org\",\"@graph\":[{\"@type\":\"Article\",\"@id\":\"https:\\\/\\\/semanasantaferrol.com\\\/gl\\\/sabado-santo-a-virxe-das-angustias-sera-portada-a-ombreiros-na-procesion-da-caridade-e-o-silencio\\\/#article\",\"isPartOf\":{\"@id\":\"https:\\\/\\\/semanasantaferrol.com\\\/gl\\\/sabado-santo-a-virxe-das-angustias-sera-portada-a-ombreiros-na-procesion-da-caridade-e-o-silencio\\\/\"},\"author\":{\"name\":\"pingota\",\"@id\":\"https:\\\/\\\/semanasantaferrol.com\\\/gl\\\/#\\\/schema\\\/person\\\/cdd132690f08f75a35f05e2423e6307c\"},\"headline\":\"S\u00e1bado Santo: A Virxe das Angustias ser\u00e1 portada a ombreiros na Procesi\u00f3n da Caridade e o Silencio\",\"datePublished\":\"2023-04-08T07:39:09+00:00\",\"dateModified\":\"2023-04-08T07:46:36+00:00\",\"mainEntityOfPage\":{\"@id\":\"https:\\\/\\\/semanasantaferrol.com\\\/gl\\\/sabado-santo-a-virxe-das-angustias-sera-portada-a-ombreiros-na-procesion-da-caridade-e-o-silencio\\\/\"},\"wordCount\":388,\"commentCount\":0,\"publisher\":{\"@id\":\"https:\\\/\\\/semanasantaferrol.com\\\/gl\\\/#organization\"},\"image\":{\"@id\":\"https:\\\/\\\/semanasantaferrol.com\\\/gl\\\/sabado-santo-a-virxe-das-angustias-sera-portada-a-ombreiros-na-procesion-da-caridade-e-o-silencio\\\/#primaryimage\"},\"thumbnailUrl\":\"https:\\\/\\\/semanasantaferrol.com\\\/wp-content\\\/uploads\\\/2023\\\/04\\\/caridad.jpg\",\"articleSection\":[\"Xunta\"],\"inLanguage\":\"gl-ES\",\"potentialAction\":[{\"@type\":\"CommentAction\",\"name\":\"Comment\",\"target\":[\"https:\\\/\\\/semanasantaferrol.com\\\/gl\\\/sabado-santo-a-virxe-das-angustias-sera-portada-a-ombreiros-na-procesion-da-caridade-e-o-silencio\\\/#respond\"]}]},{\"@type\":\"WebPage\",\"@id\":\"https:\\\/\\\/semanasantaferrol.com\\\/gl\\\/sabado-santo-a-virxe-das-angustias-sera-portada-a-ombreiros-na-procesion-da-caridade-e-o-silencio\\\/\",\"url\":\"https:\\\/\\\/semanasantaferrol.com\\\/gl\\\/sabado-santo-a-virxe-das-angustias-sera-portada-a-ombreiros-na-procesion-da-caridade-e-o-silencio\\\/\",\"name\":\"S\u00e1bado Santo: A Virxe das Angustias ser\u00e1 portada a ombreiros na Procesi\u00f3n da Caridade e o Silencio - Junta General de Cofrad\u00edas y Hermandades\",\"isPartOf\":{\"@id\":\"https:\\\/\\\/semanasantaferrol.com\\\/gl\\\/#website\"},\"primaryImageOfPage\":{\"@id\":\"https:\\\/\\\/semanasantaferrol.com\\\/gl\\\/sabado-santo-a-virxe-das-angustias-sera-portada-a-ombreiros-na-procesion-da-caridade-e-o-silencio\\\/#primaryimage\"},\"image\":{\"@id\":\"https:\\\/\\\/semanasantaferrol.com\\\/gl\\\/sabado-santo-a-virxe-das-angustias-sera-portada-a-ombreiros-na-procesion-da-caridade-e-o-silencio\\\/#primaryimage\"},\"thumbnailUrl\":\"https:\\\/\\\/semanasantaferrol.com\\\/wp-content\\\/uploads\\\/2023\\\/04\\\/caridad.jpg\",\"datePublished\":\"2023-04-08T07:39:09+00:00\",\"dateModified\":\"2023-04-08T07:46:36+00:00\",\"breadcrumb\":{\"@id\":\"https:\\\/\\\/semanasantaferrol.com\\\/gl\\\/sabado-santo-a-virxe-das-angustias-sera-portada-a-ombreiros-na-procesion-da-caridade-e-o-silencio\\\/#breadcrumb\"},\"inLanguage\":\"gl-ES\",\"potentialAction\":[{\"@type\":\"ReadAction\",\"target\":[\"https:\\\/\\\/semanasantaferrol.com\\\/gl\\\/sabado-santo-a-virxe-das-angustias-sera-portada-a-ombreiros-na-procesion-da-caridade-e-o-silencio\\\/\"]}]},{\"@type\":\"ImageObject\",\"inLanguage\":\"gl-ES\",\"@id\":\"https:\\\/\\\/semanasantaferrol.com\\\/gl\\\/sabado-santo-a-virxe-das-angustias-sera-portada-a-ombreiros-na-procesion-da-caridade-e-o-silencio\\\/#primaryimage\",\"url\":\"https:\\\/\\\/semanasantaferrol.com\\\/wp-content\\\/uploads\\\/2023\\\/04\\\/caridad.jpg\",\"contentUrl\":\"https:\\\/\\\/semanasantaferrol.com\\\/wp-content\\\/uploads\\\/2023\\\/04\\\/caridad.jpg\",\"width\":527,\"height\":395},{\"@type\":\"BreadcrumbList\",\"@id\":\"https:\\\/\\\/semanasantaferrol.com\\\/gl\\\/sabado-santo-a-virxe-das-angustias-sera-portada-a-ombreiros-na-procesion-da-caridade-e-o-silencio\\\/#breadcrumb\",\"itemListElement\":[{\"@type\":\"ListItem\",\"position\":1,\"name\":\"Portada\",\"item\":\"https:\\\/\\\/semanasantaferrol.com\\\/gl\\\/\"},{\"@type\":\"ListItem\",\"position\":2,\"name\":\"S\u00e1bado Santo: A Virxe das Angustias ser\u00e1 portada a ombreiros na Procesi\u00f3n da Caridade e o Silencio\"}]},{\"@type\":\"WebSite\",\"@id\":\"https:\\\/\\\/semanasantaferrol.com\\\/gl\\\/#website\",\"url\":\"https:\\\/\\\/semanasantaferrol.com\\\/gl\\\/\",\"name\":\"Junta General de Cofrad\u00edas y Hermandades\",\"description\":\"Semana Santa de Ferrol\",\"publisher\":{\"@id\":\"https:\\\/\\\/semanasantaferrol.com\\\/gl\\\/#organization\"},\"alternateName\":\"Semana Santa de Ferrol\",\"potentialAction\":[{\"@type\":\"SearchAction\",\"target\":{\"@type\":\"EntryPoint\",\"urlTemplate\":\"https:\\\/\\\/semanasantaferrol.com\\\/gl\\\/?s={search_term_string}\"},\"query-input\":{\"@type\":\"PropertyValueSpecification\",\"valueRequired\":true,\"valueName\":\"search_term_string\"}}],\"inLanguage\":\"gl-ES\"},{\"@type\":\"Organization\",\"@id\":\"https:\\\/\\\/semanasantaferrol.com\\\/gl\\\/#organization\",\"name\":\"Junta General de Cofrad\u00edas y Hermandades de la Semana Santa de Ferrol\",\"alternateName\":\"Junta de Cofrad\u00edas de la Semana Santa de Ferrol\",\"url\":\"https:\\\/\\\/semanasantaferrol.com\\\/gl\\\/\",\"logo\":{\"@type\":\"ImageObject\",\"inLanguage\":\"gl-ES\",\"@id\":\"https:\\\/\\\/semanasantaferrol.com\\\/gl\\\/#\\\/schema\\\/logo\\\/image\\\/\",\"url\":\"https:\\\/\\\/semanasantaferrol.com\\\/wp-content\\\/uploads\\\/2022\\\/10\\\/junta_general_logo.svg\",\"contentUrl\":\"https:\\\/\\\/semanasantaferrol.com\\\/wp-content\\\/uploads\\\/2022\\\/10\\\/junta_general_logo.svg\",\"width\":600,\"height\":790,\"caption\":\"Junta General de Cofrad\u00edas y Hermandades de la Semana Santa de Ferrol\"},\"image\":{\"@id\":\"https:\\\/\\\/semanasantaferrol.com\\\/gl\\\/#\\\/schema\\\/logo\\\/image\\\/\"},\"sameAs\":[\"https:\\\/\\\/www.facebook.com\\\/Juntageneraldecofradias\\\/\",\"https:\\\/\\\/www.instagram.com\\\/juntageneralcofradiasferrol\\\/\",\"https:\\\/\\\/www.youtube.com\\\/@semanasantadeferrol1616\",\"https:\\\/\\\/www.tiktok.com\\\/@semanasantadeferrol\"]},{\"@type\":\"Person\",\"@id\":\"https:\\\/\\\/semanasantaferrol.com\\\/gl\\\/#\\\/schema\\\/person\\\/cdd132690f08f75a35f05e2423e6307c\",\"name\":\"pingota\",\"image\":{\"@type\":\"ImageObject\",\"inLanguage\":\"gl-ES\",\"@id\":\"https:\\\/\\\/secure.gravatar.com\\\/avatar\\\/b1bb79ecdfb8d6f4c44a82262f8b422faeb290304fc5c6f8b9b4305bfaa2853c?s=96&d=mm&r=g\",\"url\":\"https:\\\/\\\/secure.gravatar.com\\\/avatar\\\/b1bb79ecdfb8d6f4c44a82262f8b422faeb290304fc5c6f8b9b4305bfaa2853c?s=96&d=mm&r=g\",\"contentUrl\":\"https:\\\/\\\/secure.gravatar.com\\\/avatar\\\/b1bb79ecdfb8d6f4c44a82262f8b422faeb290304fc5c6f8b9b4305bfaa2853c?s=96&d=mm&r=g\",\"caption\":\"pingota\"},\"url\":\"https:\\\/\\\/semanasantaferrol.com\\\/gl\"}]}<\/script>\n<!-- \/ Yoast SEO plugin. -->","yoast_head_json":{"title":"S\u00e1bado Santo: A Virxe das Angustias ser\u00e1 portada a ombreiros na Procesi\u00f3n da Caridade e o Silencio - Junta General de Cofrad\u00edas y Hermandades","robots":{"index":"index","follow":"follow","max-snippet":"max-snippet:-1","max-image-preview":"max-image-preview:large","max-video-preview":"max-video-preview:-1"},"canonical":"https:\/\/semanasantaferrol.com\/gl\/sabado-santo-a-virxe-das-angustias-sera-portada-a-ombreiros-na-procesion-da-caridade-e-o-silencio\/","og_locale":"gl_ES","og_type":"article","og_title":"S\u00e1bado Santo: A Virxe das Angustias ser\u00e1 portada a ombreiros na Procesi\u00f3n da Caridade e o Silencio - Junta General de Cofrad\u00edas y Hermandades","og_description":"A Confrar\u00eda das Angustias \u00e9 a protagonista absoluta do S\u00e1bado Santo en Ferrol. A irmandade celebra a Procesi\u00f3n da Caridade e o Silencio, a \u00fanica desta xornada, este ano coa importante novidade de que a imaxe da Virxe ir\u00e1 portada aos ombreiros. Recup\u00e9rase con iso unha tradici\u00f3n que estivo vixente entre 1956 e 1992. Os [&hellip;]","og_url":"https:\/\/semanasantaferrol.com\/gl\/sabado-santo-a-virxe-das-angustias-sera-portada-a-ombreiros-na-procesion-da-caridade-e-o-silencio\/","og_site_name":"Junta General de Cofrad\u00edas y Hermandades","article_publisher":"https:\/\/www.facebook.com\/Juntageneraldecofradias\/","article_published_time":"2023-04-08T07:39:09+00:00","article_modified_time":"2023-04-08T07:46:36+00:00","og_image":[{"width":527,"height":395,"url":"https:\/\/semanasantaferrol.com\/wp-content\/uploads\/2023\/04\/caridad.jpg","type":"image\/jpeg"}],"author":"pingota","twitter_card":"summary_large_image","twitter_misc":{"Escrito por":"pingota","Tempo de lectura":"2 minutos"},"schema":{"@context":"https:\/\/schema.org","@graph":[{"@type":"Article","@id":"https:\/\/semanasantaferrol.com\/gl\/sabado-santo-a-virxe-das-angustias-sera-portada-a-ombreiros-na-procesion-da-caridade-e-o-silencio\/#article","isPartOf":{"@id":"https:\/\/semanasantaferrol.com\/gl\/sabado-santo-a-virxe-das-angustias-sera-portada-a-ombreiros-na-procesion-da-caridade-e-o-silencio\/"},"author":{"name":"pingota","@id":"https:\/\/semanasantaferrol.com\/gl\/#\/schema\/person\/cdd132690f08f75a35f05e2423e6307c"},"headline":"S\u00e1bado Santo: A Virxe das Angustias ser\u00e1 portada a ombreiros na Procesi\u00f3n da Caridade e o Silencio","datePublished":"2023-04-08T07:39:09+00:00","dateModified":"2023-04-08T07:46:36+00:00","mainEntityOfPage":{"@id":"https:\/\/semanasantaferrol.com\/gl\/sabado-santo-a-virxe-das-angustias-sera-portada-a-ombreiros-na-procesion-da-caridade-e-o-silencio\/"},"wordCount":388,"commentCount":0,"publisher":{"@id":"https:\/\/semanasantaferrol.com\/gl\/#organization"},"image":{"@id":"https:\/\/semanasantaferrol.com\/gl\/sabado-santo-a-virxe-das-angustias-sera-portada-a-ombreiros-na-procesion-da-caridade-e-o-silencio\/#primaryimage"},"thumbnailUrl":"https:\/\/semanasantaferrol.com\/wp-content\/uploads\/2023\/04\/caridad.jpg","articleSection":["Xunta"],"inLanguage":"gl-ES","potentialAction":[{"@type":"CommentAction","name":"Comment","target":["https:\/\/semanasantaferrol.com\/gl\/sabado-santo-a-virxe-das-angustias-sera-portada-a-ombreiros-na-procesion-da-caridade-e-o-silencio\/#respond"]}]},{"@type":"WebPage","@id":"https:\/\/semanasantaferrol.com\/gl\/sabado-santo-a-virxe-das-angustias-sera-portada-a-ombreiros-na-procesion-da-caridade-e-o-silencio\/","url":"https:\/\/semanasantaferrol.com\/gl\/sabado-santo-a-virxe-das-angustias-sera-portada-a-ombreiros-na-procesion-da-caridade-e-o-silencio\/","name":"S\u00e1bado Santo: A Virxe das Angustias ser\u00e1 portada a ombreiros na Procesi\u00f3n da Caridade e o Silencio - Junta General de Cofrad\u00edas y Hermandades","isPartOf":{"@id":"https:\/\/semanasantaferrol.com\/gl\/#website"},"primaryImageOfPage":{"@id":"https:\/\/semanasantaferrol.com\/gl\/sabado-santo-a-virxe-das-angustias-sera-portada-a-ombreiros-na-procesion-da-caridade-e-o-silencio\/#primaryimage"},"image":{"@id":"https:\/\/semanasantaferrol.com\/gl\/sabado-santo-a-virxe-das-angustias-sera-portada-a-ombreiros-na-procesion-da-caridade-e-o-silencio\/#primaryimage"},"thumbnailUrl":"https:\/\/semanasantaferrol.com\/wp-content\/uploads\/2023\/04\/caridad.jpg","datePublished":"2023-04-08T07:39:09+00:00","dateModified":"2023-04-08T07:46:36+00:00","breadcrumb":{"@id":"https:\/\/semanasantaferrol.com\/gl\/sabado-santo-a-virxe-das-angustias-sera-portada-a-ombreiros-na-procesion-da-caridade-e-o-silencio\/#breadcrumb"},"inLanguage":"gl-ES","potentialAction":[{"@type":"ReadAction","target":["https:\/\/semanasantaferrol.com\/gl\/sabado-santo-a-virxe-das-angustias-sera-portada-a-ombreiros-na-procesion-da-caridade-e-o-silencio\/"]}]},{"@type":"ImageObject","inLanguage":"gl-ES","@id":"https:\/\/semanasantaferrol.com\/gl\/sabado-santo-a-virxe-das-angustias-sera-portada-a-ombreiros-na-procesion-da-caridade-e-o-silencio\/#primaryimage","url":"https:\/\/semanasantaferrol.com\/wp-content\/uploads\/2023\/04\/caridad.jpg","contentUrl":"https:\/\/semanasantaferrol.com\/wp-content\/uploads\/2023\/04\/caridad.jpg","width":527,"height":395},{"@type":"BreadcrumbList","@id":"https:\/\/semanasantaferrol.com\/gl\/sabado-santo-a-virxe-das-angustias-sera-portada-a-ombreiros-na-procesion-da-caridade-e-o-silencio\/#breadcrumb","itemListElement":[{"@type":"ListItem","position":1,"name":"Portada","item":"https:\/\/semanasantaferrol.com\/gl\/"},{"@type":"ListItem","position":2,"name":"S\u00e1bado Santo: A Virxe das Angustias ser\u00e1 portada a ombreiros na Procesi\u00f3n da Caridade e o Silencio"}]},{"@type":"WebSite","@id":"https:\/\/semanasantaferrol.com\/gl\/#website","url":"https:\/\/semanasantaferrol.com\/gl\/","name":"Junta General de Cofrad\u00edas y Hermandades","description":"Semana Santa de Ferrol","publisher":{"@id":"https:\/\/semanasantaferrol.com\/gl\/#organization"},"alternateName":"Semana Santa de Ferrol","potentialAction":[{"@type":"SearchAction","target":{"@type":"EntryPoint","urlTemplate":"https:\/\/semanasantaferrol.com\/gl\/?s={search_term_string}"},"query-input":{"@type":"PropertyValueSpecification","valueRequired":true,"valueName":"search_term_string"}}],"inLanguage":"gl-ES"},{"@type":"Organization","@id":"https:\/\/semanasantaferrol.com\/gl\/#organization","name":"Junta General de Cofrad\u00edas y Hermandades de la Semana Santa de Ferrol","alternateName":"Junta de Cofrad\u00edas de la Semana Santa de Ferrol","url":"https:\/\/semanasantaferrol.com\/gl\/","logo":{"@type":"ImageObject","inLanguage":"gl-ES","@id":"https:\/\/semanasantaferrol.com\/gl\/#\/schema\/logo\/image\/","url":"https:\/\/semanasantaferrol.com\/wp-content\/uploads\/2022\/10\/junta_general_logo.svg","contentUrl":"https:\/\/semanasantaferrol.com\/wp-content\/uploads\/2022\/10\/junta_general_logo.svg","width":600,"height":790,"caption":"Junta General de Cofrad\u00edas y Hermandades de la Semana Santa de Ferrol"},"image":{"@id":"https:\/\/semanasantaferrol.com\/gl\/#\/schema\/logo\/image\/"},"sameAs":["https:\/\/www.facebook.com\/Juntageneraldecofradias\/","https:\/\/www.instagram.com\/juntageneralcofradiasferrol\/","https:\/\/www.youtube.com\/@semanasantadeferrol1616","https:\/\/www.tiktok.com\/@semanasantadeferrol"]},{"@type":"Person","@id":"https:\/\/semanasantaferrol.com\/gl\/#\/schema\/person\/cdd132690f08f75a35f05e2423e6307c","name":"pingota","image":{"@type":"ImageObject","inLanguage":"gl-ES","@id":"https:\/\/secure.gravatar.com\/avatar\/b1bb79ecdfb8d6f4c44a82262f8b422faeb290304fc5c6f8b9b4305bfaa2853c?s=96&d=mm&r=g","url":"https:\/\/secure.gravatar.com\/avatar\/b1bb79ecdfb8d6f4c44a82262f8b422faeb290304fc5c6f8b9b4305bfaa2853c?s=96&d=mm&r=g","contentUrl":"https:\/\/secure.gravatar.com\/avatar\/b1bb79ecdfb8d6f4c44a82262f8b422faeb290304fc5c6f8b9b4305bfaa2853c?s=96&d=mm&r=g","caption":"pingota"},"url":"https:\/\/semanasantaferrol.com\/gl"}]}},"_links":{"self":[{"href":"https:\/\/semanasantaferrol.com\/gl\/wp-json\/wp\/v2\/posts\/5994","targetHints":{"allow":["GET"]}}],"collection":[{"href":"https:\/\/semanasantaferrol.com\/gl\/wp-json\/wp\/v2\/posts"}],"about":[{"href":"https:\/\/semanasantaferrol.com\/gl\/wp-json\/wp\/v2\/types\/post"}],"author":[{"embeddable":true,"href":"https:\/\/semanasantaferrol.com\/gl\/wp-json\/wp\/v2\/users\/3"}],"replies":[{"embeddable":true,"href":"https:\/\/semanasantaferrol.com\/gl\/wp-json\/wp\/v2\/comments?post=5994"}],"version-history":[{"count":1,"href":"https:\/\/semanasantaferrol.com\/gl\/wp-json\/wp\/v2\/posts\/5994\/revisions"}],"predecessor-version":[{"id":5995,"href":"https:\/\/semanasantaferrol.com\/gl\/wp-json\/wp\/v2\/posts\/5994\/revisions\/5995"}],"wp:featuredmedia":[{"embeddable":true,"href":"https:\/\/semanasantaferrol.com\/gl\/wp-json\/wp\/v2\/media\/5983"}],"wp:attachment":[{"href":"https:\/\/semanasantaferrol.com\/gl\/wp-json\/wp\/v2\/media?parent=5994"}],"wp:term":[{"taxonomy":"category","embeddable":true,"href":"https:\/\/semanasantaferrol.com\/gl\/wp-json\/wp\/v2\/categories?post=5994"},{"taxonomy":"post_tag","embeddable":true,"href":"https:\/\/semanasantaferrol.com\/gl\/wp-json\/wp\/v2\/tags?post=5994"}],"curies":[{"name":"wp","href":"https:\/\/api.w.org\/{rel}","templated":true}]}}