{"id":5980,"date":"2023-04-07T08:47:17","date_gmt":"2023-04-07T08:47:17","guid":{"rendered":"https:\/\/semanasantaferrol.com\/viernes-santo-a-merce-recupera-o-paso-de-misterio-do-redentor\/"},"modified":"2023-04-07T08:47:17","modified_gmt":"2023-04-07T08:47:17","slug":"viernes-santo-a-merce-recupera-o-paso-de-misterio-do-redentor","status":"publish","type":"post","link":"https:\/\/semanasantaferrol.com\/gl\/viernes-santo-a-merce-recupera-o-paso-de-misterio-do-redentor\/","title":{"rendered":"Viernes Santo: A Merc\u00e9 recupera o paso de misterio do Redentor"},"content":{"rendered":"<p>A xornada do Venres Santo \u00e9 a de maior n\u00famero de procesi\u00f3ns e a m\u00e1is emocionante da Semana Santa de Ferrol. De novo este ano o Santo Encontro ser\u00e1 na praza de Armas e volver\u00e1 celebrarse a Cerimonia do Desencravo en San Xiao. As obras obrigan a cambiar o percorrido do Santo Enterro e da procesi\u00f3n dos Caladi\u00f1os e a Confrar\u00eda da Merc\u00e9 recupera, no seu desfile do Crucificado, o antigo paso de misterio no que van, ademais de Xes\u00fas na Cruz, a Dolorosa e San Xo\u00e1n.<\/p>\n<p>Os actos comezar\u00e1n pola ma\u00f1\u00e1 coa <strong>Procesi\u00f3n do Santo Encontro<\/strong> organizada pola Confrar\u00eda de Dolores. \u00c9 un dos eventos m\u00e1is multitudinarios da Semana Santa de Ferrol e nel prod\u00facese a que \u00e9 quiz\u00e1 a s\u00faa imaxe m\u00e1is emblem\u00e1tica, a dos tronos do Nazareno, San Xo\u00e1n, a Ver\u00f3nica e a Virxe das Dores levantadas e \u201cbailando\u201d nunha praza chea de p\u00fablico.<\/p>\n<p>A primeira destas imaxes sae do corral\u00f3n de Dolores \u00e1s 11.30 horas e dir\u00edxese a Armas pola r\u00faa Madalena, para entrar na praza por Rubalcava. As outras tres saen \u00e1s 11.45 horas e dir\u00edxense \u00e1 praza pola r\u00faa Real, de maneira que entran en Armas por Terra. O Santo Encontro celebrarase \u00e1s 12.30 horas. Despois do acto, a procesi\u00f3n regresa a Amboage polas r\u00faas Terra e Real.<\/p>\n<p>A Confrar\u00eda da Merc\u00e9 organiza a primeira sa\u00edda da tarde do Venres Santo, a <strong>Procesi\u00f3n do Crucificado<\/strong>, que se inicia \u00e1s 16.30 horas desde a capela do Tirso. Como novidade, este ano a irmandade recuperar\u00e1 o paso de misterio do Redentor tal como fac\u00eda nos anos sesenta, coas imaxes da Dolorosa e San Xo\u00e1n que acompa\u00f1an \u00e1 talla de Jos\u00e9 Rivas no altar do interior da capela. Na sa\u00edda prod\u00facese unha imaxe xa emblem\u00e1tica desta xornada, cando os portadores levantan a Cruz do Redentor sobre o seu trono. A operaci\u00f3n repetirase este ano no paso no que xa estar\u00e1n as imaxes da Dolorosa e San Xo\u00e1n.<\/p>\n<p>\u00c1s 18.00 horas sair\u00e1 do corral\u00f3n de Dolores a <strong>Procesi\u00f3n do Traslado<\/strong>. Este desfile ten por obxecto sumar as imaxes de San Xo\u00e1n e a Virxe de Dolores \u00e1 procesi\u00f3n do Santo Enterro. Normalmente dir\u00edxese a San Juli\u00e1n, pero por mor das obras este ano ambos os pasos esperar\u00e1n na confluencia das r\u00faas Magdalena e Coru\u00f1a a chegada da Santa Urna, para unirse e procesionar tras ela.<\/p>\n<p>A Irmandade do Santo Enterro volver\u00e1 celebrar a <strong>Cerimonia do Desencravo<\/strong> no atrio de San Xiao, \u00e1s 18.00 horas. Nela tratarase con suma delicadeza a imaxe do Cristo articulado que se emprega nesta funci\u00f3n e que data cando menos do s\u00e9culo XVIII. O seu estado \u00e9 fr\u00e1xil e por iso a confrar\u00eda ten xa previsto sometela a un proceso de restauraci\u00f3n ao terminar esta semana Santa. \u00c1s 19.00 horas sair\u00e1 a <strong>Procesi\u00f3n do Santo Enterro<\/strong> desde San Xiao, cun destacable cambio no percorrido debido \u00e1s obras.<\/p>\n<p> O desfile sair\u00e1 por Irmandi\u00f1os, onde necesariamente cortarase o tr\u00e1fico, e bordear\u00e1 a concatedral para dirixirse \u00e1 r\u00faa Magdalena pola r\u00faa Coru\u00f1a. Al\u00ed comezar\u00e1 o seu percorrido habitual, repetindo o \u201cdesv\u00edo\u201d polas obras na recollida. A Santa Urna, obra de Urbano Anido e que data de 1891, \u00e9 a protagonista desta procesi\u00f3n, unha das m\u00e1is solemnes de cantas cel\u00e9branse na Semana Santa de Ferrol. C\u00famprense neste 2023, precisamente, 130 anos desde a s\u00faa estrea.  Ir\u00e1, como sempre, coa Unidade de M\u00fasica do Terzo Norte na s\u00faa traseira.<\/p>\n<p>A Irmandade do Santo Enterro desenvolver\u00e1 ao longo do d\u00eda diferentes actos. \u00c1s 11.00 horas celebrar\u00e1 un V\u00eda Crucis no interior de San Xiao e \u00e1s 12.00 horas ser\u00e1 o Serm\u00f3n das Sete Palabras. Pola tarde, celebraranse os oficios \u00e1s 16.30 horas, tras os que ser\u00e1 o Desencravo e a procesi\u00f3n. Ao seu regreso, aproximadamente cara \u00e1s 20.00 horas, os irm\u00e1ns do Santo Enterro realizan unha oraci\u00f3n ante o Sepulcro.<\/p>\n<p>\u00c1s 21.00 horas saldr\u00e1 de la capilla de la Orden Tercera la <strong>Procesi\u00f3n de la Soledad<\/strong>. Desde o ano 2018 a imaxe da Soidade, de autor an\u00f3nimo e unha das m\u00e1is antigas e emblem\u00e1ticas da Semana Santa de Ferrol, sae aos ombreiros. Nesta procesi\u00f3n vai tam\u00e9n o paso de Santa Mar\u00eda Madalena, unha talla de 1956 obra de Guillermo Feal, que \u00e9 hoxe en d\u00eda a \u00fanica imaxe desta irmandade que non vai portada aos ombreiros. Como en anos anteriores, a Soidade \u00e9 sacada sobre unhas sinxelas andas da capela terciaria e nas s\u00faas inmediaci\u00f3ns col\u00f3case sobre o trono con palio co que procesiona polo barrio da Madalena.<\/p>\n<p>A Confrar\u00eda de Dolores organiza a <strong>Procesi\u00f3n dos Caladi\u00f1os<\/strong>, a \u00faltima das cinco que se celebran o Venres Santo. \u00c1s 23.15 a concatedral de San Juli\u00e1n acoller\u00e1 un acto lit\u00farxico previo e \u00e1s 23.30 horas comezar\u00e1 a andar o desfile, que tam\u00e9n ter\u00e1 que sa\u00edr por Irmandi\u00f1os e incorporarse \u00e1 r\u00faa Madalena por Coru\u00f1a. Esta procesi\u00f3n caracter\u00edzase, como o seu nome indica, polo silencio e a solemnidade, s\u00f3 roto polo arrastrar das cadeas dos penitentes e o son dos tambores. \u00c9 especialmente numerosa a participaci\u00f3n do Terzo de Penitentes, que sae en todos os desfiles da Confrar\u00eda de Dolores e est\u00e1 formado por fieis vestidos con t\u00fanica negra, cruz sen capirote, moitas veces descalzos e con cadeas, que van portando pesadas cruces para cumprir algunha promesa ou expiar alg\u00fan pecado.<\/p>\n<p>A Cruz Sudario, San Juan Evanxelista e a Virxe de Dores son os tres pasos dos Caladi\u00f1os, que termina cun acto na praza de Amboage. Al\u00ed cel\u00e9brase outro tradicional acto da Semana Santa ferrol\u00e1, cando se canta s\u00e1lvea \u201c Regina\u201d \u00e1 Virxe. Un ano m\u00e1is, ser\u00e1 o Coro Diapas\u00f3n o encargado de entoalo.<\/p>\n<p>&nbsp;<\/p>\n<p>A continuaci\u00f3n detallamos horario e ligaz\u00f3ns dos streamings previstos o Venres Santo:<\/p>\n<p>&nbsp;<\/p>\n<p>12.00h: <strong>Santo Encontro<\/strong> <a href=\"https:\/\/www.youtube.com\/live\/d20x3BMa6fg?feature=share\">https:\/\/www.youtube.com\/live\/d20x3BMa6fg?feature=share<\/a><\/p>\n<p>16.30h: Sa\u00edda <strong>Procesi\u00f3n do Crucificado<\/strong>: <a href=\"https:\/\/www.youtube.com\/live\/WHoXEHIopsE?feature=share\">https:\/\/www.youtube.com\/live\/whoxehiopse?feature=share<\/a><\/p>\n<p><strong>17.30h: Entrevista Santo Enterro<\/strong>: <a href=\"https:\/\/www.youtube.com\/live\/M5AjBOjLg4k?feature=share\">https:\/\/www.youtube.com\/live\/m5AjBOjLg4k?feature=share<\/a><\/p>\n<p>18.00h: Cerimonia do Desencravo: <a href=\"https:\/\/www.youtube.com\/live\/59EA_vaZmrk?feature=share\">https:\/\/www.youtube.com\/live\/59EA_vaZmrk?feature=share<\/a><\/p>\n<p>19.00h Procesi\u00f3n do Santo Enterro, sa\u00edda e paso pola Magdalena: <a href=\"https:\/\/www.youtube.com\/watch?v=Sy72tzs-NcY\">https:\/\/www.youtube.com\/watch?v=Sy72tzs-NcY<\/a><\/p>\n<p><strong>Procesi\u00f3n da Soidade: <\/strong><\/p>\n<p>21.00h Sa\u00edda: <a href=\"https:\/\/www.youtube.com\/live\/rakifBuoe68?feature=share\">https:\/\/www.youtube.com\/live\/rakifbuoe68?feature=share<\/a><\/p>\n<p>21.45h Paso pola r\u00faa Magdalena: <a href=\"https:\/\/www.youtube.com\/live\/NGW6fISI_Cg?feature=share\">https:\/\/www.youtube.com\/live\/ngw6fISI_Cg?feature=share<\/a><\/p>\n<p><strong>Os Caladi\u00f1os:<\/strong><\/p>\n<p>23.30h Sa\u00edda e paso por r\u00faa Magdalena: <a href=\"https:\/\/www.youtube.com\/live\/IF3MGBOz-q0?feature=share\">https:\/\/www.youtube.com\/live\/if3MGBOz-q0?feature=share<\/a><\/p>\n<p>01.00h Retirada e canto da Salve Regina: <a href=\"https:\/\/www.youtube.com\/watch?v=usz41u0rnQE\">https:\/\/www.youtube.com\/watch?v=usz41ou0rnQE<\/a><\/p>\n","protected":false},"excerpt":{"rendered":"<p>A xornada do Venres Santo \u00e9 a de maior n\u00famero de procesi\u00f3ns e a m\u00e1is emocionante da Semana Santa de Ferrol. De novo este ano o Santo Encontro ser\u00e1 na praza de Armas e volver\u00e1 celebrarse a Cerimonia do Desencravo en San Xiao. As obras obrigan a cambiar o percorrido do Santo Enterro e da [&hellip;]<\/p>\n","protected":false},"author":3,"featured_media":5978,"comment_status":"open","ping_status":"open","sticky":false,"template":"","format":"standard","meta":{"footnotes":""},"categories":[39],"tags":[],"class_list":["post-5980","post","type-post","status-publish","format-standard","has-post-thumbnail","hentry","category-xunta"],"yoast_head":"<!-- This site is optimized with the Yoast SEO plugin v27.5 - https:\/\/yoast.com\/product\/yoast-seo-wordpress\/ -->\n<title>Viernes Santo: A Merc\u00e9 recupera o paso de misterio do Redentor - Junta General de Cofrad\u00edas y Hermandades<\/title>\n<meta name=\"robots\" content=\"index, follow, max-snippet:-1, max-image-preview:large, max-video-preview:-1\" \/>\n<link rel=\"canonical\" href=\"https:\/\/semanasantaferrol.com\/gl\/viernes-santo-a-merce-recupera-o-paso-de-misterio-do-redentor\/\" \/>\n<meta property=\"og:locale\" content=\"gl_ES\" \/>\n<meta property=\"og:type\" content=\"article\" \/>\n<meta property=\"og:title\" content=\"Viernes Santo: A Merc\u00e9 recupera o paso de misterio do Redentor - Junta General de Cofrad\u00edas y Hermandades\" \/>\n<meta property=\"og:description\" content=\"A xornada do Venres Santo \u00e9 a de maior n\u00famero de procesi\u00f3ns e a m\u00e1is emocionante da Semana Santa de Ferrol. De novo este ano o Santo Encontro ser\u00e1 na praza de Armas e volver\u00e1 celebrarse a Cerimonia do Desencravo en San Xiao. As obras obrigan a cambiar o percorrido do Santo Enterro e da [&hellip;]\" \/>\n<meta property=\"og:url\" content=\"https:\/\/semanasantaferrol.com\/gl\/viernes-santo-a-merce-recupera-o-paso-de-misterio-do-redentor\/\" \/>\n<meta property=\"og:site_name\" content=\"Junta General de Cofrad\u00edas y Hermandades\" \/>\n<meta property=\"article:publisher\" content=\"https:\/\/www.facebook.com\/Juntageneraldecofradias\/\" \/>\n<meta property=\"article:published_time\" content=\"2023-04-07T08:47:17+00:00\" \/>\n<meta property=\"og:image\" content=\"https:\/\/semanasantaferrol.com\/wp-content\/uploads\/2023\/04\/59106210_2311065218959236_7595847712507953152_n.jpg\" \/>\n\t<meta property=\"og:image:width\" content=\"795\" \/>\n\t<meta property=\"og:image:height\" content=\"596\" \/>\n\t<meta property=\"og:image:type\" content=\"image\/jpeg\" \/>\n<meta name=\"author\" content=\"pingota\" \/>\n<meta name=\"twitter:card\" content=\"summary_large_image\" \/>\n<meta name=\"twitter:label1\" content=\"Escrito por\" \/>\n\t<meta name=\"twitter:data1\" content=\"pingota\" \/>\n\t<meta name=\"twitter:label2\" content=\"Tempo de lectura\" \/>\n\t<meta name=\"twitter:data2\" content=\"6 minutos\" \/>\n<script type=\"application\/ld+json\" class=\"yoast-schema-graph\">{\"@context\":\"https:\\\/\\\/schema.org\",\"@graph\":[{\"@type\":\"Article\",\"@id\":\"https:\\\/\\\/semanasantaferrol.com\\\/gl\\\/viernes-santo-a-merce-recupera-o-paso-de-misterio-do-redentor\\\/#article\",\"isPartOf\":{\"@id\":\"https:\\\/\\\/semanasantaferrol.com\\\/gl\\\/viernes-santo-a-merce-recupera-o-paso-de-misterio-do-redentor\\\/\"},\"author\":{\"name\":\"pingota\",\"@id\":\"https:\\\/\\\/semanasantaferrol.com\\\/gl\\\/#\\\/schema\\\/person\\\/cdd132690f08f75a35f05e2423e6307c\"},\"headline\":\"Viernes Santo: A Merc\u00e9 recupera o paso de misterio do Redentor\",\"datePublished\":\"2023-04-07T08:47:17+00:00\",\"mainEntityOfPage\":{\"@id\":\"https:\\\/\\\/semanasantaferrol.com\\\/gl\\\/viernes-santo-a-merce-recupera-o-paso-de-misterio-do-redentor\\\/\"},\"wordCount\":1162,\"commentCount\":0,\"publisher\":{\"@id\":\"https:\\\/\\\/semanasantaferrol.com\\\/gl\\\/#organization\"},\"image\":{\"@id\":\"https:\\\/\\\/semanasantaferrol.com\\\/gl\\\/viernes-santo-a-merce-recupera-o-paso-de-misterio-do-redentor\\\/#primaryimage\"},\"thumbnailUrl\":\"https:\\\/\\\/semanasantaferrol.com\\\/wp-content\\\/uploads\\\/2023\\\/04\\\/59106210_2311065218959236_7595847712507953152_n.jpg\",\"articleSection\":[\"Xunta\"],\"inLanguage\":\"gl-ES\",\"potentialAction\":[{\"@type\":\"CommentAction\",\"name\":\"Comment\",\"target\":[\"https:\\\/\\\/semanasantaferrol.com\\\/gl\\\/viernes-santo-a-merce-recupera-o-paso-de-misterio-do-redentor\\\/#respond\"]}]},{\"@type\":\"WebPage\",\"@id\":\"https:\\\/\\\/semanasantaferrol.com\\\/gl\\\/viernes-santo-a-merce-recupera-o-paso-de-misterio-do-redentor\\\/\",\"url\":\"https:\\\/\\\/semanasantaferrol.com\\\/gl\\\/viernes-santo-a-merce-recupera-o-paso-de-misterio-do-redentor\\\/\",\"name\":\"Viernes Santo: A Merc\u00e9 recupera o paso de misterio do Redentor - Junta General de Cofrad\u00edas y Hermandades\",\"isPartOf\":{\"@id\":\"https:\\\/\\\/semanasantaferrol.com\\\/gl\\\/#website\"},\"primaryImageOfPage\":{\"@id\":\"https:\\\/\\\/semanasantaferrol.com\\\/gl\\\/viernes-santo-a-merce-recupera-o-paso-de-misterio-do-redentor\\\/#primaryimage\"},\"image\":{\"@id\":\"https:\\\/\\\/semanasantaferrol.com\\\/gl\\\/viernes-santo-a-merce-recupera-o-paso-de-misterio-do-redentor\\\/#primaryimage\"},\"thumbnailUrl\":\"https:\\\/\\\/semanasantaferrol.com\\\/wp-content\\\/uploads\\\/2023\\\/04\\\/59106210_2311065218959236_7595847712507953152_n.jpg\",\"datePublished\":\"2023-04-07T08:47:17+00:00\",\"breadcrumb\":{\"@id\":\"https:\\\/\\\/semanasantaferrol.com\\\/gl\\\/viernes-santo-a-merce-recupera-o-paso-de-misterio-do-redentor\\\/#breadcrumb\"},\"inLanguage\":\"gl-ES\",\"potentialAction\":[{\"@type\":\"ReadAction\",\"target\":[\"https:\\\/\\\/semanasantaferrol.com\\\/gl\\\/viernes-santo-a-merce-recupera-o-paso-de-misterio-do-redentor\\\/\"]}]},{\"@type\":\"ImageObject\",\"inLanguage\":\"gl-ES\",\"@id\":\"https:\\\/\\\/semanasantaferrol.com\\\/gl\\\/viernes-santo-a-merce-recupera-o-paso-de-misterio-do-redentor\\\/#primaryimage\",\"url\":\"https:\\\/\\\/semanasantaferrol.com\\\/wp-content\\\/uploads\\\/2023\\\/04\\\/59106210_2311065218959236_7595847712507953152_n.jpg\",\"contentUrl\":\"https:\\\/\\\/semanasantaferrol.com\\\/wp-content\\\/uploads\\\/2023\\\/04\\\/59106210_2311065218959236_7595847712507953152_n.jpg\",\"width\":795,\"height\":596},{\"@type\":\"BreadcrumbList\",\"@id\":\"https:\\\/\\\/semanasantaferrol.com\\\/gl\\\/viernes-santo-a-merce-recupera-o-paso-de-misterio-do-redentor\\\/#breadcrumb\",\"itemListElement\":[{\"@type\":\"ListItem\",\"position\":1,\"name\":\"Portada\",\"item\":\"https:\\\/\\\/semanasantaferrol.com\\\/gl\\\/\"},{\"@type\":\"ListItem\",\"position\":2,\"name\":\"Viernes Santo: A Merc\u00e9 recupera o paso de misterio do Redentor\"}]},{\"@type\":\"WebSite\",\"@id\":\"https:\\\/\\\/semanasantaferrol.com\\\/gl\\\/#website\",\"url\":\"https:\\\/\\\/semanasantaferrol.com\\\/gl\\\/\",\"name\":\"Junta General de Cofrad\u00edas y Hermandades\",\"description\":\"Semana Santa de Ferrol\",\"publisher\":{\"@id\":\"https:\\\/\\\/semanasantaferrol.com\\\/gl\\\/#organization\"},\"alternateName\":\"Semana Santa de Ferrol\",\"potentialAction\":[{\"@type\":\"SearchAction\",\"target\":{\"@type\":\"EntryPoint\",\"urlTemplate\":\"https:\\\/\\\/semanasantaferrol.com\\\/gl\\\/?s={search_term_string}\"},\"query-input\":{\"@type\":\"PropertyValueSpecification\",\"valueRequired\":true,\"valueName\":\"search_term_string\"}}],\"inLanguage\":\"gl-ES\"},{\"@type\":\"Organization\",\"@id\":\"https:\\\/\\\/semanasantaferrol.com\\\/gl\\\/#organization\",\"name\":\"Junta General de Cofrad\u00edas y Hermandades de la Semana Santa de Ferrol\",\"alternateName\":\"Junta de Cofrad\u00edas de la Semana Santa de Ferrol\",\"url\":\"https:\\\/\\\/semanasantaferrol.com\\\/gl\\\/\",\"logo\":{\"@type\":\"ImageObject\",\"inLanguage\":\"gl-ES\",\"@id\":\"https:\\\/\\\/semanasantaferrol.com\\\/gl\\\/#\\\/schema\\\/logo\\\/image\\\/\",\"url\":\"https:\\\/\\\/semanasantaferrol.com\\\/wp-content\\\/uploads\\\/2022\\\/10\\\/junta_general_logo.svg\",\"contentUrl\":\"https:\\\/\\\/semanasantaferrol.com\\\/wp-content\\\/uploads\\\/2022\\\/10\\\/junta_general_logo.svg\",\"width\":600,\"height\":790,\"caption\":\"Junta General de Cofrad\u00edas y Hermandades de la Semana Santa de Ferrol\"},\"image\":{\"@id\":\"https:\\\/\\\/semanasantaferrol.com\\\/gl\\\/#\\\/schema\\\/logo\\\/image\\\/\"},\"sameAs\":[\"https:\\\/\\\/www.facebook.com\\\/Juntageneraldecofradias\\\/\",\"https:\\\/\\\/www.instagram.com\\\/juntageneralcofradiasferrol\\\/\",\"https:\\\/\\\/www.youtube.com\\\/@semanasantadeferrol1616\",\"https:\\\/\\\/www.tiktok.com\\\/@semanasantadeferrol\"]},{\"@type\":\"Person\",\"@id\":\"https:\\\/\\\/semanasantaferrol.com\\\/gl\\\/#\\\/schema\\\/person\\\/cdd132690f08f75a35f05e2423e6307c\",\"name\":\"pingota\",\"image\":{\"@type\":\"ImageObject\",\"inLanguage\":\"gl-ES\",\"@id\":\"https:\\\/\\\/secure.gravatar.com\\\/avatar\\\/b1bb79ecdfb8d6f4c44a82262f8b422faeb290304fc5c6f8b9b4305bfaa2853c?s=96&d=mm&r=g\",\"url\":\"https:\\\/\\\/secure.gravatar.com\\\/avatar\\\/b1bb79ecdfb8d6f4c44a82262f8b422faeb290304fc5c6f8b9b4305bfaa2853c?s=96&d=mm&r=g\",\"contentUrl\":\"https:\\\/\\\/secure.gravatar.com\\\/avatar\\\/b1bb79ecdfb8d6f4c44a82262f8b422faeb290304fc5c6f8b9b4305bfaa2853c?s=96&d=mm&r=g\",\"caption\":\"pingota\"},\"url\":\"https:\\\/\\\/semanasantaferrol.com\\\/gl\"}]}<\/script>\n<!-- \/ Yoast SEO plugin. -->","yoast_head_json":{"title":"Viernes Santo: A Merc\u00e9 recupera o paso de misterio do Redentor - Junta General de Cofrad\u00edas y Hermandades","robots":{"index":"index","follow":"follow","max-snippet":"max-snippet:-1","max-image-preview":"max-image-preview:large","max-video-preview":"max-video-preview:-1"},"canonical":"https:\/\/semanasantaferrol.com\/gl\/viernes-santo-a-merce-recupera-o-paso-de-misterio-do-redentor\/","og_locale":"gl_ES","og_type":"article","og_title":"Viernes Santo: A Merc\u00e9 recupera o paso de misterio do Redentor - Junta General de Cofrad\u00edas y Hermandades","og_description":"A xornada do Venres Santo \u00e9 a de maior n\u00famero de procesi\u00f3ns e a m\u00e1is emocionante da Semana Santa de Ferrol. De novo este ano o Santo Encontro ser\u00e1 na praza de Armas e volver\u00e1 celebrarse a Cerimonia do Desencravo en San Xiao. As obras obrigan a cambiar o percorrido do Santo Enterro e da [&hellip;]","og_url":"https:\/\/semanasantaferrol.com\/gl\/viernes-santo-a-merce-recupera-o-paso-de-misterio-do-redentor\/","og_site_name":"Junta General de Cofrad\u00edas y Hermandades","article_publisher":"https:\/\/www.facebook.com\/Juntageneraldecofradias\/","article_published_time":"2023-04-07T08:47:17+00:00","og_image":[{"width":795,"height":596,"url":"https:\/\/semanasantaferrol.com\/wp-content\/uploads\/2023\/04\/59106210_2311065218959236_7595847712507953152_n.jpg","type":"image\/jpeg"}],"author":"pingota","twitter_card":"summary_large_image","twitter_misc":{"Escrito por":"pingota","Tempo de lectura":"6 minutos"},"schema":{"@context":"https:\/\/schema.org","@graph":[{"@type":"Article","@id":"https:\/\/semanasantaferrol.com\/gl\/viernes-santo-a-merce-recupera-o-paso-de-misterio-do-redentor\/#article","isPartOf":{"@id":"https:\/\/semanasantaferrol.com\/gl\/viernes-santo-a-merce-recupera-o-paso-de-misterio-do-redentor\/"},"author":{"name":"pingota","@id":"https:\/\/semanasantaferrol.com\/gl\/#\/schema\/person\/cdd132690f08f75a35f05e2423e6307c"},"headline":"Viernes Santo: A Merc\u00e9 recupera o paso de misterio do Redentor","datePublished":"2023-04-07T08:47:17+00:00","mainEntityOfPage":{"@id":"https:\/\/semanasantaferrol.com\/gl\/viernes-santo-a-merce-recupera-o-paso-de-misterio-do-redentor\/"},"wordCount":1162,"commentCount":0,"publisher":{"@id":"https:\/\/semanasantaferrol.com\/gl\/#organization"},"image":{"@id":"https:\/\/semanasantaferrol.com\/gl\/viernes-santo-a-merce-recupera-o-paso-de-misterio-do-redentor\/#primaryimage"},"thumbnailUrl":"https:\/\/semanasantaferrol.com\/wp-content\/uploads\/2023\/04\/59106210_2311065218959236_7595847712507953152_n.jpg","articleSection":["Xunta"],"inLanguage":"gl-ES","potentialAction":[{"@type":"CommentAction","name":"Comment","target":["https:\/\/semanasantaferrol.com\/gl\/viernes-santo-a-merce-recupera-o-paso-de-misterio-do-redentor\/#respond"]}]},{"@type":"WebPage","@id":"https:\/\/semanasantaferrol.com\/gl\/viernes-santo-a-merce-recupera-o-paso-de-misterio-do-redentor\/","url":"https:\/\/semanasantaferrol.com\/gl\/viernes-santo-a-merce-recupera-o-paso-de-misterio-do-redentor\/","name":"Viernes Santo: A Merc\u00e9 recupera o paso de misterio do Redentor - Junta General de Cofrad\u00edas y Hermandades","isPartOf":{"@id":"https:\/\/semanasantaferrol.com\/gl\/#website"},"primaryImageOfPage":{"@id":"https:\/\/semanasantaferrol.com\/gl\/viernes-santo-a-merce-recupera-o-paso-de-misterio-do-redentor\/#primaryimage"},"image":{"@id":"https:\/\/semanasantaferrol.com\/gl\/viernes-santo-a-merce-recupera-o-paso-de-misterio-do-redentor\/#primaryimage"},"thumbnailUrl":"https:\/\/semanasantaferrol.com\/wp-content\/uploads\/2023\/04\/59106210_2311065218959236_7595847712507953152_n.jpg","datePublished":"2023-04-07T08:47:17+00:00","breadcrumb":{"@id":"https:\/\/semanasantaferrol.com\/gl\/viernes-santo-a-merce-recupera-o-paso-de-misterio-do-redentor\/#breadcrumb"},"inLanguage":"gl-ES","potentialAction":[{"@type":"ReadAction","target":["https:\/\/semanasantaferrol.com\/gl\/viernes-santo-a-merce-recupera-o-paso-de-misterio-do-redentor\/"]}]},{"@type":"ImageObject","inLanguage":"gl-ES","@id":"https:\/\/semanasantaferrol.com\/gl\/viernes-santo-a-merce-recupera-o-paso-de-misterio-do-redentor\/#primaryimage","url":"https:\/\/semanasantaferrol.com\/wp-content\/uploads\/2023\/04\/59106210_2311065218959236_7595847712507953152_n.jpg","contentUrl":"https:\/\/semanasantaferrol.com\/wp-content\/uploads\/2023\/04\/59106210_2311065218959236_7595847712507953152_n.jpg","width":795,"height":596},{"@type":"BreadcrumbList","@id":"https:\/\/semanasantaferrol.com\/gl\/viernes-santo-a-merce-recupera-o-paso-de-misterio-do-redentor\/#breadcrumb","itemListElement":[{"@type":"ListItem","position":1,"name":"Portada","item":"https:\/\/semanasantaferrol.com\/gl\/"},{"@type":"ListItem","position":2,"name":"Viernes Santo: A Merc\u00e9 recupera o paso de misterio do Redentor"}]},{"@type":"WebSite","@id":"https:\/\/semanasantaferrol.com\/gl\/#website","url":"https:\/\/semanasantaferrol.com\/gl\/","name":"Junta General de Cofrad\u00edas y Hermandades","description":"Semana Santa de Ferrol","publisher":{"@id":"https:\/\/semanasantaferrol.com\/gl\/#organization"},"alternateName":"Semana Santa de Ferrol","potentialAction":[{"@type":"SearchAction","target":{"@type":"EntryPoint","urlTemplate":"https:\/\/semanasantaferrol.com\/gl\/?s={search_term_string}"},"query-input":{"@type":"PropertyValueSpecification","valueRequired":true,"valueName":"search_term_string"}}],"inLanguage":"gl-ES"},{"@type":"Organization","@id":"https:\/\/semanasantaferrol.com\/gl\/#organization","name":"Junta General de Cofrad\u00edas y Hermandades de la Semana Santa de Ferrol","alternateName":"Junta de Cofrad\u00edas de la Semana Santa de Ferrol","url":"https:\/\/semanasantaferrol.com\/gl\/","logo":{"@type":"ImageObject","inLanguage":"gl-ES","@id":"https:\/\/semanasantaferrol.com\/gl\/#\/schema\/logo\/image\/","url":"https:\/\/semanasantaferrol.com\/wp-content\/uploads\/2022\/10\/junta_general_logo.svg","contentUrl":"https:\/\/semanasantaferrol.com\/wp-content\/uploads\/2022\/10\/junta_general_logo.svg","width":600,"height":790,"caption":"Junta General de Cofrad\u00edas y Hermandades de la Semana Santa de Ferrol"},"image":{"@id":"https:\/\/semanasantaferrol.com\/gl\/#\/schema\/logo\/image\/"},"sameAs":["https:\/\/www.facebook.com\/Juntageneraldecofradias\/","https:\/\/www.instagram.com\/juntageneralcofradiasferrol\/","https:\/\/www.youtube.com\/@semanasantadeferrol1616","https:\/\/www.tiktok.com\/@semanasantadeferrol"]},{"@type":"Person","@id":"https:\/\/semanasantaferrol.com\/gl\/#\/schema\/person\/cdd132690f08f75a35f05e2423e6307c","name":"pingota","image":{"@type":"ImageObject","inLanguage":"gl-ES","@id":"https:\/\/secure.gravatar.com\/avatar\/b1bb79ecdfb8d6f4c44a82262f8b422faeb290304fc5c6f8b9b4305bfaa2853c?s=96&d=mm&r=g","url":"https:\/\/secure.gravatar.com\/avatar\/b1bb79ecdfb8d6f4c44a82262f8b422faeb290304fc5c6f8b9b4305bfaa2853c?s=96&d=mm&r=g","contentUrl":"https:\/\/secure.gravatar.com\/avatar\/b1bb79ecdfb8d6f4c44a82262f8b422faeb290304fc5c6f8b9b4305bfaa2853c?s=96&d=mm&r=g","caption":"pingota"},"url":"https:\/\/semanasantaferrol.com\/gl"}]}},"_links":{"self":[{"href":"https:\/\/semanasantaferrol.com\/gl\/wp-json\/wp\/v2\/posts\/5980","targetHints":{"allow":["GET"]}}],"collection":[{"href":"https:\/\/semanasantaferrol.com\/gl\/wp-json\/wp\/v2\/posts"}],"about":[{"href":"https:\/\/semanasantaferrol.com\/gl\/wp-json\/wp\/v2\/types\/post"}],"author":[{"embeddable":true,"href":"https:\/\/semanasantaferrol.com\/gl\/wp-json\/wp\/v2\/users\/3"}],"replies":[{"embeddable":true,"href":"https:\/\/semanasantaferrol.com\/gl\/wp-json\/wp\/v2\/comments?post=5980"}],"version-history":[{"count":0,"href":"https:\/\/semanasantaferrol.com\/gl\/wp-json\/wp\/v2\/posts\/5980\/revisions"}],"wp:featuredmedia":[{"embeddable":true,"href":"https:\/\/semanasantaferrol.com\/gl\/wp-json\/wp\/v2\/media\/5978"}],"wp:attachment":[{"href":"https:\/\/semanasantaferrol.com\/gl\/wp-json\/wp\/v2\/media?parent=5980"}],"wp:term":[{"taxonomy":"category","embeddable":true,"href":"https:\/\/semanasantaferrol.com\/gl\/wp-json\/wp\/v2\/categories?post=5980"},{"taxonomy":"post_tag","embeddable":true,"href":"https:\/\/semanasantaferrol.com\/gl\/wp-json\/wp\/v2\/tags?post=5980"}],"curies":[{"name":"wp","href":"https:\/\/api.w.org\/{rel}","templated":true}]}}