{"id":5965,"date":"2023-04-06T08:06:37","date_gmt":"2023-04-06T08:06:37","guid":{"rendered":"https:\/\/semanasantaferrol.com\/?p=5965"},"modified":"2023-04-06T08:07:05","modified_gmt":"2023-04-06T08:07:05","slug":"xoves-santo-en-ferrol-tres-procesions-no-dia-que-abre-o-triduo-pascual","status":"publish","type":"post","link":"https:\/\/semanasantaferrol.com\/gl\/xoves-santo-en-ferrol-tres-procesions-no-dia-que-abre-o-triduo-pascual\/","title":{"rendered":"Xoves Santo en Ferrol: Tres procesi\u00f3ns no d\u00eda que abre o Triduo Pascual"},"content":{"rendered":"<p>O Xoves Santo, o d\u00eda no que se abre o Triduo Pascual previo \u00e1 Resurrecci\u00f3n, marca o inicio dos d\u00edas grandes na Semana Santa de Ferrol. \u00c1s d\u00faas procesi\u00f3ns que tradicionalmente sacan \u00e1 r\u00faa nesta xornada as Confrar\u00edas das Angustias e de Dolores s\u00famase este ano outra da Confrar\u00eda da Soidade de maneira excepcional.<\/p>\n<p>As\u00ed, a <strong>Procesi\u00f3n do Cristo da Boa Morte<\/strong>, imaxe ligada historicamente a Ferrol Vello e que a Confrar\u00eda da Soidade adoita levar polo devandito barrio o Martes Santo, abrir\u00e1 o programa da tarde do Xoves Santo e cami\u00f1ar\u00e1 nesta ocasi\u00f3n polo barrio da Magdalena. As obras que se desenvolven na r\u00faa San Francisco levaron \u00e1 irmandade para variar percorrido e d\u00eda. \u00c1s 18.30 horas sair\u00e1 o desfile desde a glorieta de Alfredo Mart\u00edn e avanzar\u00e1 pola r\u00faa Real para baixar por San Diego \u00e1 Magdalena, desde a que subir\u00e1n por Concepci\u00f3n Arenal para regresar por Real.<\/p>\n<p>Como xa sucedeu o pasado ano, a Confrar\u00eda da Soidade sacar\u00e1, xunto \u00e1 imaxe do Cristo da Boa Morte, a talla da Virxe do Perd\u00f3n e a Misercordia. \u00c1s 19.30 horas sair\u00e1 do santuario de Esteiro a <strong>Procesi\u00f3n da Confrar\u00eda da Nosa Se\u00f1ora das Angustias<\/strong>. Tr\u00e1tase do desfile \u201ctitular\u201d da irmandade, que este ano celebra os 255 anos da s\u00faa refundaci\u00f3n e que, ademais, levar\u00e1 por primeira vez a imaxe das Angustias coroada. \u00c9 un fito na historia da irmandade e da propia Semana Santa de Ferrol, que nunca antes vira coroada can\u00f3nicamente unha imaxe. A cerimonia celebrouse o pasado 12 de xu\u00f1o, coincidindo coa celebraci\u00f3n patronal da Virxe das Angustias. \u00c9 leste o desfile m\u00e1is longo, en distancia percorrida, da Semana Santa de Ferrol. Discorre primeiro por Esteiro, barrio ao que est\u00e1 ligada a Confrar\u00eda das Angustias e pen\u00e9trase despois no da Magdalena. Ademais da Virxe, a irmandade saca sobre carri\u00f1os motorizados as imaxes de Jes\u00fas Nazareno \u2013que este ano foi sometido a rehabilitaci\u00f3n-, o Cristo da Agon\u00eda e o Xacente. Nesta procesi\u00f3n participa a Unidade de M\u00fasica do Terzo Norte, que con total seguridade interpretar\u00e1 no percorrido as marchas \u201cVirxe das Angustias\u201d, escrita hai anos polo mestre Romo, subdirector da propia banda, e a m\u00e1is recente \u201cAngustias Coroada\u201d, composta polo seu actual director, Lu\u00eds Garc\u00eda Cortizas, e que se estreou o 12 de xu\u00f1o no acto da coroaci\u00f3n can\u00f3nica. Cabe lembrar que, como xa sucedeu o Domingo de Ramos, o percorrido variar\u00e1 lixeiramente para evitar os edificios valados da r\u00faa Carlos III nos que se produciu unha aparatosa derruba. O desfile subir\u00e1 por Fernando VI tres maz\u00e1s e logo incorporarase por Espa\u00f1oleto \u00e1 r\u00faa Carlos III para seguir co seu itinerario habitual. Pola noite, \u00e1s 23.00 horas, comeza a <strong>Procesi\u00f3n do Sant\u00edsimo Cristo da Misericordia e Mar\u00eda Sant\u00edsima da Piedade<\/strong>, que pon na r\u00faa a Confrar\u00eda de Dolores co maior n\u00famero de tronos e de confrades de toda a Semana Santa ferrol\u00e1. Sair\u00e1n do corral\u00f3n os pasos de Xes\u00fas da Sa\u00fade na s\u00faa Oraci\u00f3n no Horto (un paso de misterio que a irmandade estreou o ano pasado), o de Xes\u00fas #Cativo, o Nazareno, o Cristo da Misericordia, o da Penitencia e a Virxe da Piedade. Esta \u00faltima ir\u00e1 co seu palio e sobre o trono totalmente renovado que a confrar\u00eda estreou xa o Luns Santo coa Virxe da Amargura. Nesta procesi\u00f3n estar\u00e1, como \u00e9 habitual, a Brilat acompa\u00f1ando ao Cristo da Misericordia, ao que habitualmente cantan cando na retirada at\u00f3pase coa Virxe da Piedade. No acompa\u00f1amento musical estar\u00e1n tam\u00e9n Acoutaba, a Agrupaci\u00f3n Musical do Cristo da Boa Morte, a da Virxe da Amargura, a Banda da Confrar\u00eda de Dores e a Xove Banda de Nar\u00f3n.<\/p>\n<p><strong>Actos previos de Dolores <\/strong><\/p>\n<p>\u00c1 marxe das procesi\u00f3ns, a Confrar\u00eda de Dores celebrar\u00e1 ma\u00f1\u00e1, Xoves Santo, a entrega das s\u00faas <strong>Medallas de Ouro<\/strong>, nun acto que se desenvolver\u00e1 no Casino Ferrol\u00e1n \u00e1s 19.15h. Este ano as distinci\u00f3ns son para a Armada Espa\u00f1ola, en cuxo nomee recibiraa o almirante do Arsenal, Ignacio Froitos, e para o xornalista Bieito Rubido, actual director do dixital O Debate.<\/p>\n<p>Antes, \u00e1s 18.00 horas, a Unidade de M\u00fasica da Brilat ofrecer\u00e1 un pequeno concerto na praza de Amboage, noutro acto que \u00e9 tam\u00e9n xa tradicional do Xoves Santo en Ferrol.<\/p>\n<p>Ademais, a <strong>Irmandade do Santo Enterro<\/strong> ter\u00e1 xa exposto ao p\u00fablico, no interior da concatedral de San Juli\u00e1n, a Santa Urna coa s\u00faa imaxe do Cristo do Santo Enterro. A igrexa abrir\u00e1 as s\u00faas portas de 10.30 a 13.00 horas pola ma\u00f1\u00e1 e de 17.00 a 21.00 horas pola tarde, aproximadamente, para que os fieis poidan visitar o T\u00famulo.<\/p>\n<p>&nbsp;<\/p>\n<p><strong>Streamings do Xoves Santo pola canle de Youtube da Xunta de Confrar\u00edas:<\/strong><\/p>\n<p>18.30 h <strong>Procesi\u00f3n do Cristo da Boa Morte<\/strong><\/p>\n<p><a href=\"https:\/\/www.youtube.com\/watch?v=Ts3DcZVtU5E\">https:\/\/www.youtube.com\/watch?v=Ts3DcZVtU5E<\/a><\/p>\n<p><strong>Procesi\u00f3n da Confrar\u00eda das Angustias<\/strong><\/p>\n<p>19.00h: Entrevista coa Confrar\u00eda das Angustias <a href=\"https:\/\/www.youtube.com\/watch?v=C4l68s7rqcc\">https:\/\/www.youtube.com\/watch?v=C4l68s7rqcc<\/a><\/p>\n<p>19.00h: Entrevista coa Confrar\u00eda das Angustias <a href=\"https:\/\/www.youtube.com\/watch?v=eU9x_iJHZTU\">https:\/\/www.youtube.com\/watch?v=C4l68s7rqcc<\/a><\/p>\n<p>22.00h: Conexi\u00f3n na r\u00faa Madalena <a href=\"https:\/\/www.youtube.com\/live\/eU9x_iJHZTU?feature=share\">https:\/\/www.youtube.com\/live\/eU9x_iJHZTU?feature=share<\/a><\/p>\n<p><strong>Procesi\u00f3n do Sant\u00edsimo Cristo da Misericordia e Mar\u00eda Sant\u00edsima da Piedade<\/strong><\/p>\n<p>23.00h: Sa\u00edda, paso pola r\u00faa Madalena e recollida <a href=\"https:\/\/www.youtube.com\/live\/E1tosHQKI_U?feature=share\">https:\/\/www.youtube.com\/live\/E1tosHQKI_U?feature=share<\/a><\/p>\n","protected":false},"excerpt":{"rendered":"<p>O Xoves Santo, o d\u00eda no que se abre o Triduo Pascual previo \u00e1 Resurrecci\u00f3n, marca o inicio dos d\u00edas grandes na Semana Santa de Ferrol. \u00c1s d\u00faas procesi\u00f3ns que tradicionalmente sacan \u00e1 r\u00faa nesta xornada as Confrar\u00edas das Angustias e de Dolores s\u00famase este ano outra da Confrar\u00eda da Soidade de maneira excepcional. As\u00ed, [&hellip;]<\/p>\n","protected":false},"author":3,"featured_media":5961,"comment_status":"open","ping_status":"open","sticky":false,"template":"","format":"standard","meta":{"footnotes":""},"categories":[39],"tags":[],"class_list":["post-5965","post","type-post","status-publish","format-standard","has-post-thumbnail","hentry","category-xunta"],"yoast_head":"<!-- This site is optimized with the Yoast SEO plugin v27.5 - https:\/\/yoast.com\/product\/yoast-seo-wordpress\/ -->\n<title>Xoves Santo en Ferrol: Tres procesi\u00f3ns no d\u00eda que abre o Triduo Pascual - Junta General de Cofrad\u00edas y Hermandades<\/title>\n<meta name=\"robots\" content=\"index, follow, max-snippet:-1, max-image-preview:large, max-video-preview:-1\" \/>\n<link rel=\"canonical\" href=\"https:\/\/semanasantaferrol.com\/gl\/xoves-santo-en-ferrol-tres-procesions-no-dia-que-abre-o-triduo-pascual\/\" \/>\n<meta property=\"og:locale\" content=\"gl_ES\" \/>\n<meta property=\"og:type\" content=\"article\" \/>\n<meta property=\"og:title\" content=\"Xoves Santo en Ferrol: Tres procesi\u00f3ns no d\u00eda que abre o Triduo Pascual - Junta General de Cofrad\u00edas y Hermandades\" \/>\n<meta property=\"og:description\" content=\"O Xoves Santo, o d\u00eda no que se abre o Triduo Pascual previo \u00e1 Resurrecci\u00f3n, marca o inicio dos d\u00edas grandes na Semana Santa de Ferrol. \u00c1s d\u00faas procesi\u00f3ns que tradicionalmente sacan \u00e1 r\u00faa nesta xornada as Confrar\u00edas das Angustias e de Dolores s\u00famase este ano outra da Confrar\u00eda da Soidade de maneira excepcional. As\u00ed, [&hellip;]\" \/>\n<meta property=\"og:url\" content=\"https:\/\/semanasantaferrol.com\/gl\/xoves-santo-en-ferrol-tres-procesions-no-dia-que-abre-o-triduo-pascual\/\" \/>\n<meta property=\"og:site_name\" content=\"Junta General de Cofrad\u00edas y Hermandades\" \/>\n<meta property=\"article:publisher\" content=\"https:\/\/www.facebook.com\/Juntageneraldecofradias\/\" \/>\n<meta property=\"article:published_time\" content=\"2023-04-06T08:06:37+00:00\" \/>\n<meta property=\"article:modified_time\" content=\"2023-04-06T08:07:05+00:00\" \/>\n<meta property=\"og:image\" content=\"https:\/\/semanasantaferrol.com\/wp-content\/uploads\/2023\/04\/CristoMisericordia-scaled.jpg\" \/>\n\t<meta property=\"og:image:width\" content=\"2560\" \/>\n\t<meta property=\"og:image:height\" content=\"1920\" \/>\n\t<meta property=\"og:image:type\" content=\"image\/jpeg\" \/>\n<meta name=\"author\" content=\"pingota\" \/>\n<meta name=\"twitter:card\" content=\"summary_large_image\" \/>\n<meta name=\"twitter:label1\" content=\"Escrito por\" \/>\n\t<meta name=\"twitter:data1\" content=\"pingota\" \/>\n\t<meta name=\"twitter:label2\" content=\"Tempo de lectura\" \/>\n\t<meta name=\"twitter:data2\" content=\"4 minutos\" \/>\n<script type=\"application\/ld+json\" class=\"yoast-schema-graph\">{\"@context\":\"https:\\\/\\\/schema.org\",\"@graph\":[{\"@type\":\"Article\",\"@id\":\"https:\\\/\\\/semanasantaferrol.com\\\/gl\\\/xoves-santo-en-ferrol-tres-procesions-no-dia-que-abre-o-triduo-pascual\\\/#article\",\"isPartOf\":{\"@id\":\"https:\\\/\\\/semanasantaferrol.com\\\/gl\\\/xoves-santo-en-ferrol-tres-procesions-no-dia-que-abre-o-triduo-pascual\\\/\"},\"author\":{\"name\":\"pingota\",\"@id\":\"https:\\\/\\\/semanasantaferrol.com\\\/gl\\\/#\\\/schema\\\/person\\\/cdd132690f08f75a35f05e2423e6307c\"},\"headline\":\"Xoves Santo en Ferrol: Tres procesi\u00f3ns no d\u00eda que abre o Triduo Pascual\",\"datePublished\":\"2023-04-06T08:06:37+00:00\",\"dateModified\":\"2023-04-06T08:07:05+00:00\",\"mainEntityOfPage\":{\"@id\":\"https:\\\/\\\/semanasantaferrol.com\\\/gl\\\/xoves-santo-en-ferrol-tres-procesions-no-dia-que-abre-o-triduo-pascual\\\/\"},\"wordCount\":953,\"commentCount\":0,\"publisher\":{\"@id\":\"https:\\\/\\\/semanasantaferrol.com\\\/gl\\\/#organization\"},\"image\":{\"@id\":\"https:\\\/\\\/semanasantaferrol.com\\\/gl\\\/xoves-santo-en-ferrol-tres-procesions-no-dia-que-abre-o-triduo-pascual\\\/#primaryimage\"},\"thumbnailUrl\":\"https:\\\/\\\/semanasantaferrol.com\\\/wp-content\\\/uploads\\\/2023\\\/04\\\/CristoMisericordia-scaled.jpg\",\"articleSection\":[\"Xunta\"],\"inLanguage\":\"gl-ES\",\"potentialAction\":[{\"@type\":\"CommentAction\",\"name\":\"Comment\",\"target\":[\"https:\\\/\\\/semanasantaferrol.com\\\/gl\\\/xoves-santo-en-ferrol-tres-procesions-no-dia-que-abre-o-triduo-pascual\\\/#respond\"]}]},{\"@type\":\"WebPage\",\"@id\":\"https:\\\/\\\/semanasantaferrol.com\\\/gl\\\/xoves-santo-en-ferrol-tres-procesions-no-dia-que-abre-o-triduo-pascual\\\/\",\"url\":\"https:\\\/\\\/semanasantaferrol.com\\\/gl\\\/xoves-santo-en-ferrol-tres-procesions-no-dia-que-abre-o-triduo-pascual\\\/\",\"name\":\"Xoves Santo en Ferrol: Tres procesi\u00f3ns no d\u00eda que abre o Triduo Pascual - Junta General de Cofrad\u00edas y Hermandades\",\"isPartOf\":{\"@id\":\"https:\\\/\\\/semanasantaferrol.com\\\/gl\\\/#website\"},\"primaryImageOfPage\":{\"@id\":\"https:\\\/\\\/semanasantaferrol.com\\\/gl\\\/xoves-santo-en-ferrol-tres-procesions-no-dia-que-abre-o-triduo-pascual\\\/#primaryimage\"},\"image\":{\"@id\":\"https:\\\/\\\/semanasantaferrol.com\\\/gl\\\/xoves-santo-en-ferrol-tres-procesions-no-dia-que-abre-o-triduo-pascual\\\/#primaryimage\"},\"thumbnailUrl\":\"https:\\\/\\\/semanasantaferrol.com\\\/wp-content\\\/uploads\\\/2023\\\/04\\\/CristoMisericordia-scaled.jpg\",\"datePublished\":\"2023-04-06T08:06:37+00:00\",\"dateModified\":\"2023-04-06T08:07:05+00:00\",\"breadcrumb\":{\"@id\":\"https:\\\/\\\/semanasantaferrol.com\\\/gl\\\/xoves-santo-en-ferrol-tres-procesions-no-dia-que-abre-o-triduo-pascual\\\/#breadcrumb\"},\"inLanguage\":\"gl-ES\",\"potentialAction\":[{\"@type\":\"ReadAction\",\"target\":[\"https:\\\/\\\/semanasantaferrol.com\\\/gl\\\/xoves-santo-en-ferrol-tres-procesions-no-dia-que-abre-o-triduo-pascual\\\/\"]}]},{\"@type\":\"ImageObject\",\"inLanguage\":\"gl-ES\",\"@id\":\"https:\\\/\\\/semanasantaferrol.com\\\/gl\\\/xoves-santo-en-ferrol-tres-procesions-no-dia-que-abre-o-triduo-pascual\\\/#primaryimage\",\"url\":\"https:\\\/\\\/semanasantaferrol.com\\\/wp-content\\\/uploads\\\/2023\\\/04\\\/CristoMisericordia-scaled.jpg\",\"contentUrl\":\"https:\\\/\\\/semanasantaferrol.com\\\/wp-content\\\/uploads\\\/2023\\\/04\\\/CristoMisericordia-scaled.jpg\",\"width\":2560,\"height\":1920},{\"@type\":\"BreadcrumbList\",\"@id\":\"https:\\\/\\\/semanasantaferrol.com\\\/gl\\\/xoves-santo-en-ferrol-tres-procesions-no-dia-que-abre-o-triduo-pascual\\\/#breadcrumb\",\"itemListElement\":[{\"@type\":\"ListItem\",\"position\":1,\"name\":\"Portada\",\"item\":\"https:\\\/\\\/semanasantaferrol.com\\\/gl\\\/\"},{\"@type\":\"ListItem\",\"position\":2,\"name\":\"Xoves Santo en Ferrol: Tres procesi\u00f3ns no d\u00eda que abre o Triduo Pascual\"}]},{\"@type\":\"WebSite\",\"@id\":\"https:\\\/\\\/semanasantaferrol.com\\\/gl\\\/#website\",\"url\":\"https:\\\/\\\/semanasantaferrol.com\\\/gl\\\/\",\"name\":\"Junta General de Cofrad\u00edas y Hermandades\",\"description\":\"Semana Santa de Ferrol\",\"publisher\":{\"@id\":\"https:\\\/\\\/semanasantaferrol.com\\\/gl\\\/#organization\"},\"alternateName\":\"Semana Santa de Ferrol\",\"potentialAction\":[{\"@type\":\"SearchAction\",\"target\":{\"@type\":\"EntryPoint\",\"urlTemplate\":\"https:\\\/\\\/semanasantaferrol.com\\\/gl\\\/?s={search_term_string}\"},\"query-input\":{\"@type\":\"PropertyValueSpecification\",\"valueRequired\":true,\"valueName\":\"search_term_string\"}}],\"inLanguage\":\"gl-ES\"},{\"@type\":\"Organization\",\"@id\":\"https:\\\/\\\/semanasantaferrol.com\\\/gl\\\/#organization\",\"name\":\"Junta General de Cofrad\u00edas y Hermandades de la Semana Santa de Ferrol\",\"alternateName\":\"Junta de Cofrad\u00edas de la Semana Santa de Ferrol\",\"url\":\"https:\\\/\\\/semanasantaferrol.com\\\/gl\\\/\",\"logo\":{\"@type\":\"ImageObject\",\"inLanguage\":\"gl-ES\",\"@id\":\"https:\\\/\\\/semanasantaferrol.com\\\/gl\\\/#\\\/schema\\\/logo\\\/image\\\/\",\"url\":\"https:\\\/\\\/semanasantaferrol.com\\\/wp-content\\\/uploads\\\/2022\\\/10\\\/junta_general_logo.svg\",\"contentUrl\":\"https:\\\/\\\/semanasantaferrol.com\\\/wp-content\\\/uploads\\\/2022\\\/10\\\/junta_general_logo.svg\",\"width\":600,\"height\":790,\"caption\":\"Junta General de Cofrad\u00edas y Hermandades de la Semana Santa de Ferrol\"},\"image\":{\"@id\":\"https:\\\/\\\/semanasantaferrol.com\\\/gl\\\/#\\\/schema\\\/logo\\\/image\\\/\"},\"sameAs\":[\"https:\\\/\\\/www.facebook.com\\\/Juntageneraldecofradias\\\/\",\"https:\\\/\\\/www.instagram.com\\\/juntageneralcofradiasferrol\\\/\",\"https:\\\/\\\/www.youtube.com\\\/@semanasantadeferrol1616\",\"https:\\\/\\\/www.tiktok.com\\\/@semanasantadeferrol\"]},{\"@type\":\"Person\",\"@id\":\"https:\\\/\\\/semanasantaferrol.com\\\/gl\\\/#\\\/schema\\\/person\\\/cdd132690f08f75a35f05e2423e6307c\",\"name\":\"pingota\",\"image\":{\"@type\":\"ImageObject\",\"inLanguage\":\"gl-ES\",\"@id\":\"https:\\\/\\\/secure.gravatar.com\\\/avatar\\\/b1bb79ecdfb8d6f4c44a82262f8b422faeb290304fc5c6f8b9b4305bfaa2853c?s=96&d=mm&r=g\",\"url\":\"https:\\\/\\\/secure.gravatar.com\\\/avatar\\\/b1bb79ecdfb8d6f4c44a82262f8b422faeb290304fc5c6f8b9b4305bfaa2853c?s=96&d=mm&r=g\",\"contentUrl\":\"https:\\\/\\\/secure.gravatar.com\\\/avatar\\\/b1bb79ecdfb8d6f4c44a82262f8b422faeb290304fc5c6f8b9b4305bfaa2853c?s=96&d=mm&r=g\",\"caption\":\"pingota\"},\"url\":\"https:\\\/\\\/semanasantaferrol.com\\\/gl\"}]}<\/script>\n<!-- \/ Yoast SEO plugin. -->","yoast_head_json":{"title":"Xoves Santo en Ferrol: Tres procesi\u00f3ns no d\u00eda que abre o Triduo Pascual - Junta General de Cofrad\u00edas y Hermandades","robots":{"index":"index","follow":"follow","max-snippet":"max-snippet:-1","max-image-preview":"max-image-preview:large","max-video-preview":"max-video-preview:-1"},"canonical":"https:\/\/semanasantaferrol.com\/gl\/xoves-santo-en-ferrol-tres-procesions-no-dia-que-abre-o-triduo-pascual\/","og_locale":"gl_ES","og_type":"article","og_title":"Xoves Santo en Ferrol: Tres procesi\u00f3ns no d\u00eda que abre o Triduo Pascual - Junta General de Cofrad\u00edas y Hermandades","og_description":"O Xoves Santo, o d\u00eda no que se abre o Triduo Pascual previo \u00e1 Resurrecci\u00f3n, marca o inicio dos d\u00edas grandes na Semana Santa de Ferrol. \u00c1s d\u00faas procesi\u00f3ns que tradicionalmente sacan \u00e1 r\u00faa nesta xornada as Confrar\u00edas das Angustias e de Dolores s\u00famase este ano outra da Confrar\u00eda da Soidade de maneira excepcional. As\u00ed, [&hellip;]","og_url":"https:\/\/semanasantaferrol.com\/gl\/xoves-santo-en-ferrol-tres-procesions-no-dia-que-abre-o-triduo-pascual\/","og_site_name":"Junta General de Cofrad\u00edas y Hermandades","article_publisher":"https:\/\/www.facebook.com\/Juntageneraldecofradias\/","article_published_time":"2023-04-06T08:06:37+00:00","article_modified_time":"2023-04-06T08:07:05+00:00","og_image":[{"width":2560,"height":1920,"url":"https:\/\/semanasantaferrol.com\/wp-content\/uploads\/2023\/04\/CristoMisericordia-scaled.jpg","type":"image\/jpeg"}],"author":"pingota","twitter_card":"summary_large_image","twitter_misc":{"Escrito por":"pingota","Tempo de lectura":"4 minutos"},"schema":{"@context":"https:\/\/schema.org","@graph":[{"@type":"Article","@id":"https:\/\/semanasantaferrol.com\/gl\/xoves-santo-en-ferrol-tres-procesions-no-dia-que-abre-o-triduo-pascual\/#article","isPartOf":{"@id":"https:\/\/semanasantaferrol.com\/gl\/xoves-santo-en-ferrol-tres-procesions-no-dia-que-abre-o-triduo-pascual\/"},"author":{"name":"pingota","@id":"https:\/\/semanasantaferrol.com\/gl\/#\/schema\/person\/cdd132690f08f75a35f05e2423e6307c"},"headline":"Xoves Santo en Ferrol: Tres procesi\u00f3ns no d\u00eda que abre o Triduo Pascual","datePublished":"2023-04-06T08:06:37+00:00","dateModified":"2023-04-06T08:07:05+00:00","mainEntityOfPage":{"@id":"https:\/\/semanasantaferrol.com\/gl\/xoves-santo-en-ferrol-tres-procesions-no-dia-que-abre-o-triduo-pascual\/"},"wordCount":953,"commentCount":0,"publisher":{"@id":"https:\/\/semanasantaferrol.com\/gl\/#organization"},"image":{"@id":"https:\/\/semanasantaferrol.com\/gl\/xoves-santo-en-ferrol-tres-procesions-no-dia-que-abre-o-triduo-pascual\/#primaryimage"},"thumbnailUrl":"https:\/\/semanasantaferrol.com\/wp-content\/uploads\/2023\/04\/CristoMisericordia-scaled.jpg","articleSection":["Xunta"],"inLanguage":"gl-ES","potentialAction":[{"@type":"CommentAction","name":"Comment","target":["https:\/\/semanasantaferrol.com\/gl\/xoves-santo-en-ferrol-tres-procesions-no-dia-que-abre-o-triduo-pascual\/#respond"]}]},{"@type":"WebPage","@id":"https:\/\/semanasantaferrol.com\/gl\/xoves-santo-en-ferrol-tres-procesions-no-dia-que-abre-o-triduo-pascual\/","url":"https:\/\/semanasantaferrol.com\/gl\/xoves-santo-en-ferrol-tres-procesions-no-dia-que-abre-o-triduo-pascual\/","name":"Xoves Santo en Ferrol: Tres procesi\u00f3ns no d\u00eda que abre o Triduo Pascual - Junta General de Cofrad\u00edas y Hermandades","isPartOf":{"@id":"https:\/\/semanasantaferrol.com\/gl\/#website"},"primaryImageOfPage":{"@id":"https:\/\/semanasantaferrol.com\/gl\/xoves-santo-en-ferrol-tres-procesions-no-dia-que-abre-o-triduo-pascual\/#primaryimage"},"image":{"@id":"https:\/\/semanasantaferrol.com\/gl\/xoves-santo-en-ferrol-tres-procesions-no-dia-que-abre-o-triduo-pascual\/#primaryimage"},"thumbnailUrl":"https:\/\/semanasantaferrol.com\/wp-content\/uploads\/2023\/04\/CristoMisericordia-scaled.jpg","datePublished":"2023-04-06T08:06:37+00:00","dateModified":"2023-04-06T08:07:05+00:00","breadcrumb":{"@id":"https:\/\/semanasantaferrol.com\/gl\/xoves-santo-en-ferrol-tres-procesions-no-dia-que-abre-o-triduo-pascual\/#breadcrumb"},"inLanguage":"gl-ES","potentialAction":[{"@type":"ReadAction","target":["https:\/\/semanasantaferrol.com\/gl\/xoves-santo-en-ferrol-tres-procesions-no-dia-que-abre-o-triduo-pascual\/"]}]},{"@type":"ImageObject","inLanguage":"gl-ES","@id":"https:\/\/semanasantaferrol.com\/gl\/xoves-santo-en-ferrol-tres-procesions-no-dia-que-abre-o-triduo-pascual\/#primaryimage","url":"https:\/\/semanasantaferrol.com\/wp-content\/uploads\/2023\/04\/CristoMisericordia-scaled.jpg","contentUrl":"https:\/\/semanasantaferrol.com\/wp-content\/uploads\/2023\/04\/CristoMisericordia-scaled.jpg","width":2560,"height":1920},{"@type":"BreadcrumbList","@id":"https:\/\/semanasantaferrol.com\/gl\/xoves-santo-en-ferrol-tres-procesions-no-dia-que-abre-o-triduo-pascual\/#breadcrumb","itemListElement":[{"@type":"ListItem","position":1,"name":"Portada","item":"https:\/\/semanasantaferrol.com\/gl\/"},{"@type":"ListItem","position":2,"name":"Xoves Santo en Ferrol: Tres procesi\u00f3ns no d\u00eda que abre o Triduo Pascual"}]},{"@type":"WebSite","@id":"https:\/\/semanasantaferrol.com\/gl\/#website","url":"https:\/\/semanasantaferrol.com\/gl\/","name":"Junta General de Cofrad\u00edas y Hermandades","description":"Semana Santa de Ferrol","publisher":{"@id":"https:\/\/semanasantaferrol.com\/gl\/#organization"},"alternateName":"Semana Santa de Ferrol","potentialAction":[{"@type":"SearchAction","target":{"@type":"EntryPoint","urlTemplate":"https:\/\/semanasantaferrol.com\/gl\/?s={search_term_string}"},"query-input":{"@type":"PropertyValueSpecification","valueRequired":true,"valueName":"search_term_string"}}],"inLanguage":"gl-ES"},{"@type":"Organization","@id":"https:\/\/semanasantaferrol.com\/gl\/#organization","name":"Junta General de Cofrad\u00edas y Hermandades de la Semana Santa de Ferrol","alternateName":"Junta de Cofrad\u00edas de la Semana Santa de Ferrol","url":"https:\/\/semanasantaferrol.com\/gl\/","logo":{"@type":"ImageObject","inLanguage":"gl-ES","@id":"https:\/\/semanasantaferrol.com\/gl\/#\/schema\/logo\/image\/","url":"https:\/\/semanasantaferrol.com\/wp-content\/uploads\/2022\/10\/junta_general_logo.svg","contentUrl":"https:\/\/semanasantaferrol.com\/wp-content\/uploads\/2022\/10\/junta_general_logo.svg","width":600,"height":790,"caption":"Junta General de Cofrad\u00edas y Hermandades de la Semana Santa de Ferrol"},"image":{"@id":"https:\/\/semanasantaferrol.com\/gl\/#\/schema\/logo\/image\/"},"sameAs":["https:\/\/www.facebook.com\/Juntageneraldecofradias\/","https:\/\/www.instagram.com\/juntageneralcofradiasferrol\/","https:\/\/www.youtube.com\/@semanasantadeferrol1616","https:\/\/www.tiktok.com\/@semanasantadeferrol"]},{"@type":"Person","@id":"https:\/\/semanasantaferrol.com\/gl\/#\/schema\/person\/cdd132690f08f75a35f05e2423e6307c","name":"pingota","image":{"@type":"ImageObject","inLanguage":"gl-ES","@id":"https:\/\/secure.gravatar.com\/avatar\/b1bb79ecdfb8d6f4c44a82262f8b422faeb290304fc5c6f8b9b4305bfaa2853c?s=96&d=mm&r=g","url":"https:\/\/secure.gravatar.com\/avatar\/b1bb79ecdfb8d6f4c44a82262f8b422faeb290304fc5c6f8b9b4305bfaa2853c?s=96&d=mm&r=g","contentUrl":"https:\/\/secure.gravatar.com\/avatar\/b1bb79ecdfb8d6f4c44a82262f8b422faeb290304fc5c6f8b9b4305bfaa2853c?s=96&d=mm&r=g","caption":"pingota"},"url":"https:\/\/semanasantaferrol.com\/gl"}]}},"_links":{"self":[{"href":"https:\/\/semanasantaferrol.com\/gl\/wp-json\/wp\/v2\/posts\/5965","targetHints":{"allow":["GET"]}}],"collection":[{"href":"https:\/\/semanasantaferrol.com\/gl\/wp-json\/wp\/v2\/posts"}],"about":[{"href":"https:\/\/semanasantaferrol.com\/gl\/wp-json\/wp\/v2\/types\/post"}],"author":[{"embeddable":true,"href":"https:\/\/semanasantaferrol.com\/gl\/wp-json\/wp\/v2\/users\/3"}],"replies":[{"embeddable":true,"href":"https:\/\/semanasantaferrol.com\/gl\/wp-json\/wp\/v2\/comments?post=5965"}],"version-history":[{"count":2,"href":"https:\/\/semanasantaferrol.com\/gl\/wp-json\/wp\/v2\/posts\/5965\/revisions"}],"predecessor-version":[{"id":5971,"href":"https:\/\/semanasantaferrol.com\/gl\/wp-json\/wp\/v2\/posts\/5965\/revisions\/5971"}],"wp:featuredmedia":[{"embeddable":true,"href":"https:\/\/semanasantaferrol.com\/gl\/wp-json\/wp\/v2\/media\/5961"}],"wp:attachment":[{"href":"https:\/\/semanasantaferrol.com\/gl\/wp-json\/wp\/v2\/media?parent=5965"}],"wp:term":[{"taxonomy":"category","embeddable":true,"href":"https:\/\/semanasantaferrol.com\/gl\/wp-json\/wp\/v2\/categories?post=5965"},{"taxonomy":"post_tag","embeddable":true,"href":"https:\/\/semanasantaferrol.com\/gl\/wp-json\/wp\/v2\/tags?post=5965"}],"curies":[{"name":"wp","href":"https:\/\/api.w.org\/{rel}","templated":true}]}}