{"id":5953,"date":"2023-04-05T09:15:21","date_gmt":"2023-04-05T09:15:21","guid":{"rendered":"https:\/\/semanasantaferrol.com\/?p=5953"},"modified":"2023-04-05T09:16:01","modified_gmt":"2023-04-05T09:16:01","slug":"mercores-santo-a-procesion-de-nosa-senora-dos-cativos-cumple-65-anos","status":"publish","type":"post","link":"https:\/\/semanasantaferrol.com\/gl\/mercores-santo-a-procesion-de-nosa-senora-dos-cativos-cumple-65-anos\/","title":{"rendered":"M\u00e9rcores Santo: A Procesi\u00f3n de Nosa Se\u00f1ora dos Cativos cumple 65 anos"},"content":{"rendered":"<p>As catro procesi\u00f3ns que se celebrar\u00e1n na tarde do M\u00e9rcores Santo son a sinal da intensidade que comeza a cobrar a Semana Santa de Ferrol no preludio dos d\u00edas grandes, Xoves e Venres Santo. Nesta xornada, a Confrar\u00eda da Merc\u00e9 abre o programa coa Procesi\u00f3n da Nosa Se\u00f1ora dos Cativos e o Sant\u00edsimo Cristo Redentor, que comezar\u00e1 \u00e1s 19.00 horas. Neste 2023 c\u00famprense 65 anos desde que a procesi\u00f3n da Nosa Se\u00f1ora dos Cativos, \u201ca Cativa\u201d ou a \u201cVirxe Branca\u201d, sa\u00edu por primeira vez independizada da Confrar\u00eda de Dolores \u2013antes fac\u00edao na noite do Xoves Santo, coa procesi\u00f3n do Sant\u00edsimo Cristo da Misericordia-.<\/p>\n<p>Para celebrar esta efem\u00e9ride, a irmandade mercedaria contar\u00e1 nesta procesi\u00f3n coa banda de gaitas Terra de Trasancos, pertencente ao Real Coro Toxos e Froles, entidade coa que a confrar\u00eda mant\u00e9n unha especial vinculaci\u00f3n. Tam\u00e9n tocar\u00e1 nesta sa\u00edda a Agrupaci\u00f3n Musical do Sant\u00edsimo Cristo da Morte e Acotaga. Esta \u00faltima banda protagoniza un momento emblem\u00e1tico da Semana Santa ferrol\u00e1 cando interpreta, na retirada da \u201cVirxe Branca\u201d, a peza \u201cL\u00edbrame\u201d expresamente creada para ela.<\/p>\n<p>S\u00f3 media hora despois, \u00e1s 19.30 horas, sair\u00e1 a Procesi\u00f3n do Cristo dos Navegantes da igrexa do Socorro, en Ferrol Vello, tradicionalmente ligada \u00e1s xentes do mar. Por segundo ano consecutivo a Confrar\u00eda da Soidade organiza este desfile, que a pesar diso conserva o seu sabor popular, sen capuch\u00f3ns e con veci\u00f1os e fieis seguindo espontaneamente a emblem\u00e1tica imaxe.<\/p>\n<p>O Cristo dos Navegantes sair\u00e1 este ano por primeira vez portado aos ombreiros, tanto por confrades como por persoas -do barrio e mesmo alg\u00fan ferrol\u00e1n que vive f\u00f3ra- que manifestaron o seu interese por participar. O percorrido variar\u00e1 como consecuencia das obras, pero seguir\u00e1 entrando no Arsenal Militar. Ir\u00e1 polo paseo da Mari\u00f1a, Irmandi\u00f1os, entrada ao Arsenal pola Porta do Parque e sa\u00edda pola Cortina, paseo da Mari\u00f1a e retirarada na Igrexa do Socorro.<\/p>\n<p>Esta procesi\u00f3n ir\u00e1 acompa\u00f1ada pola Unidade de M\u00fasica do Terzo Norte, que durante o percorrido polo interior do Arsenal adoita interpretar m\u00e1rcha \u201cEsperanza Mari\u00f1eira\u201d, obra de Abel Moreno.<\/p>\n<p>A Confrar\u00eda das Angustias celebra na tarde do M\u00e9rcores Santo a s\u00faa segunda sa\u00edda da Semana Santa. Tr\u00e1tase da Procesi\u00f3n do Cristo do Perd\u00f3n e Mar\u00eda Sant\u00edsima dos Desamparados, un desfile que se incorporou en 1986 ao procesionario por iniciativa de catro confrades da irmandade, que espontaneamente sacaron nunhas andas a talla de Cristo do Perd\u00f3n, obra de Guerra Felipe. O acompa\u00f1amento musical deste desfile correr\u00e1 a cargo da agrupaci\u00f3n Nosa Se\u00f1ora do Nord\u00e9s (OJE), da Banda Municipal de Oza-Cesures e da Banda das Angustias.<\/p>\n<p>A Confrar\u00eda de Dolores pechar\u00e1 o programa do M\u00e9rcores Santo coa s\u00faa Procesi\u00f3n da Penitencia, na que \u00e9 caracter\u00edstica o gran n\u00famero de penitentes que portan cruces e cadeas. A comitiva sae \u00e1s 21.45 horas do corral\u00f3n, en cuxo interior se celebra uns minutos antes un acto penitencial para os confrades. Os timbaleros de Acotaga e a Banda Municipal de Nar\u00f3n po\u00f1er\u00e1n o acompa\u00f1amento musical.<\/p>\n<p>&nbsp;<\/p>\n<p><strong>Streamings do M\u00e9rcores Santo, a trav\u00e9s da canle da Xunta de Confrar\u00edas en Youtube:<\/strong><\/p>\n<p><strong>18.30h Entrevista Confrar\u00eda da Merc\u00e9: <a href=\"https:\/\/www.youtube.com\/live\/tUjAiQO9Gcs?feature=share\">https:\/\/www.youtube.com\/live\/tUjAiQO9Gcs?feature=share<\/a><\/strong><\/p>\n<p><strong>Procesi\u00f3n da nosa Se\u00f1ora dos Cativos: <\/strong><br \/>\n<strong>19.00h Sa\u00edda: <a href=\"https:\/\/www.youtube.com\/live\/DYtZdC8vD8M?feature=share\">https:\/\/www.youtube.com\/live\/DYtZdC8vD8M?feature=share<\/a> <\/strong><br \/>\n<strong>19.45h Paso por r\u00faa Magdalena: <a href=\"https:\/\/www.youtube.com\/live\/0tg26cZIa3Q?feature=share\">https:\/\/www.youtube.com\/live\/0tg26cZIa3Q?feature=share<\/a><\/strong><br \/>\n<strong>20.15h Recollida <a href=\"https:\/\/www.youtube.com\/live\/p-AGkVBhjLM?feature=share\">https:\/\/www.youtube.com\/live\/p-AGkVBhjLM?feature=share<\/a><\/strong><\/p>\n<p><strong>19.45h Procesi\u00f3n do Cristo dos Navegantes: <a href=\"https:\/\/www.youtube.com\/live\/VVag0yvW0Ac?feature=share\">https:\/\/www.youtube.com\/live\/VVag0yvW0Ac?feature=share<\/a><\/strong><\/p>\n<p><strong>22.00h Procesi\u00f3n do Cristo do Perd\u00f3n e Mar\u00eda Sant\u00edsima dos Desamparados. Conexi\u00f3n ao seu paso pola r\u00faa Magdalena. <\/strong><br \/>\n<a href=\"https:\/\/www.youtube.com\/live\/7YZ3eWYsvj8?feature=share\"><strong>https:\/\/www.youtube.com\/live\/7YZ3eWYsvj8?feature=share<\/strong><\/a><\/p>\n<p><strong>23.00h Procesi\u00f3n d\u00e1 Penitencia. Conexi\u00f3n ao seu paso pola r\u00faa Magdalena. <a href=\"https:\/\/www.youtube.com\/live\/6ZFNYRSY2Y0?feature=share\">https:\/\/www.youtube.com\/live\/6ZFNYRSY2E0?feature=share<\/a><\/strong><\/p>\n","protected":false},"excerpt":{"rendered":"<p>As catro procesi\u00f3ns que se celebrar\u00e1n na tarde do M\u00e9rcores Santo son a sinal da intensidade que comeza a cobrar a Semana Santa de Ferrol no preludio dos d\u00edas grandes, Xoves e Venres Santo. Nesta xornada, a Confrar\u00eda da Merc\u00e9 abre o programa coa Procesi\u00f3n da Nosa Se\u00f1ora dos Cativos e o Sant\u00edsimo Cristo Redentor, [&hellip;]<\/p>\n","protected":false},"author":3,"featured_media":5951,"comment_status":"open","ping_status":"open","sticky":false,"template":"","format":"standard","meta":{"footnotes":""},"categories":[39],"tags":[],"class_list":["post-5953","post","type-post","status-publish","format-standard","has-post-thumbnail","hentry","category-xunta"],"yoast_head":"<!-- This site is optimized with the Yoast SEO plugin v27.5 - https:\/\/yoast.com\/product\/yoast-seo-wordpress\/ -->\n<title>M\u00e9rcores Santo: A Procesi\u00f3n de Nosa Se\u00f1ora dos Cativos cumple 65 anos - Junta General de Cofrad\u00edas y Hermandades<\/title>\n<meta name=\"description\" content=\"As catro procesi\u00f3ns que se celebrar\u00e1n na tarde do M\u00e9rcores Santo son a sinal da intensidade que comeza a cobrar a Semana Santa de Ferrol no preludio dos d\u00edas grandes, Xoves e Venres Santo. Nesta xornada, a Confrar\u00eda da Merc\u00e9 abre o programa coa Procesi\u00f3n de Nosa Se\u00f1ora dos Cativos e o Sant\u00edsimo Cristo Redentor, que comezar\u00e1 \u00e1s 19.00 horas.\" \/>\n<meta name=\"robots\" content=\"index, follow, max-snippet:-1, max-image-preview:large, max-video-preview:-1\" \/>\n<link rel=\"canonical\" href=\"https:\/\/semanasantaferrol.com\/gl\/mercores-santo-a-procesion-de-nosa-senora-dos-cativos-cumple-65-anos\/\" \/>\n<meta property=\"og:locale\" content=\"gl_ES\" \/>\n<meta property=\"og:type\" content=\"article\" \/>\n<meta property=\"og:title\" content=\"M\u00e9rcores Santo: A Procesi\u00f3n de Nosa Se\u00f1ora dos Cativos cumple 65 anos - Junta General de Cofrad\u00edas y Hermandades\" \/>\n<meta property=\"og:description\" content=\"As catro procesi\u00f3ns que se celebrar\u00e1n na tarde do M\u00e9rcores Santo son a sinal da intensidade que comeza a cobrar a Semana Santa de Ferrol no preludio dos d\u00edas grandes, Xoves e Venres Santo. Nesta xornada, a Confrar\u00eda da Merc\u00e9 abre o programa coa Procesi\u00f3n de Nosa Se\u00f1ora dos Cativos e o Sant\u00edsimo Cristo Redentor, que comezar\u00e1 \u00e1s 19.00 horas.\" \/>\n<meta property=\"og:url\" content=\"https:\/\/semanasantaferrol.com\/gl\/mercores-santo-a-procesion-de-nosa-senora-dos-cativos-cumple-65-anos\/\" \/>\n<meta property=\"og:site_name\" content=\"Junta General de Cofrad\u00edas y Hermandades\" \/>\n<meta property=\"article:publisher\" content=\"https:\/\/www.facebook.com\/Juntageneraldecofradias\/\" \/>\n<meta property=\"article:published_time\" content=\"2023-04-05T09:15:21+00:00\" \/>\n<meta property=\"article:modified_time\" content=\"2023-04-05T09:16:01+00:00\" \/>\n<meta property=\"og:image\" content=\"https:\/\/semanasantaferrol.com\/wp-content\/uploads\/2023\/04\/IMG_20230401_122641-scaled.jpg\" \/>\n\t<meta property=\"og:image:width\" content=\"2560\" \/>\n\t<meta property=\"og:image:height\" content=\"1920\" \/>\n\t<meta property=\"og:image:type\" content=\"image\/jpeg\" \/>\n<meta name=\"author\" content=\"pingota\" \/>\n<meta name=\"twitter:card\" content=\"summary_large_image\" \/>\n<meta name=\"twitter:label1\" content=\"Escrito por\" \/>\n\t<meta name=\"twitter:data1\" content=\"pingota\" \/>\n\t<meta name=\"twitter:label2\" content=\"Tempo de lectura\" \/>\n\t<meta name=\"twitter:data2\" content=\"3 minutos\" \/>\n<script type=\"application\/ld+json\" class=\"yoast-schema-graph\">{\"@context\":\"https:\\\/\\\/schema.org\",\"@graph\":[{\"@type\":\"Article\",\"@id\":\"https:\\\/\\\/semanasantaferrol.com\\\/gl\\\/mercores-santo-a-procesion-de-nosa-senora-dos-cativos-cumple-65-anos\\\/#article\",\"isPartOf\":{\"@id\":\"https:\\\/\\\/semanasantaferrol.com\\\/gl\\\/mercores-santo-a-procesion-de-nosa-senora-dos-cativos-cumple-65-anos\\\/\"},\"author\":{\"name\":\"pingota\",\"@id\":\"https:\\\/\\\/semanasantaferrol.com\\\/gl\\\/#\\\/schema\\\/person\\\/cdd132690f08f75a35f05e2423e6307c\"},\"headline\":\"M\u00e9rcores Santo: A Procesi\u00f3n de Nosa Se\u00f1ora dos Cativos cumple 65 anos\",\"datePublished\":\"2023-04-05T09:15:21+00:00\",\"dateModified\":\"2023-04-05T09:16:01+00:00\",\"mainEntityOfPage\":{\"@id\":\"https:\\\/\\\/semanasantaferrol.com\\\/gl\\\/mercores-santo-a-procesion-de-nosa-senora-dos-cativos-cumple-65-anos\\\/\"},\"wordCount\":715,\"commentCount\":0,\"publisher\":{\"@id\":\"https:\\\/\\\/semanasantaferrol.com\\\/gl\\\/#organization\"},\"image\":{\"@id\":\"https:\\\/\\\/semanasantaferrol.com\\\/gl\\\/mercores-santo-a-procesion-de-nosa-senora-dos-cativos-cumple-65-anos\\\/#primaryimage\"},\"thumbnailUrl\":\"https:\\\/\\\/semanasantaferrol.com\\\/wp-content\\\/uploads\\\/2023\\\/04\\\/IMG_20230401_122641-scaled-e1710762019462.jpg\",\"articleSection\":[\"Xunta\"],\"inLanguage\":\"gl-ES\",\"potentialAction\":[{\"@type\":\"CommentAction\",\"name\":\"Comment\",\"target\":[\"https:\\\/\\\/semanasantaferrol.com\\\/gl\\\/mercores-santo-a-procesion-de-nosa-senora-dos-cativos-cumple-65-anos\\\/#respond\"]}]},{\"@type\":\"WebPage\",\"@id\":\"https:\\\/\\\/semanasantaferrol.com\\\/gl\\\/mercores-santo-a-procesion-de-nosa-senora-dos-cativos-cumple-65-anos\\\/\",\"url\":\"https:\\\/\\\/semanasantaferrol.com\\\/gl\\\/mercores-santo-a-procesion-de-nosa-senora-dos-cativos-cumple-65-anos\\\/\",\"name\":\"M\u00e9rcores Santo: A Procesi\u00f3n de Nosa Se\u00f1ora dos Cativos cumple 65 anos - Junta General de Cofrad\u00edas y Hermandades\",\"isPartOf\":{\"@id\":\"https:\\\/\\\/semanasantaferrol.com\\\/gl\\\/#website\"},\"primaryImageOfPage\":{\"@id\":\"https:\\\/\\\/semanasantaferrol.com\\\/gl\\\/mercores-santo-a-procesion-de-nosa-senora-dos-cativos-cumple-65-anos\\\/#primaryimage\"},\"image\":{\"@id\":\"https:\\\/\\\/semanasantaferrol.com\\\/gl\\\/mercores-santo-a-procesion-de-nosa-senora-dos-cativos-cumple-65-anos\\\/#primaryimage\"},\"thumbnailUrl\":\"https:\\\/\\\/semanasantaferrol.com\\\/wp-content\\\/uploads\\\/2023\\\/04\\\/IMG_20230401_122641-scaled-e1710762019462.jpg\",\"datePublished\":\"2023-04-05T09:15:21+00:00\",\"dateModified\":\"2023-04-05T09:16:01+00:00\",\"description\":\"As catro procesi\u00f3ns que se celebrar\u00e1n na tarde do M\u00e9rcores Santo son a sinal da intensidade que comeza a cobrar a Semana Santa de Ferrol no preludio dos d\u00edas grandes, Xoves e Venres Santo. Nesta xornada, a Confrar\u00eda da Merc\u00e9 abre o programa coa Procesi\u00f3n de Nosa Se\u00f1ora dos Cativos e o Sant\u00edsimo Cristo Redentor, que comezar\u00e1 \u00e1s 19.00 horas.\",\"breadcrumb\":{\"@id\":\"https:\\\/\\\/semanasantaferrol.com\\\/gl\\\/mercores-santo-a-procesion-de-nosa-senora-dos-cativos-cumple-65-anos\\\/#breadcrumb\"},\"inLanguage\":\"gl-ES\",\"potentialAction\":[{\"@type\":\"ReadAction\",\"target\":[\"https:\\\/\\\/semanasantaferrol.com\\\/gl\\\/mercores-santo-a-procesion-de-nosa-senora-dos-cativos-cumple-65-anos\\\/\"]}]},{\"@type\":\"ImageObject\",\"inLanguage\":\"gl-ES\",\"@id\":\"https:\\\/\\\/semanasantaferrol.com\\\/gl\\\/mercores-santo-a-procesion-de-nosa-senora-dos-cativos-cumple-65-anos\\\/#primaryimage\",\"url\":\"https:\\\/\\\/semanasantaferrol.com\\\/wp-content\\\/uploads\\\/2023\\\/04\\\/IMG_20230401_122641-scaled-e1710762019462.jpg\",\"contentUrl\":\"https:\\\/\\\/semanasantaferrol.com\\\/wp-content\\\/uploads\\\/2023\\\/04\\\/IMG_20230401_122641-scaled-e1710762019462.jpg\",\"width\":2560,\"height\":1920},{\"@type\":\"BreadcrumbList\",\"@id\":\"https:\\\/\\\/semanasantaferrol.com\\\/gl\\\/mercores-santo-a-procesion-de-nosa-senora-dos-cativos-cumple-65-anos\\\/#breadcrumb\",\"itemListElement\":[{\"@type\":\"ListItem\",\"position\":1,\"name\":\"Portada\",\"item\":\"https:\\\/\\\/semanasantaferrol.com\\\/gl\\\/\"},{\"@type\":\"ListItem\",\"position\":2,\"name\":\"M\u00e9rcores Santo: A Procesi\u00f3n de Nosa Se\u00f1ora dos Cativos cumple 65 anos\"}]},{\"@type\":\"WebSite\",\"@id\":\"https:\\\/\\\/semanasantaferrol.com\\\/gl\\\/#website\",\"url\":\"https:\\\/\\\/semanasantaferrol.com\\\/gl\\\/\",\"name\":\"Junta General de Cofrad\u00edas y Hermandades\",\"description\":\"Semana Santa de Ferrol\",\"publisher\":{\"@id\":\"https:\\\/\\\/semanasantaferrol.com\\\/gl\\\/#organization\"},\"alternateName\":\"Semana Santa de Ferrol\",\"potentialAction\":[{\"@type\":\"SearchAction\",\"target\":{\"@type\":\"EntryPoint\",\"urlTemplate\":\"https:\\\/\\\/semanasantaferrol.com\\\/gl\\\/?s={search_term_string}\"},\"query-input\":{\"@type\":\"PropertyValueSpecification\",\"valueRequired\":true,\"valueName\":\"search_term_string\"}}],\"inLanguage\":\"gl-ES\"},{\"@type\":\"Organization\",\"@id\":\"https:\\\/\\\/semanasantaferrol.com\\\/gl\\\/#organization\",\"name\":\"Junta General de Cofrad\u00edas y Hermandades de la Semana Santa de Ferrol\",\"alternateName\":\"Junta de Cofrad\u00edas de la Semana Santa de Ferrol\",\"url\":\"https:\\\/\\\/semanasantaferrol.com\\\/gl\\\/\",\"logo\":{\"@type\":\"ImageObject\",\"inLanguage\":\"gl-ES\",\"@id\":\"https:\\\/\\\/semanasantaferrol.com\\\/gl\\\/#\\\/schema\\\/logo\\\/image\\\/\",\"url\":\"https:\\\/\\\/semanasantaferrol.com\\\/wp-content\\\/uploads\\\/2022\\\/10\\\/junta_general_logo.svg\",\"contentUrl\":\"https:\\\/\\\/semanasantaferrol.com\\\/wp-content\\\/uploads\\\/2022\\\/10\\\/junta_general_logo.svg\",\"width\":600,\"height\":790,\"caption\":\"Junta General de Cofrad\u00edas y Hermandades de la Semana Santa de Ferrol\"},\"image\":{\"@id\":\"https:\\\/\\\/semanasantaferrol.com\\\/gl\\\/#\\\/schema\\\/logo\\\/image\\\/\"},\"sameAs\":[\"https:\\\/\\\/www.facebook.com\\\/Juntageneraldecofradias\\\/\",\"https:\\\/\\\/www.instagram.com\\\/juntageneralcofradiasferrol\\\/\",\"https:\\\/\\\/www.youtube.com\\\/@semanasantadeferrol1616\",\"https:\\\/\\\/www.tiktok.com\\\/@semanasantadeferrol\"]},{\"@type\":\"Person\",\"@id\":\"https:\\\/\\\/semanasantaferrol.com\\\/gl\\\/#\\\/schema\\\/person\\\/cdd132690f08f75a35f05e2423e6307c\",\"name\":\"pingota\",\"image\":{\"@type\":\"ImageObject\",\"inLanguage\":\"gl-ES\",\"@id\":\"https:\\\/\\\/secure.gravatar.com\\\/avatar\\\/b1bb79ecdfb8d6f4c44a82262f8b422faeb290304fc5c6f8b9b4305bfaa2853c?s=96&d=mm&r=g\",\"url\":\"https:\\\/\\\/secure.gravatar.com\\\/avatar\\\/b1bb79ecdfb8d6f4c44a82262f8b422faeb290304fc5c6f8b9b4305bfaa2853c?s=96&d=mm&r=g\",\"contentUrl\":\"https:\\\/\\\/secure.gravatar.com\\\/avatar\\\/b1bb79ecdfb8d6f4c44a82262f8b422faeb290304fc5c6f8b9b4305bfaa2853c?s=96&d=mm&r=g\",\"caption\":\"pingota\"},\"url\":\"https:\\\/\\\/semanasantaferrol.com\\\/gl\"}]}<\/script>\n<!-- \/ Yoast SEO plugin. -->","yoast_head_json":{"title":"M\u00e9rcores Santo: A Procesi\u00f3n de Nosa Se\u00f1ora dos Cativos cumple 65 anos - Junta General de Cofrad\u00edas y Hermandades","description":"As catro procesi\u00f3ns que se celebrar\u00e1n na tarde do M\u00e9rcores Santo son a sinal da intensidade que comeza a cobrar a Semana Santa de Ferrol no preludio dos d\u00edas grandes, Xoves e Venres Santo. Nesta xornada, a Confrar\u00eda da Merc\u00e9 abre o programa coa Procesi\u00f3n de Nosa Se\u00f1ora dos Cativos e o Sant\u00edsimo Cristo Redentor, que comezar\u00e1 \u00e1s 19.00 horas.","robots":{"index":"index","follow":"follow","max-snippet":"max-snippet:-1","max-image-preview":"max-image-preview:large","max-video-preview":"max-video-preview:-1"},"canonical":"https:\/\/semanasantaferrol.com\/gl\/mercores-santo-a-procesion-de-nosa-senora-dos-cativos-cumple-65-anos\/","og_locale":"gl_ES","og_type":"article","og_title":"M\u00e9rcores Santo: A Procesi\u00f3n de Nosa Se\u00f1ora dos Cativos cumple 65 anos - Junta General de Cofrad\u00edas y Hermandades","og_description":"As catro procesi\u00f3ns que se celebrar\u00e1n na tarde do M\u00e9rcores Santo son a sinal da intensidade que comeza a cobrar a Semana Santa de Ferrol no preludio dos d\u00edas grandes, Xoves e Venres Santo. Nesta xornada, a Confrar\u00eda da Merc\u00e9 abre o programa coa Procesi\u00f3n de Nosa Se\u00f1ora dos Cativos e o Sant\u00edsimo Cristo Redentor, que comezar\u00e1 \u00e1s 19.00 horas.","og_url":"https:\/\/semanasantaferrol.com\/gl\/mercores-santo-a-procesion-de-nosa-senora-dos-cativos-cumple-65-anos\/","og_site_name":"Junta General de Cofrad\u00edas y Hermandades","article_publisher":"https:\/\/www.facebook.com\/Juntageneraldecofradias\/","article_published_time":"2023-04-05T09:15:21+00:00","article_modified_time":"2023-04-05T09:16:01+00:00","og_image":[{"width":2560,"height":1920,"url":"https:\/\/semanasantaferrol.com\/wp-content\/uploads\/2023\/04\/IMG_20230401_122641-scaled.jpg","type":"image\/jpeg"}],"author":"pingota","twitter_card":"summary_large_image","twitter_misc":{"Escrito por":"pingota","Tempo de lectura":"3 minutos"},"schema":{"@context":"https:\/\/schema.org","@graph":[{"@type":"Article","@id":"https:\/\/semanasantaferrol.com\/gl\/mercores-santo-a-procesion-de-nosa-senora-dos-cativos-cumple-65-anos\/#article","isPartOf":{"@id":"https:\/\/semanasantaferrol.com\/gl\/mercores-santo-a-procesion-de-nosa-senora-dos-cativos-cumple-65-anos\/"},"author":{"name":"pingota","@id":"https:\/\/semanasantaferrol.com\/gl\/#\/schema\/person\/cdd132690f08f75a35f05e2423e6307c"},"headline":"M\u00e9rcores Santo: A Procesi\u00f3n de Nosa Se\u00f1ora dos Cativos cumple 65 anos","datePublished":"2023-04-05T09:15:21+00:00","dateModified":"2023-04-05T09:16:01+00:00","mainEntityOfPage":{"@id":"https:\/\/semanasantaferrol.com\/gl\/mercores-santo-a-procesion-de-nosa-senora-dos-cativos-cumple-65-anos\/"},"wordCount":715,"commentCount":0,"publisher":{"@id":"https:\/\/semanasantaferrol.com\/gl\/#organization"},"image":{"@id":"https:\/\/semanasantaferrol.com\/gl\/mercores-santo-a-procesion-de-nosa-senora-dos-cativos-cumple-65-anos\/#primaryimage"},"thumbnailUrl":"https:\/\/semanasantaferrol.com\/wp-content\/uploads\/2023\/04\/IMG_20230401_122641-scaled-e1710762019462.jpg","articleSection":["Xunta"],"inLanguage":"gl-ES","potentialAction":[{"@type":"CommentAction","name":"Comment","target":["https:\/\/semanasantaferrol.com\/gl\/mercores-santo-a-procesion-de-nosa-senora-dos-cativos-cumple-65-anos\/#respond"]}]},{"@type":"WebPage","@id":"https:\/\/semanasantaferrol.com\/gl\/mercores-santo-a-procesion-de-nosa-senora-dos-cativos-cumple-65-anos\/","url":"https:\/\/semanasantaferrol.com\/gl\/mercores-santo-a-procesion-de-nosa-senora-dos-cativos-cumple-65-anos\/","name":"M\u00e9rcores Santo: A Procesi\u00f3n de Nosa Se\u00f1ora dos Cativos cumple 65 anos - Junta General de Cofrad\u00edas y Hermandades","isPartOf":{"@id":"https:\/\/semanasantaferrol.com\/gl\/#website"},"primaryImageOfPage":{"@id":"https:\/\/semanasantaferrol.com\/gl\/mercores-santo-a-procesion-de-nosa-senora-dos-cativos-cumple-65-anos\/#primaryimage"},"image":{"@id":"https:\/\/semanasantaferrol.com\/gl\/mercores-santo-a-procesion-de-nosa-senora-dos-cativos-cumple-65-anos\/#primaryimage"},"thumbnailUrl":"https:\/\/semanasantaferrol.com\/wp-content\/uploads\/2023\/04\/IMG_20230401_122641-scaled-e1710762019462.jpg","datePublished":"2023-04-05T09:15:21+00:00","dateModified":"2023-04-05T09:16:01+00:00","description":"As catro procesi\u00f3ns que se celebrar\u00e1n na tarde do M\u00e9rcores Santo son a sinal da intensidade que comeza a cobrar a Semana Santa de Ferrol no preludio dos d\u00edas grandes, Xoves e Venres Santo. Nesta xornada, a Confrar\u00eda da Merc\u00e9 abre o programa coa Procesi\u00f3n de Nosa Se\u00f1ora dos Cativos e o Sant\u00edsimo Cristo Redentor, que comezar\u00e1 \u00e1s 19.00 horas.","breadcrumb":{"@id":"https:\/\/semanasantaferrol.com\/gl\/mercores-santo-a-procesion-de-nosa-senora-dos-cativos-cumple-65-anos\/#breadcrumb"},"inLanguage":"gl-ES","potentialAction":[{"@type":"ReadAction","target":["https:\/\/semanasantaferrol.com\/gl\/mercores-santo-a-procesion-de-nosa-senora-dos-cativos-cumple-65-anos\/"]}]},{"@type":"ImageObject","inLanguage":"gl-ES","@id":"https:\/\/semanasantaferrol.com\/gl\/mercores-santo-a-procesion-de-nosa-senora-dos-cativos-cumple-65-anos\/#primaryimage","url":"https:\/\/semanasantaferrol.com\/wp-content\/uploads\/2023\/04\/IMG_20230401_122641-scaled-e1710762019462.jpg","contentUrl":"https:\/\/semanasantaferrol.com\/wp-content\/uploads\/2023\/04\/IMG_20230401_122641-scaled-e1710762019462.jpg","width":2560,"height":1920},{"@type":"BreadcrumbList","@id":"https:\/\/semanasantaferrol.com\/gl\/mercores-santo-a-procesion-de-nosa-senora-dos-cativos-cumple-65-anos\/#breadcrumb","itemListElement":[{"@type":"ListItem","position":1,"name":"Portada","item":"https:\/\/semanasantaferrol.com\/gl\/"},{"@type":"ListItem","position":2,"name":"M\u00e9rcores Santo: A Procesi\u00f3n de Nosa Se\u00f1ora dos Cativos cumple 65 anos"}]},{"@type":"WebSite","@id":"https:\/\/semanasantaferrol.com\/gl\/#website","url":"https:\/\/semanasantaferrol.com\/gl\/","name":"Junta General de Cofrad\u00edas y Hermandades","description":"Semana Santa de Ferrol","publisher":{"@id":"https:\/\/semanasantaferrol.com\/gl\/#organization"},"alternateName":"Semana Santa de Ferrol","potentialAction":[{"@type":"SearchAction","target":{"@type":"EntryPoint","urlTemplate":"https:\/\/semanasantaferrol.com\/gl\/?s={search_term_string}"},"query-input":{"@type":"PropertyValueSpecification","valueRequired":true,"valueName":"search_term_string"}}],"inLanguage":"gl-ES"},{"@type":"Organization","@id":"https:\/\/semanasantaferrol.com\/gl\/#organization","name":"Junta General de Cofrad\u00edas y Hermandades de la Semana Santa de Ferrol","alternateName":"Junta de Cofrad\u00edas de la Semana Santa de Ferrol","url":"https:\/\/semanasantaferrol.com\/gl\/","logo":{"@type":"ImageObject","inLanguage":"gl-ES","@id":"https:\/\/semanasantaferrol.com\/gl\/#\/schema\/logo\/image\/","url":"https:\/\/semanasantaferrol.com\/wp-content\/uploads\/2022\/10\/junta_general_logo.svg","contentUrl":"https:\/\/semanasantaferrol.com\/wp-content\/uploads\/2022\/10\/junta_general_logo.svg","width":600,"height":790,"caption":"Junta General de Cofrad\u00edas y Hermandades de la Semana Santa de Ferrol"},"image":{"@id":"https:\/\/semanasantaferrol.com\/gl\/#\/schema\/logo\/image\/"},"sameAs":["https:\/\/www.facebook.com\/Juntageneraldecofradias\/","https:\/\/www.instagram.com\/juntageneralcofradiasferrol\/","https:\/\/www.youtube.com\/@semanasantadeferrol1616","https:\/\/www.tiktok.com\/@semanasantadeferrol"]},{"@type":"Person","@id":"https:\/\/semanasantaferrol.com\/gl\/#\/schema\/person\/cdd132690f08f75a35f05e2423e6307c","name":"pingota","image":{"@type":"ImageObject","inLanguage":"gl-ES","@id":"https:\/\/secure.gravatar.com\/avatar\/b1bb79ecdfb8d6f4c44a82262f8b422faeb290304fc5c6f8b9b4305bfaa2853c?s=96&d=mm&r=g","url":"https:\/\/secure.gravatar.com\/avatar\/b1bb79ecdfb8d6f4c44a82262f8b422faeb290304fc5c6f8b9b4305bfaa2853c?s=96&d=mm&r=g","contentUrl":"https:\/\/secure.gravatar.com\/avatar\/b1bb79ecdfb8d6f4c44a82262f8b422faeb290304fc5c6f8b9b4305bfaa2853c?s=96&d=mm&r=g","caption":"pingota"},"url":"https:\/\/semanasantaferrol.com\/gl"}]}},"_links":{"self":[{"href":"https:\/\/semanasantaferrol.com\/gl\/wp-json\/wp\/v2\/posts\/5953","targetHints":{"allow":["GET"]}}],"collection":[{"href":"https:\/\/semanasantaferrol.com\/gl\/wp-json\/wp\/v2\/posts"}],"about":[{"href":"https:\/\/semanasantaferrol.com\/gl\/wp-json\/wp\/v2\/types\/post"}],"author":[{"embeddable":true,"href":"https:\/\/semanasantaferrol.com\/gl\/wp-json\/wp\/v2\/users\/3"}],"replies":[{"embeddable":true,"href":"https:\/\/semanasantaferrol.com\/gl\/wp-json\/wp\/v2\/comments?post=5953"}],"version-history":[{"count":4,"href":"https:\/\/semanasantaferrol.com\/gl\/wp-json\/wp\/v2\/posts\/5953\/revisions"}],"predecessor-version":[{"id":5957,"href":"https:\/\/semanasantaferrol.com\/gl\/wp-json\/wp\/v2\/posts\/5953\/revisions\/5957"}],"wp:featuredmedia":[{"embeddable":true,"href":"https:\/\/semanasantaferrol.com\/gl\/wp-json\/wp\/v2\/media\/5951"}],"wp:attachment":[{"href":"https:\/\/semanasantaferrol.com\/gl\/wp-json\/wp\/v2\/media?parent=5953"}],"wp:term":[{"taxonomy":"category","embeddable":true,"href":"https:\/\/semanasantaferrol.com\/gl\/wp-json\/wp\/v2\/categories?post=5953"},{"taxonomy":"post_tag","embeddable":true,"href":"https:\/\/semanasantaferrol.com\/gl\/wp-json\/wp\/v2\/tags?post=5953"}],"curies":[{"name":"wp","href":"https:\/\/api.w.org\/{rel}","templated":true}]}}