{"id":5766,"date":"2023-03-20T09:54:59","date_gmt":"2023-03-20T09:54:59","guid":{"rendered":"https:\/\/semanasantaferrol.com\/septenario-en-honor-de-maria-santisima-dos-dolores-a-partir-do-dia-25\/"},"modified":"2023-03-20T09:54:59","modified_gmt":"2023-03-20T09:54:59","slug":"septenario-en-honor-de-maria-santisima-dos-dolores-a-partir-do-dia-25","status":"publish","type":"post","link":"https:\/\/semanasantaferrol.com\/gl\/septenario-en-honor-de-maria-santisima-dos-dolores-a-partir-do-dia-25\/","title":{"rendered":"Septenario en honor de Mar\u00eda Sant\u00edsima dos Dolores a partir do d\u00eda 25"},"content":{"rendered":"<p>A Confrar\u00eda de Dores programou o seu tradicional Septenario en honra de Mar\u00eda Sant\u00edsima das Dores para partir do pr\u00f3ximo d\u00eda 25 de marzo.<\/p>\n<p>Os cultos ser\u00e1n na concatedral de San Juli\u00e1n, todosw os d\u00edas \u00e1s 19.00 horas salvo o domingo 26, en que comezar\u00e1n \u00e1s 20.00 horas.<\/p>\n<p>O \u00falitmo d\u00eda, o 31 de marzo, o culto estar\u00e1 acompa\u00f1ado polo Coro Diapas\u00f3n e ao terminar sair\u00e1 unha procesi\u00f3n. O percorrido ir\u00e1 por Irmandi\u00f1os, r\u00faa A Coru\u00f1a, Magdalena, Terra, Real, S\u00e1nchez Barc\u00e1iztegui, Magdalena, r\u00faa Coru\u00f1a e retirada por Irmandi\u00f1os.<\/p>\n<p>&nbsp;<\/p>\n<p><img fetchpriority=\"high\" decoding=\"async\" class=\"wp-image-5761 size-full aligncenter\" src=\"https:\/\/semanasantaferrol.com\/wp-content\/uploads\/2023\/03\/CartelSeptenario.jpg\" alt=\"\" width=\"506\" height=\"720\" srcset=\"https:\/\/semanasantaferrol.com\/wp-content\/uploads\/2023\/03\/CartelSeptenario.jpg 506w, https:\/\/semanasantaferrol.com\/wp-content\/uploads\/2023\/03\/CartelSeptenario-158x225.jpg 158w\" sizes=\"(max-width: 506px) 100vw, 506px\" \/><\/p>\n","protected":false},"excerpt":{"rendered":"<p>A Confrar\u00eda de Dores programou o seu tradicional Septenario en honra de Mar\u00eda Sant\u00edsima das Dores para partir do pr\u00f3ximo d\u00eda 25 de marzo. Os cultos ser\u00e1n na concatedral de San Juli\u00e1n, todosw os d\u00edas \u00e1s 19.00 horas salvo o domingo 26, en que comezar\u00e1n \u00e1s 20.00 horas. O \u00falitmo d\u00eda, o 31 de marzo, [&hellip;]<\/p>\n","protected":false},"author":3,"featured_media":5764,"comment_status":"open","ping_status":"open","sticky":false,"template":"","format":"standard","meta":{"footnotes":""},"categories":[37],"tags":[],"class_list":["post-5766","post","type-post","status-publish","format-standard","has-post-thumbnail","hentry","category-dores"],"yoast_head":"<!-- This site is optimized with the Yoast SEO plugin v27.5 - https:\/\/yoast.com\/product\/yoast-seo-wordpress\/ -->\n<title>Septenario en honor de Mar\u00eda Sant\u00edsima dos Dolores a partir do d\u00eda 25 - Junta General de Cofrad\u00edas y Hermandades<\/title>\n<meta name=\"robots\" content=\"index, follow, max-snippet:-1, max-image-preview:large, max-video-preview:-1\" \/>\n<link rel=\"canonical\" href=\"https:\/\/semanasantaferrol.com\/gl\/septenario-en-honor-de-maria-santisima-dos-dolores-a-partir-do-dia-25\/\" \/>\n<meta property=\"og:locale\" content=\"gl_ES\" \/>\n<meta property=\"og:type\" content=\"article\" \/>\n<meta property=\"og:title\" content=\"Septenario en honor de Mar\u00eda Sant\u00edsima dos Dolores a partir do d\u00eda 25 - Junta General de Cofrad\u00edas y Hermandades\" \/>\n<meta property=\"og:description\" content=\"A Confrar\u00eda de Dores programou o seu tradicional Septenario en honra de Mar\u00eda Sant\u00edsima das Dores para partir do pr\u00f3ximo d\u00eda 25 de marzo. Os cultos ser\u00e1n na concatedral de San Juli\u00e1n, todosw os d\u00edas \u00e1s 19.00 horas salvo o domingo 26, en que comezar\u00e1n \u00e1s 20.00 horas. O \u00falitmo d\u00eda, o 31 de marzo, [&hellip;]\" \/>\n<meta property=\"og:url\" content=\"https:\/\/semanasantaferrol.com\/gl\/septenario-en-honor-de-maria-santisima-dos-dolores-a-partir-do-dia-25\/\" \/>\n<meta property=\"og:site_name\" content=\"Junta General de Cofrad\u00edas y Hermandades\" \/>\n<meta property=\"article:publisher\" content=\"https:\/\/www.facebook.com\/Juntageneraldecofradias\/\" \/>\n<meta property=\"article:published_time\" content=\"2023-03-20T09:54:59+00:00\" \/>\n<meta property=\"og:image\" content=\"https:\/\/semanasantaferrol.com\/wp-content\/uploads\/2023\/03\/Dolores-scaled.jpg\" \/>\n\t<meta property=\"og:image:width\" content=\"2560\" \/>\n\t<meta property=\"og:image:height\" content=\"1920\" \/>\n\t<meta property=\"og:image:type\" content=\"image\/jpeg\" \/>\n<meta name=\"author\" content=\"pingota\" \/>\n<meta name=\"twitter:card\" content=\"summary_large_image\" \/>\n<meta name=\"twitter:label1\" content=\"Escrito por\" \/>\n\t<meta name=\"twitter:data1\" content=\"pingota\" \/>\n\t<meta name=\"twitter:label2\" content=\"Tempo de lectura\" \/>\n\t<meta name=\"twitter:data2\" content=\"1 minuto\" \/>\n<script type=\"application\/ld+json\" class=\"yoast-schema-graph\">{\"@context\":\"https:\\\/\\\/schema.org\",\"@graph\":[{\"@type\":\"Article\",\"@id\":\"https:\\\/\\\/semanasantaferrol.com\\\/gl\\\/septenario-en-honor-de-maria-santisima-dos-dolores-a-partir-do-dia-25\\\/#article\",\"isPartOf\":{\"@id\":\"https:\\\/\\\/semanasantaferrol.com\\\/gl\\\/septenario-en-honor-de-maria-santisima-dos-dolores-a-partir-do-dia-25\\\/\"},\"author\":{\"name\":\"pingota\",\"@id\":\"https:\\\/\\\/semanasantaferrol.com\\\/gl\\\/#\\\/schema\\\/person\\\/cdd132690f08f75a35f05e2423e6307c\"},\"headline\":\"Septenario en honor de Mar\u00eda Sant\u00edsima dos Dolores a partir do d\u00eda 25\",\"datePublished\":\"2023-03-20T09:54:59+00:00\",\"mainEntityOfPage\":{\"@id\":\"https:\\\/\\\/semanasantaferrol.com\\\/gl\\\/septenario-en-honor-de-maria-santisima-dos-dolores-a-partir-do-dia-25\\\/\"},\"wordCount\":120,\"commentCount\":0,\"publisher\":{\"@id\":\"https:\\\/\\\/semanasantaferrol.com\\\/gl\\\/#organization\"},\"image\":{\"@id\":\"https:\\\/\\\/semanasantaferrol.com\\\/gl\\\/septenario-en-honor-de-maria-santisima-dos-dolores-a-partir-do-dia-25\\\/#primaryimage\"},\"thumbnailUrl\":\"https:\\\/\\\/semanasantaferrol.com\\\/wp-content\\\/uploads\\\/2023\\\/03\\\/Dolores-scaled.jpg\",\"articleSection\":[\"Dolores\"],\"inLanguage\":\"gl-ES\",\"potentialAction\":[{\"@type\":\"CommentAction\",\"name\":\"Comment\",\"target\":[\"https:\\\/\\\/semanasantaferrol.com\\\/gl\\\/septenario-en-honor-de-maria-santisima-dos-dolores-a-partir-do-dia-25\\\/#respond\"]}]},{\"@type\":\"WebPage\",\"@id\":\"https:\\\/\\\/semanasantaferrol.com\\\/gl\\\/septenario-en-honor-de-maria-santisima-dos-dolores-a-partir-do-dia-25\\\/\",\"url\":\"https:\\\/\\\/semanasantaferrol.com\\\/gl\\\/septenario-en-honor-de-maria-santisima-dos-dolores-a-partir-do-dia-25\\\/\",\"name\":\"Septenario en honor de Mar\u00eda Sant\u00edsima dos Dolores a partir do d\u00eda 25 - Junta General de Cofrad\u00edas y Hermandades\",\"isPartOf\":{\"@id\":\"https:\\\/\\\/semanasantaferrol.com\\\/gl\\\/#website\"},\"primaryImageOfPage\":{\"@id\":\"https:\\\/\\\/semanasantaferrol.com\\\/gl\\\/septenario-en-honor-de-maria-santisima-dos-dolores-a-partir-do-dia-25\\\/#primaryimage\"},\"image\":{\"@id\":\"https:\\\/\\\/semanasantaferrol.com\\\/gl\\\/septenario-en-honor-de-maria-santisima-dos-dolores-a-partir-do-dia-25\\\/#primaryimage\"},\"thumbnailUrl\":\"https:\\\/\\\/semanasantaferrol.com\\\/wp-content\\\/uploads\\\/2023\\\/03\\\/Dolores-scaled.jpg\",\"datePublished\":\"2023-03-20T09:54:59+00:00\",\"breadcrumb\":{\"@id\":\"https:\\\/\\\/semanasantaferrol.com\\\/gl\\\/septenario-en-honor-de-maria-santisima-dos-dolores-a-partir-do-dia-25\\\/#breadcrumb\"},\"inLanguage\":\"gl-ES\",\"potentialAction\":[{\"@type\":\"ReadAction\",\"target\":[\"https:\\\/\\\/semanasantaferrol.com\\\/gl\\\/septenario-en-honor-de-maria-santisima-dos-dolores-a-partir-do-dia-25\\\/\"]}]},{\"@type\":\"ImageObject\",\"inLanguage\":\"gl-ES\",\"@id\":\"https:\\\/\\\/semanasantaferrol.com\\\/gl\\\/septenario-en-honor-de-maria-santisima-dos-dolores-a-partir-do-dia-25\\\/#primaryimage\",\"url\":\"https:\\\/\\\/semanasantaferrol.com\\\/wp-content\\\/uploads\\\/2023\\\/03\\\/Dolores-scaled.jpg\",\"contentUrl\":\"https:\\\/\\\/semanasantaferrol.com\\\/wp-content\\\/uploads\\\/2023\\\/03\\\/Dolores-scaled.jpg\",\"width\":2560,\"height\":1920},{\"@type\":\"BreadcrumbList\",\"@id\":\"https:\\\/\\\/semanasantaferrol.com\\\/gl\\\/septenario-en-honor-de-maria-santisima-dos-dolores-a-partir-do-dia-25\\\/#breadcrumb\",\"itemListElement\":[{\"@type\":\"ListItem\",\"position\":1,\"name\":\"Portada\",\"item\":\"https:\\\/\\\/semanasantaferrol.com\\\/gl\\\/\"},{\"@type\":\"ListItem\",\"position\":2,\"name\":\"Septenario en honor de Mar\u00eda Sant\u00edsima dos Dolores a partir do d\u00eda 25\"}]},{\"@type\":\"WebSite\",\"@id\":\"https:\\\/\\\/semanasantaferrol.com\\\/gl\\\/#website\",\"url\":\"https:\\\/\\\/semanasantaferrol.com\\\/gl\\\/\",\"name\":\"Junta General de Cofrad\u00edas y Hermandades\",\"description\":\"Semana Santa de Ferrol\",\"publisher\":{\"@id\":\"https:\\\/\\\/semanasantaferrol.com\\\/gl\\\/#organization\"},\"alternateName\":\"Semana Santa de Ferrol\",\"potentialAction\":[{\"@type\":\"SearchAction\",\"target\":{\"@type\":\"EntryPoint\",\"urlTemplate\":\"https:\\\/\\\/semanasantaferrol.com\\\/gl\\\/?s={search_term_string}\"},\"query-input\":{\"@type\":\"PropertyValueSpecification\",\"valueRequired\":true,\"valueName\":\"search_term_string\"}}],\"inLanguage\":\"gl-ES\"},{\"@type\":\"Organization\",\"@id\":\"https:\\\/\\\/semanasantaferrol.com\\\/gl\\\/#organization\",\"name\":\"Junta General de Cofrad\u00edas y Hermandades de la Semana Santa de Ferrol\",\"alternateName\":\"Junta de Cofrad\u00edas de la Semana Santa de Ferrol\",\"url\":\"https:\\\/\\\/semanasantaferrol.com\\\/gl\\\/\",\"logo\":{\"@type\":\"ImageObject\",\"inLanguage\":\"gl-ES\",\"@id\":\"https:\\\/\\\/semanasantaferrol.com\\\/gl\\\/#\\\/schema\\\/logo\\\/image\\\/\",\"url\":\"https:\\\/\\\/semanasantaferrol.com\\\/wp-content\\\/uploads\\\/2022\\\/10\\\/junta_general_logo.svg\",\"contentUrl\":\"https:\\\/\\\/semanasantaferrol.com\\\/wp-content\\\/uploads\\\/2022\\\/10\\\/junta_general_logo.svg\",\"width\":600,\"height\":790,\"caption\":\"Junta General de Cofrad\u00edas y Hermandades de la Semana Santa de Ferrol\"},\"image\":{\"@id\":\"https:\\\/\\\/semanasantaferrol.com\\\/gl\\\/#\\\/schema\\\/logo\\\/image\\\/\"},\"sameAs\":[\"https:\\\/\\\/www.facebook.com\\\/Juntageneraldecofradias\\\/\",\"https:\\\/\\\/www.instagram.com\\\/juntageneralcofradiasferrol\\\/\",\"https:\\\/\\\/www.youtube.com\\\/@semanasantadeferrol1616\",\"https:\\\/\\\/www.tiktok.com\\\/@semanasantadeferrol\"]},{\"@type\":\"Person\",\"@id\":\"https:\\\/\\\/semanasantaferrol.com\\\/gl\\\/#\\\/schema\\\/person\\\/cdd132690f08f75a35f05e2423e6307c\",\"name\":\"pingota\",\"image\":{\"@type\":\"ImageObject\",\"inLanguage\":\"gl-ES\",\"@id\":\"https:\\\/\\\/secure.gravatar.com\\\/avatar\\\/b1bb79ecdfb8d6f4c44a82262f8b422faeb290304fc5c6f8b9b4305bfaa2853c?s=96&d=mm&r=g\",\"url\":\"https:\\\/\\\/secure.gravatar.com\\\/avatar\\\/b1bb79ecdfb8d6f4c44a82262f8b422faeb290304fc5c6f8b9b4305bfaa2853c?s=96&d=mm&r=g\",\"contentUrl\":\"https:\\\/\\\/secure.gravatar.com\\\/avatar\\\/b1bb79ecdfb8d6f4c44a82262f8b422faeb290304fc5c6f8b9b4305bfaa2853c?s=96&d=mm&r=g\",\"caption\":\"pingota\"},\"url\":\"https:\\\/\\\/semanasantaferrol.com\\\/gl\"}]}<\/script>\n<!-- \/ Yoast SEO plugin. -->","yoast_head_json":{"title":"Septenario en honor de Mar\u00eda Sant\u00edsima dos Dolores a partir do d\u00eda 25 - Junta General de Cofrad\u00edas y Hermandades","robots":{"index":"index","follow":"follow","max-snippet":"max-snippet:-1","max-image-preview":"max-image-preview:large","max-video-preview":"max-video-preview:-1"},"canonical":"https:\/\/semanasantaferrol.com\/gl\/septenario-en-honor-de-maria-santisima-dos-dolores-a-partir-do-dia-25\/","og_locale":"gl_ES","og_type":"article","og_title":"Septenario en honor de Mar\u00eda Sant\u00edsima dos Dolores a partir do d\u00eda 25 - Junta General de Cofrad\u00edas y Hermandades","og_description":"A Confrar\u00eda de Dores programou o seu tradicional Septenario en honra de Mar\u00eda Sant\u00edsima das Dores para partir do pr\u00f3ximo d\u00eda 25 de marzo. Os cultos ser\u00e1n na concatedral de San Juli\u00e1n, todosw os d\u00edas \u00e1s 19.00 horas salvo o domingo 26, en que comezar\u00e1n \u00e1s 20.00 horas. O \u00falitmo d\u00eda, o 31 de marzo, [&hellip;]","og_url":"https:\/\/semanasantaferrol.com\/gl\/septenario-en-honor-de-maria-santisima-dos-dolores-a-partir-do-dia-25\/","og_site_name":"Junta General de Cofrad\u00edas y Hermandades","article_publisher":"https:\/\/www.facebook.com\/Juntageneraldecofradias\/","article_published_time":"2023-03-20T09:54:59+00:00","og_image":[{"width":2560,"height":1920,"url":"https:\/\/semanasantaferrol.com\/wp-content\/uploads\/2023\/03\/Dolores-scaled.jpg","type":"image\/jpeg"}],"author":"pingota","twitter_card":"summary_large_image","twitter_misc":{"Escrito por":"pingota","Tempo de lectura":"1 minuto"},"schema":{"@context":"https:\/\/schema.org","@graph":[{"@type":"Article","@id":"https:\/\/semanasantaferrol.com\/gl\/septenario-en-honor-de-maria-santisima-dos-dolores-a-partir-do-dia-25\/#article","isPartOf":{"@id":"https:\/\/semanasantaferrol.com\/gl\/septenario-en-honor-de-maria-santisima-dos-dolores-a-partir-do-dia-25\/"},"author":{"name":"pingota","@id":"https:\/\/semanasantaferrol.com\/gl\/#\/schema\/person\/cdd132690f08f75a35f05e2423e6307c"},"headline":"Septenario en honor de Mar\u00eda Sant\u00edsima dos Dolores a partir do d\u00eda 25","datePublished":"2023-03-20T09:54:59+00:00","mainEntityOfPage":{"@id":"https:\/\/semanasantaferrol.com\/gl\/septenario-en-honor-de-maria-santisima-dos-dolores-a-partir-do-dia-25\/"},"wordCount":120,"commentCount":0,"publisher":{"@id":"https:\/\/semanasantaferrol.com\/gl\/#organization"},"image":{"@id":"https:\/\/semanasantaferrol.com\/gl\/septenario-en-honor-de-maria-santisima-dos-dolores-a-partir-do-dia-25\/#primaryimage"},"thumbnailUrl":"https:\/\/semanasantaferrol.com\/wp-content\/uploads\/2023\/03\/Dolores-scaled.jpg","articleSection":["Dolores"],"inLanguage":"gl-ES","potentialAction":[{"@type":"CommentAction","name":"Comment","target":["https:\/\/semanasantaferrol.com\/gl\/septenario-en-honor-de-maria-santisima-dos-dolores-a-partir-do-dia-25\/#respond"]}]},{"@type":"WebPage","@id":"https:\/\/semanasantaferrol.com\/gl\/septenario-en-honor-de-maria-santisima-dos-dolores-a-partir-do-dia-25\/","url":"https:\/\/semanasantaferrol.com\/gl\/septenario-en-honor-de-maria-santisima-dos-dolores-a-partir-do-dia-25\/","name":"Septenario en honor de Mar\u00eda Sant\u00edsima dos Dolores a partir do d\u00eda 25 - Junta General de Cofrad\u00edas y Hermandades","isPartOf":{"@id":"https:\/\/semanasantaferrol.com\/gl\/#website"},"primaryImageOfPage":{"@id":"https:\/\/semanasantaferrol.com\/gl\/septenario-en-honor-de-maria-santisima-dos-dolores-a-partir-do-dia-25\/#primaryimage"},"image":{"@id":"https:\/\/semanasantaferrol.com\/gl\/septenario-en-honor-de-maria-santisima-dos-dolores-a-partir-do-dia-25\/#primaryimage"},"thumbnailUrl":"https:\/\/semanasantaferrol.com\/wp-content\/uploads\/2023\/03\/Dolores-scaled.jpg","datePublished":"2023-03-20T09:54:59+00:00","breadcrumb":{"@id":"https:\/\/semanasantaferrol.com\/gl\/septenario-en-honor-de-maria-santisima-dos-dolores-a-partir-do-dia-25\/#breadcrumb"},"inLanguage":"gl-ES","potentialAction":[{"@type":"ReadAction","target":["https:\/\/semanasantaferrol.com\/gl\/septenario-en-honor-de-maria-santisima-dos-dolores-a-partir-do-dia-25\/"]}]},{"@type":"ImageObject","inLanguage":"gl-ES","@id":"https:\/\/semanasantaferrol.com\/gl\/septenario-en-honor-de-maria-santisima-dos-dolores-a-partir-do-dia-25\/#primaryimage","url":"https:\/\/semanasantaferrol.com\/wp-content\/uploads\/2023\/03\/Dolores-scaled.jpg","contentUrl":"https:\/\/semanasantaferrol.com\/wp-content\/uploads\/2023\/03\/Dolores-scaled.jpg","width":2560,"height":1920},{"@type":"BreadcrumbList","@id":"https:\/\/semanasantaferrol.com\/gl\/septenario-en-honor-de-maria-santisima-dos-dolores-a-partir-do-dia-25\/#breadcrumb","itemListElement":[{"@type":"ListItem","position":1,"name":"Portada","item":"https:\/\/semanasantaferrol.com\/gl\/"},{"@type":"ListItem","position":2,"name":"Septenario en honor de Mar\u00eda Sant\u00edsima dos Dolores a partir do d\u00eda 25"}]},{"@type":"WebSite","@id":"https:\/\/semanasantaferrol.com\/gl\/#website","url":"https:\/\/semanasantaferrol.com\/gl\/","name":"Junta General de Cofrad\u00edas y Hermandades","description":"Semana Santa de Ferrol","publisher":{"@id":"https:\/\/semanasantaferrol.com\/gl\/#organization"},"alternateName":"Semana Santa de Ferrol","potentialAction":[{"@type":"SearchAction","target":{"@type":"EntryPoint","urlTemplate":"https:\/\/semanasantaferrol.com\/gl\/?s={search_term_string}"},"query-input":{"@type":"PropertyValueSpecification","valueRequired":true,"valueName":"search_term_string"}}],"inLanguage":"gl-ES"},{"@type":"Organization","@id":"https:\/\/semanasantaferrol.com\/gl\/#organization","name":"Junta General de Cofrad\u00edas y Hermandades de la Semana Santa de Ferrol","alternateName":"Junta de Cofrad\u00edas de la Semana Santa de Ferrol","url":"https:\/\/semanasantaferrol.com\/gl\/","logo":{"@type":"ImageObject","inLanguage":"gl-ES","@id":"https:\/\/semanasantaferrol.com\/gl\/#\/schema\/logo\/image\/","url":"https:\/\/semanasantaferrol.com\/wp-content\/uploads\/2022\/10\/junta_general_logo.svg","contentUrl":"https:\/\/semanasantaferrol.com\/wp-content\/uploads\/2022\/10\/junta_general_logo.svg","width":600,"height":790,"caption":"Junta General de Cofrad\u00edas y Hermandades de la Semana Santa de Ferrol"},"image":{"@id":"https:\/\/semanasantaferrol.com\/gl\/#\/schema\/logo\/image\/"},"sameAs":["https:\/\/www.facebook.com\/Juntageneraldecofradias\/","https:\/\/www.instagram.com\/juntageneralcofradiasferrol\/","https:\/\/www.youtube.com\/@semanasantadeferrol1616","https:\/\/www.tiktok.com\/@semanasantadeferrol"]},{"@type":"Person","@id":"https:\/\/semanasantaferrol.com\/gl\/#\/schema\/person\/cdd132690f08f75a35f05e2423e6307c","name":"pingota","image":{"@type":"ImageObject","inLanguage":"gl-ES","@id":"https:\/\/secure.gravatar.com\/avatar\/b1bb79ecdfb8d6f4c44a82262f8b422faeb290304fc5c6f8b9b4305bfaa2853c?s=96&d=mm&r=g","url":"https:\/\/secure.gravatar.com\/avatar\/b1bb79ecdfb8d6f4c44a82262f8b422faeb290304fc5c6f8b9b4305bfaa2853c?s=96&d=mm&r=g","contentUrl":"https:\/\/secure.gravatar.com\/avatar\/b1bb79ecdfb8d6f4c44a82262f8b422faeb290304fc5c6f8b9b4305bfaa2853c?s=96&d=mm&r=g","caption":"pingota"},"url":"https:\/\/semanasantaferrol.com\/gl"}]}},"_links":{"self":[{"href":"https:\/\/semanasantaferrol.com\/gl\/wp-json\/wp\/v2\/posts\/5766","targetHints":{"allow":["GET"]}}],"collection":[{"href":"https:\/\/semanasantaferrol.com\/gl\/wp-json\/wp\/v2\/posts"}],"about":[{"href":"https:\/\/semanasantaferrol.com\/gl\/wp-json\/wp\/v2\/types\/post"}],"author":[{"embeddable":true,"href":"https:\/\/semanasantaferrol.com\/gl\/wp-json\/wp\/v2\/users\/3"}],"replies":[{"embeddable":true,"href":"https:\/\/semanasantaferrol.com\/gl\/wp-json\/wp\/v2\/comments?post=5766"}],"version-history":[{"count":0,"href":"https:\/\/semanasantaferrol.com\/gl\/wp-json\/wp\/v2\/posts\/5766\/revisions"}],"wp:featuredmedia":[{"embeddable":true,"href":"https:\/\/semanasantaferrol.com\/gl\/wp-json\/wp\/v2\/media\/5764"}],"wp:attachment":[{"href":"https:\/\/semanasantaferrol.com\/gl\/wp-json\/wp\/v2\/media?parent=5766"}],"wp:term":[{"taxonomy":"category","embeddable":true,"href":"https:\/\/semanasantaferrol.com\/gl\/wp-json\/wp\/v2\/categories?post=5766"},{"taxonomy":"post_tag","embeddable":true,"href":"https:\/\/semanasantaferrol.com\/gl\/wp-json\/wp\/v2\/tags?post=5766"}],"curies":[{"name":"wp","href":"https:\/\/api.w.org\/{rel}","templated":true}]}}