{"id":5757,"date":"2023-03-18T13:22:23","date_gmt":"2023-03-18T13:22:23","guid":{"rendered":"https:\/\/semanasantaferrol.com\/a-presentacion-do-procesionario-e-a-revista-ecce-homo-abre-a-conta-atras-da-semana-santa-2023\/"},"modified":"2023-03-18T13:22:23","modified_gmt":"2023-03-18T13:22:23","slug":"a-presentacion-do-procesionario-e-a-revista-ecce-homo-abre-a-conta-atras-da-semana-santa-2023","status":"publish","type":"post","link":"https:\/\/semanasantaferrol.com\/gl\/a-presentacion-do-procesionario-e-a-revista-ecce-homo-abre-a-conta-atras-da-semana-santa-2023\/","title":{"rendered":"A presentaci\u00f3n do procesionario e a revista Ecce Homo abre a conta atr\u00e1s da Semana Santa 2023"},"content":{"rendered":"<p>M\u00e1is dun centenar de persoas acudiron na ma\u00f1\u00e1 de hoxe \u00e1 presentaci\u00f3n da revista Ecce Homo e do procesionario da Semana Santa de Ferrol 2023 (que se desenvolver\u00e1 do 2 ao 9 de abril), un acto que marca simbolicamente o inicio da conta atr\u00e1s cara a un novo Domingo de Ramos. O presidente da entidade subli\u00f1ou o desexo de \u201cque se cumpra todo\u201d o procesionario, en alusi\u00f3n ao condicionante sempre presente da choiva, e salientou a intenci\u00f3n da revista de ser \u201cun veh\u00edculo para co\u00f1ecer mellor a historia da nosa Paix\u00f3n, testemu\u00f1o do seu s\u00f3lido presente e est\u00edmulo para o seu prometedor futuro\u201d.<\/p>\n<p>Na s\u00faa intervenci\u00f3n, o presidente da Xunta de Confrar\u00edas e Irmandades, C\u00e9sar Carre\u00f1o, agradeceu o apoio da Deputaci\u00f3n da Coru\u00f1a para a impresi\u00f3n destes materiais promocionais, as\u00ed como todas as colaboraci\u00f3ns desta nova edici\u00f3n de Ecce Homo. Expresou tam\u00e9n Carre\u00f1o o respaldo da Xunta de Confrad\u00edas \u00e1s rondallas e \u00e1 Festa das Pepitas no seu empe\u00f1o por ser declarada de Interese Tur\u00edstico Nacional.<\/p>\n<p>Jos\u00e9 Ram\u00f3n Cancelo Vigo, irm\u00e1n maior da Confrar\u00eda das Angustias, escribe na revista sobre a coroaci\u00f3n can\u00f3nica das Angustias abundando na devoci\u00f3n que esperta esta imaxe; o investigador Fernando Dopico aborda as antigas capelas da Merc\u00e9 en Ferrol; Mari\u00f1a Loureiro asina un artigo sobre o Cristo da Boa Morte e o seu v\u00ednculo co barrio de Ferrol Vello; o director da Unidade de M\u00fasica do Terzo Norte, Lu\u00eds Garc\u00eda Cortizas, fai un percorrido pola achega da m\u00fasica militar ao mundo confrade da nosa cidade; Luc\u00eda Brage lembra os actos lit\u00farxicos e as procesi\u00f3ns que se organizaron en 1855 en Ferrol para agradecer o fin do c\u00f3lera; o arquitecto municipal Felipe Cotovad debuxa noutro artigo os elementos m\u00e1is importantes do barrio portuario na \u00e9poca medieval; Pepe Perales viaxa \u00e1 orixe do Cami\u00f1o Ingl\u00e9s e \u00e1 pegada franciscana no seu trazado e Titi Perales fala, noutra colaboraci\u00f3n, sobre o valor da Semana Santa como patrimonio inmaterial.<\/p>\n<p>Ante a imposibilidade de dar a palabra a todos os autores que asinan contidos na revista, a Xunta de Confrar\u00edas convidou este ano a Fernando Dopico a resumir a s\u00faa achega. Tomou a palabra o investigador para falar sobre as primitivas capelas particulares da Sant\u00edsima Trindade, que estivo na antiga igrexa parroquial de San Juli\u00e1n, e a da Merc\u00e9 que co mesmo patronazgo, o da familia dos Mandi\u00e1, existiu no desaparecido pazo de Ferrol Vello.<\/p>\n<p>O condutor do acto e vicepresidente da Xunta de Confrar\u00edas, Fernando Iguacel, deu a palabra a continuaci\u00f3n a Ana Fern\u00e1ndez, da galer\u00eda Sargadelos de Ferrol, que presentou brevemente unha nova peza creada por esta cer\u00e1mica e dedicada \u00e1 Semana Santa da nosa cidade. Despois do capuch\u00f3n que se presentou hai uns anos, neste caso tr\u00e1tase dun vaso co debuxo dunha figura similar pintada a man e coa tradicional cor azul desta cer\u00e1mica.<\/p>\n<p>Interveu despois Martina Aneiros, delegada territorial da Xunta en Ferrol, quen destacou o \u201ctraballo colectivo\u201d que hai detr\u00e1s da Semana Santa de Ferrol, \u201co noso evento por antonomasia\u201d. A responsable destacou o impacto econ\u00f3mico da Paix\u00f3n ferrol\u00e1 e avogou unha vez m\u00e1is pola colaboraci\u00f3n entre administraci\u00f3ns para impulsala e fortalecela, \u00e1 vez que expresou o compromiso da Xunta de Galicia con Ferrol e coa s\u00faa Semana Santa.<\/p>\n<p>Por \u00faltimo, o concelleiro de Seguridade e Tr\u00e1fico Germ\u00e1n Costoya tomou a palabra, en representaci\u00f3n do Concello, para destacar que \u201csodes un exemplo do que son capaces os veci\u00f1os e veci\u00f1as de Ferrol cando queren sacar algo adiante\u201d. O edil indicou que, posto que a Semana Santa de Ferrol xa est\u00e1 considerada de Interese Tur\u00edstico Internacional desde o ano 2014, na s\u00faa opini\u00f3n o pr\u00f3ximo reto ha de ser conseguir \u201cser declarada de interese inmemorial\u201d.<\/p>\n<p>Cun sa\u00fado especial ao escritor Ram\u00f3n Loureiro, que o pr\u00f3ximo d\u00eda 25 ler\u00e1 o preg\u00f3n da Semana Santa no Jofre, as\u00ed como a Meca Arcos, F\u00e9lix Sande e a familia de Mario Villaamil, que tam\u00e9n estiveron presentes no acto de hoxe e que o pr\u00f3ximo d\u00eda 25 recibir\u00e1n a Medalla de Ouro da Xunta de Confrar\u00edas en reco\u00f1ecemento ao seu traballo \u00e1 fronte da anterior Coordinadora, da que se cumpren 30 anos, terminou o acto.<\/p>\n<p>Todos os presentes recibiron un exemplar de Ecce Homo e un procesionario. Public\u00e1ronse, na Imprenta da Deputaci\u00f3n da Coru\u00f1a, 5.000 exemplares da revista e 17.000 procesionario, que a partir do luns comezar\u00e1n a repartirse de balde a trav\u00e9s das oficinas de turismo, hoteis, Concello e establecementos colaboradores da Semana Santa de Ferrol.<\/p>\n<p>O acto foi retransmitido en directo a trav\u00e9s da canle de Youtube da Xunta de Confrar\u00edas, onde permanece colgado: <a href=\"https:\/\/www.youtube.com\/@juntadecofradiassemanasant452\">https:\/\/www.youtube.com\/@juntadecofradiassemanasant452<\/a><\/p>\n<p>&nbsp;<\/p>\n<p><img fetchpriority=\"high\" decoding=\"async\" class=\"alignnone wp-image-5752\" src=\"https:\/\/semanasantaferrol.com\/wp-content\/uploads\/2023\/03\/procesionario2023-web-1-1_page-0001-231x225.jpg\" alt=\"\" width=\"300\" height=\"292\" srcset=\"https:\/\/semanasantaferrol.com\/wp-content\/uploads\/2023\/03\/procesionario2023-web-1-1_page-0001-231x225.jpg 231w, https:\/\/semanasantaferrol.com\/wp-content\/uploads\/2023\/03\/procesionario2023-web-1-1_page-0001-768x749.jpg 768w, https:\/\/semanasantaferrol.com\/wp-content\/uploads\/2023\/03\/procesionario2023-web-1-1_page-0001.jpg 908w\" sizes=\"(max-width: 300px) 100vw, 300px\" \/><\/p>\n<p><a href=\"https:\/\/semanasantaferrol.com\/wp-content\/uploads\/2023\/03\/procesionario2023-web.pdf\">DESCARGA PROCESIONARIO <\/a><\/p>\n","protected":false},"excerpt":{"rendered":"<p>M\u00e1is dun centenar de persoas acudiron na ma\u00f1\u00e1 de hoxe \u00e1 presentaci\u00f3n da revista Ecce Homo e do procesionario da Semana Santa de Ferrol 2023 (que se desenvolver\u00e1 do 2 ao 9 de abril), un acto que marca simbolicamente o inicio da conta atr\u00e1s cara a un novo Domingo de Ramos. O presidente da entidade [&hellip;]<\/p>\n","protected":false},"author":3,"featured_media":5755,"comment_status":"open","ping_status":"open","sticky":false,"template":"","format":"standard","meta":{"footnotes":""},"categories":[25,39],"tags":[],"class_list":["post-5757","post","type-post","status-publish","format-standard","has-post-thumbnail","hentry","category-sin-categorizar-gl","category-xunta"],"yoast_head":"<!-- This site is optimized with the Yoast SEO plugin v27.5 - https:\/\/yoast.com\/product\/yoast-seo-wordpress\/ -->\n<title>A presentaci\u00f3n do procesionario e a revista Ecce Homo abre a conta atr\u00e1s da Semana Santa 2023 - Junta General de Cofrad\u00edas y Hermandades<\/title>\n<meta name=\"robots\" content=\"index, follow, max-snippet:-1, max-image-preview:large, max-video-preview:-1\" \/>\n<link rel=\"canonical\" href=\"https:\/\/semanasantaferrol.com\/gl\/a-presentacion-do-procesionario-e-a-revista-ecce-homo-abre-a-conta-atras-da-semana-santa-2023\/\" \/>\n<meta property=\"og:locale\" content=\"gl_ES\" \/>\n<meta property=\"og:type\" content=\"article\" \/>\n<meta property=\"og:title\" content=\"A presentaci\u00f3n do procesionario e a revista Ecce Homo abre a conta atr\u00e1s da Semana Santa 2023 - Junta General de Cofrad\u00edas y Hermandades\" \/>\n<meta property=\"og:description\" content=\"M\u00e1is dun centenar de persoas acudiron na ma\u00f1\u00e1 de hoxe \u00e1 presentaci\u00f3n da revista Ecce Homo e do procesionario da Semana Santa de Ferrol 2023 (que se desenvolver\u00e1 do 2 ao 9 de abril), un acto que marca simbolicamente o inicio da conta atr\u00e1s cara a un novo Domingo de Ramos. O presidente da entidade [&hellip;]\" \/>\n<meta property=\"og:url\" content=\"https:\/\/semanasantaferrol.com\/gl\/a-presentacion-do-procesionario-e-a-revista-ecce-homo-abre-a-conta-atras-da-semana-santa-2023\/\" \/>\n<meta property=\"og:site_name\" content=\"Junta General de Cofrad\u00edas y Hermandades\" \/>\n<meta property=\"article:publisher\" content=\"https:\/\/www.facebook.com\/Juntageneraldecofradias\/\" \/>\n<meta property=\"article:published_time\" content=\"2023-03-18T13:22:23+00:00\" \/>\n<meta property=\"og:image\" content=\"https:\/\/semanasantaferrol.com\/wp-content\/uploads\/2023\/03\/fotoEcceHomo1-scaled.jpg\" \/>\n\t<meta property=\"og:image:width\" content=\"2560\" \/>\n\t<meta property=\"og:image:height\" content=\"1920\" \/>\n\t<meta property=\"og:image:type\" content=\"image\/jpeg\" \/>\n<meta name=\"author\" content=\"pingota\" \/>\n<meta name=\"twitter:card\" content=\"summary_large_image\" \/>\n<meta name=\"twitter:label1\" content=\"Escrito por\" \/>\n\t<meta name=\"twitter:data1\" content=\"pingota\" \/>\n\t<meta name=\"twitter:label2\" content=\"Tempo de lectura\" \/>\n\t<meta name=\"twitter:data2\" content=\"4 minutos\" \/>\n<script type=\"application\/ld+json\" class=\"yoast-schema-graph\">{\"@context\":\"https:\\\/\\\/schema.org\",\"@graph\":[{\"@type\":\"Article\",\"@id\":\"https:\\\/\\\/semanasantaferrol.com\\\/gl\\\/a-presentacion-do-procesionario-e-a-revista-ecce-homo-abre-a-conta-atras-da-semana-santa-2023\\\/#article\",\"isPartOf\":{\"@id\":\"https:\\\/\\\/semanasantaferrol.com\\\/gl\\\/a-presentacion-do-procesionario-e-a-revista-ecce-homo-abre-a-conta-atras-da-semana-santa-2023\\\/\"},\"author\":{\"name\":\"pingota\",\"@id\":\"https:\\\/\\\/semanasantaferrol.com\\\/gl\\\/#\\\/schema\\\/person\\\/cdd132690f08f75a35f05e2423e6307c\"},\"headline\":\"A presentaci\u00f3n do procesionario e a revista Ecce Homo abre a conta atr\u00e1s da Semana Santa 2023\",\"datePublished\":\"2023-03-18T13:22:23+00:00\",\"mainEntityOfPage\":{\"@id\":\"https:\\\/\\\/semanasantaferrol.com\\\/gl\\\/a-presentacion-do-procesionario-e-a-revista-ecce-homo-abre-a-conta-atras-da-semana-santa-2023\\\/\"},\"wordCount\":858,\"commentCount\":0,\"publisher\":{\"@id\":\"https:\\\/\\\/semanasantaferrol.com\\\/gl\\\/#organization\"},\"image\":{\"@id\":\"https:\\\/\\\/semanasantaferrol.com\\\/gl\\\/a-presentacion-do-procesionario-e-a-revista-ecce-homo-abre-a-conta-atras-da-semana-santa-2023\\\/#primaryimage\"},\"thumbnailUrl\":\"https:\\\/\\\/semanasantaferrol.com\\\/wp-content\\\/uploads\\\/2023\\\/03\\\/fotoEcceHomo1-scaled.jpg\",\"articleSection\":[\"Sin categorizar\",\"Xunta\"],\"inLanguage\":\"gl-ES\",\"potentialAction\":[{\"@type\":\"CommentAction\",\"name\":\"Comment\",\"target\":[\"https:\\\/\\\/semanasantaferrol.com\\\/gl\\\/a-presentacion-do-procesionario-e-a-revista-ecce-homo-abre-a-conta-atras-da-semana-santa-2023\\\/#respond\"]}]},{\"@type\":\"WebPage\",\"@id\":\"https:\\\/\\\/semanasantaferrol.com\\\/gl\\\/a-presentacion-do-procesionario-e-a-revista-ecce-homo-abre-a-conta-atras-da-semana-santa-2023\\\/\",\"url\":\"https:\\\/\\\/semanasantaferrol.com\\\/gl\\\/a-presentacion-do-procesionario-e-a-revista-ecce-homo-abre-a-conta-atras-da-semana-santa-2023\\\/\",\"name\":\"A presentaci\u00f3n do procesionario e a revista Ecce Homo abre a conta atr\u00e1s da Semana Santa 2023 - Junta General de Cofrad\u00edas y Hermandades\",\"isPartOf\":{\"@id\":\"https:\\\/\\\/semanasantaferrol.com\\\/gl\\\/#website\"},\"primaryImageOfPage\":{\"@id\":\"https:\\\/\\\/semanasantaferrol.com\\\/gl\\\/a-presentacion-do-procesionario-e-a-revista-ecce-homo-abre-a-conta-atras-da-semana-santa-2023\\\/#primaryimage\"},\"image\":{\"@id\":\"https:\\\/\\\/semanasantaferrol.com\\\/gl\\\/a-presentacion-do-procesionario-e-a-revista-ecce-homo-abre-a-conta-atras-da-semana-santa-2023\\\/#primaryimage\"},\"thumbnailUrl\":\"https:\\\/\\\/semanasantaferrol.com\\\/wp-content\\\/uploads\\\/2023\\\/03\\\/fotoEcceHomo1-scaled.jpg\",\"datePublished\":\"2023-03-18T13:22:23+00:00\",\"breadcrumb\":{\"@id\":\"https:\\\/\\\/semanasantaferrol.com\\\/gl\\\/a-presentacion-do-procesionario-e-a-revista-ecce-homo-abre-a-conta-atras-da-semana-santa-2023\\\/#breadcrumb\"},\"inLanguage\":\"gl-ES\",\"potentialAction\":[{\"@type\":\"ReadAction\",\"target\":[\"https:\\\/\\\/semanasantaferrol.com\\\/gl\\\/a-presentacion-do-procesionario-e-a-revista-ecce-homo-abre-a-conta-atras-da-semana-santa-2023\\\/\"]}]},{\"@type\":\"ImageObject\",\"inLanguage\":\"gl-ES\",\"@id\":\"https:\\\/\\\/semanasantaferrol.com\\\/gl\\\/a-presentacion-do-procesionario-e-a-revista-ecce-homo-abre-a-conta-atras-da-semana-santa-2023\\\/#primaryimage\",\"url\":\"https:\\\/\\\/semanasantaferrol.com\\\/wp-content\\\/uploads\\\/2023\\\/03\\\/fotoEcceHomo1-scaled.jpg\",\"contentUrl\":\"https:\\\/\\\/semanasantaferrol.com\\\/wp-content\\\/uploads\\\/2023\\\/03\\\/fotoEcceHomo1-scaled.jpg\",\"width\":2560,\"height\":1920},{\"@type\":\"BreadcrumbList\",\"@id\":\"https:\\\/\\\/semanasantaferrol.com\\\/gl\\\/a-presentacion-do-procesionario-e-a-revista-ecce-homo-abre-a-conta-atras-da-semana-santa-2023\\\/#breadcrumb\",\"itemListElement\":[{\"@type\":\"ListItem\",\"position\":1,\"name\":\"Portada\",\"item\":\"https:\\\/\\\/semanasantaferrol.com\\\/gl\\\/\"},{\"@type\":\"ListItem\",\"position\":2,\"name\":\"A presentaci\u00f3n do procesionario e a revista Ecce Homo abre a conta atr\u00e1s da Semana Santa 2023\"}]},{\"@type\":\"WebSite\",\"@id\":\"https:\\\/\\\/semanasantaferrol.com\\\/gl\\\/#website\",\"url\":\"https:\\\/\\\/semanasantaferrol.com\\\/gl\\\/\",\"name\":\"Junta General de Cofrad\u00edas y Hermandades\",\"description\":\"Semana Santa de Ferrol\",\"publisher\":{\"@id\":\"https:\\\/\\\/semanasantaferrol.com\\\/gl\\\/#organization\"},\"alternateName\":\"Semana Santa de Ferrol\",\"potentialAction\":[{\"@type\":\"SearchAction\",\"target\":{\"@type\":\"EntryPoint\",\"urlTemplate\":\"https:\\\/\\\/semanasantaferrol.com\\\/gl\\\/?s={search_term_string}\"},\"query-input\":{\"@type\":\"PropertyValueSpecification\",\"valueRequired\":true,\"valueName\":\"search_term_string\"}}],\"inLanguage\":\"gl-ES\"},{\"@type\":\"Organization\",\"@id\":\"https:\\\/\\\/semanasantaferrol.com\\\/gl\\\/#organization\",\"name\":\"Junta General de Cofrad\u00edas y Hermandades de la Semana Santa de Ferrol\",\"alternateName\":\"Junta de Cofrad\u00edas de la Semana Santa de Ferrol\",\"url\":\"https:\\\/\\\/semanasantaferrol.com\\\/gl\\\/\",\"logo\":{\"@type\":\"ImageObject\",\"inLanguage\":\"gl-ES\",\"@id\":\"https:\\\/\\\/semanasantaferrol.com\\\/gl\\\/#\\\/schema\\\/logo\\\/image\\\/\",\"url\":\"https:\\\/\\\/semanasantaferrol.com\\\/wp-content\\\/uploads\\\/2022\\\/10\\\/junta_general_logo.svg\",\"contentUrl\":\"https:\\\/\\\/semanasantaferrol.com\\\/wp-content\\\/uploads\\\/2022\\\/10\\\/junta_general_logo.svg\",\"width\":600,\"height\":790,\"caption\":\"Junta General de Cofrad\u00edas y Hermandades de la Semana Santa de Ferrol\"},\"image\":{\"@id\":\"https:\\\/\\\/semanasantaferrol.com\\\/gl\\\/#\\\/schema\\\/logo\\\/image\\\/\"},\"sameAs\":[\"https:\\\/\\\/www.facebook.com\\\/Juntageneraldecofradias\\\/\",\"https:\\\/\\\/www.instagram.com\\\/juntageneralcofradiasferrol\\\/\",\"https:\\\/\\\/www.youtube.com\\\/@semanasantadeferrol1616\",\"https:\\\/\\\/www.tiktok.com\\\/@semanasantadeferrol\"]},{\"@type\":\"Person\",\"@id\":\"https:\\\/\\\/semanasantaferrol.com\\\/gl\\\/#\\\/schema\\\/person\\\/cdd132690f08f75a35f05e2423e6307c\",\"name\":\"pingota\",\"image\":{\"@type\":\"ImageObject\",\"inLanguage\":\"gl-ES\",\"@id\":\"https:\\\/\\\/secure.gravatar.com\\\/avatar\\\/b1bb79ecdfb8d6f4c44a82262f8b422faeb290304fc5c6f8b9b4305bfaa2853c?s=96&d=mm&r=g\",\"url\":\"https:\\\/\\\/secure.gravatar.com\\\/avatar\\\/b1bb79ecdfb8d6f4c44a82262f8b422faeb290304fc5c6f8b9b4305bfaa2853c?s=96&d=mm&r=g\",\"contentUrl\":\"https:\\\/\\\/secure.gravatar.com\\\/avatar\\\/b1bb79ecdfb8d6f4c44a82262f8b422faeb290304fc5c6f8b9b4305bfaa2853c?s=96&d=mm&r=g\",\"caption\":\"pingota\"},\"url\":\"https:\\\/\\\/semanasantaferrol.com\\\/gl\"}]}<\/script>\n<!-- \/ Yoast SEO plugin. -->","yoast_head_json":{"title":"A presentaci\u00f3n do procesionario e a revista Ecce Homo abre a conta atr\u00e1s da Semana Santa 2023 - Junta General de Cofrad\u00edas y Hermandades","robots":{"index":"index","follow":"follow","max-snippet":"max-snippet:-1","max-image-preview":"max-image-preview:large","max-video-preview":"max-video-preview:-1"},"canonical":"https:\/\/semanasantaferrol.com\/gl\/a-presentacion-do-procesionario-e-a-revista-ecce-homo-abre-a-conta-atras-da-semana-santa-2023\/","og_locale":"gl_ES","og_type":"article","og_title":"A presentaci\u00f3n do procesionario e a revista Ecce Homo abre a conta atr\u00e1s da Semana Santa 2023 - Junta General de Cofrad\u00edas y Hermandades","og_description":"M\u00e1is dun centenar de persoas acudiron na ma\u00f1\u00e1 de hoxe \u00e1 presentaci\u00f3n da revista Ecce Homo e do procesionario da Semana Santa de Ferrol 2023 (que se desenvolver\u00e1 do 2 ao 9 de abril), un acto que marca simbolicamente o inicio da conta atr\u00e1s cara a un novo Domingo de Ramos. O presidente da entidade [&hellip;]","og_url":"https:\/\/semanasantaferrol.com\/gl\/a-presentacion-do-procesionario-e-a-revista-ecce-homo-abre-a-conta-atras-da-semana-santa-2023\/","og_site_name":"Junta General de Cofrad\u00edas y Hermandades","article_publisher":"https:\/\/www.facebook.com\/Juntageneraldecofradias\/","article_published_time":"2023-03-18T13:22:23+00:00","og_image":[{"width":2560,"height":1920,"url":"https:\/\/semanasantaferrol.com\/wp-content\/uploads\/2023\/03\/fotoEcceHomo1-scaled.jpg","type":"image\/jpeg"}],"author":"pingota","twitter_card":"summary_large_image","twitter_misc":{"Escrito por":"pingota","Tempo de lectura":"4 minutos"},"schema":{"@context":"https:\/\/schema.org","@graph":[{"@type":"Article","@id":"https:\/\/semanasantaferrol.com\/gl\/a-presentacion-do-procesionario-e-a-revista-ecce-homo-abre-a-conta-atras-da-semana-santa-2023\/#article","isPartOf":{"@id":"https:\/\/semanasantaferrol.com\/gl\/a-presentacion-do-procesionario-e-a-revista-ecce-homo-abre-a-conta-atras-da-semana-santa-2023\/"},"author":{"name":"pingota","@id":"https:\/\/semanasantaferrol.com\/gl\/#\/schema\/person\/cdd132690f08f75a35f05e2423e6307c"},"headline":"A presentaci\u00f3n do procesionario e a revista Ecce Homo abre a conta atr\u00e1s da Semana Santa 2023","datePublished":"2023-03-18T13:22:23+00:00","mainEntityOfPage":{"@id":"https:\/\/semanasantaferrol.com\/gl\/a-presentacion-do-procesionario-e-a-revista-ecce-homo-abre-a-conta-atras-da-semana-santa-2023\/"},"wordCount":858,"commentCount":0,"publisher":{"@id":"https:\/\/semanasantaferrol.com\/gl\/#organization"},"image":{"@id":"https:\/\/semanasantaferrol.com\/gl\/a-presentacion-do-procesionario-e-a-revista-ecce-homo-abre-a-conta-atras-da-semana-santa-2023\/#primaryimage"},"thumbnailUrl":"https:\/\/semanasantaferrol.com\/wp-content\/uploads\/2023\/03\/fotoEcceHomo1-scaled.jpg","articleSection":["Sin categorizar","Xunta"],"inLanguage":"gl-ES","potentialAction":[{"@type":"CommentAction","name":"Comment","target":["https:\/\/semanasantaferrol.com\/gl\/a-presentacion-do-procesionario-e-a-revista-ecce-homo-abre-a-conta-atras-da-semana-santa-2023\/#respond"]}]},{"@type":"WebPage","@id":"https:\/\/semanasantaferrol.com\/gl\/a-presentacion-do-procesionario-e-a-revista-ecce-homo-abre-a-conta-atras-da-semana-santa-2023\/","url":"https:\/\/semanasantaferrol.com\/gl\/a-presentacion-do-procesionario-e-a-revista-ecce-homo-abre-a-conta-atras-da-semana-santa-2023\/","name":"A presentaci\u00f3n do procesionario e a revista Ecce Homo abre a conta atr\u00e1s da Semana Santa 2023 - Junta General de Cofrad\u00edas y Hermandades","isPartOf":{"@id":"https:\/\/semanasantaferrol.com\/gl\/#website"},"primaryImageOfPage":{"@id":"https:\/\/semanasantaferrol.com\/gl\/a-presentacion-do-procesionario-e-a-revista-ecce-homo-abre-a-conta-atras-da-semana-santa-2023\/#primaryimage"},"image":{"@id":"https:\/\/semanasantaferrol.com\/gl\/a-presentacion-do-procesionario-e-a-revista-ecce-homo-abre-a-conta-atras-da-semana-santa-2023\/#primaryimage"},"thumbnailUrl":"https:\/\/semanasantaferrol.com\/wp-content\/uploads\/2023\/03\/fotoEcceHomo1-scaled.jpg","datePublished":"2023-03-18T13:22:23+00:00","breadcrumb":{"@id":"https:\/\/semanasantaferrol.com\/gl\/a-presentacion-do-procesionario-e-a-revista-ecce-homo-abre-a-conta-atras-da-semana-santa-2023\/#breadcrumb"},"inLanguage":"gl-ES","potentialAction":[{"@type":"ReadAction","target":["https:\/\/semanasantaferrol.com\/gl\/a-presentacion-do-procesionario-e-a-revista-ecce-homo-abre-a-conta-atras-da-semana-santa-2023\/"]}]},{"@type":"ImageObject","inLanguage":"gl-ES","@id":"https:\/\/semanasantaferrol.com\/gl\/a-presentacion-do-procesionario-e-a-revista-ecce-homo-abre-a-conta-atras-da-semana-santa-2023\/#primaryimage","url":"https:\/\/semanasantaferrol.com\/wp-content\/uploads\/2023\/03\/fotoEcceHomo1-scaled.jpg","contentUrl":"https:\/\/semanasantaferrol.com\/wp-content\/uploads\/2023\/03\/fotoEcceHomo1-scaled.jpg","width":2560,"height":1920},{"@type":"BreadcrumbList","@id":"https:\/\/semanasantaferrol.com\/gl\/a-presentacion-do-procesionario-e-a-revista-ecce-homo-abre-a-conta-atras-da-semana-santa-2023\/#breadcrumb","itemListElement":[{"@type":"ListItem","position":1,"name":"Portada","item":"https:\/\/semanasantaferrol.com\/gl\/"},{"@type":"ListItem","position":2,"name":"A presentaci\u00f3n do procesionario e a revista Ecce Homo abre a conta atr\u00e1s da Semana Santa 2023"}]},{"@type":"WebSite","@id":"https:\/\/semanasantaferrol.com\/gl\/#website","url":"https:\/\/semanasantaferrol.com\/gl\/","name":"Junta General de Cofrad\u00edas y Hermandades","description":"Semana Santa de Ferrol","publisher":{"@id":"https:\/\/semanasantaferrol.com\/gl\/#organization"},"alternateName":"Semana Santa de Ferrol","potentialAction":[{"@type":"SearchAction","target":{"@type":"EntryPoint","urlTemplate":"https:\/\/semanasantaferrol.com\/gl\/?s={search_term_string}"},"query-input":{"@type":"PropertyValueSpecification","valueRequired":true,"valueName":"search_term_string"}}],"inLanguage":"gl-ES"},{"@type":"Organization","@id":"https:\/\/semanasantaferrol.com\/gl\/#organization","name":"Junta General de Cofrad\u00edas y Hermandades de la Semana Santa de Ferrol","alternateName":"Junta de Cofrad\u00edas de la Semana Santa de Ferrol","url":"https:\/\/semanasantaferrol.com\/gl\/","logo":{"@type":"ImageObject","inLanguage":"gl-ES","@id":"https:\/\/semanasantaferrol.com\/gl\/#\/schema\/logo\/image\/","url":"https:\/\/semanasantaferrol.com\/wp-content\/uploads\/2022\/10\/junta_general_logo.svg","contentUrl":"https:\/\/semanasantaferrol.com\/wp-content\/uploads\/2022\/10\/junta_general_logo.svg","width":600,"height":790,"caption":"Junta General de Cofrad\u00edas y Hermandades de la Semana Santa de Ferrol"},"image":{"@id":"https:\/\/semanasantaferrol.com\/gl\/#\/schema\/logo\/image\/"},"sameAs":["https:\/\/www.facebook.com\/Juntageneraldecofradias\/","https:\/\/www.instagram.com\/juntageneralcofradiasferrol\/","https:\/\/www.youtube.com\/@semanasantadeferrol1616","https:\/\/www.tiktok.com\/@semanasantadeferrol"]},{"@type":"Person","@id":"https:\/\/semanasantaferrol.com\/gl\/#\/schema\/person\/cdd132690f08f75a35f05e2423e6307c","name":"pingota","image":{"@type":"ImageObject","inLanguage":"gl-ES","@id":"https:\/\/secure.gravatar.com\/avatar\/b1bb79ecdfb8d6f4c44a82262f8b422faeb290304fc5c6f8b9b4305bfaa2853c?s=96&d=mm&r=g","url":"https:\/\/secure.gravatar.com\/avatar\/b1bb79ecdfb8d6f4c44a82262f8b422faeb290304fc5c6f8b9b4305bfaa2853c?s=96&d=mm&r=g","contentUrl":"https:\/\/secure.gravatar.com\/avatar\/b1bb79ecdfb8d6f4c44a82262f8b422faeb290304fc5c6f8b9b4305bfaa2853c?s=96&d=mm&r=g","caption":"pingota"},"url":"https:\/\/semanasantaferrol.com\/gl"}]}},"_links":{"self":[{"href":"https:\/\/semanasantaferrol.com\/gl\/wp-json\/wp\/v2\/posts\/5757","targetHints":{"allow":["GET"]}}],"collection":[{"href":"https:\/\/semanasantaferrol.com\/gl\/wp-json\/wp\/v2\/posts"}],"about":[{"href":"https:\/\/semanasantaferrol.com\/gl\/wp-json\/wp\/v2\/types\/post"}],"author":[{"embeddable":true,"href":"https:\/\/semanasantaferrol.com\/gl\/wp-json\/wp\/v2\/users\/3"}],"replies":[{"embeddable":true,"href":"https:\/\/semanasantaferrol.com\/gl\/wp-json\/wp\/v2\/comments?post=5757"}],"version-history":[{"count":0,"href":"https:\/\/semanasantaferrol.com\/gl\/wp-json\/wp\/v2\/posts\/5757\/revisions"}],"wp:featuredmedia":[{"embeddable":true,"href":"https:\/\/semanasantaferrol.com\/gl\/wp-json\/wp\/v2\/media\/5755"}],"wp:attachment":[{"href":"https:\/\/semanasantaferrol.com\/gl\/wp-json\/wp\/v2\/media?parent=5757"}],"wp:term":[{"taxonomy":"category","embeddable":true,"href":"https:\/\/semanasantaferrol.com\/gl\/wp-json\/wp\/v2\/categories?post=5757"},{"taxonomy":"post_tag","embeddable":true,"href":"https:\/\/semanasantaferrol.com\/gl\/wp-json\/wp\/v2\/tags?post=5757"}],"curies":[{"name":"wp","href":"https:\/\/api.w.org\/{rel}","templated":true}]}}