{"id":5645,"date":"2023-03-06T09:51:15","date_gmt":"2023-03-06T09:51:15","guid":{"rendered":"https:\/\/semanasantaferrol.com\/a-xunta-de-confrarias-inicia-a-sua-campana-de-captacion-de-donativos-de-comercio-e-hostaleria\/"},"modified":"2023-03-06T09:51:15","modified_gmt":"2023-03-06T09:51:15","slug":"a-xunta-de-confrarias-inicia-a-sua-campana-de-captacion-de-donativos-de-comercio-e-hostaleria","status":"publish","type":"post","link":"https:\/\/semanasantaferrol.com\/gl\/a-xunta-de-confrarias-inicia-a-sua-campana-de-captacion-de-donativos-de-comercio-e-hostaleria\/","title":{"rendered":"A Xunta de Confrar\u00edas inicia a s\u00faa campa\u00f1a de captaci\u00f3n de donativos de comercio e hostaler\u00eda."},"content":{"rendered":"<p>A Xunta Xeral de Confrar\u00edas e Irmandades da Semana Santa pon en marcha a campa\u00f1a para captar doaz\u00f3ns de establecementos de comercio e hostaler\u00eda. Tr\u00e1tase, lembra a Xunta, dun evento que repercute moi positivamente nos negocios da cidade, polo que son moitos os que contrib\u00faen para apoiar o esforzo que realizan as confrar\u00edas e irmandades.<\/p>\n<p>Despois de dous anos nos que se suspendeu esta iniciativa pola pandemia e tras o pasado 2022, no que se celebraron de novo con enorme \u00e9xito todas as procesi\u00f3ns, a entidade ten preparadas xa os adhesivos que acreditar\u00e1n aos negocios que colaboran economicamente co evento.<\/p>\n<p>Os establecementos recibir\u00e1n estes d\u00edas unha carta da Xunta de Confrar\u00edas na que se indica o nome e o n\u00famero de DNI da persoa que est\u00e1 acreditada para recoller os donativos. Inc\u00eddese nela en que non se entregue di\u00f1eiro a ningunha outra persoa.<\/p>\n<p>Aqueles negocios que non reciban dita carta e que queiran contribu\u00edr coa Semana Santa de Ferrol poden dirixir un mail a <em>semanasantadeferrol@gmail.com<\/em>, para recibir informaci\u00f3n e a visita da persoa acreditada.<\/p>\n<p>A Xunta ir\u00e1 publicando nas s\u00faas redes sociais a relaci\u00f3n dos establecementos colaboradores (non a cantidade que achegan), co fin de agradecerlles o seu apoio.<\/p>\n<p>&nbsp;<\/p>\n","protected":false},"excerpt":{"rendered":"<p>A Xunta Xeral de Confrar\u00edas e Irmandades da Semana Santa pon en marcha a campa\u00f1a para captar doaz\u00f3ns de establecementos de comercio e hostaler\u00eda. Tr\u00e1tase, lembra a Xunta, dun evento que repercute moi positivamente nos negocios da cidade, polo que son moitos os que contrib\u00faen para apoiar o esforzo que realizan as confrar\u00edas e irmandades. [&hellip;]<\/p>\n","protected":false},"author":3,"featured_media":5643,"comment_status":"open","ping_status":"open","sticky":false,"template":"","format":"standard","meta":{"footnotes":""},"categories":[39],"tags":[],"class_list":["post-5645","post","type-post","status-publish","format-standard","has-post-thumbnail","hentry","category-xunta"],"yoast_head":"<!-- This site is optimized with the Yoast SEO plugin v27.5 - https:\/\/yoast.com\/product\/yoast-seo-wordpress\/ -->\n<title>A Xunta de Confrar\u00edas inicia a s\u00faa campa\u00f1a de captaci\u00f3n de donativos de comercio e hostaler\u00eda. - Junta General de Cofrad\u00edas y Hermandades<\/title>\n<meta name=\"robots\" content=\"index, follow, max-snippet:-1, max-image-preview:large, max-video-preview:-1\" \/>\n<link rel=\"canonical\" href=\"https:\/\/semanasantaferrol.com\/gl\/a-xunta-de-confrarias-inicia-a-sua-campana-de-captacion-de-donativos-de-comercio-e-hostaleria\/\" \/>\n<meta property=\"og:locale\" content=\"gl_ES\" \/>\n<meta property=\"og:type\" content=\"article\" \/>\n<meta property=\"og:title\" content=\"A Xunta de Confrar\u00edas inicia a s\u00faa campa\u00f1a de captaci\u00f3n de donativos de comercio e hostaler\u00eda. - Junta General de Cofrad\u00edas y Hermandades\" \/>\n<meta property=\"og:description\" content=\"A Xunta Xeral de Confrar\u00edas e Irmandades da Semana Santa pon en marcha a campa\u00f1a para captar doaz\u00f3ns de establecementos de comercio e hostaler\u00eda. Tr\u00e1tase, lembra a Xunta, dun evento que repercute moi positivamente nos negocios da cidade, polo que son moitos os que contrib\u00faen para apoiar o esforzo que realizan as confrar\u00edas e irmandades. [&hellip;]\" \/>\n<meta property=\"og:url\" content=\"https:\/\/semanasantaferrol.com\/gl\/a-xunta-de-confrarias-inicia-a-sua-campana-de-captacion-de-donativos-de-comercio-e-hostaleria\/\" \/>\n<meta property=\"og:site_name\" content=\"Junta General de Cofrad\u00edas y Hermandades\" \/>\n<meta property=\"article:publisher\" content=\"https:\/\/www.facebook.com\/Juntageneraldecofradias\/\" \/>\n<meta property=\"article:published_time\" content=\"2023-03-06T09:51:15+00:00\" \/>\n<meta property=\"og:image\" content=\"https:\/\/semanasantaferrol.com\/wp-content\/uploads\/2023\/03\/43-1.jpg\" \/>\n\t<meta property=\"og:image:width\" content=\"1024\" \/>\n\t<meta property=\"og:image:height\" content=\"768\" \/>\n\t<meta property=\"og:image:type\" content=\"image\/jpeg\" \/>\n<meta name=\"author\" content=\"pingota\" \/>\n<meta name=\"twitter:card\" content=\"summary_large_image\" \/>\n<meta name=\"twitter:label1\" content=\"Escrito por\" \/>\n\t<meta name=\"twitter:data1\" content=\"pingota\" \/>\n\t<meta name=\"twitter:label2\" content=\"Tempo de lectura\" \/>\n\t<meta name=\"twitter:data2\" content=\"1 minuto\" \/>\n<script type=\"application\/ld+json\" class=\"yoast-schema-graph\">{\"@context\":\"https:\\\/\\\/schema.org\",\"@graph\":[{\"@type\":\"Article\",\"@id\":\"https:\\\/\\\/semanasantaferrol.com\\\/gl\\\/a-xunta-de-confrarias-inicia-a-sua-campana-de-captacion-de-donativos-de-comercio-e-hostaleria\\\/#article\",\"isPartOf\":{\"@id\":\"https:\\\/\\\/semanasantaferrol.com\\\/gl\\\/a-xunta-de-confrarias-inicia-a-sua-campana-de-captacion-de-donativos-de-comercio-e-hostaleria\\\/\"},\"author\":{\"name\":\"pingota\",\"@id\":\"https:\\\/\\\/semanasantaferrol.com\\\/gl\\\/#\\\/schema\\\/person\\\/cdd132690f08f75a35f05e2423e6307c\"},\"headline\":\"A Xunta de Confrar\u00edas inicia a s\u00faa campa\u00f1a de captaci\u00f3n de donativos de comercio e hostaler\u00eda.\",\"datePublished\":\"2023-03-06T09:51:15+00:00\",\"mainEntityOfPage\":{\"@id\":\"https:\\\/\\\/semanasantaferrol.com\\\/gl\\\/a-xunta-de-confrarias-inicia-a-sua-campana-de-captacion-de-donativos-de-comercio-e-hostaleria\\\/\"},\"wordCount\":241,\"commentCount\":0,\"publisher\":{\"@id\":\"https:\\\/\\\/semanasantaferrol.com\\\/gl\\\/#organization\"},\"image\":{\"@id\":\"https:\\\/\\\/semanasantaferrol.com\\\/gl\\\/a-xunta-de-confrarias-inicia-a-sua-campana-de-captacion-de-donativos-de-comercio-e-hostaleria\\\/#primaryimage\"},\"thumbnailUrl\":\"https:\\\/\\\/semanasantaferrol.com\\\/wp-content\\\/uploads\\\/2023\\\/03\\\/43-1.jpg\",\"articleSection\":[\"Xunta\"],\"inLanguage\":\"gl-ES\",\"potentialAction\":[{\"@type\":\"CommentAction\",\"name\":\"Comment\",\"target\":[\"https:\\\/\\\/semanasantaferrol.com\\\/gl\\\/a-xunta-de-confrarias-inicia-a-sua-campana-de-captacion-de-donativos-de-comercio-e-hostaleria\\\/#respond\"]}]},{\"@type\":\"WebPage\",\"@id\":\"https:\\\/\\\/semanasantaferrol.com\\\/gl\\\/a-xunta-de-confrarias-inicia-a-sua-campana-de-captacion-de-donativos-de-comercio-e-hostaleria\\\/\",\"url\":\"https:\\\/\\\/semanasantaferrol.com\\\/gl\\\/a-xunta-de-confrarias-inicia-a-sua-campana-de-captacion-de-donativos-de-comercio-e-hostaleria\\\/\",\"name\":\"A Xunta de Confrar\u00edas inicia a s\u00faa campa\u00f1a de captaci\u00f3n de donativos de comercio e hostaler\u00eda. - Junta General de Cofrad\u00edas y Hermandades\",\"isPartOf\":{\"@id\":\"https:\\\/\\\/semanasantaferrol.com\\\/gl\\\/#website\"},\"primaryImageOfPage\":{\"@id\":\"https:\\\/\\\/semanasantaferrol.com\\\/gl\\\/a-xunta-de-confrarias-inicia-a-sua-campana-de-captacion-de-donativos-de-comercio-e-hostaleria\\\/#primaryimage\"},\"image\":{\"@id\":\"https:\\\/\\\/semanasantaferrol.com\\\/gl\\\/a-xunta-de-confrarias-inicia-a-sua-campana-de-captacion-de-donativos-de-comercio-e-hostaleria\\\/#primaryimage\"},\"thumbnailUrl\":\"https:\\\/\\\/semanasantaferrol.com\\\/wp-content\\\/uploads\\\/2023\\\/03\\\/43-1.jpg\",\"datePublished\":\"2023-03-06T09:51:15+00:00\",\"breadcrumb\":{\"@id\":\"https:\\\/\\\/semanasantaferrol.com\\\/gl\\\/a-xunta-de-confrarias-inicia-a-sua-campana-de-captacion-de-donativos-de-comercio-e-hostaleria\\\/#breadcrumb\"},\"inLanguage\":\"gl-ES\",\"potentialAction\":[{\"@type\":\"ReadAction\",\"target\":[\"https:\\\/\\\/semanasantaferrol.com\\\/gl\\\/a-xunta-de-confrarias-inicia-a-sua-campana-de-captacion-de-donativos-de-comercio-e-hostaleria\\\/\"]}]},{\"@type\":\"ImageObject\",\"inLanguage\":\"gl-ES\",\"@id\":\"https:\\\/\\\/semanasantaferrol.com\\\/gl\\\/a-xunta-de-confrarias-inicia-a-sua-campana-de-captacion-de-donativos-de-comercio-e-hostaleria\\\/#primaryimage\",\"url\":\"https:\\\/\\\/semanasantaferrol.com\\\/wp-content\\\/uploads\\\/2023\\\/03\\\/43-1.jpg\",\"contentUrl\":\"https:\\\/\\\/semanasantaferrol.com\\\/wp-content\\\/uploads\\\/2023\\\/03\\\/43-1.jpg\",\"width\":1024,\"height\":768},{\"@type\":\"BreadcrumbList\",\"@id\":\"https:\\\/\\\/semanasantaferrol.com\\\/gl\\\/a-xunta-de-confrarias-inicia-a-sua-campana-de-captacion-de-donativos-de-comercio-e-hostaleria\\\/#breadcrumb\",\"itemListElement\":[{\"@type\":\"ListItem\",\"position\":1,\"name\":\"Portada\",\"item\":\"https:\\\/\\\/semanasantaferrol.com\\\/gl\\\/\"},{\"@type\":\"ListItem\",\"position\":2,\"name\":\"A Xunta de Confrar\u00edas inicia a s\u00faa campa\u00f1a de captaci\u00f3n de donativos de comercio e hostaler\u00eda.\"}]},{\"@type\":\"WebSite\",\"@id\":\"https:\\\/\\\/semanasantaferrol.com\\\/gl\\\/#website\",\"url\":\"https:\\\/\\\/semanasantaferrol.com\\\/gl\\\/\",\"name\":\"Junta General de Cofrad\u00edas y Hermandades\",\"description\":\"Semana Santa de Ferrol\",\"publisher\":{\"@id\":\"https:\\\/\\\/semanasantaferrol.com\\\/gl\\\/#organization\"},\"alternateName\":\"Semana Santa de Ferrol\",\"potentialAction\":[{\"@type\":\"SearchAction\",\"target\":{\"@type\":\"EntryPoint\",\"urlTemplate\":\"https:\\\/\\\/semanasantaferrol.com\\\/gl\\\/?s={search_term_string}\"},\"query-input\":{\"@type\":\"PropertyValueSpecification\",\"valueRequired\":true,\"valueName\":\"search_term_string\"}}],\"inLanguage\":\"gl-ES\"},{\"@type\":\"Organization\",\"@id\":\"https:\\\/\\\/semanasantaferrol.com\\\/gl\\\/#organization\",\"name\":\"Junta General de Cofrad\u00edas y Hermandades de la Semana Santa de Ferrol\",\"alternateName\":\"Junta de Cofrad\u00edas de la Semana Santa de Ferrol\",\"url\":\"https:\\\/\\\/semanasantaferrol.com\\\/gl\\\/\",\"logo\":{\"@type\":\"ImageObject\",\"inLanguage\":\"gl-ES\",\"@id\":\"https:\\\/\\\/semanasantaferrol.com\\\/gl\\\/#\\\/schema\\\/logo\\\/image\\\/\",\"url\":\"https:\\\/\\\/semanasantaferrol.com\\\/wp-content\\\/uploads\\\/2022\\\/10\\\/junta_general_logo.svg\",\"contentUrl\":\"https:\\\/\\\/semanasantaferrol.com\\\/wp-content\\\/uploads\\\/2022\\\/10\\\/junta_general_logo.svg\",\"width\":600,\"height\":790,\"caption\":\"Junta General de Cofrad\u00edas y Hermandades de la Semana Santa de Ferrol\"},\"image\":{\"@id\":\"https:\\\/\\\/semanasantaferrol.com\\\/gl\\\/#\\\/schema\\\/logo\\\/image\\\/\"},\"sameAs\":[\"https:\\\/\\\/www.facebook.com\\\/Juntageneraldecofradias\\\/\",\"https:\\\/\\\/www.instagram.com\\\/juntageneralcofradiasferrol\\\/\",\"https:\\\/\\\/www.youtube.com\\\/@semanasantadeferrol1616\",\"https:\\\/\\\/www.tiktok.com\\\/@semanasantadeferrol\"]},{\"@type\":\"Person\",\"@id\":\"https:\\\/\\\/semanasantaferrol.com\\\/gl\\\/#\\\/schema\\\/person\\\/cdd132690f08f75a35f05e2423e6307c\",\"name\":\"pingota\",\"image\":{\"@type\":\"ImageObject\",\"inLanguage\":\"gl-ES\",\"@id\":\"https:\\\/\\\/secure.gravatar.com\\\/avatar\\\/b1bb79ecdfb8d6f4c44a82262f8b422faeb290304fc5c6f8b9b4305bfaa2853c?s=96&d=mm&r=g\",\"url\":\"https:\\\/\\\/secure.gravatar.com\\\/avatar\\\/b1bb79ecdfb8d6f4c44a82262f8b422faeb290304fc5c6f8b9b4305bfaa2853c?s=96&d=mm&r=g\",\"contentUrl\":\"https:\\\/\\\/secure.gravatar.com\\\/avatar\\\/b1bb79ecdfb8d6f4c44a82262f8b422faeb290304fc5c6f8b9b4305bfaa2853c?s=96&d=mm&r=g\",\"caption\":\"pingota\"},\"url\":\"https:\\\/\\\/semanasantaferrol.com\\\/gl\"}]}<\/script>\n<!-- \/ Yoast SEO plugin. -->","yoast_head_json":{"title":"A Xunta de Confrar\u00edas inicia a s\u00faa campa\u00f1a de captaci\u00f3n de donativos de comercio e hostaler\u00eda. - Junta General de Cofrad\u00edas y Hermandades","robots":{"index":"index","follow":"follow","max-snippet":"max-snippet:-1","max-image-preview":"max-image-preview:large","max-video-preview":"max-video-preview:-1"},"canonical":"https:\/\/semanasantaferrol.com\/gl\/a-xunta-de-confrarias-inicia-a-sua-campana-de-captacion-de-donativos-de-comercio-e-hostaleria\/","og_locale":"gl_ES","og_type":"article","og_title":"A Xunta de Confrar\u00edas inicia a s\u00faa campa\u00f1a de captaci\u00f3n de donativos de comercio e hostaler\u00eda. - Junta General de Cofrad\u00edas y Hermandades","og_description":"A Xunta Xeral de Confrar\u00edas e Irmandades da Semana Santa pon en marcha a campa\u00f1a para captar doaz\u00f3ns de establecementos de comercio e hostaler\u00eda. Tr\u00e1tase, lembra a Xunta, dun evento que repercute moi positivamente nos negocios da cidade, polo que son moitos os que contrib\u00faen para apoiar o esforzo que realizan as confrar\u00edas e irmandades. [&hellip;]","og_url":"https:\/\/semanasantaferrol.com\/gl\/a-xunta-de-confrarias-inicia-a-sua-campana-de-captacion-de-donativos-de-comercio-e-hostaleria\/","og_site_name":"Junta General de Cofrad\u00edas y Hermandades","article_publisher":"https:\/\/www.facebook.com\/Juntageneraldecofradias\/","article_published_time":"2023-03-06T09:51:15+00:00","og_image":[{"width":1024,"height":768,"url":"https:\/\/semanasantaferrol.com\/wp-content\/uploads\/2023\/03\/43-1.jpg","type":"image\/jpeg"}],"author":"pingota","twitter_card":"summary_large_image","twitter_misc":{"Escrito por":"pingota","Tempo de lectura":"1 minuto"},"schema":{"@context":"https:\/\/schema.org","@graph":[{"@type":"Article","@id":"https:\/\/semanasantaferrol.com\/gl\/a-xunta-de-confrarias-inicia-a-sua-campana-de-captacion-de-donativos-de-comercio-e-hostaleria\/#article","isPartOf":{"@id":"https:\/\/semanasantaferrol.com\/gl\/a-xunta-de-confrarias-inicia-a-sua-campana-de-captacion-de-donativos-de-comercio-e-hostaleria\/"},"author":{"name":"pingota","@id":"https:\/\/semanasantaferrol.com\/gl\/#\/schema\/person\/cdd132690f08f75a35f05e2423e6307c"},"headline":"A Xunta de Confrar\u00edas inicia a s\u00faa campa\u00f1a de captaci\u00f3n de donativos de comercio e hostaler\u00eda.","datePublished":"2023-03-06T09:51:15+00:00","mainEntityOfPage":{"@id":"https:\/\/semanasantaferrol.com\/gl\/a-xunta-de-confrarias-inicia-a-sua-campana-de-captacion-de-donativos-de-comercio-e-hostaleria\/"},"wordCount":241,"commentCount":0,"publisher":{"@id":"https:\/\/semanasantaferrol.com\/gl\/#organization"},"image":{"@id":"https:\/\/semanasantaferrol.com\/gl\/a-xunta-de-confrarias-inicia-a-sua-campana-de-captacion-de-donativos-de-comercio-e-hostaleria\/#primaryimage"},"thumbnailUrl":"https:\/\/semanasantaferrol.com\/wp-content\/uploads\/2023\/03\/43-1.jpg","articleSection":["Xunta"],"inLanguage":"gl-ES","potentialAction":[{"@type":"CommentAction","name":"Comment","target":["https:\/\/semanasantaferrol.com\/gl\/a-xunta-de-confrarias-inicia-a-sua-campana-de-captacion-de-donativos-de-comercio-e-hostaleria\/#respond"]}]},{"@type":"WebPage","@id":"https:\/\/semanasantaferrol.com\/gl\/a-xunta-de-confrarias-inicia-a-sua-campana-de-captacion-de-donativos-de-comercio-e-hostaleria\/","url":"https:\/\/semanasantaferrol.com\/gl\/a-xunta-de-confrarias-inicia-a-sua-campana-de-captacion-de-donativos-de-comercio-e-hostaleria\/","name":"A Xunta de Confrar\u00edas inicia a s\u00faa campa\u00f1a de captaci\u00f3n de donativos de comercio e hostaler\u00eda. - Junta General de Cofrad\u00edas y Hermandades","isPartOf":{"@id":"https:\/\/semanasantaferrol.com\/gl\/#website"},"primaryImageOfPage":{"@id":"https:\/\/semanasantaferrol.com\/gl\/a-xunta-de-confrarias-inicia-a-sua-campana-de-captacion-de-donativos-de-comercio-e-hostaleria\/#primaryimage"},"image":{"@id":"https:\/\/semanasantaferrol.com\/gl\/a-xunta-de-confrarias-inicia-a-sua-campana-de-captacion-de-donativos-de-comercio-e-hostaleria\/#primaryimage"},"thumbnailUrl":"https:\/\/semanasantaferrol.com\/wp-content\/uploads\/2023\/03\/43-1.jpg","datePublished":"2023-03-06T09:51:15+00:00","breadcrumb":{"@id":"https:\/\/semanasantaferrol.com\/gl\/a-xunta-de-confrarias-inicia-a-sua-campana-de-captacion-de-donativos-de-comercio-e-hostaleria\/#breadcrumb"},"inLanguage":"gl-ES","potentialAction":[{"@type":"ReadAction","target":["https:\/\/semanasantaferrol.com\/gl\/a-xunta-de-confrarias-inicia-a-sua-campana-de-captacion-de-donativos-de-comercio-e-hostaleria\/"]}]},{"@type":"ImageObject","inLanguage":"gl-ES","@id":"https:\/\/semanasantaferrol.com\/gl\/a-xunta-de-confrarias-inicia-a-sua-campana-de-captacion-de-donativos-de-comercio-e-hostaleria\/#primaryimage","url":"https:\/\/semanasantaferrol.com\/wp-content\/uploads\/2023\/03\/43-1.jpg","contentUrl":"https:\/\/semanasantaferrol.com\/wp-content\/uploads\/2023\/03\/43-1.jpg","width":1024,"height":768},{"@type":"BreadcrumbList","@id":"https:\/\/semanasantaferrol.com\/gl\/a-xunta-de-confrarias-inicia-a-sua-campana-de-captacion-de-donativos-de-comercio-e-hostaleria\/#breadcrumb","itemListElement":[{"@type":"ListItem","position":1,"name":"Portada","item":"https:\/\/semanasantaferrol.com\/gl\/"},{"@type":"ListItem","position":2,"name":"A Xunta de Confrar\u00edas inicia a s\u00faa campa\u00f1a de captaci\u00f3n de donativos de comercio e hostaler\u00eda."}]},{"@type":"WebSite","@id":"https:\/\/semanasantaferrol.com\/gl\/#website","url":"https:\/\/semanasantaferrol.com\/gl\/","name":"Junta General de Cofrad\u00edas y Hermandades","description":"Semana Santa de Ferrol","publisher":{"@id":"https:\/\/semanasantaferrol.com\/gl\/#organization"},"alternateName":"Semana Santa de Ferrol","potentialAction":[{"@type":"SearchAction","target":{"@type":"EntryPoint","urlTemplate":"https:\/\/semanasantaferrol.com\/gl\/?s={search_term_string}"},"query-input":{"@type":"PropertyValueSpecification","valueRequired":true,"valueName":"search_term_string"}}],"inLanguage":"gl-ES"},{"@type":"Organization","@id":"https:\/\/semanasantaferrol.com\/gl\/#organization","name":"Junta General de Cofrad\u00edas y Hermandades de la Semana Santa de Ferrol","alternateName":"Junta de Cofrad\u00edas de la Semana Santa de Ferrol","url":"https:\/\/semanasantaferrol.com\/gl\/","logo":{"@type":"ImageObject","inLanguage":"gl-ES","@id":"https:\/\/semanasantaferrol.com\/gl\/#\/schema\/logo\/image\/","url":"https:\/\/semanasantaferrol.com\/wp-content\/uploads\/2022\/10\/junta_general_logo.svg","contentUrl":"https:\/\/semanasantaferrol.com\/wp-content\/uploads\/2022\/10\/junta_general_logo.svg","width":600,"height":790,"caption":"Junta General de Cofrad\u00edas y Hermandades de la Semana Santa de Ferrol"},"image":{"@id":"https:\/\/semanasantaferrol.com\/gl\/#\/schema\/logo\/image\/"},"sameAs":["https:\/\/www.facebook.com\/Juntageneraldecofradias\/","https:\/\/www.instagram.com\/juntageneralcofradiasferrol\/","https:\/\/www.youtube.com\/@semanasantadeferrol1616","https:\/\/www.tiktok.com\/@semanasantadeferrol"]},{"@type":"Person","@id":"https:\/\/semanasantaferrol.com\/gl\/#\/schema\/person\/cdd132690f08f75a35f05e2423e6307c","name":"pingota","image":{"@type":"ImageObject","inLanguage":"gl-ES","@id":"https:\/\/secure.gravatar.com\/avatar\/b1bb79ecdfb8d6f4c44a82262f8b422faeb290304fc5c6f8b9b4305bfaa2853c?s=96&d=mm&r=g","url":"https:\/\/secure.gravatar.com\/avatar\/b1bb79ecdfb8d6f4c44a82262f8b422faeb290304fc5c6f8b9b4305bfaa2853c?s=96&d=mm&r=g","contentUrl":"https:\/\/secure.gravatar.com\/avatar\/b1bb79ecdfb8d6f4c44a82262f8b422faeb290304fc5c6f8b9b4305bfaa2853c?s=96&d=mm&r=g","caption":"pingota"},"url":"https:\/\/semanasantaferrol.com\/gl"}]}},"_links":{"self":[{"href":"https:\/\/semanasantaferrol.com\/gl\/wp-json\/wp\/v2\/posts\/5645","targetHints":{"allow":["GET"]}}],"collection":[{"href":"https:\/\/semanasantaferrol.com\/gl\/wp-json\/wp\/v2\/posts"}],"about":[{"href":"https:\/\/semanasantaferrol.com\/gl\/wp-json\/wp\/v2\/types\/post"}],"author":[{"embeddable":true,"href":"https:\/\/semanasantaferrol.com\/gl\/wp-json\/wp\/v2\/users\/3"}],"replies":[{"embeddable":true,"href":"https:\/\/semanasantaferrol.com\/gl\/wp-json\/wp\/v2\/comments?post=5645"}],"version-history":[{"count":0,"href":"https:\/\/semanasantaferrol.com\/gl\/wp-json\/wp\/v2\/posts\/5645\/revisions"}],"wp:featuredmedia":[{"embeddable":true,"href":"https:\/\/semanasantaferrol.com\/gl\/wp-json\/wp\/v2\/media\/5643"}],"wp:attachment":[{"href":"https:\/\/semanasantaferrol.com\/gl\/wp-json\/wp\/v2\/media?parent=5645"}],"wp:term":[{"taxonomy":"category","embeddable":true,"href":"https:\/\/semanasantaferrol.com\/gl\/wp-json\/wp\/v2\/categories?post=5645"},{"taxonomy":"post_tag","embeddable":true,"href":"https:\/\/semanasantaferrol.com\/gl\/wp-json\/wp\/v2\/tags?post=5645"}],"curies":[{"name":"wp","href":"https:\/\/api.w.org\/{rel}","templated":true}]}}