{"id":5550,"date":"2023-02-15T09:38:38","date_gmt":"2023-02-15T09:38:38","guid":{"rendered":"https:\/\/semanasantaferrol.com\/as-confradias-abren-as-suas-portas-a-novas-altas-para-a-vindeira-semana-santa\/"},"modified":"2023-02-15T09:57:08","modified_gmt":"2023-02-15T09:57:08","slug":"as-confradias-abren-as-suas-portas-a-novas-altas-para-a-vindeira-semana-santa","status":"publish","type":"post","link":"https:\/\/semanasantaferrol.com\/gl\/as-confradias-abren-as-suas-portas-a-novas-altas-para-a-vindeira-semana-santa\/","title":{"rendered":"As confrad\u00edas abren as s\u00faas portas a novas altas para a vindeira Semana Santa"},"content":{"rendered":"<p>As cinco confrar\u00edas penitenciais que forman a Semana Santa de Ferrol est\u00e1n xa nestas datas recibindo novas altas, po\u00f1endo ao d\u00eda cotas e arranxando e entregando h\u00e1bitos para as procesi\u00f3ns deste ano, que se suceder\u00e1n entre o 2 e o 9 de abril, do domingo de Ramos ao de Resurrecci\u00f3n. Ofrecemos a continuaci\u00f3n informaci\u00f3n sobre os horarios de atenci\u00f3n das oficinas de cada irmandade e outros datos de interese para quen desexe participar.<\/p>\n<p><strong><a href=\"https:\/\/www.cofradiadelasangustias.com\/\">CONFRAR\u00cdA DAS ANGUSTIAS<\/a><\/strong>: as persoas que queiran darse de alta como confrades poden descargar na web da irmandade o impreso de inscrici\u00f3n e a orde de domiciliaci\u00f3n da cota anual, que \u00e9 de 40\u20ac. O alta d\u00e1 dereito a participar en todas as procesi\u00f3ns penitenciais de Semana Santa, as\u00ed como no V\u00eda Crucis que organiza a Xunta de Confrar\u00edas e nas procesi\u00f3ns da patroa e do Corpus. A irmandade presta todo o necesario: un h\u00e1bito, dous capuces, un c\u00edngulo, un par de hebillas, unha capa e un hachote. Link con m\u00e1is informaci\u00f3n e descarga dos impresos: <a href=\"https:\/\/www.cofradiadelasangustias.com\/altasnuevos\/\">https:\/\/www.cofradiadelasangustias.com\/altasnuevos\/<\/a> <\/p>\n<p>O local das Angustias, situado no lateral do santuario, abre os martes e xoves, de 18.30 a 20.30h.<\/p>\n<p>Desde a Confrar\u00eda das Angustias lembran, ademais, que os confrades de entre 4 e 30 anos poden solicitar pertencer ao Grupo Novo de forma totalmente gratu\u00edta e participar nas s\u00faas actividades, entre as que est\u00e1n a organizaci\u00f3n do Bel\u00e9n do Nadal e outras que se van anunciando puntualmente.<\/p>\n<p><strong><a href=\"https:\/\/cofradiadelamerced.org\/\">CONFRAR\u00cdA DA MERC\u00c9<\/a><\/strong>: o local da irmandade, situado no baixo da r\u00faa Mar\u00eda, n\u00famero 179, abre os martes e os xoves de 18.00 a 20.00 horas. Hai que acudir para informarse ou xestionar o alta. Segundo marcan os estatutos, hai monaguillos (de 3 a 9 anos), aspirantes (de 10 a 17 anos) e confrades de n\u00famero (a partir de 18 anos).<\/p>\n<p>A irmandade celebra cada ano a cerimonia do Escudo, na que se presentan os novos monaguillos, as\u00ed como a do Env\u00edo e o Compromiso, para os aspirantes e confrades de n\u00famero respectivamente. Habitualmente a primeira era o S\u00e1bado de Paix\u00f3n e as outras d\u00faas o Martes Santo, pero este ano a confrar\u00eda decidiu celebrar as tres no mesmo acto o S\u00e1bado de Paix\u00f3n, 1 de abril.<\/p>\n<p><strong><a href=\"https:\/\/www.cofradiadedolores.org\/\">CONFRAR\u00cdA DE DORES<\/a><\/strong>: a Confrar\u00eda de Dores tam\u00e9n facilita a trav\u00e9s da s\u00faa p\u00e1xina web a descarga do seu impreso de solicitude. As persoas interesadas poden dirixirse \u00e1 Casa de Irmandade, no n\u00famero 199 da r\u00faa Magdalena, os martes e xoves de 18.30 a 20.00 horas.<\/p>\n<p><strong><a href=\"https:\/\/cofradiasoledadferrol.com\/\">CONFRAR\u00cdA DA SOIDADE<\/a><\/strong>: o local da irmandade, situado no baixo do n\u00famero 13 da r\u00faa Espartero, abre os m\u00e9rcores e venres laborables de 18.00 a 20.30 horas. Os confrades poden ir para cambios de h\u00e1bitos, por cuesti\u00f3n de talla, e as persoas que se incorporen poden pagar os dereitos de procesi\u00f3n (10\u20ac), as\u00ed como retirar o h\u00e1bito e comprar a nova medalla.<\/p>\n<p>No mes de marzo variar\u00e1 o horario de oficina. Durante a primeira quincena abrir\u00e1 os m\u00e9rcores de 18.00 a 20.20 horas. E na segunda quincena de marzo farao todos os d\u00edas de 18.00 a 20.30 horas.<\/p>\n<p><strong><a href=\"https:\/\/santoentierroferrol.org\/\">SANTO ENTERRO<\/a><\/strong>: a irmandade permite o ingreso a partir dos catro anos e \u00e9 necesario presentar uns impresos que se poden descargar na web ou ben recoller no local. \u00c9 habitual que se celebre unha pequena entrevista, para que a entrada non sexa un tr\u00e1mite tan fr\u00edo como a mera entrega duns papeis. O S\u00e1bado de Paix\u00f3n cel\u00e9brase a Cerimonia do Recibimento e X\u00faraa de Regras.<\/p>\n<p>A irmandade modificou hai uns anos os seus estatutos para que os nenos e nenas que entran como monaguillos poidan permanecer na confrar\u00eda ata converterse en numerarios, xa que anteriormente hab\u00eda un baleiro entre os 14 e os 18 anos. Por primeira vez neste 2023 darase a posibilidade de vestir h\u00e1bito con capuz aos mozos e mozas aspirantes de 14 e 15 anos que cumpran unha determinada altura.<\/p>\n<p>O local do Santo Enterro est\u00e1 na s\u00faa sede can\u00f3nica, a concatedral de San Juli\u00e1n, e permanece aberto ao p\u00fablico -pola porta lateral do templo- os venres de 19.00 a 20.30h<\/p>\n<p>&nbsp;<\/p>\n","protected":false},"excerpt":{"rendered":"<p>As cinco confrar\u00edas penitenciais que forman a Semana Santa de Ferrol est\u00e1n xa nestas datas recibindo novas altas, po\u00f1endo ao d\u00eda cotas e arranxando e entregando h\u00e1bitos para as procesi\u00f3ns deste ano, que se suceder\u00e1n entre o 2 e o 9 de abril, do domingo de Ramos ao de Resurrecci\u00f3n. Ofrecemos a continuaci\u00f3n informaci\u00f3n sobre [&hellip;]<\/p>\n","protected":false},"author":3,"featured_media":5548,"comment_status":"open","ping_status":"open","sticky":false,"template":"","format":"standard","meta":{"footnotes":""},"categories":[35],"tags":[],"class_list":["post-5550","post","type-post","status-publish","format-standard","has-post-thumbnail","hentry","category-confrarias"],"yoast_head":"<!-- This site is optimized with the Yoast SEO plugin v27.5 - https:\/\/yoast.com\/product\/yoast-seo-wordpress\/ -->\n<title>As confrad\u00edas abren as s\u00faas portas a novas altas para a vindeira Semana Santa - Junta General de Cofrad\u00edas y Hermandades<\/title>\n<meta name=\"description\" content=\"Informaci\u00f3n das confrar\u00edas da Semana Santa de Ferrol para as persoas que queiran darse de alta e participar nas procesi\u00f3ns.\" \/>\n<meta name=\"robots\" content=\"index, follow, max-snippet:-1, max-image-preview:large, max-video-preview:-1\" \/>\n<link rel=\"canonical\" href=\"https:\/\/semanasantaferrol.com\/gl\/as-confradias-abren-as-suas-portas-a-novas-altas-para-a-vindeira-semana-santa\/\" \/>\n<meta property=\"og:locale\" content=\"gl_ES\" \/>\n<meta property=\"og:type\" content=\"article\" \/>\n<meta property=\"og:title\" content=\"As confrad\u00edas abren as s\u00faas portas a novas altas para a vindeira Semana Santa - Junta General de Cofrad\u00edas y Hermandades\" \/>\n<meta property=\"og:description\" content=\"Informaci\u00f3n das confrar\u00edas da Semana Santa de Ferrol para as persoas que queiran darse de alta e participar nas procesi\u00f3ns.\" \/>\n<meta property=\"og:url\" content=\"https:\/\/semanasantaferrol.com\/gl\/as-confradias-abren-as-suas-portas-a-novas-altas-para-a-vindeira-semana-santa\/\" \/>\n<meta property=\"og:site_name\" content=\"Junta General de Cofrad\u00edas y Hermandades\" \/>\n<meta property=\"article:publisher\" content=\"https:\/\/www.facebook.com\/Juntageneraldecofradias\/\" \/>\n<meta property=\"article:published_time\" content=\"2023-02-15T09:38:38+00:00\" \/>\n<meta property=\"article:modified_time\" content=\"2023-02-15T09:57:08+00:00\" \/>\n<meta property=\"og:image\" content=\"https:\/\/semanasantaferrol.com\/wp-content\/uploads\/2023\/02\/fotopost.jpg\" \/>\n\t<meta property=\"og:image:width\" content=\"1333\" \/>\n\t<meta property=\"og:image:height\" content=\"1000\" \/>\n\t<meta property=\"og:image:type\" content=\"image\/jpeg\" \/>\n<meta name=\"author\" content=\"pingota\" \/>\n<meta name=\"twitter:card\" content=\"summary_large_image\" \/>\n<meta name=\"twitter:label1\" content=\"Escrito por\" \/>\n\t<meta name=\"twitter:data1\" content=\"pingota\" \/>\n\t<meta name=\"twitter:label2\" content=\"Tempo de lectura\" \/>\n\t<meta name=\"twitter:data2\" content=\"4 minutos\" \/>\n<script type=\"application\/ld+json\" class=\"yoast-schema-graph\">{\"@context\":\"https:\\\/\\\/schema.org\",\"@graph\":[{\"@type\":\"Article\",\"@id\":\"https:\\\/\\\/semanasantaferrol.com\\\/gl\\\/as-confradias-abren-as-suas-portas-a-novas-altas-para-a-vindeira-semana-santa\\\/#article\",\"isPartOf\":{\"@id\":\"https:\\\/\\\/semanasantaferrol.com\\\/gl\\\/as-confradias-abren-as-suas-portas-a-novas-altas-para-a-vindeira-semana-santa\\\/\"},\"author\":{\"name\":\"pingota\",\"@id\":\"https:\\\/\\\/semanasantaferrol.com\\\/gl\\\/#\\\/schema\\\/person\\\/cdd132690f08f75a35f05e2423e6307c\"},\"headline\":\"As confrad\u00edas abren as s\u00faas portas a novas altas para a vindeira Semana Santa\",\"datePublished\":\"2023-02-15T09:38:38+00:00\",\"dateModified\":\"2023-02-15T09:57:08+00:00\",\"mainEntityOfPage\":{\"@id\":\"https:\\\/\\\/semanasantaferrol.com\\\/gl\\\/as-confradias-abren-as-suas-portas-a-novas-altas-para-a-vindeira-semana-santa\\\/\"},\"wordCount\":729,\"commentCount\":0,\"publisher\":{\"@id\":\"https:\\\/\\\/semanasantaferrol.com\\\/gl\\\/#organization\"},\"image\":{\"@id\":\"https:\\\/\\\/semanasantaferrol.com\\\/gl\\\/as-confradias-abren-as-suas-portas-a-novas-altas-para-a-vindeira-semana-santa\\\/#primaryimage\"},\"thumbnailUrl\":\"https:\\\/\\\/semanasantaferrol.com\\\/wp-content\\\/uploads\\\/2023\\\/02\\\/fotopost.jpg\",\"articleSection\":[\"Confrar\u00edas\"],\"inLanguage\":\"gl-ES\",\"potentialAction\":[{\"@type\":\"CommentAction\",\"name\":\"Comment\",\"target\":[\"https:\\\/\\\/semanasantaferrol.com\\\/gl\\\/as-confradias-abren-as-suas-portas-a-novas-altas-para-a-vindeira-semana-santa\\\/#respond\"]}]},{\"@type\":\"WebPage\",\"@id\":\"https:\\\/\\\/semanasantaferrol.com\\\/gl\\\/as-confradias-abren-as-suas-portas-a-novas-altas-para-a-vindeira-semana-santa\\\/\",\"url\":\"https:\\\/\\\/semanasantaferrol.com\\\/gl\\\/as-confradias-abren-as-suas-portas-a-novas-altas-para-a-vindeira-semana-santa\\\/\",\"name\":\"As confrad\u00edas abren as s\u00faas portas a novas altas para a vindeira Semana Santa - Junta General de Cofrad\u00edas y Hermandades\",\"isPartOf\":{\"@id\":\"https:\\\/\\\/semanasantaferrol.com\\\/gl\\\/#website\"},\"primaryImageOfPage\":{\"@id\":\"https:\\\/\\\/semanasantaferrol.com\\\/gl\\\/as-confradias-abren-as-suas-portas-a-novas-altas-para-a-vindeira-semana-santa\\\/#primaryimage\"},\"image\":{\"@id\":\"https:\\\/\\\/semanasantaferrol.com\\\/gl\\\/as-confradias-abren-as-suas-portas-a-novas-altas-para-a-vindeira-semana-santa\\\/#primaryimage\"},\"thumbnailUrl\":\"https:\\\/\\\/semanasantaferrol.com\\\/wp-content\\\/uploads\\\/2023\\\/02\\\/fotopost.jpg\",\"datePublished\":\"2023-02-15T09:38:38+00:00\",\"dateModified\":\"2023-02-15T09:57:08+00:00\",\"description\":\"Informaci\u00f3n das confrar\u00edas da Semana Santa de Ferrol para as persoas que queiran darse de alta e participar nas procesi\u00f3ns.\",\"breadcrumb\":{\"@id\":\"https:\\\/\\\/semanasantaferrol.com\\\/gl\\\/as-confradias-abren-as-suas-portas-a-novas-altas-para-a-vindeira-semana-santa\\\/#breadcrumb\"},\"inLanguage\":\"gl-ES\",\"potentialAction\":[{\"@type\":\"ReadAction\",\"target\":[\"https:\\\/\\\/semanasantaferrol.com\\\/gl\\\/as-confradias-abren-as-suas-portas-a-novas-altas-para-a-vindeira-semana-santa\\\/\"]}]},{\"@type\":\"ImageObject\",\"inLanguage\":\"gl-ES\",\"@id\":\"https:\\\/\\\/semanasantaferrol.com\\\/gl\\\/as-confradias-abren-as-suas-portas-a-novas-altas-para-a-vindeira-semana-santa\\\/#primaryimage\",\"url\":\"https:\\\/\\\/semanasantaferrol.com\\\/wp-content\\\/uploads\\\/2023\\\/02\\\/fotopost.jpg\",\"contentUrl\":\"https:\\\/\\\/semanasantaferrol.com\\\/wp-content\\\/uploads\\\/2023\\\/02\\\/fotopost.jpg\",\"width\":1333,\"height\":1000},{\"@type\":\"BreadcrumbList\",\"@id\":\"https:\\\/\\\/semanasantaferrol.com\\\/gl\\\/as-confradias-abren-as-suas-portas-a-novas-altas-para-a-vindeira-semana-santa\\\/#breadcrumb\",\"itemListElement\":[{\"@type\":\"ListItem\",\"position\":1,\"name\":\"Portada\",\"item\":\"https:\\\/\\\/semanasantaferrol.com\\\/gl\\\/\"},{\"@type\":\"ListItem\",\"position\":2,\"name\":\"As confrad\u00edas abren as s\u00faas portas a novas altas para a vindeira Semana Santa\"}]},{\"@type\":\"WebSite\",\"@id\":\"https:\\\/\\\/semanasantaferrol.com\\\/gl\\\/#website\",\"url\":\"https:\\\/\\\/semanasantaferrol.com\\\/gl\\\/\",\"name\":\"Junta General de Cofrad\u00edas y Hermandades\",\"description\":\"Semana Santa de Ferrol\",\"publisher\":{\"@id\":\"https:\\\/\\\/semanasantaferrol.com\\\/gl\\\/#organization\"},\"alternateName\":\"Semana Santa de Ferrol\",\"potentialAction\":[{\"@type\":\"SearchAction\",\"target\":{\"@type\":\"EntryPoint\",\"urlTemplate\":\"https:\\\/\\\/semanasantaferrol.com\\\/gl\\\/?s={search_term_string}\"},\"query-input\":{\"@type\":\"PropertyValueSpecification\",\"valueRequired\":true,\"valueName\":\"search_term_string\"}}],\"inLanguage\":\"gl-ES\"},{\"@type\":\"Organization\",\"@id\":\"https:\\\/\\\/semanasantaferrol.com\\\/gl\\\/#organization\",\"name\":\"Junta General de Cofrad\u00edas y Hermandades de la Semana Santa de Ferrol\",\"alternateName\":\"Junta de Cofrad\u00edas de la Semana Santa de Ferrol\",\"url\":\"https:\\\/\\\/semanasantaferrol.com\\\/gl\\\/\",\"logo\":{\"@type\":\"ImageObject\",\"inLanguage\":\"gl-ES\",\"@id\":\"https:\\\/\\\/semanasantaferrol.com\\\/gl\\\/#\\\/schema\\\/logo\\\/image\\\/\",\"url\":\"https:\\\/\\\/semanasantaferrol.com\\\/wp-content\\\/uploads\\\/2022\\\/10\\\/junta_general_logo.svg\",\"contentUrl\":\"https:\\\/\\\/semanasantaferrol.com\\\/wp-content\\\/uploads\\\/2022\\\/10\\\/junta_general_logo.svg\",\"width\":600,\"height\":790,\"caption\":\"Junta General de Cofrad\u00edas y Hermandades de la Semana Santa de Ferrol\"},\"image\":{\"@id\":\"https:\\\/\\\/semanasantaferrol.com\\\/gl\\\/#\\\/schema\\\/logo\\\/image\\\/\"},\"sameAs\":[\"https:\\\/\\\/www.facebook.com\\\/Juntageneraldecofradias\\\/\",\"https:\\\/\\\/www.instagram.com\\\/juntageneralcofradiasferrol\\\/\",\"https:\\\/\\\/www.youtube.com\\\/@semanasantadeferrol1616\",\"https:\\\/\\\/www.tiktok.com\\\/@semanasantadeferrol\"]},{\"@type\":\"Person\",\"@id\":\"https:\\\/\\\/semanasantaferrol.com\\\/gl\\\/#\\\/schema\\\/person\\\/cdd132690f08f75a35f05e2423e6307c\",\"name\":\"pingota\",\"image\":{\"@type\":\"ImageObject\",\"inLanguage\":\"gl-ES\",\"@id\":\"https:\\\/\\\/secure.gravatar.com\\\/avatar\\\/b1bb79ecdfb8d6f4c44a82262f8b422faeb290304fc5c6f8b9b4305bfaa2853c?s=96&d=mm&r=g\",\"url\":\"https:\\\/\\\/secure.gravatar.com\\\/avatar\\\/b1bb79ecdfb8d6f4c44a82262f8b422faeb290304fc5c6f8b9b4305bfaa2853c?s=96&d=mm&r=g\",\"contentUrl\":\"https:\\\/\\\/secure.gravatar.com\\\/avatar\\\/b1bb79ecdfb8d6f4c44a82262f8b422faeb290304fc5c6f8b9b4305bfaa2853c?s=96&d=mm&r=g\",\"caption\":\"pingota\"},\"url\":\"https:\\\/\\\/semanasantaferrol.com\\\/gl\"}]}<\/script>\n<!-- \/ Yoast SEO plugin. -->","yoast_head_json":{"title":"As confrad\u00edas abren as s\u00faas portas a novas altas para a vindeira Semana Santa - Junta General de Cofrad\u00edas y Hermandades","description":"Informaci\u00f3n das confrar\u00edas da Semana Santa de Ferrol para as persoas que queiran darse de alta e participar nas procesi\u00f3ns.","robots":{"index":"index","follow":"follow","max-snippet":"max-snippet:-1","max-image-preview":"max-image-preview:large","max-video-preview":"max-video-preview:-1"},"canonical":"https:\/\/semanasantaferrol.com\/gl\/as-confradias-abren-as-suas-portas-a-novas-altas-para-a-vindeira-semana-santa\/","og_locale":"gl_ES","og_type":"article","og_title":"As confrad\u00edas abren as s\u00faas portas a novas altas para a vindeira Semana Santa - Junta General de Cofrad\u00edas y Hermandades","og_description":"Informaci\u00f3n das confrar\u00edas da Semana Santa de Ferrol para as persoas que queiran darse de alta e participar nas procesi\u00f3ns.","og_url":"https:\/\/semanasantaferrol.com\/gl\/as-confradias-abren-as-suas-portas-a-novas-altas-para-a-vindeira-semana-santa\/","og_site_name":"Junta General de Cofrad\u00edas y Hermandades","article_publisher":"https:\/\/www.facebook.com\/Juntageneraldecofradias\/","article_published_time":"2023-02-15T09:38:38+00:00","article_modified_time":"2023-02-15T09:57:08+00:00","og_image":[{"width":1333,"height":1000,"url":"https:\/\/semanasantaferrol.com\/wp-content\/uploads\/2023\/02\/fotopost.jpg","type":"image\/jpeg"}],"author":"pingota","twitter_card":"summary_large_image","twitter_misc":{"Escrito por":"pingota","Tempo de lectura":"4 minutos"},"schema":{"@context":"https:\/\/schema.org","@graph":[{"@type":"Article","@id":"https:\/\/semanasantaferrol.com\/gl\/as-confradias-abren-as-suas-portas-a-novas-altas-para-a-vindeira-semana-santa\/#article","isPartOf":{"@id":"https:\/\/semanasantaferrol.com\/gl\/as-confradias-abren-as-suas-portas-a-novas-altas-para-a-vindeira-semana-santa\/"},"author":{"name":"pingota","@id":"https:\/\/semanasantaferrol.com\/gl\/#\/schema\/person\/cdd132690f08f75a35f05e2423e6307c"},"headline":"As confrad\u00edas abren as s\u00faas portas a novas altas para a vindeira Semana Santa","datePublished":"2023-02-15T09:38:38+00:00","dateModified":"2023-02-15T09:57:08+00:00","mainEntityOfPage":{"@id":"https:\/\/semanasantaferrol.com\/gl\/as-confradias-abren-as-suas-portas-a-novas-altas-para-a-vindeira-semana-santa\/"},"wordCount":729,"commentCount":0,"publisher":{"@id":"https:\/\/semanasantaferrol.com\/gl\/#organization"},"image":{"@id":"https:\/\/semanasantaferrol.com\/gl\/as-confradias-abren-as-suas-portas-a-novas-altas-para-a-vindeira-semana-santa\/#primaryimage"},"thumbnailUrl":"https:\/\/semanasantaferrol.com\/wp-content\/uploads\/2023\/02\/fotopost.jpg","articleSection":["Confrar\u00edas"],"inLanguage":"gl-ES","potentialAction":[{"@type":"CommentAction","name":"Comment","target":["https:\/\/semanasantaferrol.com\/gl\/as-confradias-abren-as-suas-portas-a-novas-altas-para-a-vindeira-semana-santa\/#respond"]}]},{"@type":"WebPage","@id":"https:\/\/semanasantaferrol.com\/gl\/as-confradias-abren-as-suas-portas-a-novas-altas-para-a-vindeira-semana-santa\/","url":"https:\/\/semanasantaferrol.com\/gl\/as-confradias-abren-as-suas-portas-a-novas-altas-para-a-vindeira-semana-santa\/","name":"As confrad\u00edas abren as s\u00faas portas a novas altas para a vindeira Semana Santa - Junta General de Cofrad\u00edas y Hermandades","isPartOf":{"@id":"https:\/\/semanasantaferrol.com\/gl\/#website"},"primaryImageOfPage":{"@id":"https:\/\/semanasantaferrol.com\/gl\/as-confradias-abren-as-suas-portas-a-novas-altas-para-a-vindeira-semana-santa\/#primaryimage"},"image":{"@id":"https:\/\/semanasantaferrol.com\/gl\/as-confradias-abren-as-suas-portas-a-novas-altas-para-a-vindeira-semana-santa\/#primaryimage"},"thumbnailUrl":"https:\/\/semanasantaferrol.com\/wp-content\/uploads\/2023\/02\/fotopost.jpg","datePublished":"2023-02-15T09:38:38+00:00","dateModified":"2023-02-15T09:57:08+00:00","description":"Informaci\u00f3n das confrar\u00edas da Semana Santa de Ferrol para as persoas que queiran darse de alta e participar nas procesi\u00f3ns.","breadcrumb":{"@id":"https:\/\/semanasantaferrol.com\/gl\/as-confradias-abren-as-suas-portas-a-novas-altas-para-a-vindeira-semana-santa\/#breadcrumb"},"inLanguage":"gl-ES","potentialAction":[{"@type":"ReadAction","target":["https:\/\/semanasantaferrol.com\/gl\/as-confradias-abren-as-suas-portas-a-novas-altas-para-a-vindeira-semana-santa\/"]}]},{"@type":"ImageObject","inLanguage":"gl-ES","@id":"https:\/\/semanasantaferrol.com\/gl\/as-confradias-abren-as-suas-portas-a-novas-altas-para-a-vindeira-semana-santa\/#primaryimage","url":"https:\/\/semanasantaferrol.com\/wp-content\/uploads\/2023\/02\/fotopost.jpg","contentUrl":"https:\/\/semanasantaferrol.com\/wp-content\/uploads\/2023\/02\/fotopost.jpg","width":1333,"height":1000},{"@type":"BreadcrumbList","@id":"https:\/\/semanasantaferrol.com\/gl\/as-confradias-abren-as-suas-portas-a-novas-altas-para-a-vindeira-semana-santa\/#breadcrumb","itemListElement":[{"@type":"ListItem","position":1,"name":"Portada","item":"https:\/\/semanasantaferrol.com\/gl\/"},{"@type":"ListItem","position":2,"name":"As confrad\u00edas abren as s\u00faas portas a novas altas para a vindeira Semana Santa"}]},{"@type":"WebSite","@id":"https:\/\/semanasantaferrol.com\/gl\/#website","url":"https:\/\/semanasantaferrol.com\/gl\/","name":"Junta General de Cofrad\u00edas y Hermandades","description":"Semana Santa de Ferrol","publisher":{"@id":"https:\/\/semanasantaferrol.com\/gl\/#organization"},"alternateName":"Semana Santa de Ferrol","potentialAction":[{"@type":"SearchAction","target":{"@type":"EntryPoint","urlTemplate":"https:\/\/semanasantaferrol.com\/gl\/?s={search_term_string}"},"query-input":{"@type":"PropertyValueSpecification","valueRequired":true,"valueName":"search_term_string"}}],"inLanguage":"gl-ES"},{"@type":"Organization","@id":"https:\/\/semanasantaferrol.com\/gl\/#organization","name":"Junta General de Cofrad\u00edas y Hermandades de la Semana Santa de Ferrol","alternateName":"Junta de Cofrad\u00edas de la Semana Santa de Ferrol","url":"https:\/\/semanasantaferrol.com\/gl\/","logo":{"@type":"ImageObject","inLanguage":"gl-ES","@id":"https:\/\/semanasantaferrol.com\/gl\/#\/schema\/logo\/image\/","url":"https:\/\/semanasantaferrol.com\/wp-content\/uploads\/2022\/10\/junta_general_logo.svg","contentUrl":"https:\/\/semanasantaferrol.com\/wp-content\/uploads\/2022\/10\/junta_general_logo.svg","width":600,"height":790,"caption":"Junta General de Cofrad\u00edas y Hermandades de la Semana Santa de Ferrol"},"image":{"@id":"https:\/\/semanasantaferrol.com\/gl\/#\/schema\/logo\/image\/"},"sameAs":["https:\/\/www.facebook.com\/Juntageneraldecofradias\/","https:\/\/www.instagram.com\/juntageneralcofradiasferrol\/","https:\/\/www.youtube.com\/@semanasantadeferrol1616","https:\/\/www.tiktok.com\/@semanasantadeferrol"]},{"@type":"Person","@id":"https:\/\/semanasantaferrol.com\/gl\/#\/schema\/person\/cdd132690f08f75a35f05e2423e6307c","name":"pingota","image":{"@type":"ImageObject","inLanguage":"gl-ES","@id":"https:\/\/secure.gravatar.com\/avatar\/b1bb79ecdfb8d6f4c44a82262f8b422faeb290304fc5c6f8b9b4305bfaa2853c?s=96&d=mm&r=g","url":"https:\/\/secure.gravatar.com\/avatar\/b1bb79ecdfb8d6f4c44a82262f8b422faeb290304fc5c6f8b9b4305bfaa2853c?s=96&d=mm&r=g","contentUrl":"https:\/\/secure.gravatar.com\/avatar\/b1bb79ecdfb8d6f4c44a82262f8b422faeb290304fc5c6f8b9b4305bfaa2853c?s=96&d=mm&r=g","caption":"pingota"},"url":"https:\/\/semanasantaferrol.com\/gl"}]}},"_links":{"self":[{"href":"https:\/\/semanasantaferrol.com\/gl\/wp-json\/wp\/v2\/posts\/5550","targetHints":{"allow":["GET"]}}],"collection":[{"href":"https:\/\/semanasantaferrol.com\/gl\/wp-json\/wp\/v2\/posts"}],"about":[{"href":"https:\/\/semanasantaferrol.com\/gl\/wp-json\/wp\/v2\/types\/post"}],"author":[{"embeddable":true,"href":"https:\/\/semanasantaferrol.com\/gl\/wp-json\/wp\/v2\/users\/3"}],"replies":[{"embeddable":true,"href":"https:\/\/semanasantaferrol.com\/gl\/wp-json\/wp\/v2\/comments?post=5550"}],"version-history":[{"count":1,"href":"https:\/\/semanasantaferrol.com\/gl\/wp-json\/wp\/v2\/posts\/5550\/revisions"}],"predecessor-version":[{"id":5551,"href":"https:\/\/semanasantaferrol.com\/gl\/wp-json\/wp\/v2\/posts\/5550\/revisions\/5551"}],"wp:featuredmedia":[{"embeddable":true,"href":"https:\/\/semanasantaferrol.com\/gl\/wp-json\/wp\/v2\/media\/5548"}],"wp:attachment":[{"href":"https:\/\/semanasantaferrol.com\/gl\/wp-json\/wp\/v2\/media?parent=5550"}],"wp:term":[{"taxonomy":"category","embeddable":true,"href":"https:\/\/semanasantaferrol.com\/gl\/wp-json\/wp\/v2\/categories?post=5550"},{"taxonomy":"post_tag","embeddable":true,"href":"https:\/\/semanasantaferrol.com\/gl\/wp-json\/wp\/v2\/tags?post=5550"}],"curies":[{"name":"wp","href":"https:\/\/api.w.org\/{rel}","templated":true}]}}