{"id":5528,"date":"2023-02-06T10:50:23","date_gmt":"2023-02-06T10:50:23","guid":{"rendered":"https:\/\/semanasantaferrol.com\/a-semana-santa-de-ferrol-podera-seguirse-por-streaming\/"},"modified":"2023-02-06T10:56:47","modified_gmt":"2023-02-06T10:56:47","slug":"a-semana-santa-de-ferrol-podera-seguirse-por-streaming","status":"publish","type":"post","link":"https:\/\/semanasantaferrol.com\/gl\/a-semana-santa-de-ferrol-podera-seguirse-por-streaming\/","title":{"rendered":"A Semana Santa de Ferrol poder\u00e1 seguirse por streaming"},"content":{"rendered":"<p>A Xunta Xeral de Confrar\u00edas e Irmandades da Semana Santa de Ferrol aposta un ano m\u00e1is polas novas tecnolox\u00edas e ofrecer\u00e1 as procesi\u00f3ns por streaming. Nesta ocasi\u00f3n as retransmisi\u00f3ns, que realizar\u00e1 a empresa ferrol\u00e1 Iris Producci\u00f3ns, realizaranse a trav\u00e9s da canle de Youtube, onde xa est\u00e1n colgados tam\u00e9n os v\u00eddeos de anos anteriores.<\/p>\n<p>En anos anteriores as retransmisi\u00f3ns fac\u00edanse desde Facebook, o que dificultaba a visualizaci\u00f3n a persoas que non contaban con perfil na devandita plataforma. Nesta ocasi\u00f3n realizarase a trav\u00e9s de Youtube -para entrar na canle da Xunta podes <a href=\"https:\/\/www.youtube.com\/@juntadecofradiassemanasant452\">picar aqu\u00ed<\/a>&#8211; e compartirase a ligaz\u00f3n tanto a trav\u00e9s da canle de difusi\u00f3n de Whatsapp -no momento no que comece cada desfile, para que os seguidores poidan unirse- como da p\u00e1xina en Facebook.<\/p>\n<p>Tam\u00e9n como en anos anteriores, a Xunta de Confrar\u00edas retransmitir\u00e1 xa os actos previos \u00e1 Semana Santa. As\u00ed, do mesmo xeito que se ofreceu no pasado mes de xaneiro a presentaci\u00f3n do cartel, no mes de marzo ofreceranse en streaming o Certame de Bandas Cidade de Ferrol (11 de marzo), a presentaci\u00f3n da revista Ecce Homo e o procesionario (18 de marzo) e o V\u00eda Crucis (24 de marzo).<\/p>\n<p>Desde o ano 2029 v\u00e9n ofrecendo a retransmisi\u00f3n das procesi\u00f3ns en directo, con gran \u00e9xito. Tanto porque son seguidas por moitas persoas que est\u00e1n f\u00f3ra de Ferrol nas datas da Semana Santa como por outras que, por problemas de enfermidade ou limitaci\u00f3n de mobilidad, non poden achegarse a velas a p\u00e9 de r\u00faa. Durante o pasado ano 2022, cando se ampliou o programa de streamings para ofrecer tam\u00e9n recollidas, os v\u00eddeos chegaron a m\u00e1is de 119.000 persoas.<\/p>\n","protected":false},"excerpt":{"rendered":"<p>A Xunta Xeral de Confrar\u00edas e Irmandades da Semana Santa de Ferrol aposta un ano m\u00e1is polas novas tecnolox\u00edas e ofrecer\u00e1 as procesi\u00f3ns por streaming. Nesta ocasi\u00f3n as retransmisi\u00f3ns, que realizar\u00e1 a empresa ferrol\u00e1 Iris Producci\u00f3ns, realizaranse a trav\u00e9s da canle de Youtube, onde xa est\u00e1n colgados tam\u00e9n os v\u00eddeos de anos anteriores. En anos [&hellip;]<\/p>\n","protected":false},"author":3,"featured_media":5525,"comment_status":"open","ping_status":"open","sticky":false,"template":"","format":"standard","meta":{"footnotes":""},"categories":[39],"tags":[],"class_list":["post-5528","post","type-post","status-publish","format-standard","has-post-thumbnail","hentry","category-xunta"],"yoast_head":"<!-- This site is optimized with the Yoast SEO plugin v27.5 - https:\/\/yoast.com\/product\/yoast-seo-wordpress\/ -->\n<title>A Semana Santa de Ferrol poder\u00e1 seguirse por streaming - Junta General de Cofrad\u00edas y Hermandades<\/title>\n<meta name=\"description\" content=\"A Xunta de Confrar\u00edas retransmitir\u00e1 de novo por streaming as procesi\u00f3ns da Semana Santa de Ferrol, desta volta a trav\u00e9s da s\u00faa canle de Youtube.\" \/>\n<meta name=\"robots\" content=\"index, follow, max-snippet:-1, max-image-preview:large, max-video-preview:-1\" \/>\n<link rel=\"canonical\" href=\"https:\/\/semanasantaferrol.com\/gl\/a-semana-santa-de-ferrol-podera-seguirse-por-streaming\/\" \/>\n<meta property=\"og:locale\" content=\"gl_ES\" \/>\n<meta property=\"og:type\" content=\"article\" \/>\n<meta property=\"og:title\" content=\"A Semana Santa de Ferrol poder\u00e1 seguirse por streaming - Junta General de Cofrad\u00edas y Hermandades\" \/>\n<meta property=\"og:description\" content=\"A Xunta de Confrar\u00edas retransmitir\u00e1 de novo por streaming as procesi\u00f3ns da Semana Santa de Ferrol, desta volta a trav\u00e9s da s\u00faa canle de Youtube.\" \/>\n<meta property=\"og:url\" content=\"https:\/\/semanasantaferrol.com\/gl\/a-semana-santa-de-ferrol-podera-seguirse-por-streaming\/\" \/>\n<meta property=\"og:site_name\" content=\"Junta General de Cofrad\u00edas y Hermandades\" \/>\n<meta property=\"article:publisher\" content=\"https:\/\/www.facebook.com\/Juntageneraldecofradias\/\" \/>\n<meta property=\"article:published_time\" content=\"2023-02-06T10:50:23+00:00\" \/>\n<meta property=\"article:modified_time\" content=\"2023-02-06T10:56:47+00:00\" \/>\n<meta property=\"og:image\" content=\"https:\/\/semanasantaferrol.com\/wp-content\/uploads\/2023\/02\/RETRANSMISIONES-1024-\u00d7-768-px.png\" \/>\n\t<meta property=\"og:image:width\" content=\"1024\" \/>\n\t<meta property=\"og:image:height\" content=\"768\" \/>\n\t<meta property=\"og:image:type\" content=\"image\/png\" \/>\n<meta name=\"author\" content=\"pingota\" \/>\n<meta name=\"twitter:card\" content=\"summary_large_image\" \/>\n<meta name=\"twitter:label1\" content=\"Escrito por\" \/>\n\t<meta name=\"twitter:data1\" content=\"pingota\" \/>\n\t<meta name=\"twitter:label2\" content=\"Tempo de lectura\" \/>\n\t<meta name=\"twitter:data2\" content=\"2 minutos\" \/>\n<script type=\"application\/ld+json\" class=\"yoast-schema-graph\">{\"@context\":\"https:\\\/\\\/schema.org\",\"@graph\":[{\"@type\":\"Article\",\"@id\":\"https:\\\/\\\/semanasantaferrol.com\\\/gl\\\/a-semana-santa-de-ferrol-podera-seguirse-por-streaming\\\/#article\",\"isPartOf\":{\"@id\":\"https:\\\/\\\/semanasantaferrol.com\\\/gl\\\/a-semana-santa-de-ferrol-podera-seguirse-por-streaming\\\/\"},\"author\":{\"name\":\"pingota\",\"@id\":\"https:\\\/\\\/semanasantaferrol.com\\\/gl\\\/#\\\/schema\\\/person\\\/cdd132690f08f75a35f05e2423e6307c\"},\"headline\":\"A Semana Santa de Ferrol poder\u00e1 seguirse por streaming\",\"datePublished\":\"2023-02-06T10:50:23+00:00\",\"dateModified\":\"2023-02-06T10:56:47+00:00\",\"mainEntityOfPage\":{\"@id\":\"https:\\\/\\\/semanasantaferrol.com\\\/gl\\\/a-semana-santa-de-ferrol-podera-seguirse-por-streaming\\\/\"},\"wordCount\":307,\"commentCount\":0,\"publisher\":{\"@id\":\"https:\\\/\\\/semanasantaferrol.com\\\/gl\\\/#organization\"},\"image\":{\"@id\":\"https:\\\/\\\/semanasantaferrol.com\\\/gl\\\/a-semana-santa-de-ferrol-podera-seguirse-por-streaming\\\/#primaryimage\"},\"thumbnailUrl\":\"https:\\\/\\\/semanasantaferrol.com\\\/wp-content\\\/uploads\\\/2023\\\/02\\\/RETRANSMISIONES-1024-\u00d7-768-px.png\",\"articleSection\":[\"Xunta\"],\"inLanguage\":\"gl-ES\",\"potentialAction\":[{\"@type\":\"CommentAction\",\"name\":\"Comment\",\"target\":[\"https:\\\/\\\/semanasantaferrol.com\\\/gl\\\/a-semana-santa-de-ferrol-podera-seguirse-por-streaming\\\/#respond\"]}]},{\"@type\":\"WebPage\",\"@id\":\"https:\\\/\\\/semanasantaferrol.com\\\/gl\\\/a-semana-santa-de-ferrol-podera-seguirse-por-streaming\\\/\",\"url\":\"https:\\\/\\\/semanasantaferrol.com\\\/gl\\\/a-semana-santa-de-ferrol-podera-seguirse-por-streaming\\\/\",\"name\":\"A Semana Santa de Ferrol poder\u00e1 seguirse por streaming - Junta General de Cofrad\u00edas y Hermandades\",\"isPartOf\":{\"@id\":\"https:\\\/\\\/semanasantaferrol.com\\\/gl\\\/#website\"},\"primaryImageOfPage\":{\"@id\":\"https:\\\/\\\/semanasantaferrol.com\\\/gl\\\/a-semana-santa-de-ferrol-podera-seguirse-por-streaming\\\/#primaryimage\"},\"image\":{\"@id\":\"https:\\\/\\\/semanasantaferrol.com\\\/gl\\\/a-semana-santa-de-ferrol-podera-seguirse-por-streaming\\\/#primaryimage\"},\"thumbnailUrl\":\"https:\\\/\\\/semanasantaferrol.com\\\/wp-content\\\/uploads\\\/2023\\\/02\\\/RETRANSMISIONES-1024-\u00d7-768-px.png\",\"datePublished\":\"2023-02-06T10:50:23+00:00\",\"dateModified\":\"2023-02-06T10:56:47+00:00\",\"description\":\"A Xunta de Confrar\u00edas retransmitir\u00e1 de novo por streaming as procesi\u00f3ns da Semana Santa de Ferrol, desta volta a trav\u00e9s da s\u00faa canle de Youtube.\",\"breadcrumb\":{\"@id\":\"https:\\\/\\\/semanasantaferrol.com\\\/gl\\\/a-semana-santa-de-ferrol-podera-seguirse-por-streaming\\\/#breadcrumb\"},\"inLanguage\":\"gl-ES\",\"potentialAction\":[{\"@type\":\"ReadAction\",\"target\":[\"https:\\\/\\\/semanasantaferrol.com\\\/gl\\\/a-semana-santa-de-ferrol-podera-seguirse-por-streaming\\\/\"]}]},{\"@type\":\"ImageObject\",\"inLanguage\":\"gl-ES\",\"@id\":\"https:\\\/\\\/semanasantaferrol.com\\\/gl\\\/a-semana-santa-de-ferrol-podera-seguirse-por-streaming\\\/#primaryimage\",\"url\":\"https:\\\/\\\/semanasantaferrol.com\\\/wp-content\\\/uploads\\\/2023\\\/02\\\/RETRANSMISIONES-1024-\u00d7-768-px.png\",\"contentUrl\":\"https:\\\/\\\/semanasantaferrol.com\\\/wp-content\\\/uploads\\\/2023\\\/02\\\/RETRANSMISIONES-1024-\u00d7-768-px.png\",\"width\":1024,\"height\":768},{\"@type\":\"BreadcrumbList\",\"@id\":\"https:\\\/\\\/semanasantaferrol.com\\\/gl\\\/a-semana-santa-de-ferrol-podera-seguirse-por-streaming\\\/#breadcrumb\",\"itemListElement\":[{\"@type\":\"ListItem\",\"position\":1,\"name\":\"Portada\",\"item\":\"https:\\\/\\\/semanasantaferrol.com\\\/gl\\\/\"},{\"@type\":\"ListItem\",\"position\":2,\"name\":\"A Semana Santa de Ferrol poder\u00e1 seguirse por streaming\"}]},{\"@type\":\"WebSite\",\"@id\":\"https:\\\/\\\/semanasantaferrol.com\\\/gl\\\/#website\",\"url\":\"https:\\\/\\\/semanasantaferrol.com\\\/gl\\\/\",\"name\":\"Junta General de Cofrad\u00edas y Hermandades\",\"description\":\"Semana Santa de Ferrol\",\"publisher\":{\"@id\":\"https:\\\/\\\/semanasantaferrol.com\\\/gl\\\/#organization\"},\"alternateName\":\"Semana Santa de Ferrol\",\"potentialAction\":[{\"@type\":\"SearchAction\",\"target\":{\"@type\":\"EntryPoint\",\"urlTemplate\":\"https:\\\/\\\/semanasantaferrol.com\\\/gl\\\/?s={search_term_string}\"},\"query-input\":{\"@type\":\"PropertyValueSpecification\",\"valueRequired\":true,\"valueName\":\"search_term_string\"}}],\"inLanguage\":\"gl-ES\"},{\"@type\":\"Organization\",\"@id\":\"https:\\\/\\\/semanasantaferrol.com\\\/gl\\\/#organization\",\"name\":\"Junta General de Cofrad\u00edas y Hermandades de la Semana Santa de Ferrol\",\"alternateName\":\"Junta de Cofrad\u00edas de la Semana Santa de Ferrol\",\"url\":\"https:\\\/\\\/semanasantaferrol.com\\\/gl\\\/\",\"logo\":{\"@type\":\"ImageObject\",\"inLanguage\":\"gl-ES\",\"@id\":\"https:\\\/\\\/semanasantaferrol.com\\\/gl\\\/#\\\/schema\\\/logo\\\/image\\\/\",\"url\":\"https:\\\/\\\/semanasantaferrol.com\\\/wp-content\\\/uploads\\\/2022\\\/10\\\/junta_general_logo.svg\",\"contentUrl\":\"https:\\\/\\\/semanasantaferrol.com\\\/wp-content\\\/uploads\\\/2022\\\/10\\\/junta_general_logo.svg\",\"width\":600,\"height\":790,\"caption\":\"Junta General de Cofrad\u00edas y Hermandades de la Semana Santa de Ferrol\"},\"image\":{\"@id\":\"https:\\\/\\\/semanasantaferrol.com\\\/gl\\\/#\\\/schema\\\/logo\\\/image\\\/\"},\"sameAs\":[\"https:\\\/\\\/www.facebook.com\\\/Juntageneraldecofradias\\\/\",\"https:\\\/\\\/www.instagram.com\\\/juntageneralcofradiasferrol\\\/\",\"https:\\\/\\\/www.youtube.com\\\/@semanasantadeferrol1616\",\"https:\\\/\\\/www.tiktok.com\\\/@semanasantadeferrol\"]},{\"@type\":\"Person\",\"@id\":\"https:\\\/\\\/semanasantaferrol.com\\\/gl\\\/#\\\/schema\\\/person\\\/cdd132690f08f75a35f05e2423e6307c\",\"name\":\"pingota\",\"image\":{\"@type\":\"ImageObject\",\"inLanguage\":\"gl-ES\",\"@id\":\"https:\\\/\\\/secure.gravatar.com\\\/avatar\\\/b1bb79ecdfb8d6f4c44a82262f8b422faeb290304fc5c6f8b9b4305bfaa2853c?s=96&d=mm&r=g\",\"url\":\"https:\\\/\\\/secure.gravatar.com\\\/avatar\\\/b1bb79ecdfb8d6f4c44a82262f8b422faeb290304fc5c6f8b9b4305bfaa2853c?s=96&d=mm&r=g\",\"contentUrl\":\"https:\\\/\\\/secure.gravatar.com\\\/avatar\\\/b1bb79ecdfb8d6f4c44a82262f8b422faeb290304fc5c6f8b9b4305bfaa2853c?s=96&d=mm&r=g\",\"caption\":\"pingota\"},\"url\":\"https:\\\/\\\/semanasantaferrol.com\\\/gl\"}]}<\/script>\n<!-- \/ Yoast SEO plugin. -->","yoast_head_json":{"title":"A Semana Santa de Ferrol poder\u00e1 seguirse por streaming - Junta General de Cofrad\u00edas y Hermandades","description":"A Xunta de Confrar\u00edas retransmitir\u00e1 de novo por streaming as procesi\u00f3ns da Semana Santa de Ferrol, desta volta a trav\u00e9s da s\u00faa canle de Youtube.","robots":{"index":"index","follow":"follow","max-snippet":"max-snippet:-1","max-image-preview":"max-image-preview:large","max-video-preview":"max-video-preview:-1"},"canonical":"https:\/\/semanasantaferrol.com\/gl\/a-semana-santa-de-ferrol-podera-seguirse-por-streaming\/","og_locale":"gl_ES","og_type":"article","og_title":"A Semana Santa de Ferrol poder\u00e1 seguirse por streaming - Junta General de Cofrad\u00edas y Hermandades","og_description":"A Xunta de Confrar\u00edas retransmitir\u00e1 de novo por streaming as procesi\u00f3ns da Semana Santa de Ferrol, desta volta a trav\u00e9s da s\u00faa canle de Youtube.","og_url":"https:\/\/semanasantaferrol.com\/gl\/a-semana-santa-de-ferrol-podera-seguirse-por-streaming\/","og_site_name":"Junta General de Cofrad\u00edas y Hermandades","article_publisher":"https:\/\/www.facebook.com\/Juntageneraldecofradias\/","article_published_time":"2023-02-06T10:50:23+00:00","article_modified_time":"2023-02-06T10:56:47+00:00","og_image":[{"width":1024,"height":768,"url":"https:\/\/semanasantaferrol.com\/wp-content\/uploads\/2023\/02\/RETRANSMISIONES-1024-\u00d7-768-px.png","type":"image\/png"}],"author":"pingota","twitter_card":"summary_large_image","twitter_misc":{"Escrito por":"pingota","Tempo de lectura":"2 minutos"},"schema":{"@context":"https:\/\/schema.org","@graph":[{"@type":"Article","@id":"https:\/\/semanasantaferrol.com\/gl\/a-semana-santa-de-ferrol-podera-seguirse-por-streaming\/#article","isPartOf":{"@id":"https:\/\/semanasantaferrol.com\/gl\/a-semana-santa-de-ferrol-podera-seguirse-por-streaming\/"},"author":{"name":"pingota","@id":"https:\/\/semanasantaferrol.com\/gl\/#\/schema\/person\/cdd132690f08f75a35f05e2423e6307c"},"headline":"A Semana Santa de Ferrol poder\u00e1 seguirse por streaming","datePublished":"2023-02-06T10:50:23+00:00","dateModified":"2023-02-06T10:56:47+00:00","mainEntityOfPage":{"@id":"https:\/\/semanasantaferrol.com\/gl\/a-semana-santa-de-ferrol-podera-seguirse-por-streaming\/"},"wordCount":307,"commentCount":0,"publisher":{"@id":"https:\/\/semanasantaferrol.com\/gl\/#organization"},"image":{"@id":"https:\/\/semanasantaferrol.com\/gl\/a-semana-santa-de-ferrol-podera-seguirse-por-streaming\/#primaryimage"},"thumbnailUrl":"https:\/\/semanasantaferrol.com\/wp-content\/uploads\/2023\/02\/RETRANSMISIONES-1024-\u00d7-768-px.png","articleSection":["Xunta"],"inLanguage":"gl-ES","potentialAction":[{"@type":"CommentAction","name":"Comment","target":["https:\/\/semanasantaferrol.com\/gl\/a-semana-santa-de-ferrol-podera-seguirse-por-streaming\/#respond"]}]},{"@type":"WebPage","@id":"https:\/\/semanasantaferrol.com\/gl\/a-semana-santa-de-ferrol-podera-seguirse-por-streaming\/","url":"https:\/\/semanasantaferrol.com\/gl\/a-semana-santa-de-ferrol-podera-seguirse-por-streaming\/","name":"A Semana Santa de Ferrol poder\u00e1 seguirse por streaming - Junta General de Cofrad\u00edas y Hermandades","isPartOf":{"@id":"https:\/\/semanasantaferrol.com\/gl\/#website"},"primaryImageOfPage":{"@id":"https:\/\/semanasantaferrol.com\/gl\/a-semana-santa-de-ferrol-podera-seguirse-por-streaming\/#primaryimage"},"image":{"@id":"https:\/\/semanasantaferrol.com\/gl\/a-semana-santa-de-ferrol-podera-seguirse-por-streaming\/#primaryimage"},"thumbnailUrl":"https:\/\/semanasantaferrol.com\/wp-content\/uploads\/2023\/02\/RETRANSMISIONES-1024-\u00d7-768-px.png","datePublished":"2023-02-06T10:50:23+00:00","dateModified":"2023-02-06T10:56:47+00:00","description":"A Xunta de Confrar\u00edas retransmitir\u00e1 de novo por streaming as procesi\u00f3ns da Semana Santa de Ferrol, desta volta a trav\u00e9s da s\u00faa canle de Youtube.","breadcrumb":{"@id":"https:\/\/semanasantaferrol.com\/gl\/a-semana-santa-de-ferrol-podera-seguirse-por-streaming\/#breadcrumb"},"inLanguage":"gl-ES","potentialAction":[{"@type":"ReadAction","target":["https:\/\/semanasantaferrol.com\/gl\/a-semana-santa-de-ferrol-podera-seguirse-por-streaming\/"]}]},{"@type":"ImageObject","inLanguage":"gl-ES","@id":"https:\/\/semanasantaferrol.com\/gl\/a-semana-santa-de-ferrol-podera-seguirse-por-streaming\/#primaryimage","url":"https:\/\/semanasantaferrol.com\/wp-content\/uploads\/2023\/02\/RETRANSMISIONES-1024-\u00d7-768-px.png","contentUrl":"https:\/\/semanasantaferrol.com\/wp-content\/uploads\/2023\/02\/RETRANSMISIONES-1024-\u00d7-768-px.png","width":1024,"height":768},{"@type":"BreadcrumbList","@id":"https:\/\/semanasantaferrol.com\/gl\/a-semana-santa-de-ferrol-podera-seguirse-por-streaming\/#breadcrumb","itemListElement":[{"@type":"ListItem","position":1,"name":"Portada","item":"https:\/\/semanasantaferrol.com\/gl\/"},{"@type":"ListItem","position":2,"name":"A Semana Santa de Ferrol poder\u00e1 seguirse por streaming"}]},{"@type":"WebSite","@id":"https:\/\/semanasantaferrol.com\/gl\/#website","url":"https:\/\/semanasantaferrol.com\/gl\/","name":"Junta General de Cofrad\u00edas y Hermandades","description":"Semana Santa de Ferrol","publisher":{"@id":"https:\/\/semanasantaferrol.com\/gl\/#organization"},"alternateName":"Semana Santa de Ferrol","potentialAction":[{"@type":"SearchAction","target":{"@type":"EntryPoint","urlTemplate":"https:\/\/semanasantaferrol.com\/gl\/?s={search_term_string}"},"query-input":{"@type":"PropertyValueSpecification","valueRequired":true,"valueName":"search_term_string"}}],"inLanguage":"gl-ES"},{"@type":"Organization","@id":"https:\/\/semanasantaferrol.com\/gl\/#organization","name":"Junta General de Cofrad\u00edas y Hermandades de la Semana Santa de Ferrol","alternateName":"Junta de Cofrad\u00edas de la Semana Santa de Ferrol","url":"https:\/\/semanasantaferrol.com\/gl\/","logo":{"@type":"ImageObject","inLanguage":"gl-ES","@id":"https:\/\/semanasantaferrol.com\/gl\/#\/schema\/logo\/image\/","url":"https:\/\/semanasantaferrol.com\/wp-content\/uploads\/2022\/10\/junta_general_logo.svg","contentUrl":"https:\/\/semanasantaferrol.com\/wp-content\/uploads\/2022\/10\/junta_general_logo.svg","width":600,"height":790,"caption":"Junta General de Cofrad\u00edas y Hermandades de la Semana Santa de Ferrol"},"image":{"@id":"https:\/\/semanasantaferrol.com\/gl\/#\/schema\/logo\/image\/"},"sameAs":["https:\/\/www.facebook.com\/Juntageneraldecofradias\/","https:\/\/www.instagram.com\/juntageneralcofradiasferrol\/","https:\/\/www.youtube.com\/@semanasantadeferrol1616","https:\/\/www.tiktok.com\/@semanasantadeferrol"]},{"@type":"Person","@id":"https:\/\/semanasantaferrol.com\/gl\/#\/schema\/person\/cdd132690f08f75a35f05e2423e6307c","name":"pingota","image":{"@type":"ImageObject","inLanguage":"gl-ES","@id":"https:\/\/secure.gravatar.com\/avatar\/b1bb79ecdfb8d6f4c44a82262f8b422faeb290304fc5c6f8b9b4305bfaa2853c?s=96&d=mm&r=g","url":"https:\/\/secure.gravatar.com\/avatar\/b1bb79ecdfb8d6f4c44a82262f8b422faeb290304fc5c6f8b9b4305bfaa2853c?s=96&d=mm&r=g","contentUrl":"https:\/\/secure.gravatar.com\/avatar\/b1bb79ecdfb8d6f4c44a82262f8b422faeb290304fc5c6f8b9b4305bfaa2853c?s=96&d=mm&r=g","caption":"pingota"},"url":"https:\/\/semanasantaferrol.com\/gl"}]}},"_links":{"self":[{"href":"https:\/\/semanasantaferrol.com\/gl\/wp-json\/wp\/v2\/posts\/5528","targetHints":{"allow":["GET"]}}],"collection":[{"href":"https:\/\/semanasantaferrol.com\/gl\/wp-json\/wp\/v2\/posts"}],"about":[{"href":"https:\/\/semanasantaferrol.com\/gl\/wp-json\/wp\/v2\/types\/post"}],"author":[{"embeddable":true,"href":"https:\/\/semanasantaferrol.com\/gl\/wp-json\/wp\/v2\/users\/3"}],"replies":[{"embeddable":true,"href":"https:\/\/semanasantaferrol.com\/gl\/wp-json\/wp\/v2\/comments?post=5528"}],"version-history":[{"count":1,"href":"https:\/\/semanasantaferrol.com\/gl\/wp-json\/wp\/v2\/posts\/5528\/revisions"}],"predecessor-version":[{"id":5532,"href":"https:\/\/semanasantaferrol.com\/gl\/wp-json\/wp\/v2\/posts\/5528\/revisions\/5532"}],"wp:featuredmedia":[{"embeddable":true,"href":"https:\/\/semanasantaferrol.com\/gl\/wp-json\/wp\/v2\/media\/5525"}],"wp:attachment":[{"href":"https:\/\/semanasantaferrol.com\/gl\/wp-json\/wp\/v2\/media?parent=5528"}],"wp:term":[{"taxonomy":"category","embeddable":true,"href":"https:\/\/semanasantaferrol.com\/gl\/wp-json\/wp\/v2\/categories?post=5528"},{"taxonomy":"post_tag","embeddable":true,"href":"https:\/\/semanasantaferrol.com\/gl\/wp-json\/wp\/v2\/tags?post=5528"}],"curies":[{"name":"wp","href":"https:\/\/api.w.org\/{rel}","templated":true}]}}