{"id":5520,"date":"2023-02-03T09:11:26","date_gmt":"2023-02-03T09:11:26","guid":{"rendered":"https:\/\/semanasantaferrol.com\/calendario-de-datas-importantes-no-preambulo-da-semana-santa-de-ferrol-2023\/"},"modified":"2023-02-22T10:03:11","modified_gmt":"2023-02-22T10:03:11","slug":"calendario-de-datas-importantes-no-preambulo-da-semana-santa-de-ferrol-2023","status":"publish","type":"post","link":"https:\/\/semanasantaferrol.com\/gl\/calendario-de-datas-importantes-no-preambulo-da-semana-santa-de-ferrol-2023\/","title":{"rendered":"Calendario de datas importantes no pre\u00e1mbulo da Semana Santa de Ferrol 2023"},"content":{"rendered":"<p>A Xunta Xeral de Confrar\u00edas e Irmandades da Semana Santa de Ferrol anuncia os actos m\u00e1is importantes que se encadran no pre\u00e1mbulo da celebraci\u00f3n da Paix\u00f3n, que este ano se desenvolver\u00e1 entre o 2 e o 9 de abril, do Domingo de Ramos ao de Resurrecci\u00f3n.<\/p>\n<h3>CERTAME DE BANDAS<\/h3>\n<p>A m\u00fasica confrade ser\u00e1 a protagonista do Certame de Bandas &#8220;Cidade de Ferrol&#8221;, que chega este ano \u00e1 s\u00faa und\u00e9cima edici\u00f3n. Celebrarase no Auditorio de Ferrol a partir das 19.00 horas.<\/p>\n<h3>PRESENTACI\u00d3N DA REVISTA ECCE HOMO E DO PROCESIONARIO<\/h3>\n<p>O Casino acoller\u00e1 o d\u00eda 18 de marzo, \u00e1s doce do mediod\u00eda, a presentaci\u00f3n dunha nova edici\u00f3n da revista oficial da Semana Santa de Ferrol, &#8220;Ecce Homo&#8221;, as\u00ed como do procesionario.<\/p>\n<h3>V\u00cdA CRUCIS<\/h3>\n<p>O Cristo dos Navegantes ser\u00e1 a imaxe protagonista do V\u00eda Crucis organizado pola Xunta Xeral de Confrar\u00edas e Irmandades da Semana Santa de Ferrol, que este ano se celebrar\u00e1 o venres 24 de marzo, \u00e1s 20.00 horas. O desfile sair\u00e1 da igrexa do Socorro e realizar\u00e1 un percorrido polo barrio de Ferrol Lanuxe.<\/p>\n<h3>PREG\u00d3N E ENTREGA DE MEDALLAS<\/h3>\n<p>O teatro Jofre acoller\u00e1 a lectura do preg\u00f3n o d\u00eda 25 de marzo, \u00e1s 20.00 horas. O xornalista Ram\u00f3n Loureiro encargarase de anunciar a Paix\u00f3n ferrol\u00e1 deste ano, nun acto no que tam\u00e9n se far\u00e1 entrega da Medalla de Ouro da Xunta de Confrar\u00edas \u00e1s persoas que presidiron a anterior Coordinadora de Confrar\u00edas, en reco\u00f1ecemento ao seu traballo cando se cumpren trinta anos da s\u00faa posta en marcha. Mario Villaamil, a t\u00edtulo p\u00f3stumo; F\u00e9lix Sande e Meca Arcos ser\u00e1n os homenaxeados.<\/p>\n","protected":false},"excerpt":{"rendered":"<p>A Xunta Xeral de Confrar\u00edas e Irmandades da Semana Santa de Ferrol anuncia os actos m\u00e1is importantes que se encadran no pre\u00e1mbulo da celebraci\u00f3n da Paix\u00f3n, que este ano se desenvolver\u00e1 entre o 2 e o 9 de abril, do Domingo de Ramos ao de Resurrecci\u00f3n. CERTAME DE BANDAS A m\u00fasica confrade ser\u00e1 a protagonista [&hellip;]<\/p>\n","protected":false},"author":3,"featured_media":5518,"comment_status":"open","ping_status":"open","sticky":false,"template":"","format":"standard","meta":{"footnotes":""},"categories":[39],"tags":[],"class_list":["post-5520","post","type-post","status-publish","format-standard","has-post-thumbnail","hentry","category-xunta"],"yoast_head":"<!-- This site is optimized with the Yoast SEO plugin v27.5 - https:\/\/yoast.com\/product\/yoast-seo-wordpress\/ -->\n<title>Calendario de datas importantes no pre\u00e1mbulo da Semana Santa de Ferrol 2023 - Junta General de Cofrad\u00edas y Hermandades<\/title>\n<meta name=\"description\" content=\"A Xunta de Confrar\u00edas publica as datas importantes no pre\u00e1mbulo da Semana Santa de Ferrol 2023, no Certame de Bandas ao preg\u00f3n.\" \/>\n<meta name=\"robots\" content=\"index, follow, max-snippet:-1, max-image-preview:large, max-video-preview:-1\" \/>\n<link rel=\"canonical\" href=\"https:\/\/semanasantaferrol.com\/gl\/calendario-de-datas-importantes-no-preambulo-da-semana-santa-de-ferrol-2023\/\" \/>\n<meta property=\"og:locale\" content=\"gl_ES\" \/>\n<meta property=\"og:type\" content=\"article\" \/>\n<meta property=\"og:title\" content=\"Calendario de datas importantes no pre\u00e1mbulo da Semana Santa de Ferrol 2023 - Junta General de Cofrad\u00edas y Hermandades\" \/>\n<meta property=\"og:description\" content=\"A Xunta de Confrar\u00edas publica as datas importantes no pre\u00e1mbulo da Semana Santa de Ferrol 2023, no Certame de Bandas ao preg\u00f3n.\" \/>\n<meta property=\"og:url\" content=\"https:\/\/semanasantaferrol.com\/gl\/calendario-de-datas-importantes-no-preambulo-da-semana-santa-de-ferrol-2023\/\" \/>\n<meta property=\"og:site_name\" content=\"Junta General de Cofrad\u00edas y Hermandades\" \/>\n<meta property=\"article:publisher\" content=\"https:\/\/www.facebook.com\/Juntageneraldecofradias\/\" \/>\n<meta property=\"article:published_time\" content=\"2023-02-03T09:11:26+00:00\" \/>\n<meta property=\"article:modified_time\" content=\"2023-02-22T10:03:11+00:00\" \/>\n<meta property=\"og:image\" content=\"https:\/\/semanasantaferrol.com\/wp-content\/uploads\/2023\/02\/Sin-titulo-300-\u00d7-225-px.png\" \/>\n\t<meta property=\"og:image:width\" content=\"300\" \/>\n\t<meta property=\"og:image:height\" content=\"225\" \/>\n\t<meta property=\"og:image:type\" content=\"image\/png\" \/>\n<meta name=\"author\" content=\"pingota\" \/>\n<meta name=\"twitter:card\" content=\"summary_large_image\" \/>\n<meta name=\"twitter:label1\" content=\"Escrito por\" \/>\n\t<meta name=\"twitter:data1\" content=\"pingota\" \/>\n\t<meta name=\"twitter:label2\" content=\"Tempo de lectura\" \/>\n\t<meta name=\"twitter:data2\" content=\"2 minutos\" \/>\n<script type=\"application\/ld+json\" class=\"yoast-schema-graph\">{\"@context\":\"https:\\\/\\\/schema.org\",\"@graph\":[{\"@type\":\"Article\",\"@id\":\"https:\\\/\\\/semanasantaferrol.com\\\/gl\\\/calendario-de-datas-importantes-no-preambulo-da-semana-santa-de-ferrol-2023\\\/#article\",\"isPartOf\":{\"@id\":\"https:\\\/\\\/semanasantaferrol.com\\\/gl\\\/calendario-de-datas-importantes-no-preambulo-da-semana-santa-de-ferrol-2023\\\/\"},\"author\":{\"name\":\"pingota\",\"@id\":\"https:\\\/\\\/semanasantaferrol.com\\\/gl\\\/#\\\/schema\\\/person\\\/cdd132690f08f75a35f05e2423e6307c\"},\"headline\":\"Calendario de datas importantes no pre\u00e1mbulo da Semana Santa de Ferrol 2023\",\"datePublished\":\"2023-02-03T09:11:26+00:00\",\"dateModified\":\"2023-02-22T10:03:11+00:00\",\"mainEntityOfPage\":{\"@id\":\"https:\\\/\\\/semanasantaferrol.com\\\/gl\\\/calendario-de-datas-importantes-no-preambulo-da-semana-santa-de-ferrol-2023\\\/\"},\"wordCount\":295,\"commentCount\":0,\"publisher\":{\"@id\":\"https:\\\/\\\/semanasantaferrol.com\\\/gl\\\/#organization\"},\"image\":{\"@id\":\"https:\\\/\\\/semanasantaferrol.com\\\/gl\\\/calendario-de-datas-importantes-no-preambulo-da-semana-santa-de-ferrol-2023\\\/#primaryimage\"},\"thumbnailUrl\":\"https:\\\/\\\/semanasantaferrol.com\\\/wp-content\\\/uploads\\\/2023\\\/02\\\/Sin-titulo-300-\u00d7-225-px.png\",\"articleSection\":[\"Xunta\"],\"inLanguage\":\"gl-ES\",\"potentialAction\":[{\"@type\":\"CommentAction\",\"name\":\"Comment\",\"target\":[\"https:\\\/\\\/semanasantaferrol.com\\\/gl\\\/calendario-de-datas-importantes-no-preambulo-da-semana-santa-de-ferrol-2023\\\/#respond\"]}]},{\"@type\":\"WebPage\",\"@id\":\"https:\\\/\\\/semanasantaferrol.com\\\/gl\\\/calendario-de-datas-importantes-no-preambulo-da-semana-santa-de-ferrol-2023\\\/\",\"url\":\"https:\\\/\\\/semanasantaferrol.com\\\/gl\\\/calendario-de-datas-importantes-no-preambulo-da-semana-santa-de-ferrol-2023\\\/\",\"name\":\"Calendario de datas importantes no pre\u00e1mbulo da Semana Santa de Ferrol 2023 - Junta General de Cofrad\u00edas y Hermandades\",\"isPartOf\":{\"@id\":\"https:\\\/\\\/semanasantaferrol.com\\\/gl\\\/#website\"},\"primaryImageOfPage\":{\"@id\":\"https:\\\/\\\/semanasantaferrol.com\\\/gl\\\/calendario-de-datas-importantes-no-preambulo-da-semana-santa-de-ferrol-2023\\\/#primaryimage\"},\"image\":{\"@id\":\"https:\\\/\\\/semanasantaferrol.com\\\/gl\\\/calendario-de-datas-importantes-no-preambulo-da-semana-santa-de-ferrol-2023\\\/#primaryimage\"},\"thumbnailUrl\":\"https:\\\/\\\/semanasantaferrol.com\\\/wp-content\\\/uploads\\\/2023\\\/02\\\/Sin-titulo-300-\u00d7-225-px.png\",\"datePublished\":\"2023-02-03T09:11:26+00:00\",\"dateModified\":\"2023-02-22T10:03:11+00:00\",\"description\":\"A Xunta de Confrar\u00edas publica as datas importantes no pre\u00e1mbulo da Semana Santa de Ferrol 2023, no Certame de Bandas ao preg\u00f3n.\",\"breadcrumb\":{\"@id\":\"https:\\\/\\\/semanasantaferrol.com\\\/gl\\\/calendario-de-datas-importantes-no-preambulo-da-semana-santa-de-ferrol-2023\\\/#breadcrumb\"},\"inLanguage\":\"gl-ES\",\"potentialAction\":[{\"@type\":\"ReadAction\",\"target\":[\"https:\\\/\\\/semanasantaferrol.com\\\/gl\\\/calendario-de-datas-importantes-no-preambulo-da-semana-santa-de-ferrol-2023\\\/\"]}]},{\"@type\":\"ImageObject\",\"inLanguage\":\"gl-ES\",\"@id\":\"https:\\\/\\\/semanasantaferrol.com\\\/gl\\\/calendario-de-datas-importantes-no-preambulo-da-semana-santa-de-ferrol-2023\\\/#primaryimage\",\"url\":\"https:\\\/\\\/semanasantaferrol.com\\\/wp-content\\\/uploads\\\/2023\\\/02\\\/Sin-titulo-300-\u00d7-225-px.png\",\"contentUrl\":\"https:\\\/\\\/semanasantaferrol.com\\\/wp-content\\\/uploads\\\/2023\\\/02\\\/Sin-titulo-300-\u00d7-225-px.png\",\"width\":300,\"height\":225},{\"@type\":\"BreadcrumbList\",\"@id\":\"https:\\\/\\\/semanasantaferrol.com\\\/gl\\\/calendario-de-datas-importantes-no-preambulo-da-semana-santa-de-ferrol-2023\\\/#breadcrumb\",\"itemListElement\":[{\"@type\":\"ListItem\",\"position\":1,\"name\":\"Portada\",\"item\":\"https:\\\/\\\/semanasantaferrol.com\\\/gl\\\/\"},{\"@type\":\"ListItem\",\"position\":2,\"name\":\"Calendario de datas importantes no pre\u00e1mbulo da Semana Santa de Ferrol 2023\"}]},{\"@type\":\"WebSite\",\"@id\":\"https:\\\/\\\/semanasantaferrol.com\\\/gl\\\/#website\",\"url\":\"https:\\\/\\\/semanasantaferrol.com\\\/gl\\\/\",\"name\":\"Junta General de Cofrad\u00edas y Hermandades\",\"description\":\"Semana Santa de Ferrol\",\"publisher\":{\"@id\":\"https:\\\/\\\/semanasantaferrol.com\\\/gl\\\/#organization\"},\"alternateName\":\"Semana Santa de Ferrol\",\"potentialAction\":[{\"@type\":\"SearchAction\",\"target\":{\"@type\":\"EntryPoint\",\"urlTemplate\":\"https:\\\/\\\/semanasantaferrol.com\\\/gl\\\/?s={search_term_string}\"},\"query-input\":{\"@type\":\"PropertyValueSpecification\",\"valueRequired\":true,\"valueName\":\"search_term_string\"}}],\"inLanguage\":\"gl-ES\"},{\"@type\":\"Organization\",\"@id\":\"https:\\\/\\\/semanasantaferrol.com\\\/gl\\\/#organization\",\"name\":\"Junta General de Cofrad\u00edas y Hermandades de la Semana Santa de Ferrol\",\"alternateName\":\"Junta de Cofrad\u00edas de la Semana Santa de Ferrol\",\"url\":\"https:\\\/\\\/semanasantaferrol.com\\\/gl\\\/\",\"logo\":{\"@type\":\"ImageObject\",\"inLanguage\":\"gl-ES\",\"@id\":\"https:\\\/\\\/semanasantaferrol.com\\\/gl\\\/#\\\/schema\\\/logo\\\/image\\\/\",\"url\":\"https:\\\/\\\/semanasantaferrol.com\\\/wp-content\\\/uploads\\\/2022\\\/10\\\/junta_general_logo.svg\",\"contentUrl\":\"https:\\\/\\\/semanasantaferrol.com\\\/wp-content\\\/uploads\\\/2022\\\/10\\\/junta_general_logo.svg\",\"width\":600,\"height\":790,\"caption\":\"Junta General de Cofrad\u00edas y Hermandades de la Semana Santa de Ferrol\"},\"image\":{\"@id\":\"https:\\\/\\\/semanasantaferrol.com\\\/gl\\\/#\\\/schema\\\/logo\\\/image\\\/\"},\"sameAs\":[\"https:\\\/\\\/www.facebook.com\\\/Juntageneraldecofradias\\\/\",\"https:\\\/\\\/www.instagram.com\\\/juntageneralcofradiasferrol\\\/\",\"https:\\\/\\\/www.youtube.com\\\/@semanasantadeferrol1616\",\"https:\\\/\\\/www.tiktok.com\\\/@semanasantadeferrol\"]},{\"@type\":\"Person\",\"@id\":\"https:\\\/\\\/semanasantaferrol.com\\\/gl\\\/#\\\/schema\\\/person\\\/cdd132690f08f75a35f05e2423e6307c\",\"name\":\"pingota\",\"image\":{\"@type\":\"ImageObject\",\"inLanguage\":\"gl-ES\",\"@id\":\"https:\\\/\\\/secure.gravatar.com\\\/avatar\\\/b1bb79ecdfb8d6f4c44a82262f8b422faeb290304fc5c6f8b9b4305bfaa2853c?s=96&d=mm&r=g\",\"url\":\"https:\\\/\\\/secure.gravatar.com\\\/avatar\\\/b1bb79ecdfb8d6f4c44a82262f8b422faeb290304fc5c6f8b9b4305bfaa2853c?s=96&d=mm&r=g\",\"contentUrl\":\"https:\\\/\\\/secure.gravatar.com\\\/avatar\\\/b1bb79ecdfb8d6f4c44a82262f8b422faeb290304fc5c6f8b9b4305bfaa2853c?s=96&d=mm&r=g\",\"caption\":\"pingota\"},\"url\":\"https:\\\/\\\/semanasantaferrol.com\\\/gl\"}]}<\/script>\n<!-- \/ Yoast SEO plugin. -->","yoast_head_json":{"title":"Calendario de datas importantes no pre\u00e1mbulo da Semana Santa de Ferrol 2023 - Junta General de Cofrad\u00edas y Hermandades","description":"A Xunta de Confrar\u00edas publica as datas importantes no pre\u00e1mbulo da Semana Santa de Ferrol 2023, no Certame de Bandas ao preg\u00f3n.","robots":{"index":"index","follow":"follow","max-snippet":"max-snippet:-1","max-image-preview":"max-image-preview:large","max-video-preview":"max-video-preview:-1"},"canonical":"https:\/\/semanasantaferrol.com\/gl\/calendario-de-datas-importantes-no-preambulo-da-semana-santa-de-ferrol-2023\/","og_locale":"gl_ES","og_type":"article","og_title":"Calendario de datas importantes no pre\u00e1mbulo da Semana Santa de Ferrol 2023 - Junta General de Cofrad\u00edas y Hermandades","og_description":"A Xunta de Confrar\u00edas publica as datas importantes no pre\u00e1mbulo da Semana Santa de Ferrol 2023, no Certame de Bandas ao preg\u00f3n.","og_url":"https:\/\/semanasantaferrol.com\/gl\/calendario-de-datas-importantes-no-preambulo-da-semana-santa-de-ferrol-2023\/","og_site_name":"Junta General de Cofrad\u00edas y Hermandades","article_publisher":"https:\/\/www.facebook.com\/Juntageneraldecofradias\/","article_published_time":"2023-02-03T09:11:26+00:00","article_modified_time":"2023-02-22T10:03:11+00:00","og_image":[{"width":300,"height":225,"url":"https:\/\/semanasantaferrol.com\/wp-content\/uploads\/2023\/02\/Sin-titulo-300-\u00d7-225-px.png","type":"image\/png"}],"author":"pingota","twitter_card":"summary_large_image","twitter_misc":{"Escrito por":"pingota","Tempo de lectura":"2 minutos"},"schema":{"@context":"https:\/\/schema.org","@graph":[{"@type":"Article","@id":"https:\/\/semanasantaferrol.com\/gl\/calendario-de-datas-importantes-no-preambulo-da-semana-santa-de-ferrol-2023\/#article","isPartOf":{"@id":"https:\/\/semanasantaferrol.com\/gl\/calendario-de-datas-importantes-no-preambulo-da-semana-santa-de-ferrol-2023\/"},"author":{"name":"pingota","@id":"https:\/\/semanasantaferrol.com\/gl\/#\/schema\/person\/cdd132690f08f75a35f05e2423e6307c"},"headline":"Calendario de datas importantes no pre\u00e1mbulo da Semana Santa de Ferrol 2023","datePublished":"2023-02-03T09:11:26+00:00","dateModified":"2023-02-22T10:03:11+00:00","mainEntityOfPage":{"@id":"https:\/\/semanasantaferrol.com\/gl\/calendario-de-datas-importantes-no-preambulo-da-semana-santa-de-ferrol-2023\/"},"wordCount":295,"commentCount":0,"publisher":{"@id":"https:\/\/semanasantaferrol.com\/gl\/#organization"},"image":{"@id":"https:\/\/semanasantaferrol.com\/gl\/calendario-de-datas-importantes-no-preambulo-da-semana-santa-de-ferrol-2023\/#primaryimage"},"thumbnailUrl":"https:\/\/semanasantaferrol.com\/wp-content\/uploads\/2023\/02\/Sin-titulo-300-\u00d7-225-px.png","articleSection":["Xunta"],"inLanguage":"gl-ES","potentialAction":[{"@type":"CommentAction","name":"Comment","target":["https:\/\/semanasantaferrol.com\/gl\/calendario-de-datas-importantes-no-preambulo-da-semana-santa-de-ferrol-2023\/#respond"]}]},{"@type":"WebPage","@id":"https:\/\/semanasantaferrol.com\/gl\/calendario-de-datas-importantes-no-preambulo-da-semana-santa-de-ferrol-2023\/","url":"https:\/\/semanasantaferrol.com\/gl\/calendario-de-datas-importantes-no-preambulo-da-semana-santa-de-ferrol-2023\/","name":"Calendario de datas importantes no pre\u00e1mbulo da Semana Santa de Ferrol 2023 - Junta General de Cofrad\u00edas y Hermandades","isPartOf":{"@id":"https:\/\/semanasantaferrol.com\/gl\/#website"},"primaryImageOfPage":{"@id":"https:\/\/semanasantaferrol.com\/gl\/calendario-de-datas-importantes-no-preambulo-da-semana-santa-de-ferrol-2023\/#primaryimage"},"image":{"@id":"https:\/\/semanasantaferrol.com\/gl\/calendario-de-datas-importantes-no-preambulo-da-semana-santa-de-ferrol-2023\/#primaryimage"},"thumbnailUrl":"https:\/\/semanasantaferrol.com\/wp-content\/uploads\/2023\/02\/Sin-titulo-300-\u00d7-225-px.png","datePublished":"2023-02-03T09:11:26+00:00","dateModified":"2023-02-22T10:03:11+00:00","description":"A Xunta de Confrar\u00edas publica as datas importantes no pre\u00e1mbulo da Semana Santa de Ferrol 2023, no Certame de Bandas ao preg\u00f3n.","breadcrumb":{"@id":"https:\/\/semanasantaferrol.com\/gl\/calendario-de-datas-importantes-no-preambulo-da-semana-santa-de-ferrol-2023\/#breadcrumb"},"inLanguage":"gl-ES","potentialAction":[{"@type":"ReadAction","target":["https:\/\/semanasantaferrol.com\/gl\/calendario-de-datas-importantes-no-preambulo-da-semana-santa-de-ferrol-2023\/"]}]},{"@type":"ImageObject","inLanguage":"gl-ES","@id":"https:\/\/semanasantaferrol.com\/gl\/calendario-de-datas-importantes-no-preambulo-da-semana-santa-de-ferrol-2023\/#primaryimage","url":"https:\/\/semanasantaferrol.com\/wp-content\/uploads\/2023\/02\/Sin-titulo-300-\u00d7-225-px.png","contentUrl":"https:\/\/semanasantaferrol.com\/wp-content\/uploads\/2023\/02\/Sin-titulo-300-\u00d7-225-px.png","width":300,"height":225},{"@type":"BreadcrumbList","@id":"https:\/\/semanasantaferrol.com\/gl\/calendario-de-datas-importantes-no-preambulo-da-semana-santa-de-ferrol-2023\/#breadcrumb","itemListElement":[{"@type":"ListItem","position":1,"name":"Portada","item":"https:\/\/semanasantaferrol.com\/gl\/"},{"@type":"ListItem","position":2,"name":"Calendario de datas importantes no pre\u00e1mbulo da Semana Santa de Ferrol 2023"}]},{"@type":"WebSite","@id":"https:\/\/semanasantaferrol.com\/gl\/#website","url":"https:\/\/semanasantaferrol.com\/gl\/","name":"Junta General de Cofrad\u00edas y Hermandades","description":"Semana Santa de Ferrol","publisher":{"@id":"https:\/\/semanasantaferrol.com\/gl\/#organization"},"alternateName":"Semana Santa de Ferrol","potentialAction":[{"@type":"SearchAction","target":{"@type":"EntryPoint","urlTemplate":"https:\/\/semanasantaferrol.com\/gl\/?s={search_term_string}"},"query-input":{"@type":"PropertyValueSpecification","valueRequired":true,"valueName":"search_term_string"}}],"inLanguage":"gl-ES"},{"@type":"Organization","@id":"https:\/\/semanasantaferrol.com\/gl\/#organization","name":"Junta General de Cofrad\u00edas y Hermandades de la Semana Santa de Ferrol","alternateName":"Junta de Cofrad\u00edas de la Semana Santa de Ferrol","url":"https:\/\/semanasantaferrol.com\/gl\/","logo":{"@type":"ImageObject","inLanguage":"gl-ES","@id":"https:\/\/semanasantaferrol.com\/gl\/#\/schema\/logo\/image\/","url":"https:\/\/semanasantaferrol.com\/wp-content\/uploads\/2022\/10\/junta_general_logo.svg","contentUrl":"https:\/\/semanasantaferrol.com\/wp-content\/uploads\/2022\/10\/junta_general_logo.svg","width":600,"height":790,"caption":"Junta General de Cofrad\u00edas y Hermandades de la Semana Santa de Ferrol"},"image":{"@id":"https:\/\/semanasantaferrol.com\/gl\/#\/schema\/logo\/image\/"},"sameAs":["https:\/\/www.facebook.com\/Juntageneraldecofradias\/","https:\/\/www.instagram.com\/juntageneralcofradiasferrol\/","https:\/\/www.youtube.com\/@semanasantadeferrol1616","https:\/\/www.tiktok.com\/@semanasantadeferrol"]},{"@type":"Person","@id":"https:\/\/semanasantaferrol.com\/gl\/#\/schema\/person\/cdd132690f08f75a35f05e2423e6307c","name":"pingota","image":{"@type":"ImageObject","inLanguage":"gl-ES","@id":"https:\/\/secure.gravatar.com\/avatar\/b1bb79ecdfb8d6f4c44a82262f8b422faeb290304fc5c6f8b9b4305bfaa2853c?s=96&d=mm&r=g","url":"https:\/\/secure.gravatar.com\/avatar\/b1bb79ecdfb8d6f4c44a82262f8b422faeb290304fc5c6f8b9b4305bfaa2853c?s=96&d=mm&r=g","contentUrl":"https:\/\/secure.gravatar.com\/avatar\/b1bb79ecdfb8d6f4c44a82262f8b422faeb290304fc5c6f8b9b4305bfaa2853c?s=96&d=mm&r=g","caption":"pingota"},"url":"https:\/\/semanasantaferrol.com\/gl"}]}},"_links":{"self":[{"href":"https:\/\/semanasantaferrol.com\/gl\/wp-json\/wp\/v2\/posts\/5520","targetHints":{"allow":["GET"]}}],"collection":[{"href":"https:\/\/semanasantaferrol.com\/gl\/wp-json\/wp\/v2\/posts"}],"about":[{"href":"https:\/\/semanasantaferrol.com\/gl\/wp-json\/wp\/v2\/types\/post"}],"author":[{"embeddable":true,"href":"https:\/\/semanasantaferrol.com\/gl\/wp-json\/wp\/v2\/users\/3"}],"replies":[{"embeddable":true,"href":"https:\/\/semanasantaferrol.com\/gl\/wp-json\/wp\/v2\/comments?post=5520"}],"version-history":[{"count":1,"href":"https:\/\/semanasantaferrol.com\/gl\/wp-json\/wp\/v2\/posts\/5520\/revisions"}],"predecessor-version":[{"id":5567,"href":"https:\/\/semanasantaferrol.com\/gl\/wp-json\/wp\/v2\/posts\/5520\/revisions\/5567"}],"wp:featuredmedia":[{"embeddable":true,"href":"https:\/\/semanasantaferrol.com\/gl\/wp-json\/wp\/v2\/media\/5518"}],"wp:attachment":[{"href":"https:\/\/semanasantaferrol.com\/gl\/wp-json\/wp\/v2\/media?parent=5520"}],"wp:term":[{"taxonomy":"category","embeddable":true,"href":"https:\/\/semanasantaferrol.com\/gl\/wp-json\/wp\/v2\/categories?post=5520"},{"taxonomy":"post_tag","embeddable":true,"href":"https:\/\/semanasantaferrol.com\/gl\/wp-json\/wp\/v2\/tags?post=5520"}],"curies":[{"name":"wp","href":"https:\/\/api.w.org\/{rel}","templated":true}]}}