{"id":5458,"date":"2023-01-30T10:09:02","date_gmt":"2023-01-30T10:09:02","guid":{"rendered":"https:\/\/semanasantaferrol.com\/?p=5458"},"modified":"2023-01-30T13:07:16","modified_gmt":"2023-01-30T13:07:16","slug":"acompanamiento-musical-para-as-procesions-da-semana-santa-de-ferrol-2023","status":"publish","type":"post","link":"https:\/\/semanasantaferrol.com\/gl\/acompanamiento-musical-para-as-procesions-da-semana-santa-de-ferrol-2023\/","title":{"rendered":"Acompa\u00f1amiento musical para a Semana Santa de Ferrol 2023"},"content":{"rendered":"<p>A m\u00fasica \u00e9 un elemento primordial nas procesi\u00f3ns, para marcar o paso e tam\u00e9n para darlle m\u00e1is intensidade aos desfiles. As confrar\u00edas te\u00f1en pechado xa o programa dos acompa\u00f1amentos coas bandas e agrupaci\u00f3ns, a maior parte delas de Ferrol.<\/p>\n<h2><strong>DOMINGO DE RAMOS<\/strong><\/h2>\n<p><u>CONFRAR\u00cdA DAS ANGUSTIAS<\/u><\/p>\n<p><strong>11:30 H PROCESI\u00d3N DE<\/strong> <strong>XES\u00daS AMIGO DOS NENOS<\/strong><\/p>\n<h3>A.M. Nosa Se\u00f1ora do Nord\u00e9s (OJE) e Banda das Angustias.<\/h3>\n<p>&nbsp;<\/p>\n<p><u>CONFRAR\u00cdA DE DOLORES<\/u><\/p>\n<p><strong>12:30 H: PROCESI\u00d3N DA BORRIQUITA<\/strong><\/p>\n<h3>A.M. Sant\u00edsimo Cristo da Boa Morte, A.M. Virxe da Amargura, Banda de CCTT Sant\u00edsimo Cristo da Misericordia e Mar\u00eda Sant\u00edsima dos Dolores<\/h3>\n<p>&nbsp;<\/p>\n<p><u>CONFRAR\u00cdA DA SOIDADE<\/u><\/p>\n<p><strong>19:00 H PROCESI\u00d3N DO ECCE HOMO<\/strong><\/p>\n<h3>Misericordia de Viveiro, Banda de CCTT Sant\u00edsimo Cristo da Misericordia e Mar\u00eda Sant\u00edsima dos Dolores e A.M. Cristo da Boa Morte.<\/h3>\n<h2><\/h2>\n<h2><strong>LUNS SANTO<\/strong><\/h2>\n<p><u>CONFRAR\u00cdA DE DOLORES<\/u><\/p>\n<p><strong>21:00 H: PROCESI\u00d3N DE CRISTO REI E A VIRXE DA AMARGURA<\/strong><\/p>\n<h3>Acotaga, Banda de CCTT Sant\u00edsimo Cristo da Misericordia e Mar\u00eda Sant\u00edsima dos Dolores e A.M. Cristo da Boa Morte.<\/h3>\n<p><strong>\u00a0<\/strong><\/p>\n<h2><strong>MARTES SANTO<\/strong><\/h2>\n<p><u>CONFRAR\u00cdA DE DOLORES<\/u><\/p>\n<p><strong>21:00 H PROCESI\u00d3N DE XES\u00daS ATADO A COLUMNA E SANT\u00cdSIMA VIRXE DA ESPERANZA<\/strong><\/p>\n<h3>A.M. Virxe da Amargura, Acotaga, Banda de CCTT Sant\u00edsimo Cristo da Misericordia e Mar\u00eda Sant\u00edsima dos Dolores.<\/h3>\n<p><strong>\u00a0<\/strong><\/p>\n<h2><strong>\u00a0<\/strong><strong>M\u00c9RCORES SANTO<\/strong><\/h2>\n<p><u>CONFRAR\u00cdA DA MERC\u00c9<\/u><\/p>\n<p><strong>19:30 H PROCESI\u00d3N DE NOSA SE\u00d1ORA DOS CATIVOS E DO SANT\u00cdSIMO CRISTO REDENTOR<\/strong><\/p>\n<h3>Real Coro Toxos e Froles e A.M. Sant\u00edsimo Cristo da Boa Morte e Acotaga.<\/h3>\n<p>&nbsp;<\/p>\n<p><u>CONFRAR\u00cdA DAS ANGUSTIAS<\/u><\/p>\n<p><strong>21:00 H <\/strong>CRISTO DO PERD\u00d3N E MAR\u00cdA SANT\u00cdSIMA DOS DESAMPARADOS<\/p>\n<h3>A.M. Nosa Se\u00f1ora do Nord\u00e9s (OJE), Banda Municipal de Oza-Cesures e Banda das Angustias.<\/h3>\n<p>&nbsp;<\/p>\n<p><u>CONFRAR\u00cdA DE DOLORES<\/u><\/p>\n<p><strong>22:30 H <\/strong>PROCESI\u00d3N DA PENITENCIA<\/p>\n<h3>Timbaleiros e Banda Municipal de Nar\u00f3n.<\/h3>\n<p>&nbsp;<\/p>\n<h2><strong>XOVES SANTO<\/strong><\/h2>\n<p><u>CONFRAR\u00cdA DA SOIDADE<\/u><\/p>\n<p><strong>18:00 H PROCESI\u00d3N DO CRISTO DA BOA MORTE<\/strong><\/p>\n<h3>A.M. Sant\u00edsimo Cristo da Boa Morte, Agarimo de Catabois e A.M. Nosa Se\u00f1ora do Nord\u00e9s (OJE).<\/h3>\n<p>&nbsp;<\/p>\n<p><u>CONFRAR\u00cdA DAS ANGUSTIAS<\/u><\/p>\n<p><strong>19:30 H PROCESI\u00d3N DE NOSA SE\u00d1ORA DAS ANGUSTIAS<\/strong><\/p>\n<h3>A.M. Nosa Se\u00f1ora do Nord\u00e9s (OJE), Banda das Angustias, Banda Municipal de Oza-Cesures, Capela Musical e Unidade de M\u00fasica do Terzo Norte de Infanter\u00eda de Mari\u00f1a.<\/h3>\n<p><strong>\u00a0<\/strong><\/p>\n<p><u>CONFRAR\u00cdA DE DOLORES<\/u><\/p>\n<p><strong>23:00 H PROCESI\u00d3N DO SANT\u00cdSIMO CRISTO DA MISERICORDIA E MAR\u00cdA SANT\u00cdSIMA DA PIEDADE<\/strong><\/p>\n<h3>Acotaga, A.M. Sant\u00edsimo Cristo da Boa Morte, A.M. Virxe da Amargura, Banda de CCTT Sant\u00edsimo Cristo da Misericordia e Mar\u00eda Sant\u00edsima dos Dolores, Brilat e Xove Banda de Nar\u00f3n.<\/h3>\n<p>&nbsp;<\/p>\n<h2><strong>VENRES SANTO<\/strong><\/h2>\n<p><u>CONFRAR\u00cdA DE DOLORES<\/u><\/p>\n<p><strong>11:30 H SANTO ENCONTRO<\/strong> na praza de Armas<\/p>\n<h3>Timbaleiros, Banda de CCTT do Sant\u00edsimo Cristo da Misericordia e Mar\u00eda Sant\u00edsima dos Dolores, A.M. Sant\u00edsimo Cristo da Boa Morte, A.M. Virxe da Amargura e Xove Banda de Nar\u00f3n.<\/h3>\n<p>&nbsp;<\/p>\n<p><u>CONFRAR\u00cdA DA MERC\u00c9<\/u><\/p>\n<p><strong>16:30 H PROCESI\u00d3N DO CRUCIFICADO<\/strong><\/p>\n<h3>Acotaga.<\/h3>\n<p>&nbsp;<\/p>\n<p><u>IRMANDADE DO SANTO ENTERRO<\/u><\/p>\n<p>18.00 H ACTO DO DESENCRAVO no atrio da concatedral de San Xiao<\/p>\n<p><strong>19:00 H<\/strong> <strong>PROCESI\u00d3N DO SANTO ENTERRO<\/strong><\/p>\n<h3>Unidade de M\u00fasica do Terzo Norte de Infanter\u00eda de Mari\u00f1a.<\/h3>\n<p>&nbsp;<\/p>\n<p><u>CONFRAR\u00cdA DA SOIDADE<\/u><\/p>\n<p><strong>21:00 H<\/strong> PROCESI\u00d3N DA SOIDADE<\/p>\n<h3>A.M. Sant\u00edsimo Cristo da Boa Morte, Banda de CCyTT do Sant\u00edsimo Cristo da Misericordia e Mar\u00eda Sant\u00edsima dos Dolores.<\/h3>\n<p>&nbsp;<\/p>\n<p><u>CONFRAR\u00cdA DE DOLORES<\/u><\/p>\n<p><strong>23:30 H<\/strong> <strong>PROCESI\u00d3N DOS CALADI\u00d1OS<\/strong><\/p>\n<h3>Timbaleiros<\/h3>\n<p>&nbsp;<\/p>\n<h2><strong>S\u00c1BADO SANTO<\/strong><\/h2>\n<p><u>CONFRAR\u00cdA DAS ANGUSTIAS<\/u><\/p>\n<p><strong>20:00 H PROCESI\u00d3N DA CARIDADE E O SILENCIO<\/strong><\/p>\n<h3>Banda das Angustias e Capela Musical<\/h3>\n<p>&nbsp;<\/p>\n<h2><strong>DOMINGO DE RESURRECCI\u00d3N<\/strong><\/h2>\n<p><u>CONFRAR\u00cdAS DA SOIDADE, MERC\u00c9 E ANGUSTIAS<\/u><\/p>\n<p>12.30 H GOZOSO ENCONTRO na praza da Constituci\u00f3n.<\/p>\n<p><strong>13:00 H PROCESI\u00d3N DA RESURRECCI\u00d3N<\/strong><\/p>\n<h3>Agarimo de Catabois e A.M. Sant\u00edsimo Cristo da Boa Morte (coa procesi\u00f3n da Soidade); Acotaga (coa da Merc\u00e9) e Banda das Angustias (coa das Angustias).<\/h3>\n","protected":false},"excerpt":{"rendered":"<p>A m\u00fasica \u00e9 un elemento primordial nas procesi\u00f3ns, para marcar o paso e tam\u00e9n para darlle m\u00e1is intensidade aos desfiles. As confrar\u00edas te\u00f1en pechado xa o programa dos acompa\u00f1amentos coas bandas e agrupaci\u00f3ns, a maior parte delas de Ferrol. DOMINGO DE RAMOS CONFRAR\u00cdA DAS ANGUSTIAS 11:30 H PROCESI\u00d3N DE XES\u00daS AMIGO DOS NENOS A.M. Nosa [&hellip;]<\/p>\n","protected":false},"author":3,"featured_media":5483,"comment_status":"open","ping_status":"open","sticky":false,"template":"","format":"standard","meta":{"footnotes":""},"categories":[39],"tags":[],"class_list":["post-5458","post","type-post","status-publish","format-standard","has-post-thumbnail","hentry","category-xunta"],"yoast_head":"<!-- This site is optimized with the Yoast SEO plugin v27.5 - https:\/\/yoast.com\/product\/yoast-seo-wordpress\/ -->\n<title>Acompa\u00f1amiento musical para a Semana Santa de Ferrol 2023 - Junta General de Cofrad\u00edas y Hermandades<\/title>\n<meta name=\"robots\" content=\"index, follow, max-snippet:-1, max-image-preview:large, max-video-preview:-1\" \/>\n<link rel=\"canonical\" href=\"https:\/\/semanasantaferrol.com\/gl\/acompanamiento-musical-para-as-procesions-da-semana-santa-de-ferrol-2023\/\" \/>\n<meta property=\"og:locale\" content=\"gl_ES\" \/>\n<meta property=\"og:type\" content=\"article\" \/>\n<meta property=\"og:title\" content=\"Acompa\u00f1amiento musical para a Semana Santa de Ferrol 2023 - Junta General de Cofrad\u00edas y Hermandades\" \/>\n<meta property=\"og:description\" content=\"A m\u00fasica \u00e9 un elemento primordial nas procesi\u00f3ns, para marcar o paso e tam\u00e9n para darlle m\u00e1is intensidade aos desfiles. As confrar\u00edas te\u00f1en pechado xa o programa dos acompa\u00f1amentos coas bandas e agrupaci\u00f3ns, a maior parte delas de Ferrol. DOMINGO DE RAMOS CONFRAR\u00cdA DAS ANGUSTIAS 11:30 H PROCESI\u00d3N DE XES\u00daS AMIGO DOS NENOS A.M. Nosa [&hellip;]\" \/>\n<meta property=\"og:url\" content=\"https:\/\/semanasantaferrol.com\/gl\/acompanamiento-musical-para-as-procesions-da-semana-santa-de-ferrol-2023\/\" \/>\n<meta property=\"og:site_name\" content=\"Junta General de Cofrad\u00edas y Hermandades\" \/>\n<meta property=\"article:publisher\" content=\"https:\/\/www.facebook.com\/Juntageneraldecofradias\/\" \/>\n<meta property=\"article:published_time\" content=\"2023-01-30T10:09:02+00:00\" \/>\n<meta property=\"article:modified_time\" content=\"2023-01-30T13:07:16+00:00\" \/>\n<meta property=\"og:image\" content=\"https:\/\/semanasantaferrol.com\/wp-content\/uploads\/2023\/01\/musica-scaled.jpg\" \/>\n\t<meta property=\"og:image:width\" content=\"2560\" \/>\n\t<meta property=\"og:image:height\" content=\"1920\" \/>\n\t<meta property=\"og:image:type\" content=\"image\/jpeg\" \/>\n<meta name=\"author\" content=\"pingota\" \/>\n<meta name=\"twitter:card\" content=\"summary_large_image\" \/>\n<meta name=\"twitter:label1\" content=\"Escrito por\" \/>\n\t<meta name=\"twitter:data1\" content=\"pingota\" \/>\n\t<meta name=\"twitter:label2\" content=\"Tempo de lectura\" \/>\n\t<meta name=\"twitter:data2\" content=\"3 minutos\" \/>\n<script type=\"application\/ld+json\" class=\"yoast-schema-graph\">{\"@context\":\"https:\\\/\\\/schema.org\",\"@graph\":[{\"@type\":\"Article\",\"@id\":\"https:\\\/\\\/semanasantaferrol.com\\\/gl\\\/acompanamiento-musical-para-as-procesions-da-semana-santa-de-ferrol-2023\\\/#article\",\"isPartOf\":{\"@id\":\"https:\\\/\\\/semanasantaferrol.com\\\/gl\\\/acompanamiento-musical-para-as-procesions-da-semana-santa-de-ferrol-2023\\\/\"},\"author\":{\"name\":\"pingota\",\"@id\":\"https:\\\/\\\/semanasantaferrol.com\\\/gl\\\/#\\\/schema\\\/person\\\/cdd132690f08f75a35f05e2423e6307c\"},\"headline\":\"Acompa\u00f1amiento musical para a Semana Santa de Ferrol 2023\",\"datePublished\":\"2023-01-30T10:09:02+00:00\",\"dateModified\":\"2023-01-30T13:07:16+00:00\",\"mainEntityOfPage\":{\"@id\":\"https:\\\/\\\/semanasantaferrol.com\\\/gl\\\/acompanamiento-musical-para-as-procesions-da-semana-santa-de-ferrol-2023\\\/\"},\"wordCount\":685,\"commentCount\":0,\"publisher\":{\"@id\":\"https:\\\/\\\/semanasantaferrol.com\\\/gl\\\/#organization\"},\"image\":{\"@id\":\"https:\\\/\\\/semanasantaferrol.com\\\/gl\\\/acompanamiento-musical-para-as-procesions-da-semana-santa-de-ferrol-2023\\\/#primaryimage\"},\"thumbnailUrl\":\"https:\\\/\\\/semanasantaferrol.com\\\/wp-content\\\/uploads\\\/2023\\\/01\\\/musica-scaled.jpg\",\"articleSection\":[\"Xunta\"],\"inLanguage\":\"gl-ES\",\"potentialAction\":[{\"@type\":\"CommentAction\",\"name\":\"Comment\",\"target\":[\"https:\\\/\\\/semanasantaferrol.com\\\/gl\\\/acompanamiento-musical-para-as-procesions-da-semana-santa-de-ferrol-2023\\\/#respond\"]}]},{\"@type\":\"WebPage\",\"@id\":\"https:\\\/\\\/semanasantaferrol.com\\\/gl\\\/acompanamiento-musical-para-as-procesions-da-semana-santa-de-ferrol-2023\\\/\",\"url\":\"https:\\\/\\\/semanasantaferrol.com\\\/gl\\\/acompanamiento-musical-para-as-procesions-da-semana-santa-de-ferrol-2023\\\/\",\"name\":\"Acompa\u00f1amiento musical para a Semana Santa de Ferrol 2023 - Junta General de Cofrad\u00edas y Hermandades\",\"isPartOf\":{\"@id\":\"https:\\\/\\\/semanasantaferrol.com\\\/gl\\\/#website\"},\"primaryImageOfPage\":{\"@id\":\"https:\\\/\\\/semanasantaferrol.com\\\/gl\\\/acompanamiento-musical-para-as-procesions-da-semana-santa-de-ferrol-2023\\\/#primaryimage\"},\"image\":{\"@id\":\"https:\\\/\\\/semanasantaferrol.com\\\/gl\\\/acompanamiento-musical-para-as-procesions-da-semana-santa-de-ferrol-2023\\\/#primaryimage\"},\"thumbnailUrl\":\"https:\\\/\\\/semanasantaferrol.com\\\/wp-content\\\/uploads\\\/2023\\\/01\\\/musica-scaled.jpg\",\"datePublished\":\"2023-01-30T10:09:02+00:00\",\"dateModified\":\"2023-01-30T13:07:16+00:00\",\"breadcrumb\":{\"@id\":\"https:\\\/\\\/semanasantaferrol.com\\\/gl\\\/acompanamiento-musical-para-as-procesions-da-semana-santa-de-ferrol-2023\\\/#breadcrumb\"},\"inLanguage\":\"gl-ES\",\"potentialAction\":[{\"@type\":\"ReadAction\",\"target\":[\"https:\\\/\\\/semanasantaferrol.com\\\/gl\\\/acompanamiento-musical-para-as-procesions-da-semana-santa-de-ferrol-2023\\\/\"]}]},{\"@type\":\"ImageObject\",\"inLanguage\":\"gl-ES\",\"@id\":\"https:\\\/\\\/semanasantaferrol.com\\\/gl\\\/acompanamiento-musical-para-as-procesions-da-semana-santa-de-ferrol-2023\\\/#primaryimage\",\"url\":\"https:\\\/\\\/semanasantaferrol.com\\\/wp-content\\\/uploads\\\/2023\\\/01\\\/musica-scaled.jpg\",\"contentUrl\":\"https:\\\/\\\/semanasantaferrol.com\\\/wp-content\\\/uploads\\\/2023\\\/01\\\/musica-scaled.jpg\",\"width\":2560,\"height\":1920},{\"@type\":\"BreadcrumbList\",\"@id\":\"https:\\\/\\\/semanasantaferrol.com\\\/gl\\\/acompanamiento-musical-para-as-procesions-da-semana-santa-de-ferrol-2023\\\/#breadcrumb\",\"itemListElement\":[{\"@type\":\"ListItem\",\"position\":1,\"name\":\"Portada\",\"item\":\"https:\\\/\\\/semanasantaferrol.com\\\/gl\\\/\"},{\"@type\":\"ListItem\",\"position\":2,\"name\":\"Acompa\u00f1amiento musical para a Semana Santa de Ferrol 2023\"}]},{\"@type\":\"WebSite\",\"@id\":\"https:\\\/\\\/semanasantaferrol.com\\\/gl\\\/#website\",\"url\":\"https:\\\/\\\/semanasantaferrol.com\\\/gl\\\/\",\"name\":\"Junta General de Cofrad\u00edas y Hermandades\",\"description\":\"Semana Santa de Ferrol\",\"publisher\":{\"@id\":\"https:\\\/\\\/semanasantaferrol.com\\\/gl\\\/#organization\"},\"alternateName\":\"Semana Santa de Ferrol\",\"potentialAction\":[{\"@type\":\"SearchAction\",\"target\":{\"@type\":\"EntryPoint\",\"urlTemplate\":\"https:\\\/\\\/semanasantaferrol.com\\\/gl\\\/?s={search_term_string}\"},\"query-input\":{\"@type\":\"PropertyValueSpecification\",\"valueRequired\":true,\"valueName\":\"search_term_string\"}}],\"inLanguage\":\"gl-ES\"},{\"@type\":\"Organization\",\"@id\":\"https:\\\/\\\/semanasantaferrol.com\\\/gl\\\/#organization\",\"name\":\"Junta General de Cofrad\u00edas y Hermandades de la Semana Santa de Ferrol\",\"alternateName\":\"Junta de Cofrad\u00edas de la Semana Santa de Ferrol\",\"url\":\"https:\\\/\\\/semanasantaferrol.com\\\/gl\\\/\",\"logo\":{\"@type\":\"ImageObject\",\"inLanguage\":\"gl-ES\",\"@id\":\"https:\\\/\\\/semanasantaferrol.com\\\/gl\\\/#\\\/schema\\\/logo\\\/image\\\/\",\"url\":\"https:\\\/\\\/semanasantaferrol.com\\\/wp-content\\\/uploads\\\/2022\\\/10\\\/junta_general_logo.svg\",\"contentUrl\":\"https:\\\/\\\/semanasantaferrol.com\\\/wp-content\\\/uploads\\\/2022\\\/10\\\/junta_general_logo.svg\",\"width\":600,\"height\":790,\"caption\":\"Junta General de Cofrad\u00edas y Hermandades de la Semana Santa de Ferrol\"},\"image\":{\"@id\":\"https:\\\/\\\/semanasantaferrol.com\\\/gl\\\/#\\\/schema\\\/logo\\\/image\\\/\"},\"sameAs\":[\"https:\\\/\\\/www.facebook.com\\\/Juntageneraldecofradias\\\/\",\"https:\\\/\\\/www.instagram.com\\\/juntageneralcofradiasferrol\\\/\",\"https:\\\/\\\/www.youtube.com\\\/@semanasantadeferrol1616\",\"https:\\\/\\\/www.tiktok.com\\\/@semanasantadeferrol\"]},{\"@type\":\"Person\",\"@id\":\"https:\\\/\\\/semanasantaferrol.com\\\/gl\\\/#\\\/schema\\\/person\\\/cdd132690f08f75a35f05e2423e6307c\",\"name\":\"pingota\",\"image\":{\"@type\":\"ImageObject\",\"inLanguage\":\"gl-ES\",\"@id\":\"https:\\\/\\\/secure.gravatar.com\\\/avatar\\\/b1bb79ecdfb8d6f4c44a82262f8b422faeb290304fc5c6f8b9b4305bfaa2853c?s=96&d=mm&r=g\",\"url\":\"https:\\\/\\\/secure.gravatar.com\\\/avatar\\\/b1bb79ecdfb8d6f4c44a82262f8b422faeb290304fc5c6f8b9b4305bfaa2853c?s=96&d=mm&r=g\",\"contentUrl\":\"https:\\\/\\\/secure.gravatar.com\\\/avatar\\\/b1bb79ecdfb8d6f4c44a82262f8b422faeb290304fc5c6f8b9b4305bfaa2853c?s=96&d=mm&r=g\",\"caption\":\"pingota\"},\"url\":\"https:\\\/\\\/semanasantaferrol.com\\\/gl\"}]}<\/script>\n<!-- \/ Yoast SEO plugin. -->","yoast_head_json":{"title":"Acompa\u00f1amiento musical para a Semana Santa de Ferrol 2023 - Junta General de Cofrad\u00edas y Hermandades","robots":{"index":"index","follow":"follow","max-snippet":"max-snippet:-1","max-image-preview":"max-image-preview:large","max-video-preview":"max-video-preview:-1"},"canonical":"https:\/\/semanasantaferrol.com\/gl\/acompanamiento-musical-para-as-procesions-da-semana-santa-de-ferrol-2023\/","og_locale":"gl_ES","og_type":"article","og_title":"Acompa\u00f1amiento musical para a Semana Santa de Ferrol 2023 - Junta General de Cofrad\u00edas y Hermandades","og_description":"A m\u00fasica \u00e9 un elemento primordial nas procesi\u00f3ns, para marcar o paso e tam\u00e9n para darlle m\u00e1is intensidade aos desfiles. As confrar\u00edas te\u00f1en pechado xa o programa dos acompa\u00f1amentos coas bandas e agrupaci\u00f3ns, a maior parte delas de Ferrol. DOMINGO DE RAMOS CONFRAR\u00cdA DAS ANGUSTIAS 11:30 H PROCESI\u00d3N DE XES\u00daS AMIGO DOS NENOS A.M. Nosa [&hellip;]","og_url":"https:\/\/semanasantaferrol.com\/gl\/acompanamiento-musical-para-as-procesions-da-semana-santa-de-ferrol-2023\/","og_site_name":"Junta General de Cofrad\u00edas y Hermandades","article_publisher":"https:\/\/www.facebook.com\/Juntageneraldecofradias\/","article_published_time":"2023-01-30T10:09:02+00:00","article_modified_time":"2023-01-30T13:07:16+00:00","og_image":[{"width":2560,"height":1920,"url":"https:\/\/semanasantaferrol.com\/wp-content\/uploads\/2023\/01\/musica-scaled.jpg","type":"image\/jpeg"}],"author":"pingota","twitter_card":"summary_large_image","twitter_misc":{"Escrito por":"pingota","Tempo de lectura":"3 minutos"},"schema":{"@context":"https:\/\/schema.org","@graph":[{"@type":"Article","@id":"https:\/\/semanasantaferrol.com\/gl\/acompanamiento-musical-para-as-procesions-da-semana-santa-de-ferrol-2023\/#article","isPartOf":{"@id":"https:\/\/semanasantaferrol.com\/gl\/acompanamiento-musical-para-as-procesions-da-semana-santa-de-ferrol-2023\/"},"author":{"name":"pingota","@id":"https:\/\/semanasantaferrol.com\/gl\/#\/schema\/person\/cdd132690f08f75a35f05e2423e6307c"},"headline":"Acompa\u00f1amiento musical para a Semana Santa de Ferrol 2023","datePublished":"2023-01-30T10:09:02+00:00","dateModified":"2023-01-30T13:07:16+00:00","mainEntityOfPage":{"@id":"https:\/\/semanasantaferrol.com\/gl\/acompanamiento-musical-para-as-procesions-da-semana-santa-de-ferrol-2023\/"},"wordCount":685,"commentCount":0,"publisher":{"@id":"https:\/\/semanasantaferrol.com\/gl\/#organization"},"image":{"@id":"https:\/\/semanasantaferrol.com\/gl\/acompanamiento-musical-para-as-procesions-da-semana-santa-de-ferrol-2023\/#primaryimage"},"thumbnailUrl":"https:\/\/semanasantaferrol.com\/wp-content\/uploads\/2023\/01\/musica-scaled.jpg","articleSection":["Xunta"],"inLanguage":"gl-ES","potentialAction":[{"@type":"CommentAction","name":"Comment","target":["https:\/\/semanasantaferrol.com\/gl\/acompanamiento-musical-para-as-procesions-da-semana-santa-de-ferrol-2023\/#respond"]}]},{"@type":"WebPage","@id":"https:\/\/semanasantaferrol.com\/gl\/acompanamiento-musical-para-as-procesions-da-semana-santa-de-ferrol-2023\/","url":"https:\/\/semanasantaferrol.com\/gl\/acompanamiento-musical-para-as-procesions-da-semana-santa-de-ferrol-2023\/","name":"Acompa\u00f1amiento musical para a Semana Santa de Ferrol 2023 - Junta General de Cofrad\u00edas y Hermandades","isPartOf":{"@id":"https:\/\/semanasantaferrol.com\/gl\/#website"},"primaryImageOfPage":{"@id":"https:\/\/semanasantaferrol.com\/gl\/acompanamiento-musical-para-as-procesions-da-semana-santa-de-ferrol-2023\/#primaryimage"},"image":{"@id":"https:\/\/semanasantaferrol.com\/gl\/acompanamiento-musical-para-as-procesions-da-semana-santa-de-ferrol-2023\/#primaryimage"},"thumbnailUrl":"https:\/\/semanasantaferrol.com\/wp-content\/uploads\/2023\/01\/musica-scaled.jpg","datePublished":"2023-01-30T10:09:02+00:00","dateModified":"2023-01-30T13:07:16+00:00","breadcrumb":{"@id":"https:\/\/semanasantaferrol.com\/gl\/acompanamiento-musical-para-as-procesions-da-semana-santa-de-ferrol-2023\/#breadcrumb"},"inLanguage":"gl-ES","potentialAction":[{"@type":"ReadAction","target":["https:\/\/semanasantaferrol.com\/gl\/acompanamiento-musical-para-as-procesions-da-semana-santa-de-ferrol-2023\/"]}]},{"@type":"ImageObject","inLanguage":"gl-ES","@id":"https:\/\/semanasantaferrol.com\/gl\/acompanamiento-musical-para-as-procesions-da-semana-santa-de-ferrol-2023\/#primaryimage","url":"https:\/\/semanasantaferrol.com\/wp-content\/uploads\/2023\/01\/musica-scaled.jpg","contentUrl":"https:\/\/semanasantaferrol.com\/wp-content\/uploads\/2023\/01\/musica-scaled.jpg","width":2560,"height":1920},{"@type":"BreadcrumbList","@id":"https:\/\/semanasantaferrol.com\/gl\/acompanamiento-musical-para-as-procesions-da-semana-santa-de-ferrol-2023\/#breadcrumb","itemListElement":[{"@type":"ListItem","position":1,"name":"Portada","item":"https:\/\/semanasantaferrol.com\/gl\/"},{"@type":"ListItem","position":2,"name":"Acompa\u00f1amiento musical para a Semana Santa de Ferrol 2023"}]},{"@type":"WebSite","@id":"https:\/\/semanasantaferrol.com\/gl\/#website","url":"https:\/\/semanasantaferrol.com\/gl\/","name":"Junta General de Cofrad\u00edas y Hermandades","description":"Semana Santa de Ferrol","publisher":{"@id":"https:\/\/semanasantaferrol.com\/gl\/#organization"},"alternateName":"Semana Santa de Ferrol","potentialAction":[{"@type":"SearchAction","target":{"@type":"EntryPoint","urlTemplate":"https:\/\/semanasantaferrol.com\/gl\/?s={search_term_string}"},"query-input":{"@type":"PropertyValueSpecification","valueRequired":true,"valueName":"search_term_string"}}],"inLanguage":"gl-ES"},{"@type":"Organization","@id":"https:\/\/semanasantaferrol.com\/gl\/#organization","name":"Junta General de Cofrad\u00edas y Hermandades de la Semana Santa de Ferrol","alternateName":"Junta de Cofrad\u00edas de la Semana Santa de Ferrol","url":"https:\/\/semanasantaferrol.com\/gl\/","logo":{"@type":"ImageObject","inLanguage":"gl-ES","@id":"https:\/\/semanasantaferrol.com\/gl\/#\/schema\/logo\/image\/","url":"https:\/\/semanasantaferrol.com\/wp-content\/uploads\/2022\/10\/junta_general_logo.svg","contentUrl":"https:\/\/semanasantaferrol.com\/wp-content\/uploads\/2022\/10\/junta_general_logo.svg","width":600,"height":790,"caption":"Junta General de Cofrad\u00edas y Hermandades de la Semana Santa de Ferrol"},"image":{"@id":"https:\/\/semanasantaferrol.com\/gl\/#\/schema\/logo\/image\/"},"sameAs":["https:\/\/www.facebook.com\/Juntageneraldecofradias\/","https:\/\/www.instagram.com\/juntageneralcofradiasferrol\/","https:\/\/www.youtube.com\/@semanasantadeferrol1616","https:\/\/www.tiktok.com\/@semanasantadeferrol"]},{"@type":"Person","@id":"https:\/\/semanasantaferrol.com\/gl\/#\/schema\/person\/cdd132690f08f75a35f05e2423e6307c","name":"pingota","image":{"@type":"ImageObject","inLanguage":"gl-ES","@id":"https:\/\/secure.gravatar.com\/avatar\/b1bb79ecdfb8d6f4c44a82262f8b422faeb290304fc5c6f8b9b4305bfaa2853c?s=96&d=mm&r=g","url":"https:\/\/secure.gravatar.com\/avatar\/b1bb79ecdfb8d6f4c44a82262f8b422faeb290304fc5c6f8b9b4305bfaa2853c?s=96&d=mm&r=g","contentUrl":"https:\/\/secure.gravatar.com\/avatar\/b1bb79ecdfb8d6f4c44a82262f8b422faeb290304fc5c6f8b9b4305bfaa2853c?s=96&d=mm&r=g","caption":"pingota"},"url":"https:\/\/semanasantaferrol.com\/gl"}]}},"_links":{"self":[{"href":"https:\/\/semanasantaferrol.com\/gl\/wp-json\/wp\/v2\/posts\/5458","targetHints":{"allow":["GET"]}}],"collection":[{"href":"https:\/\/semanasantaferrol.com\/gl\/wp-json\/wp\/v2\/posts"}],"about":[{"href":"https:\/\/semanasantaferrol.com\/gl\/wp-json\/wp\/v2\/types\/post"}],"author":[{"embeddable":true,"href":"https:\/\/semanasantaferrol.com\/gl\/wp-json\/wp\/v2\/users\/3"}],"replies":[{"embeddable":true,"href":"https:\/\/semanasantaferrol.com\/gl\/wp-json\/wp\/v2\/comments?post=5458"}],"version-history":[{"count":6,"href":"https:\/\/semanasantaferrol.com\/gl\/wp-json\/wp\/v2\/posts\/5458\/revisions"}],"predecessor-version":[{"id":5474,"href":"https:\/\/semanasantaferrol.com\/gl\/wp-json\/wp\/v2\/posts\/5458\/revisions\/5474"}],"wp:featuredmedia":[{"embeddable":true,"href":"https:\/\/semanasantaferrol.com\/gl\/wp-json\/wp\/v2\/media\/5483"}],"wp:attachment":[{"href":"https:\/\/semanasantaferrol.com\/gl\/wp-json\/wp\/v2\/media?parent=5458"}],"wp:term":[{"taxonomy":"category","embeddable":true,"href":"https:\/\/semanasantaferrol.com\/gl\/wp-json\/wp\/v2\/categories?post=5458"},{"taxonomy":"post_tag","embeddable":true,"href":"https:\/\/semanasantaferrol.com\/gl\/wp-json\/wp\/v2\/tags?post=5458"}],"curies":[{"name":"wp","href":"https:\/\/api.w.org\/{rel}","templated":true}]}}