{"id":5305,"date":"2023-01-25T11:59:19","date_gmt":"2023-01-25T11:59:19","guid":{"rendered":"https:\/\/semanasantaferrol.com\/solemne-funcion-na-honra-da-santa-muller-veronica-da-confraria-de-dolores\/"},"modified":"2023-01-25T11:59:19","modified_gmt":"2023-01-25T11:59:19","slug":"solemne-funcion-na-honra-da-santa-muller-veronica-da-confraria-de-dolores","status":"publish","type":"post","link":"https:\/\/semanasantaferrol.com\/gl\/solemne-funcion-na-honra-da-santa-muller-veronica-da-confraria-de-dolores\/","title":{"rendered":"Solemne funci\u00f3n na honra da Santa Muller Ver\u00f3nica da Confrar\u00eda de Dolores."},"content":{"rendered":"<p>A Confrar\u00eda de Dores informa de que o pr\u00f3ximo d\u00eda 4 de febreiro, \u00e1s 19.00 horas, ter\u00e1 lugar na igrexa do Socorro a Solemne Funci\u00f3n en honra da Santa Muller Ver\u00f3nica. Tr\u00e1tase dunha celebraci\u00f3n que cada ano organiza a confrar\u00eda ao redor da data na que se celebra a festividade da Santa Ver\u00f3nica, que precisamente \u00e9 unha das s\u00faas imaxes m\u00e1is antigas.<\/p>\n<p>Con esta funci\u00f3n, a irmandade inaugura o calendario de cultos do presente ano 2023.<\/p>\n","protected":false},"excerpt":{"rendered":"<p>A Confrar\u00eda de Dores informa de que o pr\u00f3ximo d\u00eda 4 de febreiro, \u00e1s 19.00 horas, ter\u00e1 lugar na igrexa do Socorro a Solemne Funci\u00f3n en honra da Santa Muller Ver\u00f3nica. Tr\u00e1tase dunha celebraci\u00f3n que cada ano organiza a confrar\u00eda ao redor da data na que se celebra a festividade da Santa Ver\u00f3nica, que precisamente [&hellip;]<\/p>\n","protected":false},"author":3,"featured_media":5303,"comment_status":"open","ping_status":"open","sticky":false,"template":"","format":"standard","meta":{"footnotes":""},"categories":[37],"tags":[],"class_list":["post-5305","post","type-post","status-publish","format-standard","has-post-thumbnail","hentry","category-dores"],"yoast_head":"<!-- This site is optimized with the Yoast SEO plugin v27.5 - https:\/\/yoast.com\/product\/yoast-seo-wordpress\/ -->\n<title>Solemne funci\u00f3n na honra da Santa Muller Ver\u00f3nica da Confrar\u00eda de Dolores. - Junta General de Cofrad\u00edas y Hermandades<\/title>\n<meta name=\"description\" content=\"A igrexa do Socorro acoller\u00e1 o vindeiro 4 de febreiro a solemne funci\u00f3n na honra da Santa Muller Ver\u00f3nica Ser\u00e1 \u00e1s sete da tarde.\" \/>\n<meta name=\"robots\" content=\"index, follow, max-snippet:-1, max-image-preview:large, max-video-preview:-1\" \/>\n<link rel=\"canonical\" href=\"https:\/\/semanasantaferrol.com\/gl\/solemne-funcion-na-honra-da-santa-muller-veronica-da-confraria-de-dolores\/\" \/>\n<meta property=\"og:locale\" content=\"gl_ES\" \/>\n<meta property=\"og:type\" content=\"article\" \/>\n<meta property=\"og:title\" content=\"Solemne funci\u00f3n na honra da Santa Muller Ver\u00f3nica da Confrar\u00eda de Dolores. - Junta General de Cofrad\u00edas y Hermandades\" \/>\n<meta property=\"og:description\" content=\"A igrexa do Socorro acoller\u00e1 o vindeiro 4 de febreiro a solemne funci\u00f3n na honra da Santa Muller Ver\u00f3nica Ser\u00e1 \u00e1s sete da tarde.\" \/>\n<meta property=\"og:url\" content=\"https:\/\/semanasantaferrol.com\/gl\/solemne-funcion-na-honra-da-santa-muller-veronica-da-confraria-de-dolores\/\" \/>\n<meta property=\"og:site_name\" content=\"Junta General de Cofrad\u00edas y Hermandades\" \/>\n<meta property=\"article:publisher\" content=\"https:\/\/www.facebook.com\/Juntageneraldecofradias\/\" \/>\n<meta property=\"article:published_time\" content=\"2023-01-25T11:59:19+00:00\" \/>\n<meta property=\"og:image\" content=\"https:\/\/semanasantaferrol.com\/wp-content\/uploads\/2023\/01\/MG_8176-scaled.jpg\" \/>\n\t<meta property=\"og:image:width\" content=\"2560\" \/>\n\t<meta property=\"og:image:height\" content=\"1918\" \/>\n\t<meta property=\"og:image:type\" content=\"image\/jpeg\" \/>\n<meta name=\"author\" content=\"pingota\" \/>\n<meta name=\"twitter:card\" content=\"summary_large_image\" \/>\n<meta name=\"twitter:label1\" content=\"Escrito por\" \/>\n\t<meta name=\"twitter:data1\" content=\"pingota\" \/>\n<script type=\"application\/ld+json\" class=\"yoast-schema-graph\">{\"@context\":\"https:\\\/\\\/schema.org\",\"@graph\":[{\"@type\":\"Article\",\"@id\":\"https:\\\/\\\/semanasantaferrol.com\\\/gl\\\/solemne-funcion-na-honra-da-santa-muller-veronica-da-confraria-de-dolores\\\/#article\",\"isPartOf\":{\"@id\":\"https:\\\/\\\/semanasantaferrol.com\\\/gl\\\/solemne-funcion-na-honra-da-santa-muller-veronica-da-confraria-de-dolores\\\/\"},\"author\":{\"name\":\"pingota\",\"@id\":\"https:\\\/\\\/semanasantaferrol.com\\\/gl\\\/#\\\/schema\\\/person\\\/cdd132690f08f75a35f05e2423e6307c\"},\"headline\":\"Solemne funci\u00f3n na honra da Santa Muller Ver\u00f3nica da Confrar\u00eda de Dolores.\",\"datePublished\":\"2023-01-25T11:59:19+00:00\",\"mainEntityOfPage\":{\"@id\":\"https:\\\/\\\/semanasantaferrol.com\\\/gl\\\/solemne-funcion-na-honra-da-santa-muller-veronica-da-confraria-de-dolores\\\/\"},\"wordCount\":99,\"commentCount\":0,\"publisher\":{\"@id\":\"https:\\\/\\\/semanasantaferrol.com\\\/gl\\\/#organization\"},\"image\":{\"@id\":\"https:\\\/\\\/semanasantaferrol.com\\\/gl\\\/solemne-funcion-na-honra-da-santa-muller-veronica-da-confraria-de-dolores\\\/#primaryimage\"},\"thumbnailUrl\":\"https:\\\/\\\/semanasantaferrol.com\\\/wp-content\\\/uploads\\\/2023\\\/01\\\/MG_8176-scaled.jpg\",\"articleSection\":[\"Dolores\"],\"inLanguage\":\"gl-ES\",\"potentialAction\":[{\"@type\":\"CommentAction\",\"name\":\"Comment\",\"target\":[\"https:\\\/\\\/semanasantaferrol.com\\\/gl\\\/solemne-funcion-na-honra-da-santa-muller-veronica-da-confraria-de-dolores\\\/#respond\"]}]},{\"@type\":\"WebPage\",\"@id\":\"https:\\\/\\\/semanasantaferrol.com\\\/gl\\\/solemne-funcion-na-honra-da-santa-muller-veronica-da-confraria-de-dolores\\\/\",\"url\":\"https:\\\/\\\/semanasantaferrol.com\\\/gl\\\/solemne-funcion-na-honra-da-santa-muller-veronica-da-confraria-de-dolores\\\/\",\"name\":\"Solemne funci\u00f3n na honra da Santa Muller Ver\u00f3nica da Confrar\u00eda de Dolores. - Junta General de Cofrad\u00edas y Hermandades\",\"isPartOf\":{\"@id\":\"https:\\\/\\\/semanasantaferrol.com\\\/gl\\\/#website\"},\"primaryImageOfPage\":{\"@id\":\"https:\\\/\\\/semanasantaferrol.com\\\/gl\\\/solemne-funcion-na-honra-da-santa-muller-veronica-da-confraria-de-dolores\\\/#primaryimage\"},\"image\":{\"@id\":\"https:\\\/\\\/semanasantaferrol.com\\\/gl\\\/solemne-funcion-na-honra-da-santa-muller-veronica-da-confraria-de-dolores\\\/#primaryimage\"},\"thumbnailUrl\":\"https:\\\/\\\/semanasantaferrol.com\\\/wp-content\\\/uploads\\\/2023\\\/01\\\/MG_8176-scaled.jpg\",\"datePublished\":\"2023-01-25T11:59:19+00:00\",\"description\":\"A igrexa do Socorro acoller\u00e1 o vindeiro 4 de febreiro a solemne funci\u00f3n na honra da Santa Muller Ver\u00f3nica Ser\u00e1 \u00e1s sete da tarde.\",\"breadcrumb\":{\"@id\":\"https:\\\/\\\/semanasantaferrol.com\\\/gl\\\/solemne-funcion-na-honra-da-santa-muller-veronica-da-confraria-de-dolores\\\/#breadcrumb\"},\"inLanguage\":\"gl-ES\",\"potentialAction\":[{\"@type\":\"ReadAction\",\"target\":[\"https:\\\/\\\/semanasantaferrol.com\\\/gl\\\/solemne-funcion-na-honra-da-santa-muller-veronica-da-confraria-de-dolores\\\/\"]}]},{\"@type\":\"ImageObject\",\"inLanguage\":\"gl-ES\",\"@id\":\"https:\\\/\\\/semanasantaferrol.com\\\/gl\\\/solemne-funcion-na-honra-da-santa-muller-veronica-da-confraria-de-dolores\\\/#primaryimage\",\"url\":\"https:\\\/\\\/semanasantaferrol.com\\\/wp-content\\\/uploads\\\/2023\\\/01\\\/MG_8176-scaled.jpg\",\"contentUrl\":\"https:\\\/\\\/semanasantaferrol.com\\\/wp-content\\\/uploads\\\/2023\\\/01\\\/MG_8176-scaled.jpg\",\"width\":2560,\"height\":1918},{\"@type\":\"BreadcrumbList\",\"@id\":\"https:\\\/\\\/semanasantaferrol.com\\\/gl\\\/solemne-funcion-na-honra-da-santa-muller-veronica-da-confraria-de-dolores\\\/#breadcrumb\",\"itemListElement\":[{\"@type\":\"ListItem\",\"position\":1,\"name\":\"Portada\",\"item\":\"https:\\\/\\\/semanasantaferrol.com\\\/gl\\\/\"},{\"@type\":\"ListItem\",\"position\":2,\"name\":\"Solemne funci\u00f3n na honra da Santa Muller Ver\u00f3nica da Confrar\u00eda de Dolores.\"}]},{\"@type\":\"WebSite\",\"@id\":\"https:\\\/\\\/semanasantaferrol.com\\\/gl\\\/#website\",\"url\":\"https:\\\/\\\/semanasantaferrol.com\\\/gl\\\/\",\"name\":\"Junta General de Cofrad\u00edas y Hermandades\",\"description\":\"Semana Santa de Ferrol\",\"publisher\":{\"@id\":\"https:\\\/\\\/semanasantaferrol.com\\\/gl\\\/#organization\"},\"alternateName\":\"Semana Santa de Ferrol\",\"potentialAction\":[{\"@type\":\"SearchAction\",\"target\":{\"@type\":\"EntryPoint\",\"urlTemplate\":\"https:\\\/\\\/semanasantaferrol.com\\\/gl\\\/?s={search_term_string}\"},\"query-input\":{\"@type\":\"PropertyValueSpecification\",\"valueRequired\":true,\"valueName\":\"search_term_string\"}}],\"inLanguage\":\"gl-ES\"},{\"@type\":\"Organization\",\"@id\":\"https:\\\/\\\/semanasantaferrol.com\\\/gl\\\/#organization\",\"name\":\"Junta General de Cofrad\u00edas y Hermandades de la Semana Santa de Ferrol\",\"alternateName\":\"Junta de Cofrad\u00edas de la Semana Santa de Ferrol\",\"url\":\"https:\\\/\\\/semanasantaferrol.com\\\/gl\\\/\",\"logo\":{\"@type\":\"ImageObject\",\"inLanguage\":\"gl-ES\",\"@id\":\"https:\\\/\\\/semanasantaferrol.com\\\/gl\\\/#\\\/schema\\\/logo\\\/image\\\/\",\"url\":\"https:\\\/\\\/semanasantaferrol.com\\\/wp-content\\\/uploads\\\/2022\\\/10\\\/junta_general_logo.svg\",\"contentUrl\":\"https:\\\/\\\/semanasantaferrol.com\\\/wp-content\\\/uploads\\\/2022\\\/10\\\/junta_general_logo.svg\",\"width\":600,\"height\":790,\"caption\":\"Junta General de Cofrad\u00edas y Hermandades de la Semana Santa de Ferrol\"},\"image\":{\"@id\":\"https:\\\/\\\/semanasantaferrol.com\\\/gl\\\/#\\\/schema\\\/logo\\\/image\\\/\"},\"sameAs\":[\"https:\\\/\\\/www.facebook.com\\\/Juntageneraldecofradias\\\/\",\"https:\\\/\\\/www.instagram.com\\\/juntageneralcofradiasferrol\\\/\",\"https:\\\/\\\/www.youtube.com\\\/@semanasantadeferrol1616\",\"https:\\\/\\\/www.tiktok.com\\\/@semanasantadeferrol\"]},{\"@type\":\"Person\",\"@id\":\"https:\\\/\\\/semanasantaferrol.com\\\/gl\\\/#\\\/schema\\\/person\\\/cdd132690f08f75a35f05e2423e6307c\",\"name\":\"pingota\",\"image\":{\"@type\":\"ImageObject\",\"inLanguage\":\"gl-ES\",\"@id\":\"https:\\\/\\\/secure.gravatar.com\\\/avatar\\\/b1bb79ecdfb8d6f4c44a82262f8b422faeb290304fc5c6f8b9b4305bfaa2853c?s=96&d=mm&r=g\",\"url\":\"https:\\\/\\\/secure.gravatar.com\\\/avatar\\\/b1bb79ecdfb8d6f4c44a82262f8b422faeb290304fc5c6f8b9b4305bfaa2853c?s=96&d=mm&r=g\",\"contentUrl\":\"https:\\\/\\\/secure.gravatar.com\\\/avatar\\\/b1bb79ecdfb8d6f4c44a82262f8b422faeb290304fc5c6f8b9b4305bfaa2853c?s=96&d=mm&r=g\",\"caption\":\"pingota\"},\"url\":\"https:\\\/\\\/semanasantaferrol.com\\\/gl\"}]}<\/script>\n<!-- \/ Yoast SEO plugin. -->","yoast_head_json":{"title":"Solemne funci\u00f3n na honra da Santa Muller Ver\u00f3nica da Confrar\u00eda de Dolores. - Junta General de Cofrad\u00edas y Hermandades","description":"A igrexa do Socorro acoller\u00e1 o vindeiro 4 de febreiro a solemne funci\u00f3n na honra da Santa Muller Ver\u00f3nica Ser\u00e1 \u00e1s sete da tarde.","robots":{"index":"index","follow":"follow","max-snippet":"max-snippet:-1","max-image-preview":"max-image-preview:large","max-video-preview":"max-video-preview:-1"},"canonical":"https:\/\/semanasantaferrol.com\/gl\/solemne-funcion-na-honra-da-santa-muller-veronica-da-confraria-de-dolores\/","og_locale":"gl_ES","og_type":"article","og_title":"Solemne funci\u00f3n na honra da Santa Muller Ver\u00f3nica da Confrar\u00eda de Dolores. - Junta General de Cofrad\u00edas y Hermandades","og_description":"A igrexa do Socorro acoller\u00e1 o vindeiro 4 de febreiro a solemne funci\u00f3n na honra da Santa Muller Ver\u00f3nica Ser\u00e1 \u00e1s sete da tarde.","og_url":"https:\/\/semanasantaferrol.com\/gl\/solemne-funcion-na-honra-da-santa-muller-veronica-da-confraria-de-dolores\/","og_site_name":"Junta General de Cofrad\u00edas y Hermandades","article_publisher":"https:\/\/www.facebook.com\/Juntageneraldecofradias\/","article_published_time":"2023-01-25T11:59:19+00:00","og_image":[{"width":2560,"height":1918,"url":"https:\/\/semanasantaferrol.com\/wp-content\/uploads\/2023\/01\/MG_8176-scaled.jpg","type":"image\/jpeg"}],"author":"pingota","twitter_card":"summary_large_image","twitter_misc":{"Escrito por":"pingota"},"schema":{"@context":"https:\/\/schema.org","@graph":[{"@type":"Article","@id":"https:\/\/semanasantaferrol.com\/gl\/solemne-funcion-na-honra-da-santa-muller-veronica-da-confraria-de-dolores\/#article","isPartOf":{"@id":"https:\/\/semanasantaferrol.com\/gl\/solemne-funcion-na-honra-da-santa-muller-veronica-da-confraria-de-dolores\/"},"author":{"name":"pingota","@id":"https:\/\/semanasantaferrol.com\/gl\/#\/schema\/person\/cdd132690f08f75a35f05e2423e6307c"},"headline":"Solemne funci\u00f3n na honra da Santa Muller Ver\u00f3nica da Confrar\u00eda de Dolores.","datePublished":"2023-01-25T11:59:19+00:00","mainEntityOfPage":{"@id":"https:\/\/semanasantaferrol.com\/gl\/solemne-funcion-na-honra-da-santa-muller-veronica-da-confraria-de-dolores\/"},"wordCount":99,"commentCount":0,"publisher":{"@id":"https:\/\/semanasantaferrol.com\/gl\/#organization"},"image":{"@id":"https:\/\/semanasantaferrol.com\/gl\/solemne-funcion-na-honra-da-santa-muller-veronica-da-confraria-de-dolores\/#primaryimage"},"thumbnailUrl":"https:\/\/semanasantaferrol.com\/wp-content\/uploads\/2023\/01\/MG_8176-scaled.jpg","articleSection":["Dolores"],"inLanguage":"gl-ES","potentialAction":[{"@type":"CommentAction","name":"Comment","target":["https:\/\/semanasantaferrol.com\/gl\/solemne-funcion-na-honra-da-santa-muller-veronica-da-confraria-de-dolores\/#respond"]}]},{"@type":"WebPage","@id":"https:\/\/semanasantaferrol.com\/gl\/solemne-funcion-na-honra-da-santa-muller-veronica-da-confraria-de-dolores\/","url":"https:\/\/semanasantaferrol.com\/gl\/solemne-funcion-na-honra-da-santa-muller-veronica-da-confraria-de-dolores\/","name":"Solemne funci\u00f3n na honra da Santa Muller Ver\u00f3nica da Confrar\u00eda de Dolores. - Junta General de Cofrad\u00edas y Hermandades","isPartOf":{"@id":"https:\/\/semanasantaferrol.com\/gl\/#website"},"primaryImageOfPage":{"@id":"https:\/\/semanasantaferrol.com\/gl\/solemne-funcion-na-honra-da-santa-muller-veronica-da-confraria-de-dolores\/#primaryimage"},"image":{"@id":"https:\/\/semanasantaferrol.com\/gl\/solemne-funcion-na-honra-da-santa-muller-veronica-da-confraria-de-dolores\/#primaryimage"},"thumbnailUrl":"https:\/\/semanasantaferrol.com\/wp-content\/uploads\/2023\/01\/MG_8176-scaled.jpg","datePublished":"2023-01-25T11:59:19+00:00","description":"A igrexa do Socorro acoller\u00e1 o vindeiro 4 de febreiro a solemne funci\u00f3n na honra da Santa Muller Ver\u00f3nica Ser\u00e1 \u00e1s sete da tarde.","breadcrumb":{"@id":"https:\/\/semanasantaferrol.com\/gl\/solemne-funcion-na-honra-da-santa-muller-veronica-da-confraria-de-dolores\/#breadcrumb"},"inLanguage":"gl-ES","potentialAction":[{"@type":"ReadAction","target":["https:\/\/semanasantaferrol.com\/gl\/solemne-funcion-na-honra-da-santa-muller-veronica-da-confraria-de-dolores\/"]}]},{"@type":"ImageObject","inLanguage":"gl-ES","@id":"https:\/\/semanasantaferrol.com\/gl\/solemne-funcion-na-honra-da-santa-muller-veronica-da-confraria-de-dolores\/#primaryimage","url":"https:\/\/semanasantaferrol.com\/wp-content\/uploads\/2023\/01\/MG_8176-scaled.jpg","contentUrl":"https:\/\/semanasantaferrol.com\/wp-content\/uploads\/2023\/01\/MG_8176-scaled.jpg","width":2560,"height":1918},{"@type":"BreadcrumbList","@id":"https:\/\/semanasantaferrol.com\/gl\/solemne-funcion-na-honra-da-santa-muller-veronica-da-confraria-de-dolores\/#breadcrumb","itemListElement":[{"@type":"ListItem","position":1,"name":"Portada","item":"https:\/\/semanasantaferrol.com\/gl\/"},{"@type":"ListItem","position":2,"name":"Solemne funci\u00f3n na honra da Santa Muller Ver\u00f3nica da Confrar\u00eda de Dolores."}]},{"@type":"WebSite","@id":"https:\/\/semanasantaferrol.com\/gl\/#website","url":"https:\/\/semanasantaferrol.com\/gl\/","name":"Junta General de Cofrad\u00edas y Hermandades","description":"Semana Santa de Ferrol","publisher":{"@id":"https:\/\/semanasantaferrol.com\/gl\/#organization"},"alternateName":"Semana Santa de Ferrol","potentialAction":[{"@type":"SearchAction","target":{"@type":"EntryPoint","urlTemplate":"https:\/\/semanasantaferrol.com\/gl\/?s={search_term_string}"},"query-input":{"@type":"PropertyValueSpecification","valueRequired":true,"valueName":"search_term_string"}}],"inLanguage":"gl-ES"},{"@type":"Organization","@id":"https:\/\/semanasantaferrol.com\/gl\/#organization","name":"Junta General de Cofrad\u00edas y Hermandades de la Semana Santa de Ferrol","alternateName":"Junta de Cofrad\u00edas de la Semana Santa de Ferrol","url":"https:\/\/semanasantaferrol.com\/gl\/","logo":{"@type":"ImageObject","inLanguage":"gl-ES","@id":"https:\/\/semanasantaferrol.com\/gl\/#\/schema\/logo\/image\/","url":"https:\/\/semanasantaferrol.com\/wp-content\/uploads\/2022\/10\/junta_general_logo.svg","contentUrl":"https:\/\/semanasantaferrol.com\/wp-content\/uploads\/2022\/10\/junta_general_logo.svg","width":600,"height":790,"caption":"Junta General de Cofrad\u00edas y Hermandades de la Semana Santa de Ferrol"},"image":{"@id":"https:\/\/semanasantaferrol.com\/gl\/#\/schema\/logo\/image\/"},"sameAs":["https:\/\/www.facebook.com\/Juntageneraldecofradias\/","https:\/\/www.instagram.com\/juntageneralcofradiasferrol\/","https:\/\/www.youtube.com\/@semanasantadeferrol1616","https:\/\/www.tiktok.com\/@semanasantadeferrol"]},{"@type":"Person","@id":"https:\/\/semanasantaferrol.com\/gl\/#\/schema\/person\/cdd132690f08f75a35f05e2423e6307c","name":"pingota","image":{"@type":"ImageObject","inLanguage":"gl-ES","@id":"https:\/\/secure.gravatar.com\/avatar\/b1bb79ecdfb8d6f4c44a82262f8b422faeb290304fc5c6f8b9b4305bfaa2853c?s=96&d=mm&r=g","url":"https:\/\/secure.gravatar.com\/avatar\/b1bb79ecdfb8d6f4c44a82262f8b422faeb290304fc5c6f8b9b4305bfaa2853c?s=96&d=mm&r=g","contentUrl":"https:\/\/secure.gravatar.com\/avatar\/b1bb79ecdfb8d6f4c44a82262f8b422faeb290304fc5c6f8b9b4305bfaa2853c?s=96&d=mm&r=g","caption":"pingota"},"url":"https:\/\/semanasantaferrol.com\/gl"}]}},"_links":{"self":[{"href":"https:\/\/semanasantaferrol.com\/gl\/wp-json\/wp\/v2\/posts\/5305","targetHints":{"allow":["GET"]}}],"collection":[{"href":"https:\/\/semanasantaferrol.com\/gl\/wp-json\/wp\/v2\/posts"}],"about":[{"href":"https:\/\/semanasantaferrol.com\/gl\/wp-json\/wp\/v2\/types\/post"}],"author":[{"embeddable":true,"href":"https:\/\/semanasantaferrol.com\/gl\/wp-json\/wp\/v2\/users\/3"}],"replies":[{"embeddable":true,"href":"https:\/\/semanasantaferrol.com\/gl\/wp-json\/wp\/v2\/comments?post=5305"}],"version-history":[{"count":0,"href":"https:\/\/semanasantaferrol.com\/gl\/wp-json\/wp\/v2\/posts\/5305\/revisions"}],"wp:featuredmedia":[{"embeddable":true,"href":"https:\/\/semanasantaferrol.com\/gl\/wp-json\/wp\/v2\/media\/5303"}],"wp:attachment":[{"href":"https:\/\/semanasantaferrol.com\/gl\/wp-json\/wp\/v2\/media?parent=5305"}],"wp:term":[{"taxonomy":"category","embeddable":true,"href":"https:\/\/semanasantaferrol.com\/gl\/wp-json\/wp\/v2\/categories?post=5305"},{"taxonomy":"post_tag","embeddable":true,"href":"https:\/\/semanasantaferrol.com\/gl\/wp-json\/wp\/v2\/tags?post=5305"}],"curies":[{"name":"wp","href":"https:\/\/api.w.org\/{rel}","templated":true}]}}