{"id":5267,"date":"2023-01-18T16:17:12","date_gmt":"2023-01-18T16:17:12","guid":{"rendered":"https:\/\/semanasantaferrol.com\/?p=5267"},"modified":"2023-01-18T16:17:58","modified_gmt":"2023-01-18T16:17:58","slug":"a-semana-santa-de-ferrol-reivindica-en-fitur-o-seu-caracter-galego-ao-tempo-que-o-seu-eclecticismo","status":"publish","type":"post","link":"https:\/\/semanasantaferrol.com\/gl\/a-semana-santa-de-ferrol-reivindica-en-fitur-o-seu-caracter-galego-ao-tempo-que-o-seu-eclecticismo\/","title":{"rendered":"A Semana Santa de Ferrol reivindica en Fitur o seu car\u00e1cter galego ao tempo que o seu eclecticismo"},"content":{"rendered":"<p class=\"texto\"><span lang=\"ES-TRAD\">O presidente da Xunta de Confrar\u00edas e Irmandades, C\u00e9sar Carre\u00f1o, tomou a palabra esta tarde no acto de promoci\u00f3n organizado polo Concello de Ferrol en Fitur, para reivindicar a longa historia da Semana Santa de Ferrol, que desde o ano 2014 est\u00e1 declarada de Interese Tur\u00edstico Internacional, e para proclamar os elementos que a fan \u00fanica e que lle confiren un gran futuro. <\/span><\/p>\n<p class=\"texto\"><span lang=\"ES-TRAD\">Lembrou que a primeira referencia documental \u00e1s procesi\u00f3ns penitenciais na cidade data de 1616, pero que con seguridade tiveron a s\u00faa orixe en torno ao ano 1350, a data da chegada dos franciscanos \u00e1 zona. Carre\u00f1o citou as cinco confrar\u00edas de Ferrol e aludiu \u00e1s 25 procesi\u00f3ns que organizan entre o Domingo de Ramos e o de Resurrecci\u00f3n, nas que se pode comprobar o car\u00e1cter ecl\u00e9ctico da nosa Paix\u00f3n. \u201c\u00c9 unha Semana Santa moi galega e con fortes influencias de M\u00e1laga, de Cartaxena, de Castela\u2026\u201d, sinalou o presidente da Xunta de Confrar\u00edas.<\/span><\/p>\n<p class=\"texto\"><span lang=\"ES-TRAD\">Xunto coa singularidade que representa esta am\u00e1lgama de influencias \u00fanica na Semana Santa de Ferrol, C\u00e9sar Carre\u00f1o falou do colorido das procesi\u00f3ns, nas que cada terzo viste h\u00e1bitos de diferentes cores, e a orde, \u201ccomo corresponde a unha cidade ilustrada\u201d, co p\u00fablico colocado a ambos os dous lados das rectil\u00edneas r\u00faas, flanqueando as filas de capuch\u00f3ns. Para terminar, Carre\u00f1o destacou o enorme respaldo da mocidade a esta tradici\u00f3n ferrol\u00e1, unha circunstancia que garante o seu futuro.<\/span><\/p>\n<p class=\"texto\"><span lang=\"ES-TRAD\">Tras a intervenci\u00f3n de C\u00e9sar Carre\u00f1o proxectouse na caseta de Turgalicia o novo v\u00eddeo promocional da Semana Santa de Ferrol, realizado con imaxes das procesi\u00f3ns do ano pasado e despois de dous anos sen estrea audiovisual debido \u00e1 pandemia. Nel pres\u00e9ntase a Paix\u00f3n ferrol\u00e1 a trav\u00e9s dos termos tradici\u00f3n, espiritualidade, mocidade, multitudinaria, esforzo, participativa e compromiso asociados \u00e1s imaxes m\u00e1is impactantes dos seus tronos avanzando polas r\u00faas da cidade e levantados polos portadores.<u><\/u><\/span><\/p>\n<p>&nbsp;<\/p>\n<div id='gallery-1' class='gallery galleryid-5267 gallery-columns-3 gallery-size-large'><figure class='gallery-item'>\n\t\t\t<div class='gallery-icon portrait'>\n\t\t\t\t<a href='https:\/\/semanasantaferrol.com\/gl\/a-semana-santa-de-ferrol-reivindica-en-fitur-o-seu-caracter-galego-ao-tempo-que-o-seu-eclecticismo\/foto1-2\/'><img fetchpriority=\"high\" decoding=\"async\" width=\"768\" height=\"1024\" src=\"https:\/\/semanasantaferrol.com\/wp-content\/uploads\/2023\/01\/foto1.jpeg\" class=\"attachment-large size-large\" alt=\"\" srcset=\"https:\/\/semanasantaferrol.com\/wp-content\/uploads\/2023\/01\/foto1.jpeg 768w, https:\/\/semanasantaferrol.com\/wp-content\/uploads\/2023\/01\/foto1-169x225.jpeg 169w\" sizes=\"(max-width: 768px) 100vw, 768px\" \/><\/a>\n\t\t\t<\/div><\/figure><figure class='gallery-item'>\n\t\t\t<div class='gallery-icon portrait'>\n\t\t\t\t<a href='https:\/\/semanasantaferrol.com\/gl\/a-semana-santa-de-ferrol-reivindica-en-fitur-o-seu-caracter-galego-ao-tempo-que-o-seu-eclecticismo\/foto2-2\/'><img decoding=\"async\" width=\"768\" height=\"1024\" src=\"https:\/\/semanasantaferrol.com\/wp-content\/uploads\/2023\/01\/foto2.jpeg\" class=\"attachment-large size-large\" alt=\"\" srcset=\"https:\/\/semanasantaferrol.com\/wp-content\/uploads\/2023\/01\/foto2.jpeg 768w, https:\/\/semanasantaferrol.com\/wp-content\/uploads\/2023\/01\/foto2-169x225.jpeg 169w\" sizes=\"(max-width: 768px) 100vw, 768px\" \/><\/a>\n\t\t\t<\/div><\/figure><figure class='gallery-item'>\n\t\t\t<div class='gallery-icon landscape'>\n\t\t\t\t<a href='https:\/\/semanasantaferrol.com\/gl\/a-semana-santa-de-ferrol-reivindica-en-fitur-o-seu-caracter-galego-ao-tempo-que-o-seu-eclecticismo\/whatsapp-image-2023-01-18-at-16-23-49-2\/'><img decoding=\"async\" width=\"800\" height=\"600\" src=\"https:\/\/semanasantaferrol.com\/wp-content\/uploads\/2023\/01\/WhatsApp-Image-2023-01-18-at-16.23.49-1024x768.jpeg\" class=\"attachment-large size-large\" alt=\"\" srcset=\"https:\/\/semanasantaferrol.com\/wp-content\/uploads\/2023\/01\/WhatsApp-Image-2023-01-18-at-16.23.49-1024x768.jpeg 1024w, https:\/\/semanasantaferrol.com\/wp-content\/uploads\/2023\/01\/WhatsApp-Image-2023-01-18-at-16.23.49-300x225.jpeg 300w, https:\/\/semanasantaferrol.com\/wp-content\/uploads\/2023\/01\/WhatsApp-Image-2023-01-18-at-16.23.49-768x576.jpeg 768w, https:\/\/semanasantaferrol.com\/wp-content\/uploads\/2023\/01\/WhatsApp-Image-2023-01-18-at-16.23.49-1536x1152.jpeg 1536w, https:\/\/semanasantaferrol.com\/wp-content\/uploads\/2023\/01\/WhatsApp-Image-2023-01-18-at-16.23.49.jpeg 2048w\" sizes=\"(max-width: 800px) 100vw, 800px\" \/><\/a>\n\t\t\t<\/div><\/figure>\n\t\t<\/div>\n\n","protected":false},"excerpt":{"rendered":"<p>O presidente da Xunta de Confrar\u00edas e Irmandades, C\u00e9sar Carre\u00f1o, tomou a palabra esta tarde no acto de promoci\u00f3n organizado polo Concello de Ferrol en Fitur, para reivindicar a longa historia da Semana Santa de Ferrol, que desde o ano 2014 est\u00e1 declarada de Interese Tur\u00edstico Internacional, e para proclamar os elementos que a fan [&hellip;]<\/p>\n","protected":false},"author":3,"featured_media":5277,"comment_status":"open","ping_status":"open","sticky":false,"template":"","format":"standard","meta":{"footnotes":""},"categories":[25],"tags":[],"class_list":["post-5267","post","type-post","status-publish","format-standard","has-post-thumbnail","hentry","category-sin-categorizar-gl"],"yoast_head":"<!-- This site is optimized with the Yoast SEO plugin v27.5 - https:\/\/yoast.com\/product\/yoast-seo-wordpress\/ -->\n<title>A Semana Santa de Ferrol reivindica en Fitur o seu car\u00e1cter galego ao tempo que o seu eclecticismo - Junta General de Cofrad\u00edas y Hermandades<\/title>\n<meta name=\"robots\" content=\"index, follow, max-snippet:-1, max-image-preview:large, max-video-preview:-1\" \/>\n<link rel=\"canonical\" href=\"https:\/\/semanasantaferrol.com\/gl\/a-semana-santa-de-ferrol-reivindica-en-fitur-o-seu-caracter-galego-ao-tempo-que-o-seu-eclecticismo\/\" \/>\n<meta property=\"og:locale\" content=\"gl_ES\" \/>\n<meta property=\"og:type\" content=\"article\" \/>\n<meta property=\"og:title\" content=\"A Semana Santa de Ferrol reivindica en Fitur o seu car\u00e1cter galego ao tempo que o seu eclecticismo - Junta General de Cofrad\u00edas y Hermandades\" \/>\n<meta property=\"og:description\" content=\"O presidente da Xunta de Confrar\u00edas e Irmandades, C\u00e9sar Carre\u00f1o, tomou a palabra esta tarde no acto de promoci\u00f3n organizado polo Concello de Ferrol en Fitur, para reivindicar a longa historia da Semana Santa de Ferrol, que desde o ano 2014 est\u00e1 declarada de Interese Tur\u00edstico Internacional, e para proclamar os elementos que a fan [&hellip;]\" \/>\n<meta property=\"og:url\" content=\"https:\/\/semanasantaferrol.com\/gl\/a-semana-santa-de-ferrol-reivindica-en-fitur-o-seu-caracter-galego-ao-tempo-que-o-seu-eclecticismo\/\" \/>\n<meta property=\"og:site_name\" content=\"Junta General de Cofrad\u00edas y Hermandades\" \/>\n<meta property=\"article:publisher\" content=\"https:\/\/www.facebook.com\/Juntageneraldecofradias\/\" \/>\n<meta property=\"article:published_time\" content=\"2023-01-18T16:17:12+00:00\" \/>\n<meta property=\"article:modified_time\" content=\"2023-01-18T16:17:58+00:00\" \/>\n<meta property=\"og:image\" content=\"https:\/\/semanasantaferrol.com\/wp-content\/uploads\/2023\/01\/portada.jpeg\" \/>\n\t<meta property=\"og:image:width\" content=\"706\" \/>\n\t<meta property=\"og:image:height\" content=\"529\" \/>\n\t<meta property=\"og:image:type\" content=\"image\/jpeg\" \/>\n<meta name=\"author\" content=\"pingota\" \/>\n<meta name=\"twitter:card\" content=\"summary_large_image\" \/>\n<meta name=\"twitter:label1\" content=\"Escrito por\" \/>\n\t<meta name=\"twitter:data1\" content=\"pingota\" \/>\n\t<meta name=\"twitter:label2\" content=\"Tempo de lectura\" \/>\n\t<meta name=\"twitter:data2\" content=\"2 minutos\" \/>\n<script type=\"application\/ld+json\" class=\"yoast-schema-graph\">{\"@context\":\"https:\\\/\\\/schema.org\",\"@graph\":[{\"@type\":\"Article\",\"@id\":\"https:\\\/\\\/semanasantaferrol.com\\\/gl\\\/a-semana-santa-de-ferrol-reivindica-en-fitur-o-seu-caracter-galego-ao-tempo-que-o-seu-eclecticismo\\\/#article\",\"isPartOf\":{\"@id\":\"https:\\\/\\\/semanasantaferrol.com\\\/gl\\\/a-semana-santa-de-ferrol-reivindica-en-fitur-o-seu-caracter-galego-ao-tempo-que-o-seu-eclecticismo\\\/\"},\"author\":{\"name\":\"pingota\",\"@id\":\"https:\\\/\\\/semanasantaferrol.com\\\/gl\\\/#\\\/schema\\\/person\\\/cdd132690f08f75a35f05e2423e6307c\"},\"headline\":\"A Semana Santa de Ferrol reivindica en Fitur o seu car\u00e1cter galego ao tempo que o seu eclecticismo\",\"datePublished\":\"2023-01-18T16:17:12+00:00\",\"dateModified\":\"2023-01-18T16:17:58+00:00\",\"mainEntityOfPage\":{\"@id\":\"https:\\\/\\\/semanasantaferrol.com\\\/gl\\\/a-semana-santa-de-ferrol-reivindica-en-fitur-o-seu-caracter-galego-ao-tempo-que-o-seu-eclecticismo\\\/\"},\"wordCount\":359,\"commentCount\":0,\"publisher\":{\"@id\":\"https:\\\/\\\/semanasantaferrol.com\\\/gl\\\/#organization\"},\"image\":{\"@id\":\"https:\\\/\\\/semanasantaferrol.com\\\/gl\\\/a-semana-santa-de-ferrol-reivindica-en-fitur-o-seu-caracter-galego-ao-tempo-que-o-seu-eclecticismo\\\/#primaryimage\"},\"thumbnailUrl\":\"https:\\\/\\\/semanasantaferrol.com\\\/wp-content\\\/uploads\\\/2023\\\/01\\\/portada.jpeg\",\"articleSection\":[\"Sin categorizar\"],\"inLanguage\":\"gl-ES\",\"potentialAction\":[{\"@type\":\"CommentAction\",\"name\":\"Comment\",\"target\":[\"https:\\\/\\\/semanasantaferrol.com\\\/gl\\\/a-semana-santa-de-ferrol-reivindica-en-fitur-o-seu-caracter-galego-ao-tempo-que-o-seu-eclecticismo\\\/#respond\"]}]},{\"@type\":\"WebPage\",\"@id\":\"https:\\\/\\\/semanasantaferrol.com\\\/gl\\\/a-semana-santa-de-ferrol-reivindica-en-fitur-o-seu-caracter-galego-ao-tempo-que-o-seu-eclecticismo\\\/\",\"url\":\"https:\\\/\\\/semanasantaferrol.com\\\/gl\\\/a-semana-santa-de-ferrol-reivindica-en-fitur-o-seu-caracter-galego-ao-tempo-que-o-seu-eclecticismo\\\/\",\"name\":\"A Semana Santa de Ferrol reivindica en Fitur o seu car\u00e1cter galego ao tempo que o seu eclecticismo - Junta General de Cofrad\u00edas y Hermandades\",\"isPartOf\":{\"@id\":\"https:\\\/\\\/semanasantaferrol.com\\\/gl\\\/#website\"},\"primaryImageOfPage\":{\"@id\":\"https:\\\/\\\/semanasantaferrol.com\\\/gl\\\/a-semana-santa-de-ferrol-reivindica-en-fitur-o-seu-caracter-galego-ao-tempo-que-o-seu-eclecticismo\\\/#primaryimage\"},\"image\":{\"@id\":\"https:\\\/\\\/semanasantaferrol.com\\\/gl\\\/a-semana-santa-de-ferrol-reivindica-en-fitur-o-seu-caracter-galego-ao-tempo-que-o-seu-eclecticismo\\\/#primaryimage\"},\"thumbnailUrl\":\"https:\\\/\\\/semanasantaferrol.com\\\/wp-content\\\/uploads\\\/2023\\\/01\\\/portada.jpeg\",\"datePublished\":\"2023-01-18T16:17:12+00:00\",\"dateModified\":\"2023-01-18T16:17:58+00:00\",\"breadcrumb\":{\"@id\":\"https:\\\/\\\/semanasantaferrol.com\\\/gl\\\/a-semana-santa-de-ferrol-reivindica-en-fitur-o-seu-caracter-galego-ao-tempo-que-o-seu-eclecticismo\\\/#breadcrumb\"},\"inLanguage\":\"gl-ES\",\"potentialAction\":[{\"@type\":\"ReadAction\",\"target\":[\"https:\\\/\\\/semanasantaferrol.com\\\/gl\\\/a-semana-santa-de-ferrol-reivindica-en-fitur-o-seu-caracter-galego-ao-tempo-que-o-seu-eclecticismo\\\/\"]}]},{\"@type\":\"ImageObject\",\"inLanguage\":\"gl-ES\",\"@id\":\"https:\\\/\\\/semanasantaferrol.com\\\/gl\\\/a-semana-santa-de-ferrol-reivindica-en-fitur-o-seu-caracter-galego-ao-tempo-que-o-seu-eclecticismo\\\/#primaryimage\",\"url\":\"https:\\\/\\\/semanasantaferrol.com\\\/wp-content\\\/uploads\\\/2023\\\/01\\\/portada.jpeg\",\"contentUrl\":\"https:\\\/\\\/semanasantaferrol.com\\\/wp-content\\\/uploads\\\/2023\\\/01\\\/portada.jpeg\",\"width\":706,\"height\":529},{\"@type\":\"BreadcrumbList\",\"@id\":\"https:\\\/\\\/semanasantaferrol.com\\\/gl\\\/a-semana-santa-de-ferrol-reivindica-en-fitur-o-seu-caracter-galego-ao-tempo-que-o-seu-eclecticismo\\\/#breadcrumb\",\"itemListElement\":[{\"@type\":\"ListItem\",\"position\":1,\"name\":\"Portada\",\"item\":\"https:\\\/\\\/semanasantaferrol.com\\\/gl\\\/\"},{\"@type\":\"ListItem\",\"position\":2,\"name\":\"A Semana Santa de Ferrol reivindica en Fitur o seu car\u00e1cter galego ao tempo que o seu eclecticismo\"}]},{\"@type\":\"WebSite\",\"@id\":\"https:\\\/\\\/semanasantaferrol.com\\\/gl\\\/#website\",\"url\":\"https:\\\/\\\/semanasantaferrol.com\\\/gl\\\/\",\"name\":\"Junta General de Cofrad\u00edas y Hermandades\",\"description\":\"Semana Santa de Ferrol\",\"publisher\":{\"@id\":\"https:\\\/\\\/semanasantaferrol.com\\\/gl\\\/#organization\"},\"alternateName\":\"Semana Santa de Ferrol\",\"potentialAction\":[{\"@type\":\"SearchAction\",\"target\":{\"@type\":\"EntryPoint\",\"urlTemplate\":\"https:\\\/\\\/semanasantaferrol.com\\\/gl\\\/?s={search_term_string}\"},\"query-input\":{\"@type\":\"PropertyValueSpecification\",\"valueRequired\":true,\"valueName\":\"search_term_string\"}}],\"inLanguage\":\"gl-ES\"},{\"@type\":\"Organization\",\"@id\":\"https:\\\/\\\/semanasantaferrol.com\\\/gl\\\/#organization\",\"name\":\"Junta General de Cofrad\u00edas y Hermandades de la Semana Santa de Ferrol\",\"alternateName\":\"Junta de Cofrad\u00edas de la Semana Santa de Ferrol\",\"url\":\"https:\\\/\\\/semanasantaferrol.com\\\/gl\\\/\",\"logo\":{\"@type\":\"ImageObject\",\"inLanguage\":\"gl-ES\",\"@id\":\"https:\\\/\\\/semanasantaferrol.com\\\/gl\\\/#\\\/schema\\\/logo\\\/image\\\/\",\"url\":\"https:\\\/\\\/semanasantaferrol.com\\\/wp-content\\\/uploads\\\/2022\\\/10\\\/junta_general_logo.svg\",\"contentUrl\":\"https:\\\/\\\/semanasantaferrol.com\\\/wp-content\\\/uploads\\\/2022\\\/10\\\/junta_general_logo.svg\",\"width\":600,\"height\":790,\"caption\":\"Junta General de Cofrad\u00edas y Hermandades de la Semana Santa de Ferrol\"},\"image\":{\"@id\":\"https:\\\/\\\/semanasantaferrol.com\\\/gl\\\/#\\\/schema\\\/logo\\\/image\\\/\"},\"sameAs\":[\"https:\\\/\\\/www.facebook.com\\\/Juntageneraldecofradias\\\/\",\"https:\\\/\\\/www.instagram.com\\\/juntageneralcofradiasferrol\\\/\",\"https:\\\/\\\/www.youtube.com\\\/@semanasantadeferrol1616\",\"https:\\\/\\\/www.tiktok.com\\\/@semanasantadeferrol\"]},{\"@type\":\"Person\",\"@id\":\"https:\\\/\\\/semanasantaferrol.com\\\/gl\\\/#\\\/schema\\\/person\\\/cdd132690f08f75a35f05e2423e6307c\",\"name\":\"pingota\",\"image\":{\"@type\":\"ImageObject\",\"inLanguage\":\"gl-ES\",\"@id\":\"https:\\\/\\\/secure.gravatar.com\\\/avatar\\\/b1bb79ecdfb8d6f4c44a82262f8b422faeb290304fc5c6f8b9b4305bfaa2853c?s=96&d=mm&r=g\",\"url\":\"https:\\\/\\\/secure.gravatar.com\\\/avatar\\\/b1bb79ecdfb8d6f4c44a82262f8b422faeb290304fc5c6f8b9b4305bfaa2853c?s=96&d=mm&r=g\",\"contentUrl\":\"https:\\\/\\\/secure.gravatar.com\\\/avatar\\\/b1bb79ecdfb8d6f4c44a82262f8b422faeb290304fc5c6f8b9b4305bfaa2853c?s=96&d=mm&r=g\",\"caption\":\"pingota\"},\"url\":\"https:\\\/\\\/semanasantaferrol.com\\\/gl\"}]}<\/script>\n<!-- \/ Yoast SEO plugin. -->","yoast_head_json":{"title":"A Semana Santa de Ferrol reivindica en Fitur o seu car\u00e1cter galego ao tempo que o seu eclecticismo - Junta General de Cofrad\u00edas y Hermandades","robots":{"index":"index","follow":"follow","max-snippet":"max-snippet:-1","max-image-preview":"max-image-preview:large","max-video-preview":"max-video-preview:-1"},"canonical":"https:\/\/semanasantaferrol.com\/gl\/a-semana-santa-de-ferrol-reivindica-en-fitur-o-seu-caracter-galego-ao-tempo-que-o-seu-eclecticismo\/","og_locale":"gl_ES","og_type":"article","og_title":"A Semana Santa de Ferrol reivindica en Fitur o seu car\u00e1cter galego ao tempo que o seu eclecticismo - Junta General de Cofrad\u00edas y Hermandades","og_description":"O presidente da Xunta de Confrar\u00edas e Irmandades, C\u00e9sar Carre\u00f1o, tomou a palabra esta tarde no acto de promoci\u00f3n organizado polo Concello de Ferrol en Fitur, para reivindicar a longa historia da Semana Santa de Ferrol, que desde o ano 2014 est\u00e1 declarada de Interese Tur\u00edstico Internacional, e para proclamar os elementos que a fan [&hellip;]","og_url":"https:\/\/semanasantaferrol.com\/gl\/a-semana-santa-de-ferrol-reivindica-en-fitur-o-seu-caracter-galego-ao-tempo-que-o-seu-eclecticismo\/","og_site_name":"Junta General de Cofrad\u00edas y Hermandades","article_publisher":"https:\/\/www.facebook.com\/Juntageneraldecofradias\/","article_published_time":"2023-01-18T16:17:12+00:00","article_modified_time":"2023-01-18T16:17:58+00:00","og_image":[{"width":706,"height":529,"url":"https:\/\/semanasantaferrol.com\/wp-content\/uploads\/2023\/01\/portada.jpeg","type":"image\/jpeg"}],"author":"pingota","twitter_card":"summary_large_image","twitter_misc":{"Escrito por":"pingota","Tempo de lectura":"2 minutos"},"schema":{"@context":"https:\/\/schema.org","@graph":[{"@type":"Article","@id":"https:\/\/semanasantaferrol.com\/gl\/a-semana-santa-de-ferrol-reivindica-en-fitur-o-seu-caracter-galego-ao-tempo-que-o-seu-eclecticismo\/#article","isPartOf":{"@id":"https:\/\/semanasantaferrol.com\/gl\/a-semana-santa-de-ferrol-reivindica-en-fitur-o-seu-caracter-galego-ao-tempo-que-o-seu-eclecticismo\/"},"author":{"name":"pingota","@id":"https:\/\/semanasantaferrol.com\/gl\/#\/schema\/person\/cdd132690f08f75a35f05e2423e6307c"},"headline":"A Semana Santa de Ferrol reivindica en Fitur o seu car\u00e1cter galego ao tempo que o seu eclecticismo","datePublished":"2023-01-18T16:17:12+00:00","dateModified":"2023-01-18T16:17:58+00:00","mainEntityOfPage":{"@id":"https:\/\/semanasantaferrol.com\/gl\/a-semana-santa-de-ferrol-reivindica-en-fitur-o-seu-caracter-galego-ao-tempo-que-o-seu-eclecticismo\/"},"wordCount":359,"commentCount":0,"publisher":{"@id":"https:\/\/semanasantaferrol.com\/gl\/#organization"},"image":{"@id":"https:\/\/semanasantaferrol.com\/gl\/a-semana-santa-de-ferrol-reivindica-en-fitur-o-seu-caracter-galego-ao-tempo-que-o-seu-eclecticismo\/#primaryimage"},"thumbnailUrl":"https:\/\/semanasantaferrol.com\/wp-content\/uploads\/2023\/01\/portada.jpeg","articleSection":["Sin categorizar"],"inLanguage":"gl-ES","potentialAction":[{"@type":"CommentAction","name":"Comment","target":["https:\/\/semanasantaferrol.com\/gl\/a-semana-santa-de-ferrol-reivindica-en-fitur-o-seu-caracter-galego-ao-tempo-que-o-seu-eclecticismo\/#respond"]}]},{"@type":"WebPage","@id":"https:\/\/semanasantaferrol.com\/gl\/a-semana-santa-de-ferrol-reivindica-en-fitur-o-seu-caracter-galego-ao-tempo-que-o-seu-eclecticismo\/","url":"https:\/\/semanasantaferrol.com\/gl\/a-semana-santa-de-ferrol-reivindica-en-fitur-o-seu-caracter-galego-ao-tempo-que-o-seu-eclecticismo\/","name":"A Semana Santa de Ferrol reivindica en Fitur o seu car\u00e1cter galego ao tempo que o seu eclecticismo - Junta General de Cofrad\u00edas y Hermandades","isPartOf":{"@id":"https:\/\/semanasantaferrol.com\/gl\/#website"},"primaryImageOfPage":{"@id":"https:\/\/semanasantaferrol.com\/gl\/a-semana-santa-de-ferrol-reivindica-en-fitur-o-seu-caracter-galego-ao-tempo-que-o-seu-eclecticismo\/#primaryimage"},"image":{"@id":"https:\/\/semanasantaferrol.com\/gl\/a-semana-santa-de-ferrol-reivindica-en-fitur-o-seu-caracter-galego-ao-tempo-que-o-seu-eclecticismo\/#primaryimage"},"thumbnailUrl":"https:\/\/semanasantaferrol.com\/wp-content\/uploads\/2023\/01\/portada.jpeg","datePublished":"2023-01-18T16:17:12+00:00","dateModified":"2023-01-18T16:17:58+00:00","breadcrumb":{"@id":"https:\/\/semanasantaferrol.com\/gl\/a-semana-santa-de-ferrol-reivindica-en-fitur-o-seu-caracter-galego-ao-tempo-que-o-seu-eclecticismo\/#breadcrumb"},"inLanguage":"gl-ES","potentialAction":[{"@type":"ReadAction","target":["https:\/\/semanasantaferrol.com\/gl\/a-semana-santa-de-ferrol-reivindica-en-fitur-o-seu-caracter-galego-ao-tempo-que-o-seu-eclecticismo\/"]}]},{"@type":"ImageObject","inLanguage":"gl-ES","@id":"https:\/\/semanasantaferrol.com\/gl\/a-semana-santa-de-ferrol-reivindica-en-fitur-o-seu-caracter-galego-ao-tempo-que-o-seu-eclecticismo\/#primaryimage","url":"https:\/\/semanasantaferrol.com\/wp-content\/uploads\/2023\/01\/portada.jpeg","contentUrl":"https:\/\/semanasantaferrol.com\/wp-content\/uploads\/2023\/01\/portada.jpeg","width":706,"height":529},{"@type":"BreadcrumbList","@id":"https:\/\/semanasantaferrol.com\/gl\/a-semana-santa-de-ferrol-reivindica-en-fitur-o-seu-caracter-galego-ao-tempo-que-o-seu-eclecticismo\/#breadcrumb","itemListElement":[{"@type":"ListItem","position":1,"name":"Portada","item":"https:\/\/semanasantaferrol.com\/gl\/"},{"@type":"ListItem","position":2,"name":"A Semana Santa de Ferrol reivindica en Fitur o seu car\u00e1cter galego ao tempo que o seu eclecticismo"}]},{"@type":"WebSite","@id":"https:\/\/semanasantaferrol.com\/gl\/#website","url":"https:\/\/semanasantaferrol.com\/gl\/","name":"Junta General de Cofrad\u00edas y Hermandades","description":"Semana Santa de Ferrol","publisher":{"@id":"https:\/\/semanasantaferrol.com\/gl\/#organization"},"alternateName":"Semana Santa de Ferrol","potentialAction":[{"@type":"SearchAction","target":{"@type":"EntryPoint","urlTemplate":"https:\/\/semanasantaferrol.com\/gl\/?s={search_term_string}"},"query-input":{"@type":"PropertyValueSpecification","valueRequired":true,"valueName":"search_term_string"}}],"inLanguage":"gl-ES"},{"@type":"Organization","@id":"https:\/\/semanasantaferrol.com\/gl\/#organization","name":"Junta General de Cofrad\u00edas y Hermandades de la Semana Santa de Ferrol","alternateName":"Junta de Cofrad\u00edas de la Semana Santa de Ferrol","url":"https:\/\/semanasantaferrol.com\/gl\/","logo":{"@type":"ImageObject","inLanguage":"gl-ES","@id":"https:\/\/semanasantaferrol.com\/gl\/#\/schema\/logo\/image\/","url":"https:\/\/semanasantaferrol.com\/wp-content\/uploads\/2022\/10\/junta_general_logo.svg","contentUrl":"https:\/\/semanasantaferrol.com\/wp-content\/uploads\/2022\/10\/junta_general_logo.svg","width":600,"height":790,"caption":"Junta General de Cofrad\u00edas y Hermandades de la Semana Santa de Ferrol"},"image":{"@id":"https:\/\/semanasantaferrol.com\/gl\/#\/schema\/logo\/image\/"},"sameAs":["https:\/\/www.facebook.com\/Juntageneraldecofradias\/","https:\/\/www.instagram.com\/juntageneralcofradiasferrol\/","https:\/\/www.youtube.com\/@semanasantadeferrol1616","https:\/\/www.tiktok.com\/@semanasantadeferrol"]},{"@type":"Person","@id":"https:\/\/semanasantaferrol.com\/gl\/#\/schema\/person\/cdd132690f08f75a35f05e2423e6307c","name":"pingota","image":{"@type":"ImageObject","inLanguage":"gl-ES","@id":"https:\/\/secure.gravatar.com\/avatar\/b1bb79ecdfb8d6f4c44a82262f8b422faeb290304fc5c6f8b9b4305bfaa2853c?s=96&d=mm&r=g","url":"https:\/\/secure.gravatar.com\/avatar\/b1bb79ecdfb8d6f4c44a82262f8b422faeb290304fc5c6f8b9b4305bfaa2853c?s=96&d=mm&r=g","contentUrl":"https:\/\/secure.gravatar.com\/avatar\/b1bb79ecdfb8d6f4c44a82262f8b422faeb290304fc5c6f8b9b4305bfaa2853c?s=96&d=mm&r=g","caption":"pingota"},"url":"https:\/\/semanasantaferrol.com\/gl"}]}},"_links":{"self":[{"href":"https:\/\/semanasantaferrol.com\/gl\/wp-json\/wp\/v2\/posts\/5267","targetHints":{"allow":["GET"]}}],"collection":[{"href":"https:\/\/semanasantaferrol.com\/gl\/wp-json\/wp\/v2\/posts"}],"about":[{"href":"https:\/\/semanasantaferrol.com\/gl\/wp-json\/wp\/v2\/types\/post"}],"author":[{"embeddable":true,"href":"https:\/\/semanasantaferrol.com\/gl\/wp-json\/wp\/v2\/users\/3"}],"replies":[{"embeddable":true,"href":"https:\/\/semanasantaferrol.com\/gl\/wp-json\/wp\/v2\/comments?post=5267"}],"version-history":[{"count":4,"href":"https:\/\/semanasantaferrol.com\/gl\/wp-json\/wp\/v2\/posts\/5267\/revisions"}],"predecessor-version":[{"id":5282,"href":"https:\/\/semanasantaferrol.com\/gl\/wp-json\/wp\/v2\/posts\/5267\/revisions\/5282"}],"wp:featuredmedia":[{"embeddable":true,"href":"https:\/\/semanasantaferrol.com\/gl\/wp-json\/wp\/v2\/media\/5277"}],"wp:attachment":[{"href":"https:\/\/semanasantaferrol.com\/gl\/wp-json\/wp\/v2\/media?parent=5267"}],"wp:term":[{"taxonomy":"category","embeddable":true,"href":"https:\/\/semanasantaferrol.com\/gl\/wp-json\/wp\/v2\/categories?post=5267"},{"taxonomy":"post_tag","embeddable":true,"href":"https:\/\/semanasantaferrol.com\/gl\/wp-json\/wp\/v2\/tags?post=5267"}],"curies":[{"name":"wp","href":"https:\/\/api.w.org\/{rel}","templated":true}]}}