{"id":5224,"date":"2023-01-14T15:55:11","date_gmt":"2023-01-14T15:55:11","guid":{"rendered":"https:\/\/semanasantaferrol.com\/o-cartel-da-semana-santa-de-ferrol-2023-simbolo-da-chamada-a-vivir-intensamente-as-procesions\/"},"modified":"2023-01-16T12:05:35","modified_gmt":"2023-01-16T12:05:35","slug":"o-cartel-da-semana-santa-de-ferrol-2023-simbolo-da-chamada-a-vivir-intensamente-as-procesions","status":"publish","type":"post","link":"https:\/\/semanasantaferrol.com\/gl\/o-cartel-da-semana-santa-de-ferrol-2023-simbolo-da-chamada-a-vivir-intensamente-as-procesions\/","title":{"rendered":"O cartel da Semana Santa de Ferrol 2023, s\u00edmbolo da chamada a vivir intensamente as procesi\u00f3ns"},"content":{"rendered":"<p><img fetchpriority=\"high\" decoding=\"async\" class=\"aligncenter wp-image-5236 size-large\" src=\"https:\/\/semanasantaferrol.com\/wp-content\/uploads\/2023\/01\/semana-santa-2023-cartel-723x1024.jpg\" alt=\"\" width=\"723\" height=\"1024\" srcset=\"https:\/\/semanasantaferrol.com\/wp-content\/uploads\/2023\/01\/semana-santa-2023-cartel-723x1024.jpg 723w, https:\/\/semanasantaferrol.com\/wp-content\/uploads\/2023\/01\/semana-santa-2023-cartel-159x225.jpg 159w, https:\/\/semanasantaferrol.com\/wp-content\/uploads\/2023\/01\/semana-santa-2023-cartel-768x1087.jpg 768w, https:\/\/semanasantaferrol.com\/wp-content\/uploads\/2023\/01\/semana-santa-2023-cartel-1085x1536.jpg 1085w, https:\/\/semanasantaferrol.com\/wp-content\/uploads\/2023\/01\/semana-santa-2023-cartel-1447x2048.jpg 1447w, https:\/\/semanasantaferrol.com\/wp-content\/uploads\/2023\/01\/semana-santa-2023-cartel-scaled.jpg 1809w\" sizes=\"(max-width: 723px) 100vw, 723px\" \/><\/p>\n<p>&nbsp;<\/p>\n<p>A imaxe do arco de camp\u00e1 do trono da Merc\u00e9 que ilustra o cartel da Semana Santa de Ferrol 2023 converteuse esta ma\u00f1\u00e1 no s\u00edmbolo da chamada para vivir intensamente as procesi\u00f3ns que se suceder\u00e1n na cidade do 2 ao 9 de abril. O Casino Ferrol\u00e1n acolleu a presentaci\u00f3n do cartel, que a pr\u00f3xima semana viaxar\u00e1 a Fitur, nun acto organizado pola Xunta de Confrar\u00edas que marca cada ano o inicio do curso confrade e que contou como \u00e9 habitual con numeroso p\u00fablico.<\/p>\n<p>A cita reuniu a un gran n\u00famero de autoridades. As\u00ed, ademais do presidente da Xunta, C\u00e9sar Carre\u00f1o, tomaron a palabra a deputada provincial Ana Lamas; a delegada territorial da Xunta, Martina Aneiros; o primeiro tenente de Alcalde do Concello de Ferrol, Antonio Golpe; e por \u00faltimo o bispo dioces\u00e1n, Fernando Garc\u00eda Cadi\u00f1anos.<\/p>\n<p>De entrada, con todo, o protagonismo foi para a autora da fotograf\u00eda que ilustra este ano o cartel, Alejandra Varela Tiz\u00f3n, que expresou a s\u00faa gratitude. \u201cEstou a vivir un so\u00f1o\u201d, dixo esta afeccionada \u00e1 fotograf\u00eda e seguidora fiel da Semana Santa da s\u00faa cidade. \u201cO toque de camp\u00e1 \u00e9 a comunicaci\u00f3n que se establece entre o mordomo e os portadores e tam\u00e9n co p\u00fablico\u201d, sinalou, apuntando ao simbolismo \u201cda chamada\u201d que, para ela tam\u00e9n, ten o cartel deste ano. \u201cHoxe \u00e9 o d\u00eda no que emocionalmente todo comeza de novo\u201d, dixo a continuaci\u00f3n Helena Pena, irm\u00e1 maior da Confrar\u00eda da Merc\u00e9, que destacou \u201ca fotograf\u00eda sen artificios, a imaxe limpa e con forza\u201d que seleccionou a irmandade a trav\u00e9s dun concurso.<\/p>\n<p>C\u00e9sar Carre\u00f1o destacou na s\u00faa intervenci\u00f3n o trinta aniversario \u201cd\u00e1 union de cinco irmandades\u201d e reivindicou a importancia que a Xunta de Confrar\u00edas e Irmandades tivo ao longo destas tres d\u00e9cadas e no momento actual. \u201cTodo foi grazas \u00e1 uni\u00f3n dos ferrol\u00e1ns, das instituci\u00f3ns, dos confrades e das irmandades \u2013dixo- e nos tempos que vivimos a uni\u00f3n segue facendo forza\u201d.<\/p>\n<p>Intervi\u00f1eron a continuaci\u00f3n a deputada provincial Ana Lamas, que subli\u00f1ou o \u201crevulsivo tremendo\u201d que \u00e9 a Semana Santa para a econom\u00eda e o turismo de cidade de Ferrol e a s\u00faa contorna, e Martina Aneiros, a delegada territorial da Xunta, que encomiou o \u201ctraballo colectivo\u201d que est\u00e1 detr\u00e1s da Paix\u00f3n ferrol\u00e1 e os seus m\u00e1is de 400 anos de historia. \u201cFalamos de relixi\u00f3n, pero tam\u00e9n de turismo e cultura\u201d, dixo Aneiros, que terminou apelando ao esp\u00edrito de uni\u00f3n que ha de guiar tam\u00e9n \u00e1s instituci\u00f3ns no seu apoio.<\/p>\n<p>Antonio Golpe, primeiro tenente de alcalde do Concello de Ferrol e concelleiro de Cultura, lembrou que o pasado ano a cidade recibiu m\u00e1is de 350.000 visitantes durante a Semana Santa e felicitou \u00e1 Xunta de Confrar\u00edas polo seu traballo non s\u00f3 na organizaci\u00f3n das procesi\u00f3ns, sen\u00f3n tam\u00e9n nas s\u00faas obras sociais. Lembrou o recente balance que fixo p\u00fablico a Xunta, sinalando que durante o pasado ano reun\u00edronse m\u00e1is de 15.000\u20ac e m\u00e1is de catro toneladas de alimentos para familias necesitadas da zona.<\/p>\n<p>Pechou a quenda de intervenci\u00f3ns o bispo dioces\u00e1n, Fernando Garc\u00eda Cadi\u00f1anos, que comezou asegurando que gozou moito o pasado ano da s\u00faa primeira Semana Santa de Ferrol e felicitando \u00e1 autora da fotograf\u00eda. \u201cE felicito a todas as confrar\u00edas e a cada un dos confrades, polo seu quefacer, o seu traballo non s\u00f3 reducido ao \u00e1mbito da Semana Santa, sen\u00f3n en todas as s\u00faas dimensi\u00f3ns\u201d. Aludindo ao tema do cartel, o bispo terminou facendo \u201cunha chamada a que non se nos esqueza o que celebramos e que ese toque de camp\u00e1 nos leve a vivir con autenticidade o que \u00e9 o esp\u00edrito confrade\u201d.<\/p>\n<p>Ao acto, que foi presentado por Fernando Iguacel, secretario da Xunta, asistiron os presidentes e irm\u00e1ns maiores de todas as confrar\u00edas, as\u00ed como o consiliario C\u00e1ndido Otero e representantes da pr\u00e1ctica totalidade das formaci\u00f3ns pol\u00edticas con representaci\u00f3n no Concello. O acto retransmitiuse por streaming a trav\u00e9s de Youtube &#8211;<a href=\"http:\/\/ow.ly\/g37450MmvL3\">http:\/\/ow.ly\/g37450MmvL3<\/a>&#8211; e contou con int\u00e9rprete de lingua de signos.<\/p>\n","protected":false},"excerpt":{"rendered":"<p>&nbsp; A imaxe do arco de camp\u00e1 do trono da Merc\u00e9 que ilustra o cartel da Semana Santa de Ferrol 2023 converteuse esta ma\u00f1\u00e1 no s\u00edmbolo da chamada para vivir intensamente as procesi\u00f3ns que se suceder\u00e1n na cidade do 2 ao 9 de abril. O Casino Ferrol\u00e1n acolleu a presentaci\u00f3n do cartel, que a pr\u00f3xima [&hellip;]<\/p>\n","protected":false},"author":3,"featured_media":5222,"comment_status":"open","ping_status":"open","sticky":false,"template":"","format":"standard","meta":{"footnotes":""},"categories":[39],"tags":[],"class_list":["post-5224","post","type-post","status-publish","format-standard","has-post-thumbnail","hentry","category-xunta"],"yoast_head":"<!-- This site is optimized with the Yoast SEO plugin v27.5 - https:\/\/yoast.com\/product\/yoast-seo-wordpress\/ -->\n<title>O cartel da Semana Santa de Ferrol 2023, s\u00edmbolo da chamada a vivir intensamente as procesi\u00f3ns - Junta General de Cofrad\u00edas y Hermandades<\/title>\n<meta name=\"robots\" content=\"index, follow, max-snippet:-1, max-image-preview:large, max-video-preview:-1\" \/>\n<link rel=\"canonical\" href=\"https:\/\/semanasantaferrol.com\/gl\/o-cartel-da-semana-santa-de-ferrol-2023-simbolo-da-chamada-a-vivir-intensamente-as-procesions\/\" \/>\n<meta property=\"og:locale\" content=\"gl_ES\" \/>\n<meta property=\"og:type\" content=\"article\" \/>\n<meta property=\"og:title\" content=\"O cartel da Semana Santa de Ferrol 2023, s\u00edmbolo da chamada a vivir intensamente as procesi\u00f3ns - Junta General de Cofrad\u00edas y Hermandades\" \/>\n<meta property=\"og:description\" content=\"&nbsp; A imaxe do arco de camp\u00e1 do trono da Merc\u00e9 que ilustra o cartel da Semana Santa de Ferrol 2023 converteuse esta ma\u00f1\u00e1 no s\u00edmbolo da chamada para vivir intensamente as procesi\u00f3ns que se suceder\u00e1n na cidade do 2 ao 9 de abril. O Casino Ferrol\u00e1n acolleu a presentaci\u00f3n do cartel, que a pr\u00f3xima [&hellip;]\" \/>\n<meta property=\"og:url\" content=\"https:\/\/semanasantaferrol.com\/gl\/o-cartel-da-semana-santa-de-ferrol-2023-simbolo-da-chamada-a-vivir-intensamente-as-procesions\/\" \/>\n<meta property=\"og:site_name\" content=\"Junta General de Cofrad\u00edas y Hermandades\" \/>\n<meta property=\"article:publisher\" content=\"https:\/\/www.facebook.com\/Juntageneraldecofradias\/\" \/>\n<meta property=\"article:published_time\" content=\"2023-01-14T15:55:11+00:00\" \/>\n<meta property=\"article:modified_time\" content=\"2023-01-16T12:05:35+00:00\" \/>\n<meta property=\"og:image\" content=\"https:\/\/semanasantaferrol.com\/wp-content\/uploads\/2023\/01\/IMG_20230114_124151-scaled.jpg\" \/>\n\t<meta property=\"og:image:width\" content=\"2560\" \/>\n\t<meta property=\"og:image:height\" content=\"1928\" \/>\n\t<meta property=\"og:image:type\" content=\"image\/jpeg\" \/>\n<meta name=\"author\" content=\"pingota\" \/>\n<meta name=\"twitter:card\" content=\"summary_large_image\" \/>\n<meta name=\"twitter:label1\" content=\"Escrito por\" \/>\n\t<meta name=\"twitter:data1\" content=\"pingota\" \/>\n\t<meta name=\"twitter:label2\" content=\"Tempo de lectura\" \/>\n\t<meta name=\"twitter:data2\" content=\"4 minutos\" \/>\n<script type=\"application\/ld+json\" class=\"yoast-schema-graph\">{\"@context\":\"https:\\\/\\\/schema.org\",\"@graph\":[{\"@type\":\"Article\",\"@id\":\"https:\\\/\\\/semanasantaferrol.com\\\/gl\\\/o-cartel-da-semana-santa-de-ferrol-2023-simbolo-da-chamada-a-vivir-intensamente-as-procesions\\\/#article\",\"isPartOf\":{\"@id\":\"https:\\\/\\\/semanasantaferrol.com\\\/gl\\\/o-cartel-da-semana-santa-de-ferrol-2023-simbolo-da-chamada-a-vivir-intensamente-as-procesions\\\/\"},\"author\":{\"name\":\"pingota\",\"@id\":\"https:\\\/\\\/semanasantaferrol.com\\\/gl\\\/#\\\/schema\\\/person\\\/cdd132690f08f75a35f05e2423e6307c\"},\"headline\":\"O cartel da Semana Santa de Ferrol 2023, s\u00edmbolo da chamada a vivir intensamente as procesi\u00f3ns\",\"datePublished\":\"2023-01-14T15:55:11+00:00\",\"dateModified\":\"2023-01-16T12:05:35+00:00\",\"mainEntityOfPage\":{\"@id\":\"https:\\\/\\\/semanasantaferrol.com\\\/gl\\\/o-cartel-da-semana-santa-de-ferrol-2023-simbolo-da-chamada-a-vivir-intensamente-as-procesions\\\/\"},\"wordCount\":739,\"commentCount\":0,\"publisher\":{\"@id\":\"https:\\\/\\\/semanasantaferrol.com\\\/gl\\\/#organization\"},\"image\":{\"@id\":\"https:\\\/\\\/semanasantaferrol.com\\\/gl\\\/o-cartel-da-semana-santa-de-ferrol-2023-simbolo-da-chamada-a-vivir-intensamente-as-procesions\\\/#primaryimage\"},\"thumbnailUrl\":\"https:\\\/\\\/semanasantaferrol.com\\\/wp-content\\\/uploads\\\/2023\\\/01\\\/IMG_20230114_124151-scaled.jpg\",\"articleSection\":[\"Xunta\"],\"inLanguage\":\"gl-ES\",\"potentialAction\":[{\"@type\":\"CommentAction\",\"name\":\"Comment\",\"target\":[\"https:\\\/\\\/semanasantaferrol.com\\\/gl\\\/o-cartel-da-semana-santa-de-ferrol-2023-simbolo-da-chamada-a-vivir-intensamente-as-procesions\\\/#respond\"]}]},{\"@type\":\"WebPage\",\"@id\":\"https:\\\/\\\/semanasantaferrol.com\\\/gl\\\/o-cartel-da-semana-santa-de-ferrol-2023-simbolo-da-chamada-a-vivir-intensamente-as-procesions\\\/\",\"url\":\"https:\\\/\\\/semanasantaferrol.com\\\/gl\\\/o-cartel-da-semana-santa-de-ferrol-2023-simbolo-da-chamada-a-vivir-intensamente-as-procesions\\\/\",\"name\":\"O cartel da Semana Santa de Ferrol 2023, s\u00edmbolo da chamada a vivir intensamente as procesi\u00f3ns - Junta General de Cofrad\u00edas y Hermandades\",\"isPartOf\":{\"@id\":\"https:\\\/\\\/semanasantaferrol.com\\\/gl\\\/#website\"},\"primaryImageOfPage\":{\"@id\":\"https:\\\/\\\/semanasantaferrol.com\\\/gl\\\/o-cartel-da-semana-santa-de-ferrol-2023-simbolo-da-chamada-a-vivir-intensamente-as-procesions\\\/#primaryimage\"},\"image\":{\"@id\":\"https:\\\/\\\/semanasantaferrol.com\\\/gl\\\/o-cartel-da-semana-santa-de-ferrol-2023-simbolo-da-chamada-a-vivir-intensamente-as-procesions\\\/#primaryimage\"},\"thumbnailUrl\":\"https:\\\/\\\/semanasantaferrol.com\\\/wp-content\\\/uploads\\\/2023\\\/01\\\/IMG_20230114_124151-scaled.jpg\",\"datePublished\":\"2023-01-14T15:55:11+00:00\",\"dateModified\":\"2023-01-16T12:05:35+00:00\",\"breadcrumb\":{\"@id\":\"https:\\\/\\\/semanasantaferrol.com\\\/gl\\\/o-cartel-da-semana-santa-de-ferrol-2023-simbolo-da-chamada-a-vivir-intensamente-as-procesions\\\/#breadcrumb\"},\"inLanguage\":\"gl-ES\",\"potentialAction\":[{\"@type\":\"ReadAction\",\"target\":[\"https:\\\/\\\/semanasantaferrol.com\\\/gl\\\/o-cartel-da-semana-santa-de-ferrol-2023-simbolo-da-chamada-a-vivir-intensamente-as-procesions\\\/\"]}]},{\"@type\":\"ImageObject\",\"inLanguage\":\"gl-ES\",\"@id\":\"https:\\\/\\\/semanasantaferrol.com\\\/gl\\\/o-cartel-da-semana-santa-de-ferrol-2023-simbolo-da-chamada-a-vivir-intensamente-as-procesions\\\/#primaryimage\",\"url\":\"https:\\\/\\\/semanasantaferrol.com\\\/wp-content\\\/uploads\\\/2023\\\/01\\\/IMG_20230114_124151-scaled.jpg\",\"contentUrl\":\"https:\\\/\\\/semanasantaferrol.com\\\/wp-content\\\/uploads\\\/2023\\\/01\\\/IMG_20230114_124151-scaled.jpg\",\"width\":2560,\"height\":1928},{\"@type\":\"BreadcrumbList\",\"@id\":\"https:\\\/\\\/semanasantaferrol.com\\\/gl\\\/o-cartel-da-semana-santa-de-ferrol-2023-simbolo-da-chamada-a-vivir-intensamente-as-procesions\\\/#breadcrumb\",\"itemListElement\":[{\"@type\":\"ListItem\",\"position\":1,\"name\":\"Portada\",\"item\":\"https:\\\/\\\/semanasantaferrol.com\\\/gl\\\/\"},{\"@type\":\"ListItem\",\"position\":2,\"name\":\"O cartel da Semana Santa de Ferrol 2023, s\u00edmbolo da chamada a vivir intensamente as procesi\u00f3ns\"}]},{\"@type\":\"WebSite\",\"@id\":\"https:\\\/\\\/semanasantaferrol.com\\\/gl\\\/#website\",\"url\":\"https:\\\/\\\/semanasantaferrol.com\\\/gl\\\/\",\"name\":\"Junta General de Cofrad\u00edas y Hermandades\",\"description\":\"Semana Santa de Ferrol\",\"publisher\":{\"@id\":\"https:\\\/\\\/semanasantaferrol.com\\\/gl\\\/#organization\"},\"alternateName\":\"Semana Santa de Ferrol\",\"potentialAction\":[{\"@type\":\"SearchAction\",\"target\":{\"@type\":\"EntryPoint\",\"urlTemplate\":\"https:\\\/\\\/semanasantaferrol.com\\\/gl\\\/?s={search_term_string}\"},\"query-input\":{\"@type\":\"PropertyValueSpecification\",\"valueRequired\":true,\"valueName\":\"search_term_string\"}}],\"inLanguage\":\"gl-ES\"},{\"@type\":\"Organization\",\"@id\":\"https:\\\/\\\/semanasantaferrol.com\\\/gl\\\/#organization\",\"name\":\"Junta General de Cofrad\u00edas y Hermandades de la Semana Santa de Ferrol\",\"alternateName\":\"Junta de Cofrad\u00edas de la Semana Santa de Ferrol\",\"url\":\"https:\\\/\\\/semanasantaferrol.com\\\/gl\\\/\",\"logo\":{\"@type\":\"ImageObject\",\"inLanguage\":\"gl-ES\",\"@id\":\"https:\\\/\\\/semanasantaferrol.com\\\/gl\\\/#\\\/schema\\\/logo\\\/image\\\/\",\"url\":\"https:\\\/\\\/semanasantaferrol.com\\\/wp-content\\\/uploads\\\/2022\\\/10\\\/junta_general_logo.svg\",\"contentUrl\":\"https:\\\/\\\/semanasantaferrol.com\\\/wp-content\\\/uploads\\\/2022\\\/10\\\/junta_general_logo.svg\",\"width\":600,\"height\":790,\"caption\":\"Junta General de Cofrad\u00edas y Hermandades de la Semana Santa de Ferrol\"},\"image\":{\"@id\":\"https:\\\/\\\/semanasantaferrol.com\\\/gl\\\/#\\\/schema\\\/logo\\\/image\\\/\"},\"sameAs\":[\"https:\\\/\\\/www.facebook.com\\\/Juntageneraldecofradias\\\/\",\"https:\\\/\\\/www.instagram.com\\\/juntageneralcofradiasferrol\\\/\",\"https:\\\/\\\/www.youtube.com\\\/@semanasantadeferrol1616\",\"https:\\\/\\\/www.tiktok.com\\\/@semanasantadeferrol\"]},{\"@type\":\"Person\",\"@id\":\"https:\\\/\\\/semanasantaferrol.com\\\/gl\\\/#\\\/schema\\\/person\\\/cdd132690f08f75a35f05e2423e6307c\",\"name\":\"pingota\",\"image\":{\"@type\":\"ImageObject\",\"inLanguage\":\"gl-ES\",\"@id\":\"https:\\\/\\\/secure.gravatar.com\\\/avatar\\\/b1bb79ecdfb8d6f4c44a82262f8b422faeb290304fc5c6f8b9b4305bfaa2853c?s=96&d=mm&r=g\",\"url\":\"https:\\\/\\\/secure.gravatar.com\\\/avatar\\\/b1bb79ecdfb8d6f4c44a82262f8b422faeb290304fc5c6f8b9b4305bfaa2853c?s=96&d=mm&r=g\",\"contentUrl\":\"https:\\\/\\\/secure.gravatar.com\\\/avatar\\\/b1bb79ecdfb8d6f4c44a82262f8b422faeb290304fc5c6f8b9b4305bfaa2853c?s=96&d=mm&r=g\",\"caption\":\"pingota\"},\"url\":\"https:\\\/\\\/semanasantaferrol.com\\\/gl\"}]}<\/script>\n<!-- \/ Yoast SEO plugin. -->","yoast_head_json":{"title":"O cartel da Semana Santa de Ferrol 2023, s\u00edmbolo da chamada a vivir intensamente as procesi\u00f3ns - Junta General de Cofrad\u00edas y Hermandades","robots":{"index":"index","follow":"follow","max-snippet":"max-snippet:-1","max-image-preview":"max-image-preview:large","max-video-preview":"max-video-preview:-1"},"canonical":"https:\/\/semanasantaferrol.com\/gl\/o-cartel-da-semana-santa-de-ferrol-2023-simbolo-da-chamada-a-vivir-intensamente-as-procesions\/","og_locale":"gl_ES","og_type":"article","og_title":"O cartel da Semana Santa de Ferrol 2023, s\u00edmbolo da chamada a vivir intensamente as procesi\u00f3ns - Junta General de Cofrad\u00edas y Hermandades","og_description":"&nbsp; A imaxe do arco de camp\u00e1 do trono da Merc\u00e9 que ilustra o cartel da Semana Santa de Ferrol 2023 converteuse esta ma\u00f1\u00e1 no s\u00edmbolo da chamada para vivir intensamente as procesi\u00f3ns que se suceder\u00e1n na cidade do 2 ao 9 de abril. O Casino Ferrol\u00e1n acolleu a presentaci\u00f3n do cartel, que a pr\u00f3xima [&hellip;]","og_url":"https:\/\/semanasantaferrol.com\/gl\/o-cartel-da-semana-santa-de-ferrol-2023-simbolo-da-chamada-a-vivir-intensamente-as-procesions\/","og_site_name":"Junta General de Cofrad\u00edas y Hermandades","article_publisher":"https:\/\/www.facebook.com\/Juntageneraldecofradias\/","article_published_time":"2023-01-14T15:55:11+00:00","article_modified_time":"2023-01-16T12:05:35+00:00","og_image":[{"width":2560,"height":1928,"url":"https:\/\/semanasantaferrol.com\/wp-content\/uploads\/2023\/01\/IMG_20230114_124151-scaled.jpg","type":"image\/jpeg"}],"author":"pingota","twitter_card":"summary_large_image","twitter_misc":{"Escrito por":"pingota","Tempo de lectura":"4 minutos"},"schema":{"@context":"https:\/\/schema.org","@graph":[{"@type":"Article","@id":"https:\/\/semanasantaferrol.com\/gl\/o-cartel-da-semana-santa-de-ferrol-2023-simbolo-da-chamada-a-vivir-intensamente-as-procesions\/#article","isPartOf":{"@id":"https:\/\/semanasantaferrol.com\/gl\/o-cartel-da-semana-santa-de-ferrol-2023-simbolo-da-chamada-a-vivir-intensamente-as-procesions\/"},"author":{"name":"pingota","@id":"https:\/\/semanasantaferrol.com\/gl\/#\/schema\/person\/cdd132690f08f75a35f05e2423e6307c"},"headline":"O cartel da Semana Santa de Ferrol 2023, s\u00edmbolo da chamada a vivir intensamente as procesi\u00f3ns","datePublished":"2023-01-14T15:55:11+00:00","dateModified":"2023-01-16T12:05:35+00:00","mainEntityOfPage":{"@id":"https:\/\/semanasantaferrol.com\/gl\/o-cartel-da-semana-santa-de-ferrol-2023-simbolo-da-chamada-a-vivir-intensamente-as-procesions\/"},"wordCount":739,"commentCount":0,"publisher":{"@id":"https:\/\/semanasantaferrol.com\/gl\/#organization"},"image":{"@id":"https:\/\/semanasantaferrol.com\/gl\/o-cartel-da-semana-santa-de-ferrol-2023-simbolo-da-chamada-a-vivir-intensamente-as-procesions\/#primaryimage"},"thumbnailUrl":"https:\/\/semanasantaferrol.com\/wp-content\/uploads\/2023\/01\/IMG_20230114_124151-scaled.jpg","articleSection":["Xunta"],"inLanguage":"gl-ES","potentialAction":[{"@type":"CommentAction","name":"Comment","target":["https:\/\/semanasantaferrol.com\/gl\/o-cartel-da-semana-santa-de-ferrol-2023-simbolo-da-chamada-a-vivir-intensamente-as-procesions\/#respond"]}]},{"@type":"WebPage","@id":"https:\/\/semanasantaferrol.com\/gl\/o-cartel-da-semana-santa-de-ferrol-2023-simbolo-da-chamada-a-vivir-intensamente-as-procesions\/","url":"https:\/\/semanasantaferrol.com\/gl\/o-cartel-da-semana-santa-de-ferrol-2023-simbolo-da-chamada-a-vivir-intensamente-as-procesions\/","name":"O cartel da Semana Santa de Ferrol 2023, s\u00edmbolo da chamada a vivir intensamente as procesi\u00f3ns - Junta General de Cofrad\u00edas y Hermandades","isPartOf":{"@id":"https:\/\/semanasantaferrol.com\/gl\/#website"},"primaryImageOfPage":{"@id":"https:\/\/semanasantaferrol.com\/gl\/o-cartel-da-semana-santa-de-ferrol-2023-simbolo-da-chamada-a-vivir-intensamente-as-procesions\/#primaryimage"},"image":{"@id":"https:\/\/semanasantaferrol.com\/gl\/o-cartel-da-semana-santa-de-ferrol-2023-simbolo-da-chamada-a-vivir-intensamente-as-procesions\/#primaryimage"},"thumbnailUrl":"https:\/\/semanasantaferrol.com\/wp-content\/uploads\/2023\/01\/IMG_20230114_124151-scaled.jpg","datePublished":"2023-01-14T15:55:11+00:00","dateModified":"2023-01-16T12:05:35+00:00","breadcrumb":{"@id":"https:\/\/semanasantaferrol.com\/gl\/o-cartel-da-semana-santa-de-ferrol-2023-simbolo-da-chamada-a-vivir-intensamente-as-procesions\/#breadcrumb"},"inLanguage":"gl-ES","potentialAction":[{"@type":"ReadAction","target":["https:\/\/semanasantaferrol.com\/gl\/o-cartel-da-semana-santa-de-ferrol-2023-simbolo-da-chamada-a-vivir-intensamente-as-procesions\/"]}]},{"@type":"ImageObject","inLanguage":"gl-ES","@id":"https:\/\/semanasantaferrol.com\/gl\/o-cartel-da-semana-santa-de-ferrol-2023-simbolo-da-chamada-a-vivir-intensamente-as-procesions\/#primaryimage","url":"https:\/\/semanasantaferrol.com\/wp-content\/uploads\/2023\/01\/IMG_20230114_124151-scaled.jpg","contentUrl":"https:\/\/semanasantaferrol.com\/wp-content\/uploads\/2023\/01\/IMG_20230114_124151-scaled.jpg","width":2560,"height":1928},{"@type":"BreadcrumbList","@id":"https:\/\/semanasantaferrol.com\/gl\/o-cartel-da-semana-santa-de-ferrol-2023-simbolo-da-chamada-a-vivir-intensamente-as-procesions\/#breadcrumb","itemListElement":[{"@type":"ListItem","position":1,"name":"Portada","item":"https:\/\/semanasantaferrol.com\/gl\/"},{"@type":"ListItem","position":2,"name":"O cartel da Semana Santa de Ferrol 2023, s\u00edmbolo da chamada a vivir intensamente as procesi\u00f3ns"}]},{"@type":"WebSite","@id":"https:\/\/semanasantaferrol.com\/gl\/#website","url":"https:\/\/semanasantaferrol.com\/gl\/","name":"Junta General de Cofrad\u00edas y Hermandades","description":"Semana Santa de Ferrol","publisher":{"@id":"https:\/\/semanasantaferrol.com\/gl\/#organization"},"alternateName":"Semana Santa de Ferrol","potentialAction":[{"@type":"SearchAction","target":{"@type":"EntryPoint","urlTemplate":"https:\/\/semanasantaferrol.com\/gl\/?s={search_term_string}"},"query-input":{"@type":"PropertyValueSpecification","valueRequired":true,"valueName":"search_term_string"}}],"inLanguage":"gl-ES"},{"@type":"Organization","@id":"https:\/\/semanasantaferrol.com\/gl\/#organization","name":"Junta General de Cofrad\u00edas y Hermandades de la Semana Santa de Ferrol","alternateName":"Junta de Cofrad\u00edas de la Semana Santa de Ferrol","url":"https:\/\/semanasantaferrol.com\/gl\/","logo":{"@type":"ImageObject","inLanguage":"gl-ES","@id":"https:\/\/semanasantaferrol.com\/gl\/#\/schema\/logo\/image\/","url":"https:\/\/semanasantaferrol.com\/wp-content\/uploads\/2022\/10\/junta_general_logo.svg","contentUrl":"https:\/\/semanasantaferrol.com\/wp-content\/uploads\/2022\/10\/junta_general_logo.svg","width":600,"height":790,"caption":"Junta General de Cofrad\u00edas y Hermandades de la Semana Santa de Ferrol"},"image":{"@id":"https:\/\/semanasantaferrol.com\/gl\/#\/schema\/logo\/image\/"},"sameAs":["https:\/\/www.facebook.com\/Juntageneraldecofradias\/","https:\/\/www.instagram.com\/juntageneralcofradiasferrol\/","https:\/\/www.youtube.com\/@semanasantadeferrol1616","https:\/\/www.tiktok.com\/@semanasantadeferrol"]},{"@type":"Person","@id":"https:\/\/semanasantaferrol.com\/gl\/#\/schema\/person\/cdd132690f08f75a35f05e2423e6307c","name":"pingota","image":{"@type":"ImageObject","inLanguage":"gl-ES","@id":"https:\/\/secure.gravatar.com\/avatar\/b1bb79ecdfb8d6f4c44a82262f8b422faeb290304fc5c6f8b9b4305bfaa2853c?s=96&d=mm&r=g","url":"https:\/\/secure.gravatar.com\/avatar\/b1bb79ecdfb8d6f4c44a82262f8b422faeb290304fc5c6f8b9b4305bfaa2853c?s=96&d=mm&r=g","contentUrl":"https:\/\/secure.gravatar.com\/avatar\/b1bb79ecdfb8d6f4c44a82262f8b422faeb290304fc5c6f8b9b4305bfaa2853c?s=96&d=mm&r=g","caption":"pingota"},"url":"https:\/\/semanasantaferrol.com\/gl"}]}},"_links":{"self":[{"href":"https:\/\/semanasantaferrol.com\/gl\/wp-json\/wp\/v2\/posts\/5224","targetHints":{"allow":["GET"]}}],"collection":[{"href":"https:\/\/semanasantaferrol.com\/gl\/wp-json\/wp\/v2\/posts"}],"about":[{"href":"https:\/\/semanasantaferrol.com\/gl\/wp-json\/wp\/v2\/types\/post"}],"author":[{"embeddable":true,"href":"https:\/\/semanasantaferrol.com\/gl\/wp-json\/wp\/v2\/users\/3"}],"replies":[{"embeddable":true,"href":"https:\/\/semanasantaferrol.com\/gl\/wp-json\/wp\/v2\/comments?post=5224"}],"version-history":[{"count":3,"href":"https:\/\/semanasantaferrol.com\/gl\/wp-json\/wp\/v2\/posts\/5224\/revisions"}],"predecessor-version":[{"id":5238,"href":"https:\/\/semanasantaferrol.com\/gl\/wp-json\/wp\/v2\/posts\/5224\/revisions\/5238"}],"wp:featuredmedia":[{"embeddable":true,"href":"https:\/\/semanasantaferrol.com\/gl\/wp-json\/wp\/v2\/media\/5222"}],"wp:attachment":[{"href":"https:\/\/semanasantaferrol.com\/gl\/wp-json\/wp\/v2\/media?parent=5224"}],"wp:term":[{"taxonomy":"category","embeddable":true,"href":"https:\/\/semanasantaferrol.com\/gl\/wp-json\/wp\/v2\/categories?post=5224"},{"taxonomy":"post_tag","embeddable":true,"href":"https:\/\/semanasantaferrol.com\/gl\/wp-json\/wp\/v2\/tags?post=5224"}],"curies":[{"name":"wp","href":"https:\/\/api.w.org\/{rel}","templated":true}]}}