{"id":5207,"date":"2023-01-12T12:13:14","date_gmt":"2023-01-12T12:13:14","guid":{"rendered":"https:\/\/semanasantaferrol.com\/as-confrarias-publican-o-balance-social-de-2022-mais-de-15-000e-e-mais-de-catro-toneladas-de-alimentos\/"},"modified":"2023-01-12T12:13:14","modified_gmt":"2023-01-12T12:13:14","slug":"as-confrarias-publican-o-balance-social-de-2022-mais-de-15-000e-e-mais-de-catro-toneladas-de-alimentos","status":"publish","type":"post","link":"https:\/\/semanasantaferrol.com\/gl\/as-confrarias-publican-o-balance-social-de-2022-mais-de-15-000e-e-mais-de-catro-toneladas-de-alimentos\/","title":{"rendered":"As confrar\u00edas publican o balance social de 2022: m\u00e1is de 15.000\u20ac e m\u00e1is de catro toneladas de alimentos"},"content":{"rendered":"<p>A obra social das confrar\u00edas e irmandades da Semana Santa de Ferrol saldouse, ao longo de todo o pasado ano 2022, coa recadaci\u00f3n de 15.262,47\u20ac e a recollida de 4.140 quilos de alimentos que foron canalizados cara \u00e1s familias desfavorecidas da zona de Ferrol a trav\u00e9s de diferentes ONG. A Xunta de Confrar\u00edas que preside C\u00e9sar Carre\u00f1o quixo facer p\u00fablico o balance das actividades solidarias, tras a primeira reuni\u00f3n deste 2023, e expresar o seu reco\u00f1ecemento e agradecemento a todos os confrades, homes e mulleres, que colaboraron desinteresadamente nas diferentes acci\u00f3ns.<\/p>\n<p>Sen excepci\u00f3n, todas as confrar\u00edas e irmandades da Semana Santa de Ferrol consignan a caridade, dentro dos seus estatutos, como un dos seus fins principais. As\u00ed, ao longo do ano son m\u00faltiples as acci\u00f3ns que emprenden para reunir di\u00f1eiro ou doaz\u00f3ns en especies que contrib\u00faan a paliar as situaci\u00f3ns de necesidade que existen na s\u00faa contorna m\u00e1is pr\u00f3xima.<\/p>\n<p>Escaparates que se enchen de v\u00edveres, caf\u00e9s solidarios, ceas ben\u00e9ficas, venda de rifas, concertos&#8230;. son algunhas das acci\u00f3ns que levan a cabo ao longo do ano, con especial profusi\u00f3n en datas pr\u00f3ximas ao Nadal. Os fondos recolleitos canaliz\u00e1ronse durante o pasado ano aos seus destinatarios finais a trav\u00e9s de C\u00e1ritas Diocesana, a Coci\u00f1a Econ\u00f3mica, o Refuxio Pardo de At\u00edn, o Banco de Alimentos R\u00edas Altas, o Padroado Concepci\u00f3n Arenal e a Unidade Pastoral de Ferrol-Centro.<\/p>\n<p>\u00c1 marxe deste balance, os confrades son habituais colaboradores doutras campa\u00f1as impulsadas por diferentes entidades, por exemplo a Gran Recollida que organizan cada ano os Bancos de Alimentos.<\/p>\n","protected":false},"excerpt":{"rendered":"<p>A obra social das confrar\u00edas e irmandades da Semana Santa de Ferrol saldouse, ao longo de todo o pasado ano 2022, coa recadaci\u00f3n de 15.262,47\u20ac e a recollida de 4.140 quilos de alimentos que foron canalizados cara \u00e1s familias desfavorecidas da zona de Ferrol a trav\u00e9s de diferentes ONG. A Xunta de Confrar\u00edas que preside [&hellip;]<\/p>\n","protected":false},"author":3,"featured_media":5205,"comment_status":"open","ping_status":"open","sticky":false,"template":"","format":"standard","meta":{"footnotes":""},"categories":[39],"tags":[],"class_list":["post-5207","post","type-post","status-publish","format-standard","has-post-thumbnail","hentry","category-xunta"],"yoast_head":"<!-- This site is optimized with the Yoast SEO plugin v27.5 - https:\/\/yoast.com\/product\/yoast-seo-wordpress\/ -->\n<title>As confrar\u00edas publican o balance social de 2022: m\u00e1is de 15.000\u20ac e m\u00e1is de catro toneladas de alimentos - Junta General de Cofrad\u00edas y Hermandades<\/title>\n<meta name=\"description\" content=\"As confrar\u00edas da Semana Santa de Ferrol fan o seu balance social dde 2022: m\u00e1is de 15.000 euros e catro toneladas de alimentos\" \/>\n<meta name=\"robots\" content=\"index, follow, max-snippet:-1, max-image-preview:large, max-video-preview:-1\" \/>\n<link rel=\"canonical\" href=\"https:\/\/semanasantaferrol.com\/gl\/as-confrarias-publican-o-balance-social-de-2022-mais-de-15-000e-e-mais-de-catro-toneladas-de-alimentos\/\" \/>\n<meta property=\"og:locale\" content=\"gl_ES\" \/>\n<meta property=\"og:type\" content=\"article\" \/>\n<meta property=\"og:title\" content=\"As confrar\u00edas publican o balance social de 2022: m\u00e1is de 15.000\u20ac e m\u00e1is de catro toneladas de alimentos - Junta General de Cofrad\u00edas y Hermandades\" \/>\n<meta property=\"og:description\" content=\"As confrar\u00edas da Semana Santa de Ferrol fan o seu balance social dde 2022: m\u00e1is de 15.000 euros e catro toneladas de alimentos\" \/>\n<meta property=\"og:url\" content=\"https:\/\/semanasantaferrol.com\/gl\/as-confrarias-publican-o-balance-social-de-2022-mais-de-15-000e-e-mais-de-catro-toneladas-de-alimentos\/\" \/>\n<meta property=\"og:site_name\" content=\"Junta General de Cofrad\u00edas y Hermandades\" \/>\n<meta property=\"article:publisher\" content=\"https:\/\/www.facebook.com\/Juntageneraldecofradias\/\" \/>\n<meta property=\"article:published_time\" content=\"2023-01-12T12:13:14+00:00\" \/>\n<meta property=\"og:image\" content=\"https:\/\/semanasantaferrol.com\/wp-content\/uploads\/2023\/01\/cafesolidarioStoEntierro-e1673525462451.jpg\" \/>\n\t<meta property=\"og:image:width\" content=\"1820\" \/>\n\t<meta property=\"og:image:height\" content=\"1365\" \/>\n\t<meta property=\"og:image:type\" content=\"image\/jpeg\" \/>\n<meta name=\"author\" content=\"pingota\" \/>\n<meta name=\"twitter:card\" content=\"summary_large_image\" \/>\n<meta name=\"twitter:label1\" content=\"Escrito por\" \/>\n\t<meta name=\"twitter:data1\" content=\"pingota\" \/>\n\t<meta name=\"twitter:label2\" content=\"Tempo de lectura\" \/>\n\t<meta name=\"twitter:data2\" content=\"1 minuto\" \/>\n<script type=\"application\/ld+json\" class=\"yoast-schema-graph\">{\"@context\":\"https:\\\/\\\/schema.org\",\"@graph\":[{\"@type\":\"Article\",\"@id\":\"https:\\\/\\\/semanasantaferrol.com\\\/gl\\\/as-confrarias-publican-o-balance-social-de-2022-mais-de-15-000e-e-mais-de-catro-toneladas-de-alimentos\\\/#article\",\"isPartOf\":{\"@id\":\"https:\\\/\\\/semanasantaferrol.com\\\/gl\\\/as-confrarias-publican-o-balance-social-de-2022-mais-de-15-000e-e-mais-de-catro-toneladas-de-alimentos\\\/\"},\"author\":{\"name\":\"pingota\",\"@id\":\"https:\\\/\\\/semanasantaferrol.com\\\/gl\\\/#\\\/schema\\\/person\\\/cdd132690f08f75a35f05e2423e6307c\"},\"headline\":\"As confrar\u00edas publican o balance social de 2022: m\u00e1is de 15.000\u20ac e m\u00e1is de catro toneladas de alimentos\",\"datePublished\":\"2023-01-12T12:13:14+00:00\",\"mainEntityOfPage\":{\"@id\":\"https:\\\/\\\/semanasantaferrol.com\\\/gl\\\/as-confrarias-publican-o-balance-social-de-2022-mais-de-15-000e-e-mais-de-catro-toneladas-de-alimentos\\\/\"},\"wordCount\":302,\"commentCount\":0,\"publisher\":{\"@id\":\"https:\\\/\\\/semanasantaferrol.com\\\/gl\\\/#organization\"},\"image\":{\"@id\":\"https:\\\/\\\/semanasantaferrol.com\\\/gl\\\/as-confrarias-publican-o-balance-social-de-2022-mais-de-15-000e-e-mais-de-catro-toneladas-de-alimentos\\\/#primaryimage\"},\"thumbnailUrl\":\"https:\\\/\\\/semanasantaferrol.com\\\/wp-content\\\/uploads\\\/2023\\\/01\\\/cafesolidarioStoEntierro-e1673525462451.jpg\",\"articleSection\":[\"Xunta\"],\"inLanguage\":\"gl-ES\",\"potentialAction\":[{\"@type\":\"CommentAction\",\"name\":\"Comment\",\"target\":[\"https:\\\/\\\/semanasantaferrol.com\\\/gl\\\/as-confrarias-publican-o-balance-social-de-2022-mais-de-15-000e-e-mais-de-catro-toneladas-de-alimentos\\\/#respond\"]}]},{\"@type\":\"WebPage\",\"@id\":\"https:\\\/\\\/semanasantaferrol.com\\\/gl\\\/as-confrarias-publican-o-balance-social-de-2022-mais-de-15-000e-e-mais-de-catro-toneladas-de-alimentos\\\/\",\"url\":\"https:\\\/\\\/semanasantaferrol.com\\\/gl\\\/as-confrarias-publican-o-balance-social-de-2022-mais-de-15-000e-e-mais-de-catro-toneladas-de-alimentos\\\/\",\"name\":\"As confrar\u00edas publican o balance social de 2022: m\u00e1is de 15.000\u20ac e m\u00e1is de catro toneladas de alimentos - Junta General de Cofrad\u00edas y Hermandades\",\"isPartOf\":{\"@id\":\"https:\\\/\\\/semanasantaferrol.com\\\/gl\\\/#website\"},\"primaryImageOfPage\":{\"@id\":\"https:\\\/\\\/semanasantaferrol.com\\\/gl\\\/as-confrarias-publican-o-balance-social-de-2022-mais-de-15-000e-e-mais-de-catro-toneladas-de-alimentos\\\/#primaryimage\"},\"image\":{\"@id\":\"https:\\\/\\\/semanasantaferrol.com\\\/gl\\\/as-confrarias-publican-o-balance-social-de-2022-mais-de-15-000e-e-mais-de-catro-toneladas-de-alimentos\\\/#primaryimage\"},\"thumbnailUrl\":\"https:\\\/\\\/semanasantaferrol.com\\\/wp-content\\\/uploads\\\/2023\\\/01\\\/cafesolidarioStoEntierro-e1673525462451.jpg\",\"datePublished\":\"2023-01-12T12:13:14+00:00\",\"description\":\"As confrar\u00edas da Semana Santa de Ferrol fan o seu balance social dde 2022: m\u00e1is de 15.000 euros e catro toneladas de alimentos\",\"breadcrumb\":{\"@id\":\"https:\\\/\\\/semanasantaferrol.com\\\/gl\\\/as-confrarias-publican-o-balance-social-de-2022-mais-de-15-000e-e-mais-de-catro-toneladas-de-alimentos\\\/#breadcrumb\"},\"inLanguage\":\"gl-ES\",\"potentialAction\":[{\"@type\":\"ReadAction\",\"target\":[\"https:\\\/\\\/semanasantaferrol.com\\\/gl\\\/as-confrarias-publican-o-balance-social-de-2022-mais-de-15-000e-e-mais-de-catro-toneladas-de-alimentos\\\/\"]}]},{\"@type\":\"ImageObject\",\"inLanguage\":\"gl-ES\",\"@id\":\"https:\\\/\\\/semanasantaferrol.com\\\/gl\\\/as-confrarias-publican-o-balance-social-de-2022-mais-de-15-000e-e-mais-de-catro-toneladas-de-alimentos\\\/#primaryimage\",\"url\":\"https:\\\/\\\/semanasantaferrol.com\\\/wp-content\\\/uploads\\\/2023\\\/01\\\/cafesolidarioStoEntierro-e1673525462451.jpg\",\"contentUrl\":\"https:\\\/\\\/semanasantaferrol.com\\\/wp-content\\\/uploads\\\/2023\\\/01\\\/cafesolidarioStoEntierro-e1673525462451.jpg\",\"width\":1820,\"height\":1365,\"caption\":\"balance social\"},{\"@type\":\"BreadcrumbList\",\"@id\":\"https:\\\/\\\/semanasantaferrol.com\\\/gl\\\/as-confrarias-publican-o-balance-social-de-2022-mais-de-15-000e-e-mais-de-catro-toneladas-de-alimentos\\\/#breadcrumb\",\"itemListElement\":[{\"@type\":\"ListItem\",\"position\":1,\"name\":\"Portada\",\"item\":\"https:\\\/\\\/semanasantaferrol.com\\\/gl\\\/\"},{\"@type\":\"ListItem\",\"position\":2,\"name\":\"As confrar\u00edas publican o balance social de 2022: m\u00e1is de 15.000\u20ac e m\u00e1is de catro toneladas de alimentos\"}]},{\"@type\":\"WebSite\",\"@id\":\"https:\\\/\\\/semanasantaferrol.com\\\/gl\\\/#website\",\"url\":\"https:\\\/\\\/semanasantaferrol.com\\\/gl\\\/\",\"name\":\"Junta General de Cofrad\u00edas y Hermandades\",\"description\":\"Semana Santa de Ferrol\",\"publisher\":{\"@id\":\"https:\\\/\\\/semanasantaferrol.com\\\/gl\\\/#organization\"},\"alternateName\":\"Semana Santa de Ferrol\",\"potentialAction\":[{\"@type\":\"SearchAction\",\"target\":{\"@type\":\"EntryPoint\",\"urlTemplate\":\"https:\\\/\\\/semanasantaferrol.com\\\/gl\\\/?s={search_term_string}\"},\"query-input\":{\"@type\":\"PropertyValueSpecification\",\"valueRequired\":true,\"valueName\":\"search_term_string\"}}],\"inLanguage\":\"gl-ES\"},{\"@type\":\"Organization\",\"@id\":\"https:\\\/\\\/semanasantaferrol.com\\\/gl\\\/#organization\",\"name\":\"Junta General de Cofrad\u00edas y Hermandades de la Semana Santa de Ferrol\",\"alternateName\":\"Junta de Cofrad\u00edas de la Semana Santa de Ferrol\",\"url\":\"https:\\\/\\\/semanasantaferrol.com\\\/gl\\\/\",\"logo\":{\"@type\":\"ImageObject\",\"inLanguage\":\"gl-ES\",\"@id\":\"https:\\\/\\\/semanasantaferrol.com\\\/gl\\\/#\\\/schema\\\/logo\\\/image\\\/\",\"url\":\"https:\\\/\\\/semanasantaferrol.com\\\/wp-content\\\/uploads\\\/2022\\\/10\\\/junta_general_logo.svg\",\"contentUrl\":\"https:\\\/\\\/semanasantaferrol.com\\\/wp-content\\\/uploads\\\/2022\\\/10\\\/junta_general_logo.svg\",\"width\":600,\"height\":790,\"caption\":\"Junta General de Cofrad\u00edas y Hermandades de la Semana Santa de Ferrol\"},\"image\":{\"@id\":\"https:\\\/\\\/semanasantaferrol.com\\\/gl\\\/#\\\/schema\\\/logo\\\/image\\\/\"},\"sameAs\":[\"https:\\\/\\\/www.facebook.com\\\/Juntageneraldecofradias\\\/\",\"https:\\\/\\\/www.instagram.com\\\/juntageneralcofradiasferrol\\\/\",\"https:\\\/\\\/www.youtube.com\\\/@semanasantadeferrol1616\",\"https:\\\/\\\/www.tiktok.com\\\/@semanasantadeferrol\"]},{\"@type\":\"Person\",\"@id\":\"https:\\\/\\\/semanasantaferrol.com\\\/gl\\\/#\\\/schema\\\/person\\\/cdd132690f08f75a35f05e2423e6307c\",\"name\":\"pingota\",\"image\":{\"@type\":\"ImageObject\",\"inLanguage\":\"gl-ES\",\"@id\":\"https:\\\/\\\/secure.gravatar.com\\\/avatar\\\/b1bb79ecdfb8d6f4c44a82262f8b422faeb290304fc5c6f8b9b4305bfaa2853c?s=96&d=mm&r=g\",\"url\":\"https:\\\/\\\/secure.gravatar.com\\\/avatar\\\/b1bb79ecdfb8d6f4c44a82262f8b422faeb290304fc5c6f8b9b4305bfaa2853c?s=96&d=mm&r=g\",\"contentUrl\":\"https:\\\/\\\/secure.gravatar.com\\\/avatar\\\/b1bb79ecdfb8d6f4c44a82262f8b422faeb290304fc5c6f8b9b4305bfaa2853c?s=96&d=mm&r=g\",\"caption\":\"pingota\"},\"url\":\"https:\\\/\\\/semanasantaferrol.com\\\/gl\"}]}<\/script>\n<!-- \/ Yoast SEO plugin. -->","yoast_head_json":{"title":"As confrar\u00edas publican o balance social de 2022: m\u00e1is de 15.000\u20ac e m\u00e1is de catro toneladas de alimentos - Junta General de Cofrad\u00edas y Hermandades","description":"As confrar\u00edas da Semana Santa de Ferrol fan o seu balance social dde 2022: m\u00e1is de 15.000 euros e catro toneladas de alimentos","robots":{"index":"index","follow":"follow","max-snippet":"max-snippet:-1","max-image-preview":"max-image-preview:large","max-video-preview":"max-video-preview:-1"},"canonical":"https:\/\/semanasantaferrol.com\/gl\/as-confrarias-publican-o-balance-social-de-2022-mais-de-15-000e-e-mais-de-catro-toneladas-de-alimentos\/","og_locale":"gl_ES","og_type":"article","og_title":"As confrar\u00edas publican o balance social de 2022: m\u00e1is de 15.000\u20ac e m\u00e1is de catro toneladas de alimentos - Junta General de Cofrad\u00edas y Hermandades","og_description":"As confrar\u00edas da Semana Santa de Ferrol fan o seu balance social dde 2022: m\u00e1is de 15.000 euros e catro toneladas de alimentos","og_url":"https:\/\/semanasantaferrol.com\/gl\/as-confrarias-publican-o-balance-social-de-2022-mais-de-15-000e-e-mais-de-catro-toneladas-de-alimentos\/","og_site_name":"Junta General de Cofrad\u00edas y Hermandades","article_publisher":"https:\/\/www.facebook.com\/Juntageneraldecofradias\/","article_published_time":"2023-01-12T12:13:14+00:00","og_image":[{"width":1820,"height":1365,"url":"https:\/\/semanasantaferrol.com\/wp-content\/uploads\/2023\/01\/cafesolidarioStoEntierro-e1673525462451.jpg","type":"image\/jpeg"}],"author":"pingota","twitter_card":"summary_large_image","twitter_misc":{"Escrito por":"pingota","Tempo de lectura":"1 minuto"},"schema":{"@context":"https:\/\/schema.org","@graph":[{"@type":"Article","@id":"https:\/\/semanasantaferrol.com\/gl\/as-confrarias-publican-o-balance-social-de-2022-mais-de-15-000e-e-mais-de-catro-toneladas-de-alimentos\/#article","isPartOf":{"@id":"https:\/\/semanasantaferrol.com\/gl\/as-confrarias-publican-o-balance-social-de-2022-mais-de-15-000e-e-mais-de-catro-toneladas-de-alimentos\/"},"author":{"name":"pingota","@id":"https:\/\/semanasantaferrol.com\/gl\/#\/schema\/person\/cdd132690f08f75a35f05e2423e6307c"},"headline":"As confrar\u00edas publican o balance social de 2022: m\u00e1is de 15.000\u20ac e m\u00e1is de catro toneladas de alimentos","datePublished":"2023-01-12T12:13:14+00:00","mainEntityOfPage":{"@id":"https:\/\/semanasantaferrol.com\/gl\/as-confrarias-publican-o-balance-social-de-2022-mais-de-15-000e-e-mais-de-catro-toneladas-de-alimentos\/"},"wordCount":302,"commentCount":0,"publisher":{"@id":"https:\/\/semanasantaferrol.com\/gl\/#organization"},"image":{"@id":"https:\/\/semanasantaferrol.com\/gl\/as-confrarias-publican-o-balance-social-de-2022-mais-de-15-000e-e-mais-de-catro-toneladas-de-alimentos\/#primaryimage"},"thumbnailUrl":"https:\/\/semanasantaferrol.com\/wp-content\/uploads\/2023\/01\/cafesolidarioStoEntierro-e1673525462451.jpg","articleSection":["Xunta"],"inLanguage":"gl-ES","potentialAction":[{"@type":"CommentAction","name":"Comment","target":["https:\/\/semanasantaferrol.com\/gl\/as-confrarias-publican-o-balance-social-de-2022-mais-de-15-000e-e-mais-de-catro-toneladas-de-alimentos\/#respond"]}]},{"@type":"WebPage","@id":"https:\/\/semanasantaferrol.com\/gl\/as-confrarias-publican-o-balance-social-de-2022-mais-de-15-000e-e-mais-de-catro-toneladas-de-alimentos\/","url":"https:\/\/semanasantaferrol.com\/gl\/as-confrarias-publican-o-balance-social-de-2022-mais-de-15-000e-e-mais-de-catro-toneladas-de-alimentos\/","name":"As confrar\u00edas publican o balance social de 2022: m\u00e1is de 15.000\u20ac e m\u00e1is de catro toneladas de alimentos - Junta General de Cofrad\u00edas y Hermandades","isPartOf":{"@id":"https:\/\/semanasantaferrol.com\/gl\/#website"},"primaryImageOfPage":{"@id":"https:\/\/semanasantaferrol.com\/gl\/as-confrarias-publican-o-balance-social-de-2022-mais-de-15-000e-e-mais-de-catro-toneladas-de-alimentos\/#primaryimage"},"image":{"@id":"https:\/\/semanasantaferrol.com\/gl\/as-confrarias-publican-o-balance-social-de-2022-mais-de-15-000e-e-mais-de-catro-toneladas-de-alimentos\/#primaryimage"},"thumbnailUrl":"https:\/\/semanasantaferrol.com\/wp-content\/uploads\/2023\/01\/cafesolidarioStoEntierro-e1673525462451.jpg","datePublished":"2023-01-12T12:13:14+00:00","description":"As confrar\u00edas da Semana Santa de Ferrol fan o seu balance social dde 2022: m\u00e1is de 15.000 euros e catro toneladas de alimentos","breadcrumb":{"@id":"https:\/\/semanasantaferrol.com\/gl\/as-confrarias-publican-o-balance-social-de-2022-mais-de-15-000e-e-mais-de-catro-toneladas-de-alimentos\/#breadcrumb"},"inLanguage":"gl-ES","potentialAction":[{"@type":"ReadAction","target":["https:\/\/semanasantaferrol.com\/gl\/as-confrarias-publican-o-balance-social-de-2022-mais-de-15-000e-e-mais-de-catro-toneladas-de-alimentos\/"]}]},{"@type":"ImageObject","inLanguage":"gl-ES","@id":"https:\/\/semanasantaferrol.com\/gl\/as-confrarias-publican-o-balance-social-de-2022-mais-de-15-000e-e-mais-de-catro-toneladas-de-alimentos\/#primaryimage","url":"https:\/\/semanasantaferrol.com\/wp-content\/uploads\/2023\/01\/cafesolidarioStoEntierro-e1673525462451.jpg","contentUrl":"https:\/\/semanasantaferrol.com\/wp-content\/uploads\/2023\/01\/cafesolidarioStoEntierro-e1673525462451.jpg","width":1820,"height":1365,"caption":"balance social"},{"@type":"BreadcrumbList","@id":"https:\/\/semanasantaferrol.com\/gl\/as-confrarias-publican-o-balance-social-de-2022-mais-de-15-000e-e-mais-de-catro-toneladas-de-alimentos\/#breadcrumb","itemListElement":[{"@type":"ListItem","position":1,"name":"Portada","item":"https:\/\/semanasantaferrol.com\/gl\/"},{"@type":"ListItem","position":2,"name":"As confrar\u00edas publican o balance social de 2022: m\u00e1is de 15.000\u20ac e m\u00e1is de catro toneladas de alimentos"}]},{"@type":"WebSite","@id":"https:\/\/semanasantaferrol.com\/gl\/#website","url":"https:\/\/semanasantaferrol.com\/gl\/","name":"Junta General de Cofrad\u00edas y Hermandades","description":"Semana Santa de Ferrol","publisher":{"@id":"https:\/\/semanasantaferrol.com\/gl\/#organization"},"alternateName":"Semana Santa de Ferrol","potentialAction":[{"@type":"SearchAction","target":{"@type":"EntryPoint","urlTemplate":"https:\/\/semanasantaferrol.com\/gl\/?s={search_term_string}"},"query-input":{"@type":"PropertyValueSpecification","valueRequired":true,"valueName":"search_term_string"}}],"inLanguage":"gl-ES"},{"@type":"Organization","@id":"https:\/\/semanasantaferrol.com\/gl\/#organization","name":"Junta General de Cofrad\u00edas y Hermandades de la Semana Santa de Ferrol","alternateName":"Junta de Cofrad\u00edas de la Semana Santa de Ferrol","url":"https:\/\/semanasantaferrol.com\/gl\/","logo":{"@type":"ImageObject","inLanguage":"gl-ES","@id":"https:\/\/semanasantaferrol.com\/gl\/#\/schema\/logo\/image\/","url":"https:\/\/semanasantaferrol.com\/wp-content\/uploads\/2022\/10\/junta_general_logo.svg","contentUrl":"https:\/\/semanasantaferrol.com\/wp-content\/uploads\/2022\/10\/junta_general_logo.svg","width":600,"height":790,"caption":"Junta General de Cofrad\u00edas y Hermandades de la Semana Santa de Ferrol"},"image":{"@id":"https:\/\/semanasantaferrol.com\/gl\/#\/schema\/logo\/image\/"},"sameAs":["https:\/\/www.facebook.com\/Juntageneraldecofradias\/","https:\/\/www.instagram.com\/juntageneralcofradiasferrol\/","https:\/\/www.youtube.com\/@semanasantadeferrol1616","https:\/\/www.tiktok.com\/@semanasantadeferrol"]},{"@type":"Person","@id":"https:\/\/semanasantaferrol.com\/gl\/#\/schema\/person\/cdd132690f08f75a35f05e2423e6307c","name":"pingota","image":{"@type":"ImageObject","inLanguage":"gl-ES","@id":"https:\/\/secure.gravatar.com\/avatar\/b1bb79ecdfb8d6f4c44a82262f8b422faeb290304fc5c6f8b9b4305bfaa2853c?s=96&d=mm&r=g","url":"https:\/\/secure.gravatar.com\/avatar\/b1bb79ecdfb8d6f4c44a82262f8b422faeb290304fc5c6f8b9b4305bfaa2853c?s=96&d=mm&r=g","contentUrl":"https:\/\/secure.gravatar.com\/avatar\/b1bb79ecdfb8d6f4c44a82262f8b422faeb290304fc5c6f8b9b4305bfaa2853c?s=96&d=mm&r=g","caption":"pingota"},"url":"https:\/\/semanasantaferrol.com\/gl"}]}},"_links":{"self":[{"href":"https:\/\/semanasantaferrol.com\/gl\/wp-json\/wp\/v2\/posts\/5207","targetHints":{"allow":["GET"]}}],"collection":[{"href":"https:\/\/semanasantaferrol.com\/gl\/wp-json\/wp\/v2\/posts"}],"about":[{"href":"https:\/\/semanasantaferrol.com\/gl\/wp-json\/wp\/v2\/types\/post"}],"author":[{"embeddable":true,"href":"https:\/\/semanasantaferrol.com\/gl\/wp-json\/wp\/v2\/users\/3"}],"replies":[{"embeddable":true,"href":"https:\/\/semanasantaferrol.com\/gl\/wp-json\/wp\/v2\/comments?post=5207"}],"version-history":[{"count":0,"href":"https:\/\/semanasantaferrol.com\/gl\/wp-json\/wp\/v2\/posts\/5207\/revisions"}],"wp:featuredmedia":[{"embeddable":true,"href":"https:\/\/semanasantaferrol.com\/gl\/wp-json\/wp\/v2\/media\/5205"}],"wp:attachment":[{"href":"https:\/\/semanasantaferrol.com\/gl\/wp-json\/wp\/v2\/media?parent=5207"}],"wp:term":[{"taxonomy":"category","embeddable":true,"href":"https:\/\/semanasantaferrol.com\/gl\/wp-json\/wp\/v2\/categories?post=5207"},{"taxonomy":"post_tag","embeddable":true,"href":"https:\/\/semanasantaferrol.com\/gl\/wp-json\/wp\/v2\/tags?post=5207"}],"curies":[{"name":"wp","href":"https:\/\/api.w.org\/{rel}","templated":true}]}}