{"id":5195,"date":"2023-01-10T11:32:30","date_gmt":"2023-01-10T11:32:30","guid":{"rendered":"https:\/\/semanasantaferrol.com\/?p=5195"},"modified":"2023-01-10T12:06:51","modified_gmt":"2023-01-10T12:06:51","slug":"o-cartel-da-semana-santa-2023-presentarse-o-14-no-casino","status":"publish","type":"post","link":"https:\/\/semanasantaferrol.com\/gl\/o-cartel-da-semana-santa-2023-presentarse-o-14-no-casino\/","title":{"rendered":"O cartel da Semana Santa 2023 presentarase o 14 no Casino"},"content":{"rendered":"<p>A Xunta Xeral de Confrar\u00edas e Irmandades da Semana Santa de Ferrol presentar\u00e1 o cartel de 2023 nun acto previsto para o vindeiro s\u00e1bado 14 de xaneiro, \u00e1s doce do mediod\u00eda no Casino. Un ano m\u00e1is, o cartel promocional darase a co\u00f1ecer na cidade antes da s\u00faa presentaci\u00f3n en Fitur, a feira internacional de turismo que se celebrar\u00e1 en Madrid do 18 ao 22 de xaneiro e na que a Paxi\u00f3n ferrol\u00e1, evento reco\u00f1ecido como de interese internacional, sempre ten o seu espazo.<\/p>\n<p>O cartel da Semana Santa de Ferrol 2023 est\u00e1 protagonizado por unha <a href=\"https:\/\/semanasantaferrol.com\/cartel-de-la-semana-santa-de-ferrol-2023\/\">fotograf\u00eda de Alejandra Varela<\/a>, na que aparece o arco de camp\u00e1 do trono mercedario do Redentor, coa man do mordomo e o seu martelo a piques de golpear para marcar o paso. A Confrar\u00eda da Merc\u00e9 seleccionou a instant\u00e1nea no certame convocado para tal fin, entre as once obras que se presentaron.<\/p>\n<p>No acto de presentaci\u00f3n do cartel intervir\u00e1n a autora da fotograf\u00eda, Alejandra Varela, e a irm\u00e1 maior da Confrar\u00eda da Merc\u00e9, Helena Pena Villasuso, as\u00ed como o presidente da Xunta de Confrar\u00edas, C\u00e9sar Carre\u00f1o, e outras autoridades.<\/p>\n<p>A presentaci\u00f3n contar\u00e1, como \u00e9 habitual nos actos da Xunta de Confrar\u00edas, con int\u00e9rprete de lingua de signos. Ademais, inauguraranse neste acto as retransmisi\u00f3ns en directo deste ano. Quen non acudan ao acto poder\u00e1n seguilo a trav\u00e9s deste link <a href=\"https:\/\/youtu.be\/M62mhV8BY-w\">https:\/\/youtu.be\/M62mhV8BY-w<\/a> ou a trav\u00e9s da p\u00e1xina de Facebook da Xunta de Confrar\u00edas (<a href=\"https:\/\/www.facebook.com\/Juntageneraldecofradias\">https:\/\/www.facebook.com\/juntageneraldecofradias<\/a>).<\/p>\n<p><img fetchpriority=\"high\" decoding=\"async\" class=\"wp-image-4786 size-large aligncenter\" src=\"https:\/\/semanasantaferrol.com\/wp-content\/uploads\/2022\/11\/fotoAlejandraVarela-768x1024.jpg\" alt=\"\" width=\"768\" height=\"1024\" srcset=\"https:\/\/semanasantaferrol.com\/wp-content\/uploads\/2022\/11\/fotoAlejandraVarela-768x1024.jpg 768w, https:\/\/semanasantaferrol.com\/wp-content\/uploads\/2022\/11\/fotoAlejandraVarela-169x225.jpg 169w, https:\/\/semanasantaferrol.com\/wp-content\/uploads\/2022\/11\/fotoAlejandraVarela-1152x1536.jpg 1152w, https:\/\/semanasantaferrol.com\/wp-content\/uploads\/2022\/11\/fotoAlejandraVarela-1536x2048.jpg 1536w, https:\/\/semanasantaferrol.com\/wp-content\/uploads\/2022\/11\/fotoAlejandraVarela-scaled.jpg 1920w\" sizes=\"(max-width: 768px) 100vw, 768px\" \/><\/p>\n","protected":false},"excerpt":{"rendered":"<p>A Xunta Xeral de Confrar\u00edas e Irmandades da Semana Santa de Ferrol presentar\u00e1 o cartel de 2023 nun acto previsto para o vindeiro s\u00e1bado 14 de xaneiro, \u00e1s doce do mediod\u00eda no Casino. Un ano m\u00e1is, o cartel promocional darase a co\u00f1ecer na cidade antes da s\u00faa presentaci\u00f3n en Fitur, a feira internacional de turismo [&hellip;]<\/p>\n","protected":false},"author":3,"featured_media":5193,"comment_status":"open","ping_status":"open","sticky":false,"template":"","format":"standard","meta":{"footnotes":""},"categories":[39],"tags":[],"class_list":["post-5195","post","type-post","status-publish","format-standard","has-post-thumbnail","hentry","category-xunta"],"yoast_head":"<!-- This site is optimized with the Yoast SEO plugin v27.5 - https:\/\/yoast.com\/product\/yoast-seo-wordpress\/ -->\n<title>O cartel da Semana Santa 2023 presentarase o 14 no Casino - Junta General de Cofrad\u00edas y Hermandades<\/title>\n<meta name=\"description\" content=\"O cartel da Semana Santa de Ferrol 2023 presentarase o d\u00eda 14 de xaneiro, \u00e1s doce do mediod\u00eda, no Casino.\" \/>\n<meta name=\"robots\" content=\"index, follow, max-snippet:-1, max-image-preview:large, max-video-preview:-1\" \/>\n<link rel=\"canonical\" href=\"https:\/\/semanasantaferrol.com\/gl\/o-cartel-da-semana-santa-2023-presentarse-o-14-no-casino\/\" \/>\n<meta property=\"og:locale\" content=\"gl_ES\" \/>\n<meta property=\"og:type\" content=\"article\" \/>\n<meta property=\"og:title\" content=\"O cartel da Semana Santa 2023 presentarase o 14 no Casino - Junta General de Cofrad\u00edas y Hermandades\" \/>\n<meta property=\"og:description\" content=\"O cartel da Semana Santa de Ferrol 2023 presentarase o d\u00eda 14 de xaneiro, \u00e1s doce do mediod\u00eda, no Casino.\" \/>\n<meta property=\"og:url\" content=\"https:\/\/semanasantaferrol.com\/gl\/o-cartel-da-semana-santa-2023-presentarse-o-14-no-casino\/\" \/>\n<meta property=\"og:site_name\" content=\"Junta General de Cofrad\u00edas y Hermandades\" \/>\n<meta property=\"article:publisher\" content=\"https:\/\/www.facebook.com\/Juntageneraldecofradias\/\" \/>\n<meta property=\"article:published_time\" content=\"2023-01-10T11:32:30+00:00\" \/>\n<meta property=\"article:modified_time\" content=\"2023-01-10T12:06:51+00:00\" \/>\n<meta property=\"og:image\" content=\"https:\/\/semanasantaferrol.com\/wp-content\/uploads\/2023\/01\/MG_7255-scaled.jpg\" \/>\n\t<meta property=\"og:image:width\" content=\"2560\" \/>\n\t<meta property=\"og:image:height\" content=\"1920\" \/>\n\t<meta property=\"og:image:type\" content=\"image\/jpeg\" \/>\n<meta name=\"author\" content=\"pingota\" \/>\n<meta name=\"twitter:card\" content=\"summary_large_image\" \/>\n<meta name=\"twitter:label1\" content=\"Escrito por\" \/>\n\t<meta name=\"twitter:data1\" content=\"pingota\" \/>\n\t<meta name=\"twitter:label2\" content=\"Tempo de lectura\" \/>\n\t<meta name=\"twitter:data2\" content=\"2 minutos\" \/>\n<script type=\"application\/ld+json\" class=\"yoast-schema-graph\">{\"@context\":\"https:\\\/\\\/schema.org\",\"@graph\":[{\"@type\":\"Article\",\"@id\":\"https:\\\/\\\/semanasantaferrol.com\\\/gl\\\/o-cartel-da-semana-santa-2023-presentarse-o-14-no-casino\\\/#article\",\"isPartOf\":{\"@id\":\"https:\\\/\\\/semanasantaferrol.com\\\/gl\\\/o-cartel-da-semana-santa-2023-presentarse-o-14-no-casino\\\/\"},\"author\":{\"name\":\"pingota\",\"@id\":\"https:\\\/\\\/semanasantaferrol.com\\\/gl\\\/#\\\/schema\\\/person\\\/cdd132690f08f75a35f05e2423e6307c\"},\"headline\":\"O cartel da Semana Santa 2023 presentarase o 14 no Casino\",\"datePublished\":\"2023-01-10T11:32:30+00:00\",\"dateModified\":\"2023-01-10T12:06:51+00:00\",\"mainEntityOfPage\":{\"@id\":\"https:\\\/\\\/semanasantaferrol.com\\\/gl\\\/o-cartel-da-semana-santa-2023-presentarse-o-14-no-casino\\\/\"},\"wordCount\":276,\"commentCount\":0,\"publisher\":{\"@id\":\"https:\\\/\\\/semanasantaferrol.com\\\/gl\\\/#organization\"},\"image\":{\"@id\":\"https:\\\/\\\/semanasantaferrol.com\\\/gl\\\/o-cartel-da-semana-santa-2023-presentarse-o-14-no-casino\\\/#primaryimage\"},\"thumbnailUrl\":\"https:\\\/\\\/semanasantaferrol.com\\\/wp-content\\\/uploads\\\/2023\\\/01\\\/MG_7255-scaled.jpg\",\"articleSection\":[\"Xunta\"],\"inLanguage\":\"gl-ES\",\"potentialAction\":[{\"@type\":\"CommentAction\",\"name\":\"Comment\",\"target\":[\"https:\\\/\\\/semanasantaferrol.com\\\/gl\\\/o-cartel-da-semana-santa-2023-presentarse-o-14-no-casino\\\/#respond\"]}]},{\"@type\":\"WebPage\",\"@id\":\"https:\\\/\\\/semanasantaferrol.com\\\/gl\\\/o-cartel-da-semana-santa-2023-presentarse-o-14-no-casino\\\/\",\"url\":\"https:\\\/\\\/semanasantaferrol.com\\\/gl\\\/o-cartel-da-semana-santa-2023-presentarse-o-14-no-casino\\\/\",\"name\":\"O cartel da Semana Santa 2023 presentarase o 14 no Casino - Junta General de Cofrad\u00edas y Hermandades\",\"isPartOf\":{\"@id\":\"https:\\\/\\\/semanasantaferrol.com\\\/gl\\\/#website\"},\"primaryImageOfPage\":{\"@id\":\"https:\\\/\\\/semanasantaferrol.com\\\/gl\\\/o-cartel-da-semana-santa-2023-presentarse-o-14-no-casino\\\/#primaryimage\"},\"image\":{\"@id\":\"https:\\\/\\\/semanasantaferrol.com\\\/gl\\\/o-cartel-da-semana-santa-2023-presentarse-o-14-no-casino\\\/#primaryimage\"},\"thumbnailUrl\":\"https:\\\/\\\/semanasantaferrol.com\\\/wp-content\\\/uploads\\\/2023\\\/01\\\/MG_7255-scaled.jpg\",\"datePublished\":\"2023-01-10T11:32:30+00:00\",\"dateModified\":\"2023-01-10T12:06:51+00:00\",\"description\":\"O cartel da Semana Santa de Ferrol 2023 presentarase o d\u00eda 14 de xaneiro, \u00e1s doce do mediod\u00eda, no Casino.\",\"breadcrumb\":{\"@id\":\"https:\\\/\\\/semanasantaferrol.com\\\/gl\\\/o-cartel-da-semana-santa-2023-presentarse-o-14-no-casino\\\/#breadcrumb\"},\"inLanguage\":\"gl-ES\",\"potentialAction\":[{\"@type\":\"ReadAction\",\"target\":[\"https:\\\/\\\/semanasantaferrol.com\\\/gl\\\/o-cartel-da-semana-santa-2023-presentarse-o-14-no-casino\\\/\"]}]},{\"@type\":\"ImageObject\",\"inLanguage\":\"gl-ES\",\"@id\":\"https:\\\/\\\/semanasantaferrol.com\\\/gl\\\/o-cartel-da-semana-santa-2023-presentarse-o-14-no-casino\\\/#primaryimage\",\"url\":\"https:\\\/\\\/semanasantaferrol.com\\\/wp-content\\\/uploads\\\/2023\\\/01\\\/MG_7255-scaled.jpg\",\"contentUrl\":\"https:\\\/\\\/semanasantaferrol.com\\\/wp-content\\\/uploads\\\/2023\\\/01\\\/MG_7255-scaled.jpg\",\"width\":2560,\"height\":1920},{\"@type\":\"BreadcrumbList\",\"@id\":\"https:\\\/\\\/semanasantaferrol.com\\\/gl\\\/o-cartel-da-semana-santa-2023-presentarse-o-14-no-casino\\\/#breadcrumb\",\"itemListElement\":[{\"@type\":\"ListItem\",\"position\":1,\"name\":\"Portada\",\"item\":\"https:\\\/\\\/semanasantaferrol.com\\\/gl\\\/\"},{\"@type\":\"ListItem\",\"position\":2,\"name\":\"O cartel da Semana Santa 2023 presentarase o 14 no Casino\"}]},{\"@type\":\"WebSite\",\"@id\":\"https:\\\/\\\/semanasantaferrol.com\\\/gl\\\/#website\",\"url\":\"https:\\\/\\\/semanasantaferrol.com\\\/gl\\\/\",\"name\":\"Junta General de Cofrad\u00edas y Hermandades\",\"description\":\"Semana Santa de Ferrol\",\"publisher\":{\"@id\":\"https:\\\/\\\/semanasantaferrol.com\\\/gl\\\/#organization\"},\"alternateName\":\"Semana Santa de Ferrol\",\"potentialAction\":[{\"@type\":\"SearchAction\",\"target\":{\"@type\":\"EntryPoint\",\"urlTemplate\":\"https:\\\/\\\/semanasantaferrol.com\\\/gl\\\/?s={search_term_string}\"},\"query-input\":{\"@type\":\"PropertyValueSpecification\",\"valueRequired\":true,\"valueName\":\"search_term_string\"}}],\"inLanguage\":\"gl-ES\"},{\"@type\":\"Organization\",\"@id\":\"https:\\\/\\\/semanasantaferrol.com\\\/gl\\\/#organization\",\"name\":\"Junta General de Cofrad\u00edas y Hermandades de la Semana Santa de Ferrol\",\"alternateName\":\"Junta de Cofrad\u00edas de la Semana Santa de Ferrol\",\"url\":\"https:\\\/\\\/semanasantaferrol.com\\\/gl\\\/\",\"logo\":{\"@type\":\"ImageObject\",\"inLanguage\":\"gl-ES\",\"@id\":\"https:\\\/\\\/semanasantaferrol.com\\\/gl\\\/#\\\/schema\\\/logo\\\/image\\\/\",\"url\":\"https:\\\/\\\/semanasantaferrol.com\\\/wp-content\\\/uploads\\\/2022\\\/10\\\/junta_general_logo.svg\",\"contentUrl\":\"https:\\\/\\\/semanasantaferrol.com\\\/wp-content\\\/uploads\\\/2022\\\/10\\\/junta_general_logo.svg\",\"width\":600,\"height\":790,\"caption\":\"Junta General de Cofrad\u00edas y Hermandades de la Semana Santa de Ferrol\"},\"image\":{\"@id\":\"https:\\\/\\\/semanasantaferrol.com\\\/gl\\\/#\\\/schema\\\/logo\\\/image\\\/\"},\"sameAs\":[\"https:\\\/\\\/www.facebook.com\\\/Juntageneraldecofradias\\\/\",\"https:\\\/\\\/www.instagram.com\\\/juntageneralcofradiasferrol\\\/\",\"https:\\\/\\\/www.youtube.com\\\/@semanasantadeferrol1616\",\"https:\\\/\\\/www.tiktok.com\\\/@semanasantadeferrol\"]},{\"@type\":\"Person\",\"@id\":\"https:\\\/\\\/semanasantaferrol.com\\\/gl\\\/#\\\/schema\\\/person\\\/cdd132690f08f75a35f05e2423e6307c\",\"name\":\"pingota\",\"image\":{\"@type\":\"ImageObject\",\"inLanguage\":\"gl-ES\",\"@id\":\"https:\\\/\\\/secure.gravatar.com\\\/avatar\\\/b1bb79ecdfb8d6f4c44a82262f8b422faeb290304fc5c6f8b9b4305bfaa2853c?s=96&d=mm&r=g\",\"url\":\"https:\\\/\\\/secure.gravatar.com\\\/avatar\\\/b1bb79ecdfb8d6f4c44a82262f8b422faeb290304fc5c6f8b9b4305bfaa2853c?s=96&d=mm&r=g\",\"contentUrl\":\"https:\\\/\\\/secure.gravatar.com\\\/avatar\\\/b1bb79ecdfb8d6f4c44a82262f8b422faeb290304fc5c6f8b9b4305bfaa2853c?s=96&d=mm&r=g\",\"caption\":\"pingota\"},\"url\":\"https:\\\/\\\/semanasantaferrol.com\\\/gl\"}]}<\/script>\n<!-- \/ Yoast SEO plugin. -->","yoast_head_json":{"title":"O cartel da Semana Santa 2023 presentarase o 14 no Casino - Junta General de Cofrad\u00edas y Hermandades","description":"O cartel da Semana Santa de Ferrol 2023 presentarase o d\u00eda 14 de xaneiro, \u00e1s doce do mediod\u00eda, no Casino.","robots":{"index":"index","follow":"follow","max-snippet":"max-snippet:-1","max-image-preview":"max-image-preview:large","max-video-preview":"max-video-preview:-1"},"canonical":"https:\/\/semanasantaferrol.com\/gl\/o-cartel-da-semana-santa-2023-presentarse-o-14-no-casino\/","og_locale":"gl_ES","og_type":"article","og_title":"O cartel da Semana Santa 2023 presentarase o 14 no Casino - Junta General de Cofrad\u00edas y Hermandades","og_description":"O cartel da Semana Santa de Ferrol 2023 presentarase o d\u00eda 14 de xaneiro, \u00e1s doce do mediod\u00eda, no Casino.","og_url":"https:\/\/semanasantaferrol.com\/gl\/o-cartel-da-semana-santa-2023-presentarse-o-14-no-casino\/","og_site_name":"Junta General de Cofrad\u00edas y Hermandades","article_publisher":"https:\/\/www.facebook.com\/Juntageneraldecofradias\/","article_published_time":"2023-01-10T11:32:30+00:00","article_modified_time":"2023-01-10T12:06:51+00:00","og_image":[{"width":2560,"height":1920,"url":"https:\/\/semanasantaferrol.com\/wp-content\/uploads\/2023\/01\/MG_7255-scaled.jpg","type":"image\/jpeg"}],"author":"pingota","twitter_card":"summary_large_image","twitter_misc":{"Escrito por":"pingota","Tempo de lectura":"2 minutos"},"schema":{"@context":"https:\/\/schema.org","@graph":[{"@type":"Article","@id":"https:\/\/semanasantaferrol.com\/gl\/o-cartel-da-semana-santa-2023-presentarse-o-14-no-casino\/#article","isPartOf":{"@id":"https:\/\/semanasantaferrol.com\/gl\/o-cartel-da-semana-santa-2023-presentarse-o-14-no-casino\/"},"author":{"name":"pingota","@id":"https:\/\/semanasantaferrol.com\/gl\/#\/schema\/person\/cdd132690f08f75a35f05e2423e6307c"},"headline":"O cartel da Semana Santa 2023 presentarase o 14 no Casino","datePublished":"2023-01-10T11:32:30+00:00","dateModified":"2023-01-10T12:06:51+00:00","mainEntityOfPage":{"@id":"https:\/\/semanasantaferrol.com\/gl\/o-cartel-da-semana-santa-2023-presentarse-o-14-no-casino\/"},"wordCount":276,"commentCount":0,"publisher":{"@id":"https:\/\/semanasantaferrol.com\/gl\/#organization"},"image":{"@id":"https:\/\/semanasantaferrol.com\/gl\/o-cartel-da-semana-santa-2023-presentarse-o-14-no-casino\/#primaryimage"},"thumbnailUrl":"https:\/\/semanasantaferrol.com\/wp-content\/uploads\/2023\/01\/MG_7255-scaled.jpg","articleSection":["Xunta"],"inLanguage":"gl-ES","potentialAction":[{"@type":"CommentAction","name":"Comment","target":["https:\/\/semanasantaferrol.com\/gl\/o-cartel-da-semana-santa-2023-presentarse-o-14-no-casino\/#respond"]}]},{"@type":"WebPage","@id":"https:\/\/semanasantaferrol.com\/gl\/o-cartel-da-semana-santa-2023-presentarse-o-14-no-casino\/","url":"https:\/\/semanasantaferrol.com\/gl\/o-cartel-da-semana-santa-2023-presentarse-o-14-no-casino\/","name":"O cartel da Semana Santa 2023 presentarase o 14 no Casino - Junta General de Cofrad\u00edas y Hermandades","isPartOf":{"@id":"https:\/\/semanasantaferrol.com\/gl\/#website"},"primaryImageOfPage":{"@id":"https:\/\/semanasantaferrol.com\/gl\/o-cartel-da-semana-santa-2023-presentarse-o-14-no-casino\/#primaryimage"},"image":{"@id":"https:\/\/semanasantaferrol.com\/gl\/o-cartel-da-semana-santa-2023-presentarse-o-14-no-casino\/#primaryimage"},"thumbnailUrl":"https:\/\/semanasantaferrol.com\/wp-content\/uploads\/2023\/01\/MG_7255-scaled.jpg","datePublished":"2023-01-10T11:32:30+00:00","dateModified":"2023-01-10T12:06:51+00:00","description":"O cartel da Semana Santa de Ferrol 2023 presentarase o d\u00eda 14 de xaneiro, \u00e1s doce do mediod\u00eda, no Casino.","breadcrumb":{"@id":"https:\/\/semanasantaferrol.com\/gl\/o-cartel-da-semana-santa-2023-presentarse-o-14-no-casino\/#breadcrumb"},"inLanguage":"gl-ES","potentialAction":[{"@type":"ReadAction","target":["https:\/\/semanasantaferrol.com\/gl\/o-cartel-da-semana-santa-2023-presentarse-o-14-no-casino\/"]}]},{"@type":"ImageObject","inLanguage":"gl-ES","@id":"https:\/\/semanasantaferrol.com\/gl\/o-cartel-da-semana-santa-2023-presentarse-o-14-no-casino\/#primaryimage","url":"https:\/\/semanasantaferrol.com\/wp-content\/uploads\/2023\/01\/MG_7255-scaled.jpg","contentUrl":"https:\/\/semanasantaferrol.com\/wp-content\/uploads\/2023\/01\/MG_7255-scaled.jpg","width":2560,"height":1920},{"@type":"BreadcrumbList","@id":"https:\/\/semanasantaferrol.com\/gl\/o-cartel-da-semana-santa-2023-presentarse-o-14-no-casino\/#breadcrumb","itemListElement":[{"@type":"ListItem","position":1,"name":"Portada","item":"https:\/\/semanasantaferrol.com\/gl\/"},{"@type":"ListItem","position":2,"name":"O cartel da Semana Santa 2023 presentarase o 14 no Casino"}]},{"@type":"WebSite","@id":"https:\/\/semanasantaferrol.com\/gl\/#website","url":"https:\/\/semanasantaferrol.com\/gl\/","name":"Junta General de Cofrad\u00edas y Hermandades","description":"Semana Santa de Ferrol","publisher":{"@id":"https:\/\/semanasantaferrol.com\/gl\/#organization"},"alternateName":"Semana Santa de Ferrol","potentialAction":[{"@type":"SearchAction","target":{"@type":"EntryPoint","urlTemplate":"https:\/\/semanasantaferrol.com\/gl\/?s={search_term_string}"},"query-input":{"@type":"PropertyValueSpecification","valueRequired":true,"valueName":"search_term_string"}}],"inLanguage":"gl-ES"},{"@type":"Organization","@id":"https:\/\/semanasantaferrol.com\/gl\/#organization","name":"Junta General de Cofrad\u00edas y Hermandades de la Semana Santa de Ferrol","alternateName":"Junta de Cofrad\u00edas de la Semana Santa de Ferrol","url":"https:\/\/semanasantaferrol.com\/gl\/","logo":{"@type":"ImageObject","inLanguage":"gl-ES","@id":"https:\/\/semanasantaferrol.com\/gl\/#\/schema\/logo\/image\/","url":"https:\/\/semanasantaferrol.com\/wp-content\/uploads\/2022\/10\/junta_general_logo.svg","contentUrl":"https:\/\/semanasantaferrol.com\/wp-content\/uploads\/2022\/10\/junta_general_logo.svg","width":600,"height":790,"caption":"Junta General de Cofrad\u00edas y Hermandades de la Semana Santa de Ferrol"},"image":{"@id":"https:\/\/semanasantaferrol.com\/gl\/#\/schema\/logo\/image\/"},"sameAs":["https:\/\/www.facebook.com\/Juntageneraldecofradias\/","https:\/\/www.instagram.com\/juntageneralcofradiasferrol\/","https:\/\/www.youtube.com\/@semanasantadeferrol1616","https:\/\/www.tiktok.com\/@semanasantadeferrol"]},{"@type":"Person","@id":"https:\/\/semanasantaferrol.com\/gl\/#\/schema\/person\/cdd132690f08f75a35f05e2423e6307c","name":"pingota","image":{"@type":"ImageObject","inLanguage":"gl-ES","@id":"https:\/\/secure.gravatar.com\/avatar\/b1bb79ecdfb8d6f4c44a82262f8b422faeb290304fc5c6f8b9b4305bfaa2853c?s=96&d=mm&r=g","url":"https:\/\/secure.gravatar.com\/avatar\/b1bb79ecdfb8d6f4c44a82262f8b422faeb290304fc5c6f8b9b4305bfaa2853c?s=96&d=mm&r=g","contentUrl":"https:\/\/secure.gravatar.com\/avatar\/b1bb79ecdfb8d6f4c44a82262f8b422faeb290304fc5c6f8b9b4305bfaa2853c?s=96&d=mm&r=g","caption":"pingota"},"url":"https:\/\/semanasantaferrol.com\/gl"}]}},"_links":{"self":[{"href":"https:\/\/semanasantaferrol.com\/gl\/wp-json\/wp\/v2\/posts\/5195","targetHints":{"allow":["GET"]}}],"collection":[{"href":"https:\/\/semanasantaferrol.com\/gl\/wp-json\/wp\/v2\/posts"}],"about":[{"href":"https:\/\/semanasantaferrol.com\/gl\/wp-json\/wp\/v2\/types\/post"}],"author":[{"embeddable":true,"href":"https:\/\/semanasantaferrol.com\/gl\/wp-json\/wp\/v2\/users\/3"}],"replies":[{"embeddable":true,"href":"https:\/\/semanasantaferrol.com\/gl\/wp-json\/wp\/v2\/comments?post=5195"}],"version-history":[{"count":3,"href":"https:\/\/semanasantaferrol.com\/gl\/wp-json\/wp\/v2\/posts\/5195\/revisions"}],"predecessor-version":[{"id":5201,"href":"https:\/\/semanasantaferrol.com\/gl\/wp-json\/wp\/v2\/posts\/5195\/revisions\/5201"}],"wp:featuredmedia":[{"embeddable":true,"href":"https:\/\/semanasantaferrol.com\/gl\/wp-json\/wp\/v2\/media\/5193"}],"wp:attachment":[{"href":"https:\/\/semanasantaferrol.com\/gl\/wp-json\/wp\/v2\/media?parent=5195"}],"wp:term":[{"taxonomy":"category","embeddable":true,"href":"https:\/\/semanasantaferrol.com\/gl\/wp-json\/wp\/v2\/categories?post=5195"},{"taxonomy":"post_tag","embeddable":true,"href":"https:\/\/semanasantaferrol.com\/gl\/wp-json\/wp\/v2\/tags?post=5195"}],"curies":[{"name":"wp","href":"https:\/\/api.w.org\/{rel}","templated":true}]}}