{"id":4899,"date":"2022-12-09T10:54:57","date_gmt":"2022-12-09T10:54:57","guid":{"rendered":"https:\/\/semanasantaferrol.com\/a-xunta-de-confrarias-edita-un-folleto-sobre-os-belens-abertos-ao-publico-nestas-festas\/"},"modified":"2022-12-09T10:54:57","modified_gmt":"2022-12-09T10:54:57","slug":"a-xunta-de-confrarias-edita-un-folleto-sobre-os-belens-abertos-ao-publico-nestas-festas","status":"publish","type":"post","link":"https:\/\/semanasantaferrol.com\/gl\/a-xunta-de-confrarias-edita-un-folleto-sobre-os-belens-abertos-ao-publico-nestas-festas\/","title":{"rendered":"A Xunta de Confrar\u00edas edita un folleto sobre os bel\u00e9ns abertos ao p\u00fablico nestas festas"},"content":{"rendered":"<p>A Xunta de Confrar\u00edas e Irmandades da Semana Santa de Ferrol publicou un folleto con informaci\u00f3n sobre a localizaci\u00f3n e horarios dos bel\u00e9ns organizados polas confrar\u00edas, no que se incl\u00fae tam\u00e9n o da Orde Terceira, o m\u00e1is emblem\u00e1tico e de m\u00e1is tradici\u00f3n na cidade. Oficinas de turismo, hoteis, Concello, Museo da Semana Santa e os propios bel\u00e9ns contan xa co folleto, co que a Xunta de Confrar\u00edas pretende facilitar a visita e contribu\u00edr a consolidar a tradici\u00f3n belenista en Ferrol.<\/p>\n<p>Actualmente est\u00e1n abertos xa ao p\u00fablico os bel\u00e9ns das confrar\u00edas das Angustias, a Merc\u00e9 e a Soidade, as\u00ed como o de Alfredo Mart\u00edn, e o pr\u00f3ximo d\u00eda 16 inaugurar\u00e1 tam\u00e9n o seu a Confrar\u00eda de Dolores. Confrar\u00eda das Angustias: o seu Bel\u00e9n est\u00e1 xa aberto no n\u00famero 61 da r\u00faa Real e abrir\u00e1 ata o 6 de xaneiro, de 18.00 a 20.30 horas. No mesmo local comercial leva a cabo o \u201cEscaparate Solidario\u201d, unha acci\u00f3n xa tradicional para a irmandade nestas datas cuxo obxectivo \u00e9 reunir alimentos non perecedoiros con destino \u00e1 Coci\u00f1a Econ\u00f3mica. Confrar\u00eda da Merc\u00e9: o seu Nacemento est\u00e1, como o ano pasado, no n\u00famero 42 de c\u00e1lea Dores e abrir\u00e1 ata o 6 de xaneiro, de 17.00 a 20.00 horas. Tam\u00e9n neste caso rec\u00f3llense alimentos non perecedoiros, con destino a familias necesitadas de Ferrol, e v\u00e9ndense rifas para o sorteo dunha cesta, cuxa recadaci\u00f3n tam\u00e9n ter\u00e1 un fin solidario. A irmandade anuncia, ademais, que esta fin de semana estar\u00e1n os paxes dos Reis Magos recollendo cartas dos nenos e que o 4 de xaneiro recibir\u00e1n a visita de Melchor, Gaspar e Baltasar. Confrar\u00eda da Soidade: ten aberto o seu Bel\u00e9n no 49 de c\u00e1lea Dores. Funcionar\u00e1 ata o 6 de xaneiro, de 17.30 a 20.00 horas, e tam\u00e9n os s\u00e1bados, domingos e festivos pola ma\u00f1\u00e1, de 11.30 a 13.30 horas. O Nacemento conta con figuras en movemento e no local, ademais, v\u00e9ndense artigos de Nadal con fins solidarios, rec\u00f3llense alimentos non perecedoiros e existe unha \u201cCaixa do Correo Real\u201d para que os nenos poidan botar as s\u00faas cartas, as\u00ed como un \u201crecuncho dos av\u00f3s\u201d e outras sorpresas. Orde Terceira: o Bel\u00e9n de Alfredo Mart\u00edn, un dos m\u00e1is importantes e de maior tradici\u00f3n en Galicia, abre os venres, s\u00e1bados, domingos e festivos de 17.00 a 21.00 horas. A partir do 23 de decembro e ata o 6 de xaneiro farao todos os d\u00edas no mesmo horario. Confrar\u00eda de Dolores: abrir\u00e1 o seu Bel\u00e9n no 136 da r\u00faa Real, do 16 de decembro ao 6 de xaneiro, e funcionar\u00e1 de 18.00 a 20.30 horas. No local recollerase roupa con destino ao refuxio Pardo de At\u00edn e xoguetes, ata o 30 de decembro neste caso, para a campa\u00f1a da OJE.<\/p>\n<p><strong>Confrar\u00eda das Angustias<\/strong>: o seu Bel\u00e9n est\u00e1 xa aberto no n\u00famero 61 da r\u00faa Real e abrir\u00e1 ata o 6 de xaneiro, de 18.00 a 20.30 horas. No mesmo local comercial leva a cabo o \u201cEscaparate Solidario\u201d, unha acci\u00f3n xa tradicional para a irmandade nestas datas cuxo obxectivo \u00e9 reunir alimentos non perecedoiros con destino \u00e1 Coci\u00f1a Econ\u00f3mica.<\/p>\n<p><strong>Confrar\u00eda da Merc\u00e9<\/strong>: o seu Nacemento est\u00e1, como o ano pasado, no n\u00famero 42 de c\u00e1lea Dores e abrir\u00e1 ata o 6 de xaneiro, de 17.00 a 20.00 horas. Tam\u00e9n neste caso rec\u00f3llense alimentos non perecedoiros, con destino a familias necesitadas de Ferrol, e v\u00e9ndense rifas para o sorteo dunha cesta, cuxa recadaci\u00f3n tam\u00e9n ter\u00e1 un fin solidario. A irmandade anuncia, ademais, que esta fin de semana estar\u00e1n os paxes dos Reis Magos recollendo cartas dos nenos e que o 4 de xaneiro recibir\u00e1n a visita de Melchor, Gaspar e Baltasar.<\/p>\n<p><strong>Confrar\u00eda da Soidade<\/strong>: ten aberto o seu Bel\u00e9n no 49 da r\u00faa Dolores. Funcionar\u00e1 ata o 6 de xaneiro, de 17.30 a 20.00 horas, e tam\u00e9n os s\u00e1bados, domingos e festivos pola ma\u00f1\u00e1, de 11.30 a 13.30 horas. O Nacemento conta con figuras en movemento e no local, ademais, v\u00e9ndense artigos de Nadal con fins solidarios, rec\u00f3llense alimentos non perecedoiros e existe unha \u201cCaixa do Correo Real\u201d para que os nenos poidan botar as s\u00faas cartas, as\u00ed como un \u201crecuncho dos av\u00f3s\u201d e outras sorpresas.<\/p>\n<p><strong>Orde Terceira<\/strong>: o Bel\u00e9n de Alfredo Mart\u00edn, un dos m\u00e1is importantes e de maior tradici\u00f3n en Galicia, abre os venres, s\u00e1bados, domingos e festivos de 17.00 a 21.00 horas. A partir do 23 de decembro e ata o 6 de xaneiro farao todos os d\u00edas no mesmo horario.<\/p>\n<p><strong>Confrar\u00eda de Dolores<\/strong>: abrir\u00e1 o seu Bel\u00e9n no 136 da r\u00faa Real, do 16 de decembro ao 6 de xaneiro, e funcionar\u00e1 de 18.00 a 20.30 horas. No local recollerase roupa con destino ao refuxio Pardo de At\u00edn e xoguetes, ata o 30 de decembro neste caso, para a campa\u00f1a da OJE.<\/p>\n<p><img fetchpriority=\"high\" decoding=\"async\" class=\"wp-image-4896 size-large aligncenter\" src=\"https:\/\/semanasantaferrol.com\/wp-content\/uploads\/2022\/12\/flyer-belenes-semana-santa-2023_page-0001-727x1024.jpg\" alt=\"\" width=\"727\" height=\"1024\" srcset=\"https:\/\/semanasantaferrol.com\/wp-content\/uploads\/2022\/12\/flyer-belenes-semana-santa-2023_page-0001-727x1024.jpg 727w, https:\/\/semanasantaferrol.com\/wp-content\/uploads\/2022\/12\/flyer-belenes-semana-santa-2023_page-0001-160x225.jpg 160w, https:\/\/semanasantaferrol.com\/wp-content\/uploads\/2022\/12\/flyer-belenes-semana-santa-2023_page-0001-768x1081.jpg 768w, https:\/\/semanasantaferrol.com\/wp-content\/uploads\/2022\/12\/flyer-belenes-semana-santa-2023_page-0001.jpg 898w\" sizes=\"(max-width: 727px) 100vw, 727px\" \/><\/p>\n<p>&nbsp;<\/p>\n","protected":false},"excerpt":{"rendered":"<p>A Xunta de Confrar\u00edas e Irmandades da Semana Santa de Ferrol publicou un folleto con informaci\u00f3n sobre a localizaci\u00f3n e horarios dos bel\u00e9ns organizados polas confrar\u00edas, no que se incl\u00fae tam\u00e9n o da Orde Terceira, o m\u00e1is emblem\u00e1tico e de m\u00e1is tradici\u00f3n na cidade. Oficinas de turismo, hoteis, Concello, Museo da Semana Santa e os [&hellip;]<\/p>\n","protected":false},"author":3,"featured_media":4895,"comment_status":"open","ping_status":"open","sticky":false,"template":"","format":"standard","meta":{"footnotes":""},"categories":[39],"tags":[],"class_list":["post-4899","post","type-post","status-publish","format-standard","has-post-thumbnail","hentry","category-xunta"],"yoast_head":"<!-- This site is optimized with the Yoast SEO plugin v27.5 - https:\/\/yoast.com\/product\/yoast-seo-wordpress\/ -->\n<title>A Xunta de Confrar\u00edas edita un folleto sobre os bel\u00e9ns abertos ao p\u00fablico nestas festas - Junta General de Cofrad\u00edas y Hermandades<\/title>\n<meta name=\"robots\" content=\"index, follow, max-snippet:-1, max-image-preview:large, max-video-preview:-1\" \/>\n<link rel=\"canonical\" href=\"https:\/\/semanasantaferrol.com\/gl\/a-xunta-de-confrarias-edita-un-folleto-sobre-os-belens-abertos-ao-publico-nestas-festas\/\" \/>\n<meta property=\"og:locale\" content=\"gl_ES\" \/>\n<meta property=\"og:type\" content=\"article\" \/>\n<meta property=\"og:title\" content=\"A Xunta de Confrar\u00edas edita un folleto sobre os bel\u00e9ns abertos ao p\u00fablico nestas festas - Junta General de Cofrad\u00edas y Hermandades\" \/>\n<meta property=\"og:description\" content=\"A Xunta de Confrar\u00edas e Irmandades da Semana Santa de Ferrol publicou un folleto con informaci\u00f3n sobre a localizaci\u00f3n e horarios dos bel\u00e9ns organizados polas confrar\u00edas, no que se incl\u00fae tam\u00e9n o da Orde Terceira, o m\u00e1is emblem\u00e1tico e de m\u00e1is tradici\u00f3n na cidade. Oficinas de turismo, hoteis, Concello, Museo da Semana Santa e os [&hellip;]\" \/>\n<meta property=\"og:url\" content=\"https:\/\/semanasantaferrol.com\/gl\/a-xunta-de-confrarias-edita-un-folleto-sobre-os-belens-abertos-ao-publico-nestas-festas\/\" \/>\n<meta property=\"og:site_name\" content=\"Junta General de Cofrad\u00edas y Hermandades\" \/>\n<meta property=\"article:publisher\" content=\"https:\/\/www.facebook.com\/Juntageneraldecofradias\/\" \/>\n<meta property=\"article:published_time\" content=\"2022-12-09T10:54:57+00:00\" \/>\n<meta property=\"og:image\" content=\"https:\/\/semanasantaferrol.com\/wp-content\/uploads\/2022\/12\/Sin-titulo-300-\u00d7-225-px-5.png\" \/>\n\t<meta property=\"og:image:width\" content=\"300\" \/>\n\t<meta property=\"og:image:height\" content=\"225\" \/>\n\t<meta property=\"og:image:type\" content=\"image\/png\" \/>\n<meta name=\"author\" content=\"pingota\" \/>\n<meta name=\"twitter:card\" content=\"summary_large_image\" \/>\n<meta name=\"twitter:label1\" content=\"Escrito por\" \/>\n\t<meta name=\"twitter:data1\" content=\"pingota\" \/>\n\t<meta name=\"twitter:label2\" content=\"Tempo de lectura\" \/>\n\t<meta name=\"twitter:data2\" content=\"4 minutos\" \/>\n<script type=\"application\/ld+json\" class=\"yoast-schema-graph\">{\"@context\":\"https:\\\/\\\/schema.org\",\"@graph\":[{\"@type\":\"Article\",\"@id\":\"https:\\\/\\\/semanasantaferrol.com\\\/gl\\\/a-xunta-de-confrarias-edita-un-folleto-sobre-os-belens-abertos-ao-publico-nestas-festas\\\/#article\",\"isPartOf\":{\"@id\":\"https:\\\/\\\/semanasantaferrol.com\\\/gl\\\/a-xunta-de-confrarias-edita-un-folleto-sobre-os-belens-abertos-ao-publico-nestas-festas\\\/\"},\"author\":{\"name\":\"pingota\",\"@id\":\"https:\\\/\\\/semanasantaferrol.com\\\/gl\\\/#\\\/schema\\\/person\\\/cdd132690f08f75a35f05e2423e6307c\"},\"headline\":\"A Xunta de Confrar\u00edas edita un folleto sobre os bel\u00e9ns abertos ao p\u00fablico nestas festas\",\"datePublished\":\"2022-12-09T10:54:57+00:00\",\"mainEntityOfPage\":{\"@id\":\"https:\\\/\\\/semanasantaferrol.com\\\/gl\\\/a-xunta-de-confrarias-edita-un-folleto-sobre-os-belens-abertos-ao-publico-nestas-festas\\\/\"},\"wordCount\":846,\"commentCount\":0,\"publisher\":{\"@id\":\"https:\\\/\\\/semanasantaferrol.com\\\/gl\\\/#organization\"},\"image\":{\"@id\":\"https:\\\/\\\/semanasantaferrol.com\\\/gl\\\/a-xunta-de-confrarias-edita-un-folleto-sobre-os-belens-abertos-ao-publico-nestas-festas\\\/#primaryimage\"},\"thumbnailUrl\":\"https:\\\/\\\/semanasantaferrol.com\\\/wp-content\\\/uploads\\\/2022\\\/12\\\/Sin-titulo-300-\u00d7-225-px-5.png\",\"articleSection\":[\"Xunta\"],\"inLanguage\":\"gl-ES\",\"potentialAction\":[{\"@type\":\"CommentAction\",\"name\":\"Comment\",\"target\":[\"https:\\\/\\\/semanasantaferrol.com\\\/gl\\\/a-xunta-de-confrarias-edita-un-folleto-sobre-os-belens-abertos-ao-publico-nestas-festas\\\/#respond\"]}]},{\"@type\":\"WebPage\",\"@id\":\"https:\\\/\\\/semanasantaferrol.com\\\/gl\\\/a-xunta-de-confrarias-edita-un-folleto-sobre-os-belens-abertos-ao-publico-nestas-festas\\\/\",\"url\":\"https:\\\/\\\/semanasantaferrol.com\\\/gl\\\/a-xunta-de-confrarias-edita-un-folleto-sobre-os-belens-abertos-ao-publico-nestas-festas\\\/\",\"name\":\"A Xunta de Confrar\u00edas edita un folleto sobre os bel\u00e9ns abertos ao p\u00fablico nestas festas - Junta General de Cofrad\u00edas y Hermandades\",\"isPartOf\":{\"@id\":\"https:\\\/\\\/semanasantaferrol.com\\\/gl\\\/#website\"},\"primaryImageOfPage\":{\"@id\":\"https:\\\/\\\/semanasantaferrol.com\\\/gl\\\/a-xunta-de-confrarias-edita-un-folleto-sobre-os-belens-abertos-ao-publico-nestas-festas\\\/#primaryimage\"},\"image\":{\"@id\":\"https:\\\/\\\/semanasantaferrol.com\\\/gl\\\/a-xunta-de-confrarias-edita-un-folleto-sobre-os-belens-abertos-ao-publico-nestas-festas\\\/#primaryimage\"},\"thumbnailUrl\":\"https:\\\/\\\/semanasantaferrol.com\\\/wp-content\\\/uploads\\\/2022\\\/12\\\/Sin-titulo-300-\u00d7-225-px-5.png\",\"datePublished\":\"2022-12-09T10:54:57+00:00\",\"breadcrumb\":{\"@id\":\"https:\\\/\\\/semanasantaferrol.com\\\/gl\\\/a-xunta-de-confrarias-edita-un-folleto-sobre-os-belens-abertos-ao-publico-nestas-festas\\\/#breadcrumb\"},\"inLanguage\":\"gl-ES\",\"potentialAction\":[{\"@type\":\"ReadAction\",\"target\":[\"https:\\\/\\\/semanasantaferrol.com\\\/gl\\\/a-xunta-de-confrarias-edita-un-folleto-sobre-os-belens-abertos-ao-publico-nestas-festas\\\/\"]}]},{\"@type\":\"ImageObject\",\"inLanguage\":\"gl-ES\",\"@id\":\"https:\\\/\\\/semanasantaferrol.com\\\/gl\\\/a-xunta-de-confrarias-edita-un-folleto-sobre-os-belens-abertos-ao-publico-nestas-festas\\\/#primaryimage\",\"url\":\"https:\\\/\\\/semanasantaferrol.com\\\/wp-content\\\/uploads\\\/2022\\\/12\\\/Sin-titulo-300-\u00d7-225-px-5.png\",\"contentUrl\":\"https:\\\/\\\/semanasantaferrol.com\\\/wp-content\\\/uploads\\\/2022\\\/12\\\/Sin-titulo-300-\u00d7-225-px-5.png\",\"width\":300,\"height\":225},{\"@type\":\"BreadcrumbList\",\"@id\":\"https:\\\/\\\/semanasantaferrol.com\\\/gl\\\/a-xunta-de-confrarias-edita-un-folleto-sobre-os-belens-abertos-ao-publico-nestas-festas\\\/#breadcrumb\",\"itemListElement\":[{\"@type\":\"ListItem\",\"position\":1,\"name\":\"Portada\",\"item\":\"https:\\\/\\\/semanasantaferrol.com\\\/gl\\\/\"},{\"@type\":\"ListItem\",\"position\":2,\"name\":\"A Xunta de Confrar\u00edas edita un folleto sobre os bel\u00e9ns abertos ao p\u00fablico nestas festas\"}]},{\"@type\":\"WebSite\",\"@id\":\"https:\\\/\\\/semanasantaferrol.com\\\/gl\\\/#website\",\"url\":\"https:\\\/\\\/semanasantaferrol.com\\\/gl\\\/\",\"name\":\"Junta General de Cofrad\u00edas y Hermandades\",\"description\":\"Semana Santa de Ferrol\",\"publisher\":{\"@id\":\"https:\\\/\\\/semanasantaferrol.com\\\/gl\\\/#organization\"},\"alternateName\":\"Semana Santa de Ferrol\",\"potentialAction\":[{\"@type\":\"SearchAction\",\"target\":{\"@type\":\"EntryPoint\",\"urlTemplate\":\"https:\\\/\\\/semanasantaferrol.com\\\/gl\\\/?s={search_term_string}\"},\"query-input\":{\"@type\":\"PropertyValueSpecification\",\"valueRequired\":true,\"valueName\":\"search_term_string\"}}],\"inLanguage\":\"gl-ES\"},{\"@type\":\"Organization\",\"@id\":\"https:\\\/\\\/semanasantaferrol.com\\\/gl\\\/#organization\",\"name\":\"Junta General de Cofrad\u00edas y Hermandades de la Semana Santa de Ferrol\",\"alternateName\":\"Junta de Cofrad\u00edas de la Semana Santa de Ferrol\",\"url\":\"https:\\\/\\\/semanasantaferrol.com\\\/gl\\\/\",\"logo\":{\"@type\":\"ImageObject\",\"inLanguage\":\"gl-ES\",\"@id\":\"https:\\\/\\\/semanasantaferrol.com\\\/gl\\\/#\\\/schema\\\/logo\\\/image\\\/\",\"url\":\"https:\\\/\\\/semanasantaferrol.com\\\/wp-content\\\/uploads\\\/2022\\\/10\\\/junta_general_logo.svg\",\"contentUrl\":\"https:\\\/\\\/semanasantaferrol.com\\\/wp-content\\\/uploads\\\/2022\\\/10\\\/junta_general_logo.svg\",\"width\":600,\"height\":790,\"caption\":\"Junta General de Cofrad\u00edas y Hermandades de la Semana Santa de Ferrol\"},\"image\":{\"@id\":\"https:\\\/\\\/semanasantaferrol.com\\\/gl\\\/#\\\/schema\\\/logo\\\/image\\\/\"},\"sameAs\":[\"https:\\\/\\\/www.facebook.com\\\/Juntageneraldecofradias\\\/\",\"https:\\\/\\\/www.instagram.com\\\/juntageneralcofradiasferrol\\\/\",\"https:\\\/\\\/www.youtube.com\\\/@semanasantadeferrol1616\",\"https:\\\/\\\/www.tiktok.com\\\/@semanasantadeferrol\"]},{\"@type\":\"Person\",\"@id\":\"https:\\\/\\\/semanasantaferrol.com\\\/gl\\\/#\\\/schema\\\/person\\\/cdd132690f08f75a35f05e2423e6307c\",\"name\":\"pingota\",\"image\":{\"@type\":\"ImageObject\",\"inLanguage\":\"gl-ES\",\"@id\":\"https:\\\/\\\/secure.gravatar.com\\\/avatar\\\/b1bb79ecdfb8d6f4c44a82262f8b422faeb290304fc5c6f8b9b4305bfaa2853c?s=96&d=mm&r=g\",\"url\":\"https:\\\/\\\/secure.gravatar.com\\\/avatar\\\/b1bb79ecdfb8d6f4c44a82262f8b422faeb290304fc5c6f8b9b4305bfaa2853c?s=96&d=mm&r=g\",\"contentUrl\":\"https:\\\/\\\/secure.gravatar.com\\\/avatar\\\/b1bb79ecdfb8d6f4c44a82262f8b422faeb290304fc5c6f8b9b4305bfaa2853c?s=96&d=mm&r=g\",\"caption\":\"pingota\"},\"url\":\"https:\\\/\\\/semanasantaferrol.com\\\/gl\"}]}<\/script>\n<!-- \/ Yoast SEO plugin. -->","yoast_head_json":{"title":"A Xunta de Confrar\u00edas edita un folleto sobre os bel\u00e9ns abertos ao p\u00fablico nestas festas - Junta General de Cofrad\u00edas y Hermandades","robots":{"index":"index","follow":"follow","max-snippet":"max-snippet:-1","max-image-preview":"max-image-preview:large","max-video-preview":"max-video-preview:-1"},"canonical":"https:\/\/semanasantaferrol.com\/gl\/a-xunta-de-confrarias-edita-un-folleto-sobre-os-belens-abertos-ao-publico-nestas-festas\/","og_locale":"gl_ES","og_type":"article","og_title":"A Xunta de Confrar\u00edas edita un folleto sobre os bel\u00e9ns abertos ao p\u00fablico nestas festas - Junta General de Cofrad\u00edas y Hermandades","og_description":"A Xunta de Confrar\u00edas e Irmandades da Semana Santa de Ferrol publicou un folleto con informaci\u00f3n sobre a localizaci\u00f3n e horarios dos bel\u00e9ns organizados polas confrar\u00edas, no que se incl\u00fae tam\u00e9n o da Orde Terceira, o m\u00e1is emblem\u00e1tico e de m\u00e1is tradici\u00f3n na cidade. Oficinas de turismo, hoteis, Concello, Museo da Semana Santa e os [&hellip;]","og_url":"https:\/\/semanasantaferrol.com\/gl\/a-xunta-de-confrarias-edita-un-folleto-sobre-os-belens-abertos-ao-publico-nestas-festas\/","og_site_name":"Junta General de Cofrad\u00edas y Hermandades","article_publisher":"https:\/\/www.facebook.com\/Juntageneraldecofradias\/","article_published_time":"2022-12-09T10:54:57+00:00","og_image":[{"width":300,"height":225,"url":"https:\/\/semanasantaferrol.com\/wp-content\/uploads\/2022\/12\/Sin-titulo-300-\u00d7-225-px-5.png","type":"image\/png"}],"author":"pingota","twitter_card":"summary_large_image","twitter_misc":{"Escrito por":"pingota","Tempo de lectura":"4 minutos"},"schema":{"@context":"https:\/\/schema.org","@graph":[{"@type":"Article","@id":"https:\/\/semanasantaferrol.com\/gl\/a-xunta-de-confrarias-edita-un-folleto-sobre-os-belens-abertos-ao-publico-nestas-festas\/#article","isPartOf":{"@id":"https:\/\/semanasantaferrol.com\/gl\/a-xunta-de-confrarias-edita-un-folleto-sobre-os-belens-abertos-ao-publico-nestas-festas\/"},"author":{"name":"pingota","@id":"https:\/\/semanasantaferrol.com\/gl\/#\/schema\/person\/cdd132690f08f75a35f05e2423e6307c"},"headline":"A Xunta de Confrar\u00edas edita un folleto sobre os bel\u00e9ns abertos ao p\u00fablico nestas festas","datePublished":"2022-12-09T10:54:57+00:00","mainEntityOfPage":{"@id":"https:\/\/semanasantaferrol.com\/gl\/a-xunta-de-confrarias-edita-un-folleto-sobre-os-belens-abertos-ao-publico-nestas-festas\/"},"wordCount":846,"commentCount":0,"publisher":{"@id":"https:\/\/semanasantaferrol.com\/gl\/#organization"},"image":{"@id":"https:\/\/semanasantaferrol.com\/gl\/a-xunta-de-confrarias-edita-un-folleto-sobre-os-belens-abertos-ao-publico-nestas-festas\/#primaryimage"},"thumbnailUrl":"https:\/\/semanasantaferrol.com\/wp-content\/uploads\/2022\/12\/Sin-titulo-300-\u00d7-225-px-5.png","articleSection":["Xunta"],"inLanguage":"gl-ES","potentialAction":[{"@type":"CommentAction","name":"Comment","target":["https:\/\/semanasantaferrol.com\/gl\/a-xunta-de-confrarias-edita-un-folleto-sobre-os-belens-abertos-ao-publico-nestas-festas\/#respond"]}]},{"@type":"WebPage","@id":"https:\/\/semanasantaferrol.com\/gl\/a-xunta-de-confrarias-edita-un-folleto-sobre-os-belens-abertos-ao-publico-nestas-festas\/","url":"https:\/\/semanasantaferrol.com\/gl\/a-xunta-de-confrarias-edita-un-folleto-sobre-os-belens-abertos-ao-publico-nestas-festas\/","name":"A Xunta de Confrar\u00edas edita un folleto sobre os bel\u00e9ns abertos ao p\u00fablico nestas festas - Junta General de Cofrad\u00edas y Hermandades","isPartOf":{"@id":"https:\/\/semanasantaferrol.com\/gl\/#website"},"primaryImageOfPage":{"@id":"https:\/\/semanasantaferrol.com\/gl\/a-xunta-de-confrarias-edita-un-folleto-sobre-os-belens-abertos-ao-publico-nestas-festas\/#primaryimage"},"image":{"@id":"https:\/\/semanasantaferrol.com\/gl\/a-xunta-de-confrarias-edita-un-folleto-sobre-os-belens-abertos-ao-publico-nestas-festas\/#primaryimage"},"thumbnailUrl":"https:\/\/semanasantaferrol.com\/wp-content\/uploads\/2022\/12\/Sin-titulo-300-\u00d7-225-px-5.png","datePublished":"2022-12-09T10:54:57+00:00","breadcrumb":{"@id":"https:\/\/semanasantaferrol.com\/gl\/a-xunta-de-confrarias-edita-un-folleto-sobre-os-belens-abertos-ao-publico-nestas-festas\/#breadcrumb"},"inLanguage":"gl-ES","potentialAction":[{"@type":"ReadAction","target":["https:\/\/semanasantaferrol.com\/gl\/a-xunta-de-confrarias-edita-un-folleto-sobre-os-belens-abertos-ao-publico-nestas-festas\/"]}]},{"@type":"ImageObject","inLanguage":"gl-ES","@id":"https:\/\/semanasantaferrol.com\/gl\/a-xunta-de-confrarias-edita-un-folleto-sobre-os-belens-abertos-ao-publico-nestas-festas\/#primaryimage","url":"https:\/\/semanasantaferrol.com\/wp-content\/uploads\/2022\/12\/Sin-titulo-300-\u00d7-225-px-5.png","contentUrl":"https:\/\/semanasantaferrol.com\/wp-content\/uploads\/2022\/12\/Sin-titulo-300-\u00d7-225-px-5.png","width":300,"height":225},{"@type":"BreadcrumbList","@id":"https:\/\/semanasantaferrol.com\/gl\/a-xunta-de-confrarias-edita-un-folleto-sobre-os-belens-abertos-ao-publico-nestas-festas\/#breadcrumb","itemListElement":[{"@type":"ListItem","position":1,"name":"Portada","item":"https:\/\/semanasantaferrol.com\/gl\/"},{"@type":"ListItem","position":2,"name":"A Xunta de Confrar\u00edas edita un folleto sobre os bel\u00e9ns abertos ao p\u00fablico nestas festas"}]},{"@type":"WebSite","@id":"https:\/\/semanasantaferrol.com\/gl\/#website","url":"https:\/\/semanasantaferrol.com\/gl\/","name":"Junta General de Cofrad\u00edas y Hermandades","description":"Semana Santa de Ferrol","publisher":{"@id":"https:\/\/semanasantaferrol.com\/gl\/#organization"},"alternateName":"Semana Santa de Ferrol","potentialAction":[{"@type":"SearchAction","target":{"@type":"EntryPoint","urlTemplate":"https:\/\/semanasantaferrol.com\/gl\/?s={search_term_string}"},"query-input":{"@type":"PropertyValueSpecification","valueRequired":true,"valueName":"search_term_string"}}],"inLanguage":"gl-ES"},{"@type":"Organization","@id":"https:\/\/semanasantaferrol.com\/gl\/#organization","name":"Junta General de Cofrad\u00edas y Hermandades de la Semana Santa de Ferrol","alternateName":"Junta de Cofrad\u00edas de la Semana Santa de Ferrol","url":"https:\/\/semanasantaferrol.com\/gl\/","logo":{"@type":"ImageObject","inLanguage":"gl-ES","@id":"https:\/\/semanasantaferrol.com\/gl\/#\/schema\/logo\/image\/","url":"https:\/\/semanasantaferrol.com\/wp-content\/uploads\/2022\/10\/junta_general_logo.svg","contentUrl":"https:\/\/semanasantaferrol.com\/wp-content\/uploads\/2022\/10\/junta_general_logo.svg","width":600,"height":790,"caption":"Junta General de Cofrad\u00edas y Hermandades de la Semana Santa de Ferrol"},"image":{"@id":"https:\/\/semanasantaferrol.com\/gl\/#\/schema\/logo\/image\/"},"sameAs":["https:\/\/www.facebook.com\/Juntageneraldecofradias\/","https:\/\/www.instagram.com\/juntageneralcofradiasferrol\/","https:\/\/www.youtube.com\/@semanasantadeferrol1616","https:\/\/www.tiktok.com\/@semanasantadeferrol"]},{"@type":"Person","@id":"https:\/\/semanasantaferrol.com\/gl\/#\/schema\/person\/cdd132690f08f75a35f05e2423e6307c","name":"pingota","image":{"@type":"ImageObject","inLanguage":"gl-ES","@id":"https:\/\/secure.gravatar.com\/avatar\/b1bb79ecdfb8d6f4c44a82262f8b422faeb290304fc5c6f8b9b4305bfaa2853c?s=96&d=mm&r=g","url":"https:\/\/secure.gravatar.com\/avatar\/b1bb79ecdfb8d6f4c44a82262f8b422faeb290304fc5c6f8b9b4305bfaa2853c?s=96&d=mm&r=g","contentUrl":"https:\/\/secure.gravatar.com\/avatar\/b1bb79ecdfb8d6f4c44a82262f8b422faeb290304fc5c6f8b9b4305bfaa2853c?s=96&d=mm&r=g","caption":"pingota"},"url":"https:\/\/semanasantaferrol.com\/gl"}]}},"_links":{"self":[{"href":"https:\/\/semanasantaferrol.com\/gl\/wp-json\/wp\/v2\/posts\/4899","targetHints":{"allow":["GET"]}}],"collection":[{"href":"https:\/\/semanasantaferrol.com\/gl\/wp-json\/wp\/v2\/posts"}],"about":[{"href":"https:\/\/semanasantaferrol.com\/gl\/wp-json\/wp\/v2\/types\/post"}],"author":[{"embeddable":true,"href":"https:\/\/semanasantaferrol.com\/gl\/wp-json\/wp\/v2\/users\/3"}],"replies":[{"embeddable":true,"href":"https:\/\/semanasantaferrol.com\/gl\/wp-json\/wp\/v2\/comments?post=4899"}],"version-history":[{"count":0,"href":"https:\/\/semanasantaferrol.com\/gl\/wp-json\/wp\/v2\/posts\/4899\/revisions"}],"wp:featuredmedia":[{"embeddable":true,"href":"https:\/\/semanasantaferrol.com\/gl\/wp-json\/wp\/v2\/media\/4895"}],"wp:attachment":[{"href":"https:\/\/semanasantaferrol.com\/gl\/wp-json\/wp\/v2\/media?parent=4899"}],"wp:term":[{"taxonomy":"category","embeddable":true,"href":"https:\/\/semanasantaferrol.com\/gl\/wp-json\/wp\/v2\/categories?post=4899"},{"taxonomy":"post_tag","embeddable":true,"href":"https:\/\/semanasantaferrol.com\/gl\/wp-json\/wp\/v2\/tags?post=4899"}],"curies":[{"name":"wp","href":"https:\/\/api.w.org\/{rel}","templated":true}]}}