{"id":4818,"date":"2022-12-01T09:48:59","date_gmt":"2022-12-01T09:48:59","guid":{"rendered":"https:\/\/semanasantaferrol.com\/solemne-funcion-da-confraria-de-dolores-en-honor-da-virxe-da-esperanza-e-san-xoan\/"},"modified":"2022-12-01T09:48:59","modified_gmt":"2022-12-01T09:48:59","slug":"solemne-funcion-da-confraria-de-dolores-en-honor-da-virxe-da-esperanza-e-san-xoan","status":"publish","type":"post","link":"https:\/\/semanasantaferrol.com\/gl\/solemne-funcion-da-confraria-de-dolores-en-honor-da-virxe-da-esperanza-e-san-xoan\/","title":{"rendered":"Solemne funci\u00f3n da Confrar\u00eda de Dolores en honor da Virxe da Esperanza e San Xo\u00e1n"},"content":{"rendered":"<p>A Confrar\u00eda de Dores celebrar\u00e1 o d\u00eda 17 de decembro a s\u00faa solemne funci\u00f3n en honra da Sant\u00edsima Virxe da Esperanza e de San Juan Evanxelista. Celebrarase na igrexa do Socorro \u00e1s 19.00 horas.<\/p>\n<p>A irmandade chama a confrades e devotos a asistir a esta funci\u00f3n, tradicional cada mes de decembro no seu calendario de actividades.<\/p>\n<p>&nbsp;<\/p>\n<p><img fetchpriority=\"high\" decoding=\"async\" class=\"aligncenter wp-image-4815 size-full\" src=\"https:\/\/semanasantaferrol.com\/wp-content\/uploads\/2022\/12\/dolores-1.jpg\" alt=\"\" width=\"630\" height=\"892\" srcset=\"https:\/\/semanasantaferrol.com\/wp-content\/uploads\/2022\/12\/dolores-1.jpg 630w, https:\/\/semanasantaferrol.com\/wp-content\/uploads\/2022\/12\/dolores-1-159x225.jpg 159w\" sizes=\"(max-width: 630px) 100vw, 630px\" \/><\/p>\n","protected":false},"excerpt":{"rendered":"<p>A Confrar\u00eda de Dores celebrar\u00e1 o d\u00eda 17 de decembro a s\u00faa solemne funci\u00f3n en honra da Sant\u00edsima Virxe da Esperanza e de San Juan Evanxelista. Celebrarase na igrexa do Socorro \u00e1s 19.00 horas. A irmandade chama a confrades e devotos a asistir a esta funci\u00f3n, tradicional cada mes de decembro no seu calendario de [&hellip;]<\/p>\n","protected":false},"author":3,"featured_media":4812,"comment_status":"open","ping_status":"open","sticky":false,"template":"","format":"standard","meta":{"footnotes":""},"categories":[37,25],"tags":[],"class_list":["post-4818","post","type-post","status-publish","format-standard","has-post-thumbnail","hentry","category-dores","category-sin-categorizar-gl"],"yoast_head":"<!-- This site is optimized with the Yoast SEO plugin v27.5 - https:\/\/yoast.com\/product\/yoast-seo-wordpress\/ -->\n<title>Solemne funci\u00f3n da Confrar\u00eda de Dolores en honor da Virxe da Esperanza e San Xo\u00e1n - Junta General de Cofrad\u00edas y Hermandades<\/title>\n<meta name=\"description\" content=\"A Confrad\u00eda de Dolores celebrar\u00e1 o d\u00eda 17 de decembro no Socorro a s\u00faa solemne funci\u00f3n en honor da Virxe da Esperanza e San Xo\u00e1n.\" \/>\n<meta name=\"robots\" content=\"index, follow, max-snippet:-1, max-image-preview:large, max-video-preview:-1\" \/>\n<link rel=\"canonical\" href=\"https:\/\/semanasantaferrol.com\/gl\/solemne-funcion-da-confraria-de-dolores-en-honor-da-virxe-da-esperanza-e-san-xoan\/\" \/>\n<meta property=\"og:locale\" content=\"gl_ES\" \/>\n<meta property=\"og:type\" content=\"article\" \/>\n<meta property=\"og:title\" content=\"Solemne funci\u00f3n da Confrar\u00eda de Dolores en honor da Virxe da Esperanza e San Xo\u00e1n\" \/>\n<meta property=\"og:description\" content=\"A Confrar\u00eda de Dolores celebrar\u00e1 o d\u00eda 17 de decembro a s\u00faa solemne funci\u00f3n en honor da Sant\u00edsima Virxe da Esperanza e de San Xo\u00e1n Evanxelista. Celebrarase na igrexa do Socorro \u00e1s 19.00 horas. A irmandade chama a confrades e devotos a asistir a esta funci\u00f3n, tradicional cada mes de decembro no seu calendario de actividades.\" \/>\n<meta property=\"og:url\" content=\"https:\/\/semanasantaferrol.com\/gl\/solemne-funcion-da-confraria-de-dolores-en-honor-da-virxe-da-esperanza-e-san-xoan\/\" \/>\n<meta property=\"og:site_name\" content=\"Junta General de Cofrad\u00edas y Hermandades\" \/>\n<meta property=\"article:publisher\" content=\"https:\/\/www.facebook.com\/Juntageneraldecofradias\/\" \/>\n<meta property=\"article:published_time\" content=\"2022-12-01T09:48:59+00:00\" \/>\n<meta property=\"og:image\" content=\"https:\/\/semanasantaferrol.com\/wp-content\/uploads\/2022\/12\/Diseno-sin-titulo-2.png\" \/>\n<meta name=\"author\" content=\"pingota\" \/>\n<meta name=\"twitter:card\" content=\"summary_large_image\" \/>\n<meta name=\"twitter:title\" content=\"Solemne funci\u00f3n da Confrar\u00eda de Dolores en honor da Virxe da Esperanza e San Xo\u00e1n\" \/>\n<meta name=\"twitter:description\" content=\"A Confrar\u00eda de Dores celebrar\u00e1 o d\u00eda 17 de decembro a s\u00faa solemne funci\u00f3n en honra da Sant\u00edsima Virxe da Esperanza e de San Juan Evanxelista. Celebrarase na igrexa do Socorro \u00e1s 19.00 horas. A irmandade chama a confrades e devotos a asistir a esta funci\u00f3n, tradicional cada mes de decembro no seu calendario de actividades.\" \/>\n<meta name=\"twitter:image\" content=\"https:\/\/semanasantaferrol.com\/wp-content\/uploads\/2022\/12\/Diseno-sin-titulo-2.png\" \/>\n<meta name=\"twitter:label1\" content=\"Escrito por\" \/>\n\t<meta name=\"twitter:data1\" content=\"pingota\" \/>\n<script type=\"application\/ld+json\" class=\"yoast-schema-graph\">{\"@context\":\"https:\\\/\\\/schema.org\",\"@graph\":[{\"@type\":\"Article\",\"@id\":\"https:\\\/\\\/semanasantaferrol.com\\\/gl\\\/solemne-funcion-da-confraria-de-dolores-en-honor-da-virxe-da-esperanza-e-san-xoan\\\/#article\",\"isPartOf\":{\"@id\":\"https:\\\/\\\/semanasantaferrol.com\\\/gl\\\/solemne-funcion-da-confraria-de-dolores-en-honor-da-virxe-da-esperanza-e-san-xoan\\\/\"},\"author\":{\"name\":\"pingota\",\"@id\":\"https:\\\/\\\/semanasantaferrol.com\\\/gl\\\/#\\\/schema\\\/person\\\/cdd132690f08f75a35f05e2423e6307c\"},\"headline\":\"Solemne funci\u00f3n da Confrar\u00eda de Dolores en honor da Virxe da Esperanza e San Xo\u00e1n\",\"datePublished\":\"2022-12-01T09:48:59+00:00\",\"mainEntityOfPage\":{\"@id\":\"https:\\\/\\\/semanasantaferrol.com\\\/gl\\\/solemne-funcion-da-confraria-de-dolores-en-honor-da-virxe-da-esperanza-e-san-xoan\\\/\"},\"wordCount\":79,\"commentCount\":0,\"publisher\":{\"@id\":\"https:\\\/\\\/semanasantaferrol.com\\\/gl\\\/#organization\"},\"image\":{\"@id\":\"https:\\\/\\\/semanasantaferrol.com\\\/gl\\\/solemne-funcion-da-confraria-de-dolores-en-honor-da-virxe-da-esperanza-e-san-xoan\\\/#primaryimage\"},\"thumbnailUrl\":\"https:\\\/\\\/semanasantaferrol.com\\\/wp-content\\\/uploads\\\/2022\\\/12\\\/Diseno-sin-titulo-2.png\",\"articleSection\":[\"Dolores\",\"Sin categorizar\"],\"inLanguage\":\"gl-ES\",\"potentialAction\":[{\"@type\":\"CommentAction\",\"name\":\"Comment\",\"target\":[\"https:\\\/\\\/semanasantaferrol.com\\\/gl\\\/solemne-funcion-da-confraria-de-dolores-en-honor-da-virxe-da-esperanza-e-san-xoan\\\/#respond\"]}]},{\"@type\":\"WebPage\",\"@id\":\"https:\\\/\\\/semanasantaferrol.com\\\/gl\\\/solemne-funcion-da-confraria-de-dolores-en-honor-da-virxe-da-esperanza-e-san-xoan\\\/\",\"url\":\"https:\\\/\\\/semanasantaferrol.com\\\/gl\\\/solemne-funcion-da-confraria-de-dolores-en-honor-da-virxe-da-esperanza-e-san-xoan\\\/\",\"name\":\"Solemne funci\u00f3n da Confrar\u00eda de Dolores en honor da Virxe da Esperanza e San Xo\u00e1n - Junta General de Cofrad\u00edas y Hermandades\",\"isPartOf\":{\"@id\":\"https:\\\/\\\/semanasantaferrol.com\\\/gl\\\/#website\"},\"primaryImageOfPage\":{\"@id\":\"https:\\\/\\\/semanasantaferrol.com\\\/gl\\\/solemne-funcion-da-confraria-de-dolores-en-honor-da-virxe-da-esperanza-e-san-xoan\\\/#primaryimage\"},\"image\":{\"@id\":\"https:\\\/\\\/semanasantaferrol.com\\\/gl\\\/solemne-funcion-da-confraria-de-dolores-en-honor-da-virxe-da-esperanza-e-san-xoan\\\/#primaryimage\"},\"thumbnailUrl\":\"https:\\\/\\\/semanasantaferrol.com\\\/wp-content\\\/uploads\\\/2022\\\/12\\\/Diseno-sin-titulo-2.png\",\"datePublished\":\"2022-12-01T09:48:59+00:00\",\"description\":\"A Confrad\u00eda de Dolores celebrar\u00e1 o d\u00eda 17 de decembro no Socorro a s\u00faa solemne funci\u00f3n en honor da Virxe da Esperanza e San Xo\u00e1n.\",\"breadcrumb\":{\"@id\":\"https:\\\/\\\/semanasantaferrol.com\\\/gl\\\/solemne-funcion-da-confraria-de-dolores-en-honor-da-virxe-da-esperanza-e-san-xoan\\\/#breadcrumb\"},\"inLanguage\":\"gl-ES\",\"potentialAction\":[{\"@type\":\"ReadAction\",\"target\":[\"https:\\\/\\\/semanasantaferrol.com\\\/gl\\\/solemne-funcion-da-confraria-de-dolores-en-honor-da-virxe-da-esperanza-e-san-xoan\\\/\"]}]},{\"@type\":\"ImageObject\",\"inLanguage\":\"gl-ES\",\"@id\":\"https:\\\/\\\/semanasantaferrol.com\\\/gl\\\/solemne-funcion-da-confraria-de-dolores-en-honor-da-virxe-da-esperanza-e-san-xoan\\\/#primaryimage\",\"url\":\"https:\\\/\\\/semanasantaferrol.com\\\/wp-content\\\/uploads\\\/2022\\\/12\\\/Diseno-sin-titulo-2.png\",\"contentUrl\":\"https:\\\/\\\/semanasantaferrol.com\\\/wp-content\\\/uploads\\\/2022\\\/12\\\/Diseno-sin-titulo-2.png\",\"width\":300,\"height\":225},{\"@type\":\"BreadcrumbList\",\"@id\":\"https:\\\/\\\/semanasantaferrol.com\\\/gl\\\/solemne-funcion-da-confraria-de-dolores-en-honor-da-virxe-da-esperanza-e-san-xoan\\\/#breadcrumb\",\"itemListElement\":[{\"@type\":\"ListItem\",\"position\":1,\"name\":\"Portada\",\"item\":\"https:\\\/\\\/semanasantaferrol.com\\\/gl\\\/\"},{\"@type\":\"ListItem\",\"position\":2,\"name\":\"Solemne funci\u00f3n da Confrar\u00eda de Dolores en honor da Virxe da Esperanza e San Xo\u00e1n\"}]},{\"@type\":\"WebSite\",\"@id\":\"https:\\\/\\\/semanasantaferrol.com\\\/gl\\\/#website\",\"url\":\"https:\\\/\\\/semanasantaferrol.com\\\/gl\\\/\",\"name\":\"Junta General de Cofrad\u00edas y Hermandades\",\"description\":\"Semana Santa de Ferrol\",\"publisher\":{\"@id\":\"https:\\\/\\\/semanasantaferrol.com\\\/gl\\\/#organization\"},\"alternateName\":\"Semana Santa de Ferrol\",\"potentialAction\":[{\"@type\":\"SearchAction\",\"target\":{\"@type\":\"EntryPoint\",\"urlTemplate\":\"https:\\\/\\\/semanasantaferrol.com\\\/gl\\\/?s={search_term_string}\"},\"query-input\":{\"@type\":\"PropertyValueSpecification\",\"valueRequired\":true,\"valueName\":\"search_term_string\"}}],\"inLanguage\":\"gl-ES\"},{\"@type\":\"Organization\",\"@id\":\"https:\\\/\\\/semanasantaferrol.com\\\/gl\\\/#organization\",\"name\":\"Junta General de Cofrad\u00edas y Hermandades de la Semana Santa de Ferrol\",\"alternateName\":\"Junta de Cofrad\u00edas de la Semana Santa de Ferrol\",\"url\":\"https:\\\/\\\/semanasantaferrol.com\\\/gl\\\/\",\"logo\":{\"@type\":\"ImageObject\",\"inLanguage\":\"gl-ES\",\"@id\":\"https:\\\/\\\/semanasantaferrol.com\\\/gl\\\/#\\\/schema\\\/logo\\\/image\\\/\",\"url\":\"https:\\\/\\\/semanasantaferrol.com\\\/wp-content\\\/uploads\\\/2022\\\/10\\\/junta_general_logo.svg\",\"contentUrl\":\"https:\\\/\\\/semanasantaferrol.com\\\/wp-content\\\/uploads\\\/2022\\\/10\\\/junta_general_logo.svg\",\"width\":600,\"height\":790,\"caption\":\"Junta General de Cofrad\u00edas y Hermandades de la Semana Santa de Ferrol\"},\"image\":{\"@id\":\"https:\\\/\\\/semanasantaferrol.com\\\/gl\\\/#\\\/schema\\\/logo\\\/image\\\/\"},\"sameAs\":[\"https:\\\/\\\/www.facebook.com\\\/Juntageneraldecofradias\\\/\",\"https:\\\/\\\/www.instagram.com\\\/juntageneralcofradiasferrol\\\/\",\"https:\\\/\\\/www.youtube.com\\\/@semanasantadeferrol1616\",\"https:\\\/\\\/www.tiktok.com\\\/@semanasantadeferrol\"]},{\"@type\":\"Person\",\"@id\":\"https:\\\/\\\/semanasantaferrol.com\\\/gl\\\/#\\\/schema\\\/person\\\/cdd132690f08f75a35f05e2423e6307c\",\"name\":\"pingota\",\"image\":{\"@type\":\"ImageObject\",\"inLanguage\":\"gl-ES\",\"@id\":\"https:\\\/\\\/secure.gravatar.com\\\/avatar\\\/b1bb79ecdfb8d6f4c44a82262f8b422faeb290304fc5c6f8b9b4305bfaa2853c?s=96&d=mm&r=g\",\"url\":\"https:\\\/\\\/secure.gravatar.com\\\/avatar\\\/b1bb79ecdfb8d6f4c44a82262f8b422faeb290304fc5c6f8b9b4305bfaa2853c?s=96&d=mm&r=g\",\"contentUrl\":\"https:\\\/\\\/secure.gravatar.com\\\/avatar\\\/b1bb79ecdfb8d6f4c44a82262f8b422faeb290304fc5c6f8b9b4305bfaa2853c?s=96&d=mm&r=g\",\"caption\":\"pingota\"},\"url\":\"https:\\\/\\\/semanasantaferrol.com\\\/gl\"}]}<\/script>\n<!-- \/ Yoast SEO plugin. -->","yoast_head_json":{"title":"Solemne funci\u00f3n da Confrar\u00eda de Dolores en honor da Virxe da Esperanza e San Xo\u00e1n - Junta General de Cofrad\u00edas y Hermandades","description":"A Confrad\u00eda de Dolores celebrar\u00e1 o d\u00eda 17 de decembro no Socorro a s\u00faa solemne funci\u00f3n en honor da Virxe da Esperanza e San Xo\u00e1n.","robots":{"index":"index","follow":"follow","max-snippet":"max-snippet:-1","max-image-preview":"max-image-preview:large","max-video-preview":"max-video-preview:-1"},"canonical":"https:\/\/semanasantaferrol.com\/gl\/solemne-funcion-da-confraria-de-dolores-en-honor-da-virxe-da-esperanza-e-san-xoan\/","og_locale":"gl_ES","og_type":"article","og_title":"Solemne funci\u00f3n da Confrar\u00eda de Dolores en honor da Virxe da Esperanza e San Xo\u00e1n","og_description":"A Confrar\u00eda de Dolores celebrar\u00e1 o d\u00eda 17 de decembro a s\u00faa solemne funci\u00f3n en honor da Sant\u00edsima Virxe da Esperanza e de San Xo\u00e1n Evanxelista. Celebrarase na igrexa do Socorro \u00e1s 19.00 horas. A irmandade chama a confrades e devotos a asistir a esta funci\u00f3n, tradicional cada mes de decembro no seu calendario de actividades.","og_url":"https:\/\/semanasantaferrol.com\/gl\/solemne-funcion-da-confraria-de-dolores-en-honor-da-virxe-da-esperanza-e-san-xoan\/","og_site_name":"Junta General de Cofrad\u00edas y Hermandades","article_publisher":"https:\/\/www.facebook.com\/Juntageneraldecofradias\/","article_published_time":"2022-12-01T09:48:59+00:00","og_image":[{"url":"https:\/\/semanasantaferrol.com\/wp-content\/uploads\/2022\/12\/Diseno-sin-titulo-2.png","type":"","width":"","height":""}],"author":"pingota","twitter_card":"summary_large_image","twitter_title":"Solemne funci\u00f3n da Confrar\u00eda de Dolores en honor da Virxe da Esperanza e San Xo\u00e1n","twitter_description":"A Confrar\u00eda de Dores celebrar\u00e1 o d\u00eda 17 de decembro a s\u00faa solemne funci\u00f3n en honra da Sant\u00edsima Virxe da Esperanza e de San Juan Evanxelista. Celebrarase na igrexa do Socorro \u00e1s 19.00 horas. A irmandade chama a confrades e devotos a asistir a esta funci\u00f3n, tradicional cada mes de decembro no seu calendario de actividades.","twitter_image":"https:\/\/semanasantaferrol.com\/wp-content\/uploads\/2022\/12\/Diseno-sin-titulo-2.png","twitter_misc":{"Escrito por":"pingota"},"schema":{"@context":"https:\/\/schema.org","@graph":[{"@type":"Article","@id":"https:\/\/semanasantaferrol.com\/gl\/solemne-funcion-da-confraria-de-dolores-en-honor-da-virxe-da-esperanza-e-san-xoan\/#article","isPartOf":{"@id":"https:\/\/semanasantaferrol.com\/gl\/solemne-funcion-da-confraria-de-dolores-en-honor-da-virxe-da-esperanza-e-san-xoan\/"},"author":{"name":"pingota","@id":"https:\/\/semanasantaferrol.com\/gl\/#\/schema\/person\/cdd132690f08f75a35f05e2423e6307c"},"headline":"Solemne funci\u00f3n da Confrar\u00eda de Dolores en honor da Virxe da Esperanza e San Xo\u00e1n","datePublished":"2022-12-01T09:48:59+00:00","mainEntityOfPage":{"@id":"https:\/\/semanasantaferrol.com\/gl\/solemne-funcion-da-confraria-de-dolores-en-honor-da-virxe-da-esperanza-e-san-xoan\/"},"wordCount":79,"commentCount":0,"publisher":{"@id":"https:\/\/semanasantaferrol.com\/gl\/#organization"},"image":{"@id":"https:\/\/semanasantaferrol.com\/gl\/solemne-funcion-da-confraria-de-dolores-en-honor-da-virxe-da-esperanza-e-san-xoan\/#primaryimage"},"thumbnailUrl":"https:\/\/semanasantaferrol.com\/wp-content\/uploads\/2022\/12\/Diseno-sin-titulo-2.png","articleSection":["Dolores","Sin categorizar"],"inLanguage":"gl-ES","potentialAction":[{"@type":"CommentAction","name":"Comment","target":["https:\/\/semanasantaferrol.com\/gl\/solemne-funcion-da-confraria-de-dolores-en-honor-da-virxe-da-esperanza-e-san-xoan\/#respond"]}]},{"@type":"WebPage","@id":"https:\/\/semanasantaferrol.com\/gl\/solemne-funcion-da-confraria-de-dolores-en-honor-da-virxe-da-esperanza-e-san-xoan\/","url":"https:\/\/semanasantaferrol.com\/gl\/solemne-funcion-da-confraria-de-dolores-en-honor-da-virxe-da-esperanza-e-san-xoan\/","name":"Solemne funci\u00f3n da Confrar\u00eda de Dolores en honor da Virxe da Esperanza e San Xo\u00e1n - Junta General de Cofrad\u00edas y Hermandades","isPartOf":{"@id":"https:\/\/semanasantaferrol.com\/gl\/#website"},"primaryImageOfPage":{"@id":"https:\/\/semanasantaferrol.com\/gl\/solemne-funcion-da-confraria-de-dolores-en-honor-da-virxe-da-esperanza-e-san-xoan\/#primaryimage"},"image":{"@id":"https:\/\/semanasantaferrol.com\/gl\/solemne-funcion-da-confraria-de-dolores-en-honor-da-virxe-da-esperanza-e-san-xoan\/#primaryimage"},"thumbnailUrl":"https:\/\/semanasantaferrol.com\/wp-content\/uploads\/2022\/12\/Diseno-sin-titulo-2.png","datePublished":"2022-12-01T09:48:59+00:00","description":"A Confrad\u00eda de Dolores celebrar\u00e1 o d\u00eda 17 de decembro no Socorro a s\u00faa solemne funci\u00f3n en honor da Virxe da Esperanza e San Xo\u00e1n.","breadcrumb":{"@id":"https:\/\/semanasantaferrol.com\/gl\/solemne-funcion-da-confraria-de-dolores-en-honor-da-virxe-da-esperanza-e-san-xoan\/#breadcrumb"},"inLanguage":"gl-ES","potentialAction":[{"@type":"ReadAction","target":["https:\/\/semanasantaferrol.com\/gl\/solemne-funcion-da-confraria-de-dolores-en-honor-da-virxe-da-esperanza-e-san-xoan\/"]}]},{"@type":"ImageObject","inLanguage":"gl-ES","@id":"https:\/\/semanasantaferrol.com\/gl\/solemne-funcion-da-confraria-de-dolores-en-honor-da-virxe-da-esperanza-e-san-xoan\/#primaryimage","url":"https:\/\/semanasantaferrol.com\/wp-content\/uploads\/2022\/12\/Diseno-sin-titulo-2.png","contentUrl":"https:\/\/semanasantaferrol.com\/wp-content\/uploads\/2022\/12\/Diseno-sin-titulo-2.png","width":300,"height":225},{"@type":"BreadcrumbList","@id":"https:\/\/semanasantaferrol.com\/gl\/solemne-funcion-da-confraria-de-dolores-en-honor-da-virxe-da-esperanza-e-san-xoan\/#breadcrumb","itemListElement":[{"@type":"ListItem","position":1,"name":"Portada","item":"https:\/\/semanasantaferrol.com\/gl\/"},{"@type":"ListItem","position":2,"name":"Solemne funci\u00f3n da Confrar\u00eda de Dolores en honor da Virxe da Esperanza e San Xo\u00e1n"}]},{"@type":"WebSite","@id":"https:\/\/semanasantaferrol.com\/gl\/#website","url":"https:\/\/semanasantaferrol.com\/gl\/","name":"Junta General de Cofrad\u00edas y Hermandades","description":"Semana Santa de Ferrol","publisher":{"@id":"https:\/\/semanasantaferrol.com\/gl\/#organization"},"alternateName":"Semana Santa de Ferrol","potentialAction":[{"@type":"SearchAction","target":{"@type":"EntryPoint","urlTemplate":"https:\/\/semanasantaferrol.com\/gl\/?s={search_term_string}"},"query-input":{"@type":"PropertyValueSpecification","valueRequired":true,"valueName":"search_term_string"}}],"inLanguage":"gl-ES"},{"@type":"Organization","@id":"https:\/\/semanasantaferrol.com\/gl\/#organization","name":"Junta General de Cofrad\u00edas y Hermandades de la Semana Santa de Ferrol","alternateName":"Junta de Cofrad\u00edas de la Semana Santa de Ferrol","url":"https:\/\/semanasantaferrol.com\/gl\/","logo":{"@type":"ImageObject","inLanguage":"gl-ES","@id":"https:\/\/semanasantaferrol.com\/gl\/#\/schema\/logo\/image\/","url":"https:\/\/semanasantaferrol.com\/wp-content\/uploads\/2022\/10\/junta_general_logo.svg","contentUrl":"https:\/\/semanasantaferrol.com\/wp-content\/uploads\/2022\/10\/junta_general_logo.svg","width":600,"height":790,"caption":"Junta General de Cofrad\u00edas y Hermandades de la Semana Santa de Ferrol"},"image":{"@id":"https:\/\/semanasantaferrol.com\/gl\/#\/schema\/logo\/image\/"},"sameAs":["https:\/\/www.facebook.com\/Juntageneraldecofradias\/","https:\/\/www.instagram.com\/juntageneralcofradiasferrol\/","https:\/\/www.youtube.com\/@semanasantadeferrol1616","https:\/\/www.tiktok.com\/@semanasantadeferrol"]},{"@type":"Person","@id":"https:\/\/semanasantaferrol.com\/gl\/#\/schema\/person\/cdd132690f08f75a35f05e2423e6307c","name":"pingota","image":{"@type":"ImageObject","inLanguage":"gl-ES","@id":"https:\/\/secure.gravatar.com\/avatar\/b1bb79ecdfb8d6f4c44a82262f8b422faeb290304fc5c6f8b9b4305bfaa2853c?s=96&d=mm&r=g","url":"https:\/\/secure.gravatar.com\/avatar\/b1bb79ecdfb8d6f4c44a82262f8b422faeb290304fc5c6f8b9b4305bfaa2853c?s=96&d=mm&r=g","contentUrl":"https:\/\/secure.gravatar.com\/avatar\/b1bb79ecdfb8d6f4c44a82262f8b422faeb290304fc5c6f8b9b4305bfaa2853c?s=96&d=mm&r=g","caption":"pingota"},"url":"https:\/\/semanasantaferrol.com\/gl"}]}},"_links":{"self":[{"href":"https:\/\/semanasantaferrol.com\/gl\/wp-json\/wp\/v2\/posts\/4818","targetHints":{"allow":["GET"]}}],"collection":[{"href":"https:\/\/semanasantaferrol.com\/gl\/wp-json\/wp\/v2\/posts"}],"about":[{"href":"https:\/\/semanasantaferrol.com\/gl\/wp-json\/wp\/v2\/types\/post"}],"author":[{"embeddable":true,"href":"https:\/\/semanasantaferrol.com\/gl\/wp-json\/wp\/v2\/users\/3"}],"replies":[{"embeddable":true,"href":"https:\/\/semanasantaferrol.com\/gl\/wp-json\/wp\/v2\/comments?post=4818"}],"version-history":[{"count":0,"href":"https:\/\/semanasantaferrol.com\/gl\/wp-json\/wp\/v2\/posts\/4818\/revisions"}],"wp:featuredmedia":[{"embeddable":true,"href":"https:\/\/semanasantaferrol.com\/gl\/wp-json\/wp\/v2\/media\/4812"}],"wp:attachment":[{"href":"https:\/\/semanasantaferrol.com\/gl\/wp-json\/wp\/v2\/media?parent=4818"}],"wp:term":[{"taxonomy":"category","embeddable":true,"href":"https:\/\/semanasantaferrol.com\/gl\/wp-json\/wp\/v2\/categories?post=4818"},{"taxonomy":"post_tag","embeddable":true,"href":"https:\/\/semanasantaferrol.com\/gl\/wp-json\/wp\/v2\/tags?post=4818"}],"curies":[{"name":"wp","href":"https:\/\/api.w.org\/{rel}","templated":true}]}}