{"id":4797,"date":"2022-11-30T12:34:28","date_gmt":"2022-11-30T12:34:28","guid":{"rendered":"https:\/\/semanasantaferrol.com\/catro-irmandades-da-semana-santa-abriran-belens-ao-publico-este-nadal\/"},"modified":"2022-12-01T10:43:56","modified_gmt":"2022-12-01T10:43:56","slug":"catro-irmandades-da-semana-santa-abriran-belens-ao-publico-este-nadal","status":"publish","type":"post","link":"https:\/\/semanasantaferrol.com\/gl\/catro-irmandades-da-semana-santa-abriran-belens-ao-publico-este-nadal\/","title":{"rendered":"Catro irmandades da Semana Santa abrir\u00e1n bel\u00e9ns ao p\u00fablico este Nadal"},"content":{"rendered":"<p>A Xunta de Confrar\u00edas da Semana Santa de Ferrol informa da pr\u00f3xima inauguraci\u00f3n de catro Bel\u00e9ns do Nadal por parte de catro irmandades. As confrar\u00edas das Angustias e a Merc\u00e9 abrir\u00e1n os seus xa este venres, d\u00eda 2, mentres que a da Soidade ten previsto facelo o 6 de decembro e a de Dolores, o 16.<\/p>\n<p><strong>Confrar\u00eda das Angustias<\/strong>: o seu Bel\u00e9n estar\u00e1 no n\u00famero 61 da r\u00faa Real e abrir\u00e1 do 2 de decembro ao 6 de xaneiro, de 18.00 a 20.30 horas. No mesmo local comercial levarase a cabo o \u201cEscaparate Solidario\u201d, unha acci\u00f3n xa tradicional para a irmandade nestas datas cuxo obxectivo \u00e9 reunir alimentos non perecedoiros con destino \u00e1 Coci\u00f1a Econ\u00f3mica.<\/p>\n<p><strong>Confrar\u00eda da Merc\u00e9<\/strong>: o seu Nacemento estar\u00e1, como o ano pasado, no n\u00famero 42 da r\u00faa Dolores e abrir\u00e1 do 2 de decembro ao 6 de xaneiro, de 17.00 a 20.00 horas. No acto de inauguraci\u00f3n, este venres, servirase un chocolate solidario e actuar\u00e1 o Coro Mosaico, formado por nenos e nenas do colexio Tirso de Molina.<\/p>\n<p><strong>Confrar\u00eda da Soidade<\/strong>: abrir\u00e1 o seu Bel\u00e9n no 49 da r\u00faa Dolores. Funcionar\u00e1 do 6 de decembro ao 6 de xaneiro, de 17.30 a 20.30 horas, e tam\u00e9n en s\u00e1bados, domingos e festivos polas ma\u00f1\u00e1s, de 11.30 a 13.30h.<\/p>\n<p><strong>Confrar\u00eda de Dolores<\/strong>: abrir\u00e1 o seu Bel\u00e9n no 136 da r\u00faa Real, do 16 de decembro ao 6 de xaneiro, de 18.00 a 20.30 horas.<\/p>\n<p>Os catro ser\u00e1n de entrada gratu\u00edta e en todos recolleranse doaz\u00f3ns do p\u00fablico que as confrar\u00edas entregar\u00e1n ao terminar as festas a diferentes entidades de acci\u00f3n social, unha contribuci\u00f3n que se sumar\u00e1 a que obte\u00f1an as irmandades a trav\u00e9s dos concertos solidarios e outros actos que tam\u00e9n organizan nestas datas. A Xunta de Confrar\u00edas vai editar uns sinxelos folletos, que distribuir\u00e1 polas oficinas de turismo e os hoteis da cidade, coa informaci\u00f3n dos Bel\u00e9ns das s\u00faas irmandades e do da Orde Terceira, o de m\u00e1is tradici\u00f3n da cidade, para contribu\u00edr a impulsar a tradici\u00f3n belenista de Ferrol e facilitar ao p\u00fablico o percorrido polos mesmos.<\/p>\n","protected":false},"excerpt":{"rendered":"<p>A Xunta de Confrar\u00edas da Semana Santa de Ferrol informa da pr\u00f3xima inauguraci\u00f3n de catro Bel\u00e9ns do Nadal por parte de catro irmandades. As confrar\u00edas das Angustias e a Merc\u00e9 abrir\u00e1n os seus xa este venres, d\u00eda 2, mentres que a da Soidade ten previsto facelo o 6 de decembro e a de Dolores, o [&hellip;]<\/p>\n","protected":false},"author":3,"featured_media":4795,"comment_status":"open","ping_status":"open","sticky":false,"template":"","format":"standard","meta":{"footnotes":""},"categories":[39],"tags":[],"class_list":["post-4797","post","type-post","status-publish","format-standard","has-post-thumbnail","hentry","category-xunta"],"yoast_head":"<!-- This site is optimized with the Yoast SEO plugin v27.5 - https:\/\/yoast.com\/product\/yoast-seo-wordpress\/ -->\n<title>Catro irmandades da Semana Santa abrir\u00e1n bel\u00e9ns ao p\u00fablico este Nadal - Junta General de Cofrad\u00edas y Hermandades<\/title>\n<meta name=\"robots\" content=\"index, follow, max-snippet:-1, max-image-preview:large, max-video-preview:-1\" \/>\n<link rel=\"canonical\" href=\"https:\/\/semanasantaferrol.com\/gl\/catro-irmandades-da-semana-santa-abriran-belens-ao-publico-este-nadal\/\" \/>\n<meta property=\"og:locale\" content=\"gl_ES\" \/>\n<meta property=\"og:type\" content=\"article\" \/>\n<meta property=\"og:title\" content=\"Catro irmandades da Semana Santa abrir\u00e1n bel\u00e9ns ao p\u00fablico este Nadal - Junta General de Cofrad\u00edas y Hermandades\" \/>\n<meta property=\"og:description\" content=\"A Xunta de Confrar\u00edas da Semana Santa de Ferrol informa da pr\u00f3xima inauguraci\u00f3n de catro Bel\u00e9ns do Nadal por parte de catro irmandades. As confrar\u00edas das Angustias e a Merc\u00e9 abrir\u00e1n os seus xa este venres, d\u00eda 2, mentres que a da Soidade ten previsto facelo o 6 de decembro e a de Dolores, o [&hellip;]\" \/>\n<meta property=\"og:url\" content=\"https:\/\/semanasantaferrol.com\/gl\/catro-irmandades-da-semana-santa-abriran-belens-ao-publico-este-nadal\/\" \/>\n<meta property=\"og:site_name\" content=\"Junta General de Cofrad\u00edas y Hermandades\" \/>\n<meta property=\"article:publisher\" content=\"https:\/\/www.facebook.com\/Juntageneraldecofradias\/\" \/>\n<meta property=\"article:published_time\" content=\"2022-11-30T12:34:28+00:00\" \/>\n<meta property=\"article:modified_time\" content=\"2022-12-01T10:43:56+00:00\" \/>\n<meta property=\"og:image\" content=\"https:\/\/semanasantaferrol.com\/wp-content\/uploads\/2022\/11\/20191226_194544-scaled-e1669811647289.jpg\" \/>\n\t<meta property=\"og:image:width\" content=\"2560\" \/>\n\t<meta property=\"og:image:height\" content=\"1920\" \/>\n\t<meta property=\"og:image:type\" content=\"image\/jpeg\" \/>\n<meta name=\"author\" content=\"pingota\" \/>\n<meta name=\"twitter:card\" content=\"summary_large_image\" \/>\n<meta name=\"twitter:label1\" content=\"Escrito por\" \/>\n\t<meta name=\"twitter:data1\" content=\"pingota\" \/>\n\t<meta name=\"twitter:label2\" content=\"Tempo de lectura\" \/>\n\t<meta name=\"twitter:data2\" content=\"2 minutos\" \/>\n<script type=\"application\/ld+json\" class=\"yoast-schema-graph\">{\"@context\":\"https:\\\/\\\/schema.org\",\"@graph\":[{\"@type\":\"Article\",\"@id\":\"https:\\\/\\\/semanasantaferrol.com\\\/gl\\\/catro-irmandades-da-semana-santa-abriran-belens-ao-publico-este-nadal\\\/#article\",\"isPartOf\":{\"@id\":\"https:\\\/\\\/semanasantaferrol.com\\\/gl\\\/catro-irmandades-da-semana-santa-abriran-belens-ao-publico-este-nadal\\\/\"},\"author\":{\"name\":\"pingota\",\"@id\":\"https:\\\/\\\/semanasantaferrol.com\\\/gl\\\/#\\\/schema\\\/person\\\/cdd132690f08f75a35f05e2423e6307c\"},\"headline\":\"Catro irmandades da Semana Santa abrir\u00e1n bel\u00e9ns ao p\u00fablico este Nadal\",\"datePublished\":\"2022-11-30T12:34:28+00:00\",\"dateModified\":\"2022-12-01T10:43:56+00:00\",\"mainEntityOfPage\":{\"@id\":\"https:\\\/\\\/semanasantaferrol.com\\\/gl\\\/catro-irmandades-da-semana-santa-abriran-belens-ao-publico-este-nadal\\\/\"},\"wordCount\":376,\"commentCount\":0,\"publisher\":{\"@id\":\"https:\\\/\\\/semanasantaferrol.com\\\/gl\\\/#organization\"},\"image\":{\"@id\":\"https:\\\/\\\/semanasantaferrol.com\\\/gl\\\/catro-irmandades-da-semana-santa-abriran-belens-ao-publico-este-nadal\\\/#primaryimage\"},\"thumbnailUrl\":\"https:\\\/\\\/semanasantaferrol.com\\\/wp-content\\\/uploads\\\/2022\\\/11\\\/20191226_194544-scaled-e1669811647289.jpg\",\"articleSection\":[\"Xunta\"],\"inLanguage\":\"gl-ES\",\"potentialAction\":[{\"@type\":\"CommentAction\",\"name\":\"Comment\",\"target\":[\"https:\\\/\\\/semanasantaferrol.com\\\/gl\\\/catro-irmandades-da-semana-santa-abriran-belens-ao-publico-este-nadal\\\/#respond\"]}]},{\"@type\":\"WebPage\",\"@id\":\"https:\\\/\\\/semanasantaferrol.com\\\/gl\\\/catro-irmandades-da-semana-santa-abriran-belens-ao-publico-este-nadal\\\/\",\"url\":\"https:\\\/\\\/semanasantaferrol.com\\\/gl\\\/catro-irmandades-da-semana-santa-abriran-belens-ao-publico-este-nadal\\\/\",\"name\":\"Catro irmandades da Semana Santa abrir\u00e1n bel\u00e9ns ao p\u00fablico este Nadal - Junta General de Cofrad\u00edas y Hermandades\",\"isPartOf\":{\"@id\":\"https:\\\/\\\/semanasantaferrol.com\\\/gl\\\/#website\"},\"primaryImageOfPage\":{\"@id\":\"https:\\\/\\\/semanasantaferrol.com\\\/gl\\\/catro-irmandades-da-semana-santa-abriran-belens-ao-publico-este-nadal\\\/#primaryimage\"},\"image\":{\"@id\":\"https:\\\/\\\/semanasantaferrol.com\\\/gl\\\/catro-irmandades-da-semana-santa-abriran-belens-ao-publico-este-nadal\\\/#primaryimage\"},\"thumbnailUrl\":\"https:\\\/\\\/semanasantaferrol.com\\\/wp-content\\\/uploads\\\/2022\\\/11\\\/20191226_194544-scaled-e1669811647289.jpg\",\"datePublished\":\"2022-11-30T12:34:28+00:00\",\"dateModified\":\"2022-12-01T10:43:56+00:00\",\"breadcrumb\":{\"@id\":\"https:\\\/\\\/semanasantaferrol.com\\\/gl\\\/catro-irmandades-da-semana-santa-abriran-belens-ao-publico-este-nadal\\\/#breadcrumb\"},\"inLanguage\":\"gl-ES\",\"potentialAction\":[{\"@type\":\"ReadAction\",\"target\":[\"https:\\\/\\\/semanasantaferrol.com\\\/gl\\\/catro-irmandades-da-semana-santa-abriran-belens-ao-publico-este-nadal\\\/\"]}]},{\"@type\":\"ImageObject\",\"inLanguage\":\"gl-ES\",\"@id\":\"https:\\\/\\\/semanasantaferrol.com\\\/gl\\\/catro-irmandades-da-semana-santa-abriran-belens-ao-publico-este-nadal\\\/#primaryimage\",\"url\":\"https:\\\/\\\/semanasantaferrol.com\\\/wp-content\\\/uploads\\\/2022\\\/11\\\/20191226_194544-scaled-e1669811647289.jpg\",\"contentUrl\":\"https:\\\/\\\/semanasantaferrol.com\\\/wp-content\\\/uploads\\\/2022\\\/11\\\/20191226_194544-scaled-e1669811647289.jpg\",\"width\":2560,\"height\":1920},{\"@type\":\"BreadcrumbList\",\"@id\":\"https:\\\/\\\/semanasantaferrol.com\\\/gl\\\/catro-irmandades-da-semana-santa-abriran-belens-ao-publico-este-nadal\\\/#breadcrumb\",\"itemListElement\":[{\"@type\":\"ListItem\",\"position\":1,\"name\":\"Portada\",\"item\":\"https:\\\/\\\/semanasantaferrol.com\\\/gl\\\/\"},{\"@type\":\"ListItem\",\"position\":2,\"name\":\"Catro irmandades da Semana Santa abrir\u00e1n bel\u00e9ns ao p\u00fablico este Nadal\"}]},{\"@type\":\"WebSite\",\"@id\":\"https:\\\/\\\/semanasantaferrol.com\\\/gl\\\/#website\",\"url\":\"https:\\\/\\\/semanasantaferrol.com\\\/gl\\\/\",\"name\":\"Junta General de Cofrad\u00edas y Hermandades\",\"description\":\"Semana Santa de Ferrol\",\"publisher\":{\"@id\":\"https:\\\/\\\/semanasantaferrol.com\\\/gl\\\/#organization\"},\"alternateName\":\"Semana Santa de Ferrol\",\"potentialAction\":[{\"@type\":\"SearchAction\",\"target\":{\"@type\":\"EntryPoint\",\"urlTemplate\":\"https:\\\/\\\/semanasantaferrol.com\\\/gl\\\/?s={search_term_string}\"},\"query-input\":{\"@type\":\"PropertyValueSpecification\",\"valueRequired\":true,\"valueName\":\"search_term_string\"}}],\"inLanguage\":\"gl-ES\"},{\"@type\":\"Organization\",\"@id\":\"https:\\\/\\\/semanasantaferrol.com\\\/gl\\\/#organization\",\"name\":\"Junta General de Cofrad\u00edas y Hermandades de la Semana Santa de Ferrol\",\"alternateName\":\"Junta de Cofrad\u00edas de la Semana Santa de Ferrol\",\"url\":\"https:\\\/\\\/semanasantaferrol.com\\\/gl\\\/\",\"logo\":{\"@type\":\"ImageObject\",\"inLanguage\":\"gl-ES\",\"@id\":\"https:\\\/\\\/semanasantaferrol.com\\\/gl\\\/#\\\/schema\\\/logo\\\/image\\\/\",\"url\":\"https:\\\/\\\/semanasantaferrol.com\\\/wp-content\\\/uploads\\\/2022\\\/10\\\/junta_general_logo.svg\",\"contentUrl\":\"https:\\\/\\\/semanasantaferrol.com\\\/wp-content\\\/uploads\\\/2022\\\/10\\\/junta_general_logo.svg\",\"width\":600,\"height\":790,\"caption\":\"Junta General de Cofrad\u00edas y Hermandades de la Semana Santa de Ferrol\"},\"image\":{\"@id\":\"https:\\\/\\\/semanasantaferrol.com\\\/gl\\\/#\\\/schema\\\/logo\\\/image\\\/\"},\"sameAs\":[\"https:\\\/\\\/www.facebook.com\\\/Juntageneraldecofradias\\\/\",\"https:\\\/\\\/www.instagram.com\\\/juntageneralcofradiasferrol\\\/\",\"https:\\\/\\\/www.youtube.com\\\/@semanasantadeferrol1616\",\"https:\\\/\\\/www.tiktok.com\\\/@semanasantadeferrol\"]},{\"@type\":\"Person\",\"@id\":\"https:\\\/\\\/semanasantaferrol.com\\\/gl\\\/#\\\/schema\\\/person\\\/cdd132690f08f75a35f05e2423e6307c\",\"name\":\"pingota\",\"image\":{\"@type\":\"ImageObject\",\"inLanguage\":\"gl-ES\",\"@id\":\"https:\\\/\\\/secure.gravatar.com\\\/avatar\\\/b1bb79ecdfb8d6f4c44a82262f8b422faeb290304fc5c6f8b9b4305bfaa2853c?s=96&d=mm&r=g\",\"url\":\"https:\\\/\\\/secure.gravatar.com\\\/avatar\\\/b1bb79ecdfb8d6f4c44a82262f8b422faeb290304fc5c6f8b9b4305bfaa2853c?s=96&d=mm&r=g\",\"contentUrl\":\"https:\\\/\\\/secure.gravatar.com\\\/avatar\\\/b1bb79ecdfb8d6f4c44a82262f8b422faeb290304fc5c6f8b9b4305bfaa2853c?s=96&d=mm&r=g\",\"caption\":\"pingota\"},\"url\":\"https:\\\/\\\/semanasantaferrol.com\\\/gl\"}]}<\/script>\n<!-- \/ Yoast SEO plugin. -->","yoast_head_json":{"title":"Catro irmandades da Semana Santa abrir\u00e1n bel\u00e9ns ao p\u00fablico este Nadal - Junta General de Cofrad\u00edas y Hermandades","robots":{"index":"index","follow":"follow","max-snippet":"max-snippet:-1","max-image-preview":"max-image-preview:large","max-video-preview":"max-video-preview:-1"},"canonical":"https:\/\/semanasantaferrol.com\/gl\/catro-irmandades-da-semana-santa-abriran-belens-ao-publico-este-nadal\/","og_locale":"gl_ES","og_type":"article","og_title":"Catro irmandades da Semana Santa abrir\u00e1n bel\u00e9ns ao p\u00fablico este Nadal - Junta General de Cofrad\u00edas y Hermandades","og_description":"A Xunta de Confrar\u00edas da Semana Santa de Ferrol informa da pr\u00f3xima inauguraci\u00f3n de catro Bel\u00e9ns do Nadal por parte de catro irmandades. As confrar\u00edas das Angustias e a Merc\u00e9 abrir\u00e1n os seus xa este venres, d\u00eda 2, mentres que a da Soidade ten previsto facelo o 6 de decembro e a de Dolores, o [&hellip;]","og_url":"https:\/\/semanasantaferrol.com\/gl\/catro-irmandades-da-semana-santa-abriran-belens-ao-publico-este-nadal\/","og_site_name":"Junta General de Cofrad\u00edas y Hermandades","article_publisher":"https:\/\/www.facebook.com\/Juntageneraldecofradias\/","article_published_time":"2022-11-30T12:34:28+00:00","article_modified_time":"2022-12-01T10:43:56+00:00","og_image":[{"width":2560,"height":1920,"url":"https:\/\/semanasantaferrol.com\/wp-content\/uploads\/2022\/11\/20191226_194544-scaled-e1669811647289.jpg","type":"image\/jpeg"}],"author":"pingota","twitter_card":"summary_large_image","twitter_misc":{"Escrito por":"pingota","Tempo de lectura":"2 minutos"},"schema":{"@context":"https:\/\/schema.org","@graph":[{"@type":"Article","@id":"https:\/\/semanasantaferrol.com\/gl\/catro-irmandades-da-semana-santa-abriran-belens-ao-publico-este-nadal\/#article","isPartOf":{"@id":"https:\/\/semanasantaferrol.com\/gl\/catro-irmandades-da-semana-santa-abriran-belens-ao-publico-este-nadal\/"},"author":{"name":"pingota","@id":"https:\/\/semanasantaferrol.com\/gl\/#\/schema\/person\/cdd132690f08f75a35f05e2423e6307c"},"headline":"Catro irmandades da Semana Santa abrir\u00e1n bel\u00e9ns ao p\u00fablico este Nadal","datePublished":"2022-11-30T12:34:28+00:00","dateModified":"2022-12-01T10:43:56+00:00","mainEntityOfPage":{"@id":"https:\/\/semanasantaferrol.com\/gl\/catro-irmandades-da-semana-santa-abriran-belens-ao-publico-este-nadal\/"},"wordCount":376,"commentCount":0,"publisher":{"@id":"https:\/\/semanasantaferrol.com\/gl\/#organization"},"image":{"@id":"https:\/\/semanasantaferrol.com\/gl\/catro-irmandades-da-semana-santa-abriran-belens-ao-publico-este-nadal\/#primaryimage"},"thumbnailUrl":"https:\/\/semanasantaferrol.com\/wp-content\/uploads\/2022\/11\/20191226_194544-scaled-e1669811647289.jpg","articleSection":["Xunta"],"inLanguage":"gl-ES","potentialAction":[{"@type":"CommentAction","name":"Comment","target":["https:\/\/semanasantaferrol.com\/gl\/catro-irmandades-da-semana-santa-abriran-belens-ao-publico-este-nadal\/#respond"]}]},{"@type":"WebPage","@id":"https:\/\/semanasantaferrol.com\/gl\/catro-irmandades-da-semana-santa-abriran-belens-ao-publico-este-nadal\/","url":"https:\/\/semanasantaferrol.com\/gl\/catro-irmandades-da-semana-santa-abriran-belens-ao-publico-este-nadal\/","name":"Catro irmandades da Semana Santa abrir\u00e1n bel\u00e9ns ao p\u00fablico este Nadal - Junta General de Cofrad\u00edas y Hermandades","isPartOf":{"@id":"https:\/\/semanasantaferrol.com\/gl\/#website"},"primaryImageOfPage":{"@id":"https:\/\/semanasantaferrol.com\/gl\/catro-irmandades-da-semana-santa-abriran-belens-ao-publico-este-nadal\/#primaryimage"},"image":{"@id":"https:\/\/semanasantaferrol.com\/gl\/catro-irmandades-da-semana-santa-abriran-belens-ao-publico-este-nadal\/#primaryimage"},"thumbnailUrl":"https:\/\/semanasantaferrol.com\/wp-content\/uploads\/2022\/11\/20191226_194544-scaled-e1669811647289.jpg","datePublished":"2022-11-30T12:34:28+00:00","dateModified":"2022-12-01T10:43:56+00:00","breadcrumb":{"@id":"https:\/\/semanasantaferrol.com\/gl\/catro-irmandades-da-semana-santa-abriran-belens-ao-publico-este-nadal\/#breadcrumb"},"inLanguage":"gl-ES","potentialAction":[{"@type":"ReadAction","target":["https:\/\/semanasantaferrol.com\/gl\/catro-irmandades-da-semana-santa-abriran-belens-ao-publico-este-nadal\/"]}]},{"@type":"ImageObject","inLanguage":"gl-ES","@id":"https:\/\/semanasantaferrol.com\/gl\/catro-irmandades-da-semana-santa-abriran-belens-ao-publico-este-nadal\/#primaryimage","url":"https:\/\/semanasantaferrol.com\/wp-content\/uploads\/2022\/11\/20191226_194544-scaled-e1669811647289.jpg","contentUrl":"https:\/\/semanasantaferrol.com\/wp-content\/uploads\/2022\/11\/20191226_194544-scaled-e1669811647289.jpg","width":2560,"height":1920},{"@type":"BreadcrumbList","@id":"https:\/\/semanasantaferrol.com\/gl\/catro-irmandades-da-semana-santa-abriran-belens-ao-publico-este-nadal\/#breadcrumb","itemListElement":[{"@type":"ListItem","position":1,"name":"Portada","item":"https:\/\/semanasantaferrol.com\/gl\/"},{"@type":"ListItem","position":2,"name":"Catro irmandades da Semana Santa abrir\u00e1n bel\u00e9ns ao p\u00fablico este Nadal"}]},{"@type":"WebSite","@id":"https:\/\/semanasantaferrol.com\/gl\/#website","url":"https:\/\/semanasantaferrol.com\/gl\/","name":"Junta General de Cofrad\u00edas y Hermandades","description":"Semana Santa de Ferrol","publisher":{"@id":"https:\/\/semanasantaferrol.com\/gl\/#organization"},"alternateName":"Semana Santa de Ferrol","potentialAction":[{"@type":"SearchAction","target":{"@type":"EntryPoint","urlTemplate":"https:\/\/semanasantaferrol.com\/gl\/?s={search_term_string}"},"query-input":{"@type":"PropertyValueSpecification","valueRequired":true,"valueName":"search_term_string"}}],"inLanguage":"gl-ES"},{"@type":"Organization","@id":"https:\/\/semanasantaferrol.com\/gl\/#organization","name":"Junta General de Cofrad\u00edas y Hermandades de la Semana Santa de Ferrol","alternateName":"Junta de Cofrad\u00edas de la Semana Santa de Ferrol","url":"https:\/\/semanasantaferrol.com\/gl\/","logo":{"@type":"ImageObject","inLanguage":"gl-ES","@id":"https:\/\/semanasantaferrol.com\/gl\/#\/schema\/logo\/image\/","url":"https:\/\/semanasantaferrol.com\/wp-content\/uploads\/2022\/10\/junta_general_logo.svg","contentUrl":"https:\/\/semanasantaferrol.com\/wp-content\/uploads\/2022\/10\/junta_general_logo.svg","width":600,"height":790,"caption":"Junta General de Cofrad\u00edas y Hermandades de la Semana Santa de Ferrol"},"image":{"@id":"https:\/\/semanasantaferrol.com\/gl\/#\/schema\/logo\/image\/"},"sameAs":["https:\/\/www.facebook.com\/Juntageneraldecofradias\/","https:\/\/www.instagram.com\/juntageneralcofradiasferrol\/","https:\/\/www.youtube.com\/@semanasantadeferrol1616","https:\/\/www.tiktok.com\/@semanasantadeferrol"]},{"@type":"Person","@id":"https:\/\/semanasantaferrol.com\/gl\/#\/schema\/person\/cdd132690f08f75a35f05e2423e6307c","name":"pingota","image":{"@type":"ImageObject","inLanguage":"gl-ES","@id":"https:\/\/secure.gravatar.com\/avatar\/b1bb79ecdfb8d6f4c44a82262f8b422faeb290304fc5c6f8b9b4305bfaa2853c?s=96&d=mm&r=g","url":"https:\/\/secure.gravatar.com\/avatar\/b1bb79ecdfb8d6f4c44a82262f8b422faeb290304fc5c6f8b9b4305bfaa2853c?s=96&d=mm&r=g","contentUrl":"https:\/\/secure.gravatar.com\/avatar\/b1bb79ecdfb8d6f4c44a82262f8b422faeb290304fc5c6f8b9b4305bfaa2853c?s=96&d=mm&r=g","caption":"pingota"},"url":"https:\/\/semanasantaferrol.com\/gl"}]}},"_links":{"self":[{"href":"https:\/\/semanasantaferrol.com\/gl\/wp-json\/wp\/v2\/posts\/4797","targetHints":{"allow":["GET"]}}],"collection":[{"href":"https:\/\/semanasantaferrol.com\/gl\/wp-json\/wp\/v2\/posts"}],"about":[{"href":"https:\/\/semanasantaferrol.com\/gl\/wp-json\/wp\/v2\/types\/post"}],"author":[{"embeddable":true,"href":"https:\/\/semanasantaferrol.com\/gl\/wp-json\/wp\/v2\/users\/3"}],"replies":[{"embeddable":true,"href":"https:\/\/semanasantaferrol.com\/gl\/wp-json\/wp\/v2\/comments?post=4797"}],"version-history":[{"count":2,"href":"https:\/\/semanasantaferrol.com\/gl\/wp-json\/wp\/v2\/posts\/4797\/revisions"}],"predecessor-version":[{"id":4820,"href":"https:\/\/semanasantaferrol.com\/gl\/wp-json\/wp\/v2\/posts\/4797\/revisions\/4820"}],"wp:featuredmedia":[{"embeddable":true,"href":"https:\/\/semanasantaferrol.com\/gl\/wp-json\/wp\/v2\/media\/4795"}],"wp:attachment":[{"href":"https:\/\/semanasantaferrol.com\/gl\/wp-json\/wp\/v2\/media?parent=4797"}],"wp:term":[{"taxonomy":"category","embeddable":true,"href":"https:\/\/semanasantaferrol.com\/gl\/wp-json\/wp\/v2\/categories?post=4797"},{"taxonomy":"post_tag","embeddable":true,"href":"https:\/\/semanasantaferrol.com\/gl\/wp-json\/wp\/v2\/tags?post=4797"}],"curies":[{"name":"wp","href":"https:\/\/api.w.org\/{rel}","templated":true}]}}