{"id":4601,"date":"2022-11-03T11:23:42","date_gmt":"2022-11-03T11:23:42","guid":{"rendered":"https:\/\/semanasantaferrol.com\/mario-villaamil-a-titulo-postumo-felix-sande-e-meca-arcos-recibiran-a-medalla-de-ouro-da-xunta-de-confrarias\/"},"modified":"2023-01-16T09:51:59","modified_gmt":"2023-01-16T09:51:59","slug":"mario-villaamil-a-titulo-postumo-felix-sande-e-meca-arcos-recibiran-a-medalla-de-ouro-da-xunta-de-confrarias","status":"publish","type":"post","link":"https:\/\/semanasantaferrol.com\/gl\/mario-villaamil-a-titulo-postumo-felix-sande-e-meca-arcos-recibiran-a-medalla-de-ouro-da-xunta-de-confrarias\/","title":{"rendered":"Mario Villaamil (a t\u00edtulo p\u00f3stumo), F\u00e9lix Sande e Meca Arcos, Medalla de Ouro da Xunta de Confrar\u00edas"},"content":{"rendered":"<p class=\"texto\"><span lang=\"ES-TRAD\"><img fetchpriority=\"high\" decoding=\"async\" class=\"alignleft wp-image-4598\" src=\"https:\/\/semanasantaferrol.com\/wp-content\/uploads\/2022\/11\/Medalla-1-716x1024.jpg\" alt=\"\" width=\"300\" height=\"429\" srcset=\"https:\/\/semanasantaferrol.com\/wp-content\/uploads\/2022\/11\/Medalla-1-716x1024.jpg 716w, https:\/\/semanasantaferrol.com\/wp-content\/uploads\/2022\/11\/Medalla-1-157x225.jpg 157w, https:\/\/semanasantaferrol.com\/wp-content\/uploads\/2022\/11\/Medalla-1-768x1099.jpg 768w, https:\/\/semanasantaferrol.com\/wp-content\/uploads\/2022\/11\/Medalla-1.jpg 948w\" sizes=\"(max-width: 300px) 100vw, 300px\" \/>A Xunta Xeral de Confrar\u00edas e Irmandades acordou por unanimidade a concesi\u00f3n da s\u00faa Medalla de Ouro a Don Mario Villaamil (a t\u00edtulo p\u00f3stumo), Don F\u00e9lix Sande Rodr\u00edguez e Dona Meca Arcos G\u00f3mez, polo seu traballo e dedicaci\u00f3n \u00e1 Semana Santa de Ferrol. A entidade reco\u00f1ece o labor das persoas que estiveron \u00e1 fronte da Coordinadora de Confrar\u00edas desde a s\u00faa creaci\u00f3n, en 1993, ata a s\u00faa transformaci\u00f3n en xunta xeral. O organismo cumpre tres d\u00e9cadas de vida no pr\u00f3ximo ano 2023. <\/span><\/p>\n<p class=\"texto\"><span lang=\"ES-TRAD\">A antiga Coordinadora de Confrar\u00edas naceu oficialmente o 6 de xu\u00f1o de 1991, a\u00ednda que a constituci\u00f3n oficial da s\u00faa primeira Xunta de Goberno tivo lugar o 15 de xaneiro de 1993, con Mario Villaamil como presidente. Sucedeulle en 1995 F\u00e9lix Sande Rodr\u00edguez, que estivo \u00e1 fronte do organismo ata 1998 e tomou a substituci\u00f3n Meca Arcos, que o presidiu ata 2014.<\/span><\/p>\n<p class=\"texto\"><span lang=\"ES-TRAD\">A Medalla de Ouro entregarase durante a celebraci\u00f3n do preg\u00f3n da Semana Santa de Ferrol 2023, que ter\u00e1 lugar no teatro Jofre o d\u00eda 25 de marzo, tal como anunciouse recentemente co xornalista Ram\u00f3n Loureiro como pregoeiro. <\/span><\/p>\n<p class=\"texto\"><span lang=\"ES-TRAD\">A Xunta de Confrar\u00edas pechou tam\u00e9n recentemente outras datas destacadas para a celebraci\u00f3n da pr\u00f3xima Semana Santa. As\u00ed, o 14 de xaneiro ter\u00e1 lugar a presentaci\u00f3n do cartel; o 24 de marzo ser\u00e1 a tradicional V\u00eda Crucis e o 18 de marzo presentarase a revista Ecce Homo e o procesionario.<u><\/u><\/span><\/p>\n<p>(As imaxes corresponden \u00e1 entrega da Medalla de Ouro o ano pasado ao Tercio Norte)<\/p>\n","protected":false},"excerpt":{"rendered":"<p>A Xunta Xeral de Confrar\u00edas e Irmandades acordou por unanimidade a concesi\u00f3n da s\u00faa Medalla de Ouro a Don Mario Villaamil (a t\u00edtulo p\u00f3stumo), Don F\u00e9lix Sande Rodr\u00edguez e Dona Meca Arcos G\u00f3mez, polo seu traballo e dedicaci\u00f3n \u00e1 Semana Santa de Ferrol. A entidade reco\u00f1ece o labor das persoas que estiveron \u00e1 fronte da [&hellip;]<\/p>\n","protected":false},"author":3,"featured_media":4597,"comment_status":"open","ping_status":"open","sticky":false,"template":"","format":"standard","meta":{"footnotes":""},"categories":[39],"tags":[],"class_list":["post-4601","post","type-post","status-publish","format-standard","has-post-thumbnail","hentry","category-xunta"],"yoast_head":"<!-- This site is optimized with the Yoast SEO plugin v27.5 - https:\/\/yoast.com\/product\/yoast-seo-wordpress\/ -->\n<title>Mario Villaamil (a t\u00edtulo p\u00f3stumo), F\u00e9lix Sande e Meca Arcos, Medalla de Ouro da Xunta de Confrar\u00edas - Junta General de Cofrad\u00edas y Hermandades<\/title>\n<meta name=\"description\" content=\"A Xunta de Confrar\u00edas entregar\u00e1 a Medalla de Ouro da Semana Santa de Ferrol \u00e1s personas que presidieron a anterior coordinadora\" \/>\n<meta name=\"robots\" content=\"index, follow, max-snippet:-1, max-image-preview:large, max-video-preview:-1\" \/>\n<link rel=\"canonical\" href=\"https:\/\/semanasantaferrol.com\/gl\/mario-villaamil-a-titulo-postumo-felix-sande-e-meca-arcos-recibiran-a-medalla-de-ouro-da-xunta-de-confrarias\/\" \/>\n<meta property=\"og:locale\" content=\"gl_ES\" \/>\n<meta property=\"og:type\" content=\"article\" \/>\n<meta property=\"og:title\" content=\"Mario Villaamil (a t\u00edtulo p\u00f3stumo), F\u00e9lix Sande e Meca Arcos, Medalla de Ouro da Xunta de Confrar\u00edas - Junta General de Cofrad\u00edas y Hermandades\" \/>\n<meta property=\"og:description\" content=\"A Xunta de Confrar\u00edas entregar\u00e1 a Medalla de Ouro da Semana Santa de Ferrol \u00e1s personas que presidieron a anterior coordinadora\" \/>\n<meta property=\"og:url\" content=\"https:\/\/semanasantaferrol.com\/gl\/mario-villaamil-a-titulo-postumo-felix-sande-e-meca-arcos-recibiran-a-medalla-de-ouro-da-xunta-de-confrarias\/\" \/>\n<meta property=\"og:site_name\" content=\"Junta General de Cofrad\u00edas y Hermandades\" \/>\n<meta property=\"article:publisher\" content=\"https:\/\/www.facebook.com\/Juntageneraldecofradias\/\" \/>\n<meta property=\"article:published_time\" content=\"2022-11-03T11:23:42+00:00\" \/>\n<meta property=\"article:modified_time\" content=\"2023-01-16T09:51:59+00:00\" \/>\n<meta property=\"og:image\" content=\"https:\/\/semanasantaferrol.com\/wp-content\/uploads\/2022\/11\/Sin-titulo-300-\u00d7-225-px-2.png\" \/>\n\t<meta property=\"og:image:width\" content=\"300\" \/>\n\t<meta property=\"og:image:height\" content=\"225\" \/>\n\t<meta property=\"og:image:type\" content=\"image\/png\" \/>\n<meta name=\"author\" content=\"pingota\" \/>\n<meta name=\"twitter:card\" content=\"summary_large_image\" \/>\n<meta name=\"twitter:label1\" content=\"Escrito por\" \/>\n\t<meta name=\"twitter:data1\" content=\"pingota\" \/>\n\t<meta name=\"twitter:label2\" content=\"Tempo de lectura\" \/>\n\t<meta name=\"twitter:data2\" content=\"2 minutos\" \/>\n<script type=\"application\/ld+json\" class=\"yoast-schema-graph\">{\"@context\":\"https:\\\/\\\/schema.org\",\"@graph\":[{\"@type\":\"Article\",\"@id\":\"https:\\\/\\\/semanasantaferrol.com\\\/gl\\\/mario-villaamil-a-titulo-postumo-felix-sande-e-meca-arcos-recibiran-a-medalla-de-ouro-da-xunta-de-confrarias\\\/#article\",\"isPartOf\":{\"@id\":\"https:\\\/\\\/semanasantaferrol.com\\\/gl\\\/mario-villaamil-a-titulo-postumo-felix-sande-e-meca-arcos-recibiran-a-medalla-de-ouro-da-xunta-de-confrarias\\\/\"},\"author\":{\"name\":\"pingota\",\"@id\":\"https:\\\/\\\/semanasantaferrol.com\\\/gl\\\/#\\\/schema\\\/person\\\/cdd132690f08f75a35f05e2423e6307c\"},\"headline\":\"Mario Villaamil (a t\u00edtulo p\u00f3stumo), F\u00e9lix Sande e Meca Arcos, Medalla de Ouro da Xunta de Confrar\u00edas\",\"datePublished\":\"2022-11-03T11:23:42+00:00\",\"dateModified\":\"2023-01-16T09:51:59+00:00\",\"mainEntityOfPage\":{\"@id\":\"https:\\\/\\\/semanasantaferrol.com\\\/gl\\\/mario-villaamil-a-titulo-postumo-felix-sande-e-meca-arcos-recibiran-a-medalla-de-ouro-da-xunta-de-confrarias\\\/\"},\"wordCount\":284,\"commentCount\":0,\"publisher\":{\"@id\":\"https:\\\/\\\/semanasantaferrol.com\\\/gl\\\/#organization\"},\"image\":{\"@id\":\"https:\\\/\\\/semanasantaferrol.com\\\/gl\\\/mario-villaamil-a-titulo-postumo-felix-sande-e-meca-arcos-recibiran-a-medalla-de-ouro-da-xunta-de-confrarias\\\/#primaryimage\"},\"thumbnailUrl\":\"https:\\\/\\\/semanasantaferrol.com\\\/wp-content\\\/uploads\\\/2022\\\/11\\\/Sin-titulo-300-\u00d7-225-px-2.png\",\"articleSection\":[\"Xunta\"],\"inLanguage\":\"gl-ES\",\"potentialAction\":[{\"@type\":\"CommentAction\",\"name\":\"Comment\",\"target\":[\"https:\\\/\\\/semanasantaferrol.com\\\/gl\\\/mario-villaamil-a-titulo-postumo-felix-sande-e-meca-arcos-recibiran-a-medalla-de-ouro-da-xunta-de-confrarias\\\/#respond\"]}]},{\"@type\":\"WebPage\",\"@id\":\"https:\\\/\\\/semanasantaferrol.com\\\/gl\\\/mario-villaamil-a-titulo-postumo-felix-sande-e-meca-arcos-recibiran-a-medalla-de-ouro-da-xunta-de-confrarias\\\/\",\"url\":\"https:\\\/\\\/semanasantaferrol.com\\\/gl\\\/mario-villaamil-a-titulo-postumo-felix-sande-e-meca-arcos-recibiran-a-medalla-de-ouro-da-xunta-de-confrarias\\\/\",\"name\":\"Mario Villaamil (a t\u00edtulo p\u00f3stumo), F\u00e9lix Sande e Meca Arcos, Medalla de Ouro da Xunta de Confrar\u00edas - Junta General de Cofrad\u00edas y Hermandades\",\"isPartOf\":{\"@id\":\"https:\\\/\\\/semanasantaferrol.com\\\/gl\\\/#website\"},\"primaryImageOfPage\":{\"@id\":\"https:\\\/\\\/semanasantaferrol.com\\\/gl\\\/mario-villaamil-a-titulo-postumo-felix-sande-e-meca-arcos-recibiran-a-medalla-de-ouro-da-xunta-de-confrarias\\\/#primaryimage\"},\"image\":{\"@id\":\"https:\\\/\\\/semanasantaferrol.com\\\/gl\\\/mario-villaamil-a-titulo-postumo-felix-sande-e-meca-arcos-recibiran-a-medalla-de-ouro-da-xunta-de-confrarias\\\/#primaryimage\"},\"thumbnailUrl\":\"https:\\\/\\\/semanasantaferrol.com\\\/wp-content\\\/uploads\\\/2022\\\/11\\\/Sin-titulo-300-\u00d7-225-px-2.png\",\"datePublished\":\"2022-11-03T11:23:42+00:00\",\"dateModified\":\"2023-01-16T09:51:59+00:00\",\"description\":\"A Xunta de Confrar\u00edas entregar\u00e1 a Medalla de Ouro da Semana Santa de Ferrol \u00e1s personas que presidieron a anterior coordinadora\",\"breadcrumb\":{\"@id\":\"https:\\\/\\\/semanasantaferrol.com\\\/gl\\\/mario-villaamil-a-titulo-postumo-felix-sande-e-meca-arcos-recibiran-a-medalla-de-ouro-da-xunta-de-confrarias\\\/#breadcrumb\"},\"inLanguage\":\"gl-ES\",\"potentialAction\":[{\"@type\":\"ReadAction\",\"target\":[\"https:\\\/\\\/semanasantaferrol.com\\\/gl\\\/mario-villaamil-a-titulo-postumo-felix-sande-e-meca-arcos-recibiran-a-medalla-de-ouro-da-xunta-de-confrarias\\\/\"]}]},{\"@type\":\"ImageObject\",\"inLanguage\":\"gl-ES\",\"@id\":\"https:\\\/\\\/semanasantaferrol.com\\\/gl\\\/mario-villaamil-a-titulo-postumo-felix-sande-e-meca-arcos-recibiran-a-medalla-de-ouro-da-xunta-de-confrarias\\\/#primaryimage\",\"url\":\"https:\\\/\\\/semanasantaferrol.com\\\/wp-content\\\/uploads\\\/2022\\\/11\\\/Sin-titulo-300-\u00d7-225-px-2.png\",\"contentUrl\":\"https:\\\/\\\/semanasantaferrol.com\\\/wp-content\\\/uploads\\\/2022\\\/11\\\/Sin-titulo-300-\u00d7-225-px-2.png\",\"width\":300,\"height\":225},{\"@type\":\"BreadcrumbList\",\"@id\":\"https:\\\/\\\/semanasantaferrol.com\\\/gl\\\/mario-villaamil-a-titulo-postumo-felix-sande-e-meca-arcos-recibiran-a-medalla-de-ouro-da-xunta-de-confrarias\\\/#breadcrumb\",\"itemListElement\":[{\"@type\":\"ListItem\",\"position\":1,\"name\":\"Portada\",\"item\":\"https:\\\/\\\/semanasantaferrol.com\\\/gl\\\/\"},{\"@type\":\"ListItem\",\"position\":2,\"name\":\"Mario Villaamil (a t\u00edtulo p\u00f3stumo), F\u00e9lix Sande e Meca Arcos, Medalla de Ouro da Xunta de Confrar\u00edas\"}]},{\"@type\":\"WebSite\",\"@id\":\"https:\\\/\\\/semanasantaferrol.com\\\/gl\\\/#website\",\"url\":\"https:\\\/\\\/semanasantaferrol.com\\\/gl\\\/\",\"name\":\"Junta General de Cofrad\u00edas y Hermandades\",\"description\":\"Semana Santa de Ferrol\",\"publisher\":{\"@id\":\"https:\\\/\\\/semanasantaferrol.com\\\/gl\\\/#organization\"},\"alternateName\":\"Semana Santa de Ferrol\",\"potentialAction\":[{\"@type\":\"SearchAction\",\"target\":{\"@type\":\"EntryPoint\",\"urlTemplate\":\"https:\\\/\\\/semanasantaferrol.com\\\/gl\\\/?s={search_term_string}\"},\"query-input\":{\"@type\":\"PropertyValueSpecification\",\"valueRequired\":true,\"valueName\":\"search_term_string\"}}],\"inLanguage\":\"gl-ES\"},{\"@type\":\"Organization\",\"@id\":\"https:\\\/\\\/semanasantaferrol.com\\\/gl\\\/#organization\",\"name\":\"Junta General de Cofrad\u00edas y Hermandades de la Semana Santa de Ferrol\",\"alternateName\":\"Junta de Cofrad\u00edas de la Semana Santa de Ferrol\",\"url\":\"https:\\\/\\\/semanasantaferrol.com\\\/gl\\\/\",\"logo\":{\"@type\":\"ImageObject\",\"inLanguage\":\"gl-ES\",\"@id\":\"https:\\\/\\\/semanasantaferrol.com\\\/gl\\\/#\\\/schema\\\/logo\\\/image\\\/\",\"url\":\"https:\\\/\\\/semanasantaferrol.com\\\/wp-content\\\/uploads\\\/2022\\\/10\\\/junta_general_logo.svg\",\"contentUrl\":\"https:\\\/\\\/semanasantaferrol.com\\\/wp-content\\\/uploads\\\/2022\\\/10\\\/junta_general_logo.svg\",\"width\":600,\"height\":790,\"caption\":\"Junta General de Cofrad\u00edas y Hermandades de la Semana Santa de Ferrol\"},\"image\":{\"@id\":\"https:\\\/\\\/semanasantaferrol.com\\\/gl\\\/#\\\/schema\\\/logo\\\/image\\\/\"},\"sameAs\":[\"https:\\\/\\\/www.facebook.com\\\/Juntageneraldecofradias\\\/\",\"https:\\\/\\\/www.instagram.com\\\/juntageneralcofradiasferrol\\\/\",\"https:\\\/\\\/www.youtube.com\\\/@semanasantadeferrol1616\",\"https:\\\/\\\/www.tiktok.com\\\/@semanasantadeferrol\"]},{\"@type\":\"Person\",\"@id\":\"https:\\\/\\\/semanasantaferrol.com\\\/gl\\\/#\\\/schema\\\/person\\\/cdd132690f08f75a35f05e2423e6307c\",\"name\":\"pingota\",\"image\":{\"@type\":\"ImageObject\",\"inLanguage\":\"gl-ES\",\"@id\":\"https:\\\/\\\/secure.gravatar.com\\\/avatar\\\/b1bb79ecdfb8d6f4c44a82262f8b422faeb290304fc5c6f8b9b4305bfaa2853c?s=96&d=mm&r=g\",\"url\":\"https:\\\/\\\/secure.gravatar.com\\\/avatar\\\/b1bb79ecdfb8d6f4c44a82262f8b422faeb290304fc5c6f8b9b4305bfaa2853c?s=96&d=mm&r=g\",\"contentUrl\":\"https:\\\/\\\/secure.gravatar.com\\\/avatar\\\/b1bb79ecdfb8d6f4c44a82262f8b422faeb290304fc5c6f8b9b4305bfaa2853c?s=96&d=mm&r=g\",\"caption\":\"pingota\"},\"url\":\"https:\\\/\\\/semanasantaferrol.com\\\/gl\"}]}<\/script>\n<!-- \/ Yoast SEO plugin. -->","yoast_head_json":{"title":"Mario Villaamil (a t\u00edtulo p\u00f3stumo), F\u00e9lix Sande e Meca Arcos, Medalla de Ouro da Xunta de Confrar\u00edas - Junta General de Cofrad\u00edas y Hermandades","description":"A Xunta de Confrar\u00edas entregar\u00e1 a Medalla de Ouro da Semana Santa de Ferrol \u00e1s personas que presidieron a anterior coordinadora","robots":{"index":"index","follow":"follow","max-snippet":"max-snippet:-1","max-image-preview":"max-image-preview:large","max-video-preview":"max-video-preview:-1"},"canonical":"https:\/\/semanasantaferrol.com\/gl\/mario-villaamil-a-titulo-postumo-felix-sande-e-meca-arcos-recibiran-a-medalla-de-ouro-da-xunta-de-confrarias\/","og_locale":"gl_ES","og_type":"article","og_title":"Mario Villaamil (a t\u00edtulo p\u00f3stumo), F\u00e9lix Sande e Meca Arcos, Medalla de Ouro da Xunta de Confrar\u00edas - Junta General de Cofrad\u00edas y Hermandades","og_description":"A Xunta de Confrar\u00edas entregar\u00e1 a Medalla de Ouro da Semana Santa de Ferrol \u00e1s personas que presidieron a anterior coordinadora","og_url":"https:\/\/semanasantaferrol.com\/gl\/mario-villaamil-a-titulo-postumo-felix-sande-e-meca-arcos-recibiran-a-medalla-de-ouro-da-xunta-de-confrarias\/","og_site_name":"Junta General de Cofrad\u00edas y Hermandades","article_publisher":"https:\/\/www.facebook.com\/Juntageneraldecofradias\/","article_published_time":"2022-11-03T11:23:42+00:00","article_modified_time":"2023-01-16T09:51:59+00:00","og_image":[{"width":300,"height":225,"url":"https:\/\/semanasantaferrol.com\/wp-content\/uploads\/2022\/11\/Sin-titulo-300-\u00d7-225-px-2.png","type":"image\/png"}],"author":"pingota","twitter_card":"summary_large_image","twitter_misc":{"Escrito por":"pingota","Tempo de lectura":"2 minutos"},"schema":{"@context":"https:\/\/schema.org","@graph":[{"@type":"Article","@id":"https:\/\/semanasantaferrol.com\/gl\/mario-villaamil-a-titulo-postumo-felix-sande-e-meca-arcos-recibiran-a-medalla-de-ouro-da-xunta-de-confrarias\/#article","isPartOf":{"@id":"https:\/\/semanasantaferrol.com\/gl\/mario-villaamil-a-titulo-postumo-felix-sande-e-meca-arcos-recibiran-a-medalla-de-ouro-da-xunta-de-confrarias\/"},"author":{"name":"pingota","@id":"https:\/\/semanasantaferrol.com\/gl\/#\/schema\/person\/cdd132690f08f75a35f05e2423e6307c"},"headline":"Mario Villaamil (a t\u00edtulo p\u00f3stumo), F\u00e9lix Sande e Meca Arcos, Medalla de Ouro da Xunta de Confrar\u00edas","datePublished":"2022-11-03T11:23:42+00:00","dateModified":"2023-01-16T09:51:59+00:00","mainEntityOfPage":{"@id":"https:\/\/semanasantaferrol.com\/gl\/mario-villaamil-a-titulo-postumo-felix-sande-e-meca-arcos-recibiran-a-medalla-de-ouro-da-xunta-de-confrarias\/"},"wordCount":284,"commentCount":0,"publisher":{"@id":"https:\/\/semanasantaferrol.com\/gl\/#organization"},"image":{"@id":"https:\/\/semanasantaferrol.com\/gl\/mario-villaamil-a-titulo-postumo-felix-sande-e-meca-arcos-recibiran-a-medalla-de-ouro-da-xunta-de-confrarias\/#primaryimage"},"thumbnailUrl":"https:\/\/semanasantaferrol.com\/wp-content\/uploads\/2022\/11\/Sin-titulo-300-\u00d7-225-px-2.png","articleSection":["Xunta"],"inLanguage":"gl-ES","potentialAction":[{"@type":"CommentAction","name":"Comment","target":["https:\/\/semanasantaferrol.com\/gl\/mario-villaamil-a-titulo-postumo-felix-sande-e-meca-arcos-recibiran-a-medalla-de-ouro-da-xunta-de-confrarias\/#respond"]}]},{"@type":"WebPage","@id":"https:\/\/semanasantaferrol.com\/gl\/mario-villaamil-a-titulo-postumo-felix-sande-e-meca-arcos-recibiran-a-medalla-de-ouro-da-xunta-de-confrarias\/","url":"https:\/\/semanasantaferrol.com\/gl\/mario-villaamil-a-titulo-postumo-felix-sande-e-meca-arcos-recibiran-a-medalla-de-ouro-da-xunta-de-confrarias\/","name":"Mario Villaamil (a t\u00edtulo p\u00f3stumo), F\u00e9lix Sande e Meca Arcos, Medalla de Ouro da Xunta de Confrar\u00edas - Junta General de Cofrad\u00edas y Hermandades","isPartOf":{"@id":"https:\/\/semanasantaferrol.com\/gl\/#website"},"primaryImageOfPage":{"@id":"https:\/\/semanasantaferrol.com\/gl\/mario-villaamil-a-titulo-postumo-felix-sande-e-meca-arcos-recibiran-a-medalla-de-ouro-da-xunta-de-confrarias\/#primaryimage"},"image":{"@id":"https:\/\/semanasantaferrol.com\/gl\/mario-villaamil-a-titulo-postumo-felix-sande-e-meca-arcos-recibiran-a-medalla-de-ouro-da-xunta-de-confrarias\/#primaryimage"},"thumbnailUrl":"https:\/\/semanasantaferrol.com\/wp-content\/uploads\/2022\/11\/Sin-titulo-300-\u00d7-225-px-2.png","datePublished":"2022-11-03T11:23:42+00:00","dateModified":"2023-01-16T09:51:59+00:00","description":"A Xunta de Confrar\u00edas entregar\u00e1 a Medalla de Ouro da Semana Santa de Ferrol \u00e1s personas que presidieron a anterior coordinadora","breadcrumb":{"@id":"https:\/\/semanasantaferrol.com\/gl\/mario-villaamil-a-titulo-postumo-felix-sande-e-meca-arcos-recibiran-a-medalla-de-ouro-da-xunta-de-confrarias\/#breadcrumb"},"inLanguage":"gl-ES","potentialAction":[{"@type":"ReadAction","target":["https:\/\/semanasantaferrol.com\/gl\/mario-villaamil-a-titulo-postumo-felix-sande-e-meca-arcos-recibiran-a-medalla-de-ouro-da-xunta-de-confrarias\/"]}]},{"@type":"ImageObject","inLanguage":"gl-ES","@id":"https:\/\/semanasantaferrol.com\/gl\/mario-villaamil-a-titulo-postumo-felix-sande-e-meca-arcos-recibiran-a-medalla-de-ouro-da-xunta-de-confrarias\/#primaryimage","url":"https:\/\/semanasantaferrol.com\/wp-content\/uploads\/2022\/11\/Sin-titulo-300-\u00d7-225-px-2.png","contentUrl":"https:\/\/semanasantaferrol.com\/wp-content\/uploads\/2022\/11\/Sin-titulo-300-\u00d7-225-px-2.png","width":300,"height":225},{"@type":"BreadcrumbList","@id":"https:\/\/semanasantaferrol.com\/gl\/mario-villaamil-a-titulo-postumo-felix-sande-e-meca-arcos-recibiran-a-medalla-de-ouro-da-xunta-de-confrarias\/#breadcrumb","itemListElement":[{"@type":"ListItem","position":1,"name":"Portada","item":"https:\/\/semanasantaferrol.com\/gl\/"},{"@type":"ListItem","position":2,"name":"Mario Villaamil (a t\u00edtulo p\u00f3stumo), F\u00e9lix Sande e Meca Arcos, Medalla de Ouro da Xunta de Confrar\u00edas"}]},{"@type":"WebSite","@id":"https:\/\/semanasantaferrol.com\/gl\/#website","url":"https:\/\/semanasantaferrol.com\/gl\/","name":"Junta General de Cofrad\u00edas y Hermandades","description":"Semana Santa de Ferrol","publisher":{"@id":"https:\/\/semanasantaferrol.com\/gl\/#organization"},"alternateName":"Semana Santa de Ferrol","potentialAction":[{"@type":"SearchAction","target":{"@type":"EntryPoint","urlTemplate":"https:\/\/semanasantaferrol.com\/gl\/?s={search_term_string}"},"query-input":{"@type":"PropertyValueSpecification","valueRequired":true,"valueName":"search_term_string"}}],"inLanguage":"gl-ES"},{"@type":"Organization","@id":"https:\/\/semanasantaferrol.com\/gl\/#organization","name":"Junta General de Cofrad\u00edas y Hermandades de la Semana Santa de Ferrol","alternateName":"Junta de Cofrad\u00edas de la Semana Santa de Ferrol","url":"https:\/\/semanasantaferrol.com\/gl\/","logo":{"@type":"ImageObject","inLanguage":"gl-ES","@id":"https:\/\/semanasantaferrol.com\/gl\/#\/schema\/logo\/image\/","url":"https:\/\/semanasantaferrol.com\/wp-content\/uploads\/2022\/10\/junta_general_logo.svg","contentUrl":"https:\/\/semanasantaferrol.com\/wp-content\/uploads\/2022\/10\/junta_general_logo.svg","width":600,"height":790,"caption":"Junta General de Cofrad\u00edas y Hermandades de la Semana Santa de Ferrol"},"image":{"@id":"https:\/\/semanasantaferrol.com\/gl\/#\/schema\/logo\/image\/"},"sameAs":["https:\/\/www.facebook.com\/Juntageneraldecofradias\/","https:\/\/www.instagram.com\/juntageneralcofradiasferrol\/","https:\/\/www.youtube.com\/@semanasantadeferrol1616","https:\/\/www.tiktok.com\/@semanasantadeferrol"]},{"@type":"Person","@id":"https:\/\/semanasantaferrol.com\/gl\/#\/schema\/person\/cdd132690f08f75a35f05e2423e6307c","name":"pingota","image":{"@type":"ImageObject","inLanguage":"gl-ES","@id":"https:\/\/secure.gravatar.com\/avatar\/b1bb79ecdfb8d6f4c44a82262f8b422faeb290304fc5c6f8b9b4305bfaa2853c?s=96&d=mm&r=g","url":"https:\/\/secure.gravatar.com\/avatar\/b1bb79ecdfb8d6f4c44a82262f8b422faeb290304fc5c6f8b9b4305bfaa2853c?s=96&d=mm&r=g","contentUrl":"https:\/\/secure.gravatar.com\/avatar\/b1bb79ecdfb8d6f4c44a82262f8b422faeb290304fc5c6f8b9b4305bfaa2853c?s=96&d=mm&r=g","caption":"pingota"},"url":"https:\/\/semanasantaferrol.com\/gl"}]}},"_links":{"self":[{"href":"https:\/\/semanasantaferrol.com\/gl\/wp-json\/wp\/v2\/posts\/4601","targetHints":{"allow":["GET"]}}],"collection":[{"href":"https:\/\/semanasantaferrol.com\/gl\/wp-json\/wp\/v2\/posts"}],"about":[{"href":"https:\/\/semanasantaferrol.com\/gl\/wp-json\/wp\/v2\/types\/post"}],"author":[{"embeddable":true,"href":"https:\/\/semanasantaferrol.com\/gl\/wp-json\/wp\/v2\/users\/3"}],"replies":[{"embeddable":true,"href":"https:\/\/semanasantaferrol.com\/gl\/wp-json\/wp\/v2\/comments?post=4601"}],"version-history":[{"count":2,"href":"https:\/\/semanasantaferrol.com\/gl\/wp-json\/wp\/v2\/posts\/4601\/revisions"}],"predecessor-version":[{"id":5234,"href":"https:\/\/semanasantaferrol.com\/gl\/wp-json\/wp\/v2\/posts\/4601\/revisions\/5234"}],"wp:featuredmedia":[{"embeddable":true,"href":"https:\/\/semanasantaferrol.com\/gl\/wp-json\/wp\/v2\/media\/4597"}],"wp:attachment":[{"href":"https:\/\/semanasantaferrol.com\/gl\/wp-json\/wp\/v2\/media?parent=4601"}],"wp:term":[{"taxonomy":"category","embeddable":true,"href":"https:\/\/semanasantaferrol.com\/gl\/wp-json\/wp\/v2\/categories?post=4601"},{"taxonomy":"post_tag","embeddable":true,"href":"https:\/\/semanasantaferrol.com\/gl\/wp-json\/wp\/v2\/tags?post=4601"}],"curies":[{"name":"wp","href":"https:\/\/api.w.org\/{rel}","templated":true}]}}