{"id":4339,"date":"2022-09-30T08:04:57","date_gmt":"2022-09-30T08:04:57","guid":{"rendered":"https:\/\/semanasantaferrol.com\/o-santo-enterro-organiza-o-seu-triduo-en-honor-de-nosa-senora-do-rosario\/"},"modified":"2022-09-30T08:16:26","modified_gmt":"2022-09-30T08:16:26","slug":"o-santo-enterro-organiza-o-seu-triduo-en-honor-de-nosa-senora-do-rosario","status":"publish","type":"post","link":"https:\/\/semanasantaferrol.com\/gl\/o-santo-enterro-organiza-o-seu-triduo-en-honor-de-nosa-senora-do-rosario\/","title":{"rendered":"O Santo Enterro organiza o seu Triduo en honor de Nosa Se\u00f1ora do Rosario"},"content":{"rendered":"<p><img fetchpriority=\"high\" decoding=\"async\" class=\"alignleft wp-image-4336\" src=\"https:\/\/semanasantaferrol.com\/wp-content\/uploads\/2022\/09\/Cartel-TRIDUO-del-ROSARIO-2022-__page-0001.jpg\" alt=\"\" width=\"300\" height=\"424\" srcset=\"https:\/\/semanasantaferrol.com\/wp-content\/uploads\/2022\/09\/Cartel-TRIDUO-del-ROSARIO-2022-__page-0001.jpg 1241w, https:\/\/semanasantaferrol.com\/wp-content\/uploads\/2022\/09\/Cartel-TRIDUO-del-ROSARIO-2022-__page-0001-159x225.jpg 159w, https:\/\/semanasantaferrol.com\/wp-content\/uploads\/2022\/09\/Cartel-TRIDUO-del-ROSARIO-2022-__page-0001-724x1024.jpg 724w, https:\/\/semanasantaferrol.com\/wp-content\/uploads\/2022\/09\/Cartel-TRIDUO-del-ROSARIO-2022-__page-0001-768x1086.jpg 768w, https:\/\/semanasantaferrol.com\/wp-content\/uploads\/2022\/09\/Cartel-TRIDUO-del-ROSARIO-2022-__page-0001-1086x1536.jpg 1086w\" sizes=\"(max-width: 300px) 100vw, 300px\" \/>A Irmandade do Santo Enterro organiza un ano m\u00e1is o seu Solemne Triduo en Honra do seu titular e patroa Mar\u00eda Sant\u00edsima do Rosario. Ser\u00e1 os d\u00edas 5, 6 e 7 de outubro na concatedral de San Juli\u00e1n, con rezo do Santo Rosario \u00e1s 19.00 horas e Santa Misa a continuaci\u00f3n. Os actos estar\u00e1n presididos por Antonio Rodr\u00edguez Basanta, p\u00e1rroco de San Juli\u00e1n e director espiritual da irmandade.<\/p>\n<p>O \u00faltimo d\u00eda, o 7 de outubro, a Coral Polif\u00f3nica Ferrol\u00e1 A Magdalena cantar\u00e1 a Salve Regina ao terminar a misa.<\/p>\n<p>A Irmandade do Santo Enterro declarou en 2012 \u00e1 Virxe do Rosario a s\u00faa patroa e posteriormente titular, compartindo este t\u00edtulo co Sant\u00edsimo Cristo do Santo Enterro. Para saber m\u00e1is sobre a imaxe que se venera en San Juli\u00e1n, obra de Jos\u00e9 Rivas, e sobre a devandita advocaci\u00f3n, recomend\u00e1mosvos visitar a web da confrar\u00eda: <a href=\"https:\/\/santoentierroferrol.org\/nuestra-senora-del-rosario\/?fbclid=IwAR1HBDOeYeXMx6feUcwgk8Xb04Y_uEpMuj6uS08_1VTaomWeD0wUD2lPTf0\">pica aqu\u00ed<\/a>.<\/p>\n<p>&nbsp;<\/p>\n","protected":false},"excerpt":{"rendered":"<p>A Irmandade do Santo Enterro organiza un ano m\u00e1is o seu Solemne Triduo en Honra do seu titular e patroa Mar\u00eda Sant\u00edsima do Rosario. Ser\u00e1 os d\u00edas 5, 6 e 7 de outubro na concatedral de San Juli\u00e1n, con rezo do Santo Rosario \u00e1s 19.00 horas e Santa Misa a continuaci\u00f3n. Os actos estar\u00e1n presididos [&hellip;]<\/p>\n","protected":false},"author":3,"featured_media":4335,"comment_status":"open","ping_status":"open","sticky":false,"template":"","format":"standard","meta":{"footnotes":""},"categories":[43],"tags":[],"class_list":["post-4339","post","type-post","status-publish","format-standard","has-post-thumbnail","hentry","category-santo-enterro"],"yoast_head":"<!-- This site is optimized with the Yoast SEO plugin v27.5 - https:\/\/yoast.com\/product\/yoast-seo-wordpress\/ -->\n<title>Santo Enterro<\/title>\n<meta name=\"description\" content=\"A irmandade do Santo Enterro celebra os d\u00edas 5, 6 e 7 de outubro o seu Triduo en honor de Nosa Se\u00f1ora do Rosario.\" \/>\n<meta name=\"robots\" content=\"index, follow, max-snippet:-1, max-image-preview:large, max-video-preview:-1\" \/>\n<link rel=\"canonical\" href=\"https:\/\/semanasantaferrol.com\/gl\/o-santo-enterro-organiza-o-seu-triduo-en-honor-de-nosa-senora-do-rosario\/\" \/>\n<meta property=\"og:locale\" content=\"gl_ES\" \/>\n<meta property=\"og:type\" content=\"article\" \/>\n<meta property=\"og:title\" content=\"Santo Enterro\" \/>\n<meta property=\"og:description\" content=\"A irmandade do Santo Enterro celebra os d\u00edas 5, 6 e 7 de outubro o seu Triduo en honor de Nosa Se\u00f1ora do Rosario.\" \/>\n<meta property=\"og:url\" content=\"https:\/\/semanasantaferrol.com\/gl\/o-santo-enterro-organiza-o-seu-triduo-en-honor-de-nosa-senora-do-rosario\/\" \/>\n<meta property=\"og:site_name\" content=\"Junta General de Cofrad\u00edas y Hermandades\" \/>\n<meta property=\"article:publisher\" content=\"https:\/\/www.facebook.com\/Juntageneraldecofradias\/\" \/>\n<meta property=\"article:published_time\" content=\"2022-09-30T08:04:57+00:00\" \/>\n<meta property=\"article:modified_time\" content=\"2022-09-30T08:16:26+00:00\" \/>\n<meta property=\"og:image\" content=\"https:\/\/semanasantaferrol.com\/wp-content\/uploads\/2022\/09\/Rosariohori-e1664525000505.jpg\" \/>\n\t<meta property=\"og:image:width\" content=\"998\" \/>\n\t<meta property=\"og:image:height\" content=\"749\" \/>\n\t<meta property=\"og:image:type\" content=\"image\/jpeg\" \/>\n<meta name=\"author\" content=\"pingota\" \/>\n<meta name=\"twitter:card\" content=\"summary_large_image\" \/>\n<meta name=\"twitter:label1\" content=\"Escrito por\" \/>\n\t<meta name=\"twitter:data1\" content=\"pingota\" \/>\n\t<meta name=\"twitter:label2\" content=\"Tempo de lectura\" \/>\n\t<meta name=\"twitter:data2\" content=\"1 minuto\" \/>\n<script type=\"application\/ld+json\" class=\"yoast-schema-graph\">{\"@context\":\"https:\\\/\\\/schema.org\",\"@graph\":[{\"@type\":\"Article\",\"@id\":\"https:\\\/\\\/semanasantaferrol.com\\\/gl\\\/o-santo-enterro-organiza-o-seu-triduo-en-honor-de-nosa-senora-do-rosario\\\/#article\",\"isPartOf\":{\"@id\":\"https:\\\/\\\/semanasantaferrol.com\\\/gl\\\/o-santo-enterro-organiza-o-seu-triduo-en-honor-de-nosa-senora-do-rosario\\\/\"},\"author\":{\"name\":\"pingota\",\"@id\":\"https:\\\/\\\/semanasantaferrol.com\\\/gl\\\/#\\\/schema\\\/person\\\/cdd132690f08f75a35f05e2423e6307c\"},\"headline\":\"O Santo Enterro organiza o seu Triduo en honor de Nosa Se\u00f1ora do Rosario\",\"datePublished\":\"2022-09-30T08:04:57+00:00\",\"dateModified\":\"2022-09-30T08:16:26+00:00\",\"mainEntityOfPage\":{\"@id\":\"https:\\\/\\\/semanasantaferrol.com\\\/gl\\\/o-santo-enterro-organiza-o-seu-triduo-en-honor-de-nosa-senora-do-rosario\\\/\"},\"wordCount\":174,\"commentCount\":0,\"publisher\":{\"@id\":\"https:\\\/\\\/semanasantaferrol.com\\\/gl\\\/#organization\"},\"image\":{\"@id\":\"https:\\\/\\\/semanasantaferrol.com\\\/gl\\\/o-santo-enterro-organiza-o-seu-triduo-en-honor-de-nosa-senora-do-rosario\\\/#primaryimage\"},\"thumbnailUrl\":\"https:\\\/\\\/semanasantaferrol.com\\\/wp-content\\\/uploads\\\/2022\\\/09\\\/Rosariohori-e1664525000505.jpg\",\"articleSection\":[\"Santo Enterro\"],\"inLanguage\":\"gl-ES\",\"potentialAction\":[{\"@type\":\"CommentAction\",\"name\":\"Comment\",\"target\":[\"https:\\\/\\\/semanasantaferrol.com\\\/gl\\\/o-santo-enterro-organiza-o-seu-triduo-en-honor-de-nosa-senora-do-rosario\\\/#respond\"]}]},{\"@type\":\"WebPage\",\"@id\":\"https:\\\/\\\/semanasantaferrol.com\\\/gl\\\/o-santo-enterro-organiza-o-seu-triduo-en-honor-de-nosa-senora-do-rosario\\\/\",\"url\":\"https:\\\/\\\/semanasantaferrol.com\\\/gl\\\/o-santo-enterro-organiza-o-seu-triduo-en-honor-de-nosa-senora-do-rosario\\\/\",\"name\":\"Santo Enterro\",\"isPartOf\":{\"@id\":\"https:\\\/\\\/semanasantaferrol.com\\\/gl\\\/#website\"},\"primaryImageOfPage\":{\"@id\":\"https:\\\/\\\/semanasantaferrol.com\\\/gl\\\/o-santo-enterro-organiza-o-seu-triduo-en-honor-de-nosa-senora-do-rosario\\\/#primaryimage\"},\"image\":{\"@id\":\"https:\\\/\\\/semanasantaferrol.com\\\/gl\\\/o-santo-enterro-organiza-o-seu-triduo-en-honor-de-nosa-senora-do-rosario\\\/#primaryimage\"},\"thumbnailUrl\":\"https:\\\/\\\/semanasantaferrol.com\\\/wp-content\\\/uploads\\\/2022\\\/09\\\/Rosariohori-e1664525000505.jpg\",\"datePublished\":\"2022-09-30T08:04:57+00:00\",\"dateModified\":\"2022-09-30T08:16:26+00:00\",\"description\":\"A irmandade do Santo Enterro celebra os d\u00edas 5, 6 e 7 de outubro o seu Triduo en honor de Nosa Se\u00f1ora do Rosario.\",\"breadcrumb\":{\"@id\":\"https:\\\/\\\/semanasantaferrol.com\\\/gl\\\/o-santo-enterro-organiza-o-seu-triduo-en-honor-de-nosa-senora-do-rosario\\\/#breadcrumb\"},\"inLanguage\":\"gl-ES\",\"potentialAction\":[{\"@type\":\"ReadAction\",\"target\":[\"https:\\\/\\\/semanasantaferrol.com\\\/gl\\\/o-santo-enterro-organiza-o-seu-triduo-en-honor-de-nosa-senora-do-rosario\\\/\"]}]},{\"@type\":\"ImageObject\",\"inLanguage\":\"gl-ES\",\"@id\":\"https:\\\/\\\/semanasantaferrol.com\\\/gl\\\/o-santo-enterro-organiza-o-seu-triduo-en-honor-de-nosa-senora-do-rosario\\\/#primaryimage\",\"url\":\"https:\\\/\\\/semanasantaferrol.com\\\/wp-content\\\/uploads\\\/2022\\\/09\\\/Rosariohori-e1664525000505.jpg\",\"contentUrl\":\"https:\\\/\\\/semanasantaferrol.com\\\/wp-content\\\/uploads\\\/2022\\\/09\\\/Rosariohori-e1664525000505.jpg\",\"width\":998,\"height\":749,\"caption\":\"Rosario\"},{\"@type\":\"BreadcrumbList\",\"@id\":\"https:\\\/\\\/semanasantaferrol.com\\\/gl\\\/o-santo-enterro-organiza-o-seu-triduo-en-honor-de-nosa-senora-do-rosario\\\/#breadcrumb\",\"itemListElement\":[{\"@type\":\"ListItem\",\"position\":1,\"name\":\"Portada\",\"item\":\"https:\\\/\\\/semanasantaferrol.com\\\/gl\\\/\"},{\"@type\":\"ListItem\",\"position\":2,\"name\":\"O Santo Enterro organiza o seu Triduo en honor de Nosa Se\u00f1ora do Rosario\"}]},{\"@type\":\"WebSite\",\"@id\":\"https:\\\/\\\/semanasantaferrol.com\\\/gl\\\/#website\",\"url\":\"https:\\\/\\\/semanasantaferrol.com\\\/gl\\\/\",\"name\":\"Junta General de Cofrad\u00edas y Hermandades\",\"description\":\"Semana Santa de Ferrol\",\"publisher\":{\"@id\":\"https:\\\/\\\/semanasantaferrol.com\\\/gl\\\/#organization\"},\"alternateName\":\"Semana Santa de Ferrol\",\"potentialAction\":[{\"@type\":\"SearchAction\",\"target\":{\"@type\":\"EntryPoint\",\"urlTemplate\":\"https:\\\/\\\/semanasantaferrol.com\\\/gl\\\/?s={search_term_string}\"},\"query-input\":{\"@type\":\"PropertyValueSpecification\",\"valueRequired\":true,\"valueName\":\"search_term_string\"}}],\"inLanguage\":\"gl-ES\"},{\"@type\":\"Organization\",\"@id\":\"https:\\\/\\\/semanasantaferrol.com\\\/gl\\\/#organization\",\"name\":\"Junta General de Cofrad\u00edas y Hermandades de la Semana Santa de Ferrol\",\"alternateName\":\"Junta de Cofrad\u00edas de la Semana Santa de Ferrol\",\"url\":\"https:\\\/\\\/semanasantaferrol.com\\\/gl\\\/\",\"logo\":{\"@type\":\"ImageObject\",\"inLanguage\":\"gl-ES\",\"@id\":\"https:\\\/\\\/semanasantaferrol.com\\\/gl\\\/#\\\/schema\\\/logo\\\/image\\\/\",\"url\":\"https:\\\/\\\/semanasantaferrol.com\\\/wp-content\\\/uploads\\\/2022\\\/10\\\/junta_general_logo.svg\",\"contentUrl\":\"https:\\\/\\\/semanasantaferrol.com\\\/wp-content\\\/uploads\\\/2022\\\/10\\\/junta_general_logo.svg\",\"width\":600,\"height\":790,\"caption\":\"Junta General de Cofrad\u00edas y Hermandades de la Semana Santa de Ferrol\"},\"image\":{\"@id\":\"https:\\\/\\\/semanasantaferrol.com\\\/gl\\\/#\\\/schema\\\/logo\\\/image\\\/\"},\"sameAs\":[\"https:\\\/\\\/www.facebook.com\\\/Juntageneraldecofradias\\\/\",\"https:\\\/\\\/www.instagram.com\\\/juntageneralcofradiasferrol\\\/\",\"https:\\\/\\\/www.youtube.com\\\/@semanasantadeferrol1616\",\"https:\\\/\\\/www.tiktok.com\\\/@semanasantadeferrol\"]},{\"@type\":\"Person\",\"@id\":\"https:\\\/\\\/semanasantaferrol.com\\\/gl\\\/#\\\/schema\\\/person\\\/cdd132690f08f75a35f05e2423e6307c\",\"name\":\"pingota\",\"image\":{\"@type\":\"ImageObject\",\"inLanguage\":\"gl-ES\",\"@id\":\"https:\\\/\\\/secure.gravatar.com\\\/avatar\\\/b1bb79ecdfb8d6f4c44a82262f8b422faeb290304fc5c6f8b9b4305bfaa2853c?s=96&d=mm&r=g\",\"url\":\"https:\\\/\\\/secure.gravatar.com\\\/avatar\\\/b1bb79ecdfb8d6f4c44a82262f8b422faeb290304fc5c6f8b9b4305bfaa2853c?s=96&d=mm&r=g\",\"contentUrl\":\"https:\\\/\\\/secure.gravatar.com\\\/avatar\\\/b1bb79ecdfb8d6f4c44a82262f8b422faeb290304fc5c6f8b9b4305bfaa2853c?s=96&d=mm&r=g\",\"caption\":\"pingota\"},\"url\":\"https:\\\/\\\/semanasantaferrol.com\\\/gl\"}]}<\/script>\n<!-- \/ Yoast SEO plugin. -->","yoast_head_json":{"title":"Santo Enterro","description":"A irmandade do Santo Enterro celebra os d\u00edas 5, 6 e 7 de outubro o seu Triduo en honor de Nosa Se\u00f1ora do Rosario.","robots":{"index":"index","follow":"follow","max-snippet":"max-snippet:-1","max-image-preview":"max-image-preview:large","max-video-preview":"max-video-preview:-1"},"canonical":"https:\/\/semanasantaferrol.com\/gl\/o-santo-enterro-organiza-o-seu-triduo-en-honor-de-nosa-senora-do-rosario\/","og_locale":"gl_ES","og_type":"article","og_title":"Santo Enterro","og_description":"A irmandade do Santo Enterro celebra os d\u00edas 5, 6 e 7 de outubro o seu Triduo en honor de Nosa Se\u00f1ora do Rosario.","og_url":"https:\/\/semanasantaferrol.com\/gl\/o-santo-enterro-organiza-o-seu-triduo-en-honor-de-nosa-senora-do-rosario\/","og_site_name":"Junta General de Cofrad\u00edas y Hermandades","article_publisher":"https:\/\/www.facebook.com\/Juntageneraldecofradias\/","article_published_time":"2022-09-30T08:04:57+00:00","article_modified_time":"2022-09-30T08:16:26+00:00","og_image":[{"width":998,"height":749,"url":"https:\/\/semanasantaferrol.com\/wp-content\/uploads\/2022\/09\/Rosariohori-e1664525000505.jpg","type":"image\/jpeg"}],"author":"pingota","twitter_card":"summary_large_image","twitter_misc":{"Escrito por":"pingota","Tempo de lectura":"1 minuto"},"schema":{"@context":"https:\/\/schema.org","@graph":[{"@type":"Article","@id":"https:\/\/semanasantaferrol.com\/gl\/o-santo-enterro-organiza-o-seu-triduo-en-honor-de-nosa-senora-do-rosario\/#article","isPartOf":{"@id":"https:\/\/semanasantaferrol.com\/gl\/o-santo-enterro-organiza-o-seu-triduo-en-honor-de-nosa-senora-do-rosario\/"},"author":{"name":"pingota","@id":"https:\/\/semanasantaferrol.com\/gl\/#\/schema\/person\/cdd132690f08f75a35f05e2423e6307c"},"headline":"O Santo Enterro organiza o seu Triduo en honor de Nosa Se\u00f1ora do Rosario","datePublished":"2022-09-30T08:04:57+00:00","dateModified":"2022-09-30T08:16:26+00:00","mainEntityOfPage":{"@id":"https:\/\/semanasantaferrol.com\/gl\/o-santo-enterro-organiza-o-seu-triduo-en-honor-de-nosa-senora-do-rosario\/"},"wordCount":174,"commentCount":0,"publisher":{"@id":"https:\/\/semanasantaferrol.com\/gl\/#organization"},"image":{"@id":"https:\/\/semanasantaferrol.com\/gl\/o-santo-enterro-organiza-o-seu-triduo-en-honor-de-nosa-senora-do-rosario\/#primaryimage"},"thumbnailUrl":"https:\/\/semanasantaferrol.com\/wp-content\/uploads\/2022\/09\/Rosariohori-e1664525000505.jpg","articleSection":["Santo Enterro"],"inLanguage":"gl-ES","potentialAction":[{"@type":"CommentAction","name":"Comment","target":["https:\/\/semanasantaferrol.com\/gl\/o-santo-enterro-organiza-o-seu-triduo-en-honor-de-nosa-senora-do-rosario\/#respond"]}]},{"@type":"WebPage","@id":"https:\/\/semanasantaferrol.com\/gl\/o-santo-enterro-organiza-o-seu-triduo-en-honor-de-nosa-senora-do-rosario\/","url":"https:\/\/semanasantaferrol.com\/gl\/o-santo-enterro-organiza-o-seu-triduo-en-honor-de-nosa-senora-do-rosario\/","name":"Santo Enterro","isPartOf":{"@id":"https:\/\/semanasantaferrol.com\/gl\/#website"},"primaryImageOfPage":{"@id":"https:\/\/semanasantaferrol.com\/gl\/o-santo-enterro-organiza-o-seu-triduo-en-honor-de-nosa-senora-do-rosario\/#primaryimage"},"image":{"@id":"https:\/\/semanasantaferrol.com\/gl\/o-santo-enterro-organiza-o-seu-triduo-en-honor-de-nosa-senora-do-rosario\/#primaryimage"},"thumbnailUrl":"https:\/\/semanasantaferrol.com\/wp-content\/uploads\/2022\/09\/Rosariohori-e1664525000505.jpg","datePublished":"2022-09-30T08:04:57+00:00","dateModified":"2022-09-30T08:16:26+00:00","description":"A irmandade do Santo Enterro celebra os d\u00edas 5, 6 e 7 de outubro o seu Triduo en honor de Nosa Se\u00f1ora do Rosario.","breadcrumb":{"@id":"https:\/\/semanasantaferrol.com\/gl\/o-santo-enterro-organiza-o-seu-triduo-en-honor-de-nosa-senora-do-rosario\/#breadcrumb"},"inLanguage":"gl-ES","potentialAction":[{"@type":"ReadAction","target":["https:\/\/semanasantaferrol.com\/gl\/o-santo-enterro-organiza-o-seu-triduo-en-honor-de-nosa-senora-do-rosario\/"]}]},{"@type":"ImageObject","inLanguage":"gl-ES","@id":"https:\/\/semanasantaferrol.com\/gl\/o-santo-enterro-organiza-o-seu-triduo-en-honor-de-nosa-senora-do-rosario\/#primaryimage","url":"https:\/\/semanasantaferrol.com\/wp-content\/uploads\/2022\/09\/Rosariohori-e1664525000505.jpg","contentUrl":"https:\/\/semanasantaferrol.com\/wp-content\/uploads\/2022\/09\/Rosariohori-e1664525000505.jpg","width":998,"height":749,"caption":"Rosario"},{"@type":"BreadcrumbList","@id":"https:\/\/semanasantaferrol.com\/gl\/o-santo-enterro-organiza-o-seu-triduo-en-honor-de-nosa-senora-do-rosario\/#breadcrumb","itemListElement":[{"@type":"ListItem","position":1,"name":"Portada","item":"https:\/\/semanasantaferrol.com\/gl\/"},{"@type":"ListItem","position":2,"name":"O Santo Enterro organiza o seu Triduo en honor de Nosa Se\u00f1ora do Rosario"}]},{"@type":"WebSite","@id":"https:\/\/semanasantaferrol.com\/gl\/#website","url":"https:\/\/semanasantaferrol.com\/gl\/","name":"Junta General de Cofrad\u00edas y Hermandades","description":"Semana Santa de Ferrol","publisher":{"@id":"https:\/\/semanasantaferrol.com\/gl\/#organization"},"alternateName":"Semana Santa de Ferrol","potentialAction":[{"@type":"SearchAction","target":{"@type":"EntryPoint","urlTemplate":"https:\/\/semanasantaferrol.com\/gl\/?s={search_term_string}"},"query-input":{"@type":"PropertyValueSpecification","valueRequired":true,"valueName":"search_term_string"}}],"inLanguage":"gl-ES"},{"@type":"Organization","@id":"https:\/\/semanasantaferrol.com\/gl\/#organization","name":"Junta General de Cofrad\u00edas y Hermandades de la Semana Santa de Ferrol","alternateName":"Junta de Cofrad\u00edas de la Semana Santa de Ferrol","url":"https:\/\/semanasantaferrol.com\/gl\/","logo":{"@type":"ImageObject","inLanguage":"gl-ES","@id":"https:\/\/semanasantaferrol.com\/gl\/#\/schema\/logo\/image\/","url":"https:\/\/semanasantaferrol.com\/wp-content\/uploads\/2022\/10\/junta_general_logo.svg","contentUrl":"https:\/\/semanasantaferrol.com\/wp-content\/uploads\/2022\/10\/junta_general_logo.svg","width":600,"height":790,"caption":"Junta General de Cofrad\u00edas y Hermandades de la Semana Santa de Ferrol"},"image":{"@id":"https:\/\/semanasantaferrol.com\/gl\/#\/schema\/logo\/image\/"},"sameAs":["https:\/\/www.facebook.com\/Juntageneraldecofradias\/","https:\/\/www.instagram.com\/juntageneralcofradiasferrol\/","https:\/\/www.youtube.com\/@semanasantadeferrol1616","https:\/\/www.tiktok.com\/@semanasantadeferrol"]},{"@type":"Person","@id":"https:\/\/semanasantaferrol.com\/gl\/#\/schema\/person\/cdd132690f08f75a35f05e2423e6307c","name":"pingota","image":{"@type":"ImageObject","inLanguage":"gl-ES","@id":"https:\/\/secure.gravatar.com\/avatar\/b1bb79ecdfb8d6f4c44a82262f8b422faeb290304fc5c6f8b9b4305bfaa2853c?s=96&d=mm&r=g","url":"https:\/\/secure.gravatar.com\/avatar\/b1bb79ecdfb8d6f4c44a82262f8b422faeb290304fc5c6f8b9b4305bfaa2853c?s=96&d=mm&r=g","contentUrl":"https:\/\/secure.gravatar.com\/avatar\/b1bb79ecdfb8d6f4c44a82262f8b422faeb290304fc5c6f8b9b4305bfaa2853c?s=96&d=mm&r=g","caption":"pingota"},"url":"https:\/\/semanasantaferrol.com\/gl"}]}},"_links":{"self":[{"href":"https:\/\/semanasantaferrol.com\/gl\/wp-json\/wp\/v2\/posts\/4339","targetHints":{"allow":["GET"]}}],"collection":[{"href":"https:\/\/semanasantaferrol.com\/gl\/wp-json\/wp\/v2\/posts"}],"about":[{"href":"https:\/\/semanasantaferrol.com\/gl\/wp-json\/wp\/v2\/types\/post"}],"author":[{"embeddable":true,"href":"https:\/\/semanasantaferrol.com\/gl\/wp-json\/wp\/v2\/users\/3"}],"replies":[{"embeddable":true,"href":"https:\/\/semanasantaferrol.com\/gl\/wp-json\/wp\/v2\/comments?post=4339"}],"version-history":[{"count":2,"href":"https:\/\/semanasantaferrol.com\/gl\/wp-json\/wp\/v2\/posts\/4339\/revisions"}],"predecessor-version":[{"id":4343,"href":"https:\/\/semanasantaferrol.com\/gl\/wp-json\/wp\/v2\/posts\/4339\/revisions\/4343"}],"wp:featuredmedia":[{"embeddable":true,"href":"https:\/\/semanasantaferrol.com\/gl\/wp-json\/wp\/v2\/media\/4335"}],"wp:attachment":[{"href":"https:\/\/semanasantaferrol.com\/gl\/wp-json\/wp\/v2\/media?parent=4339"}],"wp:term":[{"taxonomy":"category","embeddable":true,"href":"https:\/\/semanasantaferrol.com\/gl\/wp-json\/wp\/v2\/categories?post=4339"},{"taxonomy":"post_tag","embeddable":true,"href":"https:\/\/semanasantaferrol.com\/gl\/wp-json\/wp\/v2\/tags?post=4339"}],"curies":[{"name":"wp","href":"https:\/\/api.w.org\/{rel}","templated":true}]}}