{"id":4330,"date":"2022-09-29T11:00:37","date_gmt":"2022-09-29T11:00:37","guid":{"rendered":"https:\/\/semanasantaferrol.com\/ramon-loureiro-sera-o-pregoeiro-da-semana-santa-de-ferrol-2023\/"},"modified":"2022-09-29T11:00:37","modified_gmt":"2022-09-29T11:00:37","slug":"ramon-loureiro-sera-o-pregoeiro-da-semana-santa-de-ferrol-2023","status":"publish","type":"post","link":"https:\/\/semanasantaferrol.com\/gl\/ramon-loureiro-sera-o-pregoeiro-da-semana-santa-de-ferrol-2023\/","title":{"rendered":"Ram\u00f3n Loureiro ser\u00e1 o pregoeiro da Semana Santa de Ferrol 2023"},"content":{"rendered":"<p>O escritor, xornalista e fotodocumentalista Ram\u00f3n Loureiro (Fene, 1965) ser\u00e1 en 2023 o pregoeiro da Semana Santa de Ferrol. A Xunta de Confrar\u00edas e Irmandades confioulle a este narrador portentoso -que v\u00e9n de recibir este ano a homenaxe do Club de Prensa polos seus 25 anos de literatura, 35 de xornalismo e toda unha vida de escritura- o anuncio das procesi\u00f3ns que ter\u00e1n lugar do 2 ao 9 de abril. O teatro Jofre voltar\u00e1 acoller este importante acto o d\u00eda 25 de marzo.<\/p>\n<p>Ram\u00f3n Loureiro \u00e9 creador dun universo literario \u00fanico que vive no que \u00e9l denominou a terra de Escandoi ou a \u00faltima Breta\u00f1a, cuxo centro est\u00e1 na s\u00faa parroquia de Sillobre e que \u00e9 herdeiro directo das historias que contaban as s\u00faas tres avoas \u2013a nai morreu cando era neno, e dito papel exerc\u00e9rono a madri\u00f1a Carme e a s\u00faa nai, m\u00e1is a avoa por parte de pai-. A s\u00faa obra novel\u00edstica comezou coa publicaci\u00f3n de \u201cMorgado\u201d (1997), e continuou con \u201cO coraz\u00f3n portugu\u00e9s\u201d (2000) e \u201cAs galeras de Normand\u00eda\u201d (2006), que foi considerada pola cr\u00edtica unha obra mestra.<\/p>\n<p>Na homenaxe que lle dedicou o Club de Prensa este ano, e que se desenvolveu nun acto ateigado de p\u00fablico na Sala Carlos III de Exponav, dic\u00eda o autor que o seu devezo \u00e9 \u201ctratar de vivir cos ollos abertos e dar testemu\u00f1o do que vexo. Contar a verdade, que \u00e9 un costume que se est\u00e1 perdendo. Tanto a realidade dos feitos como a dos so\u00f1os, que \u00e9 unha realidade m\u00e1is \u00e1 que se chega maiormente a trav\u00e9s do coraz\u00f3n\u201d. Nese contar a verdade est\u00e1 tam\u00e9n a s\u00faa traxectoria xornal\u00edstica, que desenvolveu no xornal La Voz de Galicia e na que sempre prestou atenci\u00f3n ao acontecer na Di\u00f3cese Mondo\u00f1edo-Ferrol.<\/p>\n<p>\u00c9 acad\u00e9mico de n\u00famero da Real e Pontificia Academia Auriense Mindoniense de San Rosendo e conta cos premios Julio Camba de xornalismo, e os literarios Julio Camba e Caminhos da Memoria \u2013este \u00faltimo concedido pola Universidade de Minho-.<\/p>\n<p><strong>Fotograf\u00eda: Gala Santalla<\/strong><\/p>\n","protected":false},"excerpt":{"rendered":"<p>O escritor, xornalista e fotodocumentalista Ram\u00f3n Loureiro (Fene, 1965) ser\u00e1 en 2023 o pregoeiro da Semana Santa de Ferrol. A Xunta de Confrar\u00edas e Irmandades confioulle a este narrador portentoso -que v\u00e9n de recibir este ano a homenaxe do Club de Prensa polos seus 25 anos de literatura, 35 de xornalismo e toda unha vida [&hellip;]<\/p>\n","protected":false},"author":3,"featured_media":4325,"comment_status":"open","ping_status":"open","sticky":false,"template":"","format":"standard","meta":{"footnotes":""},"categories":[39],"tags":[46],"class_list":["post-4330","post","type-post","status-publish","format-standard","has-post-thumbnail","hentry","category-xunta","tag-pregon"],"yoast_head":"<!-- This site is optimized with the Yoast SEO plugin v27.5 - https:\/\/yoast.com\/product\/yoast-seo-wordpress\/ -->\n<title>Ram\u00f3n Loureiro ser\u00e1 o pregoeiro da Semana Santa de Ferrol 2023 - Junta General de Cofrad\u00edas y Hermandades<\/title>\n<meta name=\"robots\" content=\"index, follow, max-snippet:-1, max-image-preview:large, max-video-preview:-1\" \/>\n<link rel=\"canonical\" href=\"https:\/\/semanasantaferrol.com\/gl\/ramon-loureiro-sera-o-pregoeiro-da-semana-santa-de-ferrol-2023\/\" \/>\n<meta property=\"og:locale\" content=\"gl_ES\" \/>\n<meta property=\"og:type\" content=\"article\" \/>\n<meta property=\"og:title\" content=\"Ram\u00f3n Loureiro ser\u00e1 o pregoeiro da Semana Santa de Ferrol 2023 - Junta General de Cofrad\u00edas y Hermandades\" \/>\n<meta property=\"og:description\" content=\"O escritor, xornalista e fotodocumentalista Ram\u00f3n Loureiro (Fene, 1965) ser\u00e1 en 2023 o pregoeiro da Semana Santa de Ferrol. A Xunta de Confrar\u00edas e Irmandades confioulle a este narrador portentoso -que v\u00e9n de recibir este ano a homenaxe do Club de Prensa polos seus 25 anos de literatura, 35 de xornalismo e toda unha vida [&hellip;]\" \/>\n<meta property=\"og:url\" content=\"https:\/\/semanasantaferrol.com\/gl\/ramon-loureiro-sera-o-pregoeiro-da-semana-santa-de-ferrol-2023\/\" \/>\n<meta property=\"og:site_name\" content=\"Junta General de Cofrad\u00edas y Hermandades\" \/>\n<meta property=\"article:publisher\" content=\"https:\/\/www.facebook.com\/Juntageneraldecofradias\/\" \/>\n<meta property=\"article:published_time\" content=\"2022-09-29T11:00:37+00:00\" \/>\n<meta property=\"og:image\" content=\"https:\/\/semanasantaferrol.com\/wp-content\/uploads\/2022\/09\/DSC_8328-scaled.jpg\" \/>\n\t<meta property=\"og:image:width\" content=\"2560\" \/>\n\t<meta property=\"og:image:height\" content=\"1830\" \/>\n\t<meta property=\"og:image:type\" content=\"image\/jpeg\" \/>\n<meta name=\"author\" content=\"pingota\" \/>\n<meta name=\"twitter:card\" content=\"summary_large_image\" \/>\n<meta name=\"twitter:label1\" content=\"Escrito por\" \/>\n\t<meta name=\"twitter:data1\" content=\"pingota\" \/>\n\t<meta name=\"twitter:label2\" content=\"Tempo de lectura\" \/>\n\t<meta name=\"twitter:data2\" content=\"2 minutos\" \/>\n<script type=\"application\/ld+json\" class=\"yoast-schema-graph\">{\"@context\":\"https:\\\/\\\/schema.org\",\"@graph\":[{\"@type\":\"Article\",\"@id\":\"https:\\\/\\\/semanasantaferrol.com\\\/gl\\\/ramon-loureiro-sera-o-pregoeiro-da-semana-santa-de-ferrol-2023\\\/#article\",\"isPartOf\":{\"@id\":\"https:\\\/\\\/semanasantaferrol.com\\\/gl\\\/ramon-loureiro-sera-o-pregoeiro-da-semana-santa-de-ferrol-2023\\\/\"},\"author\":{\"name\":\"pingota\",\"@id\":\"https:\\\/\\\/semanasantaferrol.com\\\/gl\\\/#\\\/schema\\\/person\\\/cdd132690f08f75a35f05e2423e6307c\"},\"headline\":\"Ram\u00f3n Loureiro ser\u00e1 o pregoeiro da Semana Santa de Ferrol 2023\",\"datePublished\":\"2022-09-29T11:00:37+00:00\",\"mainEntityOfPage\":{\"@id\":\"https:\\\/\\\/semanasantaferrol.com\\\/gl\\\/ramon-loureiro-sera-o-pregoeiro-da-semana-santa-de-ferrol-2023\\\/\"},\"wordCount\":362,\"commentCount\":0,\"publisher\":{\"@id\":\"https:\\\/\\\/semanasantaferrol.com\\\/gl\\\/#organization\"},\"image\":{\"@id\":\"https:\\\/\\\/semanasantaferrol.com\\\/gl\\\/ramon-loureiro-sera-o-pregoeiro-da-semana-santa-de-ferrol-2023\\\/#primaryimage\"},\"thumbnailUrl\":\"https:\\\/\\\/semanasantaferrol.com\\\/wp-content\\\/uploads\\\/2022\\\/09\\\/DSC_8328-scaled.jpg\",\"keywords\":[\"preg\u00f3n\"],\"articleSection\":[\"Xunta\"],\"inLanguage\":\"gl-ES\",\"potentialAction\":[{\"@type\":\"CommentAction\",\"name\":\"Comment\",\"target\":[\"https:\\\/\\\/semanasantaferrol.com\\\/gl\\\/ramon-loureiro-sera-o-pregoeiro-da-semana-santa-de-ferrol-2023\\\/#respond\"]}]},{\"@type\":\"WebPage\",\"@id\":\"https:\\\/\\\/semanasantaferrol.com\\\/gl\\\/ramon-loureiro-sera-o-pregoeiro-da-semana-santa-de-ferrol-2023\\\/\",\"url\":\"https:\\\/\\\/semanasantaferrol.com\\\/gl\\\/ramon-loureiro-sera-o-pregoeiro-da-semana-santa-de-ferrol-2023\\\/\",\"name\":\"Ram\u00f3n Loureiro ser\u00e1 o pregoeiro da Semana Santa de Ferrol 2023 - Junta General de Cofrad\u00edas y Hermandades\",\"isPartOf\":{\"@id\":\"https:\\\/\\\/semanasantaferrol.com\\\/gl\\\/#website\"},\"primaryImageOfPage\":{\"@id\":\"https:\\\/\\\/semanasantaferrol.com\\\/gl\\\/ramon-loureiro-sera-o-pregoeiro-da-semana-santa-de-ferrol-2023\\\/#primaryimage\"},\"image\":{\"@id\":\"https:\\\/\\\/semanasantaferrol.com\\\/gl\\\/ramon-loureiro-sera-o-pregoeiro-da-semana-santa-de-ferrol-2023\\\/#primaryimage\"},\"thumbnailUrl\":\"https:\\\/\\\/semanasantaferrol.com\\\/wp-content\\\/uploads\\\/2022\\\/09\\\/DSC_8328-scaled.jpg\",\"datePublished\":\"2022-09-29T11:00:37+00:00\",\"breadcrumb\":{\"@id\":\"https:\\\/\\\/semanasantaferrol.com\\\/gl\\\/ramon-loureiro-sera-o-pregoeiro-da-semana-santa-de-ferrol-2023\\\/#breadcrumb\"},\"inLanguage\":\"gl-ES\",\"potentialAction\":[{\"@type\":\"ReadAction\",\"target\":[\"https:\\\/\\\/semanasantaferrol.com\\\/gl\\\/ramon-loureiro-sera-o-pregoeiro-da-semana-santa-de-ferrol-2023\\\/\"]}]},{\"@type\":\"ImageObject\",\"inLanguage\":\"gl-ES\",\"@id\":\"https:\\\/\\\/semanasantaferrol.com\\\/gl\\\/ramon-loureiro-sera-o-pregoeiro-da-semana-santa-de-ferrol-2023\\\/#primaryimage\",\"url\":\"https:\\\/\\\/semanasantaferrol.com\\\/wp-content\\\/uploads\\\/2022\\\/09\\\/DSC_8328-scaled.jpg\",\"contentUrl\":\"https:\\\/\\\/semanasantaferrol.com\\\/wp-content\\\/uploads\\\/2022\\\/09\\\/DSC_8328-scaled.jpg\",\"width\":2560,\"height\":1830},{\"@type\":\"BreadcrumbList\",\"@id\":\"https:\\\/\\\/semanasantaferrol.com\\\/gl\\\/ramon-loureiro-sera-o-pregoeiro-da-semana-santa-de-ferrol-2023\\\/#breadcrumb\",\"itemListElement\":[{\"@type\":\"ListItem\",\"position\":1,\"name\":\"Portada\",\"item\":\"https:\\\/\\\/semanasantaferrol.com\\\/gl\\\/\"},{\"@type\":\"ListItem\",\"position\":2,\"name\":\"Ram\u00f3n Loureiro ser\u00e1 o pregoeiro da Semana Santa de Ferrol 2023\"}]},{\"@type\":\"WebSite\",\"@id\":\"https:\\\/\\\/semanasantaferrol.com\\\/gl\\\/#website\",\"url\":\"https:\\\/\\\/semanasantaferrol.com\\\/gl\\\/\",\"name\":\"Junta General de Cofrad\u00edas y Hermandades\",\"description\":\"Semana Santa de Ferrol\",\"publisher\":{\"@id\":\"https:\\\/\\\/semanasantaferrol.com\\\/gl\\\/#organization\"},\"alternateName\":\"Semana Santa de Ferrol\",\"potentialAction\":[{\"@type\":\"SearchAction\",\"target\":{\"@type\":\"EntryPoint\",\"urlTemplate\":\"https:\\\/\\\/semanasantaferrol.com\\\/gl\\\/?s={search_term_string}\"},\"query-input\":{\"@type\":\"PropertyValueSpecification\",\"valueRequired\":true,\"valueName\":\"search_term_string\"}}],\"inLanguage\":\"gl-ES\"},{\"@type\":\"Organization\",\"@id\":\"https:\\\/\\\/semanasantaferrol.com\\\/gl\\\/#organization\",\"name\":\"Junta General de Cofrad\u00edas y Hermandades de la Semana Santa de Ferrol\",\"alternateName\":\"Junta de Cofrad\u00edas de la Semana Santa de Ferrol\",\"url\":\"https:\\\/\\\/semanasantaferrol.com\\\/gl\\\/\",\"logo\":{\"@type\":\"ImageObject\",\"inLanguage\":\"gl-ES\",\"@id\":\"https:\\\/\\\/semanasantaferrol.com\\\/gl\\\/#\\\/schema\\\/logo\\\/image\\\/\",\"url\":\"https:\\\/\\\/semanasantaferrol.com\\\/wp-content\\\/uploads\\\/2022\\\/10\\\/junta_general_logo.svg\",\"contentUrl\":\"https:\\\/\\\/semanasantaferrol.com\\\/wp-content\\\/uploads\\\/2022\\\/10\\\/junta_general_logo.svg\",\"width\":600,\"height\":790,\"caption\":\"Junta General de Cofrad\u00edas y Hermandades de la Semana Santa de Ferrol\"},\"image\":{\"@id\":\"https:\\\/\\\/semanasantaferrol.com\\\/gl\\\/#\\\/schema\\\/logo\\\/image\\\/\"},\"sameAs\":[\"https:\\\/\\\/www.facebook.com\\\/Juntageneraldecofradias\\\/\",\"https:\\\/\\\/www.instagram.com\\\/juntageneralcofradiasferrol\\\/\",\"https:\\\/\\\/www.youtube.com\\\/@semanasantadeferrol1616\",\"https:\\\/\\\/www.tiktok.com\\\/@semanasantadeferrol\"]},{\"@type\":\"Person\",\"@id\":\"https:\\\/\\\/semanasantaferrol.com\\\/gl\\\/#\\\/schema\\\/person\\\/cdd132690f08f75a35f05e2423e6307c\",\"name\":\"pingota\",\"image\":{\"@type\":\"ImageObject\",\"inLanguage\":\"gl-ES\",\"@id\":\"https:\\\/\\\/secure.gravatar.com\\\/avatar\\\/b1bb79ecdfb8d6f4c44a82262f8b422faeb290304fc5c6f8b9b4305bfaa2853c?s=96&d=mm&r=g\",\"url\":\"https:\\\/\\\/secure.gravatar.com\\\/avatar\\\/b1bb79ecdfb8d6f4c44a82262f8b422faeb290304fc5c6f8b9b4305bfaa2853c?s=96&d=mm&r=g\",\"contentUrl\":\"https:\\\/\\\/secure.gravatar.com\\\/avatar\\\/b1bb79ecdfb8d6f4c44a82262f8b422faeb290304fc5c6f8b9b4305bfaa2853c?s=96&d=mm&r=g\",\"caption\":\"pingota\"},\"url\":\"https:\\\/\\\/semanasantaferrol.com\\\/gl\"}]}<\/script>\n<!-- \/ Yoast SEO plugin. -->","yoast_head_json":{"title":"Ram\u00f3n Loureiro ser\u00e1 o pregoeiro da Semana Santa de Ferrol 2023 - Junta General de Cofrad\u00edas y Hermandades","robots":{"index":"index","follow":"follow","max-snippet":"max-snippet:-1","max-image-preview":"max-image-preview:large","max-video-preview":"max-video-preview:-1"},"canonical":"https:\/\/semanasantaferrol.com\/gl\/ramon-loureiro-sera-o-pregoeiro-da-semana-santa-de-ferrol-2023\/","og_locale":"gl_ES","og_type":"article","og_title":"Ram\u00f3n Loureiro ser\u00e1 o pregoeiro da Semana Santa de Ferrol 2023 - Junta General de Cofrad\u00edas y Hermandades","og_description":"O escritor, xornalista e fotodocumentalista Ram\u00f3n Loureiro (Fene, 1965) ser\u00e1 en 2023 o pregoeiro da Semana Santa de Ferrol. A Xunta de Confrar\u00edas e Irmandades confioulle a este narrador portentoso -que v\u00e9n de recibir este ano a homenaxe do Club de Prensa polos seus 25 anos de literatura, 35 de xornalismo e toda unha vida [&hellip;]","og_url":"https:\/\/semanasantaferrol.com\/gl\/ramon-loureiro-sera-o-pregoeiro-da-semana-santa-de-ferrol-2023\/","og_site_name":"Junta General de Cofrad\u00edas y Hermandades","article_publisher":"https:\/\/www.facebook.com\/Juntageneraldecofradias\/","article_published_time":"2022-09-29T11:00:37+00:00","og_image":[{"width":2560,"height":1830,"url":"https:\/\/semanasantaferrol.com\/wp-content\/uploads\/2022\/09\/DSC_8328-scaled.jpg","type":"image\/jpeg"}],"author":"pingota","twitter_card":"summary_large_image","twitter_misc":{"Escrito por":"pingota","Tempo de lectura":"2 minutos"},"schema":{"@context":"https:\/\/schema.org","@graph":[{"@type":"Article","@id":"https:\/\/semanasantaferrol.com\/gl\/ramon-loureiro-sera-o-pregoeiro-da-semana-santa-de-ferrol-2023\/#article","isPartOf":{"@id":"https:\/\/semanasantaferrol.com\/gl\/ramon-loureiro-sera-o-pregoeiro-da-semana-santa-de-ferrol-2023\/"},"author":{"name":"pingota","@id":"https:\/\/semanasantaferrol.com\/gl\/#\/schema\/person\/cdd132690f08f75a35f05e2423e6307c"},"headline":"Ram\u00f3n Loureiro ser\u00e1 o pregoeiro da Semana Santa de Ferrol 2023","datePublished":"2022-09-29T11:00:37+00:00","mainEntityOfPage":{"@id":"https:\/\/semanasantaferrol.com\/gl\/ramon-loureiro-sera-o-pregoeiro-da-semana-santa-de-ferrol-2023\/"},"wordCount":362,"commentCount":0,"publisher":{"@id":"https:\/\/semanasantaferrol.com\/gl\/#organization"},"image":{"@id":"https:\/\/semanasantaferrol.com\/gl\/ramon-loureiro-sera-o-pregoeiro-da-semana-santa-de-ferrol-2023\/#primaryimage"},"thumbnailUrl":"https:\/\/semanasantaferrol.com\/wp-content\/uploads\/2022\/09\/DSC_8328-scaled.jpg","keywords":["preg\u00f3n"],"articleSection":["Xunta"],"inLanguage":"gl-ES","potentialAction":[{"@type":"CommentAction","name":"Comment","target":["https:\/\/semanasantaferrol.com\/gl\/ramon-loureiro-sera-o-pregoeiro-da-semana-santa-de-ferrol-2023\/#respond"]}]},{"@type":"WebPage","@id":"https:\/\/semanasantaferrol.com\/gl\/ramon-loureiro-sera-o-pregoeiro-da-semana-santa-de-ferrol-2023\/","url":"https:\/\/semanasantaferrol.com\/gl\/ramon-loureiro-sera-o-pregoeiro-da-semana-santa-de-ferrol-2023\/","name":"Ram\u00f3n Loureiro ser\u00e1 o pregoeiro da Semana Santa de Ferrol 2023 - Junta General de Cofrad\u00edas y Hermandades","isPartOf":{"@id":"https:\/\/semanasantaferrol.com\/gl\/#website"},"primaryImageOfPage":{"@id":"https:\/\/semanasantaferrol.com\/gl\/ramon-loureiro-sera-o-pregoeiro-da-semana-santa-de-ferrol-2023\/#primaryimage"},"image":{"@id":"https:\/\/semanasantaferrol.com\/gl\/ramon-loureiro-sera-o-pregoeiro-da-semana-santa-de-ferrol-2023\/#primaryimage"},"thumbnailUrl":"https:\/\/semanasantaferrol.com\/wp-content\/uploads\/2022\/09\/DSC_8328-scaled.jpg","datePublished":"2022-09-29T11:00:37+00:00","breadcrumb":{"@id":"https:\/\/semanasantaferrol.com\/gl\/ramon-loureiro-sera-o-pregoeiro-da-semana-santa-de-ferrol-2023\/#breadcrumb"},"inLanguage":"gl-ES","potentialAction":[{"@type":"ReadAction","target":["https:\/\/semanasantaferrol.com\/gl\/ramon-loureiro-sera-o-pregoeiro-da-semana-santa-de-ferrol-2023\/"]}]},{"@type":"ImageObject","inLanguage":"gl-ES","@id":"https:\/\/semanasantaferrol.com\/gl\/ramon-loureiro-sera-o-pregoeiro-da-semana-santa-de-ferrol-2023\/#primaryimage","url":"https:\/\/semanasantaferrol.com\/wp-content\/uploads\/2022\/09\/DSC_8328-scaled.jpg","contentUrl":"https:\/\/semanasantaferrol.com\/wp-content\/uploads\/2022\/09\/DSC_8328-scaled.jpg","width":2560,"height":1830},{"@type":"BreadcrumbList","@id":"https:\/\/semanasantaferrol.com\/gl\/ramon-loureiro-sera-o-pregoeiro-da-semana-santa-de-ferrol-2023\/#breadcrumb","itemListElement":[{"@type":"ListItem","position":1,"name":"Portada","item":"https:\/\/semanasantaferrol.com\/gl\/"},{"@type":"ListItem","position":2,"name":"Ram\u00f3n Loureiro ser\u00e1 o pregoeiro da Semana Santa de Ferrol 2023"}]},{"@type":"WebSite","@id":"https:\/\/semanasantaferrol.com\/gl\/#website","url":"https:\/\/semanasantaferrol.com\/gl\/","name":"Junta General de Cofrad\u00edas y Hermandades","description":"Semana Santa de Ferrol","publisher":{"@id":"https:\/\/semanasantaferrol.com\/gl\/#organization"},"alternateName":"Semana Santa de Ferrol","potentialAction":[{"@type":"SearchAction","target":{"@type":"EntryPoint","urlTemplate":"https:\/\/semanasantaferrol.com\/gl\/?s={search_term_string}"},"query-input":{"@type":"PropertyValueSpecification","valueRequired":true,"valueName":"search_term_string"}}],"inLanguage":"gl-ES"},{"@type":"Organization","@id":"https:\/\/semanasantaferrol.com\/gl\/#organization","name":"Junta General de Cofrad\u00edas y Hermandades de la Semana Santa de Ferrol","alternateName":"Junta de Cofrad\u00edas de la Semana Santa de Ferrol","url":"https:\/\/semanasantaferrol.com\/gl\/","logo":{"@type":"ImageObject","inLanguage":"gl-ES","@id":"https:\/\/semanasantaferrol.com\/gl\/#\/schema\/logo\/image\/","url":"https:\/\/semanasantaferrol.com\/wp-content\/uploads\/2022\/10\/junta_general_logo.svg","contentUrl":"https:\/\/semanasantaferrol.com\/wp-content\/uploads\/2022\/10\/junta_general_logo.svg","width":600,"height":790,"caption":"Junta General de Cofrad\u00edas y Hermandades de la Semana Santa de Ferrol"},"image":{"@id":"https:\/\/semanasantaferrol.com\/gl\/#\/schema\/logo\/image\/"},"sameAs":["https:\/\/www.facebook.com\/Juntageneraldecofradias\/","https:\/\/www.instagram.com\/juntageneralcofradiasferrol\/","https:\/\/www.youtube.com\/@semanasantadeferrol1616","https:\/\/www.tiktok.com\/@semanasantadeferrol"]},{"@type":"Person","@id":"https:\/\/semanasantaferrol.com\/gl\/#\/schema\/person\/cdd132690f08f75a35f05e2423e6307c","name":"pingota","image":{"@type":"ImageObject","inLanguage":"gl-ES","@id":"https:\/\/secure.gravatar.com\/avatar\/b1bb79ecdfb8d6f4c44a82262f8b422faeb290304fc5c6f8b9b4305bfaa2853c?s=96&d=mm&r=g","url":"https:\/\/secure.gravatar.com\/avatar\/b1bb79ecdfb8d6f4c44a82262f8b422faeb290304fc5c6f8b9b4305bfaa2853c?s=96&d=mm&r=g","contentUrl":"https:\/\/secure.gravatar.com\/avatar\/b1bb79ecdfb8d6f4c44a82262f8b422faeb290304fc5c6f8b9b4305bfaa2853c?s=96&d=mm&r=g","caption":"pingota"},"url":"https:\/\/semanasantaferrol.com\/gl"}]}},"_links":{"self":[{"href":"https:\/\/semanasantaferrol.com\/gl\/wp-json\/wp\/v2\/posts\/4330","targetHints":{"allow":["GET"]}}],"collection":[{"href":"https:\/\/semanasantaferrol.com\/gl\/wp-json\/wp\/v2\/posts"}],"about":[{"href":"https:\/\/semanasantaferrol.com\/gl\/wp-json\/wp\/v2\/types\/post"}],"author":[{"embeddable":true,"href":"https:\/\/semanasantaferrol.com\/gl\/wp-json\/wp\/v2\/users\/3"}],"replies":[{"embeddable":true,"href":"https:\/\/semanasantaferrol.com\/gl\/wp-json\/wp\/v2\/comments?post=4330"}],"version-history":[{"count":0,"href":"https:\/\/semanasantaferrol.com\/gl\/wp-json\/wp\/v2\/posts\/4330\/revisions"}],"wp:featuredmedia":[{"embeddable":true,"href":"https:\/\/semanasantaferrol.com\/gl\/wp-json\/wp\/v2\/media\/4325"}],"wp:attachment":[{"href":"https:\/\/semanasantaferrol.com\/gl\/wp-json\/wp\/v2\/media?parent=4330"}],"wp:term":[{"taxonomy":"category","embeddable":true,"href":"https:\/\/semanasantaferrol.com\/gl\/wp-json\/wp\/v2\/categories?post=4330"},{"taxonomy":"post_tag","embeddable":true,"href":"https:\/\/semanasantaferrol.com\/gl\/wp-json\/wp\/v2\/tags?post=4330"}],"curies":[{"name":"wp","href":"https:\/\/api.w.org\/{rel}","templated":true}]}}