{"id":3854,"date":"2022-09-22T11:41:48","date_gmt":"2022-09-22T11:41:48","guid":{"rendered":"https:\/\/semanasantaferrol.com\/novo-paseo-guiado-polo-roteiro-confrade-na-mana-do-1-de-outubro\/"},"modified":"2022-09-22T11:44:14","modified_gmt":"2022-09-22T11:44:14","slug":"novo-paseo-guiado-polo-roteiro-confrade-na-mana-do-1-de-outubro","status":"publish","type":"post","link":"https:\/\/semanasantaferrol.com\/gl\/novo-paseo-guiado-polo-roteiro-confrade-na-mana-do-1-de-outubro\/","title":{"rendered":"Novo paseo guiado polo Roteiro Confrade, na ma\u00f1\u00e1 do 1 de outubro"},"content":{"rendered":"<p>A Xunta Xeral de Confrar\u00edas e Irmandades da Semana Santa de Ferrol convoca para o pr\u00f3ximo d\u00eda 1 de outubro, \u00e1s doce do mediod\u00eda, un novo \u201cpaseo guiado\u201d pola Ruta Confrade. O presidente da entidade, C\u00e9sar Carre\u00f1o, ocuparase de acompa\u00f1ar \u00e1s persoas que queiran participar na actividade por alg\u00fans dos lugares m\u00e1is importantes da historia da Semana Santa na cidade.<\/p>\n<p>O percorrido comezar\u00e1 na Praza Vella, \u00e1s 12.00 horas, e discorrer\u00e1 polo barrio portuario, onde estaba a antiga igrexa de San Juli\u00e1n, epicentro das procesi\u00f3ns e a vida das confrar\u00edas ferrol\u00e1s ata a segunda metade do s\u00e9culo XVIII. C\u00e9sar Carre\u00f1o encargarase de explicar como eran aqueles cortexos penitenciais, det\u00e9ndose en diferentes puntos como a r\u00faa da Merc\u00e9 ou a igrexa do Socorro. O paseo avanzar\u00e1 despois pola r\u00faa San Francisco para deterse na zona na que est\u00e1 a igrexa castrense, a capela da Orde Terceira e o lugar no que se situaba antigamente a igrexa de San Roque.<\/p>\n<p>Para terminar a visita, C\u00e9sar Carre\u00f1o acompa\u00f1ar\u00e1 tam\u00e9n a quen o desexe ao Museo da Semana Santa de Ferrol, ao que se accede polos xard\u00edns de San Francisco.<\/p>\n<p>A Xunta de Confrar\u00edas creou hai anos a Ruta Confrade, un percorrido que abarca 13 puntos da cidade relacionados co pasado e o presente da Semana Santa. Neste ano reedit\u00e1ronse os folletos informativos sobre o devandito roteiro, que tiveron un grande \u00e9xito e houbo que repo\u00f1er en varias ocasi\u00f3ns nas oficinas de turismo da cidade.<\/p>\n","protected":false},"excerpt":{"rendered":"<p>A Xunta Xeral de Confrar\u00edas e Irmandades da Semana Santa de Ferrol convoca para o pr\u00f3ximo d\u00eda 1 de outubro, \u00e1s doce do mediod\u00eda, un novo \u201cpaseo guiado\u201d pola Ruta Confrade. O presidente da entidade, C\u00e9sar Carre\u00f1o, ocuparase de acompa\u00f1ar \u00e1s persoas que queiran participar na actividade por alg\u00fans dos lugares m\u00e1is importantes da historia [&hellip;]<\/p>\n","protected":false},"author":3,"featured_media":3805,"comment_status":"open","ping_status":"open","sticky":false,"template":"","format":"standard","meta":{"footnotes":""},"categories":[25,39],"tags":[],"class_list":["post-3854","post","type-post","status-publish","format-standard","has-post-thumbnail","hentry","category-sin-categorizar-gl","category-xunta"],"yoast_head":"<!-- This site is optimized with the Yoast SEO plugin v27.5 - https:\/\/yoast.com\/product\/yoast-seo-wordpress\/ -->\n<title>Novo paseo guiado polo Roteiro Confrade, na ma\u00f1\u00e1 do 1 de outubro - Junta General de Cofrad\u00edas y Hermandades<\/title>\n<meta name=\"robots\" content=\"index, follow, max-snippet:-1, max-image-preview:large, max-video-preview:-1\" \/>\n<link rel=\"canonical\" href=\"https:\/\/semanasantaferrol.com\/gl\/novo-paseo-guiado-polo-roteiro-confrade-na-mana-do-1-de-outubro\/\" \/>\n<meta property=\"og:locale\" content=\"gl_ES\" \/>\n<meta property=\"og:type\" content=\"article\" \/>\n<meta property=\"og:title\" content=\"Novo paseo guiado polo Roteiro Confrade, na ma\u00f1\u00e1 do 1 de outubro - Junta General de Cofrad\u00edas y Hermandades\" \/>\n<meta property=\"og:description\" content=\"A Xunta Xeral de Confrar\u00edas e Irmandades da Semana Santa de Ferrol convoca para o pr\u00f3ximo d\u00eda 1 de outubro, \u00e1s doce do mediod\u00eda, un novo \u201cpaseo guiado\u201d pola Ruta Confrade. O presidente da entidade, C\u00e9sar Carre\u00f1o, ocuparase de acompa\u00f1ar \u00e1s persoas que queiran participar na actividade por alg\u00fans dos lugares m\u00e1is importantes da historia [&hellip;]\" \/>\n<meta property=\"og:url\" content=\"https:\/\/semanasantaferrol.com\/gl\/novo-paseo-guiado-polo-roteiro-confrade-na-mana-do-1-de-outubro\/\" \/>\n<meta property=\"og:site_name\" content=\"Junta General de Cofrad\u00edas y Hermandades\" \/>\n<meta property=\"article:publisher\" content=\"https:\/\/www.facebook.com\/Juntageneraldecofradias\/\" \/>\n<meta property=\"article:published_time\" content=\"2022-09-22T11:41:48+00:00\" \/>\n<meta property=\"article:modified_time\" content=\"2022-09-22T11:44:14+00:00\" \/>\n<meta property=\"og:image\" content=\"https:\/\/semanasantaferrol.com\/wp-content\/uploads\/2022\/09\/IMG_20220722_105333-scaled-e1663846853688.jpg\" \/>\n\t<meta property=\"og:image:width\" content=\"2560\" \/>\n\t<meta property=\"og:image:height\" content=\"1928\" \/>\n\t<meta property=\"og:image:type\" content=\"image\/jpeg\" \/>\n<meta name=\"author\" content=\"pingota\" \/>\n<meta name=\"twitter:card\" content=\"summary_large_image\" \/>\n<meta name=\"twitter:label1\" content=\"Escrito por\" \/>\n\t<meta name=\"twitter:data1\" content=\"pingota\" \/>\n\t<meta name=\"twitter:label2\" content=\"Tempo de lectura\" \/>\n\t<meta name=\"twitter:data2\" content=\"1 minuto\" \/>\n<script type=\"application\/ld+json\" class=\"yoast-schema-graph\">{\"@context\":\"https:\\\/\\\/schema.org\",\"@graph\":[{\"@type\":\"Article\",\"@id\":\"https:\\\/\\\/semanasantaferrol.com\\\/gl\\\/novo-paseo-guiado-polo-roteiro-confrade-na-mana-do-1-de-outubro\\\/#article\",\"isPartOf\":{\"@id\":\"https:\\\/\\\/semanasantaferrol.com\\\/gl\\\/novo-paseo-guiado-polo-roteiro-confrade-na-mana-do-1-de-outubro\\\/\"},\"author\":{\"name\":\"pingota\",\"@id\":\"https:\\\/\\\/semanasantaferrol.com\\\/gl\\\/#\\\/schema\\\/person\\\/cdd132690f08f75a35f05e2423e6307c\"},\"headline\":\"Novo paseo guiado polo Roteiro Confrade, na ma\u00f1\u00e1 do 1 de outubro\",\"datePublished\":\"2022-09-22T11:41:48+00:00\",\"dateModified\":\"2022-09-22T11:44:14+00:00\",\"mainEntityOfPage\":{\"@id\":\"https:\\\/\\\/semanasantaferrol.com\\\/gl\\\/novo-paseo-guiado-polo-roteiro-confrade-na-mana-do-1-de-outubro\\\/\"},\"wordCount\":277,\"commentCount\":0,\"publisher\":{\"@id\":\"https:\\\/\\\/semanasantaferrol.com\\\/gl\\\/#organization\"},\"image\":{\"@id\":\"https:\\\/\\\/semanasantaferrol.com\\\/gl\\\/novo-paseo-guiado-polo-roteiro-confrade-na-mana-do-1-de-outubro\\\/#primaryimage\"},\"thumbnailUrl\":\"https:\\\/\\\/semanasantaferrol.com\\\/wp-content\\\/uploads\\\/2022\\\/09\\\/IMG_20220722_105333-scaled-e1663846853688.jpg\",\"articleSection\":[\"Sin categorizar\",\"Xunta\"],\"inLanguage\":\"gl-ES\",\"potentialAction\":[{\"@type\":\"CommentAction\",\"name\":\"Comment\",\"target\":[\"https:\\\/\\\/semanasantaferrol.com\\\/gl\\\/novo-paseo-guiado-polo-roteiro-confrade-na-mana-do-1-de-outubro\\\/#respond\"]}]},{\"@type\":\"WebPage\",\"@id\":\"https:\\\/\\\/semanasantaferrol.com\\\/gl\\\/novo-paseo-guiado-polo-roteiro-confrade-na-mana-do-1-de-outubro\\\/\",\"url\":\"https:\\\/\\\/semanasantaferrol.com\\\/gl\\\/novo-paseo-guiado-polo-roteiro-confrade-na-mana-do-1-de-outubro\\\/\",\"name\":\"Novo paseo guiado polo Roteiro Confrade, na ma\u00f1\u00e1 do 1 de outubro - Junta General de Cofrad\u00edas y Hermandades\",\"isPartOf\":{\"@id\":\"https:\\\/\\\/semanasantaferrol.com\\\/gl\\\/#website\"},\"primaryImageOfPage\":{\"@id\":\"https:\\\/\\\/semanasantaferrol.com\\\/gl\\\/novo-paseo-guiado-polo-roteiro-confrade-na-mana-do-1-de-outubro\\\/#primaryimage\"},\"image\":{\"@id\":\"https:\\\/\\\/semanasantaferrol.com\\\/gl\\\/novo-paseo-guiado-polo-roteiro-confrade-na-mana-do-1-de-outubro\\\/#primaryimage\"},\"thumbnailUrl\":\"https:\\\/\\\/semanasantaferrol.com\\\/wp-content\\\/uploads\\\/2022\\\/09\\\/IMG_20220722_105333-scaled-e1663846853688.jpg\",\"datePublished\":\"2022-09-22T11:41:48+00:00\",\"dateModified\":\"2022-09-22T11:44:14+00:00\",\"breadcrumb\":{\"@id\":\"https:\\\/\\\/semanasantaferrol.com\\\/gl\\\/novo-paseo-guiado-polo-roteiro-confrade-na-mana-do-1-de-outubro\\\/#breadcrumb\"},\"inLanguage\":\"gl-ES\",\"potentialAction\":[{\"@type\":\"ReadAction\",\"target\":[\"https:\\\/\\\/semanasantaferrol.com\\\/gl\\\/novo-paseo-guiado-polo-roteiro-confrade-na-mana-do-1-de-outubro\\\/\"]}]},{\"@type\":\"ImageObject\",\"inLanguage\":\"gl-ES\",\"@id\":\"https:\\\/\\\/semanasantaferrol.com\\\/gl\\\/novo-paseo-guiado-polo-roteiro-confrade-na-mana-do-1-de-outubro\\\/#primaryimage\",\"url\":\"https:\\\/\\\/semanasantaferrol.com\\\/wp-content\\\/uploads\\\/2022\\\/09\\\/IMG_20220722_105333-scaled-e1663846853688.jpg\",\"contentUrl\":\"https:\\\/\\\/semanasantaferrol.com\\\/wp-content\\\/uploads\\\/2022\\\/09\\\/IMG_20220722_105333-scaled-e1663846853688.jpg\",\"width\":2560,\"height\":1928},{\"@type\":\"BreadcrumbList\",\"@id\":\"https:\\\/\\\/semanasantaferrol.com\\\/gl\\\/novo-paseo-guiado-polo-roteiro-confrade-na-mana-do-1-de-outubro\\\/#breadcrumb\",\"itemListElement\":[{\"@type\":\"ListItem\",\"position\":1,\"name\":\"Portada\",\"item\":\"https:\\\/\\\/semanasantaferrol.com\\\/gl\\\/\"},{\"@type\":\"ListItem\",\"position\":2,\"name\":\"Novo paseo guiado polo Roteiro Confrade, na ma\u00f1\u00e1 do 1 de outubro\"}]},{\"@type\":\"WebSite\",\"@id\":\"https:\\\/\\\/semanasantaferrol.com\\\/gl\\\/#website\",\"url\":\"https:\\\/\\\/semanasantaferrol.com\\\/gl\\\/\",\"name\":\"Junta General de Cofrad\u00edas y Hermandades\",\"description\":\"Semana Santa de Ferrol\",\"publisher\":{\"@id\":\"https:\\\/\\\/semanasantaferrol.com\\\/gl\\\/#organization\"},\"alternateName\":\"Semana Santa de Ferrol\",\"potentialAction\":[{\"@type\":\"SearchAction\",\"target\":{\"@type\":\"EntryPoint\",\"urlTemplate\":\"https:\\\/\\\/semanasantaferrol.com\\\/gl\\\/?s={search_term_string}\"},\"query-input\":{\"@type\":\"PropertyValueSpecification\",\"valueRequired\":true,\"valueName\":\"search_term_string\"}}],\"inLanguage\":\"gl-ES\"},{\"@type\":\"Organization\",\"@id\":\"https:\\\/\\\/semanasantaferrol.com\\\/gl\\\/#organization\",\"name\":\"Junta General de Cofrad\u00edas y Hermandades de la Semana Santa de Ferrol\",\"alternateName\":\"Junta de Cofrad\u00edas de la Semana Santa de Ferrol\",\"url\":\"https:\\\/\\\/semanasantaferrol.com\\\/gl\\\/\",\"logo\":{\"@type\":\"ImageObject\",\"inLanguage\":\"gl-ES\",\"@id\":\"https:\\\/\\\/semanasantaferrol.com\\\/gl\\\/#\\\/schema\\\/logo\\\/image\\\/\",\"url\":\"https:\\\/\\\/semanasantaferrol.com\\\/wp-content\\\/uploads\\\/2022\\\/10\\\/junta_general_logo.svg\",\"contentUrl\":\"https:\\\/\\\/semanasantaferrol.com\\\/wp-content\\\/uploads\\\/2022\\\/10\\\/junta_general_logo.svg\",\"width\":600,\"height\":790,\"caption\":\"Junta General de Cofrad\u00edas y Hermandades de la Semana Santa de Ferrol\"},\"image\":{\"@id\":\"https:\\\/\\\/semanasantaferrol.com\\\/gl\\\/#\\\/schema\\\/logo\\\/image\\\/\"},\"sameAs\":[\"https:\\\/\\\/www.facebook.com\\\/Juntageneraldecofradias\\\/\",\"https:\\\/\\\/www.instagram.com\\\/juntageneralcofradiasferrol\\\/\",\"https:\\\/\\\/www.youtube.com\\\/@semanasantadeferrol1616\",\"https:\\\/\\\/www.tiktok.com\\\/@semanasantadeferrol\"]},{\"@type\":\"Person\",\"@id\":\"https:\\\/\\\/semanasantaferrol.com\\\/gl\\\/#\\\/schema\\\/person\\\/cdd132690f08f75a35f05e2423e6307c\",\"name\":\"pingota\",\"image\":{\"@type\":\"ImageObject\",\"inLanguage\":\"gl-ES\",\"@id\":\"https:\\\/\\\/secure.gravatar.com\\\/avatar\\\/b1bb79ecdfb8d6f4c44a82262f8b422faeb290304fc5c6f8b9b4305bfaa2853c?s=96&d=mm&r=g\",\"url\":\"https:\\\/\\\/secure.gravatar.com\\\/avatar\\\/b1bb79ecdfb8d6f4c44a82262f8b422faeb290304fc5c6f8b9b4305bfaa2853c?s=96&d=mm&r=g\",\"contentUrl\":\"https:\\\/\\\/secure.gravatar.com\\\/avatar\\\/b1bb79ecdfb8d6f4c44a82262f8b422faeb290304fc5c6f8b9b4305bfaa2853c?s=96&d=mm&r=g\",\"caption\":\"pingota\"},\"url\":\"https:\\\/\\\/semanasantaferrol.com\\\/gl\"}]}<\/script>\n<!-- \/ Yoast SEO plugin. -->","yoast_head_json":{"title":"Novo paseo guiado polo Roteiro Confrade, na ma\u00f1\u00e1 do 1 de outubro - Junta General de Cofrad\u00edas y Hermandades","robots":{"index":"index","follow":"follow","max-snippet":"max-snippet:-1","max-image-preview":"max-image-preview:large","max-video-preview":"max-video-preview:-1"},"canonical":"https:\/\/semanasantaferrol.com\/gl\/novo-paseo-guiado-polo-roteiro-confrade-na-mana-do-1-de-outubro\/","og_locale":"gl_ES","og_type":"article","og_title":"Novo paseo guiado polo Roteiro Confrade, na ma\u00f1\u00e1 do 1 de outubro - Junta General de Cofrad\u00edas y Hermandades","og_description":"A Xunta Xeral de Confrar\u00edas e Irmandades da Semana Santa de Ferrol convoca para o pr\u00f3ximo d\u00eda 1 de outubro, \u00e1s doce do mediod\u00eda, un novo \u201cpaseo guiado\u201d pola Ruta Confrade. O presidente da entidade, C\u00e9sar Carre\u00f1o, ocuparase de acompa\u00f1ar \u00e1s persoas que queiran participar na actividade por alg\u00fans dos lugares m\u00e1is importantes da historia [&hellip;]","og_url":"https:\/\/semanasantaferrol.com\/gl\/novo-paseo-guiado-polo-roteiro-confrade-na-mana-do-1-de-outubro\/","og_site_name":"Junta General de Cofrad\u00edas y Hermandades","article_publisher":"https:\/\/www.facebook.com\/Juntageneraldecofradias\/","article_published_time":"2022-09-22T11:41:48+00:00","article_modified_time":"2022-09-22T11:44:14+00:00","og_image":[{"width":2560,"height":1928,"url":"https:\/\/semanasantaferrol.com\/wp-content\/uploads\/2022\/09\/IMG_20220722_105333-scaled-e1663846853688.jpg","type":"image\/jpeg"}],"author":"pingota","twitter_card":"summary_large_image","twitter_misc":{"Escrito por":"pingota","Tempo de lectura":"1 minuto"},"schema":{"@context":"https:\/\/schema.org","@graph":[{"@type":"Article","@id":"https:\/\/semanasantaferrol.com\/gl\/novo-paseo-guiado-polo-roteiro-confrade-na-mana-do-1-de-outubro\/#article","isPartOf":{"@id":"https:\/\/semanasantaferrol.com\/gl\/novo-paseo-guiado-polo-roteiro-confrade-na-mana-do-1-de-outubro\/"},"author":{"name":"pingota","@id":"https:\/\/semanasantaferrol.com\/gl\/#\/schema\/person\/cdd132690f08f75a35f05e2423e6307c"},"headline":"Novo paseo guiado polo Roteiro Confrade, na ma\u00f1\u00e1 do 1 de outubro","datePublished":"2022-09-22T11:41:48+00:00","dateModified":"2022-09-22T11:44:14+00:00","mainEntityOfPage":{"@id":"https:\/\/semanasantaferrol.com\/gl\/novo-paseo-guiado-polo-roteiro-confrade-na-mana-do-1-de-outubro\/"},"wordCount":277,"commentCount":0,"publisher":{"@id":"https:\/\/semanasantaferrol.com\/gl\/#organization"},"image":{"@id":"https:\/\/semanasantaferrol.com\/gl\/novo-paseo-guiado-polo-roteiro-confrade-na-mana-do-1-de-outubro\/#primaryimage"},"thumbnailUrl":"https:\/\/semanasantaferrol.com\/wp-content\/uploads\/2022\/09\/IMG_20220722_105333-scaled-e1663846853688.jpg","articleSection":["Sin categorizar","Xunta"],"inLanguage":"gl-ES","potentialAction":[{"@type":"CommentAction","name":"Comment","target":["https:\/\/semanasantaferrol.com\/gl\/novo-paseo-guiado-polo-roteiro-confrade-na-mana-do-1-de-outubro\/#respond"]}]},{"@type":"WebPage","@id":"https:\/\/semanasantaferrol.com\/gl\/novo-paseo-guiado-polo-roteiro-confrade-na-mana-do-1-de-outubro\/","url":"https:\/\/semanasantaferrol.com\/gl\/novo-paseo-guiado-polo-roteiro-confrade-na-mana-do-1-de-outubro\/","name":"Novo paseo guiado polo Roteiro Confrade, na ma\u00f1\u00e1 do 1 de outubro - Junta General de Cofrad\u00edas y Hermandades","isPartOf":{"@id":"https:\/\/semanasantaferrol.com\/gl\/#website"},"primaryImageOfPage":{"@id":"https:\/\/semanasantaferrol.com\/gl\/novo-paseo-guiado-polo-roteiro-confrade-na-mana-do-1-de-outubro\/#primaryimage"},"image":{"@id":"https:\/\/semanasantaferrol.com\/gl\/novo-paseo-guiado-polo-roteiro-confrade-na-mana-do-1-de-outubro\/#primaryimage"},"thumbnailUrl":"https:\/\/semanasantaferrol.com\/wp-content\/uploads\/2022\/09\/IMG_20220722_105333-scaled-e1663846853688.jpg","datePublished":"2022-09-22T11:41:48+00:00","dateModified":"2022-09-22T11:44:14+00:00","breadcrumb":{"@id":"https:\/\/semanasantaferrol.com\/gl\/novo-paseo-guiado-polo-roteiro-confrade-na-mana-do-1-de-outubro\/#breadcrumb"},"inLanguage":"gl-ES","potentialAction":[{"@type":"ReadAction","target":["https:\/\/semanasantaferrol.com\/gl\/novo-paseo-guiado-polo-roteiro-confrade-na-mana-do-1-de-outubro\/"]}]},{"@type":"ImageObject","inLanguage":"gl-ES","@id":"https:\/\/semanasantaferrol.com\/gl\/novo-paseo-guiado-polo-roteiro-confrade-na-mana-do-1-de-outubro\/#primaryimage","url":"https:\/\/semanasantaferrol.com\/wp-content\/uploads\/2022\/09\/IMG_20220722_105333-scaled-e1663846853688.jpg","contentUrl":"https:\/\/semanasantaferrol.com\/wp-content\/uploads\/2022\/09\/IMG_20220722_105333-scaled-e1663846853688.jpg","width":2560,"height":1928},{"@type":"BreadcrumbList","@id":"https:\/\/semanasantaferrol.com\/gl\/novo-paseo-guiado-polo-roteiro-confrade-na-mana-do-1-de-outubro\/#breadcrumb","itemListElement":[{"@type":"ListItem","position":1,"name":"Portada","item":"https:\/\/semanasantaferrol.com\/gl\/"},{"@type":"ListItem","position":2,"name":"Novo paseo guiado polo Roteiro Confrade, na ma\u00f1\u00e1 do 1 de outubro"}]},{"@type":"WebSite","@id":"https:\/\/semanasantaferrol.com\/gl\/#website","url":"https:\/\/semanasantaferrol.com\/gl\/","name":"Junta General de Cofrad\u00edas y Hermandades","description":"Semana Santa de Ferrol","publisher":{"@id":"https:\/\/semanasantaferrol.com\/gl\/#organization"},"alternateName":"Semana Santa de Ferrol","potentialAction":[{"@type":"SearchAction","target":{"@type":"EntryPoint","urlTemplate":"https:\/\/semanasantaferrol.com\/gl\/?s={search_term_string}"},"query-input":{"@type":"PropertyValueSpecification","valueRequired":true,"valueName":"search_term_string"}}],"inLanguage":"gl-ES"},{"@type":"Organization","@id":"https:\/\/semanasantaferrol.com\/gl\/#organization","name":"Junta General de Cofrad\u00edas y Hermandades de la Semana Santa de Ferrol","alternateName":"Junta de Cofrad\u00edas de la Semana Santa de Ferrol","url":"https:\/\/semanasantaferrol.com\/gl\/","logo":{"@type":"ImageObject","inLanguage":"gl-ES","@id":"https:\/\/semanasantaferrol.com\/gl\/#\/schema\/logo\/image\/","url":"https:\/\/semanasantaferrol.com\/wp-content\/uploads\/2022\/10\/junta_general_logo.svg","contentUrl":"https:\/\/semanasantaferrol.com\/wp-content\/uploads\/2022\/10\/junta_general_logo.svg","width":600,"height":790,"caption":"Junta General de Cofrad\u00edas y Hermandades de la Semana Santa de Ferrol"},"image":{"@id":"https:\/\/semanasantaferrol.com\/gl\/#\/schema\/logo\/image\/"},"sameAs":["https:\/\/www.facebook.com\/Juntageneraldecofradias\/","https:\/\/www.instagram.com\/juntageneralcofradiasferrol\/","https:\/\/www.youtube.com\/@semanasantadeferrol1616","https:\/\/www.tiktok.com\/@semanasantadeferrol"]},{"@type":"Person","@id":"https:\/\/semanasantaferrol.com\/gl\/#\/schema\/person\/cdd132690f08f75a35f05e2423e6307c","name":"pingota","image":{"@type":"ImageObject","inLanguage":"gl-ES","@id":"https:\/\/secure.gravatar.com\/avatar\/b1bb79ecdfb8d6f4c44a82262f8b422faeb290304fc5c6f8b9b4305bfaa2853c?s=96&d=mm&r=g","url":"https:\/\/secure.gravatar.com\/avatar\/b1bb79ecdfb8d6f4c44a82262f8b422faeb290304fc5c6f8b9b4305bfaa2853c?s=96&d=mm&r=g","contentUrl":"https:\/\/secure.gravatar.com\/avatar\/b1bb79ecdfb8d6f4c44a82262f8b422faeb290304fc5c6f8b9b4305bfaa2853c?s=96&d=mm&r=g","caption":"pingota"},"url":"https:\/\/semanasantaferrol.com\/gl"}]}},"_links":{"self":[{"href":"https:\/\/semanasantaferrol.com\/gl\/wp-json\/wp\/v2\/posts\/3854","targetHints":{"allow":["GET"]}}],"collection":[{"href":"https:\/\/semanasantaferrol.com\/gl\/wp-json\/wp\/v2\/posts"}],"about":[{"href":"https:\/\/semanasantaferrol.com\/gl\/wp-json\/wp\/v2\/types\/post"}],"author":[{"embeddable":true,"href":"https:\/\/semanasantaferrol.com\/gl\/wp-json\/wp\/v2\/users\/3"}],"replies":[{"embeddable":true,"href":"https:\/\/semanasantaferrol.com\/gl\/wp-json\/wp\/v2\/comments?post=3854"}],"version-history":[{"count":1,"href":"https:\/\/semanasantaferrol.com\/gl\/wp-json\/wp\/v2\/posts\/3854\/revisions"}],"predecessor-version":[{"id":3855,"href":"https:\/\/semanasantaferrol.com\/gl\/wp-json\/wp\/v2\/posts\/3854\/revisions\/3855"}],"wp:featuredmedia":[{"embeddable":true,"href":"https:\/\/semanasantaferrol.com\/gl\/wp-json\/wp\/v2\/media\/3805"}],"wp:attachment":[{"href":"https:\/\/semanasantaferrol.com\/gl\/wp-json\/wp\/v2\/media?parent=3854"}],"wp:term":[{"taxonomy":"category","embeddable":true,"href":"https:\/\/semanasantaferrol.com\/gl\/wp-json\/wp\/v2\/categories?post=3854"},{"taxonomy":"post_tag","embeddable":true,"href":"https:\/\/semanasantaferrol.com\/gl\/wp-json\/wp\/v2\/tags?post=3854"}],"curies":[{"name":"wp","href":"https:\/\/api.w.org\/{rel}","templated":true}]}}