{"id":3823,"date":"2021-08-13T12:01:00","date_gmt":"2021-08-13T12:01:00","guid":{"rendered":"https:\/\/semanasantaferrol.com\/nais-adoratrices-unha-vida-de-fe\/"},"modified":"2022-09-22T10:38:17","modified_gmt":"2022-09-22T10:38:17","slug":"nais-adoratrices-unha-vida-de-fe","status":"publish","type":"post","link":"https:\/\/semanasantaferrol.com\/gl\/nais-adoratrices-unha-vida-de-fe\/","title":{"rendered":"Nais Adoratrices, unha vida de Fe"},"content":{"rendered":"&#13;\n<p><img fetchpriority=\"high\" decoding=\"async\" class=\"alignnone wp-image-3157 size-full\" src=\"https:\/\/semanasantaferrol.com\/wp-content\/uploads\/2021\/05\/esclavas-1527x1536-1-1024x768-1.jpg\" alt=\"\" width=\"1024\" height=\"768\" srcset=\"https:\/\/semanasantaferrol.com\/wp-content\/uploads\/2021\/05\/esclavas-1527x1536-1-1024x768-1.jpg 1024w, https:\/\/semanasantaferrol.com\/wp-content\/uploads\/2021\/05\/esclavas-1527x1536-1-1024x768-1-300x225.jpg 300w, https:\/\/semanasantaferrol.com\/wp-content\/uploads\/2021\/05\/esclavas-1527x1536-1-1024x768-1-768x576.jpg 768w\" sizes=\"(max-width: 1024px) 100vw, 1024px\" \/><\/p>&#13;\n<p>As Nais Adoratrices, Escravas do Sant\u00edsimo Sacramento e da Caridade, chegaron a Ferrol en 1958, 14 anos despois da fundaci\u00f3n da orde relixiosa. Instal\u00e1ronse na antiga capela de San Roque, segundo explica Ana Mart\u00edn na reportaxe \u201cPuntadas de Fe\u201d -publicado en rev\u00edstaa \u201cPaix\u00f3n Ferrol\u00e1\u201d, editada por COPE Ferrol- para dedicarse a \u201ca adoraci\u00f3n, o encomio e a reparaci\u00f3n do Sant\u00edsimo Sacramento do Altar\u201d. Para soster a vida contemplativa realizan tarefas de costura e bordado para a Igrexa e ao longo dos anos estableceron, a trav\u00e9s dos seus puntadas, unha s\u00f3lida relaci\u00f3n coa Semana Santa de Ferrol.<\/p>&#13;\n&#13;\n<p>O traballo e a constancia son selo de identidade destas mulleres. \u201cH\u00e1bitos, capuces bordados, estandartes e pend\u00f3ns\u201d e mesmo o palio branco que luc\u00eda a Virxe da Soledad, explica Mart\u00edn no seu texto. As Nais Adoratrices son as art\u00edfices de manter en bo estado ou recuperar marabillosos mantos, pezas con bordados\u2026etc. Moitos dos traxes que levan as imaxes da Semana Santa te\u00f1en un valor incalculable, pois na maior\u00eda de casos, ademais da antig\u00fcidade das pezas, estas est\u00e1n fabricadas con materiais de gran calidade. Lourdes Fern\u00e1ndez, especialista restauradora do patrimonio t\u00e9xtil andaluz, indica que \u201chai que concienciar m\u00e1is en relaci\u00f3n \u00e1 calidade t\u00e9cnica destas pezas, ao seu valor, o respecto polo orixinal e polos seus creadores\u201d.<\/p>&#13;\n&#13;\n<p>O conxunto de h\u00e1bito e manto que loce a Virxe da Soledad adquiriuno en 1861, Vicente Boado da Cuadra, capit\u00e1n de nav\u00edo e segundo xefe do apostadero filipino. \u00c9 unha das pezas que estas monxas coidaron e recuperaron co seu traballo. Os bordados orientais do s\u00e9culo XIX ti\u00f1an grandes volumes e elabor\u00e1banse con f\u00edos de ouro de diferentes grosores, aplicaci\u00f3ns e abelorios, asemellando filigranas e pasamaner\u00eda. Para a historiadora Carmen Eisman Lasaga, que tam\u00e9n menciona Mart\u00edn na s\u00faa reportaxe, ter un produto elaborado en China ou Filipinas \u201cera sin\u00f3nimo de status e diferenciaci\u00f3n para quen o posu\u00eda\u201d.<\/p>&#13;\n&#13;\n<p>Ana Mart\u00edn falou con tres das relixiosas que viven en San Roque, as irm\u00e1s, Magdalena, Felisa e Basilia. Elas ingresaron moi novos, nunha \u00e9poca na que os conventos recib\u00edan a moitas nenas que dic\u00edan sentir vocaci\u00f3n, a\u00ednda que a maior\u00eda non callaban finalmente. \u201cA vocaci\u00f3n d\u00e1nola Deus, pero tam\u00e9n o traballo e a constancia\u201d, resaltan estas Nais Adoratrices, quen aos poucos desde a s\u00faa entrada \u00e1 congregaci\u00f3n foron convert\u00e9ndose en aut\u00e9nticas mestras da costura e o bordado.<\/p>&#13;\n&#13;\n<p>A pesar da idea de mundo obsoleto e afastado da actualidade que se pode ter sobre un convento, as mulleres que aqu\u00ed habitan desenv\u00f3lvense con gran soltura coa \u201chappy\u201d, unha m\u00e1quina bordadora conectada a un ordenador. A\u00ednda que a preparaci\u00f3n previa \u00e9 ardua, grazas a esta ferramenta os traballos poden ser replicados posteriormente con facilidade.<\/p>&#13;\n&#13;\n<p>Cando crean dese\u00f1os propios comp\u00e1rtenos coas outras casas do Instituto, porque \u201co sentimento de comunidade \u00e9 total\u201d, resalta Mart\u00edn. Ademais, contan cun fondo com\u00fan onde doan os sobrantes de cada instituci\u00f3n e do que lles env\u00edan o que precisan. O ambiente de paz e irmandade reina na congregaci\u00f3n, onde a riqueza humana tam\u00e9n se reparte, tentando que todos os conventos conten cun n\u00famero equilibrado de irm\u00e1s.<\/p>&#13;\n&#13;\n<h3 class=\"wp-block-heading\">A ORIXE<\/h3>&#13;\n&#13;\n<p>A historia desta orde comeza en 1944 da man de Mar\u00eda Rosario Lucas Burgos, unha andaluza nada no seo dunha familia de clase media. S\u00f3 a fe consola a esta muller, que tras ingresar como monxa aos 18 anos desexaba dedicarse \u00e1 exclusiva adoraci\u00f3n do Sant\u00edsimo, pero os seus bos dotes como mestra atrasan ese momento. Despois da Guerra Civil, e xa abandonando a s\u00faa congregaci\u00f3n, vai a M\u00e1laga a buscar apoio no prelado, onde o bispo recolle a petici\u00f3n e confirma o nacemento de \u201cP\u00eda Uni\u00f3n de Fillas da Igrexa\u201d. En 1944 inauguran a s\u00faa capela e visten os seus primeiros h\u00e1bitos. Dous anos m\u00e1is tarde trasl\u00e1danse a Granada xunto ao bispo, e fundan al\u00ed a s\u00faa Casa Nai. Finalmente, en 1948 cons\u00e9guese establecer a Nova Fundaci\u00f3n, na que 12 relixiosas erixen publicamente os seus votos, tantas como ap\u00f3stolos houbo. E nom\u00e9ase a Rosario, Superiora Xeral do Instituto.<\/p>&#13;\n&#13;\n<p>A pesar de vivir en clausura conseguiron ir expandindo a s\u00faa orde por Espa\u00f1a e Latinoam\u00e9rica, sendo posteriormente renombradas polo Decreto como \u201cEscravas do Sant\u00edsimo Sacramento e da Inmaculada\u201d, remarcando nas s\u00faas constituci\u00f3ns a dedicaci\u00f3n eucar\u00edstica. A pesar do falecemento de Rosario en 1960, aos 51 anos de idade, a congregaci\u00f3n puido continuar coa s\u00faa obra contemplativa ata a actualidade.<\/p>&#13;\n","protected":false},"excerpt":{"rendered":"<p>&#13; &#13; As Nais Adoratrices, Escravas do Sant\u00edsimo Sacramento e da Caridade, chegaron a Ferrol en 1958, 14 anos despois da fundaci\u00f3n da orde relixiosa. Instal\u00e1ronse na antiga capela de San Roque, segundo explica Ana Mart\u00edn na reportaxe \u201cPuntadas de Fe\u201d -publicado en rev\u00edstaa \u201cPaix\u00f3n Ferrol\u00e1\u201d, editada por COPE Ferrol- para dedicarse a \u201ca adoraci\u00f3n, [&hellip;]<\/p>\n","protected":false},"author":1,"featured_media":3204,"comment_status":"open","ping_status":"open","sticky":false,"template":"","format":"standard","meta":{"footnotes":""},"categories":[38],"tags":[],"class_list":["post-3823","post","type-post","status-publish","format-standard","has-post-thumbnail","hentry","category-historias-gl"],"yoast_head":"<!-- This site is optimized with the Yoast SEO plugin v27.5 - https:\/\/yoast.com\/product\/yoast-seo-wordpress\/ -->\n<title>Nais Adoratrices, unha vida de Fe - Junta General de Cofrad\u00edas y Hermandades<\/title>\n<meta name=\"robots\" content=\"index, follow, max-snippet:-1, max-image-preview:large, max-video-preview:-1\" \/>\n<link rel=\"canonical\" href=\"https:\/\/semanasantaferrol.com\/gl\/nais-adoratrices-unha-vida-de-fe\/\" \/>\n<meta property=\"og:locale\" content=\"gl_ES\" \/>\n<meta property=\"og:type\" content=\"article\" \/>\n<meta property=\"og:title\" content=\"Nais Adoratrices, unha vida de Fe - Junta General de Cofrad\u00edas y Hermandades\" \/>\n<meta property=\"og:description\" content=\"&#013; &#013; As Nais Adoratrices, Escravas do Sant\u00edsimo Sacramento e da Caridade, chegaron a Ferrol en 1958, 14 anos despois da fundaci\u00f3n da orde relixiosa. Instal\u00e1ronse na antiga capela de San Roque, segundo explica Ana Mart\u00edn na reportaxe \u201cPuntadas de Fe\u201d -publicado en rev\u00edstaa \u201cPaix\u00f3n Ferrol\u00e1\u201d, editada por COPE Ferrol- para dedicarse a \u201ca adoraci\u00f3n, [&hellip;]\" \/>\n<meta property=\"og:url\" content=\"https:\/\/semanasantaferrol.com\/gl\/nais-adoratrices-unha-vida-de-fe\/\" \/>\n<meta property=\"og:site_name\" content=\"Junta General de Cofrad\u00edas y Hermandades\" \/>\n<meta property=\"article:publisher\" content=\"https:\/\/www.facebook.com\/Juntageneraldecofradias\/\" \/>\n<meta property=\"article:published_time\" content=\"2021-08-13T12:01:00+00:00\" \/>\n<meta property=\"article:modified_time\" content=\"2022-09-22T10:38:17+00:00\" \/>\n<meta property=\"og:image\" content=\"https:\/\/semanasantaferrol.com\/wp-content\/uploads\/2022\/08\/esclavas-1527x1536-1-1024x768-1-e1663259286110.jpg\" \/>\n\t<meta property=\"og:image:width\" content=\"300\" \/>\n\t<meta property=\"og:image:height\" content=\"225\" \/>\n\t<meta property=\"og:image:type\" content=\"image\/jpeg\" \/>\n<meta name=\"author\" content=\"srlence\" \/>\n<meta name=\"twitter:card\" content=\"summary_large_image\" \/>\n<meta name=\"twitter:label1\" content=\"Escrito por\" \/>\n\t<meta name=\"twitter:data1\" content=\"srlence\" \/>\n\t<meta name=\"twitter:label2\" content=\"Tempo de lectura\" \/>\n\t<meta name=\"twitter:data2\" content=\"4 minutos\" \/>\n<script type=\"application\/ld+json\" class=\"yoast-schema-graph\">{\"@context\":\"https:\\\/\\\/schema.org\",\"@graph\":[{\"@type\":\"Article\",\"@id\":\"https:\\\/\\\/semanasantaferrol.com\\\/gl\\\/nais-adoratrices-unha-vida-de-fe\\\/#article\",\"isPartOf\":{\"@id\":\"https:\\\/\\\/semanasantaferrol.com\\\/gl\\\/nais-adoratrices-unha-vida-de-fe\\\/\"},\"author\":{\"name\":\"srlence\",\"@id\":\"https:\\\/\\\/semanasantaferrol.com\\\/gl\\\/#\\\/schema\\\/person\\\/b5d6bfd1eb58eb0f957fc06c662f1b1e\"},\"headline\":\"Nais Adoratrices, unha vida de Fe\",\"datePublished\":\"2021-08-13T12:01:00+00:00\",\"dateModified\":\"2022-09-22T10:38:17+00:00\",\"mainEntityOfPage\":{\"@id\":\"https:\\\/\\\/semanasantaferrol.com\\\/gl\\\/nais-adoratrices-unha-vida-de-fe\\\/\"},\"wordCount\":805,\"commentCount\":0,\"publisher\":{\"@id\":\"https:\\\/\\\/semanasantaferrol.com\\\/gl\\\/#organization\"},\"image\":{\"@id\":\"https:\\\/\\\/semanasantaferrol.com\\\/gl\\\/nais-adoratrices-unha-vida-de-fe\\\/#primaryimage\"},\"thumbnailUrl\":\"https:\\\/\\\/semanasantaferrol.com\\\/wp-content\\\/uploads\\\/2022\\\/08\\\/esclavas-1527x1536-1-1024x768-1-e1663259286110.jpg\",\"articleSection\":[\"Historias\"],\"inLanguage\":\"gl-ES\",\"potentialAction\":[{\"@type\":\"CommentAction\",\"name\":\"Comment\",\"target\":[\"https:\\\/\\\/semanasantaferrol.com\\\/gl\\\/nais-adoratrices-unha-vida-de-fe\\\/#respond\"]}]},{\"@type\":\"WebPage\",\"@id\":\"https:\\\/\\\/semanasantaferrol.com\\\/gl\\\/nais-adoratrices-unha-vida-de-fe\\\/\",\"url\":\"https:\\\/\\\/semanasantaferrol.com\\\/gl\\\/nais-adoratrices-unha-vida-de-fe\\\/\",\"name\":\"Nais Adoratrices, unha vida de Fe - Junta General de Cofrad\u00edas y Hermandades\",\"isPartOf\":{\"@id\":\"https:\\\/\\\/semanasantaferrol.com\\\/gl\\\/#website\"},\"primaryImageOfPage\":{\"@id\":\"https:\\\/\\\/semanasantaferrol.com\\\/gl\\\/nais-adoratrices-unha-vida-de-fe\\\/#primaryimage\"},\"image\":{\"@id\":\"https:\\\/\\\/semanasantaferrol.com\\\/gl\\\/nais-adoratrices-unha-vida-de-fe\\\/#primaryimage\"},\"thumbnailUrl\":\"https:\\\/\\\/semanasantaferrol.com\\\/wp-content\\\/uploads\\\/2022\\\/08\\\/esclavas-1527x1536-1-1024x768-1-e1663259286110.jpg\",\"datePublished\":\"2021-08-13T12:01:00+00:00\",\"dateModified\":\"2022-09-22T10:38:17+00:00\",\"breadcrumb\":{\"@id\":\"https:\\\/\\\/semanasantaferrol.com\\\/gl\\\/nais-adoratrices-unha-vida-de-fe\\\/#breadcrumb\"},\"inLanguage\":\"gl-ES\",\"potentialAction\":[{\"@type\":\"ReadAction\",\"target\":[\"https:\\\/\\\/semanasantaferrol.com\\\/gl\\\/nais-adoratrices-unha-vida-de-fe\\\/\"]}]},{\"@type\":\"ImageObject\",\"inLanguage\":\"gl-ES\",\"@id\":\"https:\\\/\\\/semanasantaferrol.com\\\/gl\\\/nais-adoratrices-unha-vida-de-fe\\\/#primaryimage\",\"url\":\"https:\\\/\\\/semanasantaferrol.com\\\/wp-content\\\/uploads\\\/2022\\\/08\\\/esclavas-1527x1536-1-1024x768-1-e1663259286110.jpg\",\"contentUrl\":\"https:\\\/\\\/semanasantaferrol.com\\\/wp-content\\\/uploads\\\/2022\\\/08\\\/esclavas-1527x1536-1-1024x768-1-e1663259286110.jpg\",\"width\":300,\"height\":225},{\"@type\":\"BreadcrumbList\",\"@id\":\"https:\\\/\\\/semanasantaferrol.com\\\/gl\\\/nais-adoratrices-unha-vida-de-fe\\\/#breadcrumb\",\"itemListElement\":[{\"@type\":\"ListItem\",\"position\":1,\"name\":\"Portada\",\"item\":\"https:\\\/\\\/semanasantaferrol.com\\\/gl\\\/\"},{\"@type\":\"ListItem\",\"position\":2,\"name\":\"Nais Adoratrices, unha vida de Fe\"}]},{\"@type\":\"WebSite\",\"@id\":\"https:\\\/\\\/semanasantaferrol.com\\\/gl\\\/#website\",\"url\":\"https:\\\/\\\/semanasantaferrol.com\\\/gl\\\/\",\"name\":\"Junta General de Cofrad\u00edas y Hermandades\",\"description\":\"Semana Santa de Ferrol\",\"publisher\":{\"@id\":\"https:\\\/\\\/semanasantaferrol.com\\\/gl\\\/#organization\"},\"alternateName\":\"Semana Santa de Ferrol\",\"potentialAction\":[{\"@type\":\"SearchAction\",\"target\":{\"@type\":\"EntryPoint\",\"urlTemplate\":\"https:\\\/\\\/semanasantaferrol.com\\\/gl\\\/?s={search_term_string}\"},\"query-input\":{\"@type\":\"PropertyValueSpecification\",\"valueRequired\":true,\"valueName\":\"search_term_string\"}}],\"inLanguage\":\"gl-ES\"},{\"@type\":\"Organization\",\"@id\":\"https:\\\/\\\/semanasantaferrol.com\\\/gl\\\/#organization\",\"name\":\"Junta General de Cofrad\u00edas y Hermandades de la Semana Santa de Ferrol\",\"alternateName\":\"Junta de Cofrad\u00edas de la Semana Santa de Ferrol\",\"url\":\"https:\\\/\\\/semanasantaferrol.com\\\/gl\\\/\",\"logo\":{\"@type\":\"ImageObject\",\"inLanguage\":\"gl-ES\",\"@id\":\"https:\\\/\\\/semanasantaferrol.com\\\/gl\\\/#\\\/schema\\\/logo\\\/image\\\/\",\"url\":\"https:\\\/\\\/semanasantaferrol.com\\\/wp-content\\\/uploads\\\/2022\\\/10\\\/junta_general_logo.svg\",\"contentUrl\":\"https:\\\/\\\/semanasantaferrol.com\\\/wp-content\\\/uploads\\\/2022\\\/10\\\/junta_general_logo.svg\",\"width\":600,\"height\":790,\"caption\":\"Junta General de Cofrad\u00edas y Hermandades de la Semana Santa de Ferrol\"},\"image\":{\"@id\":\"https:\\\/\\\/semanasantaferrol.com\\\/gl\\\/#\\\/schema\\\/logo\\\/image\\\/\"},\"sameAs\":[\"https:\\\/\\\/www.facebook.com\\\/Juntageneraldecofradias\\\/\",\"https:\\\/\\\/www.instagram.com\\\/juntageneralcofradiasferrol\\\/\",\"https:\\\/\\\/www.youtube.com\\\/@semanasantadeferrol1616\",\"https:\\\/\\\/www.tiktok.com\\\/@semanasantadeferrol\"]},{\"@type\":\"Person\",\"@id\":\"https:\\\/\\\/semanasantaferrol.com\\\/gl\\\/#\\\/schema\\\/person\\\/b5d6bfd1eb58eb0f957fc06c662f1b1e\",\"name\":\"srlence\",\"image\":{\"@type\":\"ImageObject\",\"inLanguage\":\"gl-ES\",\"@id\":\"https:\\\/\\\/secure.gravatar.com\\\/avatar\\\/bd76fc38ab7bde518f9db5c7bdc8cd37d8f6cb9314bec587b482daba8068bc3d?s=96&d=mm&r=g\",\"url\":\"https:\\\/\\\/secure.gravatar.com\\\/avatar\\\/bd76fc38ab7bde518f9db5c7bdc8cd37d8f6cb9314bec587b482daba8068bc3d?s=96&d=mm&r=g\",\"contentUrl\":\"https:\\\/\\\/secure.gravatar.com\\\/avatar\\\/bd76fc38ab7bde518f9db5c7bdc8cd37d8f6cb9314bec587b482daba8068bc3d?s=96&d=mm&r=g\",\"caption\":\"srlence\"},\"sameAs\":[\"https:\\\/\\\/semanasantaferrol.com\"],\"url\":\"https:\\\/\\\/semanasantaferrol.com\\\/gl\"}]}<\/script>\n<!-- \/ Yoast SEO plugin. -->","yoast_head_json":{"title":"Nais Adoratrices, unha vida de Fe - Junta General de Cofrad\u00edas y Hermandades","robots":{"index":"index","follow":"follow","max-snippet":"max-snippet:-1","max-image-preview":"max-image-preview:large","max-video-preview":"max-video-preview:-1"},"canonical":"https:\/\/semanasantaferrol.com\/gl\/nais-adoratrices-unha-vida-de-fe\/","og_locale":"gl_ES","og_type":"article","og_title":"Nais Adoratrices, unha vida de Fe - Junta General de Cofrad\u00edas y Hermandades","og_description":"&#13; &#13; As Nais Adoratrices, Escravas do Sant\u00edsimo Sacramento e da Caridade, chegaron a Ferrol en 1958, 14 anos despois da fundaci\u00f3n da orde relixiosa. Instal\u00e1ronse na antiga capela de San Roque, segundo explica Ana Mart\u00edn na reportaxe \u201cPuntadas de Fe\u201d -publicado en rev\u00edstaa \u201cPaix\u00f3n Ferrol\u00e1\u201d, editada por COPE Ferrol- para dedicarse a \u201ca adoraci\u00f3n, [&hellip;]","og_url":"https:\/\/semanasantaferrol.com\/gl\/nais-adoratrices-unha-vida-de-fe\/","og_site_name":"Junta General de Cofrad\u00edas y Hermandades","article_publisher":"https:\/\/www.facebook.com\/Juntageneraldecofradias\/","article_published_time":"2021-08-13T12:01:00+00:00","article_modified_time":"2022-09-22T10:38:17+00:00","og_image":[{"width":300,"height":225,"url":"https:\/\/semanasantaferrol.com\/wp-content\/uploads\/2022\/08\/esclavas-1527x1536-1-1024x768-1-e1663259286110.jpg","type":"image\/jpeg"}],"author":"srlence","twitter_card":"summary_large_image","twitter_misc":{"Escrito por":"srlence","Tempo de lectura":"4 minutos"},"schema":{"@context":"https:\/\/schema.org","@graph":[{"@type":"Article","@id":"https:\/\/semanasantaferrol.com\/gl\/nais-adoratrices-unha-vida-de-fe\/#article","isPartOf":{"@id":"https:\/\/semanasantaferrol.com\/gl\/nais-adoratrices-unha-vida-de-fe\/"},"author":{"name":"srlence","@id":"https:\/\/semanasantaferrol.com\/gl\/#\/schema\/person\/b5d6bfd1eb58eb0f957fc06c662f1b1e"},"headline":"Nais Adoratrices, unha vida de Fe","datePublished":"2021-08-13T12:01:00+00:00","dateModified":"2022-09-22T10:38:17+00:00","mainEntityOfPage":{"@id":"https:\/\/semanasantaferrol.com\/gl\/nais-adoratrices-unha-vida-de-fe\/"},"wordCount":805,"commentCount":0,"publisher":{"@id":"https:\/\/semanasantaferrol.com\/gl\/#organization"},"image":{"@id":"https:\/\/semanasantaferrol.com\/gl\/nais-adoratrices-unha-vida-de-fe\/#primaryimage"},"thumbnailUrl":"https:\/\/semanasantaferrol.com\/wp-content\/uploads\/2022\/08\/esclavas-1527x1536-1-1024x768-1-e1663259286110.jpg","articleSection":["Historias"],"inLanguage":"gl-ES","potentialAction":[{"@type":"CommentAction","name":"Comment","target":["https:\/\/semanasantaferrol.com\/gl\/nais-adoratrices-unha-vida-de-fe\/#respond"]}]},{"@type":"WebPage","@id":"https:\/\/semanasantaferrol.com\/gl\/nais-adoratrices-unha-vida-de-fe\/","url":"https:\/\/semanasantaferrol.com\/gl\/nais-adoratrices-unha-vida-de-fe\/","name":"Nais Adoratrices, unha vida de Fe - Junta General de Cofrad\u00edas y Hermandades","isPartOf":{"@id":"https:\/\/semanasantaferrol.com\/gl\/#website"},"primaryImageOfPage":{"@id":"https:\/\/semanasantaferrol.com\/gl\/nais-adoratrices-unha-vida-de-fe\/#primaryimage"},"image":{"@id":"https:\/\/semanasantaferrol.com\/gl\/nais-adoratrices-unha-vida-de-fe\/#primaryimage"},"thumbnailUrl":"https:\/\/semanasantaferrol.com\/wp-content\/uploads\/2022\/08\/esclavas-1527x1536-1-1024x768-1-e1663259286110.jpg","datePublished":"2021-08-13T12:01:00+00:00","dateModified":"2022-09-22T10:38:17+00:00","breadcrumb":{"@id":"https:\/\/semanasantaferrol.com\/gl\/nais-adoratrices-unha-vida-de-fe\/#breadcrumb"},"inLanguage":"gl-ES","potentialAction":[{"@type":"ReadAction","target":["https:\/\/semanasantaferrol.com\/gl\/nais-adoratrices-unha-vida-de-fe\/"]}]},{"@type":"ImageObject","inLanguage":"gl-ES","@id":"https:\/\/semanasantaferrol.com\/gl\/nais-adoratrices-unha-vida-de-fe\/#primaryimage","url":"https:\/\/semanasantaferrol.com\/wp-content\/uploads\/2022\/08\/esclavas-1527x1536-1-1024x768-1-e1663259286110.jpg","contentUrl":"https:\/\/semanasantaferrol.com\/wp-content\/uploads\/2022\/08\/esclavas-1527x1536-1-1024x768-1-e1663259286110.jpg","width":300,"height":225},{"@type":"BreadcrumbList","@id":"https:\/\/semanasantaferrol.com\/gl\/nais-adoratrices-unha-vida-de-fe\/#breadcrumb","itemListElement":[{"@type":"ListItem","position":1,"name":"Portada","item":"https:\/\/semanasantaferrol.com\/gl\/"},{"@type":"ListItem","position":2,"name":"Nais Adoratrices, unha vida de Fe"}]},{"@type":"WebSite","@id":"https:\/\/semanasantaferrol.com\/gl\/#website","url":"https:\/\/semanasantaferrol.com\/gl\/","name":"Junta General de Cofrad\u00edas y Hermandades","description":"Semana Santa de Ferrol","publisher":{"@id":"https:\/\/semanasantaferrol.com\/gl\/#organization"},"alternateName":"Semana Santa de Ferrol","potentialAction":[{"@type":"SearchAction","target":{"@type":"EntryPoint","urlTemplate":"https:\/\/semanasantaferrol.com\/gl\/?s={search_term_string}"},"query-input":{"@type":"PropertyValueSpecification","valueRequired":true,"valueName":"search_term_string"}}],"inLanguage":"gl-ES"},{"@type":"Organization","@id":"https:\/\/semanasantaferrol.com\/gl\/#organization","name":"Junta General de Cofrad\u00edas y Hermandades de la Semana Santa de Ferrol","alternateName":"Junta de Cofrad\u00edas de la Semana Santa de Ferrol","url":"https:\/\/semanasantaferrol.com\/gl\/","logo":{"@type":"ImageObject","inLanguage":"gl-ES","@id":"https:\/\/semanasantaferrol.com\/gl\/#\/schema\/logo\/image\/","url":"https:\/\/semanasantaferrol.com\/wp-content\/uploads\/2022\/10\/junta_general_logo.svg","contentUrl":"https:\/\/semanasantaferrol.com\/wp-content\/uploads\/2022\/10\/junta_general_logo.svg","width":600,"height":790,"caption":"Junta General de Cofrad\u00edas y Hermandades de la Semana Santa de Ferrol"},"image":{"@id":"https:\/\/semanasantaferrol.com\/gl\/#\/schema\/logo\/image\/"},"sameAs":["https:\/\/www.facebook.com\/Juntageneraldecofradias\/","https:\/\/www.instagram.com\/juntageneralcofradiasferrol\/","https:\/\/www.youtube.com\/@semanasantadeferrol1616","https:\/\/www.tiktok.com\/@semanasantadeferrol"]},{"@type":"Person","@id":"https:\/\/semanasantaferrol.com\/gl\/#\/schema\/person\/b5d6bfd1eb58eb0f957fc06c662f1b1e","name":"srlence","image":{"@type":"ImageObject","inLanguage":"gl-ES","@id":"https:\/\/secure.gravatar.com\/avatar\/bd76fc38ab7bde518f9db5c7bdc8cd37d8f6cb9314bec587b482daba8068bc3d?s=96&d=mm&r=g","url":"https:\/\/secure.gravatar.com\/avatar\/bd76fc38ab7bde518f9db5c7bdc8cd37d8f6cb9314bec587b482daba8068bc3d?s=96&d=mm&r=g","contentUrl":"https:\/\/secure.gravatar.com\/avatar\/bd76fc38ab7bde518f9db5c7bdc8cd37d8f6cb9314bec587b482daba8068bc3d?s=96&d=mm&r=g","caption":"srlence"},"sameAs":["https:\/\/semanasantaferrol.com"],"url":"https:\/\/semanasantaferrol.com\/gl"}]}},"_links":{"self":[{"href":"https:\/\/semanasantaferrol.com\/gl\/wp-json\/wp\/v2\/posts\/3823","targetHints":{"allow":["GET"]}}],"collection":[{"href":"https:\/\/semanasantaferrol.com\/gl\/wp-json\/wp\/v2\/posts"}],"about":[{"href":"https:\/\/semanasantaferrol.com\/gl\/wp-json\/wp\/v2\/types\/post"}],"author":[{"embeddable":true,"href":"https:\/\/semanasantaferrol.com\/gl\/wp-json\/wp\/v2\/users\/1"}],"replies":[{"embeddable":true,"href":"https:\/\/semanasantaferrol.com\/gl\/wp-json\/wp\/v2\/comments?post=3823"}],"version-history":[{"count":1,"href":"https:\/\/semanasantaferrol.com\/gl\/wp-json\/wp\/v2\/posts\/3823\/revisions"}],"predecessor-version":[{"id":3824,"href":"https:\/\/semanasantaferrol.com\/gl\/wp-json\/wp\/v2\/posts\/3823\/revisions\/3824"}],"wp:featuredmedia":[{"embeddable":true,"href":"https:\/\/semanasantaferrol.com\/gl\/wp-json\/wp\/v2\/media\/3204"}],"wp:attachment":[{"href":"https:\/\/semanasantaferrol.com\/gl\/wp-json\/wp\/v2\/media?parent=3823"}],"wp:term":[{"taxonomy":"category","embeddable":true,"href":"https:\/\/semanasantaferrol.com\/gl\/wp-json\/wp\/v2\/categories?post=3823"},{"taxonomy":"post_tag","embeddable":true,"href":"https:\/\/semanasantaferrol.com\/gl\/wp-json\/wp\/v2\/tags?post=3823"}],"curies":[{"name":"wp","href":"https:\/\/api.w.org\/{rel}","templated":true}]}}