{"id":12290,"date":"2026-09-01T07:20:20","date_gmt":"2026-09-01T07:20:20","guid":{"rendered":"https:\/\/semanasantaferrol.com\/actualizacion-extraordinaria\/"},"modified":"2026-09-01T07:32:16","modified_gmt":"2026-09-01T07:32:16","slug":"actualizacion-extraordinaria","status":"publish","type":"post","link":"https:\/\/semanasantaferrol.com\/gl\/actualizacion-extraordinaria\/","title":{"rendered":"Actualizaci\u00f3n: Todos os terzos de Dolores estar\u00e1n na extraordinaria do d\u00eda 5"},"content":{"rendered":"<p>A Confrar\u00eda de Dolores conmemora cunha procesi\u00f3n extraordinaria o 275\u00ba aniversario da instituci\u00f3n can\u00f3nica da antiga Congregaci\u00f3n dos Servos de Mar\u00eda<\/p>\n<p>Mar\u00eda Sant\u00edsima dos Dolores percorrer\u00e1 as r\u00faas de Ferrol o s\u00e1bado 5 de setembro, nos d\u00edas previos \u00e1 s\u00faa festividade, que este ano ter\u00e1 un car\u00e1cter especialmente solemne.<\/p>\n<p>A Venerable e Moi Ilustre Confrar\u00eda do Sant\u00edsimo Cristo da Misericordia e Mar\u00eda Sant\u00edsima dos Dolores celebrar\u00e1 durante o mes de setembro diversos actos relixiosos con motivo da conmemoraci\u00f3n do 27\u00ba aniversario da instituci\u00f3n can\u00f3nica da antiga Congregaci\u00f3n de Servos de Mar\u00eda Sant\u00edsima dos Dolores, de cuxa tradici\u00f3n espiritual e devocional \u00e9 continuadora a actual Confrar\u00eda.<\/p>\n<p>Con motivo desta significativa efem\u00e9ride, a Confrar\u00eda est\u00e1 xa ultimando os preparativos da procesi\u00f3n extraordinaria en honra a Mar\u00eda Sant\u00edsima dos Dolores, que ter\u00e1 lugar o vindeiro s\u00e1bado 5 de setembro.<\/p>\n<p>A elecci\u00f3n desta data non \u00e9 casual. A sa\u00edda extraordinaria cel\u00e9brase nos d\u00edas previos ao 15 de setembro, festividade de Nosa Se\u00f1ora dos Dolores, unha data especialmente vinculada \u00e1 identidade e \u00e1 historia da Confrar\u00eda. Deste xeito, a corporaci\u00f3n quere unir a conmemoraci\u00f3n dos seus 275 anos de historia e tradici\u00f3n coa celebraci\u00f3n da festividade dedicada \u00e1 s\u00faa Sacra Titular, que este ano ter\u00e1 un car\u00e1cter especialmente significativo e solemne.<\/p>\n<p>Os actos comezar\u00e1n o venres 4 de setembro, \u00e1s 20:00h cun Rosario vespertino en traslado, mediante o cal a imaxe de Nosa Se\u00f1ora dos Dolores ser\u00e1 levada ata a Santa Igrexa Concatedral de San Xiao.<\/p>\n<p>Ao d\u00eda seguinte, s\u00e1bado 5 de setembro, \u00e1s 19:00h, ter\u00e1 lugar a celebraci\u00f3n da Santa Misa na Santa Igrexa Concatedral de San Xiao. Unha vez finalizada a celebraci\u00f3n eucar\u00edstica, dar\u00e1 comezo a procesi\u00f3n extraordinaria.<\/p>\n<h3>Un percorrido que recuperar\u00e1 as orixes da devoci\u00f3n<\/h3>\n<p>O percorrido definitivo da procesi\u00f3n a\u00ednda non puido pecharse na s\u00faa totalidade, xa que se atopa condicionado polo avance das obras correspondentes ao proxecto \u00abAbrir Ferrol ao Mar\u00bb e polas posibles afecci\u00f3ns que estas poidan xerar nas v\u00edas polas que debe transcorrer a procesi\u00f3n.<\/p>\n<p>No entanto, existe unha intenci\u00f3n clara por parte da Confrar\u00eda: Mar\u00eda Sant\u00edsima de Dolores desprazarase cara \u00e1 zona do peirao, concretamente ata a Praza Vella, un lugar de especial relevancia hist\u00f3rica para a devoci\u00f3n \u00e1 Virxe de Dolores na cidade.<\/p>\n<p>Neste enclave atop\u00e1base a antiga igrexa de Santo Juli\u00e1n e foi precisamente nesta contorna onde comezou o culto a Maria Sant\u00edsima dos Dolores en Ferrol, hai m\u00e1is de dous s\u00e9culos, polo que o paso da imaxe por este lugar permitir\u00e1 establecer un v\u00ednculo simb\u00f3lico entre as orixes desta devoci\u00f3n e a s\u00faa presenza actual nas r\u00faas da cidade.<\/p>\n<h3>Unha procesi\u00f3n con representaci\u00f3n de toda a Confrar\u00eda<\/h3>\n<p>Un dos aspectos salientables desta sa\u00edda extraordinaria ser\u00e1 a participaci\u00f3n de confrades de todos os terzos que integran a Confrar\u00eda de Dolores, que estar\u00e1n representados na procesi\u00f3n acompa\u00f1ando \u00e1 s\u00faa Sacra Titular nunha ocasi\u00f3n especialmente significativa para a corporaci\u00f3n.<\/p>\n<p>As\u00ed mesmo, a Confrar\u00eda de Dolores quixo facer extensiva a celebraci\u00f3n ao conxunto confrade da Diocese de Mondo\u00f1edo-Ferrol, \u00e1 que pertence. Por iso, invitouse a participar \u00e1s distintas confrar\u00edas penitenciales diocesanas. A resposta est\u00e1 a ser especialmente positiva e, a poucos d\u00edas da celebraci\u00f3n, a maior\u00eda das corporaci\u00f3ns xa confirmaron a s\u00faa participaci\u00f3n, o que permitir\u00e1 que a procesi\u00f3n extraordinaria conte cunha ampla representaci\u00f3n das irmandades e confrar\u00edas da Diocese.<\/p>\n<p>O acompa\u00f1amento musical correr\u00e1 a cargo da Banda de M\u00fasica Misericordia de Viveiro e da Banda Xove de Nar\u00f3n. Esta \u00faltima mant\u00e9n, ademais, un v\u00ednculo especialmente estreito con Mar\u00eda Sant\u00edsima de Dolores, xa que desde hai anos acompa\u00f1a musicalmente \u00e1 Virxe en cada unha das s\u00faas sa\u00eddas procesionais.<\/p>\n<p>A presenza extraordinaria de Mar\u00eda Sant\u00edsima de Dolores nas r\u00faas de Ferrol pretende ser unha expresi\u00f3n p\u00fablica da devoci\u00f3n que, durante xeraci\u00f3ns, acompa\u00f1ou a esta advocaci\u00f3n na cidade e unha oportunidade para estreitar os v\u00ednculos que unen \u00e1s distintas corporaci\u00f3ns penitenciales da Diocese de Mondo\u00f1edo-Ferrol.<\/p>\n<p>Como continuaci\u00f3n destas celebraci\u00f3ns, do luns 7 ao martes 15 de setembro, celebrarase diariamente, \u00e1s 19.00 horas, a Solemne Novena en honra da nosa Se\u00f1ora dos Dolores na Igrexa Parroquial da nosa Se\u00f1ora dos Dolores, culminando o 15 de setembro, d\u00eda dedicado \u00e1 Virxe dos Dolores.<\/p>\n<p>Con este programa de actos, a Venerable e Moi Ilustre Confrar\u00eda do Sant\u00edsimo Cristo da Misericordia e Mar\u00eda Sant\u00edsima dos Dolores quere conmemorar unha efem\u00e9ride fundamental na s\u00faa historia e po\u00f1er en valor a continuidade dunha tradici\u00f3n espiritual e devocional que, 275 anos despois, contin\u00faa viva en Ferrol.<\/p>\n<h3>Programa de celebraci\u00f3ns<\/h3>\n<p>\u2022<strong> Venres 4 de setembro | 20.00 h<\/strong><br \/>\nRosario vespertino e traslado da nosa Se\u00f1ora dos Dolores \u00e1 Santa Iglesia Concatedral de Santo Juli\u00e1n.<\/p>\n<p>\u2022 <strong>S\u00e1bado 5 de setembro | 19.00 h<\/strong><br \/>\nSanto Misa na Santa Iglesia Concatedral de Santo Juli\u00e1n.<br \/>\nA continuaci\u00f3n, procesi\u00f3n extraordinaria de Mar\u00eda Sant\u00edsima dos Dolores ata a Igrexa Parroquial da nosa Se\u00f1ora dos Dolores. O percorrido definitivo comunicarase unha vez concr\u00e9tese en funci\u00f3n do avance das obras de \u00abAbrir Ferrol ao Mar\u00bb.<\/p>\n<p><strong>\u2022 Do luns 7 ao martes 15 de setembro | 19.00 h<\/strong><br \/>\nSolemne Novena en honra da nosa Se\u00f1ora dos Dolores na Igrexa Parroquial da nosa Se\u00f1ora dos Dolores.<\/p>\n<p><strong>\u2022 Martes 15 de setembro<\/strong><br \/>\nFestividade da nosa Se\u00f1ora dos Dolores e culminaci\u00f3n das celebraci\u00f3ns extraordinarias.<\/p>\n","protected":false},"excerpt":{"rendered":"<p>A Confrar\u00eda de Dolores conmemora cunha procesi\u00f3n extraordinaria o 275\u00ba aniversario da instituci\u00f3n can\u00f3nica da antiga Congregaci\u00f3n dos Servos de Mar\u00eda Mar\u00eda Sant\u00edsima dos Dolores percorrer\u00e1 as r\u00faas de Ferrol o s\u00e1bado 5 de setembro, nos d\u00edas previos \u00e1 s\u00faa festividade, que este ano ter\u00e1 un car\u00e1cter especialmente solemne. A Venerable e Moi Ilustre Confrar\u00eda [&hellip;]<\/p>\n","protected":false},"author":3,"featured_media":12291,"comment_status":"open","ping_status":"open","sticky":false,"template":"","format":"standard","meta":{"footnotes":""},"categories":[37],"tags":[],"class_list":["post-12290","post","type-post","status-publish","format-standard","has-post-thumbnail","hentry","category-dores"],"yoast_head":"<!-- This site is optimized with the Yoast SEO plugin v28.4 - https:\/\/yoast.com\/product\/yoast-seo-wordpress\/ -->\n<title>Actualizaci\u00f3n: Todos os terzos de Dolores estar\u00e1n na extraordinaria do d\u00eda 5 - Junta General de Cofrad\u00edas y Hermandades<\/title>\n<meta name=\"description\" content=\"Todos los tercios de la Cofrad\u00eda de Dolores participar\u00e1n en la procesi\u00f3n extraordinaria del s\u00e1bado 5, por el 275 aniversario de los Servitas\" \/>\n<meta name=\"robots\" content=\"index, follow, max-snippet:-1, max-image-preview:large, max-video-preview:-1\" \/>\n<link rel=\"canonical\" href=\"https:\/\/semanasantaferrol.com\/gl\/actualizacion-extraordinaria\/\" \/>\n<meta property=\"og:locale\" content=\"gl_ES\" \/>\n<meta property=\"og:type\" content=\"article\" \/>\n<meta property=\"og:title\" content=\"Actualizaci\u00f3n: Todos os terzos de Dolores estar\u00e1n na extraordinaria do d\u00eda 5 - Junta General de Cofrad\u00edas y Hermandades\" \/>\n<meta property=\"og:description\" content=\"Todos los tercios de la Cofrad\u00eda de Dolores participar\u00e1n en la procesi\u00f3n extraordinaria del s\u00e1bado 5, por el 275 aniversario de los Servitas\" \/>\n<meta property=\"og:url\" content=\"https:\/\/semanasantaferrol.com\/gl\/actualizacion-extraordinaria\/\" \/>\n<meta property=\"og:site_name\" content=\"Junta General de Cofrad\u00edas y Hermandades\" \/>\n<meta property=\"article:publisher\" content=\"https:\/\/www.facebook.com\/Juntageneraldecofradias\/\" \/>\n<meta property=\"article:published_time\" content=\"2026-09-01T07:20:20+00:00\" \/>\n<meta property=\"article:modified_time\" content=\"2026-09-01T07:32:16+00:00\" \/>\n<meta property=\"og:image\" content=\"https:\/\/semanasantaferrol.com\/wp-content\/uploads\/2026\/09\/Dolores-1-scaled-e1788247136999.jpg\" \/>\n\t<meta property=\"og:image:width\" content=\"2040\" \/>\n\t<meta property=\"og:image:height\" content=\"1532\" \/>\n\t<meta property=\"og:image:type\" content=\"image\/jpeg\" \/>\n<meta name=\"author\" content=\"pingota\" \/>\n<meta name=\"twitter:card\" content=\"summary_large_image\" \/>\n<meta name=\"twitter:label1\" content=\"Escrito por\" \/>\n\t<meta name=\"twitter:data1\" content=\"pingota\" \/>\n\t<meta name=\"twitter:label2\" content=\"Tempo de lectura\" \/>\n\t<meta name=\"twitter:data2\" content=\"5 minutos\" \/>\n<script type=\"application\/ld+json\" class=\"yoast-schema-graph\">{\"@context\":\"https:\\\/\\\/schema.org\",\"@graph\":[{\"@type\":\"Article\",\"@id\":\"https:\\\/\\\/semanasantaferrol.com\\\/gl\\\/actualizacion-extraordinaria\\\/#article\",\"isPartOf\":{\"@id\":\"https:\\\/\\\/semanasantaferrol.com\\\/gl\\\/actualizacion-extraordinaria\\\/\"},\"author\":{\"name\":\"pingota\",\"@id\":\"https:\\\/\\\/semanasantaferrol.com\\\/gl\\\/#\\\/schema\\\/person\\\/cdd132690f08f75a35f05e2423e6307c\"},\"headline\":\"Actualizaci\u00f3n: Todos os terzos de Dolores estar\u00e1n na extraordinaria do d\u00eda 5\",\"datePublished\":\"2026-09-01T07:20:20+00:00\",\"dateModified\":\"2026-09-01T07:32:16+00:00\",\"mainEntityOfPage\":{\"@id\":\"https:\\\/\\\/semanasantaferrol.com\\\/gl\\\/actualizacion-extraordinaria\\\/\"},\"wordCount\":979,\"commentCount\":0,\"publisher\":{\"@id\":\"https:\\\/\\\/semanasantaferrol.com\\\/gl\\\/#organization\"},\"image\":{\"@id\":\"https:\\\/\\\/semanasantaferrol.com\\\/gl\\\/actualizacion-extraordinaria\\\/#primaryimage\"},\"thumbnailUrl\":\"https:\\\/\\\/semanasantaferrol.com\\\/wp-content\\\/uploads\\\/2026\\\/09\\\/Dolores-1-scaled-e1788247136999.jpg\",\"articleSection\":[\"Dolores\"],\"inLanguage\":\"gl-ES\",\"potentialAction\":[{\"@type\":\"CommentAction\",\"name\":\"Comment\",\"target\":[\"https:\\\/\\\/semanasantaferrol.com\\\/gl\\\/actualizacion-extraordinaria\\\/#respond\"]}]},{\"@type\":\"WebPage\",\"@id\":\"https:\\\/\\\/semanasantaferrol.com\\\/gl\\\/actualizacion-extraordinaria\\\/\",\"url\":\"https:\\\/\\\/semanasantaferrol.com\\\/gl\\\/actualizacion-extraordinaria\\\/\",\"name\":\"Actualizaci\u00f3n: Todos os terzos de Dolores estar\u00e1n na extraordinaria do d\u00eda 5 - Junta General de Cofrad\u00edas y Hermandades\",\"isPartOf\":{\"@id\":\"https:\\\/\\\/semanasantaferrol.com\\\/gl\\\/#website\"},\"primaryImageOfPage\":{\"@id\":\"https:\\\/\\\/semanasantaferrol.com\\\/gl\\\/actualizacion-extraordinaria\\\/#primaryimage\"},\"image\":{\"@id\":\"https:\\\/\\\/semanasantaferrol.com\\\/gl\\\/actualizacion-extraordinaria\\\/#primaryimage\"},\"thumbnailUrl\":\"https:\\\/\\\/semanasantaferrol.com\\\/wp-content\\\/uploads\\\/2026\\\/09\\\/Dolores-1-scaled-e1788247136999.jpg\",\"datePublished\":\"2026-09-01T07:20:20+00:00\",\"dateModified\":\"2026-09-01T07:32:16+00:00\",\"description\":\"Todos los tercios de la Cofrad\u00eda de Dolores participar\u00e1n en la procesi\u00f3n extraordinaria del s\u00e1bado 5, por el 275 aniversario de los Servitas\",\"breadcrumb\":{\"@id\":\"https:\\\/\\\/semanasantaferrol.com\\\/gl\\\/actualizacion-extraordinaria\\\/#breadcrumb\"},\"inLanguage\":\"gl-ES\",\"potentialAction\":[{\"@type\":\"ReadAction\",\"target\":[\"https:\\\/\\\/semanasantaferrol.com\\\/gl\\\/actualizacion-extraordinaria\\\/\"]}]},{\"@type\":\"ImageObject\",\"inLanguage\":\"gl-ES\",\"@id\":\"https:\\\/\\\/semanasantaferrol.com\\\/gl\\\/actualizacion-extraordinaria\\\/#primaryimage\",\"url\":\"https:\\\/\\\/semanasantaferrol.com\\\/wp-content\\\/uploads\\\/2026\\\/09\\\/Dolores-1-scaled-e1788247136999.jpg\",\"contentUrl\":\"https:\\\/\\\/semanasantaferrol.com\\\/wp-content\\\/uploads\\\/2026\\\/09\\\/Dolores-1-scaled-e1788247136999.jpg\",\"width\":2040,\"height\":1532},{\"@type\":\"BreadcrumbList\",\"@id\":\"https:\\\/\\\/semanasantaferrol.com\\\/gl\\\/actualizacion-extraordinaria\\\/#breadcrumb\",\"itemListElement\":[{\"@type\":\"ListItem\",\"position\":1,\"name\":\"Portada\",\"item\":\"https:\\\/\\\/semanasantaferrol.com\\\/gl\\\/\"},{\"@type\":\"ListItem\",\"position\":2,\"name\":\"Actualizaci\u00f3n: Todos os terzos de Dolores estar\u00e1n na extraordinaria do d\u00eda 5\"}]},{\"@type\":\"WebSite\",\"@id\":\"https:\\\/\\\/semanasantaferrol.com\\\/gl\\\/#website\",\"url\":\"https:\\\/\\\/semanasantaferrol.com\\\/gl\\\/\",\"name\":\"Junta General de Cofrad\u00edas y Hermandades\",\"description\":\"Semana Santa de Ferrol\",\"publisher\":{\"@id\":\"https:\\\/\\\/semanasantaferrol.com\\\/gl\\\/#organization\"},\"alternateName\":\"Semana Santa de Ferrol\",\"potentialAction\":[{\"@type\":\"SearchAction\",\"target\":{\"@type\":\"EntryPoint\",\"urlTemplate\":\"https:\\\/\\\/semanasantaferrol.com\\\/gl\\\/?s={search_term_string}\"},\"query-input\":{\"@type\":\"PropertyValueSpecification\",\"valueRequired\":true,\"valueName\":\"search_term_string\"}}],\"inLanguage\":\"gl-ES\"},{\"@type\":\"Organization\",\"@id\":\"https:\\\/\\\/semanasantaferrol.com\\\/gl\\\/#organization\",\"name\":\"Junta General de Cofrad\u00edas y Hermandades de la Semana Santa de Ferrol\",\"alternateName\":\"Junta de Cofrad\u00edas de la Semana Santa de Ferrol\",\"url\":\"https:\\\/\\\/semanasantaferrol.com\\\/gl\\\/\",\"logo\":{\"@type\":\"ImageObject\",\"inLanguage\":\"gl-ES\",\"@id\":\"https:\\\/\\\/semanasantaferrol.com\\\/gl\\\/#\\\/schema\\\/logo\\\/image\\\/\",\"url\":\"https:\\\/\\\/semanasantaferrol.com\\\/wp-content\\\/uploads\\\/2022\\\/10\\\/junta_general_logo.svg\",\"contentUrl\":\"https:\\\/\\\/semanasantaferrol.com\\\/wp-content\\\/uploads\\\/2022\\\/10\\\/junta_general_logo.svg\",\"width\":600,\"height\":790,\"caption\":\"Junta General de Cofrad\u00edas y Hermandades de la Semana Santa de Ferrol\"},\"image\":{\"@id\":\"https:\\\/\\\/semanasantaferrol.com\\\/gl\\\/#\\\/schema\\\/logo\\\/image\\\/\"},\"sameAs\":[\"https:\\\/\\\/www.facebook.com\\\/Juntageneraldecofradias\\\/\",\"https:\\\/\\\/www.instagram.com\\\/juntageneralcofradiasferrol\\\/\",\"https:\\\/\\\/www.youtube.com\\\/@semanasantadeferrol1616\",\"https:\\\/\\\/www.tiktok.com\\\/@semanasantadeferrol\"]},{\"@type\":\"Person\",\"@id\":\"https:\\\/\\\/semanasantaferrol.com\\\/gl\\\/#\\\/schema\\\/person\\\/cdd132690f08f75a35f05e2423e6307c\",\"name\":\"pingota\",\"image\":{\"@type\":\"ImageObject\",\"inLanguage\":\"gl-ES\",\"@id\":\"https:\\\/\\\/secure.gravatar.com\\\/avatar\\\/b1bb79ecdfb8d6f4c44a82262f8b422faeb290304fc5c6f8b9b4305bfaa2853c?s=96&d=mm&r=g\",\"url\":\"https:\\\/\\\/secure.gravatar.com\\\/avatar\\\/b1bb79ecdfb8d6f4c44a82262f8b422faeb290304fc5c6f8b9b4305bfaa2853c?s=96&d=mm&r=g\",\"contentUrl\":\"https:\\\/\\\/secure.gravatar.com\\\/avatar\\\/b1bb79ecdfb8d6f4c44a82262f8b422faeb290304fc5c6f8b9b4305bfaa2853c?s=96&d=mm&r=g\",\"caption\":\"pingota\"},\"url\":\"https:\\\/\\\/semanasantaferrol.com\\\/gl\"}]}<\/script>\n<!-- \/ Yoast SEO plugin. -->","yoast_head_json":{"title":"Actualizaci\u00f3n: Todos os terzos de Dolores estar\u00e1n na extraordinaria do d\u00eda 5 - Junta General de Cofrad\u00edas y Hermandades","description":"Todos los tercios de la Cofrad\u00eda de Dolores participar\u00e1n en la procesi\u00f3n extraordinaria del s\u00e1bado 5, por el 275 aniversario de los Servitas","robots":{"index":"index","follow":"follow","max-snippet":"max-snippet:-1","max-image-preview":"max-image-preview:large","max-video-preview":"max-video-preview:-1"},"canonical":"https:\/\/semanasantaferrol.com\/gl\/actualizacion-extraordinaria\/","og_locale":"gl_ES","og_type":"article","og_title":"Actualizaci\u00f3n: Todos os terzos de Dolores estar\u00e1n na extraordinaria do d\u00eda 5 - Junta General de Cofrad\u00edas y Hermandades","og_description":"Todos los tercios de la Cofrad\u00eda de Dolores participar\u00e1n en la procesi\u00f3n extraordinaria del s\u00e1bado 5, por el 275 aniversario de los Servitas","og_url":"https:\/\/semanasantaferrol.com\/gl\/actualizacion-extraordinaria\/","og_site_name":"Junta General de Cofrad\u00edas y Hermandades","article_publisher":"https:\/\/www.facebook.com\/Juntageneraldecofradias\/","article_published_time":"2026-09-01T07:20:20+00:00","article_modified_time":"2026-09-01T07:32:16+00:00","og_image":[{"width":2040,"height":1532,"url":"https:\/\/semanasantaferrol.com\/wp-content\/uploads\/2026\/09\/Dolores-1-scaled-e1788247136999.jpg","type":"image\/jpeg"}],"author":"pingota","twitter_card":"summary_large_image","twitter_misc":{"Escrito por":"pingota","Tempo de lectura":"5 minutos"},"schema":{"@context":"https:\/\/schema.org","@graph":[{"@type":"Article","@id":"https:\/\/semanasantaferrol.com\/gl\/actualizacion-extraordinaria\/#article","isPartOf":{"@id":"https:\/\/semanasantaferrol.com\/gl\/actualizacion-extraordinaria\/"},"author":{"name":"pingota","@id":"https:\/\/semanasantaferrol.com\/gl\/#\/schema\/person\/cdd132690f08f75a35f05e2423e6307c"},"headline":"Actualizaci\u00f3n: Todos os terzos de Dolores estar\u00e1n na extraordinaria do d\u00eda 5","datePublished":"2026-09-01T07:20:20+00:00","dateModified":"2026-09-01T07:32:16+00:00","mainEntityOfPage":{"@id":"https:\/\/semanasantaferrol.com\/gl\/actualizacion-extraordinaria\/"},"wordCount":979,"commentCount":0,"publisher":{"@id":"https:\/\/semanasantaferrol.com\/gl\/#organization"},"image":{"@id":"https:\/\/semanasantaferrol.com\/gl\/actualizacion-extraordinaria\/#primaryimage"},"thumbnailUrl":"https:\/\/semanasantaferrol.com\/wp-content\/uploads\/2026\/09\/Dolores-1-scaled-e1788247136999.jpg","articleSection":["Dolores"],"inLanguage":"gl-ES","potentialAction":[{"@type":"CommentAction","name":"Comment","target":["https:\/\/semanasantaferrol.com\/gl\/actualizacion-extraordinaria\/#respond"]}]},{"@type":"WebPage","@id":"https:\/\/semanasantaferrol.com\/gl\/actualizacion-extraordinaria\/","url":"https:\/\/semanasantaferrol.com\/gl\/actualizacion-extraordinaria\/","name":"Actualizaci\u00f3n: Todos os terzos de Dolores estar\u00e1n na extraordinaria do d\u00eda 5 - Junta General de Cofrad\u00edas y Hermandades","isPartOf":{"@id":"https:\/\/semanasantaferrol.com\/gl\/#website"},"primaryImageOfPage":{"@id":"https:\/\/semanasantaferrol.com\/gl\/actualizacion-extraordinaria\/#primaryimage"},"image":{"@id":"https:\/\/semanasantaferrol.com\/gl\/actualizacion-extraordinaria\/#primaryimage"},"thumbnailUrl":"https:\/\/semanasantaferrol.com\/wp-content\/uploads\/2026\/09\/Dolores-1-scaled-e1788247136999.jpg","datePublished":"2026-09-01T07:20:20+00:00","dateModified":"2026-09-01T07:32:16+00:00","description":"Todos los tercios de la Cofrad\u00eda de Dolores participar\u00e1n en la procesi\u00f3n extraordinaria del s\u00e1bado 5, por el 275 aniversario de los Servitas","breadcrumb":{"@id":"https:\/\/semanasantaferrol.com\/gl\/actualizacion-extraordinaria\/#breadcrumb"},"inLanguage":"gl-ES","potentialAction":[{"@type":"ReadAction","target":["https:\/\/semanasantaferrol.com\/gl\/actualizacion-extraordinaria\/"]}]},{"@type":"ImageObject","inLanguage":"gl-ES","@id":"https:\/\/semanasantaferrol.com\/gl\/actualizacion-extraordinaria\/#primaryimage","url":"https:\/\/semanasantaferrol.com\/wp-content\/uploads\/2026\/09\/Dolores-1-scaled-e1788247136999.jpg","contentUrl":"https:\/\/semanasantaferrol.com\/wp-content\/uploads\/2026\/09\/Dolores-1-scaled-e1788247136999.jpg","width":2040,"height":1532},{"@type":"BreadcrumbList","@id":"https:\/\/semanasantaferrol.com\/gl\/actualizacion-extraordinaria\/#breadcrumb","itemListElement":[{"@type":"ListItem","position":1,"name":"Portada","item":"https:\/\/semanasantaferrol.com\/gl\/"},{"@type":"ListItem","position":2,"name":"Actualizaci\u00f3n: Todos os terzos de Dolores estar\u00e1n na extraordinaria do d\u00eda 5"}]},{"@type":"WebSite","@id":"https:\/\/semanasantaferrol.com\/gl\/#website","url":"https:\/\/semanasantaferrol.com\/gl\/","name":"Junta General de Cofrad\u00edas y Hermandades","description":"Semana Santa de Ferrol","publisher":{"@id":"https:\/\/semanasantaferrol.com\/gl\/#organization"},"alternateName":"Semana Santa de Ferrol","potentialAction":[{"@type":"SearchAction","target":{"@type":"EntryPoint","urlTemplate":"https:\/\/semanasantaferrol.com\/gl\/?s={search_term_string}"},"query-input":{"@type":"PropertyValueSpecification","valueRequired":true,"valueName":"search_term_string"}}],"inLanguage":"gl-ES"},{"@type":"Organization","@id":"https:\/\/semanasantaferrol.com\/gl\/#organization","name":"Junta General de Cofrad\u00edas y Hermandades de la Semana Santa de Ferrol","alternateName":"Junta de Cofrad\u00edas de la Semana Santa de Ferrol","url":"https:\/\/semanasantaferrol.com\/gl\/","logo":{"@type":"ImageObject","inLanguage":"gl-ES","@id":"https:\/\/semanasantaferrol.com\/gl\/#\/schema\/logo\/image\/","url":"https:\/\/semanasantaferrol.com\/wp-content\/uploads\/2022\/10\/junta_general_logo.svg","contentUrl":"https:\/\/semanasantaferrol.com\/wp-content\/uploads\/2022\/10\/junta_general_logo.svg","width":600,"height":790,"caption":"Junta General de Cofrad\u00edas y Hermandades de la Semana Santa de Ferrol"},"image":{"@id":"https:\/\/semanasantaferrol.com\/gl\/#\/schema\/logo\/image\/"},"sameAs":["https:\/\/www.facebook.com\/Juntageneraldecofradias\/","https:\/\/www.instagram.com\/juntageneralcofradiasferrol\/","https:\/\/www.youtube.com\/@semanasantadeferrol1616","https:\/\/www.tiktok.com\/@semanasantadeferrol"]},{"@type":"Person","@id":"https:\/\/semanasantaferrol.com\/gl\/#\/schema\/person\/cdd132690f08f75a35f05e2423e6307c","name":"pingota","image":{"@type":"ImageObject","inLanguage":"gl-ES","@id":"https:\/\/secure.gravatar.com\/avatar\/b1bb79ecdfb8d6f4c44a82262f8b422faeb290304fc5c6f8b9b4305bfaa2853c?s=96&d=mm&r=g","url":"https:\/\/secure.gravatar.com\/avatar\/b1bb79ecdfb8d6f4c44a82262f8b422faeb290304fc5c6f8b9b4305bfaa2853c?s=96&d=mm&r=g","contentUrl":"https:\/\/secure.gravatar.com\/avatar\/b1bb79ecdfb8d6f4c44a82262f8b422faeb290304fc5c6f8b9b4305bfaa2853c?s=96&d=mm&r=g","caption":"pingota"},"url":"https:\/\/semanasantaferrol.com\/gl"}]}},"_links":{"self":[{"href":"https:\/\/semanasantaferrol.com\/gl\/wp-json\/wp\/v2\/posts\/12290","targetHints":{"allow":["GET"]}}],"collection":[{"href":"https:\/\/semanasantaferrol.com\/gl\/wp-json\/wp\/v2\/posts"}],"about":[{"href":"https:\/\/semanasantaferrol.com\/gl\/wp-json\/wp\/v2\/types\/post"}],"author":[{"embeddable":true,"href":"https:\/\/semanasantaferrol.com\/gl\/wp-json\/wp\/v2\/users\/3"}],"replies":[{"embeddable":true,"href":"https:\/\/semanasantaferrol.com\/gl\/wp-json\/wp\/v2\/comments?post=12290"}],"version-history":[{"count":2,"href":"https:\/\/semanasantaferrol.com\/gl\/wp-json\/wp\/v2\/posts\/12290\/revisions"}],"predecessor-version":[{"id":12293,"href":"https:\/\/semanasantaferrol.com\/gl\/wp-json\/wp\/v2\/posts\/12290\/revisions\/12293"}],"wp:featuredmedia":[{"embeddable":true,"href":"https:\/\/semanasantaferrol.com\/gl\/wp-json\/wp\/v2\/media\/12291"}],"wp:attachment":[{"href":"https:\/\/semanasantaferrol.com\/gl\/wp-json\/wp\/v2\/media?parent=12290"}],"wp:term":[{"taxonomy":"category","embeddable":true,"href":"https:\/\/semanasantaferrol.com\/gl\/wp-json\/wp\/v2\/categories?post=12290"},{"taxonomy":"post_tag","embeddable":true,"href":"https:\/\/semanasantaferrol.com\/gl\/wp-json\/wp\/v2\/tags?post=12290"}],"curies":[{"name":"wp","href":"https:\/\/api.w.org\/{rel}","templated":true}]}}