{"id":12156,"date":"2026-04-29T09:25:54","date_gmt":"2026-04-29T09:25:54","guid":{"rendered":"https:\/\/semanasantaferrol.com\/patrona-esteiro\/"},"modified":"2026-04-29T09:48:29","modified_gmt":"2026-04-29T09:48:29","slug":"patrona-esteiro","status":"publish","type":"post","link":"https:\/\/semanasantaferrol.com\/gl\/patrona-esteiro\/","title":{"rendered":"A Confrar\u00eda das Angustias prepara a procesi\u00f3n da Patroa para o d\u00eda 31 de maio"},"content":{"rendered":"<p>A Confrar\u00eda das Angustias celebrar\u00e1 o pr\u00f3ximo 31 de maio, domingo, a festa da Patroa de Esteiro, a Virxe das Angustias. A misa ser\u00e1 \u00e1s 12.00 e posteriormente sair\u00e1 a procesi\u00f3n coa imaxe sobre andas, que realizar\u00e1 un percorrido polas r\u00faas do barrio. \u00c9 esta unha procesi\u00f3n de largu\u00edsima tradici\u00f3n -desco\u00f1\u00e9cese o ano exacto no que se iniciou, pero polo menos desde a refundaci\u00f3n da irmandade no s\u00e9culo XVIII- e que sempre se celebra no domingo anterior ao de Corpus Christi.<\/p>\n<p>Desde a irmandade inv\u00edtase a todos os confrades a participar nos actos, e chama a aqueles que estean interesados en portar \u00e1 Virxe (maiores de 16 anos) ou alg\u00fan dos ave\u00f1os para apuntarse na oficina, en horario 18.30 a 20.30 os martes ou xoves, ou ben chamando ao tel\u00e9fono da confrar\u00eda.<\/p>\n<p>Lembran tam\u00e9n desde a confrar\u00eda que este xoves \u00e9 o \u00faltimo d\u00eda para acudir a devolver os h\u00e1bitos procesionais.<\/p>\n","protected":false},"excerpt":{"rendered":"<p>A Confrar\u00eda das Angustias celebrar\u00e1 o pr\u00f3ximo 31 de maio, domingo, a festa da Patroa de Esteiro, a Virxe das Angustias. A misa ser\u00e1 \u00e1s 12.00 e posteriormente sair\u00e1 a procesi\u00f3n coa imaxe sobre andas, que realizar\u00e1 un percorrido polas r\u00faas do barrio. \u00c9 esta unha procesi\u00f3n de largu\u00edsima tradici\u00f3n -desco\u00f1\u00e9cese o ano exacto no [&hellip;]<\/p>\n","protected":false},"author":3,"featured_media":12157,"comment_status":"open","ping_status":"open","sticky":false,"template":"","format":"standard","meta":{"footnotes":""},"categories":[32],"tags":[],"class_list":["post-12156","post","type-post","status-publish","format-standard","has-post-thumbnail","hentry","category-angustias-gl"],"yoast_head":"<!-- This site is optimized with the Yoast SEO plugin v27.5 - https:\/\/yoast.com\/product\/yoast-seo-wordpress\/ -->\n<title>A Confrar\u00eda das Angustias prepara a procesi\u00f3n da Patroa para o d\u00eda 31 de maio - Junta General de Cofrad\u00edas y Hermandades<\/title>\n<meta name=\"description\" content=\"La Cofrad\u00eda de las Angustias programa la procesi\u00f3n de la Patrona de Esteiro para el 31 de mayo. Misa a las doce y posterior procesi\u00f3n.\" \/>\n<meta name=\"robots\" content=\"index, follow, max-snippet:-1, max-image-preview:large, max-video-preview:-1\" \/>\n<link rel=\"canonical\" href=\"https:\/\/semanasantaferrol.com\/gl\/patrona-esteiro\/\" \/>\n<meta property=\"og:locale\" content=\"gl_ES\" \/>\n<meta property=\"og:type\" content=\"article\" \/>\n<meta property=\"og:title\" content=\"A Confrar\u00eda das Angustias prepara a procesi\u00f3n da Patroa para o d\u00eda 31 de maio - Junta General de Cofrad\u00edas y Hermandades\" \/>\n<meta property=\"og:description\" content=\"La Cofrad\u00eda de las Angustias programa la procesi\u00f3n de la Patrona de Esteiro para el 31 de mayo. Misa a las doce y posterior procesi\u00f3n.\" \/>\n<meta property=\"og:url\" content=\"https:\/\/semanasantaferrol.com\/gl\/patrona-esteiro\/\" \/>\n<meta property=\"og:site_name\" content=\"Junta General de Cofrad\u00edas y Hermandades\" \/>\n<meta property=\"article:publisher\" content=\"https:\/\/www.facebook.com\/Juntageneraldecofradias\/\" \/>\n<meta property=\"article:published_time\" content=\"2026-04-29T09:25:54+00:00\" \/>\n<meta property=\"article:modified_time\" content=\"2026-04-29T09:48:29+00:00\" \/>\n<meta property=\"og:image\" content=\"https:\/\/semanasantaferrol.com\/wp-content\/uploads\/2026\/04\/IMG_9520-copia-scaled-e1777454746194.jpg\" \/>\n\t<meta property=\"og:image:width\" content=\"2274\" \/>\n\t<meta property=\"og:image:height\" content=\"1702\" \/>\n\t<meta property=\"og:image:type\" content=\"image\/jpeg\" \/>\n<meta name=\"author\" content=\"pingota\" \/>\n<meta name=\"twitter:card\" content=\"summary_large_image\" \/>\n<meta name=\"twitter:label1\" content=\"Escrito por\" \/>\n\t<meta name=\"twitter:data1\" content=\"pingota\" \/>\n\t<meta name=\"twitter:label2\" content=\"Tempo de lectura\" \/>\n\t<meta name=\"twitter:data2\" content=\"1 minuto\" \/>\n<script type=\"application\/ld+json\" class=\"yoast-schema-graph\">{\"@context\":\"https:\\\/\\\/schema.org\",\"@graph\":[{\"@type\":\"Article\",\"@id\":\"https:\\\/\\\/semanasantaferrol.com\\\/gl\\\/patrona-esteiro\\\/#article\",\"isPartOf\":{\"@id\":\"https:\\\/\\\/semanasantaferrol.com\\\/gl\\\/patrona-esteiro\\\/\"},\"author\":{\"name\":\"pingota\",\"@id\":\"https:\\\/\\\/semanasantaferrol.com\\\/gl\\\/#\\\/schema\\\/person\\\/cdd132690f08f75a35f05e2423e6307c\"},\"headline\":\"A Confrar\u00eda das Angustias prepara a procesi\u00f3n da Patroa para o d\u00eda 31 de maio\",\"datePublished\":\"2026-04-29T09:25:54+00:00\",\"dateModified\":\"2026-04-29T09:48:29+00:00\",\"mainEntityOfPage\":{\"@id\":\"https:\\\/\\\/semanasantaferrol.com\\\/gl\\\/patrona-esteiro\\\/\"},\"wordCount\":179,\"commentCount\":0,\"publisher\":{\"@id\":\"https:\\\/\\\/semanasantaferrol.com\\\/gl\\\/#organization\"},\"image\":{\"@id\":\"https:\\\/\\\/semanasantaferrol.com\\\/gl\\\/patrona-esteiro\\\/#primaryimage\"},\"thumbnailUrl\":\"https:\\\/\\\/semanasantaferrol.com\\\/wp-content\\\/uploads\\\/2026\\\/04\\\/IMG_9520-copia-scaled-e1777454746194.jpg\",\"articleSection\":[\"Angustias\"],\"inLanguage\":\"gl-ES\",\"potentialAction\":[{\"@type\":\"CommentAction\",\"name\":\"Comment\",\"target\":[\"https:\\\/\\\/semanasantaferrol.com\\\/gl\\\/patrona-esteiro\\\/#respond\"]}]},{\"@type\":\"WebPage\",\"@id\":\"https:\\\/\\\/semanasantaferrol.com\\\/gl\\\/patrona-esteiro\\\/\",\"url\":\"https:\\\/\\\/semanasantaferrol.com\\\/gl\\\/patrona-esteiro\\\/\",\"name\":\"A Confrar\u00eda das Angustias prepara a procesi\u00f3n da Patroa para o d\u00eda 31 de maio - Junta General de Cofrad\u00edas y Hermandades\",\"isPartOf\":{\"@id\":\"https:\\\/\\\/semanasantaferrol.com\\\/gl\\\/#website\"},\"primaryImageOfPage\":{\"@id\":\"https:\\\/\\\/semanasantaferrol.com\\\/gl\\\/patrona-esteiro\\\/#primaryimage\"},\"image\":{\"@id\":\"https:\\\/\\\/semanasantaferrol.com\\\/gl\\\/patrona-esteiro\\\/#primaryimage\"},\"thumbnailUrl\":\"https:\\\/\\\/semanasantaferrol.com\\\/wp-content\\\/uploads\\\/2026\\\/04\\\/IMG_9520-copia-scaled-e1777454746194.jpg\",\"datePublished\":\"2026-04-29T09:25:54+00:00\",\"dateModified\":\"2026-04-29T09:48:29+00:00\",\"description\":\"La Cofrad\u00eda de las Angustias programa la procesi\u00f3n de la Patrona de Esteiro para el 31 de mayo. Misa a las doce y posterior procesi\u00f3n.\",\"breadcrumb\":{\"@id\":\"https:\\\/\\\/semanasantaferrol.com\\\/gl\\\/patrona-esteiro\\\/#breadcrumb\"},\"inLanguage\":\"gl-ES\",\"potentialAction\":[{\"@type\":\"ReadAction\",\"target\":[\"https:\\\/\\\/semanasantaferrol.com\\\/gl\\\/patrona-esteiro\\\/\"]}]},{\"@type\":\"ImageObject\",\"inLanguage\":\"gl-ES\",\"@id\":\"https:\\\/\\\/semanasantaferrol.com\\\/gl\\\/patrona-esteiro\\\/#primaryimage\",\"url\":\"https:\\\/\\\/semanasantaferrol.com\\\/wp-content\\\/uploads\\\/2026\\\/04\\\/IMG_9520-copia-scaled-e1777454746194.jpg\",\"contentUrl\":\"https:\\\/\\\/semanasantaferrol.com\\\/wp-content\\\/uploads\\\/2026\\\/04\\\/IMG_9520-copia-scaled-e1777454746194.jpg\",\"width\":2274,\"height\":1702},{\"@type\":\"BreadcrumbList\",\"@id\":\"https:\\\/\\\/semanasantaferrol.com\\\/gl\\\/patrona-esteiro\\\/#breadcrumb\",\"itemListElement\":[{\"@type\":\"ListItem\",\"position\":1,\"name\":\"Portada\",\"item\":\"https:\\\/\\\/semanasantaferrol.com\\\/gl\\\/\"},{\"@type\":\"ListItem\",\"position\":2,\"name\":\"A Confrar\u00eda das Angustias prepara a procesi\u00f3n da Patroa para o d\u00eda 31 de maio\"}]},{\"@type\":\"WebSite\",\"@id\":\"https:\\\/\\\/semanasantaferrol.com\\\/gl\\\/#website\",\"url\":\"https:\\\/\\\/semanasantaferrol.com\\\/gl\\\/\",\"name\":\"Junta General de Cofrad\u00edas y Hermandades\",\"description\":\"Semana Santa de Ferrol\",\"publisher\":{\"@id\":\"https:\\\/\\\/semanasantaferrol.com\\\/gl\\\/#organization\"},\"alternateName\":\"Semana Santa de Ferrol\",\"potentialAction\":[{\"@type\":\"SearchAction\",\"target\":{\"@type\":\"EntryPoint\",\"urlTemplate\":\"https:\\\/\\\/semanasantaferrol.com\\\/gl\\\/?s={search_term_string}\"},\"query-input\":{\"@type\":\"PropertyValueSpecification\",\"valueRequired\":true,\"valueName\":\"search_term_string\"}}],\"inLanguage\":\"gl-ES\"},{\"@type\":\"Organization\",\"@id\":\"https:\\\/\\\/semanasantaferrol.com\\\/gl\\\/#organization\",\"name\":\"Junta General de Cofrad\u00edas y Hermandades de la Semana Santa de Ferrol\",\"alternateName\":\"Junta de Cofrad\u00edas de la Semana Santa de Ferrol\",\"url\":\"https:\\\/\\\/semanasantaferrol.com\\\/gl\\\/\",\"logo\":{\"@type\":\"ImageObject\",\"inLanguage\":\"gl-ES\",\"@id\":\"https:\\\/\\\/semanasantaferrol.com\\\/gl\\\/#\\\/schema\\\/logo\\\/image\\\/\",\"url\":\"https:\\\/\\\/semanasantaferrol.com\\\/wp-content\\\/uploads\\\/2022\\\/10\\\/junta_general_logo.svg\",\"contentUrl\":\"https:\\\/\\\/semanasantaferrol.com\\\/wp-content\\\/uploads\\\/2022\\\/10\\\/junta_general_logo.svg\",\"width\":600,\"height\":790,\"caption\":\"Junta General de Cofrad\u00edas y Hermandades de la Semana Santa de Ferrol\"},\"image\":{\"@id\":\"https:\\\/\\\/semanasantaferrol.com\\\/gl\\\/#\\\/schema\\\/logo\\\/image\\\/\"},\"sameAs\":[\"https:\\\/\\\/www.facebook.com\\\/Juntageneraldecofradias\\\/\",\"https:\\\/\\\/www.instagram.com\\\/juntageneralcofradiasferrol\\\/\",\"https:\\\/\\\/www.youtube.com\\\/@semanasantadeferrol1616\",\"https:\\\/\\\/www.tiktok.com\\\/@semanasantadeferrol\"]},{\"@type\":\"Person\",\"@id\":\"https:\\\/\\\/semanasantaferrol.com\\\/gl\\\/#\\\/schema\\\/person\\\/cdd132690f08f75a35f05e2423e6307c\",\"name\":\"pingota\",\"image\":{\"@type\":\"ImageObject\",\"inLanguage\":\"gl-ES\",\"@id\":\"https:\\\/\\\/secure.gravatar.com\\\/avatar\\\/b1bb79ecdfb8d6f4c44a82262f8b422faeb290304fc5c6f8b9b4305bfaa2853c?s=96&d=mm&r=g\",\"url\":\"https:\\\/\\\/secure.gravatar.com\\\/avatar\\\/b1bb79ecdfb8d6f4c44a82262f8b422faeb290304fc5c6f8b9b4305bfaa2853c?s=96&d=mm&r=g\",\"contentUrl\":\"https:\\\/\\\/secure.gravatar.com\\\/avatar\\\/b1bb79ecdfb8d6f4c44a82262f8b422faeb290304fc5c6f8b9b4305bfaa2853c?s=96&d=mm&r=g\",\"caption\":\"pingota\"},\"url\":\"https:\\\/\\\/semanasantaferrol.com\\\/gl\"}]}<\/script>\n<!-- \/ Yoast SEO plugin. -->","yoast_head_json":{"title":"A Confrar\u00eda das Angustias prepara a procesi\u00f3n da Patroa para o d\u00eda 31 de maio - Junta General de Cofrad\u00edas y Hermandades","description":"La Cofrad\u00eda de las Angustias programa la procesi\u00f3n de la Patrona de Esteiro para el 31 de mayo. Misa a las doce y posterior procesi\u00f3n.","robots":{"index":"index","follow":"follow","max-snippet":"max-snippet:-1","max-image-preview":"max-image-preview:large","max-video-preview":"max-video-preview:-1"},"canonical":"https:\/\/semanasantaferrol.com\/gl\/patrona-esteiro\/","og_locale":"gl_ES","og_type":"article","og_title":"A Confrar\u00eda das Angustias prepara a procesi\u00f3n da Patroa para o d\u00eda 31 de maio - Junta General de Cofrad\u00edas y Hermandades","og_description":"La Cofrad\u00eda de las Angustias programa la procesi\u00f3n de la Patrona de Esteiro para el 31 de mayo. Misa a las doce y posterior procesi\u00f3n.","og_url":"https:\/\/semanasantaferrol.com\/gl\/patrona-esteiro\/","og_site_name":"Junta General de Cofrad\u00edas y Hermandades","article_publisher":"https:\/\/www.facebook.com\/Juntageneraldecofradias\/","article_published_time":"2026-04-29T09:25:54+00:00","article_modified_time":"2026-04-29T09:48:29+00:00","og_image":[{"width":2274,"height":1702,"url":"https:\/\/semanasantaferrol.com\/wp-content\/uploads\/2026\/04\/IMG_9520-copia-scaled-e1777454746194.jpg","type":"image\/jpeg"}],"author":"pingota","twitter_card":"summary_large_image","twitter_misc":{"Escrito por":"pingota","Tempo de lectura":"1 minuto"},"schema":{"@context":"https:\/\/schema.org","@graph":[{"@type":"Article","@id":"https:\/\/semanasantaferrol.com\/gl\/patrona-esteiro\/#article","isPartOf":{"@id":"https:\/\/semanasantaferrol.com\/gl\/patrona-esteiro\/"},"author":{"name":"pingota","@id":"https:\/\/semanasantaferrol.com\/gl\/#\/schema\/person\/cdd132690f08f75a35f05e2423e6307c"},"headline":"A Confrar\u00eda das Angustias prepara a procesi\u00f3n da Patroa para o d\u00eda 31 de maio","datePublished":"2026-04-29T09:25:54+00:00","dateModified":"2026-04-29T09:48:29+00:00","mainEntityOfPage":{"@id":"https:\/\/semanasantaferrol.com\/gl\/patrona-esteiro\/"},"wordCount":179,"commentCount":0,"publisher":{"@id":"https:\/\/semanasantaferrol.com\/gl\/#organization"},"image":{"@id":"https:\/\/semanasantaferrol.com\/gl\/patrona-esteiro\/#primaryimage"},"thumbnailUrl":"https:\/\/semanasantaferrol.com\/wp-content\/uploads\/2026\/04\/IMG_9520-copia-scaled-e1777454746194.jpg","articleSection":["Angustias"],"inLanguage":"gl-ES","potentialAction":[{"@type":"CommentAction","name":"Comment","target":["https:\/\/semanasantaferrol.com\/gl\/patrona-esteiro\/#respond"]}]},{"@type":"WebPage","@id":"https:\/\/semanasantaferrol.com\/gl\/patrona-esteiro\/","url":"https:\/\/semanasantaferrol.com\/gl\/patrona-esteiro\/","name":"A Confrar\u00eda das Angustias prepara a procesi\u00f3n da Patroa para o d\u00eda 31 de maio - Junta General de Cofrad\u00edas y Hermandades","isPartOf":{"@id":"https:\/\/semanasantaferrol.com\/gl\/#website"},"primaryImageOfPage":{"@id":"https:\/\/semanasantaferrol.com\/gl\/patrona-esteiro\/#primaryimage"},"image":{"@id":"https:\/\/semanasantaferrol.com\/gl\/patrona-esteiro\/#primaryimage"},"thumbnailUrl":"https:\/\/semanasantaferrol.com\/wp-content\/uploads\/2026\/04\/IMG_9520-copia-scaled-e1777454746194.jpg","datePublished":"2026-04-29T09:25:54+00:00","dateModified":"2026-04-29T09:48:29+00:00","description":"La Cofrad\u00eda de las Angustias programa la procesi\u00f3n de la Patrona de Esteiro para el 31 de mayo. Misa a las doce y posterior procesi\u00f3n.","breadcrumb":{"@id":"https:\/\/semanasantaferrol.com\/gl\/patrona-esteiro\/#breadcrumb"},"inLanguage":"gl-ES","potentialAction":[{"@type":"ReadAction","target":["https:\/\/semanasantaferrol.com\/gl\/patrona-esteiro\/"]}]},{"@type":"ImageObject","inLanguage":"gl-ES","@id":"https:\/\/semanasantaferrol.com\/gl\/patrona-esteiro\/#primaryimage","url":"https:\/\/semanasantaferrol.com\/wp-content\/uploads\/2026\/04\/IMG_9520-copia-scaled-e1777454746194.jpg","contentUrl":"https:\/\/semanasantaferrol.com\/wp-content\/uploads\/2026\/04\/IMG_9520-copia-scaled-e1777454746194.jpg","width":2274,"height":1702},{"@type":"BreadcrumbList","@id":"https:\/\/semanasantaferrol.com\/gl\/patrona-esteiro\/#breadcrumb","itemListElement":[{"@type":"ListItem","position":1,"name":"Portada","item":"https:\/\/semanasantaferrol.com\/gl\/"},{"@type":"ListItem","position":2,"name":"A Confrar\u00eda das Angustias prepara a procesi\u00f3n da Patroa para o d\u00eda 31 de maio"}]},{"@type":"WebSite","@id":"https:\/\/semanasantaferrol.com\/gl\/#website","url":"https:\/\/semanasantaferrol.com\/gl\/","name":"Junta General de Cofrad\u00edas y Hermandades","description":"Semana Santa de Ferrol","publisher":{"@id":"https:\/\/semanasantaferrol.com\/gl\/#organization"},"alternateName":"Semana Santa de Ferrol","potentialAction":[{"@type":"SearchAction","target":{"@type":"EntryPoint","urlTemplate":"https:\/\/semanasantaferrol.com\/gl\/?s={search_term_string}"},"query-input":{"@type":"PropertyValueSpecification","valueRequired":true,"valueName":"search_term_string"}}],"inLanguage":"gl-ES"},{"@type":"Organization","@id":"https:\/\/semanasantaferrol.com\/gl\/#organization","name":"Junta General de Cofrad\u00edas y Hermandades de la Semana Santa de Ferrol","alternateName":"Junta de Cofrad\u00edas de la Semana Santa de Ferrol","url":"https:\/\/semanasantaferrol.com\/gl\/","logo":{"@type":"ImageObject","inLanguage":"gl-ES","@id":"https:\/\/semanasantaferrol.com\/gl\/#\/schema\/logo\/image\/","url":"https:\/\/semanasantaferrol.com\/wp-content\/uploads\/2022\/10\/junta_general_logo.svg","contentUrl":"https:\/\/semanasantaferrol.com\/wp-content\/uploads\/2022\/10\/junta_general_logo.svg","width":600,"height":790,"caption":"Junta General de Cofrad\u00edas y Hermandades de la Semana Santa de Ferrol"},"image":{"@id":"https:\/\/semanasantaferrol.com\/gl\/#\/schema\/logo\/image\/"},"sameAs":["https:\/\/www.facebook.com\/Juntageneraldecofradias\/","https:\/\/www.instagram.com\/juntageneralcofradiasferrol\/","https:\/\/www.youtube.com\/@semanasantadeferrol1616","https:\/\/www.tiktok.com\/@semanasantadeferrol"]},{"@type":"Person","@id":"https:\/\/semanasantaferrol.com\/gl\/#\/schema\/person\/cdd132690f08f75a35f05e2423e6307c","name":"pingota","image":{"@type":"ImageObject","inLanguage":"gl-ES","@id":"https:\/\/secure.gravatar.com\/avatar\/b1bb79ecdfb8d6f4c44a82262f8b422faeb290304fc5c6f8b9b4305bfaa2853c?s=96&d=mm&r=g","url":"https:\/\/secure.gravatar.com\/avatar\/b1bb79ecdfb8d6f4c44a82262f8b422faeb290304fc5c6f8b9b4305bfaa2853c?s=96&d=mm&r=g","contentUrl":"https:\/\/secure.gravatar.com\/avatar\/b1bb79ecdfb8d6f4c44a82262f8b422faeb290304fc5c6f8b9b4305bfaa2853c?s=96&d=mm&r=g","caption":"pingota"},"url":"https:\/\/semanasantaferrol.com\/gl"}]}},"_links":{"self":[{"href":"https:\/\/semanasantaferrol.com\/gl\/wp-json\/wp\/v2\/posts\/12156","targetHints":{"allow":["GET"]}}],"collection":[{"href":"https:\/\/semanasantaferrol.com\/gl\/wp-json\/wp\/v2\/posts"}],"about":[{"href":"https:\/\/semanasantaferrol.com\/gl\/wp-json\/wp\/v2\/types\/post"}],"author":[{"embeddable":true,"href":"https:\/\/semanasantaferrol.com\/gl\/wp-json\/wp\/v2\/users\/3"}],"replies":[{"embeddable":true,"href":"https:\/\/semanasantaferrol.com\/gl\/wp-json\/wp\/v2\/comments?post=12156"}],"version-history":[{"count":3,"href":"https:\/\/semanasantaferrol.com\/gl\/wp-json\/wp\/v2\/posts\/12156\/revisions"}],"predecessor-version":[{"id":12160,"href":"https:\/\/semanasantaferrol.com\/gl\/wp-json\/wp\/v2\/posts\/12156\/revisions\/12160"}],"wp:featuredmedia":[{"embeddable":true,"href":"https:\/\/semanasantaferrol.com\/gl\/wp-json\/wp\/v2\/media\/12157"}],"wp:attachment":[{"href":"https:\/\/semanasantaferrol.com\/gl\/wp-json\/wp\/v2\/media?parent=12156"}],"wp:term":[{"taxonomy":"category","embeddable":true,"href":"https:\/\/semanasantaferrol.com\/gl\/wp-json\/wp\/v2\/categories?post=12156"},{"taxonomy":"post_tag","embeddable":true,"href":"https:\/\/semanasantaferrol.com\/gl\/wp-json\/wp\/v2\/tags?post=12156"}],"curies":[{"name":"wp","href":"https:\/\/api.w.org\/{rel}","templated":true}]}}