{"id":12146,"date":"2026-04-27T08:30:51","date_gmt":"2026-04-27T08:30:51","guid":{"rendered":"https:\/\/semanasantaferrol.com\/el-grupo-joven-de-las-angustias-organiza-la-cruz-de-mayo-2026\/"},"modified":"2026-04-27T08:33:35","modified_gmt":"2026-04-27T08:33:35","slug":"el-grupo-joven-de-las-angustias-organiza-la-cruz-de-mayo-2026","status":"publish","type":"post","link":"https:\/\/semanasantaferrol.com\/gl\/el-grupo-joven-de-las-angustias-organiza-la-cruz-de-mayo-2026\/","title":{"rendered":"O Grupo Novo das Angustias organiza a &#8220;Cruz de Maio 2026&#8221;"},"content":{"rendered":"<p>O Grupo Novo da Confrar\u00eda das Angustias informa da organizaci\u00f3n da &#8220;Cruz de Maio 2026&#8221;, coa que se realizar\u00e1 unha ofrenda o vindeiro domingo 3 de maio.<\/p>\n<p>Para a elaboraci\u00f3n da Cruz, requ\u00edrese a todos os confrades que acudan a levar flores brancas. Os d\u00edas de recollida ser\u00e1n este martes, d\u00eda 28, e o xoves, 30 de abril, de 18.30 a 20.30h, na oficina da irmandade.<\/p>\n<p>O s\u00e1bado 2 de maio conv\u00f3case tam\u00e9n a todos os confrades, especialmente aos m\u00e1is novos, para montar a Cruz. A cita \u00e9 a partir das 17.30h.<\/p>\n<p>Para o domingo, 3 de maio, coincidindo co D\u00eda da Nai, realizarase a entrega e ofrenda da Cluz de Maio, durante a misa das 13.00h no santuario das Angustias.<\/p>\n<p>O Grupo Novo fai un chamamento a todos os confrades, as\u00ed como a calquera persoa que o desexe, a participar nestes actos.<\/p>\n<p>&nbsp;<\/p>\n<p><img fetchpriority=\"high\" decoding=\"async\" class=\"size-large wp-image-12143 aligncenter\" src=\"https:\/\/semanasantaferrol.com\/wp-content\/uploads\/2026\/04\/WhatsApp-Image-2026-04-26-at-11.11.55-683x1024.jpeg\" alt=\"\" width=\"683\" height=\"1024\" srcset=\"https:\/\/semanasantaferrol.com\/wp-content\/uploads\/2026\/04\/WhatsApp-Image-2026-04-26-at-11.11.55-683x1024.jpeg 683w, https:\/\/semanasantaferrol.com\/wp-content\/uploads\/2026\/04\/WhatsApp-Image-2026-04-26-at-11.11.55-150x225.jpeg 150w, https:\/\/semanasantaferrol.com\/wp-content\/uploads\/2026\/04\/WhatsApp-Image-2026-04-26-at-11.11.55-768x1152.jpeg 768w, https:\/\/semanasantaferrol.com\/wp-content\/uploads\/2026\/04\/WhatsApp-Image-2026-04-26-at-11.11.55.jpeg 1024w\" sizes=\"(max-width: 683px) 100vw, 683px\" \/><\/p>\n<p>&nbsp;<\/p>\n<p><a href=\"http:\/\/https:\/\/whatsapp.com\/channel\/0029VaIa5w0HwXb8UUh2IA2g\"><img decoding=\"async\" class=\"aligncenter wp-image-10030 size-large\" src=\"https:\/\/semanasantaferrol.com\/wp-content\/uploads\/2025\/02\/CANALWASAPCAS-1024x147.png\" alt=\"\" width=\"800\" height=\"115\" srcset=\"https:\/\/semanasantaferrol.com\/wp-content\/uploads\/2025\/02\/CANALWASAPCAS-1024x147.png 1024w, https:\/\/semanasantaferrol.com\/wp-content\/uploads\/2025\/02\/CANALWASAPCAS-300x43.png 300w, https:\/\/semanasantaferrol.com\/wp-content\/uploads\/2025\/02\/CANALWASAPCAS-768x110.png 768w, https:\/\/semanasantaferrol.com\/wp-content\/uploads\/2025\/02\/CANALWASAPCAS.png 1067w\" sizes=\"(max-width: 800px) 100vw, 800px\" \/><\/a><\/p>\n","protected":false},"excerpt":{"rendered":"<p>O Grupo Novo da Confrar\u00eda das Angustias informa da organizaci\u00f3n da &#8220;Cruz de Maio 2026&#8221;, coa que se realizar\u00e1 unha ofrenda o vindeiro domingo 3 de maio. Para a elaboraci\u00f3n da Cruz, requ\u00edrese a todos os confrades que acudan a levar flores brancas. Os d\u00edas de recollida ser\u00e1n este martes, d\u00eda 28, e o xoves, [&hellip;]<\/p>\n","protected":false},"author":3,"featured_media":12148,"comment_status":"open","ping_status":"open","sticky":false,"template":"","format":"standard","meta":{"footnotes":""},"categories":[32],"tags":[],"class_list":["post-12146","post","type-post","status-publish","format-standard","has-post-thumbnail","hentry","category-angustias-gl"],"yoast_head":"<!-- This site is optimized with the Yoast SEO plugin v27.4 - https:\/\/yoast.com\/product\/yoast-seo-wordpress\/ -->\n<title>O Grupo Novo das Angustias organiza a &quot;Cruz de Maio 2026&quot; - Junta General de Cofrad\u00edas y Hermandades<\/title>\n<meta name=\"robots\" content=\"index, follow, max-snippet:-1, max-image-preview:large, max-video-preview:-1\" \/>\n<link rel=\"canonical\" href=\"https:\/\/semanasantaferrol.com\/gl\/el-grupo-joven-de-las-angustias-organiza-la-cruz-de-mayo-2026\/\" \/>\n<meta property=\"og:locale\" content=\"gl_ES\" \/>\n<meta property=\"og:type\" content=\"article\" \/>\n<meta property=\"og:title\" content=\"O Grupo Novo das Angustias organiza a &quot;Cruz de Maio 2026&quot; - Junta General de Cofrad\u00edas y Hermandades\" \/>\n<meta property=\"og:description\" content=\"O Grupo Novo da Confrar\u00eda das Angustias informa da organizaci\u00f3n da &#8220;Cruz de Maio 2026&#8221;, coa que se realizar\u00e1 unha ofrenda o vindeiro domingo 3 de maio. Para a elaboraci\u00f3n da Cruz, requ\u00edrese a todos os confrades que acudan a levar flores brancas. Os d\u00edas de recollida ser\u00e1n este martes, d\u00eda 28, e o xoves, [&hellip;]\" \/>\n<meta property=\"og:url\" content=\"https:\/\/semanasantaferrol.com\/gl\/el-grupo-joven-de-las-angustias-organiza-la-cruz-de-mayo-2026\/\" \/>\n<meta property=\"og:site_name\" content=\"Junta General de Cofrad\u00edas y Hermandades\" \/>\n<meta property=\"article:publisher\" content=\"https:\/\/www.facebook.com\/Juntageneraldecofradias\/\" \/>\n<meta property=\"article:published_time\" content=\"2026-04-27T08:30:51+00:00\" \/>\n<meta property=\"article:modified_time\" content=\"2026-04-27T08:33:35+00:00\" \/>\n<meta property=\"og:image\" content=\"https:\/\/semanasantaferrol.com\/wp-content\/uploads\/2026\/04\/fechas-SSF-3000-x-2250-px-7-1024x768.png\" \/>\n\t<meta property=\"og:image:width\" content=\"1024\" \/>\n\t<meta property=\"og:image:height\" content=\"768\" \/>\n\t<meta property=\"og:image:type\" content=\"image\/png\" \/>\n<meta name=\"author\" content=\"pingota\" \/>\n<meta name=\"twitter:card\" content=\"summary_large_image\" \/>\n<meta name=\"twitter:label1\" content=\"Escrito por\" \/>\n\t<meta name=\"twitter:data1\" content=\"pingota\" \/>\n\t<meta name=\"twitter:label2\" content=\"Tempo de lectura\" \/>\n\t<meta name=\"twitter:data2\" content=\"2 minutos\" \/>\n<script type=\"application\/ld+json\" class=\"yoast-schema-graph\">{\"@context\":\"https:\\\/\\\/schema.org\",\"@graph\":[{\"@type\":\"Article\",\"@id\":\"https:\\\/\\\/semanasantaferrol.com\\\/gl\\\/el-grupo-joven-de-las-angustias-organiza-la-cruz-de-mayo-2026\\\/#article\",\"isPartOf\":{\"@id\":\"https:\\\/\\\/semanasantaferrol.com\\\/gl\\\/el-grupo-joven-de-las-angustias-organiza-la-cruz-de-mayo-2026\\\/\"},\"author\":{\"name\":\"pingota\",\"@id\":\"https:\\\/\\\/semanasantaferrol.com\\\/gl\\\/#\\\/schema\\\/person\\\/cdd132690f08f75a35f05e2423e6307c\"},\"headline\":\"O Grupo Novo das Angustias organiza a &#8220;Cruz de Maio 2026&#8221;\",\"datePublished\":\"2026-04-27T08:30:51+00:00\",\"dateModified\":\"2026-04-27T08:33:35+00:00\",\"mainEntityOfPage\":{\"@id\":\"https:\\\/\\\/semanasantaferrol.com\\\/gl\\\/el-grupo-joven-de-las-angustias-organiza-la-cruz-de-mayo-2026\\\/\"},\"wordCount\":159,\"commentCount\":0,\"publisher\":{\"@id\":\"https:\\\/\\\/semanasantaferrol.com\\\/gl\\\/#organization\"},\"image\":{\"@id\":\"https:\\\/\\\/semanasantaferrol.com\\\/gl\\\/el-grupo-joven-de-las-angustias-organiza-la-cruz-de-mayo-2026\\\/#primaryimage\"},\"thumbnailUrl\":\"https:\\\/\\\/semanasantaferrol.com\\\/wp-content\\\/uploads\\\/2026\\\/04\\\/fechas-SSF-3000-x-2250-px-7-scaled.png\",\"articleSection\":[\"Angustias\"],\"inLanguage\":\"gl-ES\",\"potentialAction\":[{\"@type\":\"CommentAction\",\"name\":\"Comment\",\"target\":[\"https:\\\/\\\/semanasantaferrol.com\\\/gl\\\/el-grupo-joven-de-las-angustias-organiza-la-cruz-de-mayo-2026\\\/#respond\"]}]},{\"@type\":\"WebPage\",\"@id\":\"https:\\\/\\\/semanasantaferrol.com\\\/gl\\\/el-grupo-joven-de-las-angustias-organiza-la-cruz-de-mayo-2026\\\/\",\"url\":\"https:\\\/\\\/semanasantaferrol.com\\\/gl\\\/el-grupo-joven-de-las-angustias-organiza-la-cruz-de-mayo-2026\\\/\",\"name\":\"O Grupo Novo das Angustias organiza a \\\"Cruz de Maio 2026\\\" - Junta General de Cofrad\u00edas y Hermandades\",\"isPartOf\":{\"@id\":\"https:\\\/\\\/semanasantaferrol.com\\\/gl\\\/#website\"},\"primaryImageOfPage\":{\"@id\":\"https:\\\/\\\/semanasantaferrol.com\\\/gl\\\/el-grupo-joven-de-las-angustias-organiza-la-cruz-de-mayo-2026\\\/#primaryimage\"},\"image\":{\"@id\":\"https:\\\/\\\/semanasantaferrol.com\\\/gl\\\/el-grupo-joven-de-las-angustias-organiza-la-cruz-de-mayo-2026\\\/#primaryimage\"},\"thumbnailUrl\":\"https:\\\/\\\/semanasantaferrol.com\\\/wp-content\\\/uploads\\\/2026\\\/04\\\/fechas-SSF-3000-x-2250-px-7-scaled.png\",\"datePublished\":\"2026-04-27T08:30:51+00:00\",\"dateModified\":\"2026-04-27T08:33:35+00:00\",\"breadcrumb\":{\"@id\":\"https:\\\/\\\/semanasantaferrol.com\\\/gl\\\/el-grupo-joven-de-las-angustias-organiza-la-cruz-de-mayo-2026\\\/#breadcrumb\"},\"inLanguage\":\"gl-ES\",\"potentialAction\":[{\"@type\":\"ReadAction\",\"target\":[\"https:\\\/\\\/semanasantaferrol.com\\\/gl\\\/el-grupo-joven-de-las-angustias-organiza-la-cruz-de-mayo-2026\\\/\"]}]},{\"@type\":\"ImageObject\",\"inLanguage\":\"gl-ES\",\"@id\":\"https:\\\/\\\/semanasantaferrol.com\\\/gl\\\/el-grupo-joven-de-las-angustias-organiza-la-cruz-de-mayo-2026\\\/#primaryimage\",\"url\":\"https:\\\/\\\/semanasantaferrol.com\\\/wp-content\\\/uploads\\\/2026\\\/04\\\/fechas-SSF-3000-x-2250-px-7-scaled.png\",\"contentUrl\":\"https:\\\/\\\/semanasantaferrol.com\\\/wp-content\\\/uploads\\\/2026\\\/04\\\/fechas-SSF-3000-x-2250-px-7-scaled.png\",\"width\":2560,\"height\":1920},{\"@type\":\"BreadcrumbList\",\"@id\":\"https:\\\/\\\/semanasantaferrol.com\\\/gl\\\/el-grupo-joven-de-las-angustias-organiza-la-cruz-de-mayo-2026\\\/#breadcrumb\",\"itemListElement\":[{\"@type\":\"ListItem\",\"position\":1,\"name\":\"Portada\",\"item\":\"https:\\\/\\\/semanasantaferrol.com\\\/gl\\\/\"},{\"@type\":\"ListItem\",\"position\":2,\"name\":\"O Grupo Novo das Angustias organiza a \u00abCruz de Maio 2026\u00bb\"}]},{\"@type\":\"WebSite\",\"@id\":\"https:\\\/\\\/semanasantaferrol.com\\\/gl\\\/#website\",\"url\":\"https:\\\/\\\/semanasantaferrol.com\\\/gl\\\/\",\"name\":\"Junta General de Cofrad\u00edas y Hermandades\",\"description\":\"Semana Santa de Ferrol\",\"publisher\":{\"@id\":\"https:\\\/\\\/semanasantaferrol.com\\\/gl\\\/#organization\"},\"alternateName\":\"Semana Santa de Ferrol\",\"potentialAction\":[{\"@type\":\"SearchAction\",\"target\":{\"@type\":\"EntryPoint\",\"urlTemplate\":\"https:\\\/\\\/semanasantaferrol.com\\\/gl\\\/?s={search_term_string}\"},\"query-input\":{\"@type\":\"PropertyValueSpecification\",\"valueRequired\":true,\"valueName\":\"search_term_string\"}}],\"inLanguage\":\"gl-ES\"},{\"@type\":\"Organization\",\"@id\":\"https:\\\/\\\/semanasantaferrol.com\\\/gl\\\/#organization\",\"name\":\"Junta General de Cofrad\u00edas y Hermandades de la Semana Santa de Ferrol\",\"alternateName\":\"Junta de Cofrad\u00edas de la Semana Santa de Ferrol\",\"url\":\"https:\\\/\\\/semanasantaferrol.com\\\/gl\\\/\",\"logo\":{\"@type\":\"ImageObject\",\"inLanguage\":\"gl-ES\",\"@id\":\"https:\\\/\\\/semanasantaferrol.com\\\/gl\\\/#\\\/schema\\\/logo\\\/image\\\/\",\"url\":\"https:\\\/\\\/semanasantaferrol.com\\\/wp-content\\\/uploads\\\/2022\\\/10\\\/junta_general_logo.svg\",\"contentUrl\":\"https:\\\/\\\/semanasantaferrol.com\\\/wp-content\\\/uploads\\\/2022\\\/10\\\/junta_general_logo.svg\",\"width\":600,\"height\":790,\"caption\":\"Junta General de Cofrad\u00edas y Hermandades de la Semana Santa de Ferrol\"},\"image\":{\"@id\":\"https:\\\/\\\/semanasantaferrol.com\\\/gl\\\/#\\\/schema\\\/logo\\\/image\\\/\"},\"sameAs\":[\"https:\\\/\\\/www.facebook.com\\\/Juntageneraldecofradias\\\/\",\"https:\\\/\\\/www.instagram.com\\\/juntageneralcofradiasferrol\\\/\",\"https:\\\/\\\/www.youtube.com\\\/@semanasantadeferrol1616\",\"https:\\\/\\\/www.tiktok.com\\\/@semanasantadeferrol\"]},{\"@type\":\"Person\",\"@id\":\"https:\\\/\\\/semanasantaferrol.com\\\/gl\\\/#\\\/schema\\\/person\\\/cdd132690f08f75a35f05e2423e6307c\",\"name\":\"pingota\",\"image\":{\"@type\":\"ImageObject\",\"inLanguage\":\"gl-ES\",\"@id\":\"https:\\\/\\\/secure.gravatar.com\\\/avatar\\\/b1bb79ecdfb8d6f4c44a82262f8b422faeb290304fc5c6f8b9b4305bfaa2853c?s=96&d=mm&r=g\",\"url\":\"https:\\\/\\\/secure.gravatar.com\\\/avatar\\\/b1bb79ecdfb8d6f4c44a82262f8b422faeb290304fc5c6f8b9b4305bfaa2853c?s=96&d=mm&r=g\",\"contentUrl\":\"https:\\\/\\\/secure.gravatar.com\\\/avatar\\\/b1bb79ecdfb8d6f4c44a82262f8b422faeb290304fc5c6f8b9b4305bfaa2853c?s=96&d=mm&r=g\",\"caption\":\"pingota\"},\"url\":\"https:\\\/\\\/semanasantaferrol.com\\\/gl\"}]}<\/script>\n<!-- \/ Yoast SEO plugin. -->","yoast_head_json":{"title":"O Grupo Novo das Angustias organiza a \"Cruz de Maio 2026\" - Junta General de Cofrad\u00edas y Hermandades","robots":{"index":"index","follow":"follow","max-snippet":"max-snippet:-1","max-image-preview":"max-image-preview:large","max-video-preview":"max-video-preview:-1"},"canonical":"https:\/\/semanasantaferrol.com\/gl\/el-grupo-joven-de-las-angustias-organiza-la-cruz-de-mayo-2026\/","og_locale":"gl_ES","og_type":"article","og_title":"O Grupo Novo das Angustias organiza a \"Cruz de Maio 2026\" - Junta General de Cofrad\u00edas y Hermandades","og_description":"O Grupo Novo da Confrar\u00eda das Angustias informa da organizaci\u00f3n da &#8220;Cruz de Maio 2026&#8221;, coa que se realizar\u00e1 unha ofrenda o vindeiro domingo 3 de maio. Para a elaboraci\u00f3n da Cruz, requ\u00edrese a todos os confrades que acudan a levar flores brancas. Os d\u00edas de recollida ser\u00e1n este martes, d\u00eda 28, e o xoves, [&hellip;]","og_url":"https:\/\/semanasantaferrol.com\/gl\/el-grupo-joven-de-las-angustias-organiza-la-cruz-de-mayo-2026\/","og_site_name":"Junta General de Cofrad\u00edas y Hermandades","article_publisher":"https:\/\/www.facebook.com\/Juntageneraldecofradias\/","article_published_time":"2026-04-27T08:30:51+00:00","article_modified_time":"2026-04-27T08:33:35+00:00","og_image":[{"width":1024,"height":768,"url":"https:\/\/semanasantaferrol.com\/wp-content\/uploads\/2026\/04\/fechas-SSF-3000-x-2250-px-7-1024x768.png","type":"image\/png"}],"author":"pingota","twitter_card":"summary_large_image","twitter_misc":{"Escrito por":"pingota","Tempo de lectura":"2 minutos"},"schema":{"@context":"https:\/\/schema.org","@graph":[{"@type":"Article","@id":"https:\/\/semanasantaferrol.com\/gl\/el-grupo-joven-de-las-angustias-organiza-la-cruz-de-mayo-2026\/#article","isPartOf":{"@id":"https:\/\/semanasantaferrol.com\/gl\/el-grupo-joven-de-las-angustias-organiza-la-cruz-de-mayo-2026\/"},"author":{"name":"pingota","@id":"https:\/\/semanasantaferrol.com\/gl\/#\/schema\/person\/cdd132690f08f75a35f05e2423e6307c"},"headline":"O Grupo Novo das Angustias organiza a &#8220;Cruz de Maio 2026&#8221;","datePublished":"2026-04-27T08:30:51+00:00","dateModified":"2026-04-27T08:33:35+00:00","mainEntityOfPage":{"@id":"https:\/\/semanasantaferrol.com\/gl\/el-grupo-joven-de-las-angustias-organiza-la-cruz-de-mayo-2026\/"},"wordCount":159,"commentCount":0,"publisher":{"@id":"https:\/\/semanasantaferrol.com\/gl\/#organization"},"image":{"@id":"https:\/\/semanasantaferrol.com\/gl\/el-grupo-joven-de-las-angustias-organiza-la-cruz-de-mayo-2026\/#primaryimage"},"thumbnailUrl":"https:\/\/semanasantaferrol.com\/wp-content\/uploads\/2026\/04\/fechas-SSF-3000-x-2250-px-7-scaled.png","articleSection":["Angustias"],"inLanguage":"gl-ES","potentialAction":[{"@type":"CommentAction","name":"Comment","target":["https:\/\/semanasantaferrol.com\/gl\/el-grupo-joven-de-las-angustias-organiza-la-cruz-de-mayo-2026\/#respond"]}]},{"@type":"WebPage","@id":"https:\/\/semanasantaferrol.com\/gl\/el-grupo-joven-de-las-angustias-organiza-la-cruz-de-mayo-2026\/","url":"https:\/\/semanasantaferrol.com\/gl\/el-grupo-joven-de-las-angustias-organiza-la-cruz-de-mayo-2026\/","name":"O Grupo Novo das Angustias organiza a \"Cruz de Maio 2026\" - Junta General de Cofrad\u00edas y Hermandades","isPartOf":{"@id":"https:\/\/semanasantaferrol.com\/gl\/#website"},"primaryImageOfPage":{"@id":"https:\/\/semanasantaferrol.com\/gl\/el-grupo-joven-de-las-angustias-organiza-la-cruz-de-mayo-2026\/#primaryimage"},"image":{"@id":"https:\/\/semanasantaferrol.com\/gl\/el-grupo-joven-de-las-angustias-organiza-la-cruz-de-mayo-2026\/#primaryimage"},"thumbnailUrl":"https:\/\/semanasantaferrol.com\/wp-content\/uploads\/2026\/04\/fechas-SSF-3000-x-2250-px-7-scaled.png","datePublished":"2026-04-27T08:30:51+00:00","dateModified":"2026-04-27T08:33:35+00:00","breadcrumb":{"@id":"https:\/\/semanasantaferrol.com\/gl\/el-grupo-joven-de-las-angustias-organiza-la-cruz-de-mayo-2026\/#breadcrumb"},"inLanguage":"gl-ES","potentialAction":[{"@type":"ReadAction","target":["https:\/\/semanasantaferrol.com\/gl\/el-grupo-joven-de-las-angustias-organiza-la-cruz-de-mayo-2026\/"]}]},{"@type":"ImageObject","inLanguage":"gl-ES","@id":"https:\/\/semanasantaferrol.com\/gl\/el-grupo-joven-de-las-angustias-organiza-la-cruz-de-mayo-2026\/#primaryimage","url":"https:\/\/semanasantaferrol.com\/wp-content\/uploads\/2026\/04\/fechas-SSF-3000-x-2250-px-7-scaled.png","contentUrl":"https:\/\/semanasantaferrol.com\/wp-content\/uploads\/2026\/04\/fechas-SSF-3000-x-2250-px-7-scaled.png","width":2560,"height":1920},{"@type":"BreadcrumbList","@id":"https:\/\/semanasantaferrol.com\/gl\/el-grupo-joven-de-las-angustias-organiza-la-cruz-de-mayo-2026\/#breadcrumb","itemListElement":[{"@type":"ListItem","position":1,"name":"Portada","item":"https:\/\/semanasantaferrol.com\/gl\/"},{"@type":"ListItem","position":2,"name":"O Grupo Novo das Angustias organiza a \u00abCruz de Maio 2026\u00bb"}]},{"@type":"WebSite","@id":"https:\/\/semanasantaferrol.com\/gl\/#website","url":"https:\/\/semanasantaferrol.com\/gl\/","name":"Junta General de Cofrad\u00edas y Hermandades","description":"Semana Santa de Ferrol","publisher":{"@id":"https:\/\/semanasantaferrol.com\/gl\/#organization"},"alternateName":"Semana Santa de Ferrol","potentialAction":[{"@type":"SearchAction","target":{"@type":"EntryPoint","urlTemplate":"https:\/\/semanasantaferrol.com\/gl\/?s={search_term_string}"},"query-input":{"@type":"PropertyValueSpecification","valueRequired":true,"valueName":"search_term_string"}}],"inLanguage":"gl-ES"},{"@type":"Organization","@id":"https:\/\/semanasantaferrol.com\/gl\/#organization","name":"Junta General de Cofrad\u00edas y Hermandades de la Semana Santa de Ferrol","alternateName":"Junta de Cofrad\u00edas de la Semana Santa de Ferrol","url":"https:\/\/semanasantaferrol.com\/gl\/","logo":{"@type":"ImageObject","inLanguage":"gl-ES","@id":"https:\/\/semanasantaferrol.com\/gl\/#\/schema\/logo\/image\/","url":"https:\/\/semanasantaferrol.com\/wp-content\/uploads\/2022\/10\/junta_general_logo.svg","contentUrl":"https:\/\/semanasantaferrol.com\/wp-content\/uploads\/2022\/10\/junta_general_logo.svg","width":600,"height":790,"caption":"Junta General de Cofrad\u00edas y Hermandades de la Semana Santa de Ferrol"},"image":{"@id":"https:\/\/semanasantaferrol.com\/gl\/#\/schema\/logo\/image\/"},"sameAs":["https:\/\/www.facebook.com\/Juntageneraldecofradias\/","https:\/\/www.instagram.com\/juntageneralcofradiasferrol\/","https:\/\/www.youtube.com\/@semanasantadeferrol1616","https:\/\/www.tiktok.com\/@semanasantadeferrol"]},{"@type":"Person","@id":"https:\/\/semanasantaferrol.com\/gl\/#\/schema\/person\/cdd132690f08f75a35f05e2423e6307c","name":"pingota","image":{"@type":"ImageObject","inLanguage":"gl-ES","@id":"https:\/\/secure.gravatar.com\/avatar\/b1bb79ecdfb8d6f4c44a82262f8b422faeb290304fc5c6f8b9b4305bfaa2853c?s=96&d=mm&r=g","url":"https:\/\/secure.gravatar.com\/avatar\/b1bb79ecdfb8d6f4c44a82262f8b422faeb290304fc5c6f8b9b4305bfaa2853c?s=96&d=mm&r=g","contentUrl":"https:\/\/secure.gravatar.com\/avatar\/b1bb79ecdfb8d6f4c44a82262f8b422faeb290304fc5c6f8b9b4305bfaa2853c?s=96&d=mm&r=g","caption":"pingota"},"url":"https:\/\/semanasantaferrol.com\/gl"}]}},"_links":{"self":[{"href":"https:\/\/semanasantaferrol.com\/gl\/wp-json\/wp\/v2\/posts\/12146","targetHints":{"allow":["GET"]}}],"collection":[{"href":"https:\/\/semanasantaferrol.com\/gl\/wp-json\/wp\/v2\/posts"}],"about":[{"href":"https:\/\/semanasantaferrol.com\/gl\/wp-json\/wp\/v2\/types\/post"}],"author":[{"embeddable":true,"href":"https:\/\/semanasantaferrol.com\/gl\/wp-json\/wp\/v2\/users\/3"}],"replies":[{"embeddable":true,"href":"https:\/\/semanasantaferrol.com\/gl\/wp-json\/wp\/v2\/comments?post=12146"}],"version-history":[{"count":3,"href":"https:\/\/semanasantaferrol.com\/gl\/wp-json\/wp\/v2\/posts\/12146\/revisions"}],"predecessor-version":[{"id":12151,"href":"https:\/\/semanasantaferrol.com\/gl\/wp-json\/wp\/v2\/posts\/12146\/revisions\/12151"}],"wp:featuredmedia":[{"embeddable":true,"href":"https:\/\/semanasantaferrol.com\/gl\/wp-json\/wp\/v2\/media\/12148"}],"wp:attachment":[{"href":"https:\/\/semanasantaferrol.com\/gl\/wp-json\/wp\/v2\/media?parent=12146"}],"wp:term":[{"taxonomy":"category","embeddable":true,"href":"https:\/\/semanasantaferrol.com\/gl\/wp-json\/wp\/v2\/categories?post=12146"},{"taxonomy":"post_tag","embeddable":true,"href":"https:\/\/semanasantaferrol.com\/gl\/wp-json\/wp\/v2\/tags?post=12146"}],"curies":[{"name":"wp","href":"https:\/\/api.w.org\/{rel}","templated":true}]}}