{"id":12094,"date":"2026-04-05T07:46:08","date_gmt":"2026-04-05T07:46:08","guid":{"rendered":"https:\/\/semanasantaferrol.com\/?p=12094"},"modified":"2026-04-05T07:46:24","modified_gmt":"2026-04-05T07:46:24","slug":"caridade-e-o-silencio-unica-do-sabado-santo-cumpre-70-anos","status":"publish","type":"post","link":"https:\/\/semanasantaferrol.com\/gl\/caridade-e-o-silencio-unica-do-sabado-santo-cumpre-70-anos\/","title":{"rendered":"A procesi\u00f3n da Caridade e o Silencio, \u00fanica do S\u00e1bado Santo, cumpre 70 anos"},"content":{"rendered":"<p>Neste S\u00e1bado Santo c\u00famprense 70 anos desde que a Confrar\u00eda das Angustias celebrou por primeira vez a Procesi\u00f3n da Caridade e o Silencio. Antes de 1956 era habitual que a emblem\u00e1tica imaxe se expuxera no interior do santuario de Esteiro, cada tarde do Venres Santo, soa e vestida de loito. O irm\u00e1n maior da Irmandade, Jos\u00e9 Ram\u00f3n Cancelo, escribe un artigo na edici\u00f3n deste ano da revista Ecce Homo sobre a estrea daquel desfile, no que participou sendo un neno, e sobre os motivos que levaron \u00e1 Xunta de Gobierno daquela \u00e9poca para idear esta sa\u00edda procesional.<\/p>\n<p>Pensouse, tal como explica na publicaci\u00f3n, en realizar alg\u00fan acto de caridade coas flores que adornaran os tronos da Confrar\u00eda nos d\u00edas anteriores. Os beneficiarios, segundo se decidiu ent\u00f3n, deber\u00edan ser quen acud\u00eda a diario ao Santo Hospital de Caridade, que daquela estaba na r\u00faa Concepci\u00f3n Arenal (no actual centro cultural Torrente Ballester). As\u00ed, disp\u00faxose que durante todo o S\u00e1bado Santo recoller\u00edanse donativos a cambio de flores e que o recadado entregar\u00edase ao irm\u00e1n maior do Cabildo do Santo Hospital de Caridade. Desde ent\u00f3n mantense a tradici\u00f3n, mesmo no ano da pandemia, cando non se celebrou ning\u00fan acto pero si se recibiron achegas econ\u00f3micas que foron igualmente para o refuxio Pardo de At\u00edn, sostido pola Fundaci\u00f3n do Santo Hospital de Caridad.<\/p>\n<p>Un ano m\u00e1is, as portas do santuario abriranse \u00e1s nove da ma\u00f1\u00e1 para recibir un goteo constante de fieis que acudir\u00e1n a deixar as s\u00faas doaz\u00f3ns. No altar estar\u00e1 Nosa Se\u00f1ora das Angustias na s\u00faa advocaci\u00f3n da Caridade e o Silencio, sen o seu Fillo no colo e de rigoroso loito, e aos seus p\u00e9s a arqueta de madeira que tallou hai setenta anos Guillermo Feal, a quen tam\u00e9n se lle confiou o trono para este desfile. Cabe sinalar que de novo os portadores ir\u00e1n baixo a estrutura, deixando \u00e1 vista unicamente os seus p\u00e9s, como volveu a facer desde 2023 -e como se fixera ata 1992-. Cumprirase tam\u00e9n o voto de silencio que se realizou por primeira vez en 1956, de xeito que os capuch\u00f3ns non reparten estampitas, levan todos capuz negro, co h\u00e1bito correspondente, e non levan capa.<\/p>\n<p>\u00c9 un desfile moi sobrio, no que marcan o paso os Timbais da Banda de Cornetas e Tambores das Angustias, detr\u00e1s de la Cruz Gu\u00eda, e unha capela musical que acompa\u00f1a o paso de Nosa Se\u00f1ora das Angustias Coroada.<\/p>\n<p>Na retirada cel\u00e9brase a singular cerimonia da entrega dos donativos \u00e1 Fundaci\u00f3n do Santo Hospital de Caridade. Todos os confrades entran no santuario e p\u00e9chanse as portas, para que desde f\u00f3ra, a continuaci\u00f3n, o representante da entidade golpee cun martelo pedindo permiso para entrar. Unha vez no interior cel\u00e9brase unha sinxela cerimonia, co acompa\u00f1amento do Coro Diapas\u00f3n.<\/p>\n","protected":false},"excerpt":{"rendered":"<p>Neste S\u00e1bado Santo c\u00famprense 70 anos desde que a Confrar\u00eda das Angustias celebrou por primeira vez a Procesi\u00f3n da Caridade e o Silencio. Antes de 1956 era habitual que a emblem\u00e1tica imaxe se expuxera no interior do santuario de Esteiro, cada tarde do Venres Santo, soa e vestida de loito. O irm\u00e1n maior da Irmandade, [&hellip;]<\/p>\n","protected":false},"author":3,"featured_media":12093,"comment_status":"open","ping_status":"open","sticky":false,"template":"","format":"standard","meta":{"footnotes":""},"categories":[39],"tags":[],"class_list":["post-12094","post","type-post","status-publish","format-standard","has-post-thumbnail","hentry","category-xunta"],"yoast_head":"<!-- This site is optimized with the Yoast SEO plugin v27.5 - https:\/\/yoast.com\/product\/yoast-seo-wordpress\/ -->\n<title>A procesi\u00f3n da Caridade e o Silencio, \u00fanica do S\u00e1bado Santo, cumpre 70 anos - Junta General de Cofrad\u00edas y Hermandades<\/title>\n<meta name=\"robots\" content=\"index, follow, max-snippet:-1, max-image-preview:large, max-video-preview:-1\" \/>\n<link rel=\"canonical\" href=\"https:\/\/semanasantaferrol.com\/gl\/caridade-e-o-silencio-unica-do-sabado-santo-cumpre-70-anos\/\" \/>\n<meta property=\"og:locale\" content=\"gl_ES\" \/>\n<meta property=\"og:type\" content=\"article\" \/>\n<meta property=\"og:title\" content=\"A procesi\u00f3n da Caridade e o Silencio, \u00fanica do S\u00e1bado Santo, cumpre 70 anos - Junta General de Cofrad\u00edas y Hermandades\" \/>\n<meta property=\"og:description\" content=\"Neste S\u00e1bado Santo c\u00famprense 70 anos desde que a Confrar\u00eda das Angustias celebrou por primeira vez a Procesi\u00f3n da Caridade e o Silencio. Antes de 1956 era habitual que a emblem\u00e1tica imaxe se expuxera no interior do santuario de Esteiro, cada tarde do Venres Santo, soa e vestida de loito. O irm\u00e1n maior da Irmandade, [&hellip;]\" \/>\n<meta property=\"og:url\" content=\"https:\/\/semanasantaferrol.com\/gl\/caridade-e-o-silencio-unica-do-sabado-santo-cumpre-70-anos\/\" \/>\n<meta property=\"og:site_name\" content=\"Junta General de Cofrad\u00edas y Hermandades\" \/>\n<meta property=\"article:publisher\" content=\"https:\/\/www.facebook.com\/Juntageneraldecofradias\/\" \/>\n<meta property=\"article:published_time\" content=\"2026-04-05T07:46:08+00:00\" \/>\n<meta property=\"article:modified_time\" content=\"2026-04-05T07:46:24+00:00\" \/>\n<meta property=\"og:image\" content=\"https:\/\/semanasantaferrol.com\/wp-content\/uploads\/2026\/04\/20-silencio-scaled-e1775034507604.jpg\" \/>\n\t<meta property=\"og:image:width\" content=\"2227\" \/>\n\t<meta property=\"og:image:height\" content=\"1673\" \/>\n\t<meta property=\"og:image:type\" content=\"image\/jpeg\" \/>\n<meta name=\"author\" content=\"pingota\" \/>\n<meta name=\"twitter:card\" content=\"summary_large_image\" \/>\n<meta name=\"twitter:label1\" content=\"Escrito por\" \/>\n\t<meta name=\"twitter:data1\" content=\"pingota\" \/>\n\t<meta name=\"twitter:label2\" content=\"Tempo de lectura\" \/>\n\t<meta name=\"twitter:data2\" content=\"3 minutos\" \/>\n<script type=\"application\/ld+json\" class=\"yoast-schema-graph\">{\"@context\":\"https:\\\/\\\/schema.org\",\"@graph\":[{\"@type\":\"Article\",\"@id\":\"https:\\\/\\\/semanasantaferrol.com\\\/gl\\\/caridade-e-o-silencio-unica-do-sabado-santo-cumpre-70-anos\\\/#article\",\"isPartOf\":{\"@id\":\"https:\\\/\\\/semanasantaferrol.com\\\/gl\\\/caridade-e-o-silencio-unica-do-sabado-santo-cumpre-70-anos\\\/\"},\"author\":{\"name\":\"pingota\",\"@id\":\"https:\\\/\\\/semanasantaferrol.com\\\/gl\\\/#\\\/schema\\\/person\\\/cdd132690f08f75a35f05e2423e6307c\"},\"headline\":\"A procesi\u00f3n da Caridade e o Silencio, \u00fanica do S\u00e1bado Santo, cumpre 70 anos\",\"datePublished\":\"2026-04-05T07:46:08+00:00\",\"dateModified\":\"2026-04-05T07:46:24+00:00\",\"mainEntityOfPage\":{\"@id\":\"https:\\\/\\\/semanasantaferrol.com\\\/gl\\\/caridade-e-o-silencio-unica-do-sabado-santo-cumpre-70-anos\\\/\"},\"wordCount\":516,\"commentCount\":0,\"publisher\":{\"@id\":\"https:\\\/\\\/semanasantaferrol.com\\\/gl\\\/#organization\"},\"image\":{\"@id\":\"https:\\\/\\\/semanasantaferrol.com\\\/gl\\\/caridade-e-o-silencio-unica-do-sabado-santo-cumpre-70-anos\\\/#primaryimage\"},\"thumbnailUrl\":\"https:\\\/\\\/semanasantaferrol.com\\\/wp-content\\\/uploads\\\/2026\\\/04\\\/20-silencio-scaled-e1775034507604.jpg\",\"articleSection\":[\"Xunta\"],\"inLanguage\":\"gl-ES\",\"potentialAction\":[{\"@type\":\"CommentAction\",\"name\":\"Comment\",\"target\":[\"https:\\\/\\\/semanasantaferrol.com\\\/gl\\\/caridade-e-o-silencio-unica-do-sabado-santo-cumpre-70-anos\\\/#respond\"]}]},{\"@type\":\"WebPage\",\"@id\":\"https:\\\/\\\/semanasantaferrol.com\\\/gl\\\/caridade-e-o-silencio-unica-do-sabado-santo-cumpre-70-anos\\\/\",\"url\":\"https:\\\/\\\/semanasantaferrol.com\\\/gl\\\/caridade-e-o-silencio-unica-do-sabado-santo-cumpre-70-anos\\\/\",\"name\":\"A procesi\u00f3n da Caridade e o Silencio, \u00fanica do S\u00e1bado Santo, cumpre 70 anos - Junta General de Cofrad\u00edas y Hermandades\",\"isPartOf\":{\"@id\":\"https:\\\/\\\/semanasantaferrol.com\\\/gl\\\/#website\"},\"primaryImageOfPage\":{\"@id\":\"https:\\\/\\\/semanasantaferrol.com\\\/gl\\\/caridade-e-o-silencio-unica-do-sabado-santo-cumpre-70-anos\\\/#primaryimage\"},\"image\":{\"@id\":\"https:\\\/\\\/semanasantaferrol.com\\\/gl\\\/caridade-e-o-silencio-unica-do-sabado-santo-cumpre-70-anos\\\/#primaryimage\"},\"thumbnailUrl\":\"https:\\\/\\\/semanasantaferrol.com\\\/wp-content\\\/uploads\\\/2026\\\/04\\\/20-silencio-scaled-e1775034507604.jpg\",\"datePublished\":\"2026-04-05T07:46:08+00:00\",\"dateModified\":\"2026-04-05T07:46:24+00:00\",\"breadcrumb\":{\"@id\":\"https:\\\/\\\/semanasantaferrol.com\\\/gl\\\/caridade-e-o-silencio-unica-do-sabado-santo-cumpre-70-anos\\\/#breadcrumb\"},\"inLanguage\":\"gl-ES\",\"potentialAction\":[{\"@type\":\"ReadAction\",\"target\":[\"https:\\\/\\\/semanasantaferrol.com\\\/gl\\\/caridade-e-o-silencio-unica-do-sabado-santo-cumpre-70-anos\\\/\"]}]},{\"@type\":\"ImageObject\",\"inLanguage\":\"gl-ES\",\"@id\":\"https:\\\/\\\/semanasantaferrol.com\\\/gl\\\/caridade-e-o-silencio-unica-do-sabado-santo-cumpre-70-anos\\\/#primaryimage\",\"url\":\"https:\\\/\\\/semanasantaferrol.com\\\/wp-content\\\/uploads\\\/2026\\\/04\\\/20-silencio-scaled-e1775034507604.jpg\",\"contentUrl\":\"https:\\\/\\\/semanasantaferrol.com\\\/wp-content\\\/uploads\\\/2026\\\/04\\\/20-silencio-scaled-e1775034507604.jpg\",\"width\":2227,\"height\":1673},{\"@type\":\"BreadcrumbList\",\"@id\":\"https:\\\/\\\/semanasantaferrol.com\\\/gl\\\/caridade-e-o-silencio-unica-do-sabado-santo-cumpre-70-anos\\\/#breadcrumb\",\"itemListElement\":[{\"@type\":\"ListItem\",\"position\":1,\"name\":\"Portada\",\"item\":\"https:\\\/\\\/semanasantaferrol.com\\\/gl\\\/\"},{\"@type\":\"ListItem\",\"position\":2,\"name\":\"A procesi\u00f3n da Caridade e o Silencio, \u00fanica do S\u00e1bado Santo, cumpre 70 anos\"}]},{\"@type\":\"WebSite\",\"@id\":\"https:\\\/\\\/semanasantaferrol.com\\\/gl\\\/#website\",\"url\":\"https:\\\/\\\/semanasantaferrol.com\\\/gl\\\/\",\"name\":\"Junta General de Cofrad\u00edas y Hermandades\",\"description\":\"Semana Santa de Ferrol\",\"publisher\":{\"@id\":\"https:\\\/\\\/semanasantaferrol.com\\\/gl\\\/#organization\"},\"alternateName\":\"Semana Santa de Ferrol\",\"potentialAction\":[{\"@type\":\"SearchAction\",\"target\":{\"@type\":\"EntryPoint\",\"urlTemplate\":\"https:\\\/\\\/semanasantaferrol.com\\\/gl\\\/?s={search_term_string}\"},\"query-input\":{\"@type\":\"PropertyValueSpecification\",\"valueRequired\":true,\"valueName\":\"search_term_string\"}}],\"inLanguage\":\"gl-ES\"},{\"@type\":\"Organization\",\"@id\":\"https:\\\/\\\/semanasantaferrol.com\\\/gl\\\/#organization\",\"name\":\"Junta General de Cofrad\u00edas y Hermandades de la Semana Santa de Ferrol\",\"alternateName\":\"Junta de Cofrad\u00edas de la Semana Santa de Ferrol\",\"url\":\"https:\\\/\\\/semanasantaferrol.com\\\/gl\\\/\",\"logo\":{\"@type\":\"ImageObject\",\"inLanguage\":\"gl-ES\",\"@id\":\"https:\\\/\\\/semanasantaferrol.com\\\/gl\\\/#\\\/schema\\\/logo\\\/image\\\/\",\"url\":\"https:\\\/\\\/semanasantaferrol.com\\\/wp-content\\\/uploads\\\/2022\\\/10\\\/junta_general_logo.svg\",\"contentUrl\":\"https:\\\/\\\/semanasantaferrol.com\\\/wp-content\\\/uploads\\\/2022\\\/10\\\/junta_general_logo.svg\",\"width\":600,\"height\":790,\"caption\":\"Junta General de Cofrad\u00edas y Hermandades de la Semana Santa de Ferrol\"},\"image\":{\"@id\":\"https:\\\/\\\/semanasantaferrol.com\\\/gl\\\/#\\\/schema\\\/logo\\\/image\\\/\"},\"sameAs\":[\"https:\\\/\\\/www.facebook.com\\\/Juntageneraldecofradias\\\/\",\"https:\\\/\\\/www.instagram.com\\\/juntageneralcofradiasferrol\\\/\",\"https:\\\/\\\/www.youtube.com\\\/@semanasantadeferrol1616\",\"https:\\\/\\\/www.tiktok.com\\\/@semanasantadeferrol\"]},{\"@type\":\"Person\",\"@id\":\"https:\\\/\\\/semanasantaferrol.com\\\/gl\\\/#\\\/schema\\\/person\\\/cdd132690f08f75a35f05e2423e6307c\",\"name\":\"pingota\",\"image\":{\"@type\":\"ImageObject\",\"inLanguage\":\"gl-ES\",\"@id\":\"https:\\\/\\\/secure.gravatar.com\\\/avatar\\\/b1bb79ecdfb8d6f4c44a82262f8b422faeb290304fc5c6f8b9b4305bfaa2853c?s=96&d=mm&r=g\",\"url\":\"https:\\\/\\\/secure.gravatar.com\\\/avatar\\\/b1bb79ecdfb8d6f4c44a82262f8b422faeb290304fc5c6f8b9b4305bfaa2853c?s=96&d=mm&r=g\",\"contentUrl\":\"https:\\\/\\\/secure.gravatar.com\\\/avatar\\\/b1bb79ecdfb8d6f4c44a82262f8b422faeb290304fc5c6f8b9b4305bfaa2853c?s=96&d=mm&r=g\",\"caption\":\"pingota\"},\"url\":\"https:\\\/\\\/semanasantaferrol.com\\\/gl\"}]}<\/script>\n<!-- \/ Yoast SEO plugin. -->","yoast_head_json":{"title":"A procesi\u00f3n da Caridade e o Silencio, \u00fanica do S\u00e1bado Santo, cumpre 70 anos - Junta General de Cofrad\u00edas y Hermandades","robots":{"index":"index","follow":"follow","max-snippet":"max-snippet:-1","max-image-preview":"max-image-preview:large","max-video-preview":"max-video-preview:-1"},"canonical":"https:\/\/semanasantaferrol.com\/gl\/caridade-e-o-silencio-unica-do-sabado-santo-cumpre-70-anos\/","og_locale":"gl_ES","og_type":"article","og_title":"A procesi\u00f3n da Caridade e o Silencio, \u00fanica do S\u00e1bado Santo, cumpre 70 anos - Junta General de Cofrad\u00edas y Hermandades","og_description":"Neste S\u00e1bado Santo c\u00famprense 70 anos desde que a Confrar\u00eda das Angustias celebrou por primeira vez a Procesi\u00f3n da Caridade e o Silencio. Antes de 1956 era habitual que a emblem\u00e1tica imaxe se expuxera no interior do santuario de Esteiro, cada tarde do Venres Santo, soa e vestida de loito. O irm\u00e1n maior da Irmandade, [&hellip;]","og_url":"https:\/\/semanasantaferrol.com\/gl\/caridade-e-o-silencio-unica-do-sabado-santo-cumpre-70-anos\/","og_site_name":"Junta General de Cofrad\u00edas y Hermandades","article_publisher":"https:\/\/www.facebook.com\/Juntageneraldecofradias\/","article_published_time":"2026-04-05T07:46:08+00:00","article_modified_time":"2026-04-05T07:46:24+00:00","og_image":[{"width":2227,"height":1673,"url":"https:\/\/semanasantaferrol.com\/wp-content\/uploads\/2026\/04\/20-silencio-scaled-e1775034507604.jpg","type":"image\/jpeg"}],"author":"pingota","twitter_card":"summary_large_image","twitter_misc":{"Escrito por":"pingota","Tempo de lectura":"3 minutos"},"schema":{"@context":"https:\/\/schema.org","@graph":[{"@type":"Article","@id":"https:\/\/semanasantaferrol.com\/gl\/caridade-e-o-silencio-unica-do-sabado-santo-cumpre-70-anos\/#article","isPartOf":{"@id":"https:\/\/semanasantaferrol.com\/gl\/caridade-e-o-silencio-unica-do-sabado-santo-cumpre-70-anos\/"},"author":{"name":"pingota","@id":"https:\/\/semanasantaferrol.com\/gl\/#\/schema\/person\/cdd132690f08f75a35f05e2423e6307c"},"headline":"A procesi\u00f3n da Caridade e o Silencio, \u00fanica do S\u00e1bado Santo, cumpre 70 anos","datePublished":"2026-04-05T07:46:08+00:00","dateModified":"2026-04-05T07:46:24+00:00","mainEntityOfPage":{"@id":"https:\/\/semanasantaferrol.com\/gl\/caridade-e-o-silencio-unica-do-sabado-santo-cumpre-70-anos\/"},"wordCount":516,"commentCount":0,"publisher":{"@id":"https:\/\/semanasantaferrol.com\/gl\/#organization"},"image":{"@id":"https:\/\/semanasantaferrol.com\/gl\/caridade-e-o-silencio-unica-do-sabado-santo-cumpre-70-anos\/#primaryimage"},"thumbnailUrl":"https:\/\/semanasantaferrol.com\/wp-content\/uploads\/2026\/04\/20-silencio-scaled-e1775034507604.jpg","articleSection":["Xunta"],"inLanguage":"gl-ES","potentialAction":[{"@type":"CommentAction","name":"Comment","target":["https:\/\/semanasantaferrol.com\/gl\/caridade-e-o-silencio-unica-do-sabado-santo-cumpre-70-anos\/#respond"]}]},{"@type":"WebPage","@id":"https:\/\/semanasantaferrol.com\/gl\/caridade-e-o-silencio-unica-do-sabado-santo-cumpre-70-anos\/","url":"https:\/\/semanasantaferrol.com\/gl\/caridade-e-o-silencio-unica-do-sabado-santo-cumpre-70-anos\/","name":"A procesi\u00f3n da Caridade e o Silencio, \u00fanica do S\u00e1bado Santo, cumpre 70 anos - Junta General de Cofrad\u00edas y Hermandades","isPartOf":{"@id":"https:\/\/semanasantaferrol.com\/gl\/#website"},"primaryImageOfPage":{"@id":"https:\/\/semanasantaferrol.com\/gl\/caridade-e-o-silencio-unica-do-sabado-santo-cumpre-70-anos\/#primaryimage"},"image":{"@id":"https:\/\/semanasantaferrol.com\/gl\/caridade-e-o-silencio-unica-do-sabado-santo-cumpre-70-anos\/#primaryimage"},"thumbnailUrl":"https:\/\/semanasantaferrol.com\/wp-content\/uploads\/2026\/04\/20-silencio-scaled-e1775034507604.jpg","datePublished":"2026-04-05T07:46:08+00:00","dateModified":"2026-04-05T07:46:24+00:00","breadcrumb":{"@id":"https:\/\/semanasantaferrol.com\/gl\/caridade-e-o-silencio-unica-do-sabado-santo-cumpre-70-anos\/#breadcrumb"},"inLanguage":"gl-ES","potentialAction":[{"@type":"ReadAction","target":["https:\/\/semanasantaferrol.com\/gl\/caridade-e-o-silencio-unica-do-sabado-santo-cumpre-70-anos\/"]}]},{"@type":"ImageObject","inLanguage":"gl-ES","@id":"https:\/\/semanasantaferrol.com\/gl\/caridade-e-o-silencio-unica-do-sabado-santo-cumpre-70-anos\/#primaryimage","url":"https:\/\/semanasantaferrol.com\/wp-content\/uploads\/2026\/04\/20-silencio-scaled-e1775034507604.jpg","contentUrl":"https:\/\/semanasantaferrol.com\/wp-content\/uploads\/2026\/04\/20-silencio-scaled-e1775034507604.jpg","width":2227,"height":1673},{"@type":"BreadcrumbList","@id":"https:\/\/semanasantaferrol.com\/gl\/caridade-e-o-silencio-unica-do-sabado-santo-cumpre-70-anos\/#breadcrumb","itemListElement":[{"@type":"ListItem","position":1,"name":"Portada","item":"https:\/\/semanasantaferrol.com\/gl\/"},{"@type":"ListItem","position":2,"name":"A procesi\u00f3n da Caridade e o Silencio, \u00fanica do S\u00e1bado Santo, cumpre 70 anos"}]},{"@type":"WebSite","@id":"https:\/\/semanasantaferrol.com\/gl\/#website","url":"https:\/\/semanasantaferrol.com\/gl\/","name":"Junta General de Cofrad\u00edas y Hermandades","description":"Semana Santa de Ferrol","publisher":{"@id":"https:\/\/semanasantaferrol.com\/gl\/#organization"},"alternateName":"Semana Santa de Ferrol","potentialAction":[{"@type":"SearchAction","target":{"@type":"EntryPoint","urlTemplate":"https:\/\/semanasantaferrol.com\/gl\/?s={search_term_string}"},"query-input":{"@type":"PropertyValueSpecification","valueRequired":true,"valueName":"search_term_string"}}],"inLanguage":"gl-ES"},{"@type":"Organization","@id":"https:\/\/semanasantaferrol.com\/gl\/#organization","name":"Junta General de Cofrad\u00edas y Hermandades de la Semana Santa de Ferrol","alternateName":"Junta de Cofrad\u00edas de la Semana Santa de Ferrol","url":"https:\/\/semanasantaferrol.com\/gl\/","logo":{"@type":"ImageObject","inLanguage":"gl-ES","@id":"https:\/\/semanasantaferrol.com\/gl\/#\/schema\/logo\/image\/","url":"https:\/\/semanasantaferrol.com\/wp-content\/uploads\/2022\/10\/junta_general_logo.svg","contentUrl":"https:\/\/semanasantaferrol.com\/wp-content\/uploads\/2022\/10\/junta_general_logo.svg","width":600,"height":790,"caption":"Junta General de Cofrad\u00edas y Hermandades de la Semana Santa de Ferrol"},"image":{"@id":"https:\/\/semanasantaferrol.com\/gl\/#\/schema\/logo\/image\/"},"sameAs":["https:\/\/www.facebook.com\/Juntageneraldecofradias\/","https:\/\/www.instagram.com\/juntageneralcofradiasferrol\/","https:\/\/www.youtube.com\/@semanasantadeferrol1616","https:\/\/www.tiktok.com\/@semanasantadeferrol"]},{"@type":"Person","@id":"https:\/\/semanasantaferrol.com\/gl\/#\/schema\/person\/cdd132690f08f75a35f05e2423e6307c","name":"pingota","image":{"@type":"ImageObject","inLanguage":"gl-ES","@id":"https:\/\/secure.gravatar.com\/avatar\/b1bb79ecdfb8d6f4c44a82262f8b422faeb290304fc5c6f8b9b4305bfaa2853c?s=96&d=mm&r=g","url":"https:\/\/secure.gravatar.com\/avatar\/b1bb79ecdfb8d6f4c44a82262f8b422faeb290304fc5c6f8b9b4305bfaa2853c?s=96&d=mm&r=g","contentUrl":"https:\/\/secure.gravatar.com\/avatar\/b1bb79ecdfb8d6f4c44a82262f8b422faeb290304fc5c6f8b9b4305bfaa2853c?s=96&d=mm&r=g","caption":"pingota"},"url":"https:\/\/semanasantaferrol.com\/gl"}]}},"_links":{"self":[{"href":"https:\/\/semanasantaferrol.com\/gl\/wp-json\/wp\/v2\/posts\/12094","targetHints":{"allow":["GET"]}}],"collection":[{"href":"https:\/\/semanasantaferrol.com\/gl\/wp-json\/wp\/v2\/posts"}],"about":[{"href":"https:\/\/semanasantaferrol.com\/gl\/wp-json\/wp\/v2\/types\/post"}],"author":[{"embeddable":true,"href":"https:\/\/semanasantaferrol.com\/gl\/wp-json\/wp\/v2\/users\/3"}],"replies":[{"embeddable":true,"href":"https:\/\/semanasantaferrol.com\/gl\/wp-json\/wp\/v2\/comments?post=12094"}],"version-history":[{"count":1,"href":"https:\/\/semanasantaferrol.com\/gl\/wp-json\/wp\/v2\/posts\/12094\/revisions"}],"predecessor-version":[{"id":12095,"href":"https:\/\/semanasantaferrol.com\/gl\/wp-json\/wp\/v2\/posts\/12094\/revisions\/12095"}],"wp:featuredmedia":[{"embeddable":true,"href":"https:\/\/semanasantaferrol.com\/gl\/wp-json\/wp\/v2\/media\/12093"}],"wp:attachment":[{"href":"https:\/\/semanasantaferrol.com\/gl\/wp-json\/wp\/v2\/media?parent=12094"}],"wp:term":[{"taxonomy":"category","embeddable":true,"href":"https:\/\/semanasantaferrol.com\/gl\/wp-json\/wp\/v2\/categories?post=12094"},{"taxonomy":"post_tag","embeddable":true,"href":"https:\/\/semanasantaferrol.com\/gl\/wp-json\/wp\/v2\/tags?post=12094"}],"curies":[{"name":"wp","href":"https:\/\/api.w.org\/{rel}","templated":true}]}}