{"id":12086,"date":"2026-03-31T11:37:10","date_gmt":"2026-03-31T11:37:10","guid":{"rendered":"https:\/\/semanasantaferrol.com\/?p=12086"},"modified":"2026-03-31T11:37:38","modified_gmt":"2026-03-31T11:37:38","slug":"os-alfombristas-de-ponteareas-estaran-de-novo-en-ferrol-o-domingo-de-pascua","status":"publish","type":"post","link":"https:\/\/semanasantaferrol.com\/gl\/os-alfombristas-de-ponteareas-estaran-de-novo-en-ferrol-o-domingo-de-pascua\/","title":{"rendered":"Os alfombristas de Ponteareas estar\u00e1n de novo en Ferrol o Domingo de Pascua"},"content":{"rendered":"<p>A Asociaci\u00f3n de Alfombristas Do Corpus Christi de Ponteareas confeccionar\u00e1 unha alfombra floral na praza de Armas de Ferrol o vindeiro domingo de Resurrecci\u00f3n, 5 de abril, para recibir as procesi\u00f3ns que al\u00ed culminan no Gozoso Encontro\u00a0 da Semana Santa de Ferrol. A iniciativa l\u00e9vase a cabo por invitaci\u00f3n da Xunta de Confrar\u00edas e Irmandades de Ferrol e o Concello de Ferrol.<\/p>\n<p>A alfombra ter\u00e1 un di\u00e1metro de oito metros e unha superficie aproximada de cincuenta metros cadrados. Estar\u00e1 elaborada integramente con materiais naturais, entre os que se empregar\u00e1n verde de t\u00faa e eucalipto, marr\u00f3n de t\u00faa seca, p\u00e9talos deshidratados de pampullo e t\u00faa tostada para a cor negra. O branco e o vermello obteranse con ao redor de 2.000 caraveis. Para o trazado do dese\u00f1o utilizaranse toros do coraz\u00f3n do millo e canas de bamb\u00fa.<\/p>\n<p>Un equipo formado por 21 alfombristas comezar\u00e1 a traballar na madrugada do domingo, a partir das seis da ma\u00f1\u00e1, co obxectivo de que a alfombra estea finalizada antes da chegada da procesi\u00f3n.<\/p>\n<p>A presenza da asociaci\u00f3n en Ferrol permite trasladar \u00e1 cidade a experiencia e o prestixio de Ponteareas, localidade reco\u00f1ecida internacionalmente pola celebraci\u00f3n do Corpus Christi de Ponteareas, unha das principais manifestaci\u00f3ns da arte ef\u00e9mera floral en Espa\u00f1a. Esta festividade foi declarada Festa de Interese Tur\u00edstico Internacional e Ben de Interese Cultural pola Xunta de Galicia en abril de 2024.<\/p>\n<p>O reco\u00f1ecemento a esta tradici\u00f3n contin\u00faa crecendo a nivel internacional. En marzo de 2024, o Ministerio de Cultura de Espa\u00f1a presentou ante a UNESCO a candidatura internacional titulada \u201cA tradici\u00f3n da creaci\u00f3n de alfombras florais e composici\u00f3ns rituais con materiais naturais\u201d, que ser\u00e1 avaliada en 2025 para a s\u00faa posible inclusi\u00f3n na Lista Representativa do Patrimonio Cultural Inmaterial da Humanidade.<\/p>\n<p>Con esta participaci\u00f3n, a Asociaci\u00f3n de Alfombristas reafirma o seu compromiso coa difusi\u00f3n da arte ef\u00e9mero floral e coa posta en valor das tradici\u00f3ns relixiosas e culturais. A Semana Santa de Ferrol, con m\u00e1is de catro s\u00e9culos de historia, est\u00e1 considerada tam\u00e9n Festa de Interese Tur\u00edstico Internacional e constit\u00fae unha das celebraci\u00f3ns m\u00e1is relevantes de Galicia<\/p>\n<p>A tradici\u00f3n das alfombras florais ten en Ponteareas, na provincia de Pontevedra, un dos seus m\u00e1ximos expo\u00f1entes. Cada ano, durante o Corpus Christi, veci\u00f1os e colectivos elaboran m\u00e1is de vinte alfombras que cobren m\u00e1is dun quil\u00f3metro de r\u00faas e prazas con miles de flores e elementos vexetais, creando un espectacular conxunto de arte ef\u00e9mera que atrae a miles de visitantes.<\/p>\n<p>O paso da procesi\u00f3n do Sant\u00edsimo Sacramento por estas alfombras constit\u00fae un dos momentos m\u00e1is emblem\u00e1ticos da celebraci\u00f3n, acompa\u00f1ado por unha continua choiva de p\u00e9talos ao longo de todo o percorrido.<\/p>\n","protected":false},"excerpt":{"rendered":"<p>A Asociaci\u00f3n de Alfombristas Do Corpus Christi de Ponteareas confeccionar\u00e1 unha alfombra floral na praza de Armas de Ferrol o vindeiro domingo de Resurrecci\u00f3n, 5 de abril, para recibir as procesi\u00f3ns que al\u00ed culminan no Gozoso Encontro\u00a0 da Semana Santa de Ferrol. A iniciativa l\u00e9vase a cabo por invitaci\u00f3n da Xunta de Confrar\u00edas e Irmandades [&hellip;]<\/p>\n","protected":false},"author":3,"featured_media":12087,"comment_status":"open","ping_status":"open","sticky":false,"template":"","format":"standard","meta":{"footnotes":""},"categories":[39],"tags":[],"class_list":["post-12086","post","type-post","status-publish","format-standard","has-post-thumbnail","hentry","category-xunta"],"yoast_head":"<!-- This site is optimized with the Yoast SEO plugin v27.5 - https:\/\/yoast.com\/product\/yoast-seo-wordpress\/ -->\n<title>Os alfombristas de Ponteareas estar\u00e1n de novo en Ferrol o Domingo de Pascua - Junta General de Cofrad\u00edas y Hermandades<\/title>\n<meta name=\"robots\" content=\"index, follow, max-snippet:-1, max-image-preview:large, max-video-preview:-1\" \/>\n<link rel=\"canonical\" href=\"https:\/\/semanasantaferrol.com\/gl\/os-alfombristas-de-ponteareas-estaran-de-novo-en-ferrol-o-domingo-de-pascua\/\" \/>\n<meta property=\"og:locale\" content=\"gl_ES\" \/>\n<meta property=\"og:type\" content=\"article\" \/>\n<meta property=\"og:title\" content=\"Os alfombristas de Ponteareas estar\u00e1n de novo en Ferrol o Domingo de Pascua - Junta General de Cofrad\u00edas y Hermandades\" \/>\n<meta property=\"og:description\" content=\"A Asociaci\u00f3n de Alfombristas Do Corpus Christi de Ponteareas confeccionar\u00e1 unha alfombra floral na praza de Armas de Ferrol o vindeiro domingo de Resurrecci\u00f3n, 5 de abril, para recibir as procesi\u00f3ns que al\u00ed culminan no Gozoso Encontro\u00a0 da Semana Santa de Ferrol. A iniciativa l\u00e9vase a cabo por invitaci\u00f3n da Xunta de Confrar\u00edas e Irmandades [&hellip;]\" \/>\n<meta property=\"og:url\" content=\"https:\/\/semanasantaferrol.com\/gl\/os-alfombristas-de-ponteareas-estaran-de-novo-en-ferrol-o-domingo-de-pascua\/\" \/>\n<meta property=\"og:site_name\" content=\"Junta General de Cofrad\u00edas y Hermandades\" \/>\n<meta property=\"article:publisher\" content=\"https:\/\/www.facebook.com\/Juntageneraldecofradias\/\" \/>\n<meta property=\"article:published_time\" content=\"2026-03-31T11:37:10+00:00\" \/>\n<meta property=\"article:modified_time\" content=\"2026-03-31T11:37:38+00:00\" \/>\n<meta property=\"og:image\" content=\"https:\/\/semanasantaferrol.com\/wp-content\/uploads\/2026\/03\/WhatsApp-Image-2026-03-31-at-13.09.52-2-e1774956907205.jpeg\" \/>\n\t<meta property=\"og:image:width\" content=\"1922\" \/>\n\t<meta property=\"og:image:height\" content=\"1440\" \/>\n\t<meta property=\"og:image:type\" content=\"image\/jpeg\" \/>\n<meta name=\"author\" content=\"pingota\" \/>\n<meta name=\"twitter:card\" content=\"summary_large_image\" \/>\n<meta name=\"twitter:label1\" content=\"Escrito por\" \/>\n\t<meta name=\"twitter:data1\" content=\"pingota\" \/>\n\t<meta name=\"twitter:label2\" content=\"Tempo de lectura\" \/>\n\t<meta name=\"twitter:data2\" content=\"3 minutos\" \/>\n<script type=\"application\/ld+json\" class=\"yoast-schema-graph\">{\"@context\":\"https:\\\/\\\/schema.org\",\"@graph\":[{\"@type\":\"Article\",\"@id\":\"https:\\\/\\\/semanasantaferrol.com\\\/gl\\\/os-alfombristas-de-ponteareas-estaran-de-novo-en-ferrol-o-domingo-de-pascua\\\/#article\",\"isPartOf\":{\"@id\":\"https:\\\/\\\/semanasantaferrol.com\\\/gl\\\/os-alfombristas-de-ponteareas-estaran-de-novo-en-ferrol-o-domingo-de-pascua\\\/\"},\"author\":{\"name\":\"pingota\",\"@id\":\"https:\\\/\\\/semanasantaferrol.com\\\/gl\\\/#\\\/schema\\\/person\\\/cdd132690f08f75a35f05e2423e6307c\"},\"headline\":\"Os alfombristas de Ponteareas estar\u00e1n de novo en Ferrol o Domingo de Pascua\",\"datePublished\":\"2026-03-31T11:37:10+00:00\",\"dateModified\":\"2026-03-31T11:37:38+00:00\",\"mainEntityOfPage\":{\"@id\":\"https:\\\/\\\/semanasantaferrol.com\\\/gl\\\/os-alfombristas-de-ponteareas-estaran-de-novo-en-ferrol-o-domingo-de-pascua\\\/\"},\"wordCount\":502,\"commentCount\":0,\"publisher\":{\"@id\":\"https:\\\/\\\/semanasantaferrol.com\\\/gl\\\/#organization\"},\"image\":{\"@id\":\"https:\\\/\\\/semanasantaferrol.com\\\/gl\\\/os-alfombristas-de-ponteareas-estaran-de-novo-en-ferrol-o-domingo-de-pascua\\\/#primaryimage\"},\"thumbnailUrl\":\"https:\\\/\\\/semanasantaferrol.com\\\/wp-content\\\/uploads\\\/2026\\\/03\\\/WhatsApp-Image-2026-03-31-at-13.09.52-2-e1774956907205.jpeg\",\"articleSection\":[\"Xunta\"],\"inLanguage\":\"gl-ES\",\"potentialAction\":[{\"@type\":\"CommentAction\",\"name\":\"Comment\",\"target\":[\"https:\\\/\\\/semanasantaferrol.com\\\/gl\\\/os-alfombristas-de-ponteareas-estaran-de-novo-en-ferrol-o-domingo-de-pascua\\\/#respond\"]}]},{\"@type\":\"WebPage\",\"@id\":\"https:\\\/\\\/semanasantaferrol.com\\\/gl\\\/os-alfombristas-de-ponteareas-estaran-de-novo-en-ferrol-o-domingo-de-pascua\\\/\",\"url\":\"https:\\\/\\\/semanasantaferrol.com\\\/gl\\\/os-alfombristas-de-ponteareas-estaran-de-novo-en-ferrol-o-domingo-de-pascua\\\/\",\"name\":\"Os alfombristas de Ponteareas estar\u00e1n de novo en Ferrol o Domingo de Pascua - Junta General de Cofrad\u00edas y Hermandades\",\"isPartOf\":{\"@id\":\"https:\\\/\\\/semanasantaferrol.com\\\/gl\\\/#website\"},\"primaryImageOfPage\":{\"@id\":\"https:\\\/\\\/semanasantaferrol.com\\\/gl\\\/os-alfombristas-de-ponteareas-estaran-de-novo-en-ferrol-o-domingo-de-pascua\\\/#primaryimage\"},\"image\":{\"@id\":\"https:\\\/\\\/semanasantaferrol.com\\\/gl\\\/os-alfombristas-de-ponteareas-estaran-de-novo-en-ferrol-o-domingo-de-pascua\\\/#primaryimage\"},\"thumbnailUrl\":\"https:\\\/\\\/semanasantaferrol.com\\\/wp-content\\\/uploads\\\/2026\\\/03\\\/WhatsApp-Image-2026-03-31-at-13.09.52-2-e1774956907205.jpeg\",\"datePublished\":\"2026-03-31T11:37:10+00:00\",\"dateModified\":\"2026-03-31T11:37:38+00:00\",\"breadcrumb\":{\"@id\":\"https:\\\/\\\/semanasantaferrol.com\\\/gl\\\/os-alfombristas-de-ponteareas-estaran-de-novo-en-ferrol-o-domingo-de-pascua\\\/#breadcrumb\"},\"inLanguage\":\"gl-ES\",\"potentialAction\":[{\"@type\":\"ReadAction\",\"target\":[\"https:\\\/\\\/semanasantaferrol.com\\\/gl\\\/os-alfombristas-de-ponteareas-estaran-de-novo-en-ferrol-o-domingo-de-pascua\\\/\"]}]},{\"@type\":\"ImageObject\",\"inLanguage\":\"gl-ES\",\"@id\":\"https:\\\/\\\/semanasantaferrol.com\\\/gl\\\/os-alfombristas-de-ponteareas-estaran-de-novo-en-ferrol-o-domingo-de-pascua\\\/#primaryimage\",\"url\":\"https:\\\/\\\/semanasantaferrol.com\\\/wp-content\\\/uploads\\\/2026\\\/03\\\/WhatsApp-Image-2026-03-31-at-13.09.52-2-e1774956907205.jpeg\",\"contentUrl\":\"https:\\\/\\\/semanasantaferrol.com\\\/wp-content\\\/uploads\\\/2026\\\/03\\\/WhatsApp-Image-2026-03-31-at-13.09.52-2-e1774956907205.jpeg\",\"width\":1922,\"height\":1440},{\"@type\":\"BreadcrumbList\",\"@id\":\"https:\\\/\\\/semanasantaferrol.com\\\/gl\\\/os-alfombristas-de-ponteareas-estaran-de-novo-en-ferrol-o-domingo-de-pascua\\\/#breadcrumb\",\"itemListElement\":[{\"@type\":\"ListItem\",\"position\":1,\"name\":\"Portada\",\"item\":\"https:\\\/\\\/semanasantaferrol.com\\\/gl\\\/\"},{\"@type\":\"ListItem\",\"position\":2,\"name\":\"Os alfombristas de Ponteareas estar\u00e1n de novo en Ferrol o Domingo de Pascua\"}]},{\"@type\":\"WebSite\",\"@id\":\"https:\\\/\\\/semanasantaferrol.com\\\/gl\\\/#website\",\"url\":\"https:\\\/\\\/semanasantaferrol.com\\\/gl\\\/\",\"name\":\"Junta General de Cofrad\u00edas y Hermandades\",\"description\":\"Semana Santa de Ferrol\",\"publisher\":{\"@id\":\"https:\\\/\\\/semanasantaferrol.com\\\/gl\\\/#organization\"},\"alternateName\":\"Semana Santa de Ferrol\",\"potentialAction\":[{\"@type\":\"SearchAction\",\"target\":{\"@type\":\"EntryPoint\",\"urlTemplate\":\"https:\\\/\\\/semanasantaferrol.com\\\/gl\\\/?s={search_term_string}\"},\"query-input\":{\"@type\":\"PropertyValueSpecification\",\"valueRequired\":true,\"valueName\":\"search_term_string\"}}],\"inLanguage\":\"gl-ES\"},{\"@type\":\"Organization\",\"@id\":\"https:\\\/\\\/semanasantaferrol.com\\\/gl\\\/#organization\",\"name\":\"Junta General de Cofrad\u00edas y Hermandades de la Semana Santa de Ferrol\",\"alternateName\":\"Junta de Cofrad\u00edas de la Semana Santa de Ferrol\",\"url\":\"https:\\\/\\\/semanasantaferrol.com\\\/gl\\\/\",\"logo\":{\"@type\":\"ImageObject\",\"inLanguage\":\"gl-ES\",\"@id\":\"https:\\\/\\\/semanasantaferrol.com\\\/gl\\\/#\\\/schema\\\/logo\\\/image\\\/\",\"url\":\"https:\\\/\\\/semanasantaferrol.com\\\/wp-content\\\/uploads\\\/2022\\\/10\\\/junta_general_logo.svg\",\"contentUrl\":\"https:\\\/\\\/semanasantaferrol.com\\\/wp-content\\\/uploads\\\/2022\\\/10\\\/junta_general_logo.svg\",\"width\":600,\"height\":790,\"caption\":\"Junta General de Cofrad\u00edas y Hermandades de la Semana Santa de Ferrol\"},\"image\":{\"@id\":\"https:\\\/\\\/semanasantaferrol.com\\\/gl\\\/#\\\/schema\\\/logo\\\/image\\\/\"},\"sameAs\":[\"https:\\\/\\\/www.facebook.com\\\/Juntageneraldecofradias\\\/\",\"https:\\\/\\\/www.instagram.com\\\/juntageneralcofradiasferrol\\\/\",\"https:\\\/\\\/www.youtube.com\\\/@semanasantadeferrol1616\",\"https:\\\/\\\/www.tiktok.com\\\/@semanasantadeferrol\"]},{\"@type\":\"Person\",\"@id\":\"https:\\\/\\\/semanasantaferrol.com\\\/gl\\\/#\\\/schema\\\/person\\\/cdd132690f08f75a35f05e2423e6307c\",\"name\":\"pingota\",\"image\":{\"@type\":\"ImageObject\",\"inLanguage\":\"gl-ES\",\"@id\":\"https:\\\/\\\/secure.gravatar.com\\\/avatar\\\/b1bb79ecdfb8d6f4c44a82262f8b422faeb290304fc5c6f8b9b4305bfaa2853c?s=96&d=mm&r=g\",\"url\":\"https:\\\/\\\/secure.gravatar.com\\\/avatar\\\/b1bb79ecdfb8d6f4c44a82262f8b422faeb290304fc5c6f8b9b4305bfaa2853c?s=96&d=mm&r=g\",\"contentUrl\":\"https:\\\/\\\/secure.gravatar.com\\\/avatar\\\/b1bb79ecdfb8d6f4c44a82262f8b422faeb290304fc5c6f8b9b4305bfaa2853c?s=96&d=mm&r=g\",\"caption\":\"pingota\"},\"url\":\"https:\\\/\\\/semanasantaferrol.com\\\/gl\"}]}<\/script>\n<!-- \/ Yoast SEO plugin. -->","yoast_head_json":{"title":"Os alfombristas de Ponteareas estar\u00e1n de novo en Ferrol o Domingo de Pascua - Junta General de Cofrad\u00edas y Hermandades","robots":{"index":"index","follow":"follow","max-snippet":"max-snippet:-1","max-image-preview":"max-image-preview:large","max-video-preview":"max-video-preview:-1"},"canonical":"https:\/\/semanasantaferrol.com\/gl\/os-alfombristas-de-ponteareas-estaran-de-novo-en-ferrol-o-domingo-de-pascua\/","og_locale":"gl_ES","og_type":"article","og_title":"Os alfombristas de Ponteareas estar\u00e1n de novo en Ferrol o Domingo de Pascua - Junta General de Cofrad\u00edas y Hermandades","og_description":"A Asociaci\u00f3n de Alfombristas Do Corpus Christi de Ponteareas confeccionar\u00e1 unha alfombra floral na praza de Armas de Ferrol o vindeiro domingo de Resurrecci\u00f3n, 5 de abril, para recibir as procesi\u00f3ns que al\u00ed culminan no Gozoso Encontro\u00a0 da Semana Santa de Ferrol. A iniciativa l\u00e9vase a cabo por invitaci\u00f3n da Xunta de Confrar\u00edas e Irmandades [&hellip;]","og_url":"https:\/\/semanasantaferrol.com\/gl\/os-alfombristas-de-ponteareas-estaran-de-novo-en-ferrol-o-domingo-de-pascua\/","og_site_name":"Junta General de Cofrad\u00edas y Hermandades","article_publisher":"https:\/\/www.facebook.com\/Juntageneraldecofradias\/","article_published_time":"2026-03-31T11:37:10+00:00","article_modified_time":"2026-03-31T11:37:38+00:00","og_image":[{"width":1922,"height":1440,"url":"https:\/\/semanasantaferrol.com\/wp-content\/uploads\/2026\/03\/WhatsApp-Image-2026-03-31-at-13.09.52-2-e1774956907205.jpeg","type":"image\/jpeg"}],"author":"pingota","twitter_card":"summary_large_image","twitter_misc":{"Escrito por":"pingota","Tempo de lectura":"3 minutos"},"schema":{"@context":"https:\/\/schema.org","@graph":[{"@type":"Article","@id":"https:\/\/semanasantaferrol.com\/gl\/os-alfombristas-de-ponteareas-estaran-de-novo-en-ferrol-o-domingo-de-pascua\/#article","isPartOf":{"@id":"https:\/\/semanasantaferrol.com\/gl\/os-alfombristas-de-ponteareas-estaran-de-novo-en-ferrol-o-domingo-de-pascua\/"},"author":{"name":"pingota","@id":"https:\/\/semanasantaferrol.com\/gl\/#\/schema\/person\/cdd132690f08f75a35f05e2423e6307c"},"headline":"Os alfombristas de Ponteareas estar\u00e1n de novo en Ferrol o Domingo de Pascua","datePublished":"2026-03-31T11:37:10+00:00","dateModified":"2026-03-31T11:37:38+00:00","mainEntityOfPage":{"@id":"https:\/\/semanasantaferrol.com\/gl\/os-alfombristas-de-ponteareas-estaran-de-novo-en-ferrol-o-domingo-de-pascua\/"},"wordCount":502,"commentCount":0,"publisher":{"@id":"https:\/\/semanasantaferrol.com\/gl\/#organization"},"image":{"@id":"https:\/\/semanasantaferrol.com\/gl\/os-alfombristas-de-ponteareas-estaran-de-novo-en-ferrol-o-domingo-de-pascua\/#primaryimage"},"thumbnailUrl":"https:\/\/semanasantaferrol.com\/wp-content\/uploads\/2026\/03\/WhatsApp-Image-2026-03-31-at-13.09.52-2-e1774956907205.jpeg","articleSection":["Xunta"],"inLanguage":"gl-ES","potentialAction":[{"@type":"CommentAction","name":"Comment","target":["https:\/\/semanasantaferrol.com\/gl\/os-alfombristas-de-ponteareas-estaran-de-novo-en-ferrol-o-domingo-de-pascua\/#respond"]}]},{"@type":"WebPage","@id":"https:\/\/semanasantaferrol.com\/gl\/os-alfombristas-de-ponteareas-estaran-de-novo-en-ferrol-o-domingo-de-pascua\/","url":"https:\/\/semanasantaferrol.com\/gl\/os-alfombristas-de-ponteareas-estaran-de-novo-en-ferrol-o-domingo-de-pascua\/","name":"Os alfombristas de Ponteareas estar\u00e1n de novo en Ferrol o Domingo de Pascua - Junta General de Cofrad\u00edas y Hermandades","isPartOf":{"@id":"https:\/\/semanasantaferrol.com\/gl\/#website"},"primaryImageOfPage":{"@id":"https:\/\/semanasantaferrol.com\/gl\/os-alfombristas-de-ponteareas-estaran-de-novo-en-ferrol-o-domingo-de-pascua\/#primaryimage"},"image":{"@id":"https:\/\/semanasantaferrol.com\/gl\/os-alfombristas-de-ponteareas-estaran-de-novo-en-ferrol-o-domingo-de-pascua\/#primaryimage"},"thumbnailUrl":"https:\/\/semanasantaferrol.com\/wp-content\/uploads\/2026\/03\/WhatsApp-Image-2026-03-31-at-13.09.52-2-e1774956907205.jpeg","datePublished":"2026-03-31T11:37:10+00:00","dateModified":"2026-03-31T11:37:38+00:00","breadcrumb":{"@id":"https:\/\/semanasantaferrol.com\/gl\/os-alfombristas-de-ponteareas-estaran-de-novo-en-ferrol-o-domingo-de-pascua\/#breadcrumb"},"inLanguage":"gl-ES","potentialAction":[{"@type":"ReadAction","target":["https:\/\/semanasantaferrol.com\/gl\/os-alfombristas-de-ponteareas-estaran-de-novo-en-ferrol-o-domingo-de-pascua\/"]}]},{"@type":"ImageObject","inLanguage":"gl-ES","@id":"https:\/\/semanasantaferrol.com\/gl\/os-alfombristas-de-ponteareas-estaran-de-novo-en-ferrol-o-domingo-de-pascua\/#primaryimage","url":"https:\/\/semanasantaferrol.com\/wp-content\/uploads\/2026\/03\/WhatsApp-Image-2026-03-31-at-13.09.52-2-e1774956907205.jpeg","contentUrl":"https:\/\/semanasantaferrol.com\/wp-content\/uploads\/2026\/03\/WhatsApp-Image-2026-03-31-at-13.09.52-2-e1774956907205.jpeg","width":1922,"height":1440},{"@type":"BreadcrumbList","@id":"https:\/\/semanasantaferrol.com\/gl\/os-alfombristas-de-ponteareas-estaran-de-novo-en-ferrol-o-domingo-de-pascua\/#breadcrumb","itemListElement":[{"@type":"ListItem","position":1,"name":"Portada","item":"https:\/\/semanasantaferrol.com\/gl\/"},{"@type":"ListItem","position":2,"name":"Os alfombristas de Ponteareas estar\u00e1n de novo en Ferrol o Domingo de Pascua"}]},{"@type":"WebSite","@id":"https:\/\/semanasantaferrol.com\/gl\/#website","url":"https:\/\/semanasantaferrol.com\/gl\/","name":"Junta General de Cofrad\u00edas y Hermandades","description":"Semana Santa de Ferrol","publisher":{"@id":"https:\/\/semanasantaferrol.com\/gl\/#organization"},"alternateName":"Semana Santa de Ferrol","potentialAction":[{"@type":"SearchAction","target":{"@type":"EntryPoint","urlTemplate":"https:\/\/semanasantaferrol.com\/gl\/?s={search_term_string}"},"query-input":{"@type":"PropertyValueSpecification","valueRequired":true,"valueName":"search_term_string"}}],"inLanguage":"gl-ES"},{"@type":"Organization","@id":"https:\/\/semanasantaferrol.com\/gl\/#organization","name":"Junta General de Cofrad\u00edas y Hermandades de la Semana Santa de Ferrol","alternateName":"Junta de Cofrad\u00edas de la Semana Santa de Ferrol","url":"https:\/\/semanasantaferrol.com\/gl\/","logo":{"@type":"ImageObject","inLanguage":"gl-ES","@id":"https:\/\/semanasantaferrol.com\/gl\/#\/schema\/logo\/image\/","url":"https:\/\/semanasantaferrol.com\/wp-content\/uploads\/2022\/10\/junta_general_logo.svg","contentUrl":"https:\/\/semanasantaferrol.com\/wp-content\/uploads\/2022\/10\/junta_general_logo.svg","width":600,"height":790,"caption":"Junta General de Cofrad\u00edas y Hermandades de la Semana Santa de Ferrol"},"image":{"@id":"https:\/\/semanasantaferrol.com\/gl\/#\/schema\/logo\/image\/"},"sameAs":["https:\/\/www.facebook.com\/Juntageneraldecofradias\/","https:\/\/www.instagram.com\/juntageneralcofradiasferrol\/","https:\/\/www.youtube.com\/@semanasantadeferrol1616","https:\/\/www.tiktok.com\/@semanasantadeferrol"]},{"@type":"Person","@id":"https:\/\/semanasantaferrol.com\/gl\/#\/schema\/person\/cdd132690f08f75a35f05e2423e6307c","name":"pingota","image":{"@type":"ImageObject","inLanguage":"gl-ES","@id":"https:\/\/secure.gravatar.com\/avatar\/b1bb79ecdfb8d6f4c44a82262f8b422faeb290304fc5c6f8b9b4305bfaa2853c?s=96&d=mm&r=g","url":"https:\/\/secure.gravatar.com\/avatar\/b1bb79ecdfb8d6f4c44a82262f8b422faeb290304fc5c6f8b9b4305bfaa2853c?s=96&d=mm&r=g","contentUrl":"https:\/\/secure.gravatar.com\/avatar\/b1bb79ecdfb8d6f4c44a82262f8b422faeb290304fc5c6f8b9b4305bfaa2853c?s=96&d=mm&r=g","caption":"pingota"},"url":"https:\/\/semanasantaferrol.com\/gl"}]}},"_links":{"self":[{"href":"https:\/\/semanasantaferrol.com\/gl\/wp-json\/wp\/v2\/posts\/12086","targetHints":{"allow":["GET"]}}],"collection":[{"href":"https:\/\/semanasantaferrol.com\/gl\/wp-json\/wp\/v2\/posts"}],"about":[{"href":"https:\/\/semanasantaferrol.com\/gl\/wp-json\/wp\/v2\/types\/post"}],"author":[{"embeddable":true,"href":"https:\/\/semanasantaferrol.com\/gl\/wp-json\/wp\/v2\/users\/3"}],"replies":[{"embeddable":true,"href":"https:\/\/semanasantaferrol.com\/gl\/wp-json\/wp\/v2\/comments?post=12086"}],"version-history":[{"count":1,"href":"https:\/\/semanasantaferrol.com\/gl\/wp-json\/wp\/v2\/posts\/12086\/revisions"}],"predecessor-version":[{"id":12088,"href":"https:\/\/semanasantaferrol.com\/gl\/wp-json\/wp\/v2\/posts\/12086\/revisions\/12088"}],"wp:featuredmedia":[{"embeddable":true,"href":"https:\/\/semanasantaferrol.com\/gl\/wp-json\/wp\/v2\/media\/12087"}],"wp:attachment":[{"href":"https:\/\/semanasantaferrol.com\/gl\/wp-json\/wp\/v2\/media?parent=12086"}],"wp:term":[{"taxonomy":"category","embeddable":true,"href":"https:\/\/semanasantaferrol.com\/gl\/wp-json\/wp\/v2\/categories?post=12086"},{"taxonomy":"post_tag","embeddable":true,"href":"https:\/\/semanasantaferrol.com\/gl\/wp-json\/wp\/v2\/tags?post=12086"}],"curies":[{"name":"wp","href":"https:\/\/api.w.org\/{rel}","templated":true}]}}