{"id":12080,"date":"2026-04-02T08:25:14","date_gmt":"2026-04-02T08:25:14","guid":{"rendered":"https:\/\/semanasantaferrol.com\/?p=12080"},"modified":"2026-04-02T08:25:46","modified_gmt":"2026-04-02T08:25:46","slug":"a-irmandade-do-santo-enterro-estrea-este-venres-santo-o-novo-cristo-do-desencravo","status":"publish","type":"post","link":"https:\/\/semanasantaferrol.com\/gl\/a-irmandade-do-santo-enterro-estrea-este-venres-santo-o-novo-cristo-do-desencravo\/","title":{"rendered":"A Irmandade do Santo Enterro estrea este Venres Santo o novo Cristo do Desencravo"},"content":{"rendered":"<p>Chega o Venres Santo, a xornada central do Tr\u00edduo Pascual, unha xornada na que a Semana Santa de Ferrol vive numerosas e multitudinarias procesi\u00f3ns. A ma\u00f1\u00e1 conc\u00e9ntrase no Santo Encontro da Confrar\u00eda de Dolores, que escenifica o encontro de Xes\u00fas, cami\u00f1o do calvario, coa s\u00faa nai a Virxe de Dolores -que lucir\u00e1 nesta ocasi\u00f3n o seu manto rehabilitado-, a Santa Muller Ver\u00f3nica e San Xo\u00e1n Evanxelista. Pola tarde haber\u00e1 catro procesi\u00f3ns, un traslado e a Cerimonia do Desencravo, na que a Irmandade do Santo Enterro estrear\u00e1 a s\u00faa nova imaxe, r\u00e9plica da m\u00e1is antiga que data do s\u00e9culo XVII e que se preserva no interior da concatedral.<\/p>\n<p>\u00c1s 12.30h est\u00e1 previsto que se produza o <strong>Santo Encontro<\/strong> na praza de Armas, onde con certeza esperar\u00e1 con antelaci\u00f3n numeroso p\u00fablico. A partir das 11.30h saen do corral\u00f3n de Dolores as procesi\u00f3ns de Xes\u00fas Nazareno, que chegar\u00e1 pola r\u00faa Magdalena e Rubalcava, as\u00ed como as de San Xo\u00e1n, a Ver\u00f3nica e a Virxe de Dolores, que ir\u00e1n chegando a Armas, pola devandito orde, desde a r\u00faa da Terra. As imaxes da Santa Muller Ver\u00f3nica e da Virxe de Dolores datan do s\u00e9culo XVIII e formaron parte do patrimonio das primeiras confrar\u00edas ferrol\u00e1s, constitu\u00eddas na desaparecida igrexa de San Xiao que estaba na zona portuaria. A de Xes\u00fas Nazareno \u00e9 obra de Francisco Guerra Felipe, data de 1863, e a de San Xo\u00e1n \u00e9 unha r\u00e9plica realizada en 2022 por Fernando Murciano para preservar a talla an\u00f3nima m\u00e1is antig\u00fca.<\/p>\n<p>A Virxe de Dolores lucir\u00e1 nesta sa\u00edda o manto que hai m\u00e1is de 80 anos custearon os ferrol\u00e1ns, despois da delicada rehabilitaci\u00f3n que a Confrar\u00eda puxo en mans da empresa especializada Cyrta, de Sevilla. \u00c9 unha peza emblem\u00e1tica da Semana Santa de Ferrol, xa que leva bordado o escudo da cidade.<\/p>\n<p>Acotaga ir\u00e1 co paso da Ver\u00f3nica; a AM Virxe da Amargura marcar\u00e1 o paso a San Xo\u00e1n; a CCTT Noso Pai Xes\u00fas Nazareno ir\u00e1 co paso de Xes\u00fas, o que vai aos ombreiros das mulleres portadoras, e a Xove Banda de Nar\u00f3n marcar\u00e1 o paso da Virxe de Dolores, a \u00faltima en chegar ao encontro.<\/p>\n<p>A tarde comezar\u00e1 coa Confrar\u00eda da Merc\u00e9 e a s\u00faa <strong>Procesi\u00f3n do Crucificado<\/strong>, que sae \u00e1s 16.00h. A imaxe do Redentor, de Xos\u00e9 Rivas, vai neste caso sobre trono, nun paso de misterio no que lle acompa\u00f1an a Dolorosa e San Xo\u00e1n. \u00c9 un momento especialmente emotivo o do entronamiento do Redentor, que ha de facerse \u00e1s portas da capela porque a envergadura da cruz non permite sacar o trono polo dintel da porta.<\/p>\n<p>Acotaga acompa\u00f1ar\u00e1 esta procesi\u00f3n, que ter\u00e1 o seu tramo silencioso na r\u00faa Coru\u00f1a, entre Magdalena e Real.<\/p>\n<p>Nesta tarde do Venres Santo cel\u00e9brase tam\u00e9n <strong>un traslado<\/strong>, o das imaxes de San Xo\u00e1n e a Virxe de Dolores, por parte da confrar\u00eda de M\u00e9ndez N\u00fa\u00f1ez, para levalas ata a concatedral de San Xiao co fin de sumarse despois \u00e1 procesi\u00f3n do Santo Enterro. Este traslado ser\u00e1 \u00e1s 18.00h e poder\u00eda producirse este ano por \u00faltima vez, dado que a Irmandade do Santo Enterro manifestou a s\u00faa intenci\u00f3n de celebrar a s\u00faa procesi\u00f3n en solitario a partir do ano que v\u00e9n.<\/p>\n<p>\u00c1 mesma hora, as 18.00h, todos os focos estar\u00e1n postos no atrio da concatedral, onde ter\u00e1 lugar a <strong>Cerimonia do Desencravo<\/strong>. A Irmandade do Santo Encontro recuperou en 2022 esta funci\u00f3n, de orixe medieval e cuxa \u00faltima referencia documental era de 1912, utilizando o Cristo articulado antig\u00edsimo que xa estivo na desaparecida igrexa de San Xiao e que actualmente se garda no baptisterio da concatedral. Devandita imaxe ser\u00e1 substitu\u00edda a partir deste ano pola r\u00e9plica que a confrar\u00eda encargou en primeira instancia \u00e1 empresa Art3D de Sevilla, que escaneou e imprimiu en madeira de cedro a figura, e finalmente ao prestixioso imaxineiro Fernando Aguado, que terminou de tallar detalles e acabados e realizou a policrom\u00eda. A irmandade comprou tam\u00e9n unha nova perruca e unha coroa de espi\u00f1as para a nova talla.<\/p>\n<p>Tras a solemne cerimonia sair\u00e1, \u00e1s 19.00h, a <strong>procesi\u00f3n do Santo Enterro<\/strong>. A Santa Urna, realizada por Urbano Anido, e o Sant\u00edsimo Cristo do Santo Enterro, de Manuel Corgo, ambas as pezas datadas en 1891, sair\u00e1n da concatedral seguidas pola banda de m\u00fasica do Terzo Norte de Infanter\u00eda de Marina. Estrear\u00e1 esta comitiva o seu tramo de silencio, que realizar\u00e1 en Rubalcava, entre a r\u00faa Magdalena e Real.<\/p>\n<p>Outra imaxe emblem\u00e1tica da Semana Santa ferrol\u00e1 e antig\u00edsima, a <strong>Virxe da Soidade<\/strong>, sair\u00e1 da s\u00faa capela da Orde Terceira \u00e1s 20.30 para a s\u00faa entronamiento. Est\u00e1 previsto que a procesi\u00f3n bote a andar \u00e1s 21.00h. tam\u00e9n co paso de Santa Mar\u00eda Magdalena, imaxe diferente e singular, realizase por Guillermo Feal en 1956. A banda de Cornetas e Tambores Noso Pai Xes\u00fas Nazareno, a Agrupaci\u00f3n Musical do Cristo da Boa Morte e a Banda de M\u00fasica Vila de Cedeira acompa\u00f1ar\u00e1n esta procesi\u00f3n. Tam\u00e9n esta comitiva realizar\u00e1 un tramo de silencio, neste caso na r\u00faa Magdalena, entre Arce e Santo Diego.<\/p>\n<p>Cabe sinalar que a Virxe da Soidade \u00e9 o tema que protagonizar\u00e1 o cartel da Semana Santa de Ferrol no ano 2027. A Confrar\u00eda convocou un concurso para elixir a imaxe, cuxo prazo de admisi\u00f3n de traballos abrirase no pr\u00f3ximo mes de outubro.<\/p>\n<p>O intenso programa do Venres Santo p\u00e9chase coa procesi\u00f3n <strong>dos Caladi\u00f1os<\/strong>, en sentido estrito a \u00fanica estaci\u00f3n de penitencia que se celebra na Semana Santa ferrol\u00e1 porque vai dunha igrexa a outra, de San Xiao a Dolores. A concatedral acoller\u00e1 un acto lit\u00farxico \u00e1s 23.15h e o percorrido comezar\u00e1 \u00e1s 23.30h, coa sa\u00edda das imaxes de San Xo\u00e1n Evanxelista e a Virxe dos Dolores desde o interior do templo, escena que como se dixo poder\u00eda producirse este ano por \u00faltima vez.<\/p>\n<p>\u00c9 esta unha comitiva na que resulta impresionante o silencio, tanto dos confrades como do p\u00fablico, s\u00f3 roto polo son das cadeas que arrastran os penitentes. Nos \u00faltimos anos converteuse xa en habitual que a Virxe de Dolores faga parada diante do Casino Ferrol\u00e1n, desde cuxa \u201cpeixeira\u201d a Coral Polif\u00f3nica ded\u00edcalle algunhas canci\u00f3ns.<\/p>\n<p>Ao terminar o percorrido, os pasos e todos os confrades re\u00fanense na praza de Amboage. Al\u00ed o Coro Diapas\u00f3n enc\u00e1rgase de interpretar a Salve Regina para a Virxe de Dolores, acto co que cada ano a irmandade de M\u00e9ndez N\u00fa\u00f1ez clausura o seu programa de Semana Santa.<\/p>\n","protected":false},"excerpt":{"rendered":"<p>Chega o Venres Santo, a xornada central do Tr\u00edduo Pascual, unha xornada na que a Semana Santa de Ferrol vive numerosas e multitudinarias procesi\u00f3ns. A ma\u00f1\u00e1 conc\u00e9ntrase no Santo Encontro da Confrar\u00eda de Dolores, que escenifica o encontro de Xes\u00fas, cami\u00f1o do calvario, coa s\u00faa nai a Virxe de Dolores -que lucir\u00e1 nesta ocasi\u00f3n o [&hellip;]<\/p>\n","protected":false},"author":3,"featured_media":12079,"comment_status":"open","ping_status":"open","sticky":false,"template":"","format":"standard","meta":{"footnotes":""},"categories":[39],"tags":[],"class_list":["post-12080","post","type-post","status-publish","format-standard","has-post-thumbnail","hentry","category-xunta"],"yoast_head":"<!-- This site is optimized with the Yoast SEO plugin v27.5 - https:\/\/yoast.com\/product\/yoast-seo-wordpress\/ -->\n<title>A Irmandade do Santo Enterro estrea este Venres Santo o novo Cristo do Desencravo - Junta General de Cofrad\u00edas y Hermandades<\/title>\n<meta name=\"robots\" content=\"index, follow, max-snippet:-1, max-image-preview:large, max-video-preview:-1\" \/>\n<link rel=\"canonical\" href=\"https:\/\/semanasantaferrol.com\/gl\/a-irmandade-do-santo-enterro-estrea-este-venres-santo-o-novo-cristo-do-desencravo\/\" \/>\n<meta property=\"og:locale\" content=\"gl_ES\" \/>\n<meta property=\"og:type\" content=\"article\" \/>\n<meta property=\"og:title\" content=\"A Irmandade do Santo Enterro estrea este Venres Santo o novo Cristo do Desencravo - Junta General de Cofrad\u00edas y Hermandades\" \/>\n<meta property=\"og:description\" content=\"Chega o Venres Santo, a xornada central do Tr\u00edduo Pascual, unha xornada na que a Semana Santa de Ferrol vive numerosas e multitudinarias procesi\u00f3ns. A ma\u00f1\u00e1 conc\u00e9ntrase no Santo Encontro da Confrar\u00eda de Dolores, que escenifica o encontro de Xes\u00fas, cami\u00f1o do calvario, coa s\u00faa nai a Virxe de Dolores -que lucir\u00e1 nesta ocasi\u00f3n o [&hellip;]\" \/>\n<meta property=\"og:url\" content=\"https:\/\/semanasantaferrol.com\/gl\/a-irmandade-do-santo-enterro-estrea-este-venres-santo-o-novo-cristo-do-desencravo\/\" \/>\n<meta property=\"og:site_name\" content=\"Junta General de Cofrad\u00edas y Hermandades\" \/>\n<meta property=\"article:publisher\" content=\"https:\/\/www.facebook.com\/Juntageneraldecofradias\/\" \/>\n<meta property=\"article:published_time\" content=\"2026-04-02T08:25:14+00:00\" \/>\n<meta property=\"article:modified_time\" content=\"2026-04-02T08:25:46+00:00\" \/>\n<meta property=\"og:image\" content=\"https:\/\/semanasantaferrol.com\/wp-content\/uploads\/2026\/03\/16-desenclavo-scaled-e1774953937839.jpg\" \/>\n\t<meta property=\"og:image:width\" content=\"2274\" \/>\n\t<meta property=\"og:image:height\" content=\"1702\" \/>\n\t<meta property=\"og:image:type\" content=\"image\/jpeg\" \/>\n<meta name=\"author\" content=\"pingota\" \/>\n<meta name=\"twitter:card\" content=\"summary_large_image\" \/>\n<meta name=\"twitter:label1\" content=\"Escrito por\" \/>\n\t<meta name=\"twitter:data1\" content=\"pingota\" \/>\n\t<meta name=\"twitter:label2\" content=\"Tempo de lectura\" \/>\n\t<meta name=\"twitter:data2\" content=\"6 minutos\" \/>\n<script type=\"application\/ld+json\" class=\"yoast-schema-graph\">{\"@context\":\"https:\\\/\\\/schema.org\",\"@graph\":[{\"@type\":\"Article\",\"@id\":\"https:\\\/\\\/semanasantaferrol.com\\\/gl\\\/a-irmandade-do-santo-enterro-estrea-este-venres-santo-o-novo-cristo-do-desencravo\\\/#article\",\"isPartOf\":{\"@id\":\"https:\\\/\\\/semanasantaferrol.com\\\/gl\\\/a-irmandade-do-santo-enterro-estrea-este-venres-santo-o-novo-cristo-do-desencravo\\\/\"},\"author\":{\"name\":\"pingota\",\"@id\":\"https:\\\/\\\/semanasantaferrol.com\\\/gl\\\/#\\\/schema\\\/person\\\/cdd132690f08f75a35f05e2423e6307c\"},\"headline\":\"A Irmandade do Santo Enterro estrea este Venres Santo o novo Cristo do Desencravo\",\"datePublished\":\"2026-04-02T08:25:14+00:00\",\"dateModified\":\"2026-04-02T08:25:46+00:00\",\"mainEntityOfPage\":{\"@id\":\"https:\\\/\\\/semanasantaferrol.com\\\/gl\\\/a-irmandade-do-santo-enterro-estrea-este-venres-santo-o-novo-cristo-do-desencravo\\\/\"},\"wordCount\":1165,\"commentCount\":0,\"publisher\":{\"@id\":\"https:\\\/\\\/semanasantaferrol.com\\\/gl\\\/#organization\"},\"image\":{\"@id\":\"https:\\\/\\\/semanasantaferrol.com\\\/gl\\\/a-irmandade-do-santo-enterro-estrea-este-venres-santo-o-novo-cristo-do-desencravo\\\/#primaryimage\"},\"thumbnailUrl\":\"https:\\\/\\\/semanasantaferrol.com\\\/wp-content\\\/uploads\\\/2026\\\/03\\\/16-desenclavo-scaled-e1774953937839.jpg\",\"articleSection\":[\"Xunta\"],\"inLanguage\":\"gl-ES\",\"potentialAction\":[{\"@type\":\"CommentAction\",\"name\":\"Comment\",\"target\":[\"https:\\\/\\\/semanasantaferrol.com\\\/gl\\\/a-irmandade-do-santo-enterro-estrea-este-venres-santo-o-novo-cristo-do-desencravo\\\/#respond\"]}]},{\"@type\":\"WebPage\",\"@id\":\"https:\\\/\\\/semanasantaferrol.com\\\/gl\\\/a-irmandade-do-santo-enterro-estrea-este-venres-santo-o-novo-cristo-do-desencravo\\\/\",\"url\":\"https:\\\/\\\/semanasantaferrol.com\\\/gl\\\/a-irmandade-do-santo-enterro-estrea-este-venres-santo-o-novo-cristo-do-desencravo\\\/\",\"name\":\"A Irmandade do Santo Enterro estrea este Venres Santo o novo Cristo do Desencravo - Junta General de Cofrad\u00edas y Hermandades\",\"isPartOf\":{\"@id\":\"https:\\\/\\\/semanasantaferrol.com\\\/gl\\\/#website\"},\"primaryImageOfPage\":{\"@id\":\"https:\\\/\\\/semanasantaferrol.com\\\/gl\\\/a-irmandade-do-santo-enterro-estrea-este-venres-santo-o-novo-cristo-do-desencravo\\\/#primaryimage\"},\"image\":{\"@id\":\"https:\\\/\\\/semanasantaferrol.com\\\/gl\\\/a-irmandade-do-santo-enterro-estrea-este-venres-santo-o-novo-cristo-do-desencravo\\\/#primaryimage\"},\"thumbnailUrl\":\"https:\\\/\\\/semanasantaferrol.com\\\/wp-content\\\/uploads\\\/2026\\\/03\\\/16-desenclavo-scaled-e1774953937839.jpg\",\"datePublished\":\"2026-04-02T08:25:14+00:00\",\"dateModified\":\"2026-04-02T08:25:46+00:00\",\"breadcrumb\":{\"@id\":\"https:\\\/\\\/semanasantaferrol.com\\\/gl\\\/a-irmandade-do-santo-enterro-estrea-este-venres-santo-o-novo-cristo-do-desencravo\\\/#breadcrumb\"},\"inLanguage\":\"gl-ES\",\"potentialAction\":[{\"@type\":\"ReadAction\",\"target\":[\"https:\\\/\\\/semanasantaferrol.com\\\/gl\\\/a-irmandade-do-santo-enterro-estrea-este-venres-santo-o-novo-cristo-do-desencravo\\\/\"]}]},{\"@type\":\"ImageObject\",\"inLanguage\":\"gl-ES\",\"@id\":\"https:\\\/\\\/semanasantaferrol.com\\\/gl\\\/a-irmandade-do-santo-enterro-estrea-este-venres-santo-o-novo-cristo-do-desencravo\\\/#primaryimage\",\"url\":\"https:\\\/\\\/semanasantaferrol.com\\\/wp-content\\\/uploads\\\/2026\\\/03\\\/16-desenclavo-scaled-e1774953937839.jpg\",\"contentUrl\":\"https:\\\/\\\/semanasantaferrol.com\\\/wp-content\\\/uploads\\\/2026\\\/03\\\/16-desenclavo-scaled-e1774953937839.jpg\",\"width\":2274,\"height\":1702},{\"@type\":\"BreadcrumbList\",\"@id\":\"https:\\\/\\\/semanasantaferrol.com\\\/gl\\\/a-irmandade-do-santo-enterro-estrea-este-venres-santo-o-novo-cristo-do-desencravo\\\/#breadcrumb\",\"itemListElement\":[{\"@type\":\"ListItem\",\"position\":1,\"name\":\"Portada\",\"item\":\"https:\\\/\\\/semanasantaferrol.com\\\/gl\\\/\"},{\"@type\":\"ListItem\",\"position\":2,\"name\":\"A Irmandade do Santo Enterro estrea este Venres Santo o novo Cristo do Desencravo\"}]},{\"@type\":\"WebSite\",\"@id\":\"https:\\\/\\\/semanasantaferrol.com\\\/gl\\\/#website\",\"url\":\"https:\\\/\\\/semanasantaferrol.com\\\/gl\\\/\",\"name\":\"Junta General de Cofrad\u00edas y Hermandades\",\"description\":\"Semana Santa de Ferrol\",\"publisher\":{\"@id\":\"https:\\\/\\\/semanasantaferrol.com\\\/gl\\\/#organization\"},\"alternateName\":\"Semana Santa de Ferrol\",\"potentialAction\":[{\"@type\":\"SearchAction\",\"target\":{\"@type\":\"EntryPoint\",\"urlTemplate\":\"https:\\\/\\\/semanasantaferrol.com\\\/gl\\\/?s={search_term_string}\"},\"query-input\":{\"@type\":\"PropertyValueSpecification\",\"valueRequired\":true,\"valueName\":\"search_term_string\"}}],\"inLanguage\":\"gl-ES\"},{\"@type\":\"Organization\",\"@id\":\"https:\\\/\\\/semanasantaferrol.com\\\/gl\\\/#organization\",\"name\":\"Junta General de Cofrad\u00edas y Hermandades de la Semana Santa de Ferrol\",\"alternateName\":\"Junta de Cofrad\u00edas de la Semana Santa de Ferrol\",\"url\":\"https:\\\/\\\/semanasantaferrol.com\\\/gl\\\/\",\"logo\":{\"@type\":\"ImageObject\",\"inLanguage\":\"gl-ES\",\"@id\":\"https:\\\/\\\/semanasantaferrol.com\\\/gl\\\/#\\\/schema\\\/logo\\\/image\\\/\",\"url\":\"https:\\\/\\\/semanasantaferrol.com\\\/wp-content\\\/uploads\\\/2022\\\/10\\\/junta_general_logo.svg\",\"contentUrl\":\"https:\\\/\\\/semanasantaferrol.com\\\/wp-content\\\/uploads\\\/2022\\\/10\\\/junta_general_logo.svg\",\"width\":600,\"height\":790,\"caption\":\"Junta General de Cofrad\u00edas y Hermandades de la Semana Santa de Ferrol\"},\"image\":{\"@id\":\"https:\\\/\\\/semanasantaferrol.com\\\/gl\\\/#\\\/schema\\\/logo\\\/image\\\/\"},\"sameAs\":[\"https:\\\/\\\/www.facebook.com\\\/Juntageneraldecofradias\\\/\",\"https:\\\/\\\/www.instagram.com\\\/juntageneralcofradiasferrol\\\/\",\"https:\\\/\\\/www.youtube.com\\\/@semanasantadeferrol1616\",\"https:\\\/\\\/www.tiktok.com\\\/@semanasantadeferrol\"]},{\"@type\":\"Person\",\"@id\":\"https:\\\/\\\/semanasantaferrol.com\\\/gl\\\/#\\\/schema\\\/person\\\/cdd132690f08f75a35f05e2423e6307c\",\"name\":\"pingota\",\"image\":{\"@type\":\"ImageObject\",\"inLanguage\":\"gl-ES\",\"@id\":\"https:\\\/\\\/secure.gravatar.com\\\/avatar\\\/b1bb79ecdfb8d6f4c44a82262f8b422faeb290304fc5c6f8b9b4305bfaa2853c?s=96&d=mm&r=g\",\"url\":\"https:\\\/\\\/secure.gravatar.com\\\/avatar\\\/b1bb79ecdfb8d6f4c44a82262f8b422faeb290304fc5c6f8b9b4305bfaa2853c?s=96&d=mm&r=g\",\"contentUrl\":\"https:\\\/\\\/secure.gravatar.com\\\/avatar\\\/b1bb79ecdfb8d6f4c44a82262f8b422faeb290304fc5c6f8b9b4305bfaa2853c?s=96&d=mm&r=g\",\"caption\":\"pingota\"},\"url\":\"https:\\\/\\\/semanasantaferrol.com\\\/gl\"}]}<\/script>\n<!-- \/ Yoast SEO plugin. -->","yoast_head_json":{"title":"A Irmandade do Santo Enterro estrea este Venres Santo o novo Cristo do Desencravo - Junta General de Cofrad\u00edas y Hermandades","robots":{"index":"index","follow":"follow","max-snippet":"max-snippet:-1","max-image-preview":"max-image-preview:large","max-video-preview":"max-video-preview:-1"},"canonical":"https:\/\/semanasantaferrol.com\/gl\/a-irmandade-do-santo-enterro-estrea-este-venres-santo-o-novo-cristo-do-desencravo\/","og_locale":"gl_ES","og_type":"article","og_title":"A Irmandade do Santo Enterro estrea este Venres Santo o novo Cristo do Desencravo - Junta General de Cofrad\u00edas y Hermandades","og_description":"Chega o Venres Santo, a xornada central do Tr\u00edduo Pascual, unha xornada na que a Semana Santa de Ferrol vive numerosas e multitudinarias procesi\u00f3ns. A ma\u00f1\u00e1 conc\u00e9ntrase no Santo Encontro da Confrar\u00eda de Dolores, que escenifica o encontro de Xes\u00fas, cami\u00f1o do calvario, coa s\u00faa nai a Virxe de Dolores -que lucir\u00e1 nesta ocasi\u00f3n o [&hellip;]","og_url":"https:\/\/semanasantaferrol.com\/gl\/a-irmandade-do-santo-enterro-estrea-este-venres-santo-o-novo-cristo-do-desencravo\/","og_site_name":"Junta General de Cofrad\u00edas y Hermandades","article_publisher":"https:\/\/www.facebook.com\/Juntageneraldecofradias\/","article_published_time":"2026-04-02T08:25:14+00:00","article_modified_time":"2026-04-02T08:25:46+00:00","og_image":[{"width":2274,"height":1702,"url":"https:\/\/semanasantaferrol.com\/wp-content\/uploads\/2026\/03\/16-desenclavo-scaled-e1774953937839.jpg","type":"image\/jpeg"}],"author":"pingota","twitter_card":"summary_large_image","twitter_misc":{"Escrito por":"pingota","Tempo de lectura":"6 minutos"},"schema":{"@context":"https:\/\/schema.org","@graph":[{"@type":"Article","@id":"https:\/\/semanasantaferrol.com\/gl\/a-irmandade-do-santo-enterro-estrea-este-venres-santo-o-novo-cristo-do-desencravo\/#article","isPartOf":{"@id":"https:\/\/semanasantaferrol.com\/gl\/a-irmandade-do-santo-enterro-estrea-este-venres-santo-o-novo-cristo-do-desencravo\/"},"author":{"name":"pingota","@id":"https:\/\/semanasantaferrol.com\/gl\/#\/schema\/person\/cdd132690f08f75a35f05e2423e6307c"},"headline":"A Irmandade do Santo Enterro estrea este Venres Santo o novo Cristo do Desencravo","datePublished":"2026-04-02T08:25:14+00:00","dateModified":"2026-04-02T08:25:46+00:00","mainEntityOfPage":{"@id":"https:\/\/semanasantaferrol.com\/gl\/a-irmandade-do-santo-enterro-estrea-este-venres-santo-o-novo-cristo-do-desencravo\/"},"wordCount":1165,"commentCount":0,"publisher":{"@id":"https:\/\/semanasantaferrol.com\/gl\/#organization"},"image":{"@id":"https:\/\/semanasantaferrol.com\/gl\/a-irmandade-do-santo-enterro-estrea-este-venres-santo-o-novo-cristo-do-desencravo\/#primaryimage"},"thumbnailUrl":"https:\/\/semanasantaferrol.com\/wp-content\/uploads\/2026\/03\/16-desenclavo-scaled-e1774953937839.jpg","articleSection":["Xunta"],"inLanguage":"gl-ES","potentialAction":[{"@type":"CommentAction","name":"Comment","target":["https:\/\/semanasantaferrol.com\/gl\/a-irmandade-do-santo-enterro-estrea-este-venres-santo-o-novo-cristo-do-desencravo\/#respond"]}]},{"@type":"WebPage","@id":"https:\/\/semanasantaferrol.com\/gl\/a-irmandade-do-santo-enterro-estrea-este-venres-santo-o-novo-cristo-do-desencravo\/","url":"https:\/\/semanasantaferrol.com\/gl\/a-irmandade-do-santo-enterro-estrea-este-venres-santo-o-novo-cristo-do-desencravo\/","name":"A Irmandade do Santo Enterro estrea este Venres Santo o novo Cristo do Desencravo - Junta General de Cofrad\u00edas y Hermandades","isPartOf":{"@id":"https:\/\/semanasantaferrol.com\/gl\/#website"},"primaryImageOfPage":{"@id":"https:\/\/semanasantaferrol.com\/gl\/a-irmandade-do-santo-enterro-estrea-este-venres-santo-o-novo-cristo-do-desencravo\/#primaryimage"},"image":{"@id":"https:\/\/semanasantaferrol.com\/gl\/a-irmandade-do-santo-enterro-estrea-este-venres-santo-o-novo-cristo-do-desencravo\/#primaryimage"},"thumbnailUrl":"https:\/\/semanasantaferrol.com\/wp-content\/uploads\/2026\/03\/16-desenclavo-scaled-e1774953937839.jpg","datePublished":"2026-04-02T08:25:14+00:00","dateModified":"2026-04-02T08:25:46+00:00","breadcrumb":{"@id":"https:\/\/semanasantaferrol.com\/gl\/a-irmandade-do-santo-enterro-estrea-este-venres-santo-o-novo-cristo-do-desencravo\/#breadcrumb"},"inLanguage":"gl-ES","potentialAction":[{"@type":"ReadAction","target":["https:\/\/semanasantaferrol.com\/gl\/a-irmandade-do-santo-enterro-estrea-este-venres-santo-o-novo-cristo-do-desencravo\/"]}]},{"@type":"ImageObject","inLanguage":"gl-ES","@id":"https:\/\/semanasantaferrol.com\/gl\/a-irmandade-do-santo-enterro-estrea-este-venres-santo-o-novo-cristo-do-desencravo\/#primaryimage","url":"https:\/\/semanasantaferrol.com\/wp-content\/uploads\/2026\/03\/16-desenclavo-scaled-e1774953937839.jpg","contentUrl":"https:\/\/semanasantaferrol.com\/wp-content\/uploads\/2026\/03\/16-desenclavo-scaled-e1774953937839.jpg","width":2274,"height":1702},{"@type":"BreadcrumbList","@id":"https:\/\/semanasantaferrol.com\/gl\/a-irmandade-do-santo-enterro-estrea-este-venres-santo-o-novo-cristo-do-desencravo\/#breadcrumb","itemListElement":[{"@type":"ListItem","position":1,"name":"Portada","item":"https:\/\/semanasantaferrol.com\/gl\/"},{"@type":"ListItem","position":2,"name":"A Irmandade do Santo Enterro estrea este Venres Santo o novo Cristo do Desencravo"}]},{"@type":"WebSite","@id":"https:\/\/semanasantaferrol.com\/gl\/#website","url":"https:\/\/semanasantaferrol.com\/gl\/","name":"Junta General de Cofrad\u00edas y Hermandades","description":"Semana Santa de Ferrol","publisher":{"@id":"https:\/\/semanasantaferrol.com\/gl\/#organization"},"alternateName":"Semana Santa de Ferrol","potentialAction":[{"@type":"SearchAction","target":{"@type":"EntryPoint","urlTemplate":"https:\/\/semanasantaferrol.com\/gl\/?s={search_term_string}"},"query-input":{"@type":"PropertyValueSpecification","valueRequired":true,"valueName":"search_term_string"}}],"inLanguage":"gl-ES"},{"@type":"Organization","@id":"https:\/\/semanasantaferrol.com\/gl\/#organization","name":"Junta General de Cofrad\u00edas y Hermandades de la Semana Santa de Ferrol","alternateName":"Junta de Cofrad\u00edas de la Semana Santa de Ferrol","url":"https:\/\/semanasantaferrol.com\/gl\/","logo":{"@type":"ImageObject","inLanguage":"gl-ES","@id":"https:\/\/semanasantaferrol.com\/gl\/#\/schema\/logo\/image\/","url":"https:\/\/semanasantaferrol.com\/wp-content\/uploads\/2022\/10\/junta_general_logo.svg","contentUrl":"https:\/\/semanasantaferrol.com\/wp-content\/uploads\/2022\/10\/junta_general_logo.svg","width":600,"height":790,"caption":"Junta General de Cofrad\u00edas y Hermandades de la Semana Santa de Ferrol"},"image":{"@id":"https:\/\/semanasantaferrol.com\/gl\/#\/schema\/logo\/image\/"},"sameAs":["https:\/\/www.facebook.com\/Juntageneraldecofradias\/","https:\/\/www.instagram.com\/juntageneralcofradiasferrol\/","https:\/\/www.youtube.com\/@semanasantadeferrol1616","https:\/\/www.tiktok.com\/@semanasantadeferrol"]},{"@type":"Person","@id":"https:\/\/semanasantaferrol.com\/gl\/#\/schema\/person\/cdd132690f08f75a35f05e2423e6307c","name":"pingota","image":{"@type":"ImageObject","inLanguage":"gl-ES","@id":"https:\/\/secure.gravatar.com\/avatar\/b1bb79ecdfb8d6f4c44a82262f8b422faeb290304fc5c6f8b9b4305bfaa2853c?s=96&d=mm&r=g","url":"https:\/\/secure.gravatar.com\/avatar\/b1bb79ecdfb8d6f4c44a82262f8b422faeb290304fc5c6f8b9b4305bfaa2853c?s=96&d=mm&r=g","contentUrl":"https:\/\/secure.gravatar.com\/avatar\/b1bb79ecdfb8d6f4c44a82262f8b422faeb290304fc5c6f8b9b4305bfaa2853c?s=96&d=mm&r=g","caption":"pingota"},"url":"https:\/\/semanasantaferrol.com\/gl"}]}},"_links":{"self":[{"href":"https:\/\/semanasantaferrol.com\/gl\/wp-json\/wp\/v2\/posts\/12080","targetHints":{"allow":["GET"]}}],"collection":[{"href":"https:\/\/semanasantaferrol.com\/gl\/wp-json\/wp\/v2\/posts"}],"about":[{"href":"https:\/\/semanasantaferrol.com\/gl\/wp-json\/wp\/v2\/types\/post"}],"author":[{"embeddable":true,"href":"https:\/\/semanasantaferrol.com\/gl\/wp-json\/wp\/v2\/users\/3"}],"replies":[{"embeddable":true,"href":"https:\/\/semanasantaferrol.com\/gl\/wp-json\/wp\/v2\/comments?post=12080"}],"version-history":[{"count":1,"href":"https:\/\/semanasantaferrol.com\/gl\/wp-json\/wp\/v2\/posts\/12080\/revisions"}],"predecessor-version":[{"id":12081,"href":"https:\/\/semanasantaferrol.com\/gl\/wp-json\/wp\/v2\/posts\/12080\/revisions\/12081"}],"wp:featuredmedia":[{"embeddable":true,"href":"https:\/\/semanasantaferrol.com\/gl\/wp-json\/wp\/v2\/media\/12079"}],"wp:attachment":[{"href":"https:\/\/semanasantaferrol.com\/gl\/wp-json\/wp\/v2\/media?parent=12080"}],"wp:term":[{"taxonomy":"category","embeddable":true,"href":"https:\/\/semanasantaferrol.com\/gl\/wp-json\/wp\/v2\/categories?post=12080"},{"taxonomy":"post_tag","embeddable":true,"href":"https:\/\/semanasantaferrol.com\/gl\/wp-json\/wp\/v2\/tags?post=12080"}],"curies":[{"name":"wp","href":"https:\/\/api.w.org\/{rel}","templated":true}]}}