{"id":12073,"date":"2026-04-01T08:03:52","date_gmt":"2026-04-01T08:03:52","guid":{"rendered":"https:\/\/semanasantaferrol.com\/?p=12073"},"modified":"2026-04-01T08:04:10","modified_gmt":"2026-04-01T08:04:10","slug":"xoves-santo-en-ferrol","status":"publish","type":"post","link":"https:\/\/semanasantaferrol.com\/gl\/xoves-santo-en-ferrol\/","title":{"rendered":"As tres procesi\u00f3ns do Xoves Santo en Ferrol: a m\u00e1is nova, a m\u00e1is longa e a m\u00e1is numerosa"},"content":{"rendered":"<p>O Xoves e o Venres Santo son os d\u00edas m\u00e1is importantes da Semana Santa de Ferrol, nos que se celebran as procesi\u00f3ns m\u00e1is multitudinarias e emocionantes. O pasado 2025, e para algunhas irmandades tam\u00e9n o anterior 2024, foron anos de frustraci\u00f3n nestas xornadas, de xeito que as tres confrar\u00edas que saen \u00e1 r\u00faa ma\u00f1\u00e1 te\u00f1en unha enorme ilusi\u00f3n. A Merc\u00e9, as Angustias e Dolores protagonizar\u00e1n as procesi\u00f3ns programadas para as 18.00, as 19.30 e as 23.00h, respectivamente.<\/p>\n<p>A primeira sa\u00edda \u00e9 a do Noso Pai Xes\u00fas da Humildade no Bico de Xudas, a m\u00e1is \u201cnova\u201d do programa da Semana Santa ferrol\u00e1, posto que a Confrar\u00eda da Merc\u00e9 instituiuna en 2024, co paso de misterio que compo\u00f1en as imaxes de Xes\u00fas e Xudas talladas para a irmandade pola imaxineira gaditana Ana Rey. En 2024 a ameaza de choiva obrigou a acurtar o percorrido e en 2025 suspendeuse, de xeito que a confrar\u00eda espera poder realizar este ano o itinerario completo, con maz\u00e1 de silencio inclu\u00edda. A sa\u00edda est\u00e1 prevista para as 18.00h e ir\u00e1 acompa\u00f1ada pola banda Acotaga, en cuxo repertorio est\u00e1 a marcha \u201cHumilitas Dei\u201d, creada para Xes\u00fas da Humildade.<\/p>\n<p>\u00c1s 19.30h comezar\u00e1 en Esteiro a procesi\u00f3n da Pontificia, Real e Ilustre Confrar\u00eda da Nosa Se\u00f1ora das Angustias, o desfile \u201ctitular\u201d da irmandade, que se viu frustrado nos dous \u00faltimos anos. \u00c9 o percorrido m\u00e1is longo de cantos se realizan na Semana Santa ferrol\u00e1 -suma uns 2,3km-, xa que vai primeiro polo barrio de Esteiro e penetra logo no da Magdalena. Saen nel as imaxes de Xes\u00fas Nazareno e o Cristo da Agon\u00eda, ambos de finais do s\u00e9culo XVIII e obra de Florencio Gambino, o Cristo Xacente de Guillermo Feal, de 1957, e Nosa Se\u00f1ora das Angustias, obra an\u00f3nima do s\u00e9culo XVIII e a \u00fanica virxe coroada canonicamente da Semana Santa de Ferrol. A Virxe sae nesta procesi\u00f3n co seu Fillo no colo. Tr\u00e1tase dunha imaxe de corpo enteiro, non de bastidor como adoitan ser as de vestir, e as s\u00faas articulaci\u00f3ns permiten dispo\u00f1ela de xeito diferente nesta procesi\u00f3n e na do S\u00e1bado Santo, cando vai soa. Cabe sinalar que os tronos da Confrar\u00eda das Angustias son moi grandes e pesados, o que imposibilita que sexan portados aos ombreiros. Todos os deste desfile van sobre carros motorizados.<\/p>\n<p>A procesi\u00f3n ir\u00e1 acompa\u00f1ada pola A.M. Nosa Se\u00f1ora do Nord\u00e9s (OJE); a Banda de Cornetas e Tambores das Angustias; a Banda Municipal de Oza-Cesuras; unha Capela musical co Cristo Xacente e a Unidade de M\u00fasica do Terzo Norte de Infanter\u00eda de Marina, que acostuma interpretar \u201cAngustias Coroada\u201d, a peza que lle dedicou \u00e1 imaxe o seu director Luis Garc\u00eda Cortizas, no momento da s\u00faa sa\u00edda do templo.<\/p>\n<p>A Confrar\u00eda de Dolores abrir\u00e1 puntual as portas da s\u00faa corral\u00f3n \u00e1s 23.00h, como sucedeu en 1945 cando se celebrou por primeira vez a procesi\u00f3n do Sant\u00edsimo Cristo da Misericordia. A irmandade saca \u00e1 r\u00faa nesta noite a procesi\u00f3n m\u00e1is numerosa de toda a Semana Santa de Ferrol: co maior n\u00famero de tronos, cinco, e uns mil confrades, a pr\u00e1ctica totalidade da irmandade. Por esta orde, saen do corral\u00f3n os pasos da Oraci\u00f3n en el Huerto, o de Jes\u00fas Cautivo -que estrear\u00e1 t\u00fanica de veludo cor berenxena, c\u00edngulo e cord\u00f3ns-, o Nazareno, o Cristo da Misericordia, o da Penitencia e a Virxe da Piedade. Esta \u00faltima estrear\u00e1 este ano unha saya a xogo co seu manto, ambas as pezas bordadas no taller do sevillano Enrique Carrascal.<\/p>\n<p>A procesi\u00f3n termina habitualmente pasadas as d\u00faas e media da madrugada e son moitos os fieis que se congregan \u00e1s portas da igrexa de Dolores para asistir \u00e1 retirada. A Banda de Nosa Se\u00f1ora do Nord\u00e9s (OJE); Acotaga; a AM da Virxe da Amargura, a CCTT Noso Pai Xes\u00fas Nazareno; a banda da Brilat de Pontevedra e a Xove Banda de Nar\u00f3n configuran o programa musical desta comitiva.<\/p>\n<h3>OUTROS ACTOS<\/h3>\n<p>A Confrar\u00eda de Dolores ten na tarde de cada Xoves Santo a cerimonia de entrega das s\u00faas Medallas de Oro. Este ano celebrarase no sal\u00f3n de recepci\u00f3ns do Concello de Ferrol, \u00e1s 19.15h, e as entidades reco\u00f1ecidas ser\u00e1n a Coci\u00f1a Econ\u00f3mica, a fundaci\u00f3n Abanca e a emisora Cope Ferrol.<\/p>\n<p>Antes, \u00e1s 18.00 horas, a Unidade de M\u00fasica da Brilat ofrecer\u00e1 un pequeno concerto na praza de Amboage, noutro acto que \u00e9 tam\u00e9n xa tradicional do Xoves Santo en Ferrol.<\/p>\n<p>Ademais, ao longo do Xoves Santo poder\u00e1 visitarse na concatedral de San Xiao a Santa Urna co Sant\u00edsimo Cristo do Santo Enterro.<\/p>\n<p>Durante a ma\u00f1\u00e1 do Xoves Santo, de 10.00 a 13.00h, estar\u00e1 exposto ao culto na capela da Merc\u00e9 o paso do Noso Pai Xes\u00fas da Humildade.<\/p>\n","protected":false},"excerpt":{"rendered":"<p>O Xoves e o Venres Santo son os d\u00edas m\u00e1is importantes da Semana Santa de Ferrol, nos que se celebran as procesi\u00f3ns m\u00e1is multitudinarias e emocionantes. O pasado 2025, e para algunhas irmandades tam\u00e9n o anterior 2024, foron anos de frustraci\u00f3n nestas xornadas, de xeito que as tres confrar\u00edas que saen \u00e1 r\u00faa ma\u00f1\u00e1 te\u00f1en [&hellip;]<\/p>\n","protected":false},"author":3,"featured_media":12072,"comment_status":"open","ping_status":"open","sticky":false,"template":"","format":"standard","meta":{"footnotes":""},"categories":[39],"tags":[],"class_list":["post-12073","post","type-post","status-publish","format-standard","has-post-thumbnail","hentry","category-xunta"],"yoast_head":"<!-- This site is optimized with the Yoast SEO plugin v27.5 - https:\/\/yoast.com\/product\/yoast-seo-wordpress\/ -->\n<title>As tres procesi\u00f3ns do Xoves Santo en Ferrol: a m\u00e1is nova, a m\u00e1is longa e a m\u00e1is numerosa - Junta General de Cofrad\u00edas y Hermandades<\/title>\n<meta name=\"robots\" content=\"index, follow, max-snippet:-1, max-image-preview:large, max-video-preview:-1\" \/>\n<link rel=\"canonical\" href=\"https:\/\/semanasantaferrol.com\/gl\/xoves-santo-en-ferrol\/\" \/>\n<meta property=\"og:locale\" content=\"gl_ES\" \/>\n<meta property=\"og:type\" content=\"article\" \/>\n<meta property=\"og:title\" content=\"As tres procesi\u00f3ns do Xoves Santo en Ferrol: a m\u00e1is nova, a m\u00e1is longa e a m\u00e1is numerosa - Junta General de Cofrad\u00edas y Hermandades\" \/>\n<meta property=\"og:description\" content=\"O Xoves e o Venres Santo son os d\u00edas m\u00e1is importantes da Semana Santa de Ferrol, nos que se celebran as procesi\u00f3ns m\u00e1is multitudinarias e emocionantes. O pasado 2025, e para algunhas irmandades tam\u00e9n o anterior 2024, foron anos de frustraci\u00f3n nestas xornadas, de xeito que as tres confrar\u00edas que saen \u00e1 r\u00faa ma\u00f1\u00e1 te\u00f1en [&hellip;]\" \/>\n<meta property=\"og:url\" content=\"https:\/\/semanasantaferrol.com\/gl\/xoves-santo-en-ferrol\/\" \/>\n<meta property=\"og:site_name\" content=\"Junta General de Cofrad\u00edas y Hermandades\" \/>\n<meta property=\"article:publisher\" content=\"https:\/\/www.facebook.com\/Juntageneraldecofradias\/\" \/>\n<meta property=\"article:published_time\" content=\"2026-04-01T08:03:52+00:00\" \/>\n<meta property=\"article:modified_time\" content=\"2026-04-01T08:04:10+00:00\" \/>\n<meta property=\"og:image\" content=\"https:\/\/semanasantaferrol.com\/wp-content\/uploads\/2026\/03\/12-Misericordia-scaled-e1774953531563.jpg\" \/>\n\t<meta property=\"og:image:width\" content=\"2223\" \/>\n\t<meta property=\"og:image:height\" content=\"1668\" \/>\n\t<meta property=\"og:image:type\" content=\"image\/jpeg\" \/>\n<meta name=\"author\" content=\"pingota\" \/>\n<meta name=\"twitter:card\" content=\"summary_large_image\" \/>\n<meta name=\"twitter:label1\" content=\"Escrito por\" \/>\n\t<meta name=\"twitter:data1\" content=\"pingota\" \/>\n\t<meta name=\"twitter:label2\" content=\"Tempo de lectura\" \/>\n\t<meta name=\"twitter:data2\" content=\"4 minutos\" \/>\n<script type=\"application\/ld+json\" class=\"yoast-schema-graph\">{\"@context\":\"https:\\\/\\\/schema.org\",\"@graph\":[{\"@type\":\"Article\",\"@id\":\"https:\\\/\\\/semanasantaferrol.com\\\/gl\\\/xoves-santo-en-ferrol\\\/#article\",\"isPartOf\":{\"@id\":\"https:\\\/\\\/semanasantaferrol.com\\\/gl\\\/xoves-santo-en-ferrol\\\/\"},\"author\":{\"name\":\"pingota\",\"@id\":\"https:\\\/\\\/semanasantaferrol.com\\\/gl\\\/#\\\/schema\\\/person\\\/cdd132690f08f75a35f05e2423e6307c\"},\"headline\":\"As tres procesi\u00f3ns do Xoves Santo en Ferrol: a m\u00e1is nova, a m\u00e1is longa e a m\u00e1is numerosa\",\"datePublished\":\"2026-04-01T08:03:52+00:00\",\"dateModified\":\"2026-04-01T08:04:10+00:00\",\"mainEntityOfPage\":{\"@id\":\"https:\\\/\\\/semanasantaferrol.com\\\/gl\\\/xoves-santo-en-ferrol\\\/\"},\"wordCount\":857,\"commentCount\":0,\"publisher\":{\"@id\":\"https:\\\/\\\/semanasantaferrol.com\\\/gl\\\/#organization\"},\"image\":{\"@id\":\"https:\\\/\\\/semanasantaferrol.com\\\/gl\\\/xoves-santo-en-ferrol\\\/#primaryimage\"},\"thumbnailUrl\":\"https:\\\/\\\/semanasantaferrol.com\\\/wp-content\\\/uploads\\\/2026\\\/03\\\/12-Misericordia-scaled-e1774953531563.jpg\",\"articleSection\":[\"Xunta\"],\"inLanguage\":\"gl-ES\",\"potentialAction\":[{\"@type\":\"CommentAction\",\"name\":\"Comment\",\"target\":[\"https:\\\/\\\/semanasantaferrol.com\\\/gl\\\/xoves-santo-en-ferrol\\\/#respond\"]}]},{\"@type\":\"WebPage\",\"@id\":\"https:\\\/\\\/semanasantaferrol.com\\\/gl\\\/xoves-santo-en-ferrol\\\/\",\"url\":\"https:\\\/\\\/semanasantaferrol.com\\\/gl\\\/xoves-santo-en-ferrol\\\/\",\"name\":\"As tres procesi\u00f3ns do Xoves Santo en Ferrol: a m\u00e1is nova, a m\u00e1is longa e a m\u00e1is numerosa - Junta General de Cofrad\u00edas y Hermandades\",\"isPartOf\":{\"@id\":\"https:\\\/\\\/semanasantaferrol.com\\\/gl\\\/#website\"},\"primaryImageOfPage\":{\"@id\":\"https:\\\/\\\/semanasantaferrol.com\\\/gl\\\/xoves-santo-en-ferrol\\\/#primaryimage\"},\"image\":{\"@id\":\"https:\\\/\\\/semanasantaferrol.com\\\/gl\\\/xoves-santo-en-ferrol\\\/#primaryimage\"},\"thumbnailUrl\":\"https:\\\/\\\/semanasantaferrol.com\\\/wp-content\\\/uploads\\\/2026\\\/03\\\/12-Misericordia-scaled-e1774953531563.jpg\",\"datePublished\":\"2026-04-01T08:03:52+00:00\",\"dateModified\":\"2026-04-01T08:04:10+00:00\",\"breadcrumb\":{\"@id\":\"https:\\\/\\\/semanasantaferrol.com\\\/gl\\\/xoves-santo-en-ferrol\\\/#breadcrumb\"},\"inLanguage\":\"gl-ES\",\"potentialAction\":[{\"@type\":\"ReadAction\",\"target\":[\"https:\\\/\\\/semanasantaferrol.com\\\/gl\\\/xoves-santo-en-ferrol\\\/\"]}]},{\"@type\":\"ImageObject\",\"inLanguage\":\"gl-ES\",\"@id\":\"https:\\\/\\\/semanasantaferrol.com\\\/gl\\\/xoves-santo-en-ferrol\\\/#primaryimage\",\"url\":\"https:\\\/\\\/semanasantaferrol.com\\\/wp-content\\\/uploads\\\/2026\\\/03\\\/12-Misericordia-scaled-e1774953531563.jpg\",\"contentUrl\":\"https:\\\/\\\/semanasantaferrol.com\\\/wp-content\\\/uploads\\\/2026\\\/03\\\/12-Misericordia-scaled-e1774953531563.jpg\",\"width\":2223,\"height\":1668},{\"@type\":\"BreadcrumbList\",\"@id\":\"https:\\\/\\\/semanasantaferrol.com\\\/gl\\\/xoves-santo-en-ferrol\\\/#breadcrumb\",\"itemListElement\":[{\"@type\":\"ListItem\",\"position\":1,\"name\":\"Portada\",\"item\":\"https:\\\/\\\/semanasantaferrol.com\\\/gl\\\/\"},{\"@type\":\"ListItem\",\"position\":2,\"name\":\"As tres procesi\u00f3ns do Xoves Santo en Ferrol: a m\u00e1is nova, a m\u00e1is longa e a m\u00e1is numerosa\"}]},{\"@type\":\"WebSite\",\"@id\":\"https:\\\/\\\/semanasantaferrol.com\\\/gl\\\/#website\",\"url\":\"https:\\\/\\\/semanasantaferrol.com\\\/gl\\\/\",\"name\":\"Junta General de Cofrad\u00edas y Hermandades\",\"description\":\"Semana Santa de Ferrol\",\"publisher\":{\"@id\":\"https:\\\/\\\/semanasantaferrol.com\\\/gl\\\/#organization\"},\"alternateName\":\"Semana Santa de Ferrol\",\"potentialAction\":[{\"@type\":\"SearchAction\",\"target\":{\"@type\":\"EntryPoint\",\"urlTemplate\":\"https:\\\/\\\/semanasantaferrol.com\\\/gl\\\/?s={search_term_string}\"},\"query-input\":{\"@type\":\"PropertyValueSpecification\",\"valueRequired\":true,\"valueName\":\"search_term_string\"}}],\"inLanguage\":\"gl-ES\"},{\"@type\":\"Organization\",\"@id\":\"https:\\\/\\\/semanasantaferrol.com\\\/gl\\\/#organization\",\"name\":\"Junta General de Cofrad\u00edas y Hermandades de la Semana Santa de Ferrol\",\"alternateName\":\"Junta de Cofrad\u00edas de la Semana Santa de Ferrol\",\"url\":\"https:\\\/\\\/semanasantaferrol.com\\\/gl\\\/\",\"logo\":{\"@type\":\"ImageObject\",\"inLanguage\":\"gl-ES\",\"@id\":\"https:\\\/\\\/semanasantaferrol.com\\\/gl\\\/#\\\/schema\\\/logo\\\/image\\\/\",\"url\":\"https:\\\/\\\/semanasantaferrol.com\\\/wp-content\\\/uploads\\\/2022\\\/10\\\/junta_general_logo.svg\",\"contentUrl\":\"https:\\\/\\\/semanasantaferrol.com\\\/wp-content\\\/uploads\\\/2022\\\/10\\\/junta_general_logo.svg\",\"width\":600,\"height\":790,\"caption\":\"Junta General de Cofrad\u00edas y Hermandades de la Semana Santa de Ferrol\"},\"image\":{\"@id\":\"https:\\\/\\\/semanasantaferrol.com\\\/gl\\\/#\\\/schema\\\/logo\\\/image\\\/\"},\"sameAs\":[\"https:\\\/\\\/www.facebook.com\\\/Juntageneraldecofradias\\\/\",\"https:\\\/\\\/www.instagram.com\\\/juntageneralcofradiasferrol\\\/\",\"https:\\\/\\\/www.youtube.com\\\/@semanasantadeferrol1616\",\"https:\\\/\\\/www.tiktok.com\\\/@semanasantadeferrol\"]},{\"@type\":\"Person\",\"@id\":\"https:\\\/\\\/semanasantaferrol.com\\\/gl\\\/#\\\/schema\\\/person\\\/cdd132690f08f75a35f05e2423e6307c\",\"name\":\"pingota\",\"image\":{\"@type\":\"ImageObject\",\"inLanguage\":\"gl-ES\",\"@id\":\"https:\\\/\\\/secure.gravatar.com\\\/avatar\\\/b1bb79ecdfb8d6f4c44a82262f8b422faeb290304fc5c6f8b9b4305bfaa2853c?s=96&d=mm&r=g\",\"url\":\"https:\\\/\\\/secure.gravatar.com\\\/avatar\\\/b1bb79ecdfb8d6f4c44a82262f8b422faeb290304fc5c6f8b9b4305bfaa2853c?s=96&d=mm&r=g\",\"contentUrl\":\"https:\\\/\\\/secure.gravatar.com\\\/avatar\\\/b1bb79ecdfb8d6f4c44a82262f8b422faeb290304fc5c6f8b9b4305bfaa2853c?s=96&d=mm&r=g\",\"caption\":\"pingota\"},\"url\":\"https:\\\/\\\/semanasantaferrol.com\\\/gl\"}]}<\/script>\n<!-- \/ Yoast SEO plugin. -->","yoast_head_json":{"title":"As tres procesi\u00f3ns do Xoves Santo en Ferrol: a m\u00e1is nova, a m\u00e1is longa e a m\u00e1is numerosa - Junta General de Cofrad\u00edas y Hermandades","robots":{"index":"index","follow":"follow","max-snippet":"max-snippet:-1","max-image-preview":"max-image-preview:large","max-video-preview":"max-video-preview:-1"},"canonical":"https:\/\/semanasantaferrol.com\/gl\/xoves-santo-en-ferrol\/","og_locale":"gl_ES","og_type":"article","og_title":"As tres procesi\u00f3ns do Xoves Santo en Ferrol: a m\u00e1is nova, a m\u00e1is longa e a m\u00e1is numerosa - Junta General de Cofrad\u00edas y Hermandades","og_description":"O Xoves e o Venres Santo son os d\u00edas m\u00e1is importantes da Semana Santa de Ferrol, nos que se celebran as procesi\u00f3ns m\u00e1is multitudinarias e emocionantes. O pasado 2025, e para algunhas irmandades tam\u00e9n o anterior 2024, foron anos de frustraci\u00f3n nestas xornadas, de xeito que as tres confrar\u00edas que saen \u00e1 r\u00faa ma\u00f1\u00e1 te\u00f1en [&hellip;]","og_url":"https:\/\/semanasantaferrol.com\/gl\/xoves-santo-en-ferrol\/","og_site_name":"Junta General de Cofrad\u00edas y Hermandades","article_publisher":"https:\/\/www.facebook.com\/Juntageneraldecofradias\/","article_published_time":"2026-04-01T08:03:52+00:00","article_modified_time":"2026-04-01T08:04:10+00:00","og_image":[{"width":2223,"height":1668,"url":"https:\/\/semanasantaferrol.com\/wp-content\/uploads\/2026\/03\/12-Misericordia-scaled-e1774953531563.jpg","type":"image\/jpeg"}],"author":"pingota","twitter_card":"summary_large_image","twitter_misc":{"Escrito por":"pingota","Tempo de lectura":"4 minutos"},"schema":{"@context":"https:\/\/schema.org","@graph":[{"@type":"Article","@id":"https:\/\/semanasantaferrol.com\/gl\/xoves-santo-en-ferrol\/#article","isPartOf":{"@id":"https:\/\/semanasantaferrol.com\/gl\/xoves-santo-en-ferrol\/"},"author":{"name":"pingota","@id":"https:\/\/semanasantaferrol.com\/gl\/#\/schema\/person\/cdd132690f08f75a35f05e2423e6307c"},"headline":"As tres procesi\u00f3ns do Xoves Santo en Ferrol: a m\u00e1is nova, a m\u00e1is longa e a m\u00e1is numerosa","datePublished":"2026-04-01T08:03:52+00:00","dateModified":"2026-04-01T08:04:10+00:00","mainEntityOfPage":{"@id":"https:\/\/semanasantaferrol.com\/gl\/xoves-santo-en-ferrol\/"},"wordCount":857,"commentCount":0,"publisher":{"@id":"https:\/\/semanasantaferrol.com\/gl\/#organization"},"image":{"@id":"https:\/\/semanasantaferrol.com\/gl\/xoves-santo-en-ferrol\/#primaryimage"},"thumbnailUrl":"https:\/\/semanasantaferrol.com\/wp-content\/uploads\/2026\/03\/12-Misericordia-scaled-e1774953531563.jpg","articleSection":["Xunta"],"inLanguage":"gl-ES","potentialAction":[{"@type":"CommentAction","name":"Comment","target":["https:\/\/semanasantaferrol.com\/gl\/xoves-santo-en-ferrol\/#respond"]}]},{"@type":"WebPage","@id":"https:\/\/semanasantaferrol.com\/gl\/xoves-santo-en-ferrol\/","url":"https:\/\/semanasantaferrol.com\/gl\/xoves-santo-en-ferrol\/","name":"As tres procesi\u00f3ns do Xoves Santo en Ferrol: a m\u00e1is nova, a m\u00e1is longa e a m\u00e1is numerosa - Junta General de Cofrad\u00edas y Hermandades","isPartOf":{"@id":"https:\/\/semanasantaferrol.com\/gl\/#website"},"primaryImageOfPage":{"@id":"https:\/\/semanasantaferrol.com\/gl\/xoves-santo-en-ferrol\/#primaryimage"},"image":{"@id":"https:\/\/semanasantaferrol.com\/gl\/xoves-santo-en-ferrol\/#primaryimage"},"thumbnailUrl":"https:\/\/semanasantaferrol.com\/wp-content\/uploads\/2026\/03\/12-Misericordia-scaled-e1774953531563.jpg","datePublished":"2026-04-01T08:03:52+00:00","dateModified":"2026-04-01T08:04:10+00:00","breadcrumb":{"@id":"https:\/\/semanasantaferrol.com\/gl\/xoves-santo-en-ferrol\/#breadcrumb"},"inLanguage":"gl-ES","potentialAction":[{"@type":"ReadAction","target":["https:\/\/semanasantaferrol.com\/gl\/xoves-santo-en-ferrol\/"]}]},{"@type":"ImageObject","inLanguage":"gl-ES","@id":"https:\/\/semanasantaferrol.com\/gl\/xoves-santo-en-ferrol\/#primaryimage","url":"https:\/\/semanasantaferrol.com\/wp-content\/uploads\/2026\/03\/12-Misericordia-scaled-e1774953531563.jpg","contentUrl":"https:\/\/semanasantaferrol.com\/wp-content\/uploads\/2026\/03\/12-Misericordia-scaled-e1774953531563.jpg","width":2223,"height":1668},{"@type":"BreadcrumbList","@id":"https:\/\/semanasantaferrol.com\/gl\/xoves-santo-en-ferrol\/#breadcrumb","itemListElement":[{"@type":"ListItem","position":1,"name":"Portada","item":"https:\/\/semanasantaferrol.com\/gl\/"},{"@type":"ListItem","position":2,"name":"As tres procesi\u00f3ns do Xoves Santo en Ferrol: a m\u00e1is nova, a m\u00e1is longa e a m\u00e1is numerosa"}]},{"@type":"WebSite","@id":"https:\/\/semanasantaferrol.com\/gl\/#website","url":"https:\/\/semanasantaferrol.com\/gl\/","name":"Junta General de Cofrad\u00edas y Hermandades","description":"Semana Santa de Ferrol","publisher":{"@id":"https:\/\/semanasantaferrol.com\/gl\/#organization"},"alternateName":"Semana Santa de Ferrol","potentialAction":[{"@type":"SearchAction","target":{"@type":"EntryPoint","urlTemplate":"https:\/\/semanasantaferrol.com\/gl\/?s={search_term_string}"},"query-input":{"@type":"PropertyValueSpecification","valueRequired":true,"valueName":"search_term_string"}}],"inLanguage":"gl-ES"},{"@type":"Organization","@id":"https:\/\/semanasantaferrol.com\/gl\/#organization","name":"Junta General de Cofrad\u00edas y Hermandades de la Semana Santa de Ferrol","alternateName":"Junta de Cofrad\u00edas de la Semana Santa de Ferrol","url":"https:\/\/semanasantaferrol.com\/gl\/","logo":{"@type":"ImageObject","inLanguage":"gl-ES","@id":"https:\/\/semanasantaferrol.com\/gl\/#\/schema\/logo\/image\/","url":"https:\/\/semanasantaferrol.com\/wp-content\/uploads\/2022\/10\/junta_general_logo.svg","contentUrl":"https:\/\/semanasantaferrol.com\/wp-content\/uploads\/2022\/10\/junta_general_logo.svg","width":600,"height":790,"caption":"Junta General de Cofrad\u00edas y Hermandades de la Semana Santa de Ferrol"},"image":{"@id":"https:\/\/semanasantaferrol.com\/gl\/#\/schema\/logo\/image\/"},"sameAs":["https:\/\/www.facebook.com\/Juntageneraldecofradias\/","https:\/\/www.instagram.com\/juntageneralcofradiasferrol\/","https:\/\/www.youtube.com\/@semanasantadeferrol1616","https:\/\/www.tiktok.com\/@semanasantadeferrol"]},{"@type":"Person","@id":"https:\/\/semanasantaferrol.com\/gl\/#\/schema\/person\/cdd132690f08f75a35f05e2423e6307c","name":"pingota","image":{"@type":"ImageObject","inLanguage":"gl-ES","@id":"https:\/\/secure.gravatar.com\/avatar\/b1bb79ecdfb8d6f4c44a82262f8b422faeb290304fc5c6f8b9b4305bfaa2853c?s=96&d=mm&r=g","url":"https:\/\/secure.gravatar.com\/avatar\/b1bb79ecdfb8d6f4c44a82262f8b422faeb290304fc5c6f8b9b4305bfaa2853c?s=96&d=mm&r=g","contentUrl":"https:\/\/secure.gravatar.com\/avatar\/b1bb79ecdfb8d6f4c44a82262f8b422faeb290304fc5c6f8b9b4305bfaa2853c?s=96&d=mm&r=g","caption":"pingota"},"url":"https:\/\/semanasantaferrol.com\/gl"}]}},"_links":{"self":[{"href":"https:\/\/semanasantaferrol.com\/gl\/wp-json\/wp\/v2\/posts\/12073","targetHints":{"allow":["GET"]}}],"collection":[{"href":"https:\/\/semanasantaferrol.com\/gl\/wp-json\/wp\/v2\/posts"}],"about":[{"href":"https:\/\/semanasantaferrol.com\/gl\/wp-json\/wp\/v2\/types\/post"}],"author":[{"embeddable":true,"href":"https:\/\/semanasantaferrol.com\/gl\/wp-json\/wp\/v2\/users\/3"}],"replies":[{"embeddable":true,"href":"https:\/\/semanasantaferrol.com\/gl\/wp-json\/wp\/v2\/comments?post=12073"}],"version-history":[{"count":1,"href":"https:\/\/semanasantaferrol.com\/gl\/wp-json\/wp\/v2\/posts\/12073\/revisions"}],"predecessor-version":[{"id":12074,"href":"https:\/\/semanasantaferrol.com\/gl\/wp-json\/wp\/v2\/posts\/12073\/revisions\/12074"}],"wp:featuredmedia":[{"embeddable":true,"href":"https:\/\/semanasantaferrol.com\/gl\/wp-json\/wp\/v2\/media\/12072"}],"wp:attachment":[{"href":"https:\/\/semanasantaferrol.com\/gl\/wp-json\/wp\/v2\/media?parent=12073"}],"wp:term":[{"taxonomy":"category","embeddable":true,"href":"https:\/\/semanasantaferrol.com\/gl\/wp-json\/wp\/v2\/categories?post=12073"},{"taxonomy":"post_tag","embeddable":true,"href":"https:\/\/semanasantaferrol.com\/gl\/wp-json\/wp\/v2\/tags?post=12073"}],"curies":[{"name":"wp","href":"https:\/\/api.w.org\/{rel}","templated":true}]}}